{"id":21810,"date":"2021-03-16T08:07:16","date_gmt":"2021-03-16T12:07:16","guid":{"rendered":"http:\/\/www.mpppst.gob.ve\/mpppstweb\/?p=21810"},"modified":"2021-03-16T08:07:17","modified_gmt":"2021-03-16T12:07:17","slug":"intensifican-medidas-de-bioseguridad-y-protocolos-ante-cerco-epidemiologico-en-caracas","status":"publish","type":"post","link":"https:\/\/www.mpppst.gob.ve\/mpppstweb\/index.php\/2021\/03\/16\/intensifican-medidas-de-bioseguridad-y-protocolos-ante-cerco-epidemiologico-en-caracas\/","title":{"rendered":"Intensifican medidas de bioseguridad y protocolos ante cerco epidemiol\u00f3gico en Caracas"},"content":{"rendered":"\n<p>La alcaldesa del Municipio Bolivariano Libertador, Erika Far\u00edas, inform\u00f3 que en las 9 parroquias con mayor incidencia de casos (Sucre, El Valle, Altagracia, Coche, El Recreo, Caricuao, La Vega, San Juan y San Pedro) se ha definido un cerco epidemiol\u00f3gico y est\u00e1n realizando la pesquisa focalizada para detectar casos positivos y cortar la cadena de transmisi\u00f3n de la COVID-19.<\/p>\n\n\n\n<p>Indic\u00f3 adem\u00e1s que el Gobierno Nacional est\u00e1 intensificando los esfuerzos por brindarle a la poblaci\u00f3n atenci\u00f3n de calidad y ha comenzado a ampliar su capacidad hospitalaria en Caracas para atender a los casos positivos.<\/p>\n\n\n\n<p>Tambi\u00e9n se\u00f1al\u00f3 que se han puesto a disposici\u00f3n de la poblaci\u00f3n el n\u00famero VEN911 y la mensajer\u00eda de texto a trav\u00e9s del 04122875265, donde se puede reportar cualquier situaci\u00f3n asociada a la COVID-19.<\/p>\n\n\n\n<p>Far\u00edas hizo un llamado a la poblaci\u00f3n a acudir al centro de salud m\u00e1s cercano ante cualquier s\u00edntoma asociado a la Covid-19. \u201cTodo caso positivo tiene que estar bajo atenci\u00f3n y supervisi\u00f3n m\u00e9dica, recibiendo tratamiento\u201d, enfatiz\u00f3.<\/p>\n\n\n\n<p>Exhort\u00f3 a la poblaci\u00f3n caraque\u00f1a a cumplir y respetar los protocolos y medidas de bioseguridad, uso correcto del tapaboca, lavado frecuente de manos y distanciamiento social. En cuanto a la presencia de la variante brasile\u00f1a P.1, la Alcaldesa inform\u00f3 que la misma es m\u00e1s contagiosa por tener una carga viral superior, \u201cesta particularidad puede, si no lo controlamos, aumentar el porcentaje de letalidad\u201d.<\/p>\n\n\n\n<p>Por su parte el comandante de la Zona Operativa de Defensa Integral (ZODI) Capital, G\/D Javier Jos\u00e9 Marcano T\u00e1bata, inform\u00f3 que en los 179 puntos de atenci\u00f3n al ciudadano activos en la ciudad se encuentran desplegados 18 mil efectivos de la Fuerza Armada Nacional Bolivariana, Milicia Bolivariano y los organismos de seguridad ciudadana.<\/p>\n","protected":false},"excerpt":{"rendered":"<p>La alcaldesa del Municipio Bolivariano Libertador, Erika Far\u00edas, inform\u00f3 que en las 9 parroquias con mayor &hellip; <a title=\"Intensifican medidas de bioseguridad y protocolos ante cerco epidemiol\u00f3gico en Caracas\" class=\"hm-read-more\" href=\"https:\/\/www.mpppst.gob.ve\/mpppstweb\/index.php\/2021\/03\/16\/intensifican-medidas-de-bioseguridad-y-protocolos-ante-cerco-epidemiologico-en-caracas\/\"><span class=\"screen-reader-text\">Intensifican medidas de bioseguridad y protocolos ante cerco epidemiol\u00f3gico en Caracas<\/span>Read more<\/a><\/p>\n","protected":false},"author":25,"featured_media":21811,"comment_status":"closed","ping_status":"closed","sticky":false,"template":"","format":"standard","meta":{"footnotes":""},"categories":[82,163],"tags":[],"yoast_head":"<!-- This site is optimized with the Yoast SEO plugin v22.5 - https:\/\/yoast.com\/wordpress\/plugins\/seo\/ -->\n<title>Intensifican medidas de bioseguridad y protocolos ante cerco epidemiol\u00f3gico en Caracas - MPPPST<\/title>\n<meta name=\"robots\" content=\"index, follow, max-snippet:-1, max-image-preview:large, max-video-preview:-1\" \/>\n<link rel=\"canonical\" href=\"https:\/\/www.mpppst.gob.ve\/mpppstweb\/index.php\/2021\/03\/16\/intensifican-medidas-de-bioseguridad-y-protocolos-ante-cerco-epidemiologico-en-caracas\/\" \/>\n<meta property=\"og:locale\" content=\"es_ES\" \/>\n<meta property=\"og:type\" content=\"article\" \/>\n<meta property=\"og:title\" content=\"Intensifican medidas de bioseguridad y protocolos ante cerco epidemiol\u00f3gico en Caracas - MPPPST\" \/>\n<meta property=\"og:description\" content=\"La alcaldesa del Municipio Bolivariano Libertador, Erika Far\u00edas, inform\u00f3 que en las 9 parroquias con mayor &hellip; Intensifican medidas de bioseguridad y protocolos ante cerco epidemiol\u00f3gico en CaracasRead more\" \/>\n<meta property=\"og:url\" content=\"https:\/\/www.mpppst.gob.ve\/mpppstweb\/index.php\/2021\/03\/16\/intensifican-medidas-de-bioseguridad-y-protocolos-ante-cerco-epidemiologico-en-caracas\/\" \/>\n<meta property=\"og:site_name\" content=\"MPPPST\" \/>\n<meta property=\"article:published_time\" content=\"2021-03-16T12:07:16+00:00\" \/>\n<meta property=\"article:modified_time\" content=\"2021-03-16T12:07:17+00:00\" \/>\n<meta property=\"og:image\" content=\"https:\/\/www.mpppst.gob.ve\/mpppstweb\/wp-content\/uploads\/2021\/03\/intensifican-medidas-bioseguridad-protocolos-cerco-epidemiologico-caracas-768x427-1.jpg\" \/>\n\t<meta property=\"og:image:width\" content=\"768\" \/>\n\t<meta property=\"og:image:height\" content=\"427\" \/>\n\t<meta property=\"og:image:type\" content=\"image\/jpeg\" \/>\n<meta name=\"author\" content=\"MPPPST Prensa\" \/>\n<meta name=\"twitter:card\" content=\"summary_large_image\" \/>\n<meta name=\"twitter:label1\" content=\"Escrito por\" \/>\n\t<meta name=\"twitter:data1\" content=\"MPPPST Prensa\" \/>\n\t<meta name=\"twitter:label2\" content=\"Tiempo de lectura\" \/>\n\t<meta name=\"twitter:data2\" content=\"2 minutos\" \/>\n<script type=\"application\/ld+json\" class=\"yoast-schema-graph\">{\"@context\":\"https:\/\/schema.org\",\"@graph\":[{\"@type\":\"Article\",\"@id\":\"https:\/\/www.mpppst.gob.ve\/mpppstweb\/index.php\/2021\/03\/16\/intensifican-medidas-de-bioseguridad-y-protocolos-ante-cerco-epidemiologico-en-caracas\/#article\",\"isPartOf\":{\"@id\":\"https:\/\/www.mpppst.gob.ve\/mpppstweb\/index.php\/2021\/03\/16\/intensifican-medidas-de-bioseguridad-y-protocolos-ante-cerco-epidemiologico-en-caracas\/\"},\"author\":{\"name\":\"MPPPST Prensa\",\"@id\":\"https:\/\/www.mpppst.gob.ve\/mpppstweb\/#\/schema\/person\/fc187ee8ead412bd4c9304b62f900ea4\"},\"headline\":\"Intensifican medidas de bioseguridad y protocolos ante cerco epidemiol\u00f3gico en Caracas\",\"datePublished\":\"2021-03-16T12:07:16+00:00\",\"dateModified\":\"2021-03-16T12:07:17+00:00\",\"mainEntityOfPage\":{\"@id\":\"https:\/\/www.mpppst.gob.ve\/mpppstweb\/index.php\/2021\/03\/16\/intensifican-medidas-de-bioseguridad-y-protocolos-ante-cerco-epidemiologico-en-caracas\/\"},\"wordCount\":315,\"publisher\":{\"@id\":\"https:\/\/www.mpppst.gob.ve\/mpppstweb\/#organization\"},\"image\":{\"@id\":\"https:\/\/www.mpppst.gob.ve\/mpppstweb\/index.php\/2021\/03\/16\/intensifican-medidas-de-bioseguridad-y-protocolos-ante-cerco-epidemiologico-en-caracas\/#primaryimage\"},\"thumbnailUrl\":\"https:\/\/www.mpppst.gob.ve\/mpppstweb\/wp-content\/uploads\/2021\/03\/intensifican-medidas-bioseguridad-protocolos-cerco-epidemiologico-caracas-768x427-1.jpg\",\"articleSection\":[\"Gobierno Nacional\",\"Noticias\"],\"inLanguage\":\"es\"},{\"@type\":\"WebPage\",\"@id\":\"https:\/\/www.mpppst.gob.ve\/mpppstweb\/index.php\/2021\/03\/16\/intensifican-medidas-de-bioseguridad-y-protocolos-ante-cerco-epidemiologico-en-caracas\/\",\"url\":\"https:\/\/www.mpppst.gob.ve\/mpppstweb\/index.php\/2021\/03\/16\/intensifican-medidas-de-bioseguridad-y-protocolos-ante-cerco-epidemiologico-en-caracas\/\",\"name\":\"Intensifican medidas de bioseguridad y protocolos ante cerco epidemiol\u00f3gico en Caracas - MPPPST\",\"isPartOf\":{\"@id\":\"https:\/\/www.mpppst.gob.ve\/mpppstweb\/#website\"},\"primaryImageOfPage\":{\"@id\":\"https:\/\/www.mpppst.gob.ve\/mpppstweb\/index.php\/2021\/03\/16\/intensifican-medidas-de-bioseguridad-y-protocolos-ante-cerco-epidemiologico-en-caracas\/#primaryimage\"},\"image\":{\"@id\":\"https:\/\/www.mpppst.gob.ve\/mpppstweb\/index.php\/2021\/03\/16\/intensifican-medidas-de-bioseguridad-y-protocolos-ante-cerco-epidemiologico-en-caracas\/#primaryimage\"},\"thumbnailUrl\":\"https:\/\/www.mpppst.gob.ve\/mpppstweb\/wp-content\/uploads\/2021\/03\/intensifican-medidas-bioseguridad-protocolos-cerco-epidemiologico-caracas-768x427-1.jpg\",\"datePublished\":\"2021-03-16T12:07:16+00:00\",\"dateModified\":\"2021-03-16T12:07:17+00:00\",\"breadcrumb\":{\"@id\":\"https:\/\/www.mpppst.gob.ve\/mpppstweb\/index.php\/2021\/03\/16\/intensifican-medidas-de-bioseguridad-y-protocolos-ante-cerco-epidemiologico-en-caracas\/#breadcrumb\"},\"inLanguage\":\"es\",\"potentialAction\":[{\"@type\":\"ReadAction\",\"target\":[\"https:\/\/www.mpppst.gob.ve\/mpppstweb\/index.php\/2021\/03\/16\/intensifican-medidas-de-bioseguridad-y-protocolos-ante-cerco-epidemiologico-en-caracas\/\"]}]},{\"@type\":\"ImageObject\",\"inLanguage\":\"es\",\"@id\":\"https:\/\/www.mpppst.gob.ve\/mpppstweb\/index.php\/2021\/03\/16\/intensifican-medidas-de-bioseguridad-y-protocolos-ante-cerco-epidemiologico-en-caracas\/#primaryimage\",\"url\":\"https:\/\/www.mpppst.gob.ve\/mpppstweb\/wp-content\/uploads\/2021\/03\/intensifican-medidas-bioseguridad-protocolos-cerco-epidemiologico-caracas-768x427-1.jpg\",\"contentUrl\":\"https:\/\/www.mpppst.gob.ve\/mpppstweb\/wp-content\/uploads\/2021\/03\/intensifican-medidas-bioseguridad-protocolos-cerco-epidemiologico-caracas-768x427-1.jpg\",\"width\":768,\"height\":427},{\"@type\":\"BreadcrumbList\",\"@id\":\"https:\/\/www.mpppst.gob.ve\/mpppstweb\/index.php\/2021\/03\/16\/intensifican-medidas-de-bioseguridad-y-protocolos-ante-cerco-epidemiologico-en-caracas\/#breadcrumb\",\"itemListElement\":[{\"@type\":\"ListItem\",\"position\":1,\"name\":\"Home\",\"item\":\"https:\/\/www.mpppst.gob.ve\/mpppstweb\/\"},{\"@type\":\"ListItem\",\"position\":2,\"name\":\"Intensifican medidas de bioseguridad y protocolos ante cerco epidemiol\u00f3gico en Caracas\"}]},{\"@type\":\"WebSite\",\"@id\":\"https:\/\/www.mpppst.gob.ve\/mpppstweb\/#website\",\"url\":\"https:\/\/www.mpppst.gob.ve\/mpppstweb\/\",\"name\":\"MPPPST\",\"description\":\"Ministerio del Poder Popular para el Proceso Social de Trabajo\",\"publisher\":{\"@id\":\"https:\/\/www.mpppst.gob.ve\/mpppstweb\/#organization\"},\"potentialAction\":[{\"@type\":\"SearchAction\",\"target\":{\"@type\":\"EntryPoint\",\"urlTemplate\":\"https:\/\/www.mpppst.gob.ve\/mpppstweb\/?s={search_term_string}\"},\"query-input\":\"required name=search_term_string\"}],\"inLanguage\":\"es\"},{\"@type\":\"Organization\",\"@id\":\"https:\/\/www.mpppst.gob.ve\/mpppstweb\/#organization\",\"name\":\"mpppst\",\"url\":\"https:\/\/www.mpppst.gob.ve\/mpppstweb\/\",\"logo\":{\"@type\":\"ImageObject\",\"inLanguage\":\"es\",\"@id\":\"https:\/\/www.mpppst.gob.ve\/mpppstweb\/#\/schema\/logo\/image\/\",\"url\":\"https:\/\/www.mpppst.gob.ve\/mpppstweb\/wp-content\/uploads\/2025\/07\/cropped-cropped-g910.png\",\"contentUrl\":\"https:\/\/www.mpppst.gob.ve\/mpppstweb\/wp-content\/uploads\/2025\/07\/cropped-cropped-g910.png\",\"width\":1080,\"height\":241,\"caption\":\"mpppst\"},\"image\":{\"@id\":\"https:\/\/www.mpppst.gob.ve\/mpppstweb\/#\/schema\/logo\/image\/\"}},{\"@type\":\"Person\",\"@id\":\"https:\/\/www.mpppst.gob.ve\/mpppstweb\/#\/schema\/person\/fc187ee8ead412bd4c9304b62f900ea4\",\"name\":\"MPPPST Prensa\",\"url\":\"https:\/\/www.mpppst.gob.ve\/mpppstweb\/index.php\/author\/prensa-mpppst\/\"}]}<\/script>\n<!-- \/ Yoast SEO plugin. -->","yoast_head_json":{"title":"Intensifican medidas de bioseguridad y protocolos ante cerco epidemiol\u00f3gico en Caracas - MPPPST","robots":{"index":"index","follow":"follow","max-snippet":"max-snippet:-1","max-image-preview":"max-image-preview:large","max-video-preview":"max-video-preview:-1"},"canonical":"https:\/\/www.mpppst.gob.ve\/mpppstweb\/index.php\/2021\/03\/16\/intensifican-medidas-de-bioseguridad-y-protocolos-ante-cerco-epidemiologico-en-caracas\/","og_locale":"es_ES","og_type":"article","og_title":"Intensifican medidas de bioseguridad y protocolos ante cerco epidemiol\u00f3gico en Caracas - MPPPST","og_description":"La alcaldesa del Municipio Bolivariano Libertador, Erika Far\u00edas, inform\u00f3 que en las 9 parroquias con mayor &hellip; Intensifican medidas de bioseguridad y protocolos ante cerco epidemiol\u00f3gico en CaracasRead more","og_url":"https:\/\/www.mpppst.gob.ve\/mpppstweb\/index.php\/2021\/03\/16\/intensifican-medidas-de-bioseguridad-y-protocolos-ante-cerco-epidemiologico-en-caracas\/","og_site_name":"MPPPST","article_published_time":"2021-03-16T12:07:16+00:00","article_modified_time":"2021-03-16T12:07:17+00:00","og_image":[{"width":768,"height":427,"url":"https:\/\/www.mpppst.gob.ve\/mpppstweb\/wp-content\/uploads\/2021\/03\/intensifican-medidas-bioseguridad-protocolos-cerco-epidemiologico-caracas-768x427-1.jpg","type":"image\/jpeg"}],"author":"MPPPST Prensa","twitter_card":"summary_large_image","twitter_misc":{"Escrito por":"MPPPST Prensa","Tiempo de lectura":"2 minutos"},"schema":{"@context":"https:\/\/schema.org","@graph":[{"@type":"Article","@id":"https:\/\/www.mpppst.gob.ve\/mpppstweb\/index.php\/2021\/03\/16\/intensifican-medidas-de-bioseguridad-y-protocolos-ante-cerco-epidemiologico-en-caracas\/#article","isPartOf":{"@id":"https:\/\/www.mpppst.gob.ve\/mpppstweb\/index.php\/2021\/03\/16\/intensifican-medidas-de-bioseguridad-y-protocolos-ante-cerco-epidemiologico-en-caracas\/"},"author":{"name":"MPPPST Prensa","@id":"https:\/\/www.mpppst.gob.ve\/mpppstweb\/#\/schema\/person\/fc187ee8ead412bd4c9304b62f900ea4"},"headline":"Intensifican medidas de bioseguridad y protocolos ante cerco epidemiol\u00f3gico en Caracas","datePublished":"2021-03-16T12:07:16+00:00","dateModified":"2021-03-16T12:07:17+00:00","mainEntityOfPage":{"@id":"https:\/\/www.mpppst.gob.ve\/mpppstweb\/index.php\/2021\/03\/16\/intensifican-medidas-de-bioseguridad-y-protocolos-ante-cerco-epidemiologico-en-caracas\/"},"wordCount":315,"publisher":{"@id":"https:\/\/www.mpppst.gob.ve\/mpppstweb\/#organization"},"image":{"@id":"https:\/\/www.mpppst.gob.ve\/mpppstweb\/index.php\/2021\/03\/16\/intensifican-medidas-de-bioseguridad-y-protocolos-ante-cerco-epidemiologico-en-caracas\/#primaryimage"},"thumbnailUrl":"https:\/\/www.mpppst.gob.ve\/mpppstweb\/wp-content\/uploads\/2021\/03\/intensifican-medidas-bioseguridad-protocolos-cerco-epidemiologico-caracas-768x427-1.jpg","articleSection":["Gobierno Nacional","Noticias"],"inLanguage":"es"},{"@type":"WebPage","@id":"https:\/\/www.mpppst.gob.ve\/mpppstweb\/index.php\/2021\/03\/16\/intensifican-medidas-de-bioseguridad-y-protocolos-ante-cerco-epidemiologico-en-caracas\/","url":"https:\/\/www.mpppst.gob.ve\/mpppstweb\/index.php\/2021\/03\/16\/intensifican-medidas-de-bioseguridad-y-protocolos-ante-cerco-epidemiologico-en-caracas\/","name":"Intensifican medidas de bioseguridad y protocolos ante cerco epidemiol\u00f3gico en Caracas - MPPPST","isPartOf":{"@id":"https:\/\/www.mpppst.gob.ve\/mpppstweb\/#website"},"primaryImageOfPage":{"@id":"https:\/\/www.mpppst.gob.ve\/mpppstweb\/index.php\/2021\/03\/16\/intensifican-medidas-de-bioseguridad-y-protocolos-ante-cerco-epidemiologico-en-caracas\/#primaryimage"},"image":{"@id":"https:\/\/www.mpppst.gob.ve\/mpppstweb\/index.php\/2021\/03\/16\/intensifican-medidas-de-bioseguridad-y-protocolos-ante-cerco-epidemiologico-en-caracas\/#primaryimage"},"thumbnailUrl":"https:\/\/www.mpppst.gob.ve\/mpppstweb\/wp-content\/uploads\/2021\/03\/intensifican-medidas-bioseguridad-protocolos-cerco-epidemiologico-caracas-768x427-1.jpg","datePublished":"2021-03-16T12:07:16+00:00","dateModified":"2021-03-16T12:07:17+00:00","breadcrumb":{"@id":"https:\/\/www.mpppst.gob.ve\/mpppstweb\/index.php\/2021\/03\/16\/intensifican-medidas-de-bioseguridad-y-protocolos-ante-cerco-epidemiologico-en-caracas\/#breadcrumb"},"inLanguage":"es","potentialAction":[{"@type":"ReadAction","target":["https:\/\/www.mpppst.gob.ve\/mpppstweb\/index.php\/2021\/03\/16\/intensifican-medidas-de-bioseguridad-y-protocolos-ante-cerco-epidemiologico-en-caracas\/"]}]},{"@type":"ImageObject","inLanguage":"es","@id":"https:\/\/www.mpppst.gob.ve\/mpppstweb\/index.php\/2021\/03\/16\/intensifican-medidas-de-bioseguridad-y-protocolos-ante-cerco-epidemiologico-en-caracas\/#primaryimage","url":"https:\/\/www.mpppst.gob.ve\/mpppstweb\/wp-content\/uploads\/2021\/03\/intensifican-medidas-bioseguridad-protocolos-cerco-epidemiologico-caracas-768x427-1.jpg","contentUrl":"https:\/\/www.mpppst.gob.ve\/mpppstweb\/wp-content\/uploads\/2021\/03\/intensifican-medidas-bioseguridad-protocolos-cerco-epidemiologico-caracas-768x427-1.jpg","width":768,"height":427},{"@type":"BreadcrumbList","@id":"https:\/\/www.mpppst.gob.ve\/mpppstweb\/index.php\/2021\/03\/16\/intensifican-medidas-de-bioseguridad-y-protocolos-ante-cerco-epidemiologico-en-caracas\/#breadcrumb","itemListElement":[{"@type":"ListItem","position":1,"name":"Home","item":"https:\/\/www.mpppst.gob.ve\/mpppstweb\/"},{"@type":"ListItem","position":2,"name":"Intensifican medidas de bioseguridad y protocolos ante cerco epidemiol\u00f3gico en Caracas"}]},{"@type":"WebSite","@id":"https:\/\/www.mpppst.gob.ve\/mpppstweb\/#website","url":"https:\/\/www.mpppst.gob.ve\/mpppstweb\/","name":"MPPPST","description":"Ministerio del Poder Popular para el Proceso Social de Trabajo","publisher":{"@id":"https:\/\/www.mpppst.gob.ve\/mpppstweb\/#organization"},"potentialAction":[{"@type":"SearchAction","target":{"@type":"EntryPoint","urlTemplate":"https:\/\/www.mpppst.gob.ve\/mpppstweb\/?s={search_term_string}"},"query-input":"required name=search_term_string"}],"inLanguage":"es"},{"@type":"Organization","@id":"https:\/\/www.mpppst.gob.ve\/mpppstweb\/#organization","name":"mpppst","url":"https:\/\/www.mpppst.gob.ve\/mpppstweb\/","logo":{"@type":"ImageObject","inLanguage":"es","@id":"https:\/\/www.mpppst.gob.ve\/mpppstweb\/#\/schema\/logo\/image\/","url":"https:\/\/www.mpppst.gob.ve\/mpppstweb\/wp-content\/uploads\/2025\/07\/cropped-cropped-g910.png","contentUrl":"https:\/\/www.mpppst.gob.ve\/mpppstweb\/wp-content\/uploads\/2025\/07\/cropped-cropped-g910.png","width":1080,"height":241,"caption":"mpppst"},"image":{"@id":"https:\/\/www.mpppst.gob.ve\/mpppstweb\/#\/schema\/logo\/image\/"}},{"@type":"Person","@id":"https:\/\/www.mpppst.gob.ve\/mpppstweb\/#\/schema\/person\/fc187ee8ead412bd4c9304b62f900ea4","name":"MPPPST Prensa","url":"https:\/\/www.mpppst.gob.ve\/mpppstweb\/index.php\/author\/prensa-mpppst\/"}]}},"_links":{"self":[{"href":"https:\/\/www.mpppst.gob.ve\/mpppstweb\/index.php\/wp-json\/wp\/v2\/posts\/21810"}],"collection":[{"href":"https:\/\/www.mpppst.gob.ve\/mpppstweb\/index.php\/wp-json\/wp\/v2\/posts"}],"about":[{"href":"https:\/\/www.mpppst.gob.ve\/mpppstweb\/index.php\/wp-json\/wp\/v2\/types\/post"}],"author":[{"embeddable":true,"href":"https:\/\/www.mpppst.gob.ve\/mpppstweb\/index.php\/wp-json\/wp\/v2\/users\/25"}],"replies":[{"embeddable":true,"href":"https:\/\/www.mpppst.gob.ve\/mpppstweb\/index.php\/wp-json\/wp\/v2\/comments?post=21810"}],"version-history":[{"count":1,"href":"https:\/\/www.mpppst.gob.ve\/mpppstweb\/index.php\/wp-json\/wp\/v2\/posts\/21810\/revisions"}],"predecessor-version":[{"id":21812,"href":"https:\/\/www.mpppst.gob.ve\/mpppstweb\/index.php\/wp-json\/wp\/v2\/posts\/21810\/revisions\/21812"}],"wp:featuredmedia":[{"embeddable":true,"href":"https:\/\/www.mpppst.gob.ve\/mpppstweb\/index.php\/wp-json\/wp\/v2\/media\/21811"}],"wp:attachment":[{"href":"https:\/\/www.mpppst.gob.ve\/mpppstweb\/index.php\/wp-json\/wp\/v2\/media?parent=21810"}],"wp:term":[{"taxonomy":"category","embeddable":true,"href":"https:\/\/www.mpppst.gob.ve\/mpppstweb\/index.php\/wp-json\/wp\/v2\/categories?post=21810"},{"taxonomy":"post_tag","embeddable":true,"href":"https:\/\/www.mpppst.gob.ve\/mpppstweb\/index.php\/wp-json\/wp\/v2\/tags?post=21810"}],"curies":[{"name":"wp","href":"https:\/\/api.w.org\/{rel}","templated":true}]}}