{"id":21813,"date":"2021-03-16T12:55:21","date_gmt":"2021-03-16T16:55:21","guid":{"rendered":"http:\/\/www.mpppst.gob.ve\/mpppstweb\/?p=21813"},"modified":"2021-03-17T12:45:46","modified_gmt":"2021-03-17T16:45:46","slug":"los-centros-de-encuentro-para-la-educacion-y-el-trabajo-avanzan-en-la-formacion-del-los-cpt","status":"publish","type":"post","link":"https:\/\/www.mpppst.gob.ve\/mpppstweb\/index.php\/2021\/03\/16\/los-centros-de-encuentro-para-la-educacion-y-el-trabajo-avanzan-en-la-formacion-del-los-cpt\/","title":{"rendered":"Los Centros de encuentro para la Educaci\u00f3n y el Trabajo avanzan en la formaci\u00f3n de los CPT"},"content":{"rendered":"\n<p>La ma\u00f1ana de este martes, se realiz\u00f3 videoconferencia nacional con las y los jefes de los Centros de Encuentro para la Educaci\u00f3n y el Trabajo (CEET), con el objetivo de evaluar los avances relacionados a los planes de formaci\u00f3n de los Consejos Productivos de Trabajadores a nivel nacional.<br><br>As\u00ed lo dio a conocer el viceministro para la Educaci\u00f3n y el Trabajo para la Liberaci\u00f3n mediante su red social en twitter @Edgarblanco_VE.<\/p>\n\n\n\n<figure class=\"wp-block-embed-twitter wp-block-embed is-type-rich is-provider-twitter\"><div class=\"wp-block-embed__wrapper\">\nhttps:\/\/twitter.com\/EdgarBlanco_VE\/status\/1371840688271335425\n<\/div><\/figure>\n\n\n\n<p>Recordemos que durante el Congreso Bicentenario de los Pueblos Cap\u00edtulo: Trabajadores, el jefe de estado instruy\u00f3, crear un plan de formaci\u00f3n, ideol\u00f3gica, pol\u00edtica, gerencial y cultural dirigido a fortalecer el liderazgo de los CPT.<\/p>\n\n\n\n<p>Desde el Ministerio del Poder Popular para el Proceso Social de Trabajo, continuamos trabajando en esquemas productivos y formativos integrales para la clase obrera de la Patria.<\/p>\n","protected":false},"excerpt":{"rendered":"<p>La ma\u00f1ana de este martes, se realiz\u00f3 videoconferencia nacional con las y los jefes de los &hellip; <a title=\"Los Centros de encuentro para la Educaci\u00f3n y el Trabajo avanzan en la formaci\u00f3n de los CPT\" class=\"hm-read-more\" href=\"https:\/\/www.mpppst.gob.ve\/mpppstweb\/index.php\/2021\/03\/16\/los-centros-de-encuentro-para-la-educacion-y-el-trabajo-avanzan-en-la-formacion-del-los-cpt\/\"><span class=\"screen-reader-text\">Los Centros de encuentro para la Educaci\u00f3n y el Trabajo avanzan en la formaci\u00f3n de los CPT<\/span>Read more<\/a><\/p>\n","protected":false},"author":25,"featured_media":21815,"comment_status":"closed","ping_status":"closed","sticky":false,"template":"","format":"standard","meta":{"footnotes":""},"categories":[406,82,163],"tags":[],"yoast_head":"<!-- This site is optimized with the Yoast SEO plugin v22.5 - https:\/\/yoast.com\/wordpress\/plugins\/seo\/ -->\n<title>Los Centros de encuentro para la Educaci\u00f3n y el Trabajo avanzan en la formaci\u00f3n de los CPT - MPPPST<\/title>\n<meta name=\"robots\" content=\"index, follow, max-snippet:-1, max-image-preview:large, max-video-preview:-1\" \/>\n<link rel=\"canonical\" href=\"https:\/\/www.mpppst.gob.ve\/mpppstweb\/index.php\/2021\/03\/16\/los-centros-de-encuentro-para-la-educacion-y-el-trabajo-avanzan-en-la-formacion-del-los-cpt\/\" \/>\n<meta property=\"og:locale\" content=\"es_ES\" \/>\n<meta property=\"og:type\" content=\"article\" \/>\n<meta property=\"og:title\" content=\"Los Centros de encuentro para la Educaci\u00f3n y el Trabajo avanzan en la formaci\u00f3n de los CPT - MPPPST\" \/>\n<meta property=\"og:description\" content=\"La ma\u00f1ana de este martes, se realiz\u00f3 videoconferencia nacional con las y los jefes de los &hellip; Los Centros de encuentro para la Educaci\u00f3n y el Trabajo avanzan en la formaci\u00f3n de los CPTRead more\" \/>\n<meta property=\"og:url\" content=\"https:\/\/www.mpppst.gob.ve\/mpppstweb\/index.php\/2021\/03\/16\/los-centros-de-encuentro-para-la-educacion-y-el-trabajo-avanzan-en-la-formacion-del-los-cpt\/\" \/>\n<meta property=\"og:site_name\" content=\"MPPPST\" \/>\n<meta property=\"article:published_time\" content=\"2021-03-16T16:55:21+00:00\" \/>\n<meta property=\"article:modified_time\" content=\"2021-03-17T16:45:46+00:00\" \/>\n<meta property=\"og:image\" content=\"https:\/\/www.mpppst.gob.ve\/mpppstweb\/wp-content\/uploads\/2021\/03\/IMG-20210316-WA0032.jpg\" \/>\n\t<meta property=\"og:image:width\" content=\"1008\" \/>\n\t<meta property=\"og:image:height\" content=\"754\" \/>\n\t<meta property=\"og:image:type\" content=\"image\/jpeg\" \/>\n<meta name=\"author\" content=\"MPPPST Prensa\" \/>\n<meta name=\"twitter:card\" content=\"summary_large_image\" \/>\n<meta name=\"twitter:label1\" content=\"Escrito por\" \/>\n\t<meta name=\"twitter:data1\" content=\"MPPPST Prensa\" \/>\n\t<meta name=\"twitter:label2\" content=\"Tiempo de lectura\" \/>\n\t<meta name=\"twitter:data2\" content=\"1 minuto\" \/>\n<script type=\"application\/ld+json\" class=\"yoast-schema-graph\">{\"@context\":\"https:\/\/schema.org\",\"@graph\":[{\"@type\":\"Article\",\"@id\":\"https:\/\/www.mpppst.gob.ve\/mpppstweb\/index.php\/2021\/03\/16\/los-centros-de-encuentro-para-la-educacion-y-el-trabajo-avanzan-en-la-formacion-del-los-cpt\/#article\",\"isPartOf\":{\"@id\":\"https:\/\/www.mpppst.gob.ve\/mpppstweb\/index.php\/2021\/03\/16\/los-centros-de-encuentro-para-la-educacion-y-el-trabajo-avanzan-en-la-formacion-del-los-cpt\/\"},\"author\":{\"name\":\"MPPPST Prensa\",\"@id\":\"https:\/\/www.mpppst.gob.ve\/mpppstweb\/#\/schema\/person\/fc187ee8ead412bd4c9304b62f900ea4\"},\"headline\":\"Los Centros de encuentro para la Educaci\u00f3n y el Trabajo avanzan en la formaci\u00f3n de los CPT\",\"datePublished\":\"2021-03-16T16:55:21+00:00\",\"dateModified\":\"2021-03-17T16:45:46+00:00\",\"mainEntityOfPage\":{\"@id\":\"https:\/\/www.mpppst.gob.ve\/mpppstweb\/index.php\/2021\/03\/16\/los-centros-de-encuentro-para-la-educacion-y-el-trabajo-avanzan-en-la-formacion-del-los-cpt\/\"},\"wordCount\":167,\"publisher\":{\"@id\":\"https:\/\/www.mpppst.gob.ve\/mpppstweb\/#organization\"},\"image\":{\"@id\":\"https:\/\/www.mpppst.gob.ve\/mpppstweb\/index.php\/2021\/03\/16\/los-centros-de-encuentro-para-la-educacion-y-el-trabajo-avanzan-en-la-formacion-del-los-cpt\/#primaryimage\"},\"thumbnailUrl\":\"https:\/\/www.mpppst.gob.ve\/mpppstweb\/wp-content\/uploads\/2021\/03\/IMG-20210316-WA0032.jpg\",\"articleSection\":[\"CPT\",\"Gobierno Nacional\",\"Noticias\"],\"inLanguage\":\"es\"},{\"@type\":\"WebPage\",\"@id\":\"https:\/\/www.mpppst.gob.ve\/mpppstweb\/index.php\/2021\/03\/16\/los-centros-de-encuentro-para-la-educacion-y-el-trabajo-avanzan-en-la-formacion-del-los-cpt\/\",\"url\":\"https:\/\/www.mpppst.gob.ve\/mpppstweb\/index.php\/2021\/03\/16\/los-centros-de-encuentro-para-la-educacion-y-el-trabajo-avanzan-en-la-formacion-del-los-cpt\/\",\"name\":\"Los Centros de encuentro para la Educaci\u00f3n y el Trabajo avanzan en la formaci\u00f3n de los CPT - MPPPST\",\"isPartOf\":{\"@id\":\"https:\/\/www.mpppst.gob.ve\/mpppstweb\/#website\"},\"primaryImageOfPage\":{\"@id\":\"https:\/\/www.mpppst.gob.ve\/mpppstweb\/index.php\/2021\/03\/16\/los-centros-de-encuentro-para-la-educacion-y-el-trabajo-avanzan-en-la-formacion-del-los-cpt\/#primaryimage\"},\"image\":{\"@id\":\"https:\/\/www.mpppst.gob.ve\/mpppstweb\/index.php\/2021\/03\/16\/los-centros-de-encuentro-para-la-educacion-y-el-trabajo-avanzan-en-la-formacion-del-los-cpt\/#primaryimage\"},\"thumbnailUrl\":\"https:\/\/www.mpppst.gob.ve\/mpppstweb\/wp-content\/uploads\/2021\/03\/IMG-20210316-WA0032.jpg\",\"datePublished\":\"2021-03-16T16:55:21+00:00\",\"dateModified\":\"2021-03-17T16:45:46+00:00\",\"breadcrumb\":{\"@id\":\"https:\/\/www.mpppst.gob.ve\/mpppstweb\/index.php\/2021\/03\/16\/los-centros-de-encuentro-para-la-educacion-y-el-trabajo-avanzan-en-la-formacion-del-los-cpt\/#breadcrumb\"},\"inLanguage\":\"es\",\"potentialAction\":[{\"@type\":\"ReadAction\",\"target\":[\"https:\/\/www.mpppst.gob.ve\/mpppstweb\/index.php\/2021\/03\/16\/los-centros-de-encuentro-para-la-educacion-y-el-trabajo-avanzan-en-la-formacion-del-los-cpt\/\"]}]},{\"@type\":\"ImageObject\",\"inLanguage\":\"es\",\"@id\":\"https:\/\/www.mpppst.gob.ve\/mpppstweb\/index.php\/2021\/03\/16\/los-centros-de-encuentro-para-la-educacion-y-el-trabajo-avanzan-en-la-formacion-del-los-cpt\/#primaryimage\",\"url\":\"https:\/\/www.mpppst.gob.ve\/mpppstweb\/wp-content\/uploads\/2021\/03\/IMG-20210316-WA0032.jpg\",\"contentUrl\":\"https:\/\/www.mpppst.gob.ve\/mpppstweb\/wp-content\/uploads\/2021\/03\/IMG-20210316-WA0032.jpg\",\"width\":1008,\"height\":754},{\"@type\":\"BreadcrumbList\",\"@id\":\"https:\/\/www.mpppst.gob.ve\/mpppstweb\/index.php\/2021\/03\/16\/los-centros-de-encuentro-para-la-educacion-y-el-trabajo-avanzan-en-la-formacion-del-los-cpt\/#breadcrumb\",\"itemListElement\":[{\"@type\":\"ListItem\",\"position\":1,\"name\":\"Home\",\"item\":\"https:\/\/www.mpppst.gob.ve\/mpppstweb\/\"},{\"@type\":\"ListItem\",\"position\":2,\"name\":\"Los Centros de encuentro para la Educaci\u00f3n y el Trabajo avanzan en la formaci\u00f3n de los CPT\"}]},{\"@type\":\"WebSite\",\"@id\":\"https:\/\/www.mpppst.gob.ve\/mpppstweb\/#website\",\"url\":\"https:\/\/www.mpppst.gob.ve\/mpppstweb\/\",\"name\":\"MPPPST\",\"description\":\"Ministerio del Poder Popular para el Proceso Social de Trabajo\",\"publisher\":{\"@id\":\"https:\/\/www.mpppst.gob.ve\/mpppstweb\/#organization\"},\"potentialAction\":[{\"@type\":\"SearchAction\",\"target\":{\"@type\":\"EntryPoint\",\"urlTemplate\":\"https:\/\/www.mpppst.gob.ve\/mpppstweb\/?s={search_term_string}\"},\"query-input\":\"required name=search_term_string\"}],\"inLanguage\":\"es\"},{\"@type\":\"Organization\",\"@id\":\"https:\/\/www.mpppst.gob.ve\/mpppstweb\/#organization\",\"name\":\"mpppst\",\"url\":\"https:\/\/www.mpppst.gob.ve\/mpppstweb\/\",\"logo\":{\"@type\":\"ImageObject\",\"inLanguage\":\"es\",\"@id\":\"https:\/\/www.mpppst.gob.ve\/mpppstweb\/#\/schema\/logo\/image\/\",\"url\":\"https:\/\/www.mpppst.gob.ve\/mpppstweb\/wp-content\/uploads\/2025\/07\/cropped-cropped-g910.png\",\"contentUrl\":\"https:\/\/www.mpppst.gob.ve\/mpppstweb\/wp-content\/uploads\/2025\/07\/cropped-cropped-g910.png\",\"width\":1080,\"height\":241,\"caption\":\"mpppst\"},\"image\":{\"@id\":\"https:\/\/www.mpppst.gob.ve\/mpppstweb\/#\/schema\/logo\/image\/\"}},{\"@type\":\"Person\",\"@id\":\"https:\/\/www.mpppst.gob.ve\/mpppstweb\/#\/schema\/person\/fc187ee8ead412bd4c9304b62f900ea4\",\"name\":\"MPPPST Prensa\",\"url\":\"https:\/\/www.mpppst.gob.ve\/mpppstweb\/index.php\/author\/prensa-mpppst\/\"}]}<\/script>\n<!-- \/ Yoast SEO plugin. -->","yoast_head_json":{"title":"Los Centros de encuentro para la Educaci\u00f3n y el Trabajo avanzan en la formaci\u00f3n de los CPT - MPPPST","robots":{"index":"index","follow":"follow","max-snippet":"max-snippet:-1","max-image-preview":"max-image-preview:large","max-video-preview":"max-video-preview:-1"},"canonical":"https:\/\/www.mpppst.gob.ve\/mpppstweb\/index.php\/2021\/03\/16\/los-centros-de-encuentro-para-la-educacion-y-el-trabajo-avanzan-en-la-formacion-del-los-cpt\/","og_locale":"es_ES","og_type":"article","og_title":"Los Centros de encuentro para la Educaci\u00f3n y el Trabajo avanzan en la formaci\u00f3n de los CPT - MPPPST","og_description":"La ma\u00f1ana de este martes, se realiz\u00f3 videoconferencia nacional con las y los jefes de los &hellip; Los Centros de encuentro para la Educaci\u00f3n y el Trabajo avanzan en la formaci\u00f3n de los CPTRead more","og_url":"https:\/\/www.mpppst.gob.ve\/mpppstweb\/index.php\/2021\/03\/16\/los-centros-de-encuentro-para-la-educacion-y-el-trabajo-avanzan-en-la-formacion-del-los-cpt\/","og_site_name":"MPPPST","article_published_time":"2021-03-16T16:55:21+00:00","article_modified_time":"2021-03-17T16:45:46+00:00","og_image":[{"width":1008,"height":754,"url":"https:\/\/www.mpppst.gob.ve\/mpppstweb\/wp-content\/uploads\/2021\/03\/IMG-20210316-WA0032.jpg","type":"image\/jpeg"}],"author":"MPPPST Prensa","twitter_card":"summary_large_image","twitter_misc":{"Escrito por":"MPPPST Prensa","Tiempo de lectura":"1 minuto"},"schema":{"@context":"https:\/\/schema.org","@graph":[{"@type":"Article","@id":"https:\/\/www.mpppst.gob.ve\/mpppstweb\/index.php\/2021\/03\/16\/los-centros-de-encuentro-para-la-educacion-y-el-trabajo-avanzan-en-la-formacion-del-los-cpt\/#article","isPartOf":{"@id":"https:\/\/www.mpppst.gob.ve\/mpppstweb\/index.php\/2021\/03\/16\/los-centros-de-encuentro-para-la-educacion-y-el-trabajo-avanzan-en-la-formacion-del-los-cpt\/"},"author":{"name":"MPPPST Prensa","@id":"https:\/\/www.mpppst.gob.ve\/mpppstweb\/#\/schema\/person\/fc187ee8ead412bd4c9304b62f900ea4"},"headline":"Los Centros de encuentro para la Educaci\u00f3n y el Trabajo avanzan en la formaci\u00f3n de los CPT","datePublished":"2021-03-16T16:55:21+00:00","dateModified":"2021-03-17T16:45:46+00:00","mainEntityOfPage":{"@id":"https:\/\/www.mpppst.gob.ve\/mpppstweb\/index.php\/2021\/03\/16\/los-centros-de-encuentro-para-la-educacion-y-el-trabajo-avanzan-en-la-formacion-del-los-cpt\/"},"wordCount":167,"publisher":{"@id":"https:\/\/www.mpppst.gob.ve\/mpppstweb\/#organization"},"image":{"@id":"https:\/\/www.mpppst.gob.ve\/mpppstweb\/index.php\/2021\/03\/16\/los-centros-de-encuentro-para-la-educacion-y-el-trabajo-avanzan-en-la-formacion-del-los-cpt\/#primaryimage"},"thumbnailUrl":"https:\/\/www.mpppst.gob.ve\/mpppstweb\/wp-content\/uploads\/2021\/03\/IMG-20210316-WA0032.jpg","articleSection":["CPT","Gobierno Nacional","Noticias"],"inLanguage":"es"},{"@type":"WebPage","@id":"https:\/\/www.mpppst.gob.ve\/mpppstweb\/index.php\/2021\/03\/16\/los-centros-de-encuentro-para-la-educacion-y-el-trabajo-avanzan-en-la-formacion-del-los-cpt\/","url":"https:\/\/www.mpppst.gob.ve\/mpppstweb\/index.php\/2021\/03\/16\/los-centros-de-encuentro-para-la-educacion-y-el-trabajo-avanzan-en-la-formacion-del-los-cpt\/","name":"Los Centros de encuentro para la Educaci\u00f3n y el Trabajo avanzan en la formaci\u00f3n de los CPT - MPPPST","isPartOf":{"@id":"https:\/\/www.mpppst.gob.ve\/mpppstweb\/#website"},"primaryImageOfPage":{"@id":"https:\/\/www.mpppst.gob.ve\/mpppstweb\/index.php\/2021\/03\/16\/los-centros-de-encuentro-para-la-educacion-y-el-trabajo-avanzan-en-la-formacion-del-los-cpt\/#primaryimage"},"image":{"@id":"https:\/\/www.mpppst.gob.ve\/mpppstweb\/index.php\/2021\/03\/16\/los-centros-de-encuentro-para-la-educacion-y-el-trabajo-avanzan-en-la-formacion-del-los-cpt\/#primaryimage"},"thumbnailUrl":"https:\/\/www.mpppst.gob.ve\/mpppstweb\/wp-content\/uploads\/2021\/03\/IMG-20210316-WA0032.jpg","datePublished":"2021-03-16T16:55:21+00:00","dateModified":"2021-03-17T16:45:46+00:00","breadcrumb":{"@id":"https:\/\/www.mpppst.gob.ve\/mpppstweb\/index.php\/2021\/03\/16\/los-centros-de-encuentro-para-la-educacion-y-el-trabajo-avanzan-en-la-formacion-del-los-cpt\/#breadcrumb"},"inLanguage":"es","potentialAction":[{"@type":"ReadAction","target":["https:\/\/www.mpppst.gob.ve\/mpppstweb\/index.php\/2021\/03\/16\/los-centros-de-encuentro-para-la-educacion-y-el-trabajo-avanzan-en-la-formacion-del-los-cpt\/"]}]},{"@type":"ImageObject","inLanguage":"es","@id":"https:\/\/www.mpppst.gob.ve\/mpppstweb\/index.php\/2021\/03\/16\/los-centros-de-encuentro-para-la-educacion-y-el-trabajo-avanzan-en-la-formacion-del-los-cpt\/#primaryimage","url":"https:\/\/www.mpppst.gob.ve\/mpppstweb\/wp-content\/uploads\/2021\/03\/IMG-20210316-WA0032.jpg","contentUrl":"https:\/\/www.mpppst.gob.ve\/mpppstweb\/wp-content\/uploads\/2021\/03\/IMG-20210316-WA0032.jpg","width":1008,"height":754},{"@type":"BreadcrumbList","@id":"https:\/\/www.mpppst.gob.ve\/mpppstweb\/index.php\/2021\/03\/16\/los-centros-de-encuentro-para-la-educacion-y-el-trabajo-avanzan-en-la-formacion-del-los-cpt\/#breadcrumb","itemListElement":[{"@type":"ListItem","position":1,"name":"Home","item":"https:\/\/www.mpppst.gob.ve\/mpppstweb\/"},{"@type":"ListItem","position":2,"name":"Los Centros de encuentro para la Educaci\u00f3n y el Trabajo avanzan en la formaci\u00f3n de los CPT"}]},{"@type":"WebSite","@id":"https:\/\/www.mpppst.gob.ve\/mpppstweb\/#website","url":"https:\/\/www.mpppst.gob.ve\/mpppstweb\/","name":"MPPPST","description":"Ministerio del Poder Popular para el Proceso Social de Trabajo","publisher":{"@id":"https:\/\/www.mpppst.gob.ve\/mpppstweb\/#organization"},"potentialAction":[{"@type":"SearchAction","target":{"@type":"EntryPoint","urlTemplate":"https:\/\/www.mpppst.gob.ve\/mpppstweb\/?s={search_term_string}"},"query-input":"required name=search_term_string"}],"inLanguage":"es"},{"@type":"Organization","@id":"https:\/\/www.mpppst.gob.ve\/mpppstweb\/#organization","name":"mpppst","url":"https:\/\/www.mpppst.gob.ve\/mpppstweb\/","logo":{"@type":"ImageObject","inLanguage":"es","@id":"https:\/\/www.mpppst.gob.ve\/mpppstweb\/#\/schema\/logo\/image\/","url":"https:\/\/www.mpppst.gob.ve\/mpppstweb\/wp-content\/uploads\/2025\/07\/cropped-cropped-g910.png","contentUrl":"https:\/\/www.mpppst.gob.ve\/mpppstweb\/wp-content\/uploads\/2025\/07\/cropped-cropped-g910.png","width":1080,"height":241,"caption":"mpppst"},"image":{"@id":"https:\/\/www.mpppst.gob.ve\/mpppstweb\/#\/schema\/logo\/image\/"}},{"@type":"Person","@id":"https:\/\/www.mpppst.gob.ve\/mpppstweb\/#\/schema\/person\/fc187ee8ead412bd4c9304b62f900ea4","name":"MPPPST Prensa","url":"https:\/\/www.mpppst.gob.ve\/mpppstweb\/index.php\/author\/prensa-mpppst\/"}]}},"_links":{"self":[{"href":"https:\/\/www.mpppst.gob.ve\/mpppstweb\/index.php\/wp-json\/wp\/v2\/posts\/21813"}],"collection":[{"href":"https:\/\/www.mpppst.gob.ve\/mpppstweb\/index.php\/wp-json\/wp\/v2\/posts"}],"about":[{"href":"https:\/\/www.mpppst.gob.ve\/mpppstweb\/index.php\/wp-json\/wp\/v2\/types\/post"}],"author":[{"embeddable":true,"href":"https:\/\/www.mpppst.gob.ve\/mpppstweb\/index.php\/wp-json\/wp\/v2\/users\/25"}],"replies":[{"embeddable":true,"href":"https:\/\/www.mpppst.gob.ve\/mpppstweb\/index.php\/wp-json\/wp\/v2\/comments?post=21813"}],"version-history":[{"count":3,"href":"https:\/\/www.mpppst.gob.ve\/mpppstweb\/index.php\/wp-json\/wp\/v2\/posts\/21813\/revisions"}],"predecessor-version":[{"id":21833,"href":"https:\/\/www.mpppst.gob.ve\/mpppstweb\/index.php\/wp-json\/wp\/v2\/posts\/21813\/revisions\/21833"}],"wp:featuredmedia":[{"embeddable":true,"href":"https:\/\/www.mpppst.gob.ve\/mpppstweb\/index.php\/wp-json\/wp\/v2\/media\/21815"}],"wp:attachment":[{"href":"https:\/\/www.mpppst.gob.ve\/mpppstweb\/index.php\/wp-json\/wp\/v2\/media?parent=21813"}],"wp:term":[{"taxonomy":"category","embeddable":true,"href":"https:\/\/www.mpppst.gob.ve\/mpppstweb\/index.php\/wp-json\/wp\/v2\/categories?post=21813"},{"taxonomy":"post_tag","embeddable":true,"href":"https:\/\/www.mpppst.gob.ve\/mpppstweb\/index.php\/wp-json\/wp\/v2\/tags?post=21813"}],"curies":[{"name":"wp","href":"https:\/\/api.w.org\/{rel}","templated":true}]}}