{"id":21824,"date":"2021-03-17T08:21:07","date_gmt":"2021-03-17T12:21:07","guid":{"rendered":"http:\/\/www.mpppst.gob.ve\/mpppstweb\/?p=21824"},"modified":"2021-03-17T08:21:08","modified_gmt":"2021-03-17T12:21:08","slug":"consulta-nacional-sobre-la-ley-organica-de-las-ciudades-comunales-inicia-este-19-de-marzo","status":"publish","type":"post","link":"https:\/\/www.mpppst.gob.ve\/mpppstweb\/index.php\/2021\/03\/17\/consulta-nacional-sobre-la-ley-organica-de-las-ciudades-comunales-inicia-este-19-de-marzo\/","title":{"rendered":"Consulta nacional sobre la Ley Org\u00e1nica de las Ciudades Comunales inicia este 19 de marzo"},"content":{"rendered":"\n<p>El presidente de la la Comisi\u00f3n de Desarrollo de Comunas de la Asamblea Nacional (AN), diputado Luis Jos\u00e9 Marcano, anunci\u00f3 que el pr\u00f3ximo 19 de marzo arranca la consulta nacional sobre la Ley Org\u00e1nica de las Ciudades Comunales.<\/p>\n\n\n\n<p>\u201cAprovechando que estamos en semana de flexibilizaci\u00f3n, este viernes podr\u00e1 arrancar la consulta en los 23 estados y el Distrito Capital (\u2026) Queremos tambi\u00e9n que este Congreso Bicentenario de los Pueblos asuma el debate acerca de las ciudades comunales, indic\u00f3 el parlamentario.<\/p>\n\n\n\n<p>Marcano coment\u00f3 que \u201cnosotros hablamos de la construcci\u00f3n de un poder, el poder de nuestro pueblo. Elementos centrales est\u00e1n en el debate, el tema de los valores es fundamental: El ecosocialismo, feminismo, entre otros\u201d.<\/p>\n\n\n\n<p>Asimismo, rechaz\u00f3 las campa\u00f1as que se han generado sobre este proceso, ya que el principal objetivo es debatir sobre diversos temas vinculados a la transferencia del poder para las comunas.<\/p>\n\n\n\n<p>Al respecto, el presidente Nicol\u00e1s Maduro asever\u00f3 que \u201cnosotros estamos poniendo a prueba un nuevo modelo de sociedad en lo pol\u00edtico, en lo social\u201d.<\/p>\n\n\n\n<p>Por su parte, la diputada Blanca Eekhout afirm\u00f3 que los venezolanos y venezolanas \u201csabemos que las utop\u00edas se hacen realidad. (Sim\u00f3n) Bol\u00edvar so\u00f1aba con la construcci\u00f3n de un mundo mejor y nuestra propuesta de Ley recoge la construcci\u00f3n de nuestro pueblo\u201d.&nbsp;<\/p>\n\n\n\n<p>El el vicepresidente para el Socialismo Territorial, Arist\u00f3bulo Ist\u00fariz, precis\u00f3 que un gran punto en el debate ser\u00e1 la definici\u00f3n del \u00e1mbito de acci\u00f3n, que ser\u00e1 realizado por el pueblo.<\/p>\n\n\n\n<p>Prensa Web VTV<\/p>\n","protected":false},"excerpt":{"rendered":"<p>El presidente de la la Comisi\u00f3n de Desarrollo de Comunas de la Asamblea Nacional (AN), diputado &hellip; <a title=\"Consulta nacional sobre la Ley Org\u00e1nica de las Ciudades Comunales inicia este 19 de marzo\" class=\"hm-read-more\" href=\"https:\/\/www.mpppst.gob.ve\/mpppstweb\/index.php\/2021\/03\/17\/consulta-nacional-sobre-la-ley-organica-de-las-ciudades-comunales-inicia-este-19-de-marzo\/\"><span class=\"screen-reader-text\">Consulta nacional sobre la Ley Org\u00e1nica de las Ciudades Comunales inicia este 19 de marzo<\/span>Read more<\/a><\/p>\n","protected":false},"author":25,"featured_media":21825,"comment_status":"closed","ping_status":"closed","sticky":false,"template":"","format":"standard","meta":{"footnotes":""},"categories":[82,163],"tags":[],"yoast_head":"<!-- This site is optimized with the Yoast SEO plugin v22.5 - https:\/\/yoast.com\/wordpress\/plugins\/seo\/ -->\n<title>Consulta nacional sobre la Ley Org\u00e1nica de las Ciudades Comunales inicia este 19 de marzo - MPPPST<\/title>\n<meta name=\"robots\" content=\"index, follow, max-snippet:-1, max-image-preview:large, max-video-preview:-1\" \/>\n<link rel=\"canonical\" href=\"https:\/\/www.mpppst.gob.ve\/mpppstweb\/index.php\/2021\/03\/17\/consulta-nacional-sobre-la-ley-organica-de-las-ciudades-comunales-inicia-este-19-de-marzo\/\" \/>\n<meta property=\"og:locale\" content=\"es_ES\" \/>\n<meta property=\"og:type\" content=\"article\" \/>\n<meta property=\"og:title\" content=\"Consulta nacional sobre la Ley Org\u00e1nica de las Ciudades Comunales inicia este 19 de marzo - MPPPST\" \/>\n<meta property=\"og:description\" content=\"El presidente de la la Comisi\u00f3n de Desarrollo de Comunas de la Asamblea Nacional (AN), diputado &hellip; Consulta nacional sobre la Ley Org\u00e1nica de las Ciudades Comunales inicia este 19 de marzoRead more\" \/>\n<meta property=\"og:url\" content=\"https:\/\/www.mpppst.gob.ve\/mpppstweb\/index.php\/2021\/03\/17\/consulta-nacional-sobre-la-ley-organica-de-las-ciudades-comunales-inicia-este-19-de-marzo\/\" \/>\n<meta property=\"og:site_name\" content=\"MPPPST\" \/>\n<meta property=\"article:published_time\" content=\"2021-03-17T12:21:07+00:00\" \/>\n<meta property=\"article:modified_time\" content=\"2021-03-17T12:21:08+00:00\" \/>\n<meta property=\"og:image\" content=\"https:\/\/www.mpppst.gob.ve\/mpppstweb\/wp-content\/uploads\/2021\/03\/Diputado-Luis-Jose-Marcano-1-768x427-1.jpg\" \/>\n\t<meta property=\"og:image:width\" content=\"768\" \/>\n\t<meta property=\"og:image:height\" content=\"427\" \/>\n\t<meta property=\"og:image:type\" content=\"image\/jpeg\" \/>\n<meta name=\"author\" content=\"MPPPST Prensa\" \/>\n<meta name=\"twitter:card\" content=\"summary_large_image\" \/>\n<meta name=\"twitter:label1\" content=\"Escrito por\" \/>\n\t<meta name=\"twitter:data1\" content=\"MPPPST Prensa\" \/>\n\t<meta name=\"twitter:label2\" content=\"Tiempo de lectura\" \/>\n\t<meta name=\"twitter:data2\" content=\"1 minuto\" \/>\n<script type=\"application\/ld+json\" class=\"yoast-schema-graph\">{\"@context\":\"https:\/\/schema.org\",\"@graph\":[{\"@type\":\"Article\",\"@id\":\"https:\/\/www.mpppst.gob.ve\/mpppstweb\/index.php\/2021\/03\/17\/consulta-nacional-sobre-la-ley-organica-de-las-ciudades-comunales-inicia-este-19-de-marzo\/#article\",\"isPartOf\":{\"@id\":\"https:\/\/www.mpppst.gob.ve\/mpppstweb\/index.php\/2021\/03\/17\/consulta-nacional-sobre-la-ley-organica-de-las-ciudades-comunales-inicia-este-19-de-marzo\/\"},\"author\":{\"name\":\"MPPPST Prensa\",\"@id\":\"https:\/\/www.mpppst.gob.ve\/mpppstweb\/#\/schema\/person\/fc187ee8ead412bd4c9304b62f900ea4\"},\"headline\":\"Consulta nacional sobre la Ley Org\u00e1nica de las Ciudades Comunales inicia este 19 de marzo\",\"datePublished\":\"2021-03-17T12:21:07+00:00\",\"dateModified\":\"2021-03-17T12:21:08+00:00\",\"mainEntityOfPage\":{\"@id\":\"https:\/\/www.mpppst.gob.ve\/mpppstweb\/index.php\/2021\/03\/17\/consulta-nacional-sobre-la-ley-organica-de-las-ciudades-comunales-inicia-este-19-de-marzo\/\"},\"wordCount\":275,\"publisher\":{\"@id\":\"https:\/\/www.mpppst.gob.ve\/mpppstweb\/#organization\"},\"image\":{\"@id\":\"https:\/\/www.mpppst.gob.ve\/mpppstweb\/index.php\/2021\/03\/17\/consulta-nacional-sobre-la-ley-organica-de-las-ciudades-comunales-inicia-este-19-de-marzo\/#primaryimage\"},\"thumbnailUrl\":\"https:\/\/www.mpppst.gob.ve\/mpppstweb\/wp-content\/uploads\/2021\/03\/Diputado-Luis-Jose-Marcano-1-768x427-1.jpg\",\"articleSection\":[\"Gobierno Nacional\",\"Noticias\"],\"inLanguage\":\"es\"},{\"@type\":\"WebPage\",\"@id\":\"https:\/\/www.mpppst.gob.ve\/mpppstweb\/index.php\/2021\/03\/17\/consulta-nacional-sobre-la-ley-organica-de-las-ciudades-comunales-inicia-este-19-de-marzo\/\",\"url\":\"https:\/\/www.mpppst.gob.ve\/mpppstweb\/index.php\/2021\/03\/17\/consulta-nacional-sobre-la-ley-organica-de-las-ciudades-comunales-inicia-este-19-de-marzo\/\",\"name\":\"Consulta nacional sobre la Ley Org\u00e1nica de las Ciudades Comunales inicia este 19 de marzo - MPPPST\",\"isPartOf\":{\"@id\":\"https:\/\/www.mpppst.gob.ve\/mpppstweb\/#website\"},\"primaryImageOfPage\":{\"@id\":\"https:\/\/www.mpppst.gob.ve\/mpppstweb\/index.php\/2021\/03\/17\/consulta-nacional-sobre-la-ley-organica-de-las-ciudades-comunales-inicia-este-19-de-marzo\/#primaryimage\"},\"image\":{\"@id\":\"https:\/\/www.mpppst.gob.ve\/mpppstweb\/index.php\/2021\/03\/17\/consulta-nacional-sobre-la-ley-organica-de-las-ciudades-comunales-inicia-este-19-de-marzo\/#primaryimage\"},\"thumbnailUrl\":\"https:\/\/www.mpppst.gob.ve\/mpppstweb\/wp-content\/uploads\/2021\/03\/Diputado-Luis-Jose-Marcano-1-768x427-1.jpg\",\"datePublished\":\"2021-03-17T12:21:07+00:00\",\"dateModified\":\"2021-03-17T12:21:08+00:00\",\"breadcrumb\":{\"@id\":\"https:\/\/www.mpppst.gob.ve\/mpppstweb\/index.php\/2021\/03\/17\/consulta-nacional-sobre-la-ley-organica-de-las-ciudades-comunales-inicia-este-19-de-marzo\/#breadcrumb\"},\"inLanguage\":\"es\",\"potentialAction\":[{\"@type\":\"ReadAction\",\"target\":[\"https:\/\/www.mpppst.gob.ve\/mpppstweb\/index.php\/2021\/03\/17\/consulta-nacional-sobre-la-ley-organica-de-las-ciudades-comunales-inicia-este-19-de-marzo\/\"]}]},{\"@type\":\"ImageObject\",\"inLanguage\":\"es\",\"@id\":\"https:\/\/www.mpppst.gob.ve\/mpppstweb\/index.php\/2021\/03\/17\/consulta-nacional-sobre-la-ley-organica-de-las-ciudades-comunales-inicia-este-19-de-marzo\/#primaryimage\",\"url\":\"https:\/\/www.mpppst.gob.ve\/mpppstweb\/wp-content\/uploads\/2021\/03\/Diputado-Luis-Jose-Marcano-1-768x427-1.jpg\",\"contentUrl\":\"https:\/\/www.mpppst.gob.ve\/mpppstweb\/wp-content\/uploads\/2021\/03\/Diputado-Luis-Jose-Marcano-1-768x427-1.jpg\",\"width\":768,\"height\":427},{\"@type\":\"BreadcrumbList\",\"@id\":\"https:\/\/www.mpppst.gob.ve\/mpppstweb\/index.php\/2021\/03\/17\/consulta-nacional-sobre-la-ley-organica-de-las-ciudades-comunales-inicia-este-19-de-marzo\/#breadcrumb\",\"itemListElement\":[{\"@type\":\"ListItem\",\"position\":1,\"name\":\"Home\",\"item\":\"https:\/\/www.mpppst.gob.ve\/mpppstweb\/\"},{\"@type\":\"ListItem\",\"position\":2,\"name\":\"Consulta nacional sobre la Ley Org\u00e1nica de las Ciudades Comunales inicia este 19 de marzo\"}]},{\"@type\":\"WebSite\",\"@id\":\"https:\/\/www.mpppst.gob.ve\/mpppstweb\/#website\",\"url\":\"https:\/\/www.mpppst.gob.ve\/mpppstweb\/\",\"name\":\"MPPPST\",\"description\":\"Ministerio del Poder Popular para el Proceso Social de Trabajo\",\"publisher\":{\"@id\":\"https:\/\/www.mpppst.gob.ve\/mpppstweb\/#organization\"},\"potentialAction\":[{\"@type\":\"SearchAction\",\"target\":{\"@type\":\"EntryPoint\",\"urlTemplate\":\"https:\/\/www.mpppst.gob.ve\/mpppstweb\/?s={search_term_string}\"},\"query-input\":\"required name=search_term_string\"}],\"inLanguage\":\"es\"},{\"@type\":\"Organization\",\"@id\":\"https:\/\/www.mpppst.gob.ve\/mpppstweb\/#organization\",\"name\":\"mpppst\",\"url\":\"https:\/\/www.mpppst.gob.ve\/mpppstweb\/\",\"logo\":{\"@type\":\"ImageObject\",\"inLanguage\":\"es\",\"@id\":\"https:\/\/www.mpppst.gob.ve\/mpppstweb\/#\/schema\/logo\/image\/\",\"url\":\"https:\/\/www.mpppst.gob.ve\/mpppstweb\/wp-content\/uploads\/2025\/07\/cropped-cropped-g910.png\",\"contentUrl\":\"https:\/\/www.mpppst.gob.ve\/mpppstweb\/wp-content\/uploads\/2025\/07\/cropped-cropped-g910.png\",\"width\":1080,\"height\":241,\"caption\":\"mpppst\"},\"image\":{\"@id\":\"https:\/\/www.mpppst.gob.ve\/mpppstweb\/#\/schema\/logo\/image\/\"}},{\"@type\":\"Person\",\"@id\":\"https:\/\/www.mpppst.gob.ve\/mpppstweb\/#\/schema\/person\/fc187ee8ead412bd4c9304b62f900ea4\",\"name\":\"MPPPST Prensa\",\"url\":\"https:\/\/www.mpppst.gob.ve\/mpppstweb\/index.php\/author\/prensa-mpppst\/\"}]}<\/script>\n<!-- \/ Yoast SEO plugin. -->","yoast_head_json":{"title":"Consulta nacional sobre la Ley Org\u00e1nica de las Ciudades Comunales inicia este 19 de marzo - MPPPST","robots":{"index":"index","follow":"follow","max-snippet":"max-snippet:-1","max-image-preview":"max-image-preview:large","max-video-preview":"max-video-preview:-1"},"canonical":"https:\/\/www.mpppst.gob.ve\/mpppstweb\/index.php\/2021\/03\/17\/consulta-nacional-sobre-la-ley-organica-de-las-ciudades-comunales-inicia-este-19-de-marzo\/","og_locale":"es_ES","og_type":"article","og_title":"Consulta nacional sobre la Ley Org\u00e1nica de las Ciudades Comunales inicia este 19 de marzo - MPPPST","og_description":"El presidente de la la Comisi\u00f3n de Desarrollo de Comunas de la Asamblea Nacional (AN), diputado &hellip; Consulta nacional sobre la Ley Org\u00e1nica de las Ciudades Comunales inicia este 19 de marzoRead more","og_url":"https:\/\/www.mpppst.gob.ve\/mpppstweb\/index.php\/2021\/03\/17\/consulta-nacional-sobre-la-ley-organica-de-las-ciudades-comunales-inicia-este-19-de-marzo\/","og_site_name":"MPPPST","article_published_time":"2021-03-17T12:21:07+00:00","article_modified_time":"2021-03-17T12:21:08+00:00","og_image":[{"width":768,"height":427,"url":"https:\/\/www.mpppst.gob.ve\/mpppstweb\/wp-content\/uploads\/2021\/03\/Diputado-Luis-Jose-Marcano-1-768x427-1.jpg","type":"image\/jpeg"}],"author":"MPPPST Prensa","twitter_card":"summary_large_image","twitter_misc":{"Escrito por":"MPPPST Prensa","Tiempo de lectura":"1 minuto"},"schema":{"@context":"https:\/\/schema.org","@graph":[{"@type":"Article","@id":"https:\/\/www.mpppst.gob.ve\/mpppstweb\/index.php\/2021\/03\/17\/consulta-nacional-sobre-la-ley-organica-de-las-ciudades-comunales-inicia-este-19-de-marzo\/#article","isPartOf":{"@id":"https:\/\/www.mpppst.gob.ve\/mpppstweb\/index.php\/2021\/03\/17\/consulta-nacional-sobre-la-ley-organica-de-las-ciudades-comunales-inicia-este-19-de-marzo\/"},"author":{"name":"MPPPST Prensa","@id":"https:\/\/www.mpppst.gob.ve\/mpppstweb\/#\/schema\/person\/fc187ee8ead412bd4c9304b62f900ea4"},"headline":"Consulta nacional sobre la Ley Org\u00e1nica de las Ciudades Comunales inicia este 19 de marzo","datePublished":"2021-03-17T12:21:07+00:00","dateModified":"2021-03-17T12:21:08+00:00","mainEntityOfPage":{"@id":"https:\/\/www.mpppst.gob.ve\/mpppstweb\/index.php\/2021\/03\/17\/consulta-nacional-sobre-la-ley-organica-de-las-ciudades-comunales-inicia-este-19-de-marzo\/"},"wordCount":275,"publisher":{"@id":"https:\/\/www.mpppst.gob.ve\/mpppstweb\/#organization"},"image":{"@id":"https:\/\/www.mpppst.gob.ve\/mpppstweb\/index.php\/2021\/03\/17\/consulta-nacional-sobre-la-ley-organica-de-las-ciudades-comunales-inicia-este-19-de-marzo\/#primaryimage"},"thumbnailUrl":"https:\/\/www.mpppst.gob.ve\/mpppstweb\/wp-content\/uploads\/2021\/03\/Diputado-Luis-Jose-Marcano-1-768x427-1.jpg","articleSection":["Gobierno Nacional","Noticias"],"inLanguage":"es"},{"@type":"WebPage","@id":"https:\/\/www.mpppst.gob.ve\/mpppstweb\/index.php\/2021\/03\/17\/consulta-nacional-sobre-la-ley-organica-de-las-ciudades-comunales-inicia-este-19-de-marzo\/","url":"https:\/\/www.mpppst.gob.ve\/mpppstweb\/index.php\/2021\/03\/17\/consulta-nacional-sobre-la-ley-organica-de-las-ciudades-comunales-inicia-este-19-de-marzo\/","name":"Consulta nacional sobre la Ley Org\u00e1nica de las Ciudades Comunales inicia este 19 de marzo - MPPPST","isPartOf":{"@id":"https:\/\/www.mpppst.gob.ve\/mpppstweb\/#website"},"primaryImageOfPage":{"@id":"https:\/\/www.mpppst.gob.ve\/mpppstweb\/index.php\/2021\/03\/17\/consulta-nacional-sobre-la-ley-organica-de-las-ciudades-comunales-inicia-este-19-de-marzo\/#primaryimage"},"image":{"@id":"https:\/\/www.mpppst.gob.ve\/mpppstweb\/index.php\/2021\/03\/17\/consulta-nacional-sobre-la-ley-organica-de-las-ciudades-comunales-inicia-este-19-de-marzo\/#primaryimage"},"thumbnailUrl":"https:\/\/www.mpppst.gob.ve\/mpppstweb\/wp-content\/uploads\/2021\/03\/Diputado-Luis-Jose-Marcano-1-768x427-1.jpg","datePublished":"2021-03-17T12:21:07+00:00","dateModified":"2021-03-17T12:21:08+00:00","breadcrumb":{"@id":"https:\/\/www.mpppst.gob.ve\/mpppstweb\/index.php\/2021\/03\/17\/consulta-nacional-sobre-la-ley-organica-de-las-ciudades-comunales-inicia-este-19-de-marzo\/#breadcrumb"},"inLanguage":"es","potentialAction":[{"@type":"ReadAction","target":["https:\/\/www.mpppst.gob.ve\/mpppstweb\/index.php\/2021\/03\/17\/consulta-nacional-sobre-la-ley-organica-de-las-ciudades-comunales-inicia-este-19-de-marzo\/"]}]},{"@type":"ImageObject","inLanguage":"es","@id":"https:\/\/www.mpppst.gob.ve\/mpppstweb\/index.php\/2021\/03\/17\/consulta-nacional-sobre-la-ley-organica-de-las-ciudades-comunales-inicia-este-19-de-marzo\/#primaryimage","url":"https:\/\/www.mpppst.gob.ve\/mpppstweb\/wp-content\/uploads\/2021\/03\/Diputado-Luis-Jose-Marcano-1-768x427-1.jpg","contentUrl":"https:\/\/www.mpppst.gob.ve\/mpppstweb\/wp-content\/uploads\/2021\/03\/Diputado-Luis-Jose-Marcano-1-768x427-1.jpg","width":768,"height":427},{"@type":"BreadcrumbList","@id":"https:\/\/www.mpppst.gob.ve\/mpppstweb\/index.php\/2021\/03\/17\/consulta-nacional-sobre-la-ley-organica-de-las-ciudades-comunales-inicia-este-19-de-marzo\/#breadcrumb","itemListElement":[{"@type":"ListItem","position":1,"name":"Home","item":"https:\/\/www.mpppst.gob.ve\/mpppstweb\/"},{"@type":"ListItem","position":2,"name":"Consulta nacional sobre la Ley Org\u00e1nica de las Ciudades Comunales inicia este 19 de marzo"}]},{"@type":"WebSite","@id":"https:\/\/www.mpppst.gob.ve\/mpppstweb\/#website","url":"https:\/\/www.mpppst.gob.ve\/mpppstweb\/","name":"MPPPST","description":"Ministerio del Poder Popular para el Proceso Social de Trabajo","publisher":{"@id":"https:\/\/www.mpppst.gob.ve\/mpppstweb\/#organization"},"potentialAction":[{"@type":"SearchAction","target":{"@type":"EntryPoint","urlTemplate":"https:\/\/www.mpppst.gob.ve\/mpppstweb\/?s={search_term_string}"},"query-input":"required name=search_term_string"}],"inLanguage":"es"},{"@type":"Organization","@id":"https:\/\/www.mpppst.gob.ve\/mpppstweb\/#organization","name":"mpppst","url":"https:\/\/www.mpppst.gob.ve\/mpppstweb\/","logo":{"@type":"ImageObject","inLanguage":"es","@id":"https:\/\/www.mpppst.gob.ve\/mpppstweb\/#\/schema\/logo\/image\/","url":"https:\/\/www.mpppst.gob.ve\/mpppstweb\/wp-content\/uploads\/2025\/07\/cropped-cropped-g910.png","contentUrl":"https:\/\/www.mpppst.gob.ve\/mpppstweb\/wp-content\/uploads\/2025\/07\/cropped-cropped-g910.png","width":1080,"height":241,"caption":"mpppst"},"image":{"@id":"https:\/\/www.mpppst.gob.ve\/mpppstweb\/#\/schema\/logo\/image\/"}},{"@type":"Person","@id":"https:\/\/www.mpppst.gob.ve\/mpppstweb\/#\/schema\/person\/fc187ee8ead412bd4c9304b62f900ea4","name":"MPPPST Prensa","url":"https:\/\/www.mpppst.gob.ve\/mpppstweb\/index.php\/author\/prensa-mpppst\/"}]}},"_links":{"self":[{"href":"https:\/\/www.mpppst.gob.ve\/mpppstweb\/index.php\/wp-json\/wp\/v2\/posts\/21824"}],"collection":[{"href":"https:\/\/www.mpppst.gob.ve\/mpppstweb\/index.php\/wp-json\/wp\/v2\/posts"}],"about":[{"href":"https:\/\/www.mpppst.gob.ve\/mpppstweb\/index.php\/wp-json\/wp\/v2\/types\/post"}],"author":[{"embeddable":true,"href":"https:\/\/www.mpppst.gob.ve\/mpppstweb\/index.php\/wp-json\/wp\/v2\/users\/25"}],"replies":[{"embeddable":true,"href":"https:\/\/www.mpppst.gob.ve\/mpppstweb\/index.php\/wp-json\/wp\/v2\/comments?post=21824"}],"version-history":[{"count":1,"href":"https:\/\/www.mpppst.gob.ve\/mpppstweb\/index.php\/wp-json\/wp\/v2\/posts\/21824\/revisions"}],"predecessor-version":[{"id":21826,"href":"https:\/\/www.mpppst.gob.ve\/mpppstweb\/index.php\/wp-json\/wp\/v2\/posts\/21824\/revisions\/21826"}],"wp:featuredmedia":[{"embeddable":true,"href":"https:\/\/www.mpppst.gob.ve\/mpppstweb\/index.php\/wp-json\/wp\/v2\/media\/21825"}],"wp:attachment":[{"href":"https:\/\/www.mpppst.gob.ve\/mpppstweb\/index.php\/wp-json\/wp\/v2\/media?parent=21824"}],"wp:term":[{"taxonomy":"category","embeddable":true,"href":"https:\/\/www.mpppst.gob.ve\/mpppstweb\/index.php\/wp-json\/wp\/v2\/categories?post=21824"},{"taxonomy":"post_tag","embeddable":true,"href":"https:\/\/www.mpppst.gob.ve\/mpppstweb\/index.php\/wp-json\/wp\/v2\/tags?post=21824"}],"curies":[{"name":"wp","href":"https:\/\/api.w.org\/{rel}","templated":true}]}}