{"id":21998,"date":"2021-04-05T18:02:16","date_gmt":"2021-04-05T22:02:16","guid":{"rendered":"http:\/\/www.mpppst.gob.ve\/mpppstweb\/?p=21998"},"modified":"2021-04-05T18:07:12","modified_gmt":"2021-04-05T22:07:12","slug":"clase-obrera-venezolana-debaten-tareas-para-ser-elevadas-al-consejo-popular-de-gobierno","status":"publish","type":"post","link":"https:\/\/www.mpppst.gob.ve\/mpppstweb\/index.php\/2021\/04\/05\/clase-obrera-venezolana-debaten-tareas-para-ser-elevadas-al-consejo-popular-de-gobierno\/","title":{"rendered":"Clase Obrera venezolana debate tareas para ser elevadas al  Consejo Popular de Gobierno."},"content":{"rendered":"\n<p class=\"wp-block-paragraph\">El equipo promotor del Congreso Bicentenario de los pueblos, cap\u00edtulo: trabajadores sostuvo encuentro mediante videoconferencia donde se debatieron tareas para ser elevadas al Consejo Popular &nbsp;de Gobierno a instalarse el pr\u00f3ximo 19 de abril.<\/p>\n\n\n\n<p class=\"wp-block-paragraph\">As\u00ed lo inform\u00f3, el ministro del Poder Popular para el Proceso Social de Trabajo Eduardo Pi\u00f1ate, en su red social Twitter @Eduardopiate2<\/p>\n\n\n\n<figure class=\"wp-block-embed-twitter wp-block-embed is-type-rich is-provider-twitter\"><div class=\"wp-block-embed__wrapper\">\n<blockquote class=\"twitter-tweet\" data-width=\"500\" data-dnt=\"true\"><p lang=\"es\" dir=\"ltr\">Esta ma\u00f1ana nos reunimos por videoconferencia con el Comit\u00e9 Promotor del Congreso Bicentenario de los Pueblos, cap\u00edtulo Trabajador@s. Trabajamos el Consejo Presidencial de Gobierno de la Clase Obrera y los encuentros internacionales de abril y mayo <a href=\"https:\/\/t.co\/MUMXuUQyr0\">pic.twitter.com\/MUMXuUQyr0<\/a><\/p>&mdash; eduardo pi\u00f1ate (@eduardopiate2) <a href=\"https:\/\/x.com\/eduardopiate2\/status\/1379165447376023570?ref_src=twsrc%5Etfw\">April 5, 2021<\/a><\/blockquote><script async src=\"https:\/\/platform.x.com\/widgets.js\" charset=\"utf-8\"><\/script>\n<\/div><\/figure>\n\n\n\n<p class=\"wp-block-paragraph\">Recordemos que el presidente Nicol\u00e1s Maduro durante la Plenaria Nacional del Congreso Bicentenario de los Pueblos, propuso, estar preparados y articulados con una agenda muy clara y establecida, con propuestas de cambios internos en las pol\u00edticas del Gobierno Nacional y con una agenda muy clara de avance en el Movimiento Popular espec\u00edfico.<\/p>\n","protected":false},"excerpt":{"rendered":"<p>El equipo promotor del Congreso Bicentenario de los pueblos, cap\u00edtulo: trabajadores sostuvo encuentro mediante videoconferencia donde &hellip; <a title=\"Clase Obrera venezolana debate tareas para ser elevadas al  Consejo Popular de Gobierno.\" class=\"hm-read-more\" href=\"https:\/\/www.mpppst.gob.ve\/mpppstweb\/index.php\/2021\/04\/05\/clase-obrera-venezolana-debaten-tareas-para-ser-elevadas-al-consejo-popular-de-gobierno\/\"><span class=\"screen-reader-text\">Clase Obrera venezolana debate tareas para ser elevadas al  Consejo Popular de Gobierno.<\/span>Leer m\u00e1s<\/a><\/p>\n","protected":false},"author":25,"featured_media":21999,"comment_status":"closed","ping_status":"closed","sticky":false,"template":"","format":"standard","meta":{"footnotes":""},"categories":[82,163],"tags":[],"class_list":["post-21998","post","type-post","status-publish","format-standard","has-post-thumbnail","hentry","category-gobierno-nacional","category-noticias"],"yoast_head":"<!-- This site is optimized with the Yoast SEO plugin v28.4 - https:\/\/yoast.com\/product\/yoast-seo-wordpress\/ -->\n<title>Clase Obrera venezolana debate tareas para ser elevadas al Consejo Popular de Gobierno. - MPPPST<\/title>\n<meta name=\"robots\" content=\"index, follow, max-snippet:-1, max-image-preview:large, max-video-preview:-1\" \/>\n<link rel=\"canonical\" href=\"https:\/\/www.mpppst.gob.ve\/mpppstweb\/index.php\/2021\/04\/05\/clase-obrera-venezolana-debaten-tareas-para-ser-elevadas-al-consejo-popular-de-gobierno\/\" \/>\n<meta property=\"og:locale\" content=\"es_ES\" \/>\n<meta property=\"og:type\" content=\"article\" \/>\n<meta property=\"og:title\" content=\"Clase Obrera venezolana debate tareas para ser elevadas al Consejo Popular de Gobierno. - MPPPST\" \/>\n<meta property=\"og:description\" content=\"El equipo promotor del Congreso Bicentenario de los pueblos, cap\u00edtulo: trabajadores sostuvo encuentro mediante videoconferencia donde &hellip; Clase Obrera venezolana debate tareas para ser elevadas al Consejo Popular de Gobierno.Leer m\u00e1s\" \/>\n<meta property=\"og:url\" content=\"https:\/\/www.mpppst.gob.ve\/mpppstweb\/index.php\/2021\/04\/05\/clase-obrera-venezolana-debaten-tareas-para-ser-elevadas-al-consejo-popular-de-gobierno\/\" \/>\n<meta property=\"og:site_name\" content=\"MPPPST\" \/>\n<meta property=\"article:publisher\" content=\"https:\/\/www.facebook.com\/mintrabajo_ve\" \/>\n<meta property=\"article:published_time\" content=\"2021-04-05T22:02:16+00:00\" \/>\n<meta property=\"article:modified_time\" content=\"2021-04-05T22:07:12+00:00\" \/>\n<meta property=\"og:image\" content=\"https:\/\/www.mpppst.gob.ve\/mpppstweb\/wp-content\/uploads\/2021\/04\/videoconferencia-arregalda.png\" \/>\n\t<meta property=\"og:image:width\" content=\"949\" \/>\n\t<meta property=\"og:image:height\" content=\"415\" \/>\n\t<meta property=\"og:image:type\" content=\"image\/png\" \/>\n<meta name=\"author\" content=\"MPPPST Prensa\" \/>\n<meta name=\"twitter:card\" content=\"summary_large_image\" \/>\n<script type=\"application\/ld+json\" class=\"yoast-schema-graph\">{\"@context\":\"https:\\\/\\\/schema.org\",\"@graph\":[{\"@type\":\"Article\",\"@id\":\"https:\\\/\\\/www.mpppst.gob.ve\\\/mpppstweb\\\/index.php\\\/2021\\\/04\\\/05\\\/clase-obrera-venezolana-debaten-tareas-para-ser-elevadas-al-consejo-popular-de-gobierno\\\/#article\",\"isPartOf\":{\"@id\":\"https:\\\/\\\/www.mpppst.gob.ve\\\/mpppstweb\\\/index.php\\\/2021\\\/04\\\/05\\\/clase-obrera-venezolana-debaten-tareas-para-ser-elevadas-al-consejo-popular-de-gobierno\\\/\"},\"author\":{\"name\":\"MPPPST Prensa\",\"@id\":\"https:\\\/\\\/www.mpppst.gob.ve\\\/mpppstweb\\\/#\\\/schema\\\/person\\\/fc187ee8ead412bd4c9304b62f900ea4\"},\"headline\":\"Clase Obrera venezolana debate tareas para ser elevadas al Consejo Popular de Gobierno.\",\"datePublished\":\"2021-04-05T22:02:16+00:00\",\"dateModified\":\"2021-04-05T22:07:12+00:00\",\"mainEntityOfPage\":{\"@id\":\"https:\\\/\\\/www.mpppst.gob.ve\\\/mpppstweb\\\/index.php\\\/2021\\\/04\\\/05\\\/clase-obrera-venezolana-debaten-tareas-para-ser-elevadas-al-consejo-popular-de-gobierno\\\/\"},\"wordCount\":132,\"publisher\":{\"@id\":\"https:\\\/\\\/www.mpppst.gob.ve\\\/mpppstweb\\\/#organization\"},\"image\":{\"@id\":\"https:\\\/\\\/www.mpppst.gob.ve\\\/mpppstweb\\\/index.php\\\/2021\\\/04\\\/05\\\/clase-obrera-venezolana-debaten-tareas-para-ser-elevadas-al-consejo-popular-de-gobierno\\\/#primaryimage\"},\"thumbnailUrl\":\"https:\\\/\\\/www.mpppst.gob.ve\\\/mpppstweb\\\/wp-content\\\/uploads\\\/2021\\\/04\\\/videoconferencia-arregalda.png\",\"articleSection\":[\"Gobierno Nacional\",\"Noticias\"],\"inLanguage\":\"es\"},{\"@type\":\"WebPage\",\"@id\":\"https:\\\/\\\/www.mpppst.gob.ve\\\/mpppstweb\\\/index.php\\\/2021\\\/04\\\/05\\\/clase-obrera-venezolana-debaten-tareas-para-ser-elevadas-al-consejo-popular-de-gobierno\\\/\",\"url\":\"https:\\\/\\\/www.mpppst.gob.ve\\\/mpppstweb\\\/index.php\\\/2021\\\/04\\\/05\\\/clase-obrera-venezolana-debaten-tareas-para-ser-elevadas-al-consejo-popular-de-gobierno\\\/\",\"name\":\"Clase Obrera venezolana debate tareas para ser elevadas al Consejo Popular de Gobierno. - MPPPST\",\"isPartOf\":{\"@id\":\"https:\\\/\\\/www.mpppst.gob.ve\\\/mpppstweb\\\/#website\"},\"primaryImageOfPage\":{\"@id\":\"https:\\\/\\\/www.mpppst.gob.ve\\\/mpppstweb\\\/index.php\\\/2021\\\/04\\\/05\\\/clase-obrera-venezolana-debaten-tareas-para-ser-elevadas-al-consejo-popular-de-gobierno\\\/#primaryimage\"},\"image\":{\"@id\":\"https:\\\/\\\/www.mpppst.gob.ve\\\/mpppstweb\\\/index.php\\\/2021\\\/04\\\/05\\\/clase-obrera-venezolana-debaten-tareas-para-ser-elevadas-al-consejo-popular-de-gobierno\\\/#primaryimage\"},\"thumbnailUrl\":\"https:\\\/\\\/www.mpppst.gob.ve\\\/mpppstweb\\\/wp-content\\\/uploads\\\/2021\\\/04\\\/videoconferencia-arregalda.png\",\"datePublished\":\"2021-04-05T22:02:16+00:00\",\"dateModified\":\"2021-04-05T22:07:12+00:00\",\"breadcrumb\":{\"@id\":\"https:\\\/\\\/www.mpppst.gob.ve\\\/mpppstweb\\\/index.php\\\/2021\\\/04\\\/05\\\/clase-obrera-venezolana-debaten-tareas-para-ser-elevadas-al-consejo-popular-de-gobierno\\\/#breadcrumb\"},\"inLanguage\":\"es\",\"potentialAction\":[{\"@type\":\"ReadAction\",\"target\":[\"https:\\\/\\\/www.mpppst.gob.ve\\\/mpppstweb\\\/index.php\\\/2021\\\/04\\\/05\\\/clase-obrera-venezolana-debaten-tareas-para-ser-elevadas-al-consejo-popular-de-gobierno\\\/\"]}]},{\"@type\":\"ImageObject\",\"inLanguage\":\"es\",\"@id\":\"https:\\\/\\\/www.mpppst.gob.ve\\\/mpppstweb\\\/index.php\\\/2021\\\/04\\\/05\\\/clase-obrera-venezolana-debaten-tareas-para-ser-elevadas-al-consejo-popular-de-gobierno\\\/#primaryimage\",\"url\":\"https:\\\/\\\/www.mpppst.gob.ve\\\/mpppstweb\\\/wp-content\\\/uploads\\\/2021\\\/04\\\/videoconferencia-arregalda.png\",\"contentUrl\":\"https:\\\/\\\/www.mpppst.gob.ve\\\/mpppstweb\\\/wp-content\\\/uploads\\\/2021\\\/04\\\/videoconferencia-arregalda.png\",\"width\":949,\"height\":415},{\"@type\":\"BreadcrumbList\",\"@id\":\"https:\\\/\\\/www.mpppst.gob.ve\\\/mpppstweb\\\/index.php\\\/2021\\\/04\\\/05\\\/clase-obrera-venezolana-debaten-tareas-para-ser-elevadas-al-consejo-popular-de-gobierno\\\/#breadcrumb\",\"itemListElement\":[{\"@type\":\"ListItem\",\"position\":1,\"name\":\"Home\",\"item\":\"https:\\\/\\\/www.mpppst.gob.ve\\\/mpppstweb\\\/\"},{\"@type\":\"ListItem\",\"position\":2,\"name\":\"Clase Obrera venezolana debate tareas para ser elevadas al Consejo Popular de Gobierno.\"}]},{\"@type\":\"WebSite\",\"@id\":\"https:\\\/\\\/www.mpppst.gob.ve\\\/mpppstweb\\\/#website\",\"url\":\"https:\\\/\\\/www.mpppst.gob.ve\\\/mpppstweb\\\/\",\"name\":\"MPPPST\",\"description\":\"Sitio web oficial del Ministerio del Poder Popular para el Proceso Social de Trabajo\",\"publisher\":{\"@id\":\"https:\\\/\\\/www.mpppst.gob.ve\\\/mpppstweb\\\/#organization\"},\"alternateName\":\"Ministerio del Poder Popular para el Proceso Social de Trabajo\",\"potentialAction\":[{\"@type\":\"SearchAction\",\"target\":{\"@type\":\"EntryPoint\",\"urlTemplate\":\"https:\\\/\\\/www.mpppst.gob.ve\\\/mpppstweb\\\/?s={search_term_string}\"},\"query-input\":{\"@type\":\"PropertyValueSpecification\",\"valueRequired\":true,\"valueName\":\"search_term_string\"}}],\"inLanguage\":\"es\"},{\"@type\":\"Organization\",\"@id\":\"https:\\\/\\\/www.mpppst.gob.ve\\\/mpppstweb\\\/#organization\",\"name\":\"Ministerio del Poder Popular para el Proceso Social de Trabajo\",\"alternateName\":\"MPPPST\",\"url\":\"https:\\\/\\\/www.mpppst.gob.ve\\\/mpppstweb\\\/\",\"logo\":{\"@type\":\"ImageObject\",\"inLanguage\":\"es\",\"@id\":\"https:\\\/\\\/www.mpppst.gob.ve\\\/mpppstweb\\\/#\\\/schema\\\/logo\\\/image\\\/\",\"url\":\"https:\\\/\\\/www.mpppst.gob.ve\\\/mpppstweb\\\/wp-content\\\/uploads\\\/2025\\\/07\\\/cropped-cropped-g910.png\",\"contentUrl\":\"https:\\\/\\\/www.mpppst.gob.ve\\\/mpppstweb\\\/wp-content\\\/uploads\\\/2025\\\/07\\\/cropped-cropped-g910.png\",\"width\":1080,\"height\":241,\"caption\":\"Ministerio del Poder Popular para el Proceso Social de Trabajo\"},\"image\":{\"@id\":\"https:\\\/\\\/www.mpppst.gob.ve\\\/mpppstweb\\\/#\\\/schema\\\/logo\\\/image\\\/\"},\"sameAs\":[\"https:\\\/\\\/www.facebook.com\\\/mintrabajo_ve\",\"https:\\\/\\\/www.instagram.com\\\/mintrabajo_ve\\\/\",\"https:\\\/\\\/www.tiktok.com\\\/@mintrabajo_ve\",\"https:\\\/\\\/t.me\\\/mpppst\"]},{\"@type\":\"Person\",\"@id\":\"https:\\\/\\\/www.mpppst.gob.ve\\\/mpppstweb\\\/#\\\/schema\\\/person\\\/fc187ee8ead412bd4c9304b62f900ea4\",\"name\":\"MPPPST Prensa\",\"url\":\"https:\\\/\\\/www.mpppst.gob.ve\\\/mpppstweb\\\/index.php\\\/author\\\/prensa-mpppst\\\/\"}]}<\/script>\n<!-- \/ Yoast SEO plugin. -->","yoast_head_json":{"title":"Clase Obrera venezolana debate tareas para ser elevadas al Consejo Popular de Gobierno. - MPPPST","robots":{"index":"index","follow":"follow","max-snippet":"max-snippet:-1","max-image-preview":"max-image-preview:large","max-video-preview":"max-video-preview:-1"},"canonical":"https:\/\/www.mpppst.gob.ve\/mpppstweb\/index.php\/2021\/04\/05\/clase-obrera-venezolana-debaten-tareas-para-ser-elevadas-al-consejo-popular-de-gobierno\/","og_locale":"es_ES","og_type":"article","og_title":"Clase Obrera venezolana debate tareas para ser elevadas al Consejo Popular de Gobierno. - MPPPST","og_description":"El equipo promotor del Congreso Bicentenario de los pueblos, cap\u00edtulo: trabajadores sostuvo encuentro mediante videoconferencia donde &hellip; Clase Obrera venezolana debate tareas para ser elevadas al Consejo Popular de Gobierno.Leer m\u00e1s","og_url":"https:\/\/www.mpppst.gob.ve\/mpppstweb\/index.php\/2021\/04\/05\/clase-obrera-venezolana-debaten-tareas-para-ser-elevadas-al-consejo-popular-de-gobierno\/","og_site_name":"MPPPST","article_publisher":"https:\/\/www.facebook.com\/mintrabajo_ve","article_published_time":"2021-04-05T22:02:16+00:00","article_modified_time":"2021-04-05T22:07:12+00:00","og_image":[{"width":949,"height":415,"url":"https:\/\/www.mpppst.gob.ve\/mpppstweb\/wp-content\/uploads\/2021\/04\/videoconferencia-arregalda.png","type":"image\/png"}],"author":"MPPPST Prensa","twitter_card":"summary_large_image","schema":{"@context":"https:\/\/schema.org","@graph":[{"@type":"Article","@id":"https:\/\/www.mpppst.gob.ve\/mpppstweb\/index.php\/2021\/04\/05\/clase-obrera-venezolana-debaten-tareas-para-ser-elevadas-al-consejo-popular-de-gobierno\/#article","isPartOf":{"@id":"https:\/\/www.mpppst.gob.ve\/mpppstweb\/index.php\/2021\/04\/05\/clase-obrera-venezolana-debaten-tareas-para-ser-elevadas-al-consejo-popular-de-gobierno\/"},"author":{"name":"MPPPST Prensa","@id":"https:\/\/www.mpppst.gob.ve\/mpppstweb\/#\/schema\/person\/fc187ee8ead412bd4c9304b62f900ea4"},"headline":"Clase Obrera venezolana debate tareas para ser elevadas al Consejo Popular de Gobierno.","datePublished":"2021-04-05T22:02:16+00:00","dateModified":"2021-04-05T22:07:12+00:00","mainEntityOfPage":{"@id":"https:\/\/www.mpppst.gob.ve\/mpppstweb\/index.php\/2021\/04\/05\/clase-obrera-venezolana-debaten-tareas-para-ser-elevadas-al-consejo-popular-de-gobierno\/"},"wordCount":132,"publisher":{"@id":"https:\/\/www.mpppst.gob.ve\/mpppstweb\/#organization"},"image":{"@id":"https:\/\/www.mpppst.gob.ve\/mpppstweb\/index.php\/2021\/04\/05\/clase-obrera-venezolana-debaten-tareas-para-ser-elevadas-al-consejo-popular-de-gobierno\/#primaryimage"},"thumbnailUrl":"https:\/\/www.mpppst.gob.ve\/mpppstweb\/wp-content\/uploads\/2021\/04\/videoconferencia-arregalda.png","articleSection":["Gobierno Nacional","Noticias"],"inLanguage":"es"},{"@type":"WebPage","@id":"https:\/\/www.mpppst.gob.ve\/mpppstweb\/index.php\/2021\/04\/05\/clase-obrera-venezolana-debaten-tareas-para-ser-elevadas-al-consejo-popular-de-gobierno\/","url":"https:\/\/www.mpppst.gob.ve\/mpppstweb\/index.php\/2021\/04\/05\/clase-obrera-venezolana-debaten-tareas-para-ser-elevadas-al-consejo-popular-de-gobierno\/","name":"Clase Obrera venezolana debate tareas para ser elevadas al Consejo Popular de Gobierno. - MPPPST","isPartOf":{"@id":"https:\/\/www.mpppst.gob.ve\/mpppstweb\/#website"},"primaryImageOfPage":{"@id":"https:\/\/www.mpppst.gob.ve\/mpppstweb\/index.php\/2021\/04\/05\/clase-obrera-venezolana-debaten-tareas-para-ser-elevadas-al-consejo-popular-de-gobierno\/#primaryimage"},"image":{"@id":"https:\/\/www.mpppst.gob.ve\/mpppstweb\/index.php\/2021\/04\/05\/clase-obrera-venezolana-debaten-tareas-para-ser-elevadas-al-consejo-popular-de-gobierno\/#primaryimage"},"thumbnailUrl":"https:\/\/www.mpppst.gob.ve\/mpppstweb\/wp-content\/uploads\/2021\/04\/videoconferencia-arregalda.png","datePublished":"2021-04-05T22:02:16+00:00","dateModified":"2021-04-05T22:07:12+00:00","breadcrumb":{"@id":"https:\/\/www.mpppst.gob.ve\/mpppstweb\/index.php\/2021\/04\/05\/clase-obrera-venezolana-debaten-tareas-para-ser-elevadas-al-consejo-popular-de-gobierno\/#breadcrumb"},"inLanguage":"es","potentialAction":[{"@type":"ReadAction","target":["https:\/\/www.mpppst.gob.ve\/mpppstweb\/index.php\/2021\/04\/05\/clase-obrera-venezolana-debaten-tareas-para-ser-elevadas-al-consejo-popular-de-gobierno\/"]}]},{"@type":"ImageObject","inLanguage":"es","@id":"https:\/\/www.mpppst.gob.ve\/mpppstweb\/index.php\/2021\/04\/05\/clase-obrera-venezolana-debaten-tareas-para-ser-elevadas-al-consejo-popular-de-gobierno\/#primaryimage","url":"https:\/\/www.mpppst.gob.ve\/mpppstweb\/wp-content\/uploads\/2021\/04\/videoconferencia-arregalda.png","contentUrl":"https:\/\/www.mpppst.gob.ve\/mpppstweb\/wp-content\/uploads\/2021\/04\/videoconferencia-arregalda.png","width":949,"height":415},{"@type":"BreadcrumbList","@id":"https:\/\/www.mpppst.gob.ve\/mpppstweb\/index.php\/2021\/04\/05\/clase-obrera-venezolana-debaten-tareas-para-ser-elevadas-al-consejo-popular-de-gobierno\/#breadcrumb","itemListElement":[{"@type":"ListItem","position":1,"name":"Home","item":"https:\/\/www.mpppst.gob.ve\/mpppstweb\/"},{"@type":"ListItem","position":2,"name":"Clase Obrera venezolana debate tareas para ser elevadas al Consejo Popular de Gobierno."}]},{"@type":"WebSite","@id":"https:\/\/www.mpppst.gob.ve\/mpppstweb\/#website","url":"https:\/\/www.mpppst.gob.ve\/mpppstweb\/","name":"MPPPST","description":"Sitio web oficial del Ministerio del Poder Popular para el Proceso Social de Trabajo","publisher":{"@id":"https:\/\/www.mpppst.gob.ve\/mpppstweb\/#organization"},"alternateName":"Ministerio del Poder Popular para el Proceso Social de Trabajo","potentialAction":[{"@type":"SearchAction","target":{"@type":"EntryPoint","urlTemplate":"https:\/\/www.mpppst.gob.ve\/mpppstweb\/?s={search_term_string}"},"query-input":{"@type":"PropertyValueSpecification","valueRequired":true,"valueName":"search_term_string"}}],"inLanguage":"es"},{"@type":"Organization","@id":"https:\/\/www.mpppst.gob.ve\/mpppstweb\/#organization","name":"Ministerio del Poder Popular para el Proceso Social de Trabajo","alternateName":"MPPPST","url":"https:\/\/www.mpppst.gob.ve\/mpppstweb\/","logo":{"@type":"ImageObject","inLanguage":"es","@id":"https:\/\/www.mpppst.gob.ve\/mpppstweb\/#\/schema\/logo\/image\/","url":"https:\/\/www.mpppst.gob.ve\/mpppstweb\/wp-content\/uploads\/2025\/07\/cropped-cropped-g910.png","contentUrl":"https:\/\/www.mpppst.gob.ve\/mpppstweb\/wp-content\/uploads\/2025\/07\/cropped-cropped-g910.png","width":1080,"height":241,"caption":"Ministerio del Poder Popular para el Proceso Social de Trabajo"},"image":{"@id":"https:\/\/www.mpppst.gob.ve\/mpppstweb\/#\/schema\/logo\/image\/"},"sameAs":["https:\/\/www.facebook.com\/mintrabajo_ve","https:\/\/www.instagram.com\/mintrabajo_ve\/","https:\/\/www.tiktok.com\/@mintrabajo_ve","https:\/\/t.me\/mpppst"]},{"@type":"Person","@id":"https:\/\/www.mpppst.gob.ve\/mpppstweb\/#\/schema\/person\/fc187ee8ead412bd4c9304b62f900ea4","name":"MPPPST Prensa","url":"https:\/\/www.mpppst.gob.ve\/mpppstweb\/index.php\/author\/prensa-mpppst\/"}]}},"_links":{"self":[{"href":"https:\/\/www.mpppst.gob.ve\/mpppstweb\/index.php\/wp-json\/wp\/v2\/posts\/21998","targetHints":{"allow":["GET"]}}],"collection":[{"href":"https:\/\/www.mpppst.gob.ve\/mpppstweb\/index.php\/wp-json\/wp\/v2\/posts"}],"about":[{"href":"https:\/\/www.mpppst.gob.ve\/mpppstweb\/index.php\/wp-json\/wp\/v2\/types\/post"}],"author":[{"embeddable":true,"href":"https:\/\/www.mpppst.gob.ve\/mpppstweb\/index.php\/wp-json\/wp\/v2\/users\/25"}],"replies":[{"embeddable":true,"href":"https:\/\/www.mpppst.gob.ve\/mpppstweb\/index.php\/wp-json\/wp\/v2\/comments?post=21998"}],"version-history":[{"count":2,"href":"https:\/\/www.mpppst.gob.ve\/mpppstweb\/index.php\/wp-json\/wp\/v2\/posts\/21998\/revisions"}],"predecessor-version":[{"id":22001,"href":"https:\/\/www.mpppst.gob.ve\/mpppstweb\/index.php\/wp-json\/wp\/v2\/posts\/21998\/revisions\/22001"}],"wp:featuredmedia":[{"embeddable":true,"href":"https:\/\/www.mpppst.gob.ve\/mpppstweb\/index.php\/wp-json\/wp\/v2\/media\/21999"}],"wp:attachment":[{"href":"https:\/\/www.mpppst.gob.ve\/mpppstweb\/index.php\/wp-json\/wp\/v2\/media?parent=21998"}],"wp:term":[{"taxonomy":"category","embeddable":true,"href":"https:\/\/www.mpppst.gob.ve\/mpppstweb\/index.php\/wp-json\/wp\/v2\/categories?post=21998"},{"taxonomy":"post_tag","embeddable":true,"href":"https:\/\/www.mpppst.gob.ve\/mpppstweb\/index.php\/wp-json\/wp\/v2\/tags?post=21998"}],"curies":[{"name":"wp","href":"https:\/\/api.w.org\/{rel}","templated":true}]}}