{"id":22028,"date":"2021-04-07T08:55:40","date_gmt":"2021-04-07T12:55:40","guid":{"rendered":"http:\/\/www.mpppst.gob.ve\/mpppstweb\/?p=22028"},"modified":"2021-04-07T08:55:41","modified_gmt":"2021-04-07T12:55:41","slug":"inicia-entrega-del-bono-cuarentena-radical-para-trabajadores-del-sector-independiente","status":"publish","type":"post","link":"https:\/\/www.mpppst.gob.ve\/mpppstweb\/index.php\/2021\/04\/07\/inicia-entrega-del-bono-cuarentena-radical-para-trabajadores-del-sector-independiente\/","title":{"rendered":"Inicia entrega del Bono Cuarentena Radical para trabajadores del sector independiente"},"content":{"rendered":"\n<p class=\"wp-block-paragraph\">El Presidente Nicol\u00e1s Maduro aprob\u00f3 la entrega de un bono especial en el mes de abril para los trabajadores del sector independiente o cuenta propia, como parte de la cuarentena radical decretada ante el incremento de los contagios a partir de la entrada a Venezuela de las variantes P1 y P2 del COVID-19 procedentes de Brasil.<\/p>\n\n\n\n<p class=\"wp-block-paragraph\">La entrega se realizar\u00e1 de manera directa y gradual mediante el mensaje de notificaci\u00f3n \u00abLlamo a la conciencia del pueblo para cumplir las medidas sanitarias y la cuarentena radical para disminuir los contagios por Covid-19. \u00a1CUIDEMONOS! \u00bb<\/p>\n\n\n\n<p class=\"wp-block-paragraph\">El mensaje ser\u00e1 enviado, a quienes reciban este bono, v\u00eda mensaje de texto a trav\u00e9s del n\u00famero corto 3532 y por la aplicaci\u00f3n veMonedero, rese\u00f1a una nota de prensa del blog.patria.org.ve.\u00a0<\/p>\n\n\n\n<p class=\"wp-block-paragraph\">Prensa Web VTV<\/p>\n","protected":false},"excerpt":{"rendered":"<p>El Presidente Nicol\u00e1s Maduro aprob\u00f3 la entrega de un bono especial en el mes de abril &hellip; <a title=\"Inicia entrega del Bono Cuarentena Radical para trabajadores del sector independiente\" class=\"hm-read-more\" href=\"https:\/\/www.mpppst.gob.ve\/mpppstweb\/index.php\/2021\/04\/07\/inicia-entrega-del-bono-cuarentena-radical-para-trabajadores-del-sector-independiente\/\"><span class=\"screen-reader-text\">Inicia entrega del Bono Cuarentena Radical para trabajadores del sector independiente<\/span>Leer m\u00e1s<\/a><\/p>\n","protected":false},"author":25,"featured_media":22029,"comment_status":"closed","ping_status":"closed","sticky":false,"template":"","format":"standard","meta":{"footnotes":""},"categories":[82,163],"tags":[],"class_list":["post-22028","post","type-post","status-publish","format-standard","has-post-thumbnail","hentry","category-gobierno-nacional","category-noticias"],"yoast_head":"<!-- This site is optimized with the Yoast SEO plugin v28.4 - https:\/\/yoast.com\/product\/yoast-seo-wordpress\/ -->\n<title>Inicia entrega del Bono Cuarentena Radical para trabajadores del sector independiente - MPPPST<\/title>\n<meta name=\"robots\" content=\"index, follow, max-snippet:-1, max-image-preview:large, max-video-preview:-1\" \/>\n<link rel=\"canonical\" href=\"https:\/\/www.mpppst.gob.ve\/mpppstweb\/index.php\/2021\/04\/07\/inicia-entrega-del-bono-cuarentena-radical-para-trabajadores-del-sector-independiente\/\" \/>\n<meta property=\"og:locale\" content=\"es_ES\" \/>\n<meta property=\"og:type\" content=\"article\" \/>\n<meta property=\"og:title\" content=\"Inicia entrega del Bono Cuarentena Radical para trabajadores del sector independiente - MPPPST\" \/>\n<meta property=\"og:description\" content=\"El Presidente Nicol\u00e1s Maduro aprob\u00f3 la entrega de un bono especial en el mes de abril &hellip; Inicia entrega del Bono Cuarentena Radical para trabajadores del sector independienteLeer m\u00e1s\" \/>\n<meta property=\"og:url\" content=\"https:\/\/www.mpppst.gob.ve\/mpppstweb\/index.php\/2021\/04\/07\/inicia-entrega-del-bono-cuarentena-radical-para-trabajadores-del-sector-independiente\/\" \/>\n<meta property=\"og:site_name\" content=\"MPPPST\" \/>\n<meta property=\"article:publisher\" content=\"https:\/\/www.facebook.com\/mintrabajo_ve\" \/>\n<meta property=\"article:published_time\" content=\"2021-04-07T12:55:40+00:00\" \/>\n<meta property=\"article:modified_time\" content=\"2021-04-07T12:55:41+00:00\" \/>\n<meta property=\"og:image\" content=\"https:\/\/www.mpppst.gob.ve\/mpppstweb\/wp-content\/uploads\/2021\/04\/inicia-entrega-bono-cuarentena-radical-trabajadores-sector-independiente-768x427-1.png\" \/>\n\t<meta property=\"og:image:width\" content=\"768\" \/>\n\t<meta property=\"og:image:height\" content=\"427\" \/>\n\t<meta property=\"og:image:type\" content=\"image\/png\" \/>\n<meta name=\"author\" content=\"MPPPST Prensa\" \/>\n<meta name=\"twitter:card\" content=\"summary_large_image\" \/>\n<script type=\"application\/ld+json\" class=\"yoast-schema-graph\">{\"@context\":\"https:\\\/\\\/schema.org\",\"@graph\":[{\"@type\":\"Article\",\"@id\":\"https:\\\/\\\/www.mpppst.gob.ve\\\/mpppstweb\\\/index.php\\\/2021\\\/04\\\/07\\\/inicia-entrega-del-bono-cuarentena-radical-para-trabajadores-del-sector-independiente\\\/#article\",\"isPartOf\":{\"@id\":\"https:\\\/\\\/www.mpppst.gob.ve\\\/mpppstweb\\\/index.php\\\/2021\\\/04\\\/07\\\/inicia-entrega-del-bono-cuarentena-radical-para-trabajadores-del-sector-independiente\\\/\"},\"author\":{\"name\":\"MPPPST Prensa\",\"@id\":\"https:\\\/\\\/www.mpppst.gob.ve\\\/mpppstweb\\\/#\\\/schema\\\/person\\\/fc187ee8ead412bd4c9304b62f900ea4\"},\"headline\":\"Inicia entrega del Bono Cuarentena Radical para trabajadores del sector independiente\",\"datePublished\":\"2021-04-07T12:55:40+00:00\",\"dateModified\":\"2021-04-07T12:55:41+00:00\",\"mainEntityOfPage\":{\"@id\":\"https:\\\/\\\/www.mpppst.gob.ve\\\/mpppstweb\\\/index.php\\\/2021\\\/04\\\/07\\\/inicia-entrega-del-bono-cuarentena-radical-para-trabajadores-del-sector-independiente\\\/\"},\"wordCount\":146,\"publisher\":{\"@id\":\"https:\\\/\\\/www.mpppst.gob.ve\\\/mpppstweb\\\/#organization\"},\"image\":{\"@id\":\"https:\\\/\\\/www.mpppst.gob.ve\\\/mpppstweb\\\/index.php\\\/2021\\\/04\\\/07\\\/inicia-entrega-del-bono-cuarentena-radical-para-trabajadores-del-sector-independiente\\\/#primaryimage\"},\"thumbnailUrl\":\"https:\\\/\\\/www.mpppst.gob.ve\\\/mpppstweb\\\/wp-content\\\/uploads\\\/2021\\\/04\\\/inicia-entrega-bono-cuarentena-radical-trabajadores-sector-independiente-768x427-1.png\",\"articleSection\":[\"Gobierno Nacional\",\"Noticias\"],\"inLanguage\":\"es\"},{\"@type\":\"WebPage\",\"@id\":\"https:\\\/\\\/www.mpppst.gob.ve\\\/mpppstweb\\\/index.php\\\/2021\\\/04\\\/07\\\/inicia-entrega-del-bono-cuarentena-radical-para-trabajadores-del-sector-independiente\\\/\",\"url\":\"https:\\\/\\\/www.mpppst.gob.ve\\\/mpppstweb\\\/index.php\\\/2021\\\/04\\\/07\\\/inicia-entrega-del-bono-cuarentena-radical-para-trabajadores-del-sector-independiente\\\/\",\"name\":\"Inicia entrega del Bono Cuarentena Radical para trabajadores del sector independiente - MPPPST\",\"isPartOf\":{\"@id\":\"https:\\\/\\\/www.mpppst.gob.ve\\\/mpppstweb\\\/#website\"},\"primaryImageOfPage\":{\"@id\":\"https:\\\/\\\/www.mpppst.gob.ve\\\/mpppstweb\\\/index.php\\\/2021\\\/04\\\/07\\\/inicia-entrega-del-bono-cuarentena-radical-para-trabajadores-del-sector-independiente\\\/#primaryimage\"},\"image\":{\"@id\":\"https:\\\/\\\/www.mpppst.gob.ve\\\/mpppstweb\\\/index.php\\\/2021\\\/04\\\/07\\\/inicia-entrega-del-bono-cuarentena-radical-para-trabajadores-del-sector-independiente\\\/#primaryimage\"},\"thumbnailUrl\":\"https:\\\/\\\/www.mpppst.gob.ve\\\/mpppstweb\\\/wp-content\\\/uploads\\\/2021\\\/04\\\/inicia-entrega-bono-cuarentena-radical-trabajadores-sector-independiente-768x427-1.png\",\"datePublished\":\"2021-04-07T12:55:40+00:00\",\"dateModified\":\"2021-04-07T12:55:41+00:00\",\"breadcrumb\":{\"@id\":\"https:\\\/\\\/www.mpppst.gob.ve\\\/mpppstweb\\\/index.php\\\/2021\\\/04\\\/07\\\/inicia-entrega-del-bono-cuarentena-radical-para-trabajadores-del-sector-independiente\\\/#breadcrumb\"},\"inLanguage\":\"es\",\"potentialAction\":[{\"@type\":\"ReadAction\",\"target\":[\"https:\\\/\\\/www.mpppst.gob.ve\\\/mpppstweb\\\/index.php\\\/2021\\\/04\\\/07\\\/inicia-entrega-del-bono-cuarentena-radical-para-trabajadores-del-sector-independiente\\\/\"]}]},{\"@type\":\"ImageObject\",\"inLanguage\":\"es\",\"@id\":\"https:\\\/\\\/www.mpppst.gob.ve\\\/mpppstweb\\\/index.php\\\/2021\\\/04\\\/07\\\/inicia-entrega-del-bono-cuarentena-radical-para-trabajadores-del-sector-independiente\\\/#primaryimage\",\"url\":\"https:\\\/\\\/www.mpppst.gob.ve\\\/mpppstweb\\\/wp-content\\\/uploads\\\/2021\\\/04\\\/inicia-entrega-bono-cuarentena-radical-trabajadores-sector-independiente-768x427-1.png\",\"contentUrl\":\"https:\\\/\\\/www.mpppst.gob.ve\\\/mpppstweb\\\/wp-content\\\/uploads\\\/2021\\\/04\\\/inicia-entrega-bono-cuarentena-radical-trabajadores-sector-independiente-768x427-1.png\",\"width\":768,\"height\":427},{\"@type\":\"BreadcrumbList\",\"@id\":\"https:\\\/\\\/www.mpppst.gob.ve\\\/mpppstweb\\\/index.php\\\/2021\\\/04\\\/07\\\/inicia-entrega-del-bono-cuarentena-radical-para-trabajadores-del-sector-independiente\\\/#breadcrumb\",\"itemListElement\":[{\"@type\":\"ListItem\",\"position\":1,\"name\":\"Home\",\"item\":\"https:\\\/\\\/www.mpppst.gob.ve\\\/mpppstweb\\\/\"},{\"@type\":\"ListItem\",\"position\":2,\"name\":\"Inicia entrega del Bono Cuarentena Radical para trabajadores del sector independiente\"}]},{\"@type\":\"WebSite\",\"@id\":\"https:\\\/\\\/www.mpppst.gob.ve\\\/mpppstweb\\\/#website\",\"url\":\"https:\\\/\\\/www.mpppst.gob.ve\\\/mpppstweb\\\/\",\"name\":\"MPPPST\",\"description\":\"Sitio web oficial del Ministerio del Poder Popular para el Proceso Social de Trabajo\",\"publisher\":{\"@id\":\"https:\\\/\\\/www.mpppst.gob.ve\\\/mpppstweb\\\/#organization\"},\"alternateName\":\"Ministerio del Poder Popular para el Proceso Social de Trabajo\",\"potentialAction\":[{\"@type\":\"SearchAction\",\"target\":{\"@type\":\"EntryPoint\",\"urlTemplate\":\"https:\\\/\\\/www.mpppst.gob.ve\\\/mpppstweb\\\/?s={search_term_string}\"},\"query-input\":{\"@type\":\"PropertyValueSpecification\",\"valueRequired\":true,\"valueName\":\"search_term_string\"}}],\"inLanguage\":\"es\"},{\"@type\":\"Organization\",\"@id\":\"https:\\\/\\\/www.mpppst.gob.ve\\\/mpppstweb\\\/#organization\",\"name\":\"Ministerio del Poder Popular para el Proceso Social de Trabajo\",\"alternateName\":\"MPPPST\",\"url\":\"https:\\\/\\\/www.mpppst.gob.ve\\\/mpppstweb\\\/\",\"logo\":{\"@type\":\"ImageObject\",\"inLanguage\":\"es\",\"@id\":\"https:\\\/\\\/www.mpppst.gob.ve\\\/mpppstweb\\\/#\\\/schema\\\/logo\\\/image\\\/\",\"url\":\"https:\\\/\\\/www.mpppst.gob.ve\\\/mpppstweb\\\/wp-content\\\/uploads\\\/2025\\\/07\\\/cropped-cropped-g910.png\",\"contentUrl\":\"https:\\\/\\\/www.mpppst.gob.ve\\\/mpppstweb\\\/wp-content\\\/uploads\\\/2025\\\/07\\\/cropped-cropped-g910.png\",\"width\":1080,\"height\":241,\"caption\":\"Ministerio del Poder Popular para el Proceso Social de Trabajo\"},\"image\":{\"@id\":\"https:\\\/\\\/www.mpppst.gob.ve\\\/mpppstweb\\\/#\\\/schema\\\/logo\\\/image\\\/\"},\"sameAs\":[\"https:\\\/\\\/www.facebook.com\\\/mintrabajo_ve\",\"https:\\\/\\\/www.instagram.com\\\/mintrabajo_ve\\\/\",\"https:\\\/\\\/www.tiktok.com\\\/@mintrabajo_ve\",\"https:\\\/\\\/t.me\\\/mpppst\"]},{\"@type\":\"Person\",\"@id\":\"https:\\\/\\\/www.mpppst.gob.ve\\\/mpppstweb\\\/#\\\/schema\\\/person\\\/fc187ee8ead412bd4c9304b62f900ea4\",\"name\":\"MPPPST Prensa\",\"url\":\"https:\\\/\\\/www.mpppst.gob.ve\\\/mpppstweb\\\/index.php\\\/author\\\/prensa-mpppst\\\/\"}]}<\/script>\n<!-- \/ Yoast SEO plugin. -->","yoast_head_json":{"title":"Inicia entrega del Bono Cuarentena Radical para trabajadores del sector independiente - MPPPST","robots":{"index":"index","follow":"follow","max-snippet":"max-snippet:-1","max-image-preview":"max-image-preview:large","max-video-preview":"max-video-preview:-1"},"canonical":"https:\/\/www.mpppst.gob.ve\/mpppstweb\/index.php\/2021\/04\/07\/inicia-entrega-del-bono-cuarentena-radical-para-trabajadores-del-sector-independiente\/","og_locale":"es_ES","og_type":"article","og_title":"Inicia entrega del Bono Cuarentena Radical para trabajadores del sector independiente - MPPPST","og_description":"El Presidente Nicol\u00e1s Maduro aprob\u00f3 la entrega de un bono especial en el mes de abril &hellip; Inicia entrega del Bono Cuarentena Radical para trabajadores del sector independienteLeer m\u00e1s","og_url":"https:\/\/www.mpppst.gob.ve\/mpppstweb\/index.php\/2021\/04\/07\/inicia-entrega-del-bono-cuarentena-radical-para-trabajadores-del-sector-independiente\/","og_site_name":"MPPPST","article_publisher":"https:\/\/www.facebook.com\/mintrabajo_ve","article_published_time":"2021-04-07T12:55:40+00:00","article_modified_time":"2021-04-07T12:55:41+00:00","og_image":[{"width":768,"height":427,"url":"https:\/\/www.mpppst.gob.ve\/mpppstweb\/wp-content\/uploads\/2021\/04\/inicia-entrega-bono-cuarentena-radical-trabajadores-sector-independiente-768x427-1.png","type":"image\/png"}],"author":"MPPPST Prensa","twitter_card":"summary_large_image","schema":{"@context":"https:\/\/schema.org","@graph":[{"@type":"Article","@id":"https:\/\/www.mpppst.gob.ve\/mpppstweb\/index.php\/2021\/04\/07\/inicia-entrega-del-bono-cuarentena-radical-para-trabajadores-del-sector-independiente\/#article","isPartOf":{"@id":"https:\/\/www.mpppst.gob.ve\/mpppstweb\/index.php\/2021\/04\/07\/inicia-entrega-del-bono-cuarentena-radical-para-trabajadores-del-sector-independiente\/"},"author":{"name":"MPPPST Prensa","@id":"https:\/\/www.mpppst.gob.ve\/mpppstweb\/#\/schema\/person\/fc187ee8ead412bd4c9304b62f900ea4"},"headline":"Inicia entrega del Bono Cuarentena Radical para trabajadores del sector independiente","datePublished":"2021-04-07T12:55:40+00:00","dateModified":"2021-04-07T12:55:41+00:00","mainEntityOfPage":{"@id":"https:\/\/www.mpppst.gob.ve\/mpppstweb\/index.php\/2021\/04\/07\/inicia-entrega-del-bono-cuarentena-radical-para-trabajadores-del-sector-independiente\/"},"wordCount":146,"publisher":{"@id":"https:\/\/www.mpppst.gob.ve\/mpppstweb\/#organization"},"image":{"@id":"https:\/\/www.mpppst.gob.ve\/mpppstweb\/index.php\/2021\/04\/07\/inicia-entrega-del-bono-cuarentena-radical-para-trabajadores-del-sector-independiente\/#primaryimage"},"thumbnailUrl":"https:\/\/www.mpppst.gob.ve\/mpppstweb\/wp-content\/uploads\/2021\/04\/inicia-entrega-bono-cuarentena-radical-trabajadores-sector-independiente-768x427-1.png","articleSection":["Gobierno Nacional","Noticias"],"inLanguage":"es"},{"@type":"WebPage","@id":"https:\/\/www.mpppst.gob.ve\/mpppstweb\/index.php\/2021\/04\/07\/inicia-entrega-del-bono-cuarentena-radical-para-trabajadores-del-sector-independiente\/","url":"https:\/\/www.mpppst.gob.ve\/mpppstweb\/index.php\/2021\/04\/07\/inicia-entrega-del-bono-cuarentena-radical-para-trabajadores-del-sector-independiente\/","name":"Inicia entrega del Bono Cuarentena Radical para trabajadores del sector independiente - MPPPST","isPartOf":{"@id":"https:\/\/www.mpppst.gob.ve\/mpppstweb\/#website"},"primaryImageOfPage":{"@id":"https:\/\/www.mpppst.gob.ve\/mpppstweb\/index.php\/2021\/04\/07\/inicia-entrega-del-bono-cuarentena-radical-para-trabajadores-del-sector-independiente\/#primaryimage"},"image":{"@id":"https:\/\/www.mpppst.gob.ve\/mpppstweb\/index.php\/2021\/04\/07\/inicia-entrega-del-bono-cuarentena-radical-para-trabajadores-del-sector-independiente\/#primaryimage"},"thumbnailUrl":"https:\/\/www.mpppst.gob.ve\/mpppstweb\/wp-content\/uploads\/2021\/04\/inicia-entrega-bono-cuarentena-radical-trabajadores-sector-independiente-768x427-1.png","datePublished":"2021-04-07T12:55:40+00:00","dateModified":"2021-04-07T12:55:41+00:00","breadcrumb":{"@id":"https:\/\/www.mpppst.gob.ve\/mpppstweb\/index.php\/2021\/04\/07\/inicia-entrega-del-bono-cuarentena-radical-para-trabajadores-del-sector-independiente\/#breadcrumb"},"inLanguage":"es","potentialAction":[{"@type":"ReadAction","target":["https:\/\/www.mpppst.gob.ve\/mpppstweb\/index.php\/2021\/04\/07\/inicia-entrega-del-bono-cuarentena-radical-para-trabajadores-del-sector-independiente\/"]}]},{"@type":"ImageObject","inLanguage":"es","@id":"https:\/\/www.mpppst.gob.ve\/mpppstweb\/index.php\/2021\/04\/07\/inicia-entrega-del-bono-cuarentena-radical-para-trabajadores-del-sector-independiente\/#primaryimage","url":"https:\/\/www.mpppst.gob.ve\/mpppstweb\/wp-content\/uploads\/2021\/04\/inicia-entrega-bono-cuarentena-radical-trabajadores-sector-independiente-768x427-1.png","contentUrl":"https:\/\/www.mpppst.gob.ve\/mpppstweb\/wp-content\/uploads\/2021\/04\/inicia-entrega-bono-cuarentena-radical-trabajadores-sector-independiente-768x427-1.png","width":768,"height":427},{"@type":"BreadcrumbList","@id":"https:\/\/www.mpppst.gob.ve\/mpppstweb\/index.php\/2021\/04\/07\/inicia-entrega-del-bono-cuarentena-radical-para-trabajadores-del-sector-independiente\/#breadcrumb","itemListElement":[{"@type":"ListItem","position":1,"name":"Home","item":"https:\/\/www.mpppst.gob.ve\/mpppstweb\/"},{"@type":"ListItem","position":2,"name":"Inicia entrega del Bono Cuarentena Radical para trabajadores del sector independiente"}]},{"@type":"WebSite","@id":"https:\/\/www.mpppst.gob.ve\/mpppstweb\/#website","url":"https:\/\/www.mpppst.gob.ve\/mpppstweb\/","name":"MPPPST","description":"Sitio web oficial del Ministerio del Poder Popular para el Proceso Social de Trabajo","publisher":{"@id":"https:\/\/www.mpppst.gob.ve\/mpppstweb\/#organization"},"alternateName":"Ministerio del Poder Popular para el Proceso Social de Trabajo","potentialAction":[{"@type":"SearchAction","target":{"@type":"EntryPoint","urlTemplate":"https:\/\/www.mpppst.gob.ve\/mpppstweb\/?s={search_term_string}"},"query-input":{"@type":"PropertyValueSpecification","valueRequired":true,"valueName":"search_term_string"}}],"inLanguage":"es"},{"@type":"Organization","@id":"https:\/\/www.mpppst.gob.ve\/mpppstweb\/#organization","name":"Ministerio del Poder Popular para el Proceso Social de Trabajo","alternateName":"MPPPST","url":"https:\/\/www.mpppst.gob.ve\/mpppstweb\/","logo":{"@type":"ImageObject","inLanguage":"es","@id":"https:\/\/www.mpppst.gob.ve\/mpppstweb\/#\/schema\/logo\/image\/","url":"https:\/\/www.mpppst.gob.ve\/mpppstweb\/wp-content\/uploads\/2025\/07\/cropped-cropped-g910.png","contentUrl":"https:\/\/www.mpppst.gob.ve\/mpppstweb\/wp-content\/uploads\/2025\/07\/cropped-cropped-g910.png","width":1080,"height":241,"caption":"Ministerio del Poder Popular para el Proceso Social de Trabajo"},"image":{"@id":"https:\/\/www.mpppst.gob.ve\/mpppstweb\/#\/schema\/logo\/image\/"},"sameAs":["https:\/\/www.facebook.com\/mintrabajo_ve","https:\/\/www.instagram.com\/mintrabajo_ve\/","https:\/\/www.tiktok.com\/@mintrabajo_ve","https:\/\/t.me\/mpppst"]},{"@type":"Person","@id":"https:\/\/www.mpppst.gob.ve\/mpppstweb\/#\/schema\/person\/fc187ee8ead412bd4c9304b62f900ea4","name":"MPPPST Prensa","url":"https:\/\/www.mpppst.gob.ve\/mpppstweb\/index.php\/author\/prensa-mpppst\/"}]}},"_links":{"self":[{"href":"https:\/\/www.mpppst.gob.ve\/mpppstweb\/index.php\/wp-json\/wp\/v2\/posts\/22028","targetHints":{"allow":["GET"]}}],"collection":[{"href":"https:\/\/www.mpppst.gob.ve\/mpppstweb\/index.php\/wp-json\/wp\/v2\/posts"}],"about":[{"href":"https:\/\/www.mpppst.gob.ve\/mpppstweb\/index.php\/wp-json\/wp\/v2\/types\/post"}],"author":[{"embeddable":true,"href":"https:\/\/www.mpppst.gob.ve\/mpppstweb\/index.php\/wp-json\/wp\/v2\/users\/25"}],"replies":[{"embeddable":true,"href":"https:\/\/www.mpppst.gob.ve\/mpppstweb\/index.php\/wp-json\/wp\/v2\/comments?post=22028"}],"version-history":[{"count":1,"href":"https:\/\/www.mpppst.gob.ve\/mpppstweb\/index.php\/wp-json\/wp\/v2\/posts\/22028\/revisions"}],"predecessor-version":[{"id":22030,"href":"https:\/\/www.mpppst.gob.ve\/mpppstweb\/index.php\/wp-json\/wp\/v2\/posts\/22028\/revisions\/22030"}],"wp:featuredmedia":[{"embeddable":true,"href":"https:\/\/www.mpppst.gob.ve\/mpppstweb\/index.php\/wp-json\/wp\/v2\/media\/22029"}],"wp:attachment":[{"href":"https:\/\/www.mpppst.gob.ve\/mpppstweb\/index.php\/wp-json\/wp\/v2\/media?parent=22028"}],"wp:term":[{"taxonomy":"category","embeddable":true,"href":"https:\/\/www.mpppst.gob.ve\/mpppstweb\/index.php\/wp-json\/wp\/v2\/categories?post=22028"},{"taxonomy":"post_tag","embeddable":true,"href":"https:\/\/www.mpppst.gob.ve\/mpppstweb\/index.php\/wp-json\/wp\/v2\/tags?post=22028"}],"curies":[{"name":"wp","href":"https:\/\/api.w.org\/{rel}","templated":true}]}}