{"id":22054,"date":"2021-04-09T13:26:43","date_gmt":"2021-04-09T17:26:43","guid":{"rendered":"http:\/\/www.mpppst.gob.ve\/mpppstweb\/?p=22054"},"modified":"2021-04-09T13:27:32","modified_gmt":"2021-04-09T17:27:32","slug":"clase-obrera-de-venvidrio-fabrica-chaquetas-para-hornos-de-planta-valera-con-el-objetivo-de-potenciar-la-produccion-de-envases","status":"publish","type":"post","link":"https:\/\/www.mpppst.gob.ve\/mpppstweb\/index.php\/2021\/04\/09\/clase-obrera-de-venvidrio-fabrica-chaquetas-para-hornos-de-planta-valera-con-el-objetivo-de-potenciar-la-produccion-de-envases\/","title":{"rendered":"Clase Obrera de Venvidrio fabrica Chaquetas para hornos de Planta Valera con el objetivo de potenciar la producci\u00f3n de envases"},"content":{"rendered":"\n<p class=\"wp-block-paragraph\">La clase obrera de Venvidrio se dedica a la fabricaci\u00f3n de&nbsp;chaquetas para los hornos en la Planta Valera, ubicada en el estado Trujillo.<\/p>\n\n\n\n<p class=\"wp-block-paragraph\">As\u00ed lo dio a conocer el presidente de esta empresa del Estado, Henry Jim\u00e9nez Pe\u00f1a, a trav\u00e9s de una publicaci\u00f3n que comparti\u00f3 a trav\u00e9s de la red social Twiter.&nbsp;<\/p>\n\n\n\n<p class=\"wp-block-paragraph\">La publicaci\u00f3n est\u00e1 acompa\u00f1ada de un material audiovisual en el que se demuestra como la clase trabajadora elabora estas importantes piezas para los hornos que permitir\u00e1n potenciar la producci\u00f3n de envases de vidrio.&nbsp; &nbsp;<\/p>\n\n\n\n<p class=\"wp-block-paragraph\">Jim\u00e9nez Pe\u00f1a destac\u00f3 que cada pieza que fabrica la clase obrera de Venvidrio&nbsp;fortalece los espacios para potenciar la producci\u00f3n y vencen el bloqueo imperial al que ha sido sometido el pueblo venezolano.<\/p>\n\n\n\n<p class=\"wp-block-paragraph\"><\/p>\n","protected":false},"excerpt":{"rendered":"<p>La clase obrera de Venvidrio se dedica a la fabricaci\u00f3n de&nbsp;chaquetas para los hornos en la &hellip; <a title=\"Clase Obrera de Venvidrio fabrica Chaquetas para hornos de Planta Valera con el objetivo de potenciar la producci\u00f3n de envases\" class=\"hm-read-more\" href=\"https:\/\/www.mpppst.gob.ve\/mpppstweb\/index.php\/2021\/04\/09\/clase-obrera-de-venvidrio-fabrica-chaquetas-para-hornos-de-planta-valera-con-el-objetivo-de-potenciar-la-produccion-de-envases\/\"><span class=\"screen-reader-text\">Clase Obrera de Venvidrio fabrica Chaquetas para hornos de Planta Valera con el objetivo de potenciar la producci\u00f3n de envases<\/span>Leer m\u00e1s<\/a><\/p>\n","protected":false},"author":25,"featured_media":22056,"comment_status":"closed","ping_status":"closed","sticky":false,"template":"","format":"standard","meta":{"footnotes":""},"categories":[82,163],"tags":[],"class_list":["post-22054","post","type-post","status-publish","format-standard","has-post-thumbnail","hentry","category-gobierno-nacional","category-noticias"],"yoast_head":"<!-- This site is optimized with the Yoast SEO plugin v28.4 - https:\/\/yoast.com\/product\/yoast-seo-wordpress\/ -->\n<title>Clase Obrera de Venvidrio fabrica Chaquetas para hornos de Planta Valera con el objetivo de potenciar la producci\u00f3n de envases - MPPPST<\/title>\n<meta name=\"robots\" content=\"index, follow, max-snippet:-1, max-image-preview:large, max-video-preview:-1\" \/>\n<link rel=\"canonical\" href=\"https:\/\/www.mpppst.gob.ve\/mpppstweb\/index.php\/2021\/04\/09\/clase-obrera-de-venvidrio-fabrica-chaquetas-para-hornos-de-planta-valera-con-el-objetivo-de-potenciar-la-produccion-de-envases\/\" \/>\n<meta property=\"og:locale\" content=\"es_ES\" \/>\n<meta property=\"og:type\" content=\"article\" \/>\n<meta property=\"og:title\" content=\"Clase Obrera de Venvidrio fabrica Chaquetas para hornos de Planta Valera con el objetivo de potenciar la producci\u00f3n de envases - MPPPST\" \/>\n<meta property=\"og:description\" content=\"La clase obrera de Venvidrio se dedica a la fabricaci\u00f3n de&nbsp;chaquetas para los hornos en la &hellip; Clase Obrera de Venvidrio fabrica Chaquetas para hornos de Planta Valera con el objetivo de potenciar la producci\u00f3n de envasesLeer m\u00e1s\" \/>\n<meta property=\"og:url\" content=\"https:\/\/www.mpppst.gob.ve\/mpppstweb\/index.php\/2021\/04\/09\/clase-obrera-de-venvidrio-fabrica-chaquetas-para-hornos-de-planta-valera-con-el-objetivo-de-potenciar-la-produccion-de-envases\/\" \/>\n<meta property=\"og:site_name\" content=\"MPPPST\" \/>\n<meta property=\"article:publisher\" content=\"https:\/\/www.facebook.com\/mintrabajo_ve\" \/>\n<meta property=\"article:published_time\" content=\"2021-04-09T17:26:43+00:00\" \/>\n<meta property=\"article:modified_time\" content=\"2021-04-09T17:27:32+00:00\" \/>\n<meta property=\"og:image\" content=\"https:\/\/www.mpppst.gob.ve\/mpppstweb\/wp-content\/uploads\/2021\/04\/venvidrio-trujillo.png\" \/>\n\t<meta property=\"og:image:width\" content=\"800\" \/>\n\t<meta property=\"og:image:height\" content=\"445\" \/>\n\t<meta property=\"og:image:type\" content=\"image\/png\" \/>\n<meta name=\"author\" content=\"MPPPST Prensa\" \/>\n<meta name=\"twitter:card\" content=\"summary_large_image\" \/>\n<script type=\"application\/ld+json\" class=\"yoast-schema-graph\">{\"@context\":\"https:\\\/\\\/schema.org\",\"@graph\":[{\"@type\":\"Article\",\"@id\":\"https:\\\/\\\/www.mpppst.gob.ve\\\/mpppstweb\\\/index.php\\\/2021\\\/04\\\/09\\\/clase-obrera-de-venvidrio-fabrica-chaquetas-para-hornos-de-planta-valera-con-el-objetivo-de-potenciar-la-produccion-de-envases\\\/#article\",\"isPartOf\":{\"@id\":\"https:\\\/\\\/www.mpppst.gob.ve\\\/mpppstweb\\\/index.php\\\/2021\\\/04\\\/09\\\/clase-obrera-de-venvidrio-fabrica-chaquetas-para-hornos-de-planta-valera-con-el-objetivo-de-potenciar-la-produccion-de-envases\\\/\"},\"author\":{\"name\":\"MPPPST Prensa\",\"@id\":\"https:\\\/\\\/www.mpppst.gob.ve\\\/mpppstweb\\\/#\\\/schema\\\/person\\\/fc187ee8ead412bd4c9304b62f900ea4\"},\"headline\":\"Clase Obrera de Venvidrio fabrica Chaquetas para hornos de Planta Valera con el objetivo de potenciar la producci\u00f3n de envases\",\"datePublished\":\"2021-04-09T17:26:43+00:00\",\"dateModified\":\"2021-04-09T17:27:32+00:00\",\"mainEntityOfPage\":{\"@id\":\"https:\\\/\\\/www.mpppst.gob.ve\\\/mpppstweb\\\/index.php\\\/2021\\\/04\\\/09\\\/clase-obrera-de-venvidrio-fabrica-chaquetas-para-hornos-de-planta-valera-con-el-objetivo-de-potenciar-la-produccion-de-envases\\\/\"},\"wordCount\":158,\"publisher\":{\"@id\":\"https:\\\/\\\/www.mpppst.gob.ve\\\/mpppstweb\\\/#organization\"},\"image\":{\"@id\":\"https:\\\/\\\/www.mpppst.gob.ve\\\/mpppstweb\\\/index.php\\\/2021\\\/04\\\/09\\\/clase-obrera-de-venvidrio-fabrica-chaquetas-para-hornos-de-planta-valera-con-el-objetivo-de-potenciar-la-produccion-de-envases\\\/#primaryimage\"},\"thumbnailUrl\":\"https:\\\/\\\/www.mpppst.gob.ve\\\/mpppstweb\\\/wp-content\\\/uploads\\\/2021\\\/04\\\/venvidrio-trujillo.png\",\"articleSection\":[\"Gobierno Nacional\",\"Noticias\"],\"inLanguage\":\"es\"},{\"@type\":\"WebPage\",\"@id\":\"https:\\\/\\\/www.mpppst.gob.ve\\\/mpppstweb\\\/index.php\\\/2021\\\/04\\\/09\\\/clase-obrera-de-venvidrio-fabrica-chaquetas-para-hornos-de-planta-valera-con-el-objetivo-de-potenciar-la-produccion-de-envases\\\/\",\"url\":\"https:\\\/\\\/www.mpppst.gob.ve\\\/mpppstweb\\\/index.php\\\/2021\\\/04\\\/09\\\/clase-obrera-de-venvidrio-fabrica-chaquetas-para-hornos-de-planta-valera-con-el-objetivo-de-potenciar-la-produccion-de-envases\\\/\",\"name\":\"Clase Obrera de Venvidrio fabrica Chaquetas para hornos de Planta Valera con el objetivo de potenciar la producci\u00f3n de envases - MPPPST\",\"isPartOf\":{\"@id\":\"https:\\\/\\\/www.mpppst.gob.ve\\\/mpppstweb\\\/#website\"},\"primaryImageOfPage\":{\"@id\":\"https:\\\/\\\/www.mpppst.gob.ve\\\/mpppstweb\\\/index.php\\\/2021\\\/04\\\/09\\\/clase-obrera-de-venvidrio-fabrica-chaquetas-para-hornos-de-planta-valera-con-el-objetivo-de-potenciar-la-produccion-de-envases\\\/#primaryimage\"},\"image\":{\"@id\":\"https:\\\/\\\/www.mpppst.gob.ve\\\/mpppstweb\\\/index.php\\\/2021\\\/04\\\/09\\\/clase-obrera-de-venvidrio-fabrica-chaquetas-para-hornos-de-planta-valera-con-el-objetivo-de-potenciar-la-produccion-de-envases\\\/#primaryimage\"},\"thumbnailUrl\":\"https:\\\/\\\/www.mpppst.gob.ve\\\/mpppstweb\\\/wp-content\\\/uploads\\\/2021\\\/04\\\/venvidrio-trujillo.png\",\"datePublished\":\"2021-04-09T17:26:43+00:00\",\"dateModified\":\"2021-04-09T17:27:32+00:00\",\"breadcrumb\":{\"@id\":\"https:\\\/\\\/www.mpppst.gob.ve\\\/mpppstweb\\\/index.php\\\/2021\\\/04\\\/09\\\/clase-obrera-de-venvidrio-fabrica-chaquetas-para-hornos-de-planta-valera-con-el-objetivo-de-potenciar-la-produccion-de-envases\\\/#breadcrumb\"},\"inLanguage\":\"es\",\"potentialAction\":[{\"@type\":\"ReadAction\",\"target\":[\"https:\\\/\\\/www.mpppst.gob.ve\\\/mpppstweb\\\/index.php\\\/2021\\\/04\\\/09\\\/clase-obrera-de-venvidrio-fabrica-chaquetas-para-hornos-de-planta-valera-con-el-objetivo-de-potenciar-la-produccion-de-envases\\\/\"]}]},{\"@type\":\"ImageObject\",\"inLanguage\":\"es\",\"@id\":\"https:\\\/\\\/www.mpppst.gob.ve\\\/mpppstweb\\\/index.php\\\/2021\\\/04\\\/09\\\/clase-obrera-de-venvidrio-fabrica-chaquetas-para-hornos-de-planta-valera-con-el-objetivo-de-potenciar-la-produccion-de-envases\\\/#primaryimage\",\"url\":\"https:\\\/\\\/www.mpppst.gob.ve\\\/mpppstweb\\\/wp-content\\\/uploads\\\/2021\\\/04\\\/venvidrio-trujillo.png\",\"contentUrl\":\"https:\\\/\\\/www.mpppst.gob.ve\\\/mpppstweb\\\/wp-content\\\/uploads\\\/2021\\\/04\\\/venvidrio-trujillo.png\",\"width\":800,\"height\":445},{\"@type\":\"BreadcrumbList\",\"@id\":\"https:\\\/\\\/www.mpppst.gob.ve\\\/mpppstweb\\\/index.php\\\/2021\\\/04\\\/09\\\/clase-obrera-de-venvidrio-fabrica-chaquetas-para-hornos-de-planta-valera-con-el-objetivo-de-potenciar-la-produccion-de-envases\\\/#breadcrumb\",\"itemListElement\":[{\"@type\":\"ListItem\",\"position\":1,\"name\":\"Home\",\"item\":\"https:\\\/\\\/www.mpppst.gob.ve\\\/mpppstweb\\\/\"},{\"@type\":\"ListItem\",\"position\":2,\"name\":\"Clase Obrera de Venvidrio fabrica Chaquetas para hornos de Planta Valera con el objetivo de potenciar la producci\u00f3n de envases\"}]},{\"@type\":\"WebSite\",\"@id\":\"https:\\\/\\\/www.mpppst.gob.ve\\\/mpppstweb\\\/#website\",\"url\":\"https:\\\/\\\/www.mpppst.gob.ve\\\/mpppstweb\\\/\",\"name\":\"MPPPST\",\"description\":\"Sitio web oficial del Ministerio del Poder Popular para el Proceso Social de Trabajo\",\"publisher\":{\"@id\":\"https:\\\/\\\/www.mpppst.gob.ve\\\/mpppstweb\\\/#organization\"},\"alternateName\":\"Ministerio del Poder Popular para el Proceso Social de Trabajo\",\"potentialAction\":[{\"@type\":\"SearchAction\",\"target\":{\"@type\":\"EntryPoint\",\"urlTemplate\":\"https:\\\/\\\/www.mpppst.gob.ve\\\/mpppstweb\\\/?s={search_term_string}\"},\"query-input\":{\"@type\":\"PropertyValueSpecification\",\"valueRequired\":true,\"valueName\":\"search_term_string\"}}],\"inLanguage\":\"es\"},{\"@type\":\"Organization\",\"@id\":\"https:\\\/\\\/www.mpppst.gob.ve\\\/mpppstweb\\\/#organization\",\"name\":\"Ministerio del Poder Popular para el Proceso Social de Trabajo\",\"alternateName\":\"MPPPST\",\"url\":\"https:\\\/\\\/www.mpppst.gob.ve\\\/mpppstweb\\\/\",\"logo\":{\"@type\":\"ImageObject\",\"inLanguage\":\"es\",\"@id\":\"https:\\\/\\\/www.mpppst.gob.ve\\\/mpppstweb\\\/#\\\/schema\\\/logo\\\/image\\\/\",\"url\":\"https:\\\/\\\/www.mpppst.gob.ve\\\/mpppstweb\\\/wp-content\\\/uploads\\\/2025\\\/07\\\/cropped-cropped-g910.png\",\"contentUrl\":\"https:\\\/\\\/www.mpppst.gob.ve\\\/mpppstweb\\\/wp-content\\\/uploads\\\/2025\\\/07\\\/cropped-cropped-g910.png\",\"width\":1080,\"height\":241,\"caption\":\"Ministerio del Poder Popular para el Proceso Social de Trabajo\"},\"image\":{\"@id\":\"https:\\\/\\\/www.mpppst.gob.ve\\\/mpppstweb\\\/#\\\/schema\\\/logo\\\/image\\\/\"},\"sameAs\":[\"https:\\\/\\\/www.facebook.com\\\/mintrabajo_ve\",\"https:\\\/\\\/www.instagram.com\\\/mintrabajo_ve\\\/\",\"https:\\\/\\\/www.tiktok.com\\\/@mintrabajo_ve\",\"https:\\\/\\\/t.me\\\/mpppst\"]},{\"@type\":\"Person\",\"@id\":\"https:\\\/\\\/www.mpppst.gob.ve\\\/mpppstweb\\\/#\\\/schema\\\/person\\\/fc187ee8ead412bd4c9304b62f900ea4\",\"name\":\"MPPPST Prensa\",\"url\":\"https:\\\/\\\/www.mpppst.gob.ve\\\/mpppstweb\\\/index.php\\\/author\\\/prensa-mpppst\\\/\"}]}<\/script>\n<!-- \/ Yoast SEO plugin. -->","yoast_head_json":{"title":"Clase Obrera de Venvidrio fabrica Chaquetas para hornos de Planta Valera con el objetivo de potenciar la producci\u00f3n de envases - MPPPST","robots":{"index":"index","follow":"follow","max-snippet":"max-snippet:-1","max-image-preview":"max-image-preview:large","max-video-preview":"max-video-preview:-1"},"canonical":"https:\/\/www.mpppst.gob.ve\/mpppstweb\/index.php\/2021\/04\/09\/clase-obrera-de-venvidrio-fabrica-chaquetas-para-hornos-de-planta-valera-con-el-objetivo-de-potenciar-la-produccion-de-envases\/","og_locale":"es_ES","og_type":"article","og_title":"Clase Obrera de Venvidrio fabrica Chaquetas para hornos de Planta Valera con el objetivo de potenciar la producci\u00f3n de envases - MPPPST","og_description":"La clase obrera de Venvidrio se dedica a la fabricaci\u00f3n de&nbsp;chaquetas para los hornos en la &hellip; Clase Obrera de Venvidrio fabrica Chaquetas para hornos de Planta Valera con el objetivo de potenciar la producci\u00f3n de envasesLeer m\u00e1s","og_url":"https:\/\/www.mpppst.gob.ve\/mpppstweb\/index.php\/2021\/04\/09\/clase-obrera-de-venvidrio-fabrica-chaquetas-para-hornos-de-planta-valera-con-el-objetivo-de-potenciar-la-produccion-de-envases\/","og_site_name":"MPPPST","article_publisher":"https:\/\/www.facebook.com\/mintrabajo_ve","article_published_time":"2021-04-09T17:26:43+00:00","article_modified_time":"2021-04-09T17:27:32+00:00","og_image":[{"width":800,"height":445,"url":"https:\/\/www.mpppst.gob.ve\/mpppstweb\/wp-content\/uploads\/2021\/04\/venvidrio-trujillo.png","type":"image\/png"}],"author":"MPPPST Prensa","twitter_card":"summary_large_image","schema":{"@context":"https:\/\/schema.org","@graph":[{"@type":"Article","@id":"https:\/\/www.mpppst.gob.ve\/mpppstweb\/index.php\/2021\/04\/09\/clase-obrera-de-venvidrio-fabrica-chaquetas-para-hornos-de-planta-valera-con-el-objetivo-de-potenciar-la-produccion-de-envases\/#article","isPartOf":{"@id":"https:\/\/www.mpppst.gob.ve\/mpppstweb\/index.php\/2021\/04\/09\/clase-obrera-de-venvidrio-fabrica-chaquetas-para-hornos-de-planta-valera-con-el-objetivo-de-potenciar-la-produccion-de-envases\/"},"author":{"name":"MPPPST Prensa","@id":"https:\/\/www.mpppst.gob.ve\/mpppstweb\/#\/schema\/person\/fc187ee8ead412bd4c9304b62f900ea4"},"headline":"Clase Obrera de Venvidrio fabrica Chaquetas para hornos de Planta Valera con el objetivo de potenciar la producci\u00f3n de envases","datePublished":"2021-04-09T17:26:43+00:00","dateModified":"2021-04-09T17:27:32+00:00","mainEntityOfPage":{"@id":"https:\/\/www.mpppst.gob.ve\/mpppstweb\/index.php\/2021\/04\/09\/clase-obrera-de-venvidrio-fabrica-chaquetas-para-hornos-de-planta-valera-con-el-objetivo-de-potenciar-la-produccion-de-envases\/"},"wordCount":158,"publisher":{"@id":"https:\/\/www.mpppst.gob.ve\/mpppstweb\/#organization"},"image":{"@id":"https:\/\/www.mpppst.gob.ve\/mpppstweb\/index.php\/2021\/04\/09\/clase-obrera-de-venvidrio-fabrica-chaquetas-para-hornos-de-planta-valera-con-el-objetivo-de-potenciar-la-produccion-de-envases\/#primaryimage"},"thumbnailUrl":"https:\/\/www.mpppst.gob.ve\/mpppstweb\/wp-content\/uploads\/2021\/04\/venvidrio-trujillo.png","articleSection":["Gobierno Nacional","Noticias"],"inLanguage":"es"},{"@type":"WebPage","@id":"https:\/\/www.mpppst.gob.ve\/mpppstweb\/index.php\/2021\/04\/09\/clase-obrera-de-venvidrio-fabrica-chaquetas-para-hornos-de-planta-valera-con-el-objetivo-de-potenciar-la-produccion-de-envases\/","url":"https:\/\/www.mpppst.gob.ve\/mpppstweb\/index.php\/2021\/04\/09\/clase-obrera-de-venvidrio-fabrica-chaquetas-para-hornos-de-planta-valera-con-el-objetivo-de-potenciar-la-produccion-de-envases\/","name":"Clase Obrera de Venvidrio fabrica Chaquetas para hornos de Planta Valera con el objetivo de potenciar la producci\u00f3n de envases - MPPPST","isPartOf":{"@id":"https:\/\/www.mpppst.gob.ve\/mpppstweb\/#website"},"primaryImageOfPage":{"@id":"https:\/\/www.mpppst.gob.ve\/mpppstweb\/index.php\/2021\/04\/09\/clase-obrera-de-venvidrio-fabrica-chaquetas-para-hornos-de-planta-valera-con-el-objetivo-de-potenciar-la-produccion-de-envases\/#primaryimage"},"image":{"@id":"https:\/\/www.mpppst.gob.ve\/mpppstweb\/index.php\/2021\/04\/09\/clase-obrera-de-venvidrio-fabrica-chaquetas-para-hornos-de-planta-valera-con-el-objetivo-de-potenciar-la-produccion-de-envases\/#primaryimage"},"thumbnailUrl":"https:\/\/www.mpppst.gob.ve\/mpppstweb\/wp-content\/uploads\/2021\/04\/venvidrio-trujillo.png","datePublished":"2021-04-09T17:26:43+00:00","dateModified":"2021-04-09T17:27:32+00:00","breadcrumb":{"@id":"https:\/\/www.mpppst.gob.ve\/mpppstweb\/index.php\/2021\/04\/09\/clase-obrera-de-venvidrio-fabrica-chaquetas-para-hornos-de-planta-valera-con-el-objetivo-de-potenciar-la-produccion-de-envases\/#breadcrumb"},"inLanguage":"es","potentialAction":[{"@type":"ReadAction","target":["https:\/\/www.mpppst.gob.ve\/mpppstweb\/index.php\/2021\/04\/09\/clase-obrera-de-venvidrio-fabrica-chaquetas-para-hornos-de-planta-valera-con-el-objetivo-de-potenciar-la-produccion-de-envases\/"]}]},{"@type":"ImageObject","inLanguage":"es","@id":"https:\/\/www.mpppst.gob.ve\/mpppstweb\/index.php\/2021\/04\/09\/clase-obrera-de-venvidrio-fabrica-chaquetas-para-hornos-de-planta-valera-con-el-objetivo-de-potenciar-la-produccion-de-envases\/#primaryimage","url":"https:\/\/www.mpppst.gob.ve\/mpppstweb\/wp-content\/uploads\/2021\/04\/venvidrio-trujillo.png","contentUrl":"https:\/\/www.mpppst.gob.ve\/mpppstweb\/wp-content\/uploads\/2021\/04\/venvidrio-trujillo.png","width":800,"height":445},{"@type":"BreadcrumbList","@id":"https:\/\/www.mpppst.gob.ve\/mpppstweb\/index.php\/2021\/04\/09\/clase-obrera-de-venvidrio-fabrica-chaquetas-para-hornos-de-planta-valera-con-el-objetivo-de-potenciar-la-produccion-de-envases\/#breadcrumb","itemListElement":[{"@type":"ListItem","position":1,"name":"Home","item":"https:\/\/www.mpppst.gob.ve\/mpppstweb\/"},{"@type":"ListItem","position":2,"name":"Clase Obrera de Venvidrio fabrica Chaquetas para hornos de Planta Valera con el objetivo de potenciar la producci\u00f3n de envases"}]},{"@type":"WebSite","@id":"https:\/\/www.mpppst.gob.ve\/mpppstweb\/#website","url":"https:\/\/www.mpppst.gob.ve\/mpppstweb\/","name":"MPPPST","description":"Sitio web oficial del Ministerio del Poder Popular para el Proceso Social de Trabajo","publisher":{"@id":"https:\/\/www.mpppst.gob.ve\/mpppstweb\/#organization"},"alternateName":"Ministerio del Poder Popular para el Proceso Social de Trabajo","potentialAction":[{"@type":"SearchAction","target":{"@type":"EntryPoint","urlTemplate":"https:\/\/www.mpppst.gob.ve\/mpppstweb\/?s={search_term_string}"},"query-input":{"@type":"PropertyValueSpecification","valueRequired":true,"valueName":"search_term_string"}}],"inLanguage":"es"},{"@type":"Organization","@id":"https:\/\/www.mpppst.gob.ve\/mpppstweb\/#organization","name":"Ministerio del Poder Popular para el Proceso Social de Trabajo","alternateName":"MPPPST","url":"https:\/\/www.mpppst.gob.ve\/mpppstweb\/","logo":{"@type":"ImageObject","inLanguage":"es","@id":"https:\/\/www.mpppst.gob.ve\/mpppstweb\/#\/schema\/logo\/image\/","url":"https:\/\/www.mpppst.gob.ve\/mpppstweb\/wp-content\/uploads\/2025\/07\/cropped-cropped-g910.png","contentUrl":"https:\/\/www.mpppst.gob.ve\/mpppstweb\/wp-content\/uploads\/2025\/07\/cropped-cropped-g910.png","width":1080,"height":241,"caption":"Ministerio del Poder Popular para el Proceso Social de Trabajo"},"image":{"@id":"https:\/\/www.mpppst.gob.ve\/mpppstweb\/#\/schema\/logo\/image\/"},"sameAs":["https:\/\/www.facebook.com\/mintrabajo_ve","https:\/\/www.instagram.com\/mintrabajo_ve\/","https:\/\/www.tiktok.com\/@mintrabajo_ve","https:\/\/t.me\/mpppst"]},{"@type":"Person","@id":"https:\/\/www.mpppst.gob.ve\/mpppstweb\/#\/schema\/person\/fc187ee8ead412bd4c9304b62f900ea4","name":"MPPPST Prensa","url":"https:\/\/www.mpppst.gob.ve\/mpppstweb\/index.php\/author\/prensa-mpppst\/"}]}},"_links":{"self":[{"href":"https:\/\/www.mpppst.gob.ve\/mpppstweb\/index.php\/wp-json\/wp\/v2\/posts\/22054","targetHints":{"allow":["GET"]}}],"collection":[{"href":"https:\/\/www.mpppst.gob.ve\/mpppstweb\/index.php\/wp-json\/wp\/v2\/posts"}],"about":[{"href":"https:\/\/www.mpppst.gob.ve\/mpppstweb\/index.php\/wp-json\/wp\/v2\/types\/post"}],"author":[{"embeddable":true,"href":"https:\/\/www.mpppst.gob.ve\/mpppstweb\/index.php\/wp-json\/wp\/v2\/users\/25"}],"replies":[{"embeddable":true,"href":"https:\/\/www.mpppst.gob.ve\/mpppstweb\/index.php\/wp-json\/wp\/v2\/comments?post=22054"}],"version-history":[{"count":2,"href":"https:\/\/www.mpppst.gob.ve\/mpppstweb\/index.php\/wp-json\/wp\/v2\/posts\/22054\/revisions"}],"predecessor-version":[{"id":22057,"href":"https:\/\/www.mpppst.gob.ve\/mpppstweb\/index.php\/wp-json\/wp\/v2\/posts\/22054\/revisions\/22057"}],"wp:featuredmedia":[{"embeddable":true,"href":"https:\/\/www.mpppst.gob.ve\/mpppstweb\/index.php\/wp-json\/wp\/v2\/media\/22056"}],"wp:attachment":[{"href":"https:\/\/www.mpppst.gob.ve\/mpppstweb\/index.php\/wp-json\/wp\/v2\/media?parent=22054"}],"wp:term":[{"taxonomy":"category","embeddable":true,"href":"https:\/\/www.mpppst.gob.ve\/mpppstweb\/index.php\/wp-json\/wp\/v2\/categories?post=22054"},{"taxonomy":"post_tag","embeddable":true,"href":"https:\/\/www.mpppst.gob.ve\/mpppstweb\/index.php\/wp-json\/wp\/v2\/tags?post=22054"}],"curies":[{"name":"wp","href":"https:\/\/api.w.org\/{rel}","templated":true}]}}