{"id":22070,"date":"2021-04-11T11:01:23","date_gmt":"2021-04-11T15:01:23","guid":{"rendered":"http:\/\/www.mpppst.gob.ve\/mpppstweb\/?p=22070"},"modified":"2021-04-11T11:01:24","modified_gmt":"2021-04-11T15:01:24","slug":"en-abril-siempre-venceremos","status":"publish","type":"post","link":"https:\/\/www.mpppst.gob.ve\/mpppstweb\/index.php\/2021\/04\/11\/en-abril-siempre-venceremos\/","title":{"rendered":"EN ABRIL SIEMPRE VENCEREMOS"},"content":{"rendered":"\n<p>Por Eduardo Pi\u00f1ate R.<br>Estamos en la semana conmemorativa de la revoluci\u00f3n popular, c\u00edvico-militar, del 13 de abril de 2002. Han pasado 19 a\u00f1os de aquellos eventos que se desencadenaron con el golpe de Estado del 11 de abril de ese a\u00f1o, mediante el cual derrocaron al gobierno Constitucional y leg\u00edtimo del Comandante Hugo Ch\u00e1vez e instauraron un r\u00e9gimen que en menos de 48 horas desconoci\u00f3 la Constituci\u00f3n Nacional, elimin\u00f3 todos los poderes p\u00fablicos y desat\u00f3 una feroz represi\u00f3n contra el pueblo y todo lo que se pareciera al Chavismo. Exactamente 47 horas estuvieron en el gobierno los golpistas, encabezados por la c\u00fapula empresarial de Fedec\u00e1maras (que pretendi\u00f3 que su presidente, Pedro Carmona Estanga, ser\u00eda el \u201cpresidente\u201d de Venezuela), la traidora y desclasada direcci\u00f3n de la CTV, la Conferencia Episcopal Venezolana, es decir, la alta jerarqu\u00eda de la iglesia cat\u00f3lica, que abandon\u00f3 hace mucho los preceptos de amor al pr\u00f3jimo y especialmente a los pobres que son esencia de la doctrina cristiana, y un batall\u00f3n de generales y almirantes traidores a la Patria y a su juramento. Toda esa fuerza, dirigida desde los EEUU por la \u00e9lite imperialista, se apropi\u00f3 del gobierno y pretendi\u00f3 instaurar un r\u00e9gimen fascista, basado en la represi\u00f3n y la entrega de nuestro pa\u00eds a las transnacionales.<br>Bastaron apenas 47 horas para que el pueblo venezolano mostrara al mundo una de las m\u00e1s grandes fortalezas de la Revoluci\u00f3n Bolivariana: la uni\u00f3n c\u00edvico-militar. Pueblo y Fuerza Armada juntos, hoy somos un solo pueblo civil y uniformado en perfecta uni\u00f3n c\u00edvico-militar-policial. La revoluci\u00f3n del 13 de abril del a\u00f1o 2002 es el resultado del desarrollo de la conciencia revolucionaria y democr\u00e1tica de nuestro pueblo y del nivel de organizaci\u00f3n y capacidad de acci\u00f3n que ten\u00edamos para aquel momento. Nuevos desaf\u00edos en todos los terrenos hemos enfrentado en estos 19 a\u00f1os, en el marco de la guerra no convencional que el imperialismo y sus lacayos lanzaron para destruirnos, pero no pudieron con nuestra moral y dignidad. Frente a las amenazas y los desaf\u00edos de hoy respondemos con m\u00e1s conciencia bolivariana y socialista, m\u00e1s organizaci\u00f3n, mayor capacidad de lucha y mayor voluntad de vencer. Han hecho de todo para lograr sus objetivos y no han podido, ni podr\u00e1n, con la estirpe de los hijos e hijas de Bol\u00edvar y Ch\u00e1vez. A 19 a\u00f1os de la Revoluci\u00f3n del 13 de abril seguimos venciendo.<\/p>\n","protected":false},"excerpt":{"rendered":"<p>Por Eduardo Pi\u00f1ate R.Estamos en la semana conmemorativa de la revoluci\u00f3n popular, c\u00edvico-militar, del 13 de &hellip; <a title=\"EN ABRIL SIEMPRE VENCEREMOS\" class=\"hm-read-more\" href=\"https:\/\/www.mpppst.gob.ve\/mpppstweb\/index.php\/2021\/04\/11\/en-abril-siempre-venceremos\/\"><span class=\"screen-reader-text\">EN ABRIL SIEMPRE VENCEREMOS<\/span>Read more<\/a><\/p>\n","protected":false},"author":25,"featured_media":22071,"comment_status":"closed","ping_status":"closed","sticky":false,"template":"","format":"standard","meta":{"footnotes":""},"categories":[82,163,404],"tags":[],"yoast_head":"<!-- This site is optimized with the Yoast SEO plugin v22.5 - https:\/\/yoast.com\/wordpress\/plugins\/seo\/ -->\n<title>EN ABRIL SIEMPRE VENCEREMOS - MPPPST<\/title>\n<meta name=\"robots\" content=\"index, follow, max-snippet:-1, max-image-preview:large, max-video-preview:-1\" \/>\n<link rel=\"canonical\" href=\"https:\/\/www.mpppst.gob.ve\/mpppstweb\/index.php\/2021\/04\/11\/en-abril-siempre-venceremos\/\" \/>\n<meta property=\"og:locale\" content=\"es_ES\" \/>\n<meta property=\"og:type\" content=\"article\" \/>\n<meta property=\"og:title\" content=\"EN ABRIL SIEMPRE VENCEREMOS - MPPPST\" \/>\n<meta property=\"og:description\" content=\"Por Eduardo Pi\u00f1ate R.Estamos en la semana conmemorativa de la revoluci\u00f3n popular, c\u00edvico-militar, del 13 de &hellip; EN ABRIL SIEMPRE VENCEREMOSRead more\" \/>\n<meta property=\"og:url\" content=\"https:\/\/www.mpppst.gob.ve\/mpppstweb\/index.php\/2021\/04\/11\/en-abril-siempre-venceremos\/\" \/>\n<meta property=\"og:site_name\" content=\"MPPPST\" \/>\n<meta property=\"article:published_time\" content=\"2021-04-11T15:01:23+00:00\" \/>\n<meta property=\"article:modified_time\" content=\"2021-04-11T15:01:24+00:00\" \/>\n<meta property=\"og:image\" content=\"https:\/\/www.mpppst.gob.ve\/mpppstweb\/wp-content\/uploads\/2021\/04\/IMG_20210411_105202.jpg\" \/>\n\t<meta property=\"og:image:width\" content=\"720\" \/>\n\t<meta property=\"og:image:height\" content=\"425\" \/>\n\t<meta property=\"og:image:type\" content=\"image\/jpeg\" \/>\n<meta name=\"author\" content=\"MPPPST Prensa\" \/>\n<meta name=\"twitter:card\" content=\"summary_large_image\" \/>\n<meta name=\"twitter:label1\" content=\"Escrito por\" \/>\n\t<meta name=\"twitter:data1\" content=\"MPPPST Prensa\" \/>\n\t<meta name=\"twitter:label2\" content=\"Tiempo de lectura\" \/>\n\t<meta name=\"twitter:data2\" content=\"2 minutos\" \/>\n<script type=\"application\/ld+json\" class=\"yoast-schema-graph\">{\"@context\":\"https:\/\/schema.org\",\"@graph\":[{\"@type\":\"Article\",\"@id\":\"https:\/\/www.mpppst.gob.ve\/mpppstweb\/index.php\/2021\/04\/11\/en-abril-siempre-venceremos\/#article\",\"isPartOf\":{\"@id\":\"https:\/\/www.mpppst.gob.ve\/mpppstweb\/index.php\/2021\/04\/11\/en-abril-siempre-venceremos\/\"},\"author\":{\"name\":\"MPPPST Prensa\",\"@id\":\"https:\/\/www.mpppst.gob.ve\/mpppstweb\/#\/schema\/person\/fc187ee8ead412bd4c9304b62f900ea4\"},\"headline\":\"EN ABRIL SIEMPRE VENCEREMOS\",\"datePublished\":\"2021-04-11T15:01:23+00:00\",\"dateModified\":\"2021-04-11T15:01:24+00:00\",\"mainEntityOfPage\":{\"@id\":\"https:\/\/www.mpppst.gob.ve\/mpppstweb\/index.php\/2021\/04\/11\/en-abril-siempre-venceremos\/\"},\"wordCount\":429,\"publisher\":{\"@id\":\"https:\/\/www.mpppst.gob.ve\/mpppstweb\/#organization\"},\"image\":{\"@id\":\"https:\/\/www.mpppst.gob.ve\/mpppstweb\/index.php\/2021\/04\/11\/en-abril-siempre-venceremos\/#primaryimage\"},\"thumbnailUrl\":\"https:\/\/www.mpppst.gob.ve\/mpppstweb\/wp-content\/uploads\/2021\/04\/IMG_20210411_105202.jpg\",\"articleSection\":[\"Gobierno Nacional\",\"Noticias\",\"Opini\u00f3n\"],\"inLanguage\":\"es\"},{\"@type\":\"WebPage\",\"@id\":\"https:\/\/www.mpppst.gob.ve\/mpppstweb\/index.php\/2021\/04\/11\/en-abril-siempre-venceremos\/\",\"url\":\"https:\/\/www.mpppst.gob.ve\/mpppstweb\/index.php\/2021\/04\/11\/en-abril-siempre-venceremos\/\",\"name\":\"EN ABRIL SIEMPRE VENCEREMOS - MPPPST\",\"isPartOf\":{\"@id\":\"https:\/\/www.mpppst.gob.ve\/mpppstweb\/#website\"},\"primaryImageOfPage\":{\"@id\":\"https:\/\/www.mpppst.gob.ve\/mpppstweb\/index.php\/2021\/04\/11\/en-abril-siempre-venceremos\/#primaryimage\"},\"image\":{\"@id\":\"https:\/\/www.mpppst.gob.ve\/mpppstweb\/index.php\/2021\/04\/11\/en-abril-siempre-venceremos\/#primaryimage\"},\"thumbnailUrl\":\"https:\/\/www.mpppst.gob.ve\/mpppstweb\/wp-content\/uploads\/2021\/04\/IMG_20210411_105202.jpg\",\"datePublished\":\"2021-04-11T15:01:23+00:00\",\"dateModified\":\"2021-04-11T15:01:24+00:00\",\"breadcrumb\":{\"@id\":\"https:\/\/www.mpppst.gob.ve\/mpppstweb\/index.php\/2021\/04\/11\/en-abril-siempre-venceremos\/#breadcrumb\"},\"inLanguage\":\"es\",\"potentialAction\":[{\"@type\":\"ReadAction\",\"target\":[\"https:\/\/www.mpppst.gob.ve\/mpppstweb\/index.php\/2021\/04\/11\/en-abril-siempre-venceremos\/\"]}]},{\"@type\":\"ImageObject\",\"inLanguage\":\"es\",\"@id\":\"https:\/\/www.mpppst.gob.ve\/mpppstweb\/index.php\/2021\/04\/11\/en-abril-siempre-venceremos\/#primaryimage\",\"url\":\"https:\/\/www.mpppst.gob.ve\/mpppstweb\/wp-content\/uploads\/2021\/04\/IMG_20210411_105202.jpg\",\"contentUrl\":\"https:\/\/www.mpppst.gob.ve\/mpppstweb\/wp-content\/uploads\/2021\/04\/IMG_20210411_105202.jpg\",\"width\":720,\"height\":425},{\"@type\":\"BreadcrumbList\",\"@id\":\"https:\/\/www.mpppst.gob.ve\/mpppstweb\/index.php\/2021\/04\/11\/en-abril-siempre-venceremos\/#breadcrumb\",\"itemListElement\":[{\"@type\":\"ListItem\",\"position\":1,\"name\":\"Home\",\"item\":\"https:\/\/www.mpppst.gob.ve\/mpppstweb\/\"},{\"@type\":\"ListItem\",\"position\":2,\"name\":\"EN ABRIL SIEMPRE VENCEREMOS\"}]},{\"@type\":\"WebSite\",\"@id\":\"https:\/\/www.mpppst.gob.ve\/mpppstweb\/#website\",\"url\":\"https:\/\/www.mpppst.gob.ve\/mpppstweb\/\",\"name\":\"MPPPST\",\"description\":\"Ministerio del Poder Popular para el Proceso Social de Trabajo\",\"publisher\":{\"@id\":\"https:\/\/www.mpppst.gob.ve\/mpppstweb\/#organization\"},\"potentialAction\":[{\"@type\":\"SearchAction\",\"target\":{\"@type\":\"EntryPoint\",\"urlTemplate\":\"https:\/\/www.mpppst.gob.ve\/mpppstweb\/?s={search_term_string}\"},\"query-input\":\"required name=search_term_string\"}],\"inLanguage\":\"es\"},{\"@type\":\"Organization\",\"@id\":\"https:\/\/www.mpppst.gob.ve\/mpppstweb\/#organization\",\"name\":\"mpppst\",\"url\":\"https:\/\/www.mpppst.gob.ve\/mpppstweb\/\",\"logo\":{\"@type\":\"ImageObject\",\"inLanguage\":\"es\",\"@id\":\"https:\/\/www.mpppst.gob.ve\/mpppstweb\/#\/schema\/logo\/image\/\",\"url\":\"https:\/\/www.mpppst.gob.ve\/mpppstweb\/wp-content\/uploads\/2025\/07\/cropped-cropped-g910.png\",\"contentUrl\":\"https:\/\/www.mpppst.gob.ve\/mpppstweb\/wp-content\/uploads\/2025\/07\/cropped-cropped-g910.png\",\"width\":1080,\"height\":241,\"caption\":\"mpppst\"},\"image\":{\"@id\":\"https:\/\/www.mpppst.gob.ve\/mpppstweb\/#\/schema\/logo\/image\/\"}},{\"@type\":\"Person\",\"@id\":\"https:\/\/www.mpppst.gob.ve\/mpppstweb\/#\/schema\/person\/fc187ee8ead412bd4c9304b62f900ea4\",\"name\":\"MPPPST Prensa\",\"url\":\"https:\/\/www.mpppst.gob.ve\/mpppstweb\/index.php\/author\/prensa-mpppst\/\"}]}<\/script>\n<!-- \/ Yoast SEO plugin. -->","yoast_head_json":{"title":"EN ABRIL SIEMPRE VENCEREMOS - MPPPST","robots":{"index":"index","follow":"follow","max-snippet":"max-snippet:-1","max-image-preview":"max-image-preview:large","max-video-preview":"max-video-preview:-1"},"canonical":"https:\/\/www.mpppst.gob.ve\/mpppstweb\/index.php\/2021\/04\/11\/en-abril-siempre-venceremos\/","og_locale":"es_ES","og_type":"article","og_title":"EN ABRIL SIEMPRE VENCEREMOS - MPPPST","og_description":"Por Eduardo Pi\u00f1ate R.Estamos en la semana conmemorativa de la revoluci\u00f3n popular, c\u00edvico-militar, del 13 de &hellip; EN ABRIL SIEMPRE VENCEREMOSRead more","og_url":"https:\/\/www.mpppst.gob.ve\/mpppstweb\/index.php\/2021\/04\/11\/en-abril-siempre-venceremos\/","og_site_name":"MPPPST","article_published_time":"2021-04-11T15:01:23+00:00","article_modified_time":"2021-04-11T15:01:24+00:00","og_image":[{"width":720,"height":425,"url":"https:\/\/www.mpppst.gob.ve\/mpppstweb\/wp-content\/uploads\/2021\/04\/IMG_20210411_105202.jpg","type":"image\/jpeg"}],"author":"MPPPST Prensa","twitter_card":"summary_large_image","twitter_misc":{"Escrito por":"MPPPST Prensa","Tiempo de lectura":"2 minutos"},"schema":{"@context":"https:\/\/schema.org","@graph":[{"@type":"Article","@id":"https:\/\/www.mpppst.gob.ve\/mpppstweb\/index.php\/2021\/04\/11\/en-abril-siempre-venceremos\/#article","isPartOf":{"@id":"https:\/\/www.mpppst.gob.ve\/mpppstweb\/index.php\/2021\/04\/11\/en-abril-siempre-venceremos\/"},"author":{"name":"MPPPST Prensa","@id":"https:\/\/www.mpppst.gob.ve\/mpppstweb\/#\/schema\/person\/fc187ee8ead412bd4c9304b62f900ea4"},"headline":"EN ABRIL SIEMPRE VENCEREMOS","datePublished":"2021-04-11T15:01:23+00:00","dateModified":"2021-04-11T15:01:24+00:00","mainEntityOfPage":{"@id":"https:\/\/www.mpppst.gob.ve\/mpppstweb\/index.php\/2021\/04\/11\/en-abril-siempre-venceremos\/"},"wordCount":429,"publisher":{"@id":"https:\/\/www.mpppst.gob.ve\/mpppstweb\/#organization"},"image":{"@id":"https:\/\/www.mpppst.gob.ve\/mpppstweb\/index.php\/2021\/04\/11\/en-abril-siempre-venceremos\/#primaryimage"},"thumbnailUrl":"https:\/\/www.mpppst.gob.ve\/mpppstweb\/wp-content\/uploads\/2021\/04\/IMG_20210411_105202.jpg","articleSection":["Gobierno Nacional","Noticias","Opini\u00f3n"],"inLanguage":"es"},{"@type":"WebPage","@id":"https:\/\/www.mpppst.gob.ve\/mpppstweb\/index.php\/2021\/04\/11\/en-abril-siempre-venceremos\/","url":"https:\/\/www.mpppst.gob.ve\/mpppstweb\/index.php\/2021\/04\/11\/en-abril-siempre-venceremos\/","name":"EN ABRIL SIEMPRE VENCEREMOS - MPPPST","isPartOf":{"@id":"https:\/\/www.mpppst.gob.ve\/mpppstweb\/#website"},"primaryImageOfPage":{"@id":"https:\/\/www.mpppst.gob.ve\/mpppstweb\/index.php\/2021\/04\/11\/en-abril-siempre-venceremos\/#primaryimage"},"image":{"@id":"https:\/\/www.mpppst.gob.ve\/mpppstweb\/index.php\/2021\/04\/11\/en-abril-siempre-venceremos\/#primaryimage"},"thumbnailUrl":"https:\/\/www.mpppst.gob.ve\/mpppstweb\/wp-content\/uploads\/2021\/04\/IMG_20210411_105202.jpg","datePublished":"2021-04-11T15:01:23+00:00","dateModified":"2021-04-11T15:01:24+00:00","breadcrumb":{"@id":"https:\/\/www.mpppst.gob.ve\/mpppstweb\/index.php\/2021\/04\/11\/en-abril-siempre-venceremos\/#breadcrumb"},"inLanguage":"es","potentialAction":[{"@type":"ReadAction","target":["https:\/\/www.mpppst.gob.ve\/mpppstweb\/index.php\/2021\/04\/11\/en-abril-siempre-venceremos\/"]}]},{"@type":"ImageObject","inLanguage":"es","@id":"https:\/\/www.mpppst.gob.ve\/mpppstweb\/index.php\/2021\/04\/11\/en-abril-siempre-venceremos\/#primaryimage","url":"https:\/\/www.mpppst.gob.ve\/mpppstweb\/wp-content\/uploads\/2021\/04\/IMG_20210411_105202.jpg","contentUrl":"https:\/\/www.mpppst.gob.ve\/mpppstweb\/wp-content\/uploads\/2021\/04\/IMG_20210411_105202.jpg","width":720,"height":425},{"@type":"BreadcrumbList","@id":"https:\/\/www.mpppst.gob.ve\/mpppstweb\/index.php\/2021\/04\/11\/en-abril-siempre-venceremos\/#breadcrumb","itemListElement":[{"@type":"ListItem","position":1,"name":"Home","item":"https:\/\/www.mpppst.gob.ve\/mpppstweb\/"},{"@type":"ListItem","position":2,"name":"EN ABRIL SIEMPRE VENCEREMOS"}]},{"@type":"WebSite","@id":"https:\/\/www.mpppst.gob.ve\/mpppstweb\/#website","url":"https:\/\/www.mpppst.gob.ve\/mpppstweb\/","name":"MPPPST","description":"Ministerio del Poder Popular para el Proceso Social de Trabajo","publisher":{"@id":"https:\/\/www.mpppst.gob.ve\/mpppstweb\/#organization"},"potentialAction":[{"@type":"SearchAction","target":{"@type":"EntryPoint","urlTemplate":"https:\/\/www.mpppst.gob.ve\/mpppstweb\/?s={search_term_string}"},"query-input":"required name=search_term_string"}],"inLanguage":"es"},{"@type":"Organization","@id":"https:\/\/www.mpppst.gob.ve\/mpppstweb\/#organization","name":"mpppst","url":"https:\/\/www.mpppst.gob.ve\/mpppstweb\/","logo":{"@type":"ImageObject","inLanguage":"es","@id":"https:\/\/www.mpppst.gob.ve\/mpppstweb\/#\/schema\/logo\/image\/","url":"https:\/\/www.mpppst.gob.ve\/mpppstweb\/wp-content\/uploads\/2025\/07\/cropped-cropped-g910.png","contentUrl":"https:\/\/www.mpppst.gob.ve\/mpppstweb\/wp-content\/uploads\/2025\/07\/cropped-cropped-g910.png","width":1080,"height":241,"caption":"mpppst"},"image":{"@id":"https:\/\/www.mpppst.gob.ve\/mpppstweb\/#\/schema\/logo\/image\/"}},{"@type":"Person","@id":"https:\/\/www.mpppst.gob.ve\/mpppstweb\/#\/schema\/person\/fc187ee8ead412bd4c9304b62f900ea4","name":"MPPPST Prensa","url":"https:\/\/www.mpppst.gob.ve\/mpppstweb\/index.php\/author\/prensa-mpppst\/"}]}},"_links":{"self":[{"href":"https:\/\/www.mpppst.gob.ve\/mpppstweb\/index.php\/wp-json\/wp\/v2\/posts\/22070"}],"collection":[{"href":"https:\/\/www.mpppst.gob.ve\/mpppstweb\/index.php\/wp-json\/wp\/v2\/posts"}],"about":[{"href":"https:\/\/www.mpppst.gob.ve\/mpppstweb\/index.php\/wp-json\/wp\/v2\/types\/post"}],"author":[{"embeddable":true,"href":"https:\/\/www.mpppst.gob.ve\/mpppstweb\/index.php\/wp-json\/wp\/v2\/users\/25"}],"replies":[{"embeddable":true,"href":"https:\/\/www.mpppst.gob.ve\/mpppstweb\/index.php\/wp-json\/wp\/v2\/comments?post=22070"}],"version-history":[{"count":1,"href":"https:\/\/www.mpppst.gob.ve\/mpppstweb\/index.php\/wp-json\/wp\/v2\/posts\/22070\/revisions"}],"predecessor-version":[{"id":22072,"href":"https:\/\/www.mpppst.gob.ve\/mpppstweb\/index.php\/wp-json\/wp\/v2\/posts\/22070\/revisions\/22072"}],"wp:featuredmedia":[{"embeddable":true,"href":"https:\/\/www.mpppst.gob.ve\/mpppstweb\/index.php\/wp-json\/wp\/v2\/media\/22071"}],"wp:attachment":[{"href":"https:\/\/www.mpppst.gob.ve\/mpppstweb\/index.php\/wp-json\/wp\/v2\/media?parent=22070"}],"wp:term":[{"taxonomy":"category","embeddable":true,"href":"https:\/\/www.mpppst.gob.ve\/mpppstweb\/index.php\/wp-json\/wp\/v2\/categories?post=22070"},{"taxonomy":"post_tag","embeddable":true,"href":"https:\/\/www.mpppst.gob.ve\/mpppstweb\/index.php\/wp-json\/wp\/v2\/tags?post=22070"}],"curies":[{"name":"wp","href":"https:\/\/api.w.org\/{rel}","templated":true}]}}