{"id":22073,"date":"2021-04-12T09:17:37","date_gmt":"2021-04-12T13:17:37","guid":{"rendered":"http:\/\/www.mpppst.gob.ve\/mpppstweb\/?p=22073"},"modified":"2021-04-12T09:17:38","modified_gmt":"2021-04-12T13:17:38","slug":"del-12-al-18-de-abril-semana-de-flexibilizacion-consciente-y-voluntaria-de-la-formula-77-en-la-lucha-contra-la-covi","status":"publish","type":"post","link":"https:\/\/www.mpppst.gob.ve\/mpppstweb\/index.php\/2021\/04\/12\/del-12-al-18-de-abril-semana-de-flexibilizacion-consciente-y-voluntaria-de-la-formula-77-en-la-lucha-contra-la-covi\/","title":{"rendered":"Del 12 al 18 de ABRIL | Semana de flexibilizaci\u00f3n consciente y voluntaria de la f\u00f3rmula 7+7 en la lucha contra la COVI"},"content":{"rendered":"\n<p>El presidente de la Rep\u00fablica,&nbsp;<a href=\"https:\/\/mastodon.social\/@Nicolas_Maduro\" target=\"_blank\" rel=\"noreferrer noopener\"><strong>Nicol\u00e1s Maduro Moros,<\/strong><\/a>&nbsp;inform\u00f3 que desde el lunes 12 hasta el domingo 18 de abril se desarrollar\u00e1 la nueva semana de flexibilizaci\u00f3n dentro del esquema venezolano 7+7, para seguir protegiendo la actividad social y econ\u00f3mica mientras se combate la COVID-19 y sus \u201cvariantes Bolsonaro\u201d provenientes de Brasil.<\/p>\n\n\n\n<p>\u201cEsta semana que empieza este lunes 12 de abril ser\u00e1 de flexibilizaci\u00f3n social, laboral y econ\u00f3mica. Lo que no se flexibiliza son las medidas de bioseguridad para proteger a las familias, no se puede flexibilizar\u201d, expres\u00f3 este domingo, al ofrecer el acostumbrado informe semanal en la lucha contra el coronavirus,<\/p>\n\n\n\n<p>Coment\u00f3 que las medidas de apoyo para respaldar a los venezolanos en las cuarentenas se han tomado a favor de microempresas, peque\u00f1as y medianas, comercios; protecci\u00f3n financiera, social y laboral para la estabilidad de los trabajadores, de acuerdo de la Ley, con inamovilidad laboral y apoyo en asignaciones.<\/p>\n\n\n\n<p>\u201cHemos tomado un conjunto de medidas, bonos del Sistema Patria para proteger a los 4 millones que trabajan por cuenta propia, a 2 millones que trabajan en sector privado, a todos se les ha depositado ya. Tambi\u00e9n los 9 millones de jefes y jefas de familias con los bonos del Carnet de la Patria\u201d, resumi\u00f3.<\/p>\n\n\n\n<p>Desde Miraflores, el Jefe de Estado acot\u00f3 que en Venezuela la cuarentena es voluntaria y consciente para proteger la salud de los ciudadanos y ciudadanas.<\/p>\n\n\n\n<p>\u201cCreo que de verdad cada vez hay mayor conciencia en el pueblo, lo he visto\u201d, reconoci\u00f3 y agradeci\u00f3 a las familias venezolanas su disposici\u00f3n a colaborar para preservar a la salud p\u00fablica en medio de la pandemia.<\/p>\n\n\n\n<p>Ratific\u00f3 que las tres semanas de cuarentena radical eran necesarias para enfrentar las consecuencias de una variante extranjera que amenaza a la salud venezolana, haciendo crecer los contagios por su mayor virulencia en los casos de infecci\u00f3n, agravando a los pacientes incluyendo a los asintom\u00e1ticos.<\/p>\n\n\n\n<p>\u201cAqu\u00ed tengo los n\u00fameros\u201d, dijo, sobre la efectividad de la cuarentena continua decretada, que hizo bajar los n\u00fameros de contagios.<\/p>\n\n\n\n<p>\u201cHemos logrado parar -por ahora- el crecimiento que ten\u00eda la variante Bolsonaro, la variante brasilera, que hab\u00eda entrado con potencia incre\u00edble en Venezuela\u201d, anunci\u00f3.<\/p>\n\n\n\n<figure><iframe src=\"https:\/\/www.youtube.com\/embed\/gOUGe3WzjBQ?feature=oembed\" allowfullscreen=\"\"><\/iframe><\/figure>\n","protected":false},"excerpt":{"rendered":"<p>El presidente de la Rep\u00fablica,&nbsp;Nicol\u00e1s Maduro Moros,&nbsp;inform\u00f3 que desde el lunes 12 hasta el domingo 18 &hellip; <a title=\"Del 12 al 18 de ABRIL | Semana de flexibilizaci\u00f3n consciente y voluntaria de la f\u00f3rmula 7+7 en la lucha contra la COVI\" class=\"hm-read-more\" href=\"https:\/\/www.mpppst.gob.ve\/mpppstweb\/index.php\/2021\/04\/12\/del-12-al-18-de-abril-semana-de-flexibilizacion-consciente-y-voluntaria-de-la-formula-77-en-la-lucha-contra-la-covi\/\"><span class=\"screen-reader-text\">Del 12 al 18 de ABRIL | Semana de flexibilizaci\u00f3n consciente y voluntaria de la f\u00f3rmula 7+7 en la lucha contra la COVI<\/span>Read more<\/a><\/p>\n","protected":false},"author":25,"featured_media":22074,"comment_status":"closed","ping_status":"closed","sticky":false,"template":"","format":"standard","meta":{"footnotes":""},"categories":[82,163],"tags":[],"yoast_head":"<!-- This site is optimized with the Yoast SEO plugin v22.5 - https:\/\/yoast.com\/wordpress\/plugins\/seo\/ -->\n<title>Del 12 al 18 de ABRIL | Semana de flexibilizaci\u00f3n consciente y voluntaria de la f\u00f3rmula 7+7 en la lucha contra la COVI - MPPPST<\/title>\n<meta name=\"robots\" content=\"index, follow, max-snippet:-1, max-image-preview:large, max-video-preview:-1\" \/>\n<link rel=\"canonical\" href=\"https:\/\/www.mpppst.gob.ve\/mpppstweb\/index.php\/2021\/04\/12\/del-12-al-18-de-abril-semana-de-flexibilizacion-consciente-y-voluntaria-de-la-formula-77-en-la-lucha-contra-la-covi\/\" \/>\n<meta property=\"og:locale\" content=\"es_ES\" \/>\n<meta property=\"og:type\" content=\"article\" \/>\n<meta property=\"og:title\" content=\"Del 12 al 18 de ABRIL | Semana de flexibilizaci\u00f3n consciente y voluntaria de la f\u00f3rmula 7+7 en la lucha contra la COVI - MPPPST\" \/>\n<meta property=\"og:description\" content=\"El presidente de la Rep\u00fablica,&nbsp;Nicol\u00e1s Maduro Moros,&nbsp;inform\u00f3 que desde el lunes 12 hasta el domingo 18 &hellip; Del 12 al 18 de ABRIL | Semana de flexibilizaci\u00f3n consciente y voluntaria de la f\u00f3rmula 7+7 en la lucha contra la COVIRead more\" \/>\n<meta property=\"og:url\" content=\"https:\/\/www.mpppst.gob.ve\/mpppstweb\/index.php\/2021\/04\/12\/del-12-al-18-de-abril-semana-de-flexibilizacion-consciente-y-voluntaria-de-la-formula-77-en-la-lucha-contra-la-covi\/\" \/>\n<meta property=\"og:site_name\" content=\"MPPPST\" \/>\n<meta property=\"article:published_time\" content=\"2021-04-12T13:17:37+00:00\" \/>\n<meta property=\"article:modified_time\" content=\"2021-04-12T13:17:38+00:00\" \/>\n<meta property=\"og:image\" content=\"https:\/\/www.mpppst.gob.ve\/mpppstweb\/wp-content\/uploads\/2021\/04\/Maduro-domingo-11042021-foto-1-768x427-1.jpg\" \/>\n\t<meta property=\"og:image:width\" content=\"768\" \/>\n\t<meta property=\"og:image:height\" content=\"427\" \/>\n\t<meta property=\"og:image:type\" content=\"image\/jpeg\" \/>\n<meta name=\"author\" content=\"MPPPST Prensa\" \/>\n<meta name=\"twitter:card\" content=\"summary_large_image\" \/>\n<meta name=\"twitter:label1\" content=\"Escrito por\" \/>\n\t<meta name=\"twitter:data1\" content=\"MPPPST Prensa\" \/>\n\t<meta name=\"twitter:label2\" content=\"Tiempo de lectura\" \/>\n\t<meta name=\"twitter:data2\" content=\"2 minutos\" \/>\n<script type=\"application\/ld+json\" class=\"yoast-schema-graph\">{\"@context\":\"https:\/\/schema.org\",\"@graph\":[{\"@type\":\"Article\",\"@id\":\"https:\/\/www.mpppst.gob.ve\/mpppstweb\/index.php\/2021\/04\/12\/del-12-al-18-de-abril-semana-de-flexibilizacion-consciente-y-voluntaria-de-la-formula-77-en-la-lucha-contra-la-covi\/#article\",\"isPartOf\":{\"@id\":\"https:\/\/www.mpppst.gob.ve\/mpppstweb\/index.php\/2021\/04\/12\/del-12-al-18-de-abril-semana-de-flexibilizacion-consciente-y-voluntaria-de-la-formula-77-en-la-lucha-contra-la-covi\/\"},\"author\":{\"name\":\"MPPPST Prensa\",\"@id\":\"https:\/\/www.mpppst.gob.ve\/mpppstweb\/#\/schema\/person\/fc187ee8ead412bd4c9304b62f900ea4\"},\"headline\":\"Del 12 al 18 de ABRIL | Semana de flexibilizaci\u00f3n consciente y voluntaria de la f\u00f3rmula 7+7 en la lucha contra la COVI\",\"datePublished\":\"2021-04-12T13:17:37+00:00\",\"dateModified\":\"2021-04-12T13:17:38+00:00\",\"mainEntityOfPage\":{\"@id\":\"https:\/\/www.mpppst.gob.ve\/mpppstweb\/index.php\/2021\/04\/12\/del-12-al-18-de-abril-semana-de-flexibilizacion-consciente-y-voluntaria-de-la-formula-77-en-la-lucha-contra-la-covi\/\"},\"wordCount\":390,\"publisher\":{\"@id\":\"https:\/\/www.mpppst.gob.ve\/mpppstweb\/#organization\"},\"image\":{\"@id\":\"https:\/\/www.mpppst.gob.ve\/mpppstweb\/index.php\/2021\/04\/12\/del-12-al-18-de-abril-semana-de-flexibilizacion-consciente-y-voluntaria-de-la-formula-77-en-la-lucha-contra-la-covi\/#primaryimage\"},\"thumbnailUrl\":\"https:\/\/www.mpppst.gob.ve\/mpppstweb\/wp-content\/uploads\/2021\/04\/Maduro-domingo-11042021-foto-1-768x427-1.jpg\",\"articleSection\":[\"Gobierno Nacional\",\"Noticias\"],\"inLanguage\":\"es\"},{\"@type\":\"WebPage\",\"@id\":\"https:\/\/www.mpppst.gob.ve\/mpppstweb\/index.php\/2021\/04\/12\/del-12-al-18-de-abril-semana-de-flexibilizacion-consciente-y-voluntaria-de-la-formula-77-en-la-lucha-contra-la-covi\/\",\"url\":\"https:\/\/www.mpppst.gob.ve\/mpppstweb\/index.php\/2021\/04\/12\/del-12-al-18-de-abril-semana-de-flexibilizacion-consciente-y-voluntaria-de-la-formula-77-en-la-lucha-contra-la-covi\/\",\"name\":\"Del 12 al 18 de ABRIL | Semana de flexibilizaci\u00f3n consciente y voluntaria de la f\u00f3rmula 7+7 en la lucha contra la COVI - MPPPST\",\"isPartOf\":{\"@id\":\"https:\/\/www.mpppst.gob.ve\/mpppstweb\/#website\"},\"primaryImageOfPage\":{\"@id\":\"https:\/\/www.mpppst.gob.ve\/mpppstweb\/index.php\/2021\/04\/12\/del-12-al-18-de-abril-semana-de-flexibilizacion-consciente-y-voluntaria-de-la-formula-77-en-la-lucha-contra-la-covi\/#primaryimage\"},\"image\":{\"@id\":\"https:\/\/www.mpppst.gob.ve\/mpppstweb\/index.php\/2021\/04\/12\/del-12-al-18-de-abril-semana-de-flexibilizacion-consciente-y-voluntaria-de-la-formula-77-en-la-lucha-contra-la-covi\/#primaryimage\"},\"thumbnailUrl\":\"https:\/\/www.mpppst.gob.ve\/mpppstweb\/wp-content\/uploads\/2021\/04\/Maduro-domingo-11042021-foto-1-768x427-1.jpg\",\"datePublished\":\"2021-04-12T13:17:37+00:00\",\"dateModified\":\"2021-04-12T13:17:38+00:00\",\"breadcrumb\":{\"@id\":\"https:\/\/www.mpppst.gob.ve\/mpppstweb\/index.php\/2021\/04\/12\/del-12-al-18-de-abril-semana-de-flexibilizacion-consciente-y-voluntaria-de-la-formula-77-en-la-lucha-contra-la-covi\/#breadcrumb\"},\"inLanguage\":\"es\",\"potentialAction\":[{\"@type\":\"ReadAction\",\"target\":[\"https:\/\/www.mpppst.gob.ve\/mpppstweb\/index.php\/2021\/04\/12\/del-12-al-18-de-abril-semana-de-flexibilizacion-consciente-y-voluntaria-de-la-formula-77-en-la-lucha-contra-la-covi\/\"]}]},{\"@type\":\"ImageObject\",\"inLanguage\":\"es\",\"@id\":\"https:\/\/www.mpppst.gob.ve\/mpppstweb\/index.php\/2021\/04\/12\/del-12-al-18-de-abril-semana-de-flexibilizacion-consciente-y-voluntaria-de-la-formula-77-en-la-lucha-contra-la-covi\/#primaryimage\",\"url\":\"https:\/\/www.mpppst.gob.ve\/mpppstweb\/wp-content\/uploads\/2021\/04\/Maduro-domingo-11042021-foto-1-768x427-1.jpg\",\"contentUrl\":\"https:\/\/www.mpppst.gob.ve\/mpppstweb\/wp-content\/uploads\/2021\/04\/Maduro-domingo-11042021-foto-1-768x427-1.jpg\",\"width\":768,\"height\":427},{\"@type\":\"BreadcrumbList\",\"@id\":\"https:\/\/www.mpppst.gob.ve\/mpppstweb\/index.php\/2021\/04\/12\/del-12-al-18-de-abril-semana-de-flexibilizacion-consciente-y-voluntaria-de-la-formula-77-en-la-lucha-contra-la-covi\/#breadcrumb\",\"itemListElement\":[{\"@type\":\"ListItem\",\"position\":1,\"name\":\"Home\",\"item\":\"https:\/\/www.mpppst.gob.ve\/mpppstweb\/\"},{\"@type\":\"ListItem\",\"position\":2,\"name\":\"Del 12 al 18 de ABRIL | Semana de flexibilizaci\u00f3n consciente y voluntaria de la f\u00f3rmula 7+7 en la lucha contra la COVI\"}]},{\"@type\":\"WebSite\",\"@id\":\"https:\/\/www.mpppst.gob.ve\/mpppstweb\/#website\",\"url\":\"https:\/\/www.mpppst.gob.ve\/mpppstweb\/\",\"name\":\"MPPPST\",\"description\":\"Ministerio del Poder Popular para el Proceso Social de Trabajo\",\"publisher\":{\"@id\":\"https:\/\/www.mpppst.gob.ve\/mpppstweb\/#organization\"},\"potentialAction\":[{\"@type\":\"SearchAction\",\"target\":{\"@type\":\"EntryPoint\",\"urlTemplate\":\"https:\/\/www.mpppst.gob.ve\/mpppstweb\/?s={search_term_string}\"},\"query-input\":\"required name=search_term_string\"}],\"inLanguage\":\"es\"},{\"@type\":\"Organization\",\"@id\":\"https:\/\/www.mpppst.gob.ve\/mpppstweb\/#organization\",\"name\":\"mpppst\",\"url\":\"https:\/\/www.mpppst.gob.ve\/mpppstweb\/\",\"logo\":{\"@type\":\"ImageObject\",\"inLanguage\":\"es\",\"@id\":\"https:\/\/www.mpppst.gob.ve\/mpppstweb\/#\/schema\/logo\/image\/\",\"url\":\"https:\/\/www.mpppst.gob.ve\/mpppstweb\/wp-content\/uploads\/2025\/07\/cropped-cropped-g910.png\",\"contentUrl\":\"https:\/\/www.mpppst.gob.ve\/mpppstweb\/wp-content\/uploads\/2025\/07\/cropped-cropped-g910.png\",\"width\":1080,\"height\":241,\"caption\":\"mpppst\"},\"image\":{\"@id\":\"https:\/\/www.mpppst.gob.ve\/mpppstweb\/#\/schema\/logo\/image\/\"}},{\"@type\":\"Person\",\"@id\":\"https:\/\/www.mpppst.gob.ve\/mpppstweb\/#\/schema\/person\/fc187ee8ead412bd4c9304b62f900ea4\",\"name\":\"MPPPST Prensa\",\"url\":\"https:\/\/www.mpppst.gob.ve\/mpppstweb\/index.php\/author\/prensa-mpppst\/\"}]}<\/script>\n<!-- \/ Yoast SEO plugin. -->","yoast_head_json":{"title":"Del 12 al 18 de ABRIL | Semana de flexibilizaci\u00f3n consciente y voluntaria de la f\u00f3rmula 7+7 en la lucha contra la COVI - MPPPST","robots":{"index":"index","follow":"follow","max-snippet":"max-snippet:-1","max-image-preview":"max-image-preview:large","max-video-preview":"max-video-preview:-1"},"canonical":"https:\/\/www.mpppst.gob.ve\/mpppstweb\/index.php\/2021\/04\/12\/del-12-al-18-de-abril-semana-de-flexibilizacion-consciente-y-voluntaria-de-la-formula-77-en-la-lucha-contra-la-covi\/","og_locale":"es_ES","og_type":"article","og_title":"Del 12 al 18 de ABRIL | Semana de flexibilizaci\u00f3n consciente y voluntaria de la f\u00f3rmula 7+7 en la lucha contra la COVI - MPPPST","og_description":"El presidente de la Rep\u00fablica,&nbsp;Nicol\u00e1s Maduro Moros,&nbsp;inform\u00f3 que desde el lunes 12 hasta el domingo 18 &hellip; Del 12 al 18 de ABRIL | Semana de flexibilizaci\u00f3n consciente y voluntaria de la f\u00f3rmula 7+7 en la lucha contra la COVIRead more","og_url":"https:\/\/www.mpppst.gob.ve\/mpppstweb\/index.php\/2021\/04\/12\/del-12-al-18-de-abril-semana-de-flexibilizacion-consciente-y-voluntaria-de-la-formula-77-en-la-lucha-contra-la-covi\/","og_site_name":"MPPPST","article_published_time":"2021-04-12T13:17:37+00:00","article_modified_time":"2021-04-12T13:17:38+00:00","og_image":[{"width":768,"height":427,"url":"https:\/\/www.mpppst.gob.ve\/mpppstweb\/wp-content\/uploads\/2021\/04\/Maduro-domingo-11042021-foto-1-768x427-1.jpg","type":"image\/jpeg"}],"author":"MPPPST Prensa","twitter_card":"summary_large_image","twitter_misc":{"Escrito por":"MPPPST Prensa","Tiempo de lectura":"2 minutos"},"schema":{"@context":"https:\/\/schema.org","@graph":[{"@type":"Article","@id":"https:\/\/www.mpppst.gob.ve\/mpppstweb\/index.php\/2021\/04\/12\/del-12-al-18-de-abril-semana-de-flexibilizacion-consciente-y-voluntaria-de-la-formula-77-en-la-lucha-contra-la-covi\/#article","isPartOf":{"@id":"https:\/\/www.mpppst.gob.ve\/mpppstweb\/index.php\/2021\/04\/12\/del-12-al-18-de-abril-semana-de-flexibilizacion-consciente-y-voluntaria-de-la-formula-77-en-la-lucha-contra-la-covi\/"},"author":{"name":"MPPPST Prensa","@id":"https:\/\/www.mpppst.gob.ve\/mpppstweb\/#\/schema\/person\/fc187ee8ead412bd4c9304b62f900ea4"},"headline":"Del 12 al 18 de ABRIL | Semana de flexibilizaci\u00f3n consciente y voluntaria de la f\u00f3rmula 7+7 en la lucha contra la COVI","datePublished":"2021-04-12T13:17:37+00:00","dateModified":"2021-04-12T13:17:38+00:00","mainEntityOfPage":{"@id":"https:\/\/www.mpppst.gob.ve\/mpppstweb\/index.php\/2021\/04\/12\/del-12-al-18-de-abril-semana-de-flexibilizacion-consciente-y-voluntaria-de-la-formula-77-en-la-lucha-contra-la-covi\/"},"wordCount":390,"publisher":{"@id":"https:\/\/www.mpppst.gob.ve\/mpppstweb\/#organization"},"image":{"@id":"https:\/\/www.mpppst.gob.ve\/mpppstweb\/index.php\/2021\/04\/12\/del-12-al-18-de-abril-semana-de-flexibilizacion-consciente-y-voluntaria-de-la-formula-77-en-la-lucha-contra-la-covi\/#primaryimage"},"thumbnailUrl":"https:\/\/www.mpppst.gob.ve\/mpppstweb\/wp-content\/uploads\/2021\/04\/Maduro-domingo-11042021-foto-1-768x427-1.jpg","articleSection":["Gobierno Nacional","Noticias"],"inLanguage":"es"},{"@type":"WebPage","@id":"https:\/\/www.mpppst.gob.ve\/mpppstweb\/index.php\/2021\/04\/12\/del-12-al-18-de-abril-semana-de-flexibilizacion-consciente-y-voluntaria-de-la-formula-77-en-la-lucha-contra-la-covi\/","url":"https:\/\/www.mpppst.gob.ve\/mpppstweb\/index.php\/2021\/04\/12\/del-12-al-18-de-abril-semana-de-flexibilizacion-consciente-y-voluntaria-de-la-formula-77-en-la-lucha-contra-la-covi\/","name":"Del 12 al 18 de ABRIL | Semana de flexibilizaci\u00f3n consciente y voluntaria de la f\u00f3rmula 7+7 en la lucha contra la COVI - MPPPST","isPartOf":{"@id":"https:\/\/www.mpppst.gob.ve\/mpppstweb\/#website"},"primaryImageOfPage":{"@id":"https:\/\/www.mpppst.gob.ve\/mpppstweb\/index.php\/2021\/04\/12\/del-12-al-18-de-abril-semana-de-flexibilizacion-consciente-y-voluntaria-de-la-formula-77-en-la-lucha-contra-la-covi\/#primaryimage"},"image":{"@id":"https:\/\/www.mpppst.gob.ve\/mpppstweb\/index.php\/2021\/04\/12\/del-12-al-18-de-abril-semana-de-flexibilizacion-consciente-y-voluntaria-de-la-formula-77-en-la-lucha-contra-la-covi\/#primaryimage"},"thumbnailUrl":"https:\/\/www.mpppst.gob.ve\/mpppstweb\/wp-content\/uploads\/2021\/04\/Maduro-domingo-11042021-foto-1-768x427-1.jpg","datePublished":"2021-04-12T13:17:37+00:00","dateModified":"2021-04-12T13:17:38+00:00","breadcrumb":{"@id":"https:\/\/www.mpppst.gob.ve\/mpppstweb\/index.php\/2021\/04\/12\/del-12-al-18-de-abril-semana-de-flexibilizacion-consciente-y-voluntaria-de-la-formula-77-en-la-lucha-contra-la-covi\/#breadcrumb"},"inLanguage":"es","potentialAction":[{"@type":"ReadAction","target":["https:\/\/www.mpppst.gob.ve\/mpppstweb\/index.php\/2021\/04\/12\/del-12-al-18-de-abril-semana-de-flexibilizacion-consciente-y-voluntaria-de-la-formula-77-en-la-lucha-contra-la-covi\/"]}]},{"@type":"ImageObject","inLanguage":"es","@id":"https:\/\/www.mpppst.gob.ve\/mpppstweb\/index.php\/2021\/04\/12\/del-12-al-18-de-abril-semana-de-flexibilizacion-consciente-y-voluntaria-de-la-formula-77-en-la-lucha-contra-la-covi\/#primaryimage","url":"https:\/\/www.mpppst.gob.ve\/mpppstweb\/wp-content\/uploads\/2021\/04\/Maduro-domingo-11042021-foto-1-768x427-1.jpg","contentUrl":"https:\/\/www.mpppst.gob.ve\/mpppstweb\/wp-content\/uploads\/2021\/04\/Maduro-domingo-11042021-foto-1-768x427-1.jpg","width":768,"height":427},{"@type":"BreadcrumbList","@id":"https:\/\/www.mpppst.gob.ve\/mpppstweb\/index.php\/2021\/04\/12\/del-12-al-18-de-abril-semana-de-flexibilizacion-consciente-y-voluntaria-de-la-formula-77-en-la-lucha-contra-la-covi\/#breadcrumb","itemListElement":[{"@type":"ListItem","position":1,"name":"Home","item":"https:\/\/www.mpppst.gob.ve\/mpppstweb\/"},{"@type":"ListItem","position":2,"name":"Del 12 al 18 de ABRIL | Semana de flexibilizaci\u00f3n consciente y voluntaria de la f\u00f3rmula 7+7 en la lucha contra la COVI"}]},{"@type":"WebSite","@id":"https:\/\/www.mpppst.gob.ve\/mpppstweb\/#website","url":"https:\/\/www.mpppst.gob.ve\/mpppstweb\/","name":"MPPPST","description":"Ministerio del Poder Popular para el Proceso Social de Trabajo","publisher":{"@id":"https:\/\/www.mpppst.gob.ve\/mpppstweb\/#organization"},"potentialAction":[{"@type":"SearchAction","target":{"@type":"EntryPoint","urlTemplate":"https:\/\/www.mpppst.gob.ve\/mpppstweb\/?s={search_term_string}"},"query-input":"required name=search_term_string"}],"inLanguage":"es"},{"@type":"Organization","@id":"https:\/\/www.mpppst.gob.ve\/mpppstweb\/#organization","name":"mpppst","url":"https:\/\/www.mpppst.gob.ve\/mpppstweb\/","logo":{"@type":"ImageObject","inLanguage":"es","@id":"https:\/\/www.mpppst.gob.ve\/mpppstweb\/#\/schema\/logo\/image\/","url":"https:\/\/www.mpppst.gob.ve\/mpppstweb\/wp-content\/uploads\/2025\/07\/cropped-cropped-g910.png","contentUrl":"https:\/\/www.mpppst.gob.ve\/mpppstweb\/wp-content\/uploads\/2025\/07\/cropped-cropped-g910.png","width":1080,"height":241,"caption":"mpppst"},"image":{"@id":"https:\/\/www.mpppst.gob.ve\/mpppstweb\/#\/schema\/logo\/image\/"}},{"@type":"Person","@id":"https:\/\/www.mpppst.gob.ve\/mpppstweb\/#\/schema\/person\/fc187ee8ead412bd4c9304b62f900ea4","name":"MPPPST Prensa","url":"https:\/\/www.mpppst.gob.ve\/mpppstweb\/index.php\/author\/prensa-mpppst\/"}]}},"_links":{"self":[{"href":"https:\/\/www.mpppst.gob.ve\/mpppstweb\/index.php\/wp-json\/wp\/v2\/posts\/22073"}],"collection":[{"href":"https:\/\/www.mpppst.gob.ve\/mpppstweb\/index.php\/wp-json\/wp\/v2\/posts"}],"about":[{"href":"https:\/\/www.mpppst.gob.ve\/mpppstweb\/index.php\/wp-json\/wp\/v2\/types\/post"}],"author":[{"embeddable":true,"href":"https:\/\/www.mpppst.gob.ve\/mpppstweb\/index.php\/wp-json\/wp\/v2\/users\/25"}],"replies":[{"embeddable":true,"href":"https:\/\/www.mpppst.gob.ve\/mpppstweb\/index.php\/wp-json\/wp\/v2\/comments?post=22073"}],"version-history":[{"count":1,"href":"https:\/\/www.mpppst.gob.ve\/mpppstweb\/index.php\/wp-json\/wp\/v2\/posts\/22073\/revisions"}],"predecessor-version":[{"id":22075,"href":"https:\/\/www.mpppst.gob.ve\/mpppstweb\/index.php\/wp-json\/wp\/v2\/posts\/22073\/revisions\/22075"}],"wp:featuredmedia":[{"embeddable":true,"href":"https:\/\/www.mpppst.gob.ve\/mpppstweb\/index.php\/wp-json\/wp\/v2\/media\/22074"}],"wp:attachment":[{"href":"https:\/\/www.mpppst.gob.ve\/mpppstweb\/index.php\/wp-json\/wp\/v2\/media?parent=22073"}],"wp:term":[{"taxonomy":"category","embeddable":true,"href":"https:\/\/www.mpppst.gob.ve\/mpppstweb\/index.php\/wp-json\/wp\/v2\/categories?post=22073"},{"taxonomy":"post_tag","embeddable":true,"href":"https:\/\/www.mpppst.gob.ve\/mpppstweb\/index.php\/wp-json\/wp\/v2\/tags?post=22073"}],"curies":[{"name":"wp","href":"https:\/\/api.w.org\/{rel}","templated":true}]}}