{"id":22076,"date":"2021-04-12T09:22:01","date_gmt":"2021-04-12T13:22:01","guid":{"rendered":"http:\/\/www.mpppst.gob.ve\/mpppstweb\/?p=22076"},"modified":"2021-04-12T09:22:02","modified_gmt":"2021-04-12T13:22:02","slug":"venezuela-conmemora-102-aniversario-de-la-oit-y-reitera-su-compromiso-por-los-derechos-de-la-clase-obrera","status":"publish","type":"post","link":"https:\/\/www.mpppst.gob.ve\/mpppstweb\/index.php\/2021\/04\/12\/venezuela-conmemora-102-aniversario-de-la-oit-y-reitera-su-compromiso-por-los-derechos-de-la-clase-obrera\/","title":{"rendered":"Venezuela conmemora 102 aniversario de la OIT y reitera su compromiso por los derechos de la clase obrera"},"content":{"rendered":"\n<p>El presidente de la Rep\u00fablica, Nicol\u00e1s Maduro conmemor\u00f3 el 102 aniversario de la Organizaci\u00f3n Internacional del Trabajo (OIT) a cumplirse este s\u00e1bado 11 de abril, y ratific\u00f3 el compromiso del Gobierno Bolivariano de defender y garantizar los derechos de la Clase Obrera y los trabajadores.<\/p>\n\n\n\n<p>\u201cEn el 102\u00b0 aniversario de la Organizaci\u00f3n Internacional del Trabajo (OIT), Venezuela reitera su compromiso por garantizar los derechos de la clase obrera, frente a la amenaza que representa la Pandemia. Somos un gobierno que defiende los intereses de las y los trabajadores\u201d, manifest\u00f3 en su cuenta en Twitter.<\/p>\n\n\n\n<p>La OIT ha desempe\u00f1ado un papel importante &nbsp;en coyunturas hist\u00f3ricas claves, como en &nbsp;la Gran Depresi\u00f3n, la descolonizaci\u00f3n, la creaci\u00f3n de Solidaridad en Polonia, la victoria sobre el apartheid en Sud\u00e1frica, y en la construcci\u00f3n de un marco \u00e9tico y productivo para una globalizaci\u00f3n justa.<\/p>\n\n\n\n<p>Esta organizaci\u00f3n fue creada &nbsp;en 1919, como parte del Tratado de Versalles que puso fin a la Primera Guerra Mundial, para reflejar la creencia de que la paz universal y duradera solo se puede lograr si se basa en la justicia social. \/JML<\/p>\n","protected":false},"excerpt":{"rendered":"<p>El presidente de la Rep\u00fablica, Nicol\u00e1s Maduro conmemor\u00f3 el 102 aniversario de la Organizaci\u00f3n Internacional del &hellip; <a title=\"Venezuela conmemora 102 aniversario de la OIT y reitera su compromiso por los derechos de la clase obrera\" class=\"hm-read-more\" href=\"https:\/\/www.mpppst.gob.ve\/mpppstweb\/index.php\/2021\/04\/12\/venezuela-conmemora-102-aniversario-de-la-oit-y-reitera-su-compromiso-por-los-derechos-de-la-clase-obrera\/\"><span class=\"screen-reader-text\">Venezuela conmemora 102 aniversario de la OIT y reitera su compromiso por los derechos de la clase obrera<\/span>Read more<\/a><\/p>\n","protected":false},"author":25,"featured_media":22077,"comment_status":"closed","ping_status":"closed","sticky":false,"template":"","format":"standard","meta":{"footnotes":""},"categories":[82,163,374],"tags":[],"yoast_head":"<!-- This site is optimized with the Yoast SEO plugin v22.5 - https:\/\/yoast.com\/wordpress\/plugins\/seo\/ -->\n<title>Venezuela conmemora 102 aniversario de la OIT y reitera su compromiso por los derechos de la clase obrera - MPPPST<\/title>\n<meta name=\"robots\" content=\"index, follow, max-snippet:-1, max-image-preview:large, max-video-preview:-1\" \/>\n<link rel=\"canonical\" href=\"https:\/\/www.mpppst.gob.ve\/mpppstweb\/index.php\/2021\/04\/12\/venezuela-conmemora-102-aniversario-de-la-oit-y-reitera-su-compromiso-por-los-derechos-de-la-clase-obrera\/\" \/>\n<meta property=\"og:locale\" content=\"es_ES\" \/>\n<meta property=\"og:type\" content=\"article\" \/>\n<meta property=\"og:title\" content=\"Venezuela conmemora 102 aniversario de la OIT y reitera su compromiso por los derechos de la clase obrera - MPPPST\" \/>\n<meta property=\"og:description\" content=\"El presidente de la Rep\u00fablica, Nicol\u00e1s Maduro conmemor\u00f3 el 102 aniversario de la Organizaci\u00f3n Internacional del &hellip; Venezuela conmemora 102 aniversario de la OIT y reitera su compromiso por los derechos de la clase obreraRead more\" \/>\n<meta property=\"og:url\" content=\"https:\/\/www.mpppst.gob.ve\/mpppstweb\/index.php\/2021\/04\/12\/venezuela-conmemora-102-aniversario-de-la-oit-y-reitera-su-compromiso-por-los-derechos-de-la-clase-obrera\/\" \/>\n<meta property=\"og:site_name\" content=\"MPPPST\" \/>\n<meta property=\"article:published_time\" content=\"2021-04-12T13:22:01+00:00\" \/>\n<meta property=\"article:modified_time\" content=\"2021-04-12T13:22:02+00:00\" \/>\n<meta property=\"og:image\" content=\"https:\/\/www.mpppst.gob.ve\/mpppstweb\/wp-content\/uploads\/2021\/04\/venezuela-conmemora-aniversario-oit-compromiso-derechos-clase-obrera-768x427-1.jpg\" \/>\n\t<meta property=\"og:image:width\" content=\"768\" \/>\n\t<meta property=\"og:image:height\" content=\"427\" \/>\n\t<meta property=\"og:image:type\" content=\"image\/jpeg\" \/>\n<meta name=\"author\" content=\"MPPPST Prensa\" \/>\n<meta name=\"twitter:card\" content=\"summary_large_image\" \/>\n<meta name=\"twitter:label1\" content=\"Escrito por\" \/>\n\t<meta name=\"twitter:data1\" content=\"MPPPST Prensa\" \/>\n\t<meta name=\"twitter:label2\" content=\"Tiempo de lectura\" \/>\n\t<meta name=\"twitter:data2\" content=\"1 minuto\" \/>\n<script type=\"application\/ld+json\" class=\"yoast-schema-graph\">{\"@context\":\"https:\/\/schema.org\",\"@graph\":[{\"@type\":\"Article\",\"@id\":\"https:\/\/www.mpppst.gob.ve\/mpppstweb\/index.php\/2021\/04\/12\/venezuela-conmemora-102-aniversario-de-la-oit-y-reitera-su-compromiso-por-los-derechos-de-la-clase-obrera\/#article\",\"isPartOf\":{\"@id\":\"https:\/\/www.mpppst.gob.ve\/mpppstweb\/index.php\/2021\/04\/12\/venezuela-conmemora-102-aniversario-de-la-oit-y-reitera-su-compromiso-por-los-derechos-de-la-clase-obrera\/\"},\"author\":{\"name\":\"MPPPST Prensa\",\"@id\":\"https:\/\/www.mpppst.gob.ve\/mpppstweb\/#\/schema\/person\/fc187ee8ead412bd4c9304b62f900ea4\"},\"headline\":\"Venezuela conmemora 102 aniversario de la OIT y reitera su compromiso por los derechos de la clase obrera\",\"datePublished\":\"2021-04-12T13:22:01+00:00\",\"dateModified\":\"2021-04-12T13:22:02+00:00\",\"mainEntityOfPage\":{\"@id\":\"https:\/\/www.mpppst.gob.ve\/mpppstweb\/index.php\/2021\/04\/12\/venezuela-conmemora-102-aniversario-de-la-oit-y-reitera-su-compromiso-por-los-derechos-de-la-clase-obrera\/\"},\"wordCount\":212,\"publisher\":{\"@id\":\"https:\/\/www.mpppst.gob.ve\/mpppstweb\/#organization\"},\"image\":{\"@id\":\"https:\/\/www.mpppst.gob.ve\/mpppstweb\/index.php\/2021\/04\/12\/venezuela-conmemora-102-aniversario-de-la-oit-y-reitera-su-compromiso-por-los-derechos-de-la-clase-obrera\/#primaryimage\"},\"thumbnailUrl\":\"https:\/\/www.mpppst.gob.ve\/mpppstweb\/wp-content\/uploads\/2021\/04\/venezuela-conmemora-aniversario-oit-compromiso-derechos-clase-obrera-768x427-1.jpg\",\"articleSection\":[\"Gobierno Nacional\",\"Noticias\",\"OIT\"],\"inLanguage\":\"es\"},{\"@type\":\"WebPage\",\"@id\":\"https:\/\/www.mpppst.gob.ve\/mpppstweb\/index.php\/2021\/04\/12\/venezuela-conmemora-102-aniversario-de-la-oit-y-reitera-su-compromiso-por-los-derechos-de-la-clase-obrera\/\",\"url\":\"https:\/\/www.mpppst.gob.ve\/mpppstweb\/index.php\/2021\/04\/12\/venezuela-conmemora-102-aniversario-de-la-oit-y-reitera-su-compromiso-por-los-derechos-de-la-clase-obrera\/\",\"name\":\"Venezuela conmemora 102 aniversario de la OIT y reitera su compromiso por los derechos de la clase obrera - MPPPST\",\"isPartOf\":{\"@id\":\"https:\/\/www.mpppst.gob.ve\/mpppstweb\/#website\"},\"primaryImageOfPage\":{\"@id\":\"https:\/\/www.mpppst.gob.ve\/mpppstweb\/index.php\/2021\/04\/12\/venezuela-conmemora-102-aniversario-de-la-oit-y-reitera-su-compromiso-por-los-derechos-de-la-clase-obrera\/#primaryimage\"},\"image\":{\"@id\":\"https:\/\/www.mpppst.gob.ve\/mpppstweb\/index.php\/2021\/04\/12\/venezuela-conmemora-102-aniversario-de-la-oit-y-reitera-su-compromiso-por-los-derechos-de-la-clase-obrera\/#primaryimage\"},\"thumbnailUrl\":\"https:\/\/www.mpppst.gob.ve\/mpppstweb\/wp-content\/uploads\/2021\/04\/venezuela-conmemora-aniversario-oit-compromiso-derechos-clase-obrera-768x427-1.jpg\",\"datePublished\":\"2021-04-12T13:22:01+00:00\",\"dateModified\":\"2021-04-12T13:22:02+00:00\",\"breadcrumb\":{\"@id\":\"https:\/\/www.mpppst.gob.ve\/mpppstweb\/index.php\/2021\/04\/12\/venezuela-conmemora-102-aniversario-de-la-oit-y-reitera-su-compromiso-por-los-derechos-de-la-clase-obrera\/#breadcrumb\"},\"inLanguage\":\"es\",\"potentialAction\":[{\"@type\":\"ReadAction\",\"target\":[\"https:\/\/www.mpppst.gob.ve\/mpppstweb\/index.php\/2021\/04\/12\/venezuela-conmemora-102-aniversario-de-la-oit-y-reitera-su-compromiso-por-los-derechos-de-la-clase-obrera\/\"]}]},{\"@type\":\"ImageObject\",\"inLanguage\":\"es\",\"@id\":\"https:\/\/www.mpppst.gob.ve\/mpppstweb\/index.php\/2021\/04\/12\/venezuela-conmemora-102-aniversario-de-la-oit-y-reitera-su-compromiso-por-los-derechos-de-la-clase-obrera\/#primaryimage\",\"url\":\"https:\/\/www.mpppst.gob.ve\/mpppstweb\/wp-content\/uploads\/2021\/04\/venezuela-conmemora-aniversario-oit-compromiso-derechos-clase-obrera-768x427-1.jpg\",\"contentUrl\":\"https:\/\/www.mpppst.gob.ve\/mpppstweb\/wp-content\/uploads\/2021\/04\/venezuela-conmemora-aniversario-oit-compromiso-derechos-clase-obrera-768x427-1.jpg\",\"width\":768,\"height\":427},{\"@type\":\"BreadcrumbList\",\"@id\":\"https:\/\/www.mpppst.gob.ve\/mpppstweb\/index.php\/2021\/04\/12\/venezuela-conmemora-102-aniversario-de-la-oit-y-reitera-su-compromiso-por-los-derechos-de-la-clase-obrera\/#breadcrumb\",\"itemListElement\":[{\"@type\":\"ListItem\",\"position\":1,\"name\":\"Home\",\"item\":\"https:\/\/www.mpppst.gob.ve\/mpppstweb\/\"},{\"@type\":\"ListItem\",\"position\":2,\"name\":\"Venezuela conmemora 102 aniversario de la OIT y reitera su compromiso por los derechos de la clase obrera\"}]},{\"@type\":\"WebSite\",\"@id\":\"https:\/\/www.mpppst.gob.ve\/mpppstweb\/#website\",\"url\":\"https:\/\/www.mpppst.gob.ve\/mpppstweb\/\",\"name\":\"MPPPST\",\"description\":\"Ministerio del Poder Popular para el Proceso Social de Trabajo\",\"publisher\":{\"@id\":\"https:\/\/www.mpppst.gob.ve\/mpppstweb\/#organization\"},\"potentialAction\":[{\"@type\":\"SearchAction\",\"target\":{\"@type\":\"EntryPoint\",\"urlTemplate\":\"https:\/\/www.mpppst.gob.ve\/mpppstweb\/?s={search_term_string}\"},\"query-input\":\"required name=search_term_string\"}],\"inLanguage\":\"es\"},{\"@type\":\"Organization\",\"@id\":\"https:\/\/www.mpppst.gob.ve\/mpppstweb\/#organization\",\"name\":\"mpppst\",\"url\":\"https:\/\/www.mpppst.gob.ve\/mpppstweb\/\",\"logo\":{\"@type\":\"ImageObject\",\"inLanguage\":\"es\",\"@id\":\"https:\/\/www.mpppst.gob.ve\/mpppstweb\/#\/schema\/logo\/image\/\",\"url\":\"https:\/\/www.mpppst.gob.ve\/mpppstweb\/wp-content\/uploads\/2025\/07\/cropped-cropped-g910.png\",\"contentUrl\":\"https:\/\/www.mpppst.gob.ve\/mpppstweb\/wp-content\/uploads\/2025\/07\/cropped-cropped-g910.png\",\"width\":1080,\"height\":241,\"caption\":\"mpppst\"},\"image\":{\"@id\":\"https:\/\/www.mpppst.gob.ve\/mpppstweb\/#\/schema\/logo\/image\/\"}},{\"@type\":\"Person\",\"@id\":\"https:\/\/www.mpppst.gob.ve\/mpppstweb\/#\/schema\/person\/fc187ee8ead412bd4c9304b62f900ea4\",\"name\":\"MPPPST Prensa\",\"url\":\"https:\/\/www.mpppst.gob.ve\/mpppstweb\/index.php\/author\/prensa-mpppst\/\"}]}<\/script>\n<!-- \/ Yoast SEO plugin. -->","yoast_head_json":{"title":"Venezuela conmemora 102 aniversario de la OIT y reitera su compromiso por los derechos de la clase obrera - MPPPST","robots":{"index":"index","follow":"follow","max-snippet":"max-snippet:-1","max-image-preview":"max-image-preview:large","max-video-preview":"max-video-preview:-1"},"canonical":"https:\/\/www.mpppst.gob.ve\/mpppstweb\/index.php\/2021\/04\/12\/venezuela-conmemora-102-aniversario-de-la-oit-y-reitera-su-compromiso-por-los-derechos-de-la-clase-obrera\/","og_locale":"es_ES","og_type":"article","og_title":"Venezuela conmemora 102 aniversario de la OIT y reitera su compromiso por los derechos de la clase obrera - MPPPST","og_description":"El presidente de la Rep\u00fablica, Nicol\u00e1s Maduro conmemor\u00f3 el 102 aniversario de la Organizaci\u00f3n Internacional del &hellip; Venezuela conmemora 102 aniversario de la OIT y reitera su compromiso por los derechos de la clase obreraRead more","og_url":"https:\/\/www.mpppst.gob.ve\/mpppstweb\/index.php\/2021\/04\/12\/venezuela-conmemora-102-aniversario-de-la-oit-y-reitera-su-compromiso-por-los-derechos-de-la-clase-obrera\/","og_site_name":"MPPPST","article_published_time":"2021-04-12T13:22:01+00:00","article_modified_time":"2021-04-12T13:22:02+00:00","og_image":[{"width":768,"height":427,"url":"https:\/\/www.mpppst.gob.ve\/mpppstweb\/wp-content\/uploads\/2021\/04\/venezuela-conmemora-aniversario-oit-compromiso-derechos-clase-obrera-768x427-1.jpg","type":"image\/jpeg"}],"author":"MPPPST Prensa","twitter_card":"summary_large_image","twitter_misc":{"Escrito por":"MPPPST Prensa","Tiempo de lectura":"1 minuto"},"schema":{"@context":"https:\/\/schema.org","@graph":[{"@type":"Article","@id":"https:\/\/www.mpppst.gob.ve\/mpppstweb\/index.php\/2021\/04\/12\/venezuela-conmemora-102-aniversario-de-la-oit-y-reitera-su-compromiso-por-los-derechos-de-la-clase-obrera\/#article","isPartOf":{"@id":"https:\/\/www.mpppst.gob.ve\/mpppstweb\/index.php\/2021\/04\/12\/venezuela-conmemora-102-aniversario-de-la-oit-y-reitera-su-compromiso-por-los-derechos-de-la-clase-obrera\/"},"author":{"name":"MPPPST Prensa","@id":"https:\/\/www.mpppst.gob.ve\/mpppstweb\/#\/schema\/person\/fc187ee8ead412bd4c9304b62f900ea4"},"headline":"Venezuela conmemora 102 aniversario de la OIT y reitera su compromiso por los derechos de la clase obrera","datePublished":"2021-04-12T13:22:01+00:00","dateModified":"2021-04-12T13:22:02+00:00","mainEntityOfPage":{"@id":"https:\/\/www.mpppst.gob.ve\/mpppstweb\/index.php\/2021\/04\/12\/venezuela-conmemora-102-aniversario-de-la-oit-y-reitera-su-compromiso-por-los-derechos-de-la-clase-obrera\/"},"wordCount":212,"publisher":{"@id":"https:\/\/www.mpppst.gob.ve\/mpppstweb\/#organization"},"image":{"@id":"https:\/\/www.mpppst.gob.ve\/mpppstweb\/index.php\/2021\/04\/12\/venezuela-conmemora-102-aniversario-de-la-oit-y-reitera-su-compromiso-por-los-derechos-de-la-clase-obrera\/#primaryimage"},"thumbnailUrl":"https:\/\/www.mpppst.gob.ve\/mpppstweb\/wp-content\/uploads\/2021\/04\/venezuela-conmemora-aniversario-oit-compromiso-derechos-clase-obrera-768x427-1.jpg","articleSection":["Gobierno Nacional","Noticias","OIT"],"inLanguage":"es"},{"@type":"WebPage","@id":"https:\/\/www.mpppst.gob.ve\/mpppstweb\/index.php\/2021\/04\/12\/venezuela-conmemora-102-aniversario-de-la-oit-y-reitera-su-compromiso-por-los-derechos-de-la-clase-obrera\/","url":"https:\/\/www.mpppst.gob.ve\/mpppstweb\/index.php\/2021\/04\/12\/venezuela-conmemora-102-aniversario-de-la-oit-y-reitera-su-compromiso-por-los-derechos-de-la-clase-obrera\/","name":"Venezuela conmemora 102 aniversario de la OIT y reitera su compromiso por los derechos de la clase obrera - MPPPST","isPartOf":{"@id":"https:\/\/www.mpppst.gob.ve\/mpppstweb\/#website"},"primaryImageOfPage":{"@id":"https:\/\/www.mpppst.gob.ve\/mpppstweb\/index.php\/2021\/04\/12\/venezuela-conmemora-102-aniversario-de-la-oit-y-reitera-su-compromiso-por-los-derechos-de-la-clase-obrera\/#primaryimage"},"image":{"@id":"https:\/\/www.mpppst.gob.ve\/mpppstweb\/index.php\/2021\/04\/12\/venezuela-conmemora-102-aniversario-de-la-oit-y-reitera-su-compromiso-por-los-derechos-de-la-clase-obrera\/#primaryimage"},"thumbnailUrl":"https:\/\/www.mpppst.gob.ve\/mpppstweb\/wp-content\/uploads\/2021\/04\/venezuela-conmemora-aniversario-oit-compromiso-derechos-clase-obrera-768x427-1.jpg","datePublished":"2021-04-12T13:22:01+00:00","dateModified":"2021-04-12T13:22:02+00:00","breadcrumb":{"@id":"https:\/\/www.mpppst.gob.ve\/mpppstweb\/index.php\/2021\/04\/12\/venezuela-conmemora-102-aniversario-de-la-oit-y-reitera-su-compromiso-por-los-derechos-de-la-clase-obrera\/#breadcrumb"},"inLanguage":"es","potentialAction":[{"@type":"ReadAction","target":["https:\/\/www.mpppst.gob.ve\/mpppstweb\/index.php\/2021\/04\/12\/venezuela-conmemora-102-aniversario-de-la-oit-y-reitera-su-compromiso-por-los-derechos-de-la-clase-obrera\/"]}]},{"@type":"ImageObject","inLanguage":"es","@id":"https:\/\/www.mpppst.gob.ve\/mpppstweb\/index.php\/2021\/04\/12\/venezuela-conmemora-102-aniversario-de-la-oit-y-reitera-su-compromiso-por-los-derechos-de-la-clase-obrera\/#primaryimage","url":"https:\/\/www.mpppst.gob.ve\/mpppstweb\/wp-content\/uploads\/2021\/04\/venezuela-conmemora-aniversario-oit-compromiso-derechos-clase-obrera-768x427-1.jpg","contentUrl":"https:\/\/www.mpppst.gob.ve\/mpppstweb\/wp-content\/uploads\/2021\/04\/venezuela-conmemora-aniversario-oit-compromiso-derechos-clase-obrera-768x427-1.jpg","width":768,"height":427},{"@type":"BreadcrumbList","@id":"https:\/\/www.mpppst.gob.ve\/mpppstweb\/index.php\/2021\/04\/12\/venezuela-conmemora-102-aniversario-de-la-oit-y-reitera-su-compromiso-por-los-derechos-de-la-clase-obrera\/#breadcrumb","itemListElement":[{"@type":"ListItem","position":1,"name":"Home","item":"https:\/\/www.mpppst.gob.ve\/mpppstweb\/"},{"@type":"ListItem","position":2,"name":"Venezuela conmemora 102 aniversario de la OIT y reitera su compromiso por los derechos de la clase obrera"}]},{"@type":"WebSite","@id":"https:\/\/www.mpppst.gob.ve\/mpppstweb\/#website","url":"https:\/\/www.mpppst.gob.ve\/mpppstweb\/","name":"MPPPST","description":"Ministerio del Poder Popular para el Proceso Social de Trabajo","publisher":{"@id":"https:\/\/www.mpppst.gob.ve\/mpppstweb\/#organization"},"potentialAction":[{"@type":"SearchAction","target":{"@type":"EntryPoint","urlTemplate":"https:\/\/www.mpppst.gob.ve\/mpppstweb\/?s={search_term_string}"},"query-input":"required name=search_term_string"}],"inLanguage":"es"},{"@type":"Organization","@id":"https:\/\/www.mpppst.gob.ve\/mpppstweb\/#organization","name":"mpppst","url":"https:\/\/www.mpppst.gob.ve\/mpppstweb\/","logo":{"@type":"ImageObject","inLanguage":"es","@id":"https:\/\/www.mpppst.gob.ve\/mpppstweb\/#\/schema\/logo\/image\/","url":"https:\/\/www.mpppst.gob.ve\/mpppstweb\/wp-content\/uploads\/2025\/07\/cropped-cropped-g910.png","contentUrl":"https:\/\/www.mpppst.gob.ve\/mpppstweb\/wp-content\/uploads\/2025\/07\/cropped-cropped-g910.png","width":1080,"height":241,"caption":"mpppst"},"image":{"@id":"https:\/\/www.mpppst.gob.ve\/mpppstweb\/#\/schema\/logo\/image\/"}},{"@type":"Person","@id":"https:\/\/www.mpppst.gob.ve\/mpppstweb\/#\/schema\/person\/fc187ee8ead412bd4c9304b62f900ea4","name":"MPPPST Prensa","url":"https:\/\/www.mpppst.gob.ve\/mpppstweb\/index.php\/author\/prensa-mpppst\/"}]}},"_links":{"self":[{"href":"https:\/\/www.mpppst.gob.ve\/mpppstweb\/index.php\/wp-json\/wp\/v2\/posts\/22076"}],"collection":[{"href":"https:\/\/www.mpppst.gob.ve\/mpppstweb\/index.php\/wp-json\/wp\/v2\/posts"}],"about":[{"href":"https:\/\/www.mpppst.gob.ve\/mpppstweb\/index.php\/wp-json\/wp\/v2\/types\/post"}],"author":[{"embeddable":true,"href":"https:\/\/www.mpppst.gob.ve\/mpppstweb\/index.php\/wp-json\/wp\/v2\/users\/25"}],"replies":[{"embeddable":true,"href":"https:\/\/www.mpppst.gob.ve\/mpppstweb\/index.php\/wp-json\/wp\/v2\/comments?post=22076"}],"version-history":[{"count":1,"href":"https:\/\/www.mpppst.gob.ve\/mpppstweb\/index.php\/wp-json\/wp\/v2\/posts\/22076\/revisions"}],"predecessor-version":[{"id":22078,"href":"https:\/\/www.mpppst.gob.ve\/mpppstweb\/index.php\/wp-json\/wp\/v2\/posts\/22076\/revisions\/22078"}],"wp:featuredmedia":[{"embeddable":true,"href":"https:\/\/www.mpppst.gob.ve\/mpppstweb\/index.php\/wp-json\/wp\/v2\/media\/22077"}],"wp:attachment":[{"href":"https:\/\/www.mpppst.gob.ve\/mpppstweb\/index.php\/wp-json\/wp\/v2\/media?parent=22076"}],"wp:term":[{"taxonomy":"category","embeddable":true,"href":"https:\/\/www.mpppst.gob.ve\/mpppstweb\/index.php\/wp-json\/wp\/v2\/categories?post=22076"},{"taxonomy":"post_tag","embeddable":true,"href":"https:\/\/www.mpppst.gob.ve\/mpppstweb\/index.php\/wp-json\/wp\/v2\/tags?post=22076"}],"curies":[{"name":"wp","href":"https:\/\/api.w.org\/{rel}","templated":true}]}}