{"id":22085,"date":"2021-04-12T10:16:47","date_gmt":"2021-04-12T14:16:47","guid":{"rendered":"http:\/\/www.mpppst.gob.ve\/mpppstweb\/?p=22085"},"modified":"2021-04-12T10:16:47","modified_gmt":"2021-04-12T14:16:47","slug":"an-invito-a-la-union-interparlamentaria-a-conocer-la-verdad-de-venezuela","status":"publish","type":"post","link":"https:\/\/www.mpppst.gob.ve\/mpppstweb\/index.php\/2021\/04\/12\/an-invito-a-la-union-interparlamentaria-a-conocer-la-verdad-de-venezuela\/","title":{"rendered":"AN invit\u00f3 a la Uni\u00f3n Interparlamentaria a conocer la verdad de Venezuela"},"content":{"rendered":"\n<p>Una delegaci\u00f3n de parlamentarios de la Asamblea Nacional de la Rep\u00fablica Bolivariana de Venezuela, sostuvo en la ciudad de Ginebra, Suiza, importantes reuniones de trabajo con el presidente de la Uni\u00f3n Interparlamentaria, Duarte Pacheco y el secretario general, Mart\u00edn Chungong.<\/p>\n\n\n\n<p>Jorge Rodr\u00edguez G\u00f3mez, presidente del parlamento nacional, inform\u00f3 v\u00eda twitter, que Venezuela extendi\u00f3 una invitaci\u00f3n al Comit\u00e9 Ejecutivo de la Uni\u00f3n Interparlamentaria, para que visite el pa\u00eds y conozca la verdad de Venezuela.<\/p>\n\n\n\n<p>\u00abM\u00e1s all\u00e1 de agendas medi\u00e1ticas y ataques arteros y sepa del trabajo en pro de la paz y la reconciliaci\u00f3n que ha emprendido la nueva Asamblea Nacional\u00bb, escribi\u00f3 el diputado Rodr\u00edguez G\u00f3mez, en su cuenta @jorgerpsuv.<\/p>\n\n\n\n<p>La Uni\u00f3n Interparlamentaria, es la organizaci\u00f3n internacional de los parlamentos y es la \u00fanica que representa la rama legislativa de los gobierno en una escala mundial @ipu.parliament_official.<\/p>\n\n\n\n<p>T\/RNV Web\/MC<\/p>\n\n\n\n<blockquote class=\"wp-block-quote\"><p>Una delegaci\u00f3n de parlamentarios de la AN de Venezuela sostuvo, en la ciudad de ginebra, importantes reuniones de trabajo con el Presidente de la Uni\u00f3n Interparlamentaria, Exmo Sr Duarte Pacheco, y con su Secretario General, Exmo Sr Mart\u00edn Chungong.&nbsp;<a href=\"https:\/\/t.co\/sc5VwalWTq\">pic.twitter.com\/sc5VwalWTq<\/a><\/p><p>\u2014 Jorge Rodr\u00edguez (@jorgerpsuv)&nbsp;<a href=\"https:\/\/twitter.com\/jorgerpsuv\/status\/1381276963730563072?ref_src=twsrc%5Etfw\">April 11, 2021<\/a><\/p><\/blockquote>\n\n\n\n<blockquote class=\"wp-block-quote\"><p>Hemos extendido invitaci\u00f3n para que una delegaci\u00f3n del Comit\u00e9 Ejecutivo de la UIP visite nuestro pa\u00eds y conozca la verdad de Venezuela m\u00e1s all\u00e1 de agendas medi\u00e1ticas y ataques arteros, y sepa del trabajo en pro de la Paz y la reconciliaci\u00f3n que ha emprendido la nueva AN<\/p><p>\u2014 Jorge Rodr\u00edguez (@jorgerpsuv)\u00a0<a href=\"https:\/\/twitter.com\/jorgerpsuv\/status\/1381276966062546948?ref_src=twsrc%5Etfw\">April 11, 2021<\/a><\/p><\/blockquote>\n\n\n\n<p>Prensa RNV<\/p>\n","protected":false},"excerpt":{"rendered":"<p>Una delegaci\u00f3n de parlamentarios de la Asamblea Nacional de la Rep\u00fablica Bolivariana de Venezuela, sostuvo en &hellip; <a title=\"AN invit\u00f3 a la Uni\u00f3n Interparlamentaria a conocer la verdad de Venezuela\" class=\"hm-read-more\" href=\"https:\/\/www.mpppst.gob.ve\/mpppstweb\/index.php\/2021\/04\/12\/an-invito-a-la-union-interparlamentaria-a-conocer-la-verdad-de-venezuela\/\"><span class=\"screen-reader-text\">AN invit\u00f3 a la Uni\u00f3n Interparlamentaria a conocer la verdad de Venezuela<\/span>Read more<\/a><\/p>\n","protected":false},"author":25,"featured_media":22086,"comment_status":"closed","ping_status":"closed","sticky":false,"template":"","format":"standard","meta":{"footnotes":""},"categories":[82,163],"tags":[],"yoast_head":"<!-- This site is optimized with the Yoast SEO plugin v22.5 - https:\/\/yoast.com\/wordpress\/plugins\/seo\/ -->\n<title>AN invit\u00f3 a la Uni\u00f3n Interparlamentaria a conocer la verdad de Venezuela - MPPPST<\/title>\n<meta name=\"robots\" content=\"index, follow, max-snippet:-1, max-image-preview:large, max-video-preview:-1\" \/>\n<link rel=\"canonical\" href=\"https:\/\/www.mpppst.gob.ve\/mpppstweb\/index.php\/2021\/04\/12\/an-invito-a-la-union-interparlamentaria-a-conocer-la-verdad-de-venezuela\/\" \/>\n<meta property=\"og:locale\" content=\"es_ES\" \/>\n<meta property=\"og:type\" content=\"article\" \/>\n<meta property=\"og:title\" content=\"AN invit\u00f3 a la Uni\u00f3n Interparlamentaria a conocer la verdad de Venezuela - MPPPST\" \/>\n<meta property=\"og:description\" content=\"Una delegaci\u00f3n de parlamentarios de la Asamblea Nacional de la Rep\u00fablica Bolivariana de Venezuela, sostuvo en &hellip; AN invit\u00f3 a la Uni\u00f3n Interparlamentaria a conocer la verdad de VenezuelaRead more\" \/>\n<meta property=\"og:url\" content=\"https:\/\/www.mpppst.gob.ve\/mpppstweb\/index.php\/2021\/04\/12\/an-invito-a-la-union-interparlamentaria-a-conocer-la-verdad-de-venezuela\/\" \/>\n<meta property=\"og:site_name\" content=\"MPPPST\" \/>\n<meta property=\"article:published_time\" content=\"2021-04-12T14:16:47+00:00\" \/>\n<meta property=\"og:image\" content=\"https:\/\/www.mpppst.gob.ve\/mpppstweb\/wp-content\/uploads\/2021\/04\/74b3f0d2-2667-451c-9360-379d7d02b742.jpg\" \/>\n\t<meta property=\"og:image:width\" content=\"800\" \/>\n\t<meta property=\"og:image:height\" content=\"445\" \/>\n\t<meta property=\"og:image:type\" content=\"image\/jpeg\" \/>\n<meta name=\"author\" content=\"MPPPST Prensa\" \/>\n<meta name=\"twitter:card\" content=\"summary_large_image\" \/>\n<meta name=\"twitter:label1\" content=\"Escrito por\" \/>\n\t<meta name=\"twitter:data1\" content=\"MPPPST Prensa\" \/>\n\t<meta name=\"twitter:label2\" content=\"Tiempo de lectura\" \/>\n\t<meta name=\"twitter:data2\" content=\"1 minuto\" \/>\n<script type=\"application\/ld+json\" class=\"yoast-schema-graph\">{\"@context\":\"https:\/\/schema.org\",\"@graph\":[{\"@type\":\"Article\",\"@id\":\"https:\/\/www.mpppst.gob.ve\/mpppstweb\/index.php\/2021\/04\/12\/an-invito-a-la-union-interparlamentaria-a-conocer-la-verdad-de-venezuela\/#article\",\"isPartOf\":{\"@id\":\"https:\/\/www.mpppst.gob.ve\/mpppstweb\/index.php\/2021\/04\/12\/an-invito-a-la-union-interparlamentaria-a-conocer-la-verdad-de-venezuela\/\"},\"author\":{\"name\":\"MPPPST Prensa\",\"@id\":\"https:\/\/www.mpppst.gob.ve\/mpppstweb\/#\/schema\/person\/fc187ee8ead412bd4c9304b62f900ea4\"},\"headline\":\"AN invit\u00f3 a la Uni\u00f3n Interparlamentaria a conocer la verdad de Venezuela\",\"datePublished\":\"2021-04-12T14:16:47+00:00\",\"dateModified\":\"2021-04-12T14:16:47+00:00\",\"mainEntityOfPage\":{\"@id\":\"https:\/\/www.mpppst.gob.ve\/mpppstweb\/index.php\/2021\/04\/12\/an-invito-a-la-union-interparlamentaria-a-conocer-la-verdad-de-venezuela\/\"},\"wordCount\":287,\"publisher\":{\"@id\":\"https:\/\/www.mpppst.gob.ve\/mpppstweb\/#organization\"},\"image\":{\"@id\":\"https:\/\/www.mpppst.gob.ve\/mpppstweb\/index.php\/2021\/04\/12\/an-invito-a-la-union-interparlamentaria-a-conocer-la-verdad-de-venezuela\/#primaryimage\"},\"thumbnailUrl\":\"https:\/\/www.mpppst.gob.ve\/mpppstweb\/wp-content\/uploads\/2021\/04\/74b3f0d2-2667-451c-9360-379d7d02b742.jpg\",\"articleSection\":[\"Gobierno Nacional\",\"Noticias\"],\"inLanguage\":\"es\"},{\"@type\":\"WebPage\",\"@id\":\"https:\/\/www.mpppst.gob.ve\/mpppstweb\/index.php\/2021\/04\/12\/an-invito-a-la-union-interparlamentaria-a-conocer-la-verdad-de-venezuela\/\",\"url\":\"https:\/\/www.mpppst.gob.ve\/mpppstweb\/index.php\/2021\/04\/12\/an-invito-a-la-union-interparlamentaria-a-conocer-la-verdad-de-venezuela\/\",\"name\":\"AN invit\u00f3 a la Uni\u00f3n Interparlamentaria a conocer la verdad de Venezuela - MPPPST\",\"isPartOf\":{\"@id\":\"https:\/\/www.mpppst.gob.ve\/mpppstweb\/#website\"},\"primaryImageOfPage\":{\"@id\":\"https:\/\/www.mpppst.gob.ve\/mpppstweb\/index.php\/2021\/04\/12\/an-invito-a-la-union-interparlamentaria-a-conocer-la-verdad-de-venezuela\/#primaryimage\"},\"image\":{\"@id\":\"https:\/\/www.mpppst.gob.ve\/mpppstweb\/index.php\/2021\/04\/12\/an-invito-a-la-union-interparlamentaria-a-conocer-la-verdad-de-venezuela\/#primaryimage\"},\"thumbnailUrl\":\"https:\/\/www.mpppst.gob.ve\/mpppstweb\/wp-content\/uploads\/2021\/04\/74b3f0d2-2667-451c-9360-379d7d02b742.jpg\",\"datePublished\":\"2021-04-12T14:16:47+00:00\",\"dateModified\":\"2021-04-12T14:16:47+00:00\",\"breadcrumb\":{\"@id\":\"https:\/\/www.mpppst.gob.ve\/mpppstweb\/index.php\/2021\/04\/12\/an-invito-a-la-union-interparlamentaria-a-conocer-la-verdad-de-venezuela\/#breadcrumb\"},\"inLanguage\":\"es\",\"potentialAction\":[{\"@type\":\"ReadAction\",\"target\":[\"https:\/\/www.mpppst.gob.ve\/mpppstweb\/index.php\/2021\/04\/12\/an-invito-a-la-union-interparlamentaria-a-conocer-la-verdad-de-venezuela\/\"]}]},{\"@type\":\"ImageObject\",\"inLanguage\":\"es\",\"@id\":\"https:\/\/www.mpppst.gob.ve\/mpppstweb\/index.php\/2021\/04\/12\/an-invito-a-la-union-interparlamentaria-a-conocer-la-verdad-de-venezuela\/#primaryimage\",\"url\":\"https:\/\/www.mpppst.gob.ve\/mpppstweb\/wp-content\/uploads\/2021\/04\/74b3f0d2-2667-451c-9360-379d7d02b742.jpg\",\"contentUrl\":\"https:\/\/www.mpppst.gob.ve\/mpppstweb\/wp-content\/uploads\/2021\/04\/74b3f0d2-2667-451c-9360-379d7d02b742.jpg\",\"width\":800,\"height\":445},{\"@type\":\"BreadcrumbList\",\"@id\":\"https:\/\/www.mpppst.gob.ve\/mpppstweb\/index.php\/2021\/04\/12\/an-invito-a-la-union-interparlamentaria-a-conocer-la-verdad-de-venezuela\/#breadcrumb\",\"itemListElement\":[{\"@type\":\"ListItem\",\"position\":1,\"name\":\"Home\",\"item\":\"https:\/\/www.mpppst.gob.ve\/mpppstweb\/\"},{\"@type\":\"ListItem\",\"position\":2,\"name\":\"AN invit\u00f3 a la Uni\u00f3n Interparlamentaria a conocer la verdad de Venezuela\"}]},{\"@type\":\"WebSite\",\"@id\":\"https:\/\/www.mpppst.gob.ve\/mpppstweb\/#website\",\"url\":\"https:\/\/www.mpppst.gob.ve\/mpppstweb\/\",\"name\":\"MPPPST\",\"description\":\"Ministerio del Poder Popular para el Proceso Social de Trabajo\",\"publisher\":{\"@id\":\"https:\/\/www.mpppst.gob.ve\/mpppstweb\/#organization\"},\"potentialAction\":[{\"@type\":\"SearchAction\",\"target\":{\"@type\":\"EntryPoint\",\"urlTemplate\":\"https:\/\/www.mpppst.gob.ve\/mpppstweb\/?s={search_term_string}\"},\"query-input\":\"required name=search_term_string\"}],\"inLanguage\":\"es\"},{\"@type\":\"Organization\",\"@id\":\"https:\/\/www.mpppst.gob.ve\/mpppstweb\/#organization\",\"name\":\"mpppst\",\"url\":\"https:\/\/www.mpppst.gob.ve\/mpppstweb\/\",\"logo\":{\"@type\":\"ImageObject\",\"inLanguage\":\"es\",\"@id\":\"https:\/\/www.mpppst.gob.ve\/mpppstweb\/#\/schema\/logo\/image\/\",\"url\":\"https:\/\/www.mpppst.gob.ve\/mpppstweb\/wp-content\/uploads\/2025\/07\/cropped-cropped-g910.png\",\"contentUrl\":\"https:\/\/www.mpppst.gob.ve\/mpppstweb\/wp-content\/uploads\/2025\/07\/cropped-cropped-g910.png\",\"width\":1080,\"height\":241,\"caption\":\"mpppst\"},\"image\":{\"@id\":\"https:\/\/www.mpppst.gob.ve\/mpppstweb\/#\/schema\/logo\/image\/\"}},{\"@type\":\"Person\",\"@id\":\"https:\/\/www.mpppst.gob.ve\/mpppstweb\/#\/schema\/person\/fc187ee8ead412bd4c9304b62f900ea4\",\"name\":\"MPPPST Prensa\",\"url\":\"https:\/\/www.mpppst.gob.ve\/mpppstweb\/index.php\/author\/prensa-mpppst\/\"}]}<\/script>\n<!-- \/ Yoast SEO plugin. -->","yoast_head_json":{"title":"AN invit\u00f3 a la Uni\u00f3n Interparlamentaria a conocer la verdad de Venezuela - MPPPST","robots":{"index":"index","follow":"follow","max-snippet":"max-snippet:-1","max-image-preview":"max-image-preview:large","max-video-preview":"max-video-preview:-1"},"canonical":"https:\/\/www.mpppst.gob.ve\/mpppstweb\/index.php\/2021\/04\/12\/an-invito-a-la-union-interparlamentaria-a-conocer-la-verdad-de-venezuela\/","og_locale":"es_ES","og_type":"article","og_title":"AN invit\u00f3 a la Uni\u00f3n Interparlamentaria a conocer la verdad de Venezuela - MPPPST","og_description":"Una delegaci\u00f3n de parlamentarios de la Asamblea Nacional de la Rep\u00fablica Bolivariana de Venezuela, sostuvo en &hellip; AN invit\u00f3 a la Uni\u00f3n Interparlamentaria a conocer la verdad de VenezuelaRead more","og_url":"https:\/\/www.mpppst.gob.ve\/mpppstweb\/index.php\/2021\/04\/12\/an-invito-a-la-union-interparlamentaria-a-conocer-la-verdad-de-venezuela\/","og_site_name":"MPPPST","article_published_time":"2021-04-12T14:16:47+00:00","og_image":[{"width":800,"height":445,"url":"https:\/\/www.mpppst.gob.ve\/mpppstweb\/wp-content\/uploads\/2021\/04\/74b3f0d2-2667-451c-9360-379d7d02b742.jpg","type":"image\/jpeg"}],"author":"MPPPST Prensa","twitter_card":"summary_large_image","twitter_misc":{"Escrito por":"MPPPST Prensa","Tiempo de lectura":"1 minuto"},"schema":{"@context":"https:\/\/schema.org","@graph":[{"@type":"Article","@id":"https:\/\/www.mpppst.gob.ve\/mpppstweb\/index.php\/2021\/04\/12\/an-invito-a-la-union-interparlamentaria-a-conocer-la-verdad-de-venezuela\/#article","isPartOf":{"@id":"https:\/\/www.mpppst.gob.ve\/mpppstweb\/index.php\/2021\/04\/12\/an-invito-a-la-union-interparlamentaria-a-conocer-la-verdad-de-venezuela\/"},"author":{"name":"MPPPST Prensa","@id":"https:\/\/www.mpppst.gob.ve\/mpppstweb\/#\/schema\/person\/fc187ee8ead412bd4c9304b62f900ea4"},"headline":"AN invit\u00f3 a la Uni\u00f3n Interparlamentaria a conocer la verdad de Venezuela","datePublished":"2021-04-12T14:16:47+00:00","dateModified":"2021-04-12T14:16:47+00:00","mainEntityOfPage":{"@id":"https:\/\/www.mpppst.gob.ve\/mpppstweb\/index.php\/2021\/04\/12\/an-invito-a-la-union-interparlamentaria-a-conocer-la-verdad-de-venezuela\/"},"wordCount":287,"publisher":{"@id":"https:\/\/www.mpppst.gob.ve\/mpppstweb\/#organization"},"image":{"@id":"https:\/\/www.mpppst.gob.ve\/mpppstweb\/index.php\/2021\/04\/12\/an-invito-a-la-union-interparlamentaria-a-conocer-la-verdad-de-venezuela\/#primaryimage"},"thumbnailUrl":"https:\/\/www.mpppst.gob.ve\/mpppstweb\/wp-content\/uploads\/2021\/04\/74b3f0d2-2667-451c-9360-379d7d02b742.jpg","articleSection":["Gobierno Nacional","Noticias"],"inLanguage":"es"},{"@type":"WebPage","@id":"https:\/\/www.mpppst.gob.ve\/mpppstweb\/index.php\/2021\/04\/12\/an-invito-a-la-union-interparlamentaria-a-conocer-la-verdad-de-venezuela\/","url":"https:\/\/www.mpppst.gob.ve\/mpppstweb\/index.php\/2021\/04\/12\/an-invito-a-la-union-interparlamentaria-a-conocer-la-verdad-de-venezuela\/","name":"AN invit\u00f3 a la Uni\u00f3n Interparlamentaria a conocer la verdad de Venezuela - MPPPST","isPartOf":{"@id":"https:\/\/www.mpppst.gob.ve\/mpppstweb\/#website"},"primaryImageOfPage":{"@id":"https:\/\/www.mpppst.gob.ve\/mpppstweb\/index.php\/2021\/04\/12\/an-invito-a-la-union-interparlamentaria-a-conocer-la-verdad-de-venezuela\/#primaryimage"},"image":{"@id":"https:\/\/www.mpppst.gob.ve\/mpppstweb\/index.php\/2021\/04\/12\/an-invito-a-la-union-interparlamentaria-a-conocer-la-verdad-de-venezuela\/#primaryimage"},"thumbnailUrl":"https:\/\/www.mpppst.gob.ve\/mpppstweb\/wp-content\/uploads\/2021\/04\/74b3f0d2-2667-451c-9360-379d7d02b742.jpg","datePublished":"2021-04-12T14:16:47+00:00","dateModified":"2021-04-12T14:16:47+00:00","breadcrumb":{"@id":"https:\/\/www.mpppst.gob.ve\/mpppstweb\/index.php\/2021\/04\/12\/an-invito-a-la-union-interparlamentaria-a-conocer-la-verdad-de-venezuela\/#breadcrumb"},"inLanguage":"es","potentialAction":[{"@type":"ReadAction","target":["https:\/\/www.mpppst.gob.ve\/mpppstweb\/index.php\/2021\/04\/12\/an-invito-a-la-union-interparlamentaria-a-conocer-la-verdad-de-venezuela\/"]}]},{"@type":"ImageObject","inLanguage":"es","@id":"https:\/\/www.mpppst.gob.ve\/mpppstweb\/index.php\/2021\/04\/12\/an-invito-a-la-union-interparlamentaria-a-conocer-la-verdad-de-venezuela\/#primaryimage","url":"https:\/\/www.mpppst.gob.ve\/mpppstweb\/wp-content\/uploads\/2021\/04\/74b3f0d2-2667-451c-9360-379d7d02b742.jpg","contentUrl":"https:\/\/www.mpppst.gob.ve\/mpppstweb\/wp-content\/uploads\/2021\/04\/74b3f0d2-2667-451c-9360-379d7d02b742.jpg","width":800,"height":445},{"@type":"BreadcrumbList","@id":"https:\/\/www.mpppst.gob.ve\/mpppstweb\/index.php\/2021\/04\/12\/an-invito-a-la-union-interparlamentaria-a-conocer-la-verdad-de-venezuela\/#breadcrumb","itemListElement":[{"@type":"ListItem","position":1,"name":"Home","item":"https:\/\/www.mpppst.gob.ve\/mpppstweb\/"},{"@type":"ListItem","position":2,"name":"AN invit\u00f3 a la Uni\u00f3n Interparlamentaria a conocer la verdad de Venezuela"}]},{"@type":"WebSite","@id":"https:\/\/www.mpppst.gob.ve\/mpppstweb\/#website","url":"https:\/\/www.mpppst.gob.ve\/mpppstweb\/","name":"MPPPST","description":"Ministerio del Poder Popular para el Proceso Social de Trabajo","publisher":{"@id":"https:\/\/www.mpppst.gob.ve\/mpppstweb\/#organization"},"potentialAction":[{"@type":"SearchAction","target":{"@type":"EntryPoint","urlTemplate":"https:\/\/www.mpppst.gob.ve\/mpppstweb\/?s={search_term_string}"},"query-input":"required name=search_term_string"}],"inLanguage":"es"},{"@type":"Organization","@id":"https:\/\/www.mpppst.gob.ve\/mpppstweb\/#organization","name":"mpppst","url":"https:\/\/www.mpppst.gob.ve\/mpppstweb\/","logo":{"@type":"ImageObject","inLanguage":"es","@id":"https:\/\/www.mpppst.gob.ve\/mpppstweb\/#\/schema\/logo\/image\/","url":"https:\/\/www.mpppst.gob.ve\/mpppstweb\/wp-content\/uploads\/2025\/07\/cropped-cropped-g910.png","contentUrl":"https:\/\/www.mpppst.gob.ve\/mpppstweb\/wp-content\/uploads\/2025\/07\/cropped-cropped-g910.png","width":1080,"height":241,"caption":"mpppst"},"image":{"@id":"https:\/\/www.mpppst.gob.ve\/mpppstweb\/#\/schema\/logo\/image\/"}},{"@type":"Person","@id":"https:\/\/www.mpppst.gob.ve\/mpppstweb\/#\/schema\/person\/fc187ee8ead412bd4c9304b62f900ea4","name":"MPPPST Prensa","url":"https:\/\/www.mpppst.gob.ve\/mpppstweb\/index.php\/author\/prensa-mpppst\/"}]}},"_links":{"self":[{"href":"https:\/\/www.mpppst.gob.ve\/mpppstweb\/index.php\/wp-json\/wp\/v2\/posts\/22085"}],"collection":[{"href":"https:\/\/www.mpppst.gob.ve\/mpppstweb\/index.php\/wp-json\/wp\/v2\/posts"}],"about":[{"href":"https:\/\/www.mpppst.gob.ve\/mpppstweb\/index.php\/wp-json\/wp\/v2\/types\/post"}],"author":[{"embeddable":true,"href":"https:\/\/www.mpppst.gob.ve\/mpppstweb\/index.php\/wp-json\/wp\/v2\/users\/25"}],"replies":[{"embeddable":true,"href":"https:\/\/www.mpppst.gob.ve\/mpppstweb\/index.php\/wp-json\/wp\/v2\/comments?post=22085"}],"version-history":[{"count":1,"href":"https:\/\/www.mpppst.gob.ve\/mpppstweb\/index.php\/wp-json\/wp\/v2\/posts\/22085\/revisions"}],"predecessor-version":[{"id":22087,"href":"https:\/\/www.mpppst.gob.ve\/mpppstweb\/index.php\/wp-json\/wp\/v2\/posts\/22085\/revisions\/22087"}],"wp:featuredmedia":[{"embeddable":true,"href":"https:\/\/www.mpppst.gob.ve\/mpppstweb\/index.php\/wp-json\/wp\/v2\/media\/22086"}],"wp:attachment":[{"href":"https:\/\/www.mpppst.gob.ve\/mpppstweb\/index.php\/wp-json\/wp\/v2\/media?parent=22085"}],"wp:term":[{"taxonomy":"category","embeddable":true,"href":"https:\/\/www.mpppst.gob.ve\/mpppstweb\/index.php\/wp-json\/wp\/v2\/categories?post=22085"},{"taxonomy":"post_tag","embeddable":true,"href":"https:\/\/www.mpppst.gob.ve\/mpppstweb\/index.php\/wp-json\/wp\/v2\/tags?post=22085"}],"curies":[{"name":"wp","href":"https:\/\/api.w.org\/{rel}","templated":true}]}}