{"id":22088,"date":"2021-04-12T10:19:02","date_gmt":"2021-04-12T14:19:02","guid":{"rendered":"http:\/\/www.mpppst.gob.ve\/mpppstweb\/?p=22088"},"modified":"2021-04-12T10:19:02","modified_gmt":"2021-04-12T14:19:02","slug":"transporte-interurbano-funcionara-durante-semana-de-flexibilizacion-a-excepcion-desde-y-hacia-tachira-y-bolivar","status":"publish","type":"post","link":"https:\/\/www.mpppst.gob.ve\/mpppstweb\/index.php\/2021\/04\/12\/transporte-interurbano-funcionara-durante-semana-de-flexibilizacion-a-excepcion-desde-y-hacia-tachira-y-bolivar\/","title":{"rendered":"Transporte Interurbano funcionar\u00e1 durante semana de flexibilizaci\u00f3n a excepci\u00f3n desde y hacia T\u00e1chira y Bol\u00edvar"},"content":{"rendered":"\n<p>El ministro del Poder Popular para el Transporte, Hip\u00f3lito Abreu, inform\u00f3 a trav\u00e9s de su cuenta en la red social Twitter, que el transporte interurbano estar\u00e1 funcionando durante esta semana de flexibilizaci\u00f3n del 12 al 18 de abril de 2021.<\/p>\n\n\n\n<p>Sin embargo, aclar\u00f3 que esta&nbsp;autorizaci\u00f3n excluye los destinos desde y hacia los estados Bol\u00edvar y T\u00e1chira.<\/p>\n\n\n\n<p>Asimismo, destac\u00f3 que habr\u00e1 m\u00e1xima vigilancia en el cumplimiento de las medidas de biosegurid.<\/p>\n\n\n\n<blockquote class=\"wp-block-quote\"><p>Se informa que en la semana de flexibilizaci\u00f3n (<a href=\"https:\/\/twitter.com\/hashtag\/12Abr?src=hash&amp;ref_src=twsrc%5Etfw\">#12Abr<\/a>&nbsp;al&nbsp;<a href=\"https:\/\/twitter.com\/hashtag\/18Abr?src=hash&amp;ref_src=twsrc%5Etfw\">#18Abr<\/a>) decretado por el Pdte&nbsp;<a href=\"https:\/\/twitter.com\/NicolasMaduro?ref_src=twsrc%5Etfw\">@NicolasMaduro<\/a>, el transporte interurbano funcionar\u00e1 a nivel nacional, excepto desde y hacia T\u00e1chira y Bolivar. Habr\u00e1 m\u00e1xima vigilancia en el cumplimiento de las medidas de biosegurida!<\/p><p>\u2014 Hip\u00f3lito Abreu (@HAbreuMRT)&nbsp;<a href=\"https:\/\/twitter.com\/HAbreuMRT\/status\/1381408688074850314?ref_src=twsrc%5Etfw\">April 12, 2021<\/a><\/p><\/blockquote>\n\n\n\n<p>Por \u00faltimo, inform\u00f3 que el Instituto Nacional de Transporte Terrestre (INTT) estar\u00e1 desplegado en todo el pa\u00eds para garantizar \u201cmovilidad con bioseguridad\u201d.<\/p>\n\n\n\n<blockquote class=\"wp-block-quote\"><p>Esta semana de flexibilizaci\u00f3n (<a href=\"https:\/\/twitter.com\/hashtag\/12Abr?src=hash&amp;ref_src=twsrc%5Etfw\">#12Abr<\/a>&nbsp;al&nbsp;<a href=\"https:\/\/twitter.com\/hashtag\/18Abr?src=hash&amp;ref_src=twsrc%5Etfw\">#18Abr<\/a>) impone el desaf\u00edo de garantizar movilidad con bioseguridad\u2026 Desplegaremos al&nbsp;<a href=\"https:\/\/twitter.com\/INTToficial?ref_src=twsrc%5Etfw\">@INTToficial<\/a>&nbsp;en terminales, paradas y unidades de transporte para vigilar el cumplimiento de las medidas biosanitarias! Unidos venceremos al Covid-19!<\/p><p>\u2014 Hip\u00f3lito Abreu (@HAbreuMRT)&nbsp;<a href=\"https:\/\/twitter.com\/HAbreuMRT\/status\/1381438056306249728?ref_src=twsrc%5Etfw\">April 12, 2021<\/a><\/p><\/blockquote>\n\n\n\n<p>Prensa Web VTV<\/p>\n","protected":false},"excerpt":{"rendered":"<p>El ministro del Poder Popular para el Transporte, Hip\u00f3lito Abreu, inform\u00f3 a trav\u00e9s de su cuenta &hellip; <a title=\"Transporte Interurbano funcionar\u00e1 durante semana de flexibilizaci\u00f3n a excepci\u00f3n desde y hacia T\u00e1chira y Bol\u00edvar\" class=\"hm-read-more\" href=\"https:\/\/www.mpppst.gob.ve\/mpppstweb\/index.php\/2021\/04\/12\/transporte-interurbano-funcionara-durante-semana-de-flexibilizacion-a-excepcion-desde-y-hacia-tachira-y-bolivar\/\"><span class=\"screen-reader-text\">Transporte Interurbano funcionar\u00e1 durante semana de flexibilizaci\u00f3n a excepci\u00f3n desde y hacia T\u00e1chira y Bol\u00edvar<\/span>Read more<\/a><\/p>\n","protected":false},"author":25,"featured_media":22089,"comment_status":"closed","ping_status":"closed","sticky":false,"template":"","format":"standard","meta":{"footnotes":""},"categories":[82,163],"tags":[],"yoast_head":"<!-- This site is optimized with the Yoast SEO plugin v22.5 - https:\/\/yoast.com\/wordpress\/plugins\/seo\/ -->\n<title>Transporte Interurbano funcionar\u00e1 durante semana de flexibilizaci\u00f3n a excepci\u00f3n desde y hacia T\u00e1chira y Bol\u00edvar - MPPPST<\/title>\n<meta name=\"robots\" content=\"index, follow, max-snippet:-1, max-image-preview:large, max-video-preview:-1\" \/>\n<link rel=\"canonical\" href=\"https:\/\/www.mpppst.gob.ve\/mpppstweb\/index.php\/2021\/04\/12\/transporte-interurbano-funcionara-durante-semana-de-flexibilizacion-a-excepcion-desde-y-hacia-tachira-y-bolivar\/\" \/>\n<meta property=\"og:locale\" content=\"es_ES\" \/>\n<meta property=\"og:type\" content=\"article\" \/>\n<meta property=\"og:title\" content=\"Transporte Interurbano funcionar\u00e1 durante semana de flexibilizaci\u00f3n a excepci\u00f3n desde y hacia T\u00e1chira y Bol\u00edvar - MPPPST\" \/>\n<meta property=\"og:description\" content=\"El ministro del Poder Popular para el Transporte, Hip\u00f3lito Abreu, inform\u00f3 a trav\u00e9s de su cuenta &hellip; Transporte Interurbano funcionar\u00e1 durante semana de flexibilizaci\u00f3n a excepci\u00f3n desde y hacia T\u00e1chira y Bol\u00edvarRead more\" \/>\n<meta property=\"og:url\" content=\"https:\/\/www.mpppst.gob.ve\/mpppstweb\/index.php\/2021\/04\/12\/transporte-interurbano-funcionara-durante-semana-de-flexibilizacion-a-excepcion-desde-y-hacia-tachira-y-bolivar\/\" \/>\n<meta property=\"og:site_name\" content=\"MPPPST\" \/>\n<meta property=\"article:published_time\" content=\"2021-04-12T14:19:02+00:00\" \/>\n<meta property=\"og:image\" content=\"https:\/\/www.mpppst.gob.ve\/mpppstweb\/wp-content\/uploads\/2021\/04\/terminales-terrestres-reactivacion-2-diciembre-mairet-chourio.jpg\" \/>\n\t<meta property=\"og:image:width\" content=\"800\" \/>\n\t<meta property=\"og:image:height\" content=\"445\" \/>\n\t<meta property=\"og:image:type\" content=\"image\/jpeg\" \/>\n<meta name=\"author\" content=\"MPPPST Prensa\" \/>\n<meta name=\"twitter:card\" content=\"summary_large_image\" \/>\n<meta name=\"twitter:label1\" content=\"Escrito por\" \/>\n\t<meta name=\"twitter:data1\" content=\"MPPPST Prensa\" \/>\n\t<meta name=\"twitter:label2\" content=\"Tiempo de lectura\" \/>\n\t<meta name=\"twitter:data2\" content=\"1 minuto\" \/>\n<script type=\"application\/ld+json\" class=\"yoast-schema-graph\">{\"@context\":\"https:\/\/schema.org\",\"@graph\":[{\"@type\":\"Article\",\"@id\":\"https:\/\/www.mpppst.gob.ve\/mpppstweb\/index.php\/2021\/04\/12\/transporte-interurbano-funcionara-durante-semana-de-flexibilizacion-a-excepcion-desde-y-hacia-tachira-y-bolivar\/#article\",\"isPartOf\":{\"@id\":\"https:\/\/www.mpppst.gob.ve\/mpppstweb\/index.php\/2021\/04\/12\/transporte-interurbano-funcionara-durante-semana-de-flexibilizacion-a-excepcion-desde-y-hacia-tachira-y-bolivar\/\"},\"author\":{\"name\":\"MPPPST Prensa\",\"@id\":\"https:\/\/www.mpppst.gob.ve\/mpppstweb\/#\/schema\/person\/fc187ee8ead412bd4c9304b62f900ea4\"},\"headline\":\"Transporte Interurbano funcionar\u00e1 durante semana de flexibilizaci\u00f3n a excepci\u00f3n desde y hacia T\u00e1chira y Bol\u00edvar\",\"datePublished\":\"2021-04-12T14:19:02+00:00\",\"dateModified\":\"2021-04-12T14:19:02+00:00\",\"mainEntityOfPage\":{\"@id\":\"https:\/\/www.mpppst.gob.ve\/mpppstweb\/index.php\/2021\/04\/12\/transporte-interurbano-funcionara-durante-semana-de-flexibilizacion-a-excepcion-desde-y-hacia-tachira-y-bolivar\/\"},\"wordCount\":223,\"publisher\":{\"@id\":\"https:\/\/www.mpppst.gob.ve\/mpppstweb\/#organization\"},\"image\":{\"@id\":\"https:\/\/www.mpppst.gob.ve\/mpppstweb\/index.php\/2021\/04\/12\/transporte-interurbano-funcionara-durante-semana-de-flexibilizacion-a-excepcion-desde-y-hacia-tachira-y-bolivar\/#primaryimage\"},\"thumbnailUrl\":\"https:\/\/www.mpppst.gob.ve\/mpppstweb\/wp-content\/uploads\/2021\/04\/terminales-terrestres-reactivacion-2-diciembre-mairet-chourio.jpg\",\"articleSection\":[\"Gobierno Nacional\",\"Noticias\"],\"inLanguage\":\"es\"},{\"@type\":\"WebPage\",\"@id\":\"https:\/\/www.mpppst.gob.ve\/mpppstweb\/index.php\/2021\/04\/12\/transporte-interurbano-funcionara-durante-semana-de-flexibilizacion-a-excepcion-desde-y-hacia-tachira-y-bolivar\/\",\"url\":\"https:\/\/www.mpppst.gob.ve\/mpppstweb\/index.php\/2021\/04\/12\/transporte-interurbano-funcionara-durante-semana-de-flexibilizacion-a-excepcion-desde-y-hacia-tachira-y-bolivar\/\",\"name\":\"Transporte Interurbano funcionar\u00e1 durante semana de flexibilizaci\u00f3n a excepci\u00f3n desde y hacia T\u00e1chira y Bol\u00edvar - MPPPST\",\"isPartOf\":{\"@id\":\"https:\/\/www.mpppst.gob.ve\/mpppstweb\/#website\"},\"primaryImageOfPage\":{\"@id\":\"https:\/\/www.mpppst.gob.ve\/mpppstweb\/index.php\/2021\/04\/12\/transporte-interurbano-funcionara-durante-semana-de-flexibilizacion-a-excepcion-desde-y-hacia-tachira-y-bolivar\/#primaryimage\"},\"image\":{\"@id\":\"https:\/\/www.mpppst.gob.ve\/mpppstweb\/index.php\/2021\/04\/12\/transporte-interurbano-funcionara-durante-semana-de-flexibilizacion-a-excepcion-desde-y-hacia-tachira-y-bolivar\/#primaryimage\"},\"thumbnailUrl\":\"https:\/\/www.mpppst.gob.ve\/mpppstweb\/wp-content\/uploads\/2021\/04\/terminales-terrestres-reactivacion-2-diciembre-mairet-chourio.jpg\",\"datePublished\":\"2021-04-12T14:19:02+00:00\",\"dateModified\":\"2021-04-12T14:19:02+00:00\",\"breadcrumb\":{\"@id\":\"https:\/\/www.mpppst.gob.ve\/mpppstweb\/index.php\/2021\/04\/12\/transporte-interurbano-funcionara-durante-semana-de-flexibilizacion-a-excepcion-desde-y-hacia-tachira-y-bolivar\/#breadcrumb\"},\"inLanguage\":\"es\",\"potentialAction\":[{\"@type\":\"ReadAction\",\"target\":[\"https:\/\/www.mpppst.gob.ve\/mpppstweb\/index.php\/2021\/04\/12\/transporte-interurbano-funcionara-durante-semana-de-flexibilizacion-a-excepcion-desde-y-hacia-tachira-y-bolivar\/\"]}]},{\"@type\":\"ImageObject\",\"inLanguage\":\"es\",\"@id\":\"https:\/\/www.mpppst.gob.ve\/mpppstweb\/index.php\/2021\/04\/12\/transporte-interurbano-funcionara-durante-semana-de-flexibilizacion-a-excepcion-desde-y-hacia-tachira-y-bolivar\/#primaryimage\",\"url\":\"https:\/\/www.mpppst.gob.ve\/mpppstweb\/wp-content\/uploads\/2021\/04\/terminales-terrestres-reactivacion-2-diciembre-mairet-chourio.jpg\",\"contentUrl\":\"https:\/\/www.mpppst.gob.ve\/mpppstweb\/wp-content\/uploads\/2021\/04\/terminales-terrestres-reactivacion-2-diciembre-mairet-chourio.jpg\",\"width\":800,\"height\":445},{\"@type\":\"BreadcrumbList\",\"@id\":\"https:\/\/www.mpppst.gob.ve\/mpppstweb\/index.php\/2021\/04\/12\/transporte-interurbano-funcionara-durante-semana-de-flexibilizacion-a-excepcion-desde-y-hacia-tachira-y-bolivar\/#breadcrumb\",\"itemListElement\":[{\"@type\":\"ListItem\",\"position\":1,\"name\":\"Home\",\"item\":\"https:\/\/www.mpppst.gob.ve\/mpppstweb\/\"},{\"@type\":\"ListItem\",\"position\":2,\"name\":\"Transporte Interurbano funcionar\u00e1 durante semana de flexibilizaci\u00f3n a excepci\u00f3n desde y hacia T\u00e1chira y Bol\u00edvar\"}]},{\"@type\":\"WebSite\",\"@id\":\"https:\/\/www.mpppst.gob.ve\/mpppstweb\/#website\",\"url\":\"https:\/\/www.mpppst.gob.ve\/mpppstweb\/\",\"name\":\"MPPPST\",\"description\":\"Ministerio del Poder Popular para el Proceso Social de Trabajo\",\"publisher\":{\"@id\":\"https:\/\/www.mpppst.gob.ve\/mpppstweb\/#organization\"},\"potentialAction\":[{\"@type\":\"SearchAction\",\"target\":{\"@type\":\"EntryPoint\",\"urlTemplate\":\"https:\/\/www.mpppst.gob.ve\/mpppstweb\/?s={search_term_string}\"},\"query-input\":\"required name=search_term_string\"}],\"inLanguage\":\"es\"},{\"@type\":\"Organization\",\"@id\":\"https:\/\/www.mpppst.gob.ve\/mpppstweb\/#organization\",\"name\":\"mpppst\",\"url\":\"https:\/\/www.mpppst.gob.ve\/mpppstweb\/\",\"logo\":{\"@type\":\"ImageObject\",\"inLanguage\":\"es\",\"@id\":\"https:\/\/www.mpppst.gob.ve\/mpppstweb\/#\/schema\/logo\/image\/\",\"url\":\"https:\/\/www.mpppst.gob.ve\/mpppstweb\/wp-content\/uploads\/2025\/07\/cropped-cropped-g910.png\",\"contentUrl\":\"https:\/\/www.mpppst.gob.ve\/mpppstweb\/wp-content\/uploads\/2025\/07\/cropped-cropped-g910.png\",\"width\":1080,\"height\":241,\"caption\":\"mpppst\"},\"image\":{\"@id\":\"https:\/\/www.mpppst.gob.ve\/mpppstweb\/#\/schema\/logo\/image\/\"}},{\"@type\":\"Person\",\"@id\":\"https:\/\/www.mpppst.gob.ve\/mpppstweb\/#\/schema\/person\/fc187ee8ead412bd4c9304b62f900ea4\",\"name\":\"MPPPST Prensa\",\"url\":\"https:\/\/www.mpppst.gob.ve\/mpppstweb\/index.php\/author\/prensa-mpppst\/\"}]}<\/script>\n<!-- \/ Yoast SEO plugin. -->","yoast_head_json":{"title":"Transporte Interurbano funcionar\u00e1 durante semana de flexibilizaci\u00f3n a excepci\u00f3n desde y hacia T\u00e1chira y Bol\u00edvar - MPPPST","robots":{"index":"index","follow":"follow","max-snippet":"max-snippet:-1","max-image-preview":"max-image-preview:large","max-video-preview":"max-video-preview:-1"},"canonical":"https:\/\/www.mpppst.gob.ve\/mpppstweb\/index.php\/2021\/04\/12\/transporte-interurbano-funcionara-durante-semana-de-flexibilizacion-a-excepcion-desde-y-hacia-tachira-y-bolivar\/","og_locale":"es_ES","og_type":"article","og_title":"Transporte Interurbano funcionar\u00e1 durante semana de flexibilizaci\u00f3n a excepci\u00f3n desde y hacia T\u00e1chira y Bol\u00edvar - MPPPST","og_description":"El ministro del Poder Popular para el Transporte, Hip\u00f3lito Abreu, inform\u00f3 a trav\u00e9s de su cuenta &hellip; Transporte Interurbano funcionar\u00e1 durante semana de flexibilizaci\u00f3n a excepci\u00f3n desde y hacia T\u00e1chira y Bol\u00edvarRead more","og_url":"https:\/\/www.mpppst.gob.ve\/mpppstweb\/index.php\/2021\/04\/12\/transporte-interurbano-funcionara-durante-semana-de-flexibilizacion-a-excepcion-desde-y-hacia-tachira-y-bolivar\/","og_site_name":"MPPPST","article_published_time":"2021-04-12T14:19:02+00:00","og_image":[{"width":800,"height":445,"url":"https:\/\/www.mpppst.gob.ve\/mpppstweb\/wp-content\/uploads\/2021\/04\/terminales-terrestres-reactivacion-2-diciembre-mairet-chourio.jpg","type":"image\/jpeg"}],"author":"MPPPST Prensa","twitter_card":"summary_large_image","twitter_misc":{"Escrito por":"MPPPST Prensa","Tiempo de lectura":"1 minuto"},"schema":{"@context":"https:\/\/schema.org","@graph":[{"@type":"Article","@id":"https:\/\/www.mpppst.gob.ve\/mpppstweb\/index.php\/2021\/04\/12\/transporte-interurbano-funcionara-durante-semana-de-flexibilizacion-a-excepcion-desde-y-hacia-tachira-y-bolivar\/#article","isPartOf":{"@id":"https:\/\/www.mpppst.gob.ve\/mpppstweb\/index.php\/2021\/04\/12\/transporte-interurbano-funcionara-durante-semana-de-flexibilizacion-a-excepcion-desde-y-hacia-tachira-y-bolivar\/"},"author":{"name":"MPPPST Prensa","@id":"https:\/\/www.mpppst.gob.ve\/mpppstweb\/#\/schema\/person\/fc187ee8ead412bd4c9304b62f900ea4"},"headline":"Transporte Interurbano funcionar\u00e1 durante semana de flexibilizaci\u00f3n a excepci\u00f3n desde y hacia T\u00e1chira y Bol\u00edvar","datePublished":"2021-04-12T14:19:02+00:00","dateModified":"2021-04-12T14:19:02+00:00","mainEntityOfPage":{"@id":"https:\/\/www.mpppst.gob.ve\/mpppstweb\/index.php\/2021\/04\/12\/transporte-interurbano-funcionara-durante-semana-de-flexibilizacion-a-excepcion-desde-y-hacia-tachira-y-bolivar\/"},"wordCount":223,"publisher":{"@id":"https:\/\/www.mpppst.gob.ve\/mpppstweb\/#organization"},"image":{"@id":"https:\/\/www.mpppst.gob.ve\/mpppstweb\/index.php\/2021\/04\/12\/transporte-interurbano-funcionara-durante-semana-de-flexibilizacion-a-excepcion-desde-y-hacia-tachira-y-bolivar\/#primaryimage"},"thumbnailUrl":"https:\/\/www.mpppst.gob.ve\/mpppstweb\/wp-content\/uploads\/2021\/04\/terminales-terrestres-reactivacion-2-diciembre-mairet-chourio.jpg","articleSection":["Gobierno Nacional","Noticias"],"inLanguage":"es"},{"@type":"WebPage","@id":"https:\/\/www.mpppst.gob.ve\/mpppstweb\/index.php\/2021\/04\/12\/transporte-interurbano-funcionara-durante-semana-de-flexibilizacion-a-excepcion-desde-y-hacia-tachira-y-bolivar\/","url":"https:\/\/www.mpppst.gob.ve\/mpppstweb\/index.php\/2021\/04\/12\/transporte-interurbano-funcionara-durante-semana-de-flexibilizacion-a-excepcion-desde-y-hacia-tachira-y-bolivar\/","name":"Transporte Interurbano funcionar\u00e1 durante semana de flexibilizaci\u00f3n a excepci\u00f3n desde y hacia T\u00e1chira y Bol\u00edvar - MPPPST","isPartOf":{"@id":"https:\/\/www.mpppst.gob.ve\/mpppstweb\/#website"},"primaryImageOfPage":{"@id":"https:\/\/www.mpppst.gob.ve\/mpppstweb\/index.php\/2021\/04\/12\/transporte-interurbano-funcionara-durante-semana-de-flexibilizacion-a-excepcion-desde-y-hacia-tachira-y-bolivar\/#primaryimage"},"image":{"@id":"https:\/\/www.mpppst.gob.ve\/mpppstweb\/index.php\/2021\/04\/12\/transporte-interurbano-funcionara-durante-semana-de-flexibilizacion-a-excepcion-desde-y-hacia-tachira-y-bolivar\/#primaryimage"},"thumbnailUrl":"https:\/\/www.mpppst.gob.ve\/mpppstweb\/wp-content\/uploads\/2021\/04\/terminales-terrestres-reactivacion-2-diciembre-mairet-chourio.jpg","datePublished":"2021-04-12T14:19:02+00:00","dateModified":"2021-04-12T14:19:02+00:00","breadcrumb":{"@id":"https:\/\/www.mpppst.gob.ve\/mpppstweb\/index.php\/2021\/04\/12\/transporte-interurbano-funcionara-durante-semana-de-flexibilizacion-a-excepcion-desde-y-hacia-tachira-y-bolivar\/#breadcrumb"},"inLanguage":"es","potentialAction":[{"@type":"ReadAction","target":["https:\/\/www.mpppst.gob.ve\/mpppstweb\/index.php\/2021\/04\/12\/transporte-interurbano-funcionara-durante-semana-de-flexibilizacion-a-excepcion-desde-y-hacia-tachira-y-bolivar\/"]}]},{"@type":"ImageObject","inLanguage":"es","@id":"https:\/\/www.mpppst.gob.ve\/mpppstweb\/index.php\/2021\/04\/12\/transporte-interurbano-funcionara-durante-semana-de-flexibilizacion-a-excepcion-desde-y-hacia-tachira-y-bolivar\/#primaryimage","url":"https:\/\/www.mpppst.gob.ve\/mpppstweb\/wp-content\/uploads\/2021\/04\/terminales-terrestres-reactivacion-2-diciembre-mairet-chourio.jpg","contentUrl":"https:\/\/www.mpppst.gob.ve\/mpppstweb\/wp-content\/uploads\/2021\/04\/terminales-terrestres-reactivacion-2-diciembre-mairet-chourio.jpg","width":800,"height":445},{"@type":"BreadcrumbList","@id":"https:\/\/www.mpppst.gob.ve\/mpppstweb\/index.php\/2021\/04\/12\/transporte-interurbano-funcionara-durante-semana-de-flexibilizacion-a-excepcion-desde-y-hacia-tachira-y-bolivar\/#breadcrumb","itemListElement":[{"@type":"ListItem","position":1,"name":"Home","item":"https:\/\/www.mpppst.gob.ve\/mpppstweb\/"},{"@type":"ListItem","position":2,"name":"Transporte Interurbano funcionar\u00e1 durante semana de flexibilizaci\u00f3n a excepci\u00f3n desde y hacia T\u00e1chira y Bol\u00edvar"}]},{"@type":"WebSite","@id":"https:\/\/www.mpppst.gob.ve\/mpppstweb\/#website","url":"https:\/\/www.mpppst.gob.ve\/mpppstweb\/","name":"MPPPST","description":"Ministerio del Poder Popular para el Proceso Social de Trabajo","publisher":{"@id":"https:\/\/www.mpppst.gob.ve\/mpppstweb\/#organization"},"potentialAction":[{"@type":"SearchAction","target":{"@type":"EntryPoint","urlTemplate":"https:\/\/www.mpppst.gob.ve\/mpppstweb\/?s={search_term_string}"},"query-input":"required name=search_term_string"}],"inLanguage":"es"},{"@type":"Organization","@id":"https:\/\/www.mpppst.gob.ve\/mpppstweb\/#organization","name":"mpppst","url":"https:\/\/www.mpppst.gob.ve\/mpppstweb\/","logo":{"@type":"ImageObject","inLanguage":"es","@id":"https:\/\/www.mpppst.gob.ve\/mpppstweb\/#\/schema\/logo\/image\/","url":"https:\/\/www.mpppst.gob.ve\/mpppstweb\/wp-content\/uploads\/2025\/07\/cropped-cropped-g910.png","contentUrl":"https:\/\/www.mpppst.gob.ve\/mpppstweb\/wp-content\/uploads\/2025\/07\/cropped-cropped-g910.png","width":1080,"height":241,"caption":"mpppst"},"image":{"@id":"https:\/\/www.mpppst.gob.ve\/mpppstweb\/#\/schema\/logo\/image\/"}},{"@type":"Person","@id":"https:\/\/www.mpppst.gob.ve\/mpppstweb\/#\/schema\/person\/fc187ee8ead412bd4c9304b62f900ea4","name":"MPPPST Prensa","url":"https:\/\/www.mpppst.gob.ve\/mpppstweb\/index.php\/author\/prensa-mpppst\/"}]}},"_links":{"self":[{"href":"https:\/\/www.mpppst.gob.ve\/mpppstweb\/index.php\/wp-json\/wp\/v2\/posts\/22088"}],"collection":[{"href":"https:\/\/www.mpppst.gob.ve\/mpppstweb\/index.php\/wp-json\/wp\/v2\/posts"}],"about":[{"href":"https:\/\/www.mpppst.gob.ve\/mpppstweb\/index.php\/wp-json\/wp\/v2\/types\/post"}],"author":[{"embeddable":true,"href":"https:\/\/www.mpppst.gob.ve\/mpppstweb\/index.php\/wp-json\/wp\/v2\/users\/25"}],"replies":[{"embeddable":true,"href":"https:\/\/www.mpppst.gob.ve\/mpppstweb\/index.php\/wp-json\/wp\/v2\/comments?post=22088"}],"version-history":[{"count":1,"href":"https:\/\/www.mpppst.gob.ve\/mpppstweb\/index.php\/wp-json\/wp\/v2\/posts\/22088\/revisions"}],"predecessor-version":[{"id":22090,"href":"https:\/\/www.mpppst.gob.ve\/mpppstweb\/index.php\/wp-json\/wp\/v2\/posts\/22088\/revisions\/22090"}],"wp:featuredmedia":[{"embeddable":true,"href":"https:\/\/www.mpppst.gob.ve\/mpppstweb\/index.php\/wp-json\/wp\/v2\/media\/22089"}],"wp:attachment":[{"href":"https:\/\/www.mpppst.gob.ve\/mpppstweb\/index.php\/wp-json\/wp\/v2\/media?parent=22088"}],"wp:term":[{"taxonomy":"category","embeddable":true,"href":"https:\/\/www.mpppst.gob.ve\/mpppstweb\/index.php\/wp-json\/wp\/v2\/categories?post=22088"},{"taxonomy":"post_tag","embeddable":true,"href":"https:\/\/www.mpppst.gob.ve\/mpppstweb\/index.php\/wp-json\/wp\/v2\/tags?post=22088"}],"curies":[{"name":"wp","href":"https:\/\/api.w.org\/{rel}","templated":true}]}}