{"id":22098,"date":"2021-04-13T08:27:51","date_gmt":"2021-04-13T12:27:51","guid":{"rendered":"http:\/\/www.mpppst.gob.ve\/mpppstweb\/?p=22098"},"modified":"2021-04-13T08:27:52","modified_gmt":"2021-04-13T12:27:52","slug":"clase-obrera-del-metro-de-caracas-pone-en-funcionamiento-el-tren-caracas-2","status":"publish","type":"post","link":"https:\/\/www.mpppst.gob.ve\/mpppstweb\/index.php\/2021\/04\/13\/clase-obrera-del-metro-de-caracas-pone-en-funcionamiento-el-tren-caracas-2\/","title":{"rendered":"Clase Obrera del Metro de Caracas pone en funcionamiento el Tren Caracas 2"},"content":{"rendered":"\n<p>El Metro de Caracas es el principal sistema de transporte p\u00fablico de la capital venezolana y su clase obrera comprometida a trav\u00e9s del Nuevo Modelo de Gesti\u00f3n Empresarial Socialista recuper\u00f3 y puso en funcionamiento el tren Caracas 2, que fue repotenciado con ingenier\u00eda nacional.<\/p>\n\n\n\n<p>As\u00ed lo destac\u00f3 el ministro del Poder Popular para el Transporte, Hip\u00f3lito Abreu, a trav\u00e9s de esu cuenta de la red social Twitter.<\/p>\n\n\n\n<p>El titular de la cartera de Transporte resalt\u00f3 las potencialidades de los trabajadores y trabajadoras que hicieron parte de este trabajo con mano de obra nacional.<\/p>\n\n\n\n<p>\u201cLos Jinetes del Apocalipsis insisten en decir que los venezolanos no somos capaces de efectuar trabajos tecnol\u00f3gicos complejos\u2026 ah\u00ed vemos en operaciones al Tren Caracas, demostrando que s\u00ed podemos\u201d, escribi\u00f3 el Ministro.&nbsp;<\/p>\n\n\n\n<p>Recordemos que esta obra forma parte del plan para repotenciar 22 trenes del sistema subterr\u00e1neo para ponerlos al servicio del pueblo venezolano, como lo inform\u00f3 el directivo del sindicato Metro de Caracas (Sitrameca), Edwuin Labrador, a principios del pasado mes de marzo.<\/p>\n\n\n\n<p>Labrador adelant\u00f3 tambi\u00e9n que trabajan\u00a0 en el desarrollo e investigaci\u00f3n de nuevos procesos que ayudar\u00e1n a la puesta en marcha de otros sistemas del Sistema Metro de Caracas.<\/p>\n\n\n\n<p>Prensa Web VTV<\/p>\n","protected":false},"excerpt":{"rendered":"<p>El Metro de Caracas es el principal sistema de transporte p\u00fablico de la capital venezolana y &hellip; <a title=\"Clase Obrera del Metro de Caracas pone en funcionamiento el Tren Caracas 2\" class=\"hm-read-more\" href=\"https:\/\/www.mpppst.gob.ve\/mpppstweb\/index.php\/2021\/04\/13\/clase-obrera-del-metro-de-caracas-pone-en-funcionamiento-el-tren-caracas-2\/\"><span class=\"screen-reader-text\">Clase Obrera del Metro de Caracas pone en funcionamiento el Tren Caracas 2<\/span>Read more<\/a><\/p>\n","protected":false},"author":25,"featured_media":22099,"comment_status":"closed","ping_status":"closed","sticky":false,"template":"","format":"standard","meta":{"footnotes":""},"categories":[406,163],"tags":[],"yoast_head":"<!-- This site is optimized with the Yoast SEO plugin v22.5 - https:\/\/yoast.com\/wordpress\/plugins\/seo\/ -->\n<title>Clase Obrera del Metro de Caracas pone en funcionamiento el Tren Caracas 2 - MPPPST<\/title>\n<meta name=\"robots\" content=\"index, follow, max-snippet:-1, max-image-preview:large, max-video-preview:-1\" \/>\n<link rel=\"canonical\" href=\"https:\/\/www.mpppst.gob.ve\/mpppstweb\/index.php\/2021\/04\/13\/clase-obrera-del-metro-de-caracas-pone-en-funcionamiento-el-tren-caracas-2\/\" \/>\n<meta property=\"og:locale\" content=\"es_ES\" \/>\n<meta property=\"og:type\" content=\"article\" \/>\n<meta property=\"og:title\" content=\"Clase Obrera del Metro de Caracas pone en funcionamiento el Tren Caracas 2 - MPPPST\" \/>\n<meta property=\"og:description\" content=\"El Metro de Caracas es el principal sistema de transporte p\u00fablico de la capital venezolana y &hellip; Clase Obrera del Metro de Caracas pone en funcionamiento el Tren Caracas 2Read more\" \/>\n<meta property=\"og:url\" content=\"https:\/\/www.mpppst.gob.ve\/mpppstweb\/index.php\/2021\/04\/13\/clase-obrera-del-metro-de-caracas-pone-en-funcionamiento-el-tren-caracas-2\/\" \/>\n<meta property=\"og:site_name\" content=\"MPPPST\" \/>\n<meta property=\"article:published_time\" content=\"2021-04-13T12:27:51+00:00\" \/>\n<meta property=\"article:modified_time\" content=\"2021-04-13T12:27:52+00:00\" \/>\n<meta property=\"og:image\" content=\"https:\/\/www.mpppst.gob.ve\/mpppstweb\/wp-content\/uploads\/2021\/04\/WhatsApp-Image-2021-04-12-at-12.10.27-768x427-1.jpeg\" \/>\n\t<meta property=\"og:image:width\" content=\"768\" \/>\n\t<meta property=\"og:image:height\" content=\"427\" \/>\n\t<meta property=\"og:image:type\" content=\"image\/jpeg\" \/>\n<meta name=\"author\" content=\"MPPPST Prensa\" \/>\n<meta name=\"twitter:card\" content=\"summary_large_image\" \/>\n<meta name=\"twitter:label1\" content=\"Escrito por\" \/>\n\t<meta name=\"twitter:data1\" content=\"MPPPST Prensa\" \/>\n\t<meta name=\"twitter:label2\" content=\"Tiempo de lectura\" \/>\n\t<meta name=\"twitter:data2\" content=\"1 minuto\" \/>\n<script type=\"application\/ld+json\" class=\"yoast-schema-graph\">{\"@context\":\"https:\/\/schema.org\",\"@graph\":[{\"@type\":\"Article\",\"@id\":\"https:\/\/www.mpppst.gob.ve\/mpppstweb\/index.php\/2021\/04\/13\/clase-obrera-del-metro-de-caracas-pone-en-funcionamiento-el-tren-caracas-2\/#article\",\"isPartOf\":{\"@id\":\"https:\/\/www.mpppst.gob.ve\/mpppstweb\/index.php\/2021\/04\/13\/clase-obrera-del-metro-de-caracas-pone-en-funcionamiento-el-tren-caracas-2\/\"},\"author\":{\"name\":\"MPPPST Prensa\",\"@id\":\"https:\/\/www.mpppst.gob.ve\/mpppstweb\/#\/schema\/person\/fc187ee8ead412bd4c9304b62f900ea4\"},\"headline\":\"Clase Obrera del Metro de Caracas pone en funcionamiento el Tren Caracas 2\",\"datePublished\":\"2021-04-13T12:27:51+00:00\",\"dateModified\":\"2021-04-13T12:27:52+00:00\",\"mainEntityOfPage\":{\"@id\":\"https:\/\/www.mpppst.gob.ve\/mpppstweb\/index.php\/2021\/04\/13\/clase-obrera-del-metro-de-caracas-pone-en-funcionamiento-el-tren-caracas-2\/\"},\"wordCount\":220,\"publisher\":{\"@id\":\"https:\/\/www.mpppst.gob.ve\/mpppstweb\/#organization\"},\"image\":{\"@id\":\"https:\/\/www.mpppst.gob.ve\/mpppstweb\/index.php\/2021\/04\/13\/clase-obrera-del-metro-de-caracas-pone-en-funcionamiento-el-tren-caracas-2\/#primaryimage\"},\"thumbnailUrl\":\"https:\/\/www.mpppst.gob.ve\/mpppstweb\/wp-content\/uploads\/2021\/04\/WhatsApp-Image-2021-04-12-at-12.10.27-768x427-1.jpeg\",\"articleSection\":[\"CPT\",\"Noticias\"],\"inLanguage\":\"es\"},{\"@type\":\"WebPage\",\"@id\":\"https:\/\/www.mpppst.gob.ve\/mpppstweb\/index.php\/2021\/04\/13\/clase-obrera-del-metro-de-caracas-pone-en-funcionamiento-el-tren-caracas-2\/\",\"url\":\"https:\/\/www.mpppst.gob.ve\/mpppstweb\/index.php\/2021\/04\/13\/clase-obrera-del-metro-de-caracas-pone-en-funcionamiento-el-tren-caracas-2\/\",\"name\":\"Clase Obrera del Metro de Caracas pone en funcionamiento el Tren Caracas 2 - MPPPST\",\"isPartOf\":{\"@id\":\"https:\/\/www.mpppst.gob.ve\/mpppstweb\/#website\"},\"primaryImageOfPage\":{\"@id\":\"https:\/\/www.mpppst.gob.ve\/mpppstweb\/index.php\/2021\/04\/13\/clase-obrera-del-metro-de-caracas-pone-en-funcionamiento-el-tren-caracas-2\/#primaryimage\"},\"image\":{\"@id\":\"https:\/\/www.mpppst.gob.ve\/mpppstweb\/index.php\/2021\/04\/13\/clase-obrera-del-metro-de-caracas-pone-en-funcionamiento-el-tren-caracas-2\/#primaryimage\"},\"thumbnailUrl\":\"https:\/\/www.mpppst.gob.ve\/mpppstweb\/wp-content\/uploads\/2021\/04\/WhatsApp-Image-2021-04-12-at-12.10.27-768x427-1.jpeg\",\"datePublished\":\"2021-04-13T12:27:51+00:00\",\"dateModified\":\"2021-04-13T12:27:52+00:00\",\"breadcrumb\":{\"@id\":\"https:\/\/www.mpppst.gob.ve\/mpppstweb\/index.php\/2021\/04\/13\/clase-obrera-del-metro-de-caracas-pone-en-funcionamiento-el-tren-caracas-2\/#breadcrumb\"},\"inLanguage\":\"es\",\"potentialAction\":[{\"@type\":\"ReadAction\",\"target\":[\"https:\/\/www.mpppst.gob.ve\/mpppstweb\/index.php\/2021\/04\/13\/clase-obrera-del-metro-de-caracas-pone-en-funcionamiento-el-tren-caracas-2\/\"]}]},{\"@type\":\"ImageObject\",\"inLanguage\":\"es\",\"@id\":\"https:\/\/www.mpppst.gob.ve\/mpppstweb\/index.php\/2021\/04\/13\/clase-obrera-del-metro-de-caracas-pone-en-funcionamiento-el-tren-caracas-2\/#primaryimage\",\"url\":\"https:\/\/www.mpppst.gob.ve\/mpppstweb\/wp-content\/uploads\/2021\/04\/WhatsApp-Image-2021-04-12-at-12.10.27-768x427-1.jpeg\",\"contentUrl\":\"https:\/\/www.mpppst.gob.ve\/mpppstweb\/wp-content\/uploads\/2021\/04\/WhatsApp-Image-2021-04-12-at-12.10.27-768x427-1.jpeg\",\"width\":768,\"height\":427},{\"@type\":\"BreadcrumbList\",\"@id\":\"https:\/\/www.mpppst.gob.ve\/mpppstweb\/index.php\/2021\/04\/13\/clase-obrera-del-metro-de-caracas-pone-en-funcionamiento-el-tren-caracas-2\/#breadcrumb\",\"itemListElement\":[{\"@type\":\"ListItem\",\"position\":1,\"name\":\"Home\",\"item\":\"https:\/\/www.mpppst.gob.ve\/mpppstweb\/\"},{\"@type\":\"ListItem\",\"position\":2,\"name\":\"Clase Obrera del Metro de Caracas pone en funcionamiento el Tren Caracas 2\"}]},{\"@type\":\"WebSite\",\"@id\":\"https:\/\/www.mpppst.gob.ve\/mpppstweb\/#website\",\"url\":\"https:\/\/www.mpppst.gob.ve\/mpppstweb\/\",\"name\":\"MPPPST\",\"description\":\"Ministerio del Poder Popular para el Proceso Social de Trabajo\",\"publisher\":{\"@id\":\"https:\/\/www.mpppst.gob.ve\/mpppstweb\/#organization\"},\"potentialAction\":[{\"@type\":\"SearchAction\",\"target\":{\"@type\":\"EntryPoint\",\"urlTemplate\":\"https:\/\/www.mpppst.gob.ve\/mpppstweb\/?s={search_term_string}\"},\"query-input\":\"required name=search_term_string\"}],\"inLanguage\":\"es\"},{\"@type\":\"Organization\",\"@id\":\"https:\/\/www.mpppst.gob.ve\/mpppstweb\/#organization\",\"name\":\"mpppst\",\"url\":\"https:\/\/www.mpppst.gob.ve\/mpppstweb\/\",\"logo\":{\"@type\":\"ImageObject\",\"inLanguage\":\"es\",\"@id\":\"https:\/\/www.mpppst.gob.ve\/mpppstweb\/#\/schema\/logo\/image\/\",\"url\":\"https:\/\/www.mpppst.gob.ve\/mpppstweb\/wp-content\/uploads\/2025\/07\/cropped-cropped-g910.png\",\"contentUrl\":\"https:\/\/www.mpppst.gob.ve\/mpppstweb\/wp-content\/uploads\/2025\/07\/cropped-cropped-g910.png\",\"width\":1080,\"height\":241,\"caption\":\"mpppst\"},\"image\":{\"@id\":\"https:\/\/www.mpppst.gob.ve\/mpppstweb\/#\/schema\/logo\/image\/\"}},{\"@type\":\"Person\",\"@id\":\"https:\/\/www.mpppst.gob.ve\/mpppstweb\/#\/schema\/person\/fc187ee8ead412bd4c9304b62f900ea4\",\"name\":\"MPPPST Prensa\",\"url\":\"https:\/\/www.mpppst.gob.ve\/mpppstweb\/index.php\/author\/prensa-mpppst\/\"}]}<\/script>\n<!-- \/ Yoast SEO plugin. -->","yoast_head_json":{"title":"Clase Obrera del Metro de Caracas pone en funcionamiento el Tren Caracas 2 - MPPPST","robots":{"index":"index","follow":"follow","max-snippet":"max-snippet:-1","max-image-preview":"max-image-preview:large","max-video-preview":"max-video-preview:-1"},"canonical":"https:\/\/www.mpppst.gob.ve\/mpppstweb\/index.php\/2021\/04\/13\/clase-obrera-del-metro-de-caracas-pone-en-funcionamiento-el-tren-caracas-2\/","og_locale":"es_ES","og_type":"article","og_title":"Clase Obrera del Metro de Caracas pone en funcionamiento el Tren Caracas 2 - MPPPST","og_description":"El Metro de Caracas es el principal sistema de transporte p\u00fablico de la capital venezolana y &hellip; Clase Obrera del Metro de Caracas pone en funcionamiento el Tren Caracas 2Read more","og_url":"https:\/\/www.mpppst.gob.ve\/mpppstweb\/index.php\/2021\/04\/13\/clase-obrera-del-metro-de-caracas-pone-en-funcionamiento-el-tren-caracas-2\/","og_site_name":"MPPPST","article_published_time":"2021-04-13T12:27:51+00:00","article_modified_time":"2021-04-13T12:27:52+00:00","og_image":[{"width":768,"height":427,"url":"https:\/\/www.mpppst.gob.ve\/mpppstweb\/wp-content\/uploads\/2021\/04\/WhatsApp-Image-2021-04-12-at-12.10.27-768x427-1.jpeg","type":"image\/jpeg"}],"author":"MPPPST Prensa","twitter_card":"summary_large_image","twitter_misc":{"Escrito por":"MPPPST Prensa","Tiempo de lectura":"1 minuto"},"schema":{"@context":"https:\/\/schema.org","@graph":[{"@type":"Article","@id":"https:\/\/www.mpppst.gob.ve\/mpppstweb\/index.php\/2021\/04\/13\/clase-obrera-del-metro-de-caracas-pone-en-funcionamiento-el-tren-caracas-2\/#article","isPartOf":{"@id":"https:\/\/www.mpppst.gob.ve\/mpppstweb\/index.php\/2021\/04\/13\/clase-obrera-del-metro-de-caracas-pone-en-funcionamiento-el-tren-caracas-2\/"},"author":{"name":"MPPPST Prensa","@id":"https:\/\/www.mpppst.gob.ve\/mpppstweb\/#\/schema\/person\/fc187ee8ead412bd4c9304b62f900ea4"},"headline":"Clase Obrera del Metro de Caracas pone en funcionamiento el Tren Caracas 2","datePublished":"2021-04-13T12:27:51+00:00","dateModified":"2021-04-13T12:27:52+00:00","mainEntityOfPage":{"@id":"https:\/\/www.mpppst.gob.ve\/mpppstweb\/index.php\/2021\/04\/13\/clase-obrera-del-metro-de-caracas-pone-en-funcionamiento-el-tren-caracas-2\/"},"wordCount":220,"publisher":{"@id":"https:\/\/www.mpppst.gob.ve\/mpppstweb\/#organization"},"image":{"@id":"https:\/\/www.mpppst.gob.ve\/mpppstweb\/index.php\/2021\/04\/13\/clase-obrera-del-metro-de-caracas-pone-en-funcionamiento-el-tren-caracas-2\/#primaryimage"},"thumbnailUrl":"https:\/\/www.mpppst.gob.ve\/mpppstweb\/wp-content\/uploads\/2021\/04\/WhatsApp-Image-2021-04-12-at-12.10.27-768x427-1.jpeg","articleSection":["CPT","Noticias"],"inLanguage":"es"},{"@type":"WebPage","@id":"https:\/\/www.mpppst.gob.ve\/mpppstweb\/index.php\/2021\/04\/13\/clase-obrera-del-metro-de-caracas-pone-en-funcionamiento-el-tren-caracas-2\/","url":"https:\/\/www.mpppst.gob.ve\/mpppstweb\/index.php\/2021\/04\/13\/clase-obrera-del-metro-de-caracas-pone-en-funcionamiento-el-tren-caracas-2\/","name":"Clase Obrera del Metro de Caracas pone en funcionamiento el Tren Caracas 2 - MPPPST","isPartOf":{"@id":"https:\/\/www.mpppst.gob.ve\/mpppstweb\/#website"},"primaryImageOfPage":{"@id":"https:\/\/www.mpppst.gob.ve\/mpppstweb\/index.php\/2021\/04\/13\/clase-obrera-del-metro-de-caracas-pone-en-funcionamiento-el-tren-caracas-2\/#primaryimage"},"image":{"@id":"https:\/\/www.mpppst.gob.ve\/mpppstweb\/index.php\/2021\/04\/13\/clase-obrera-del-metro-de-caracas-pone-en-funcionamiento-el-tren-caracas-2\/#primaryimage"},"thumbnailUrl":"https:\/\/www.mpppst.gob.ve\/mpppstweb\/wp-content\/uploads\/2021\/04\/WhatsApp-Image-2021-04-12-at-12.10.27-768x427-1.jpeg","datePublished":"2021-04-13T12:27:51+00:00","dateModified":"2021-04-13T12:27:52+00:00","breadcrumb":{"@id":"https:\/\/www.mpppst.gob.ve\/mpppstweb\/index.php\/2021\/04\/13\/clase-obrera-del-metro-de-caracas-pone-en-funcionamiento-el-tren-caracas-2\/#breadcrumb"},"inLanguage":"es","potentialAction":[{"@type":"ReadAction","target":["https:\/\/www.mpppst.gob.ve\/mpppstweb\/index.php\/2021\/04\/13\/clase-obrera-del-metro-de-caracas-pone-en-funcionamiento-el-tren-caracas-2\/"]}]},{"@type":"ImageObject","inLanguage":"es","@id":"https:\/\/www.mpppst.gob.ve\/mpppstweb\/index.php\/2021\/04\/13\/clase-obrera-del-metro-de-caracas-pone-en-funcionamiento-el-tren-caracas-2\/#primaryimage","url":"https:\/\/www.mpppst.gob.ve\/mpppstweb\/wp-content\/uploads\/2021\/04\/WhatsApp-Image-2021-04-12-at-12.10.27-768x427-1.jpeg","contentUrl":"https:\/\/www.mpppst.gob.ve\/mpppstweb\/wp-content\/uploads\/2021\/04\/WhatsApp-Image-2021-04-12-at-12.10.27-768x427-1.jpeg","width":768,"height":427},{"@type":"BreadcrumbList","@id":"https:\/\/www.mpppst.gob.ve\/mpppstweb\/index.php\/2021\/04\/13\/clase-obrera-del-metro-de-caracas-pone-en-funcionamiento-el-tren-caracas-2\/#breadcrumb","itemListElement":[{"@type":"ListItem","position":1,"name":"Home","item":"https:\/\/www.mpppst.gob.ve\/mpppstweb\/"},{"@type":"ListItem","position":2,"name":"Clase Obrera del Metro de Caracas pone en funcionamiento el Tren Caracas 2"}]},{"@type":"WebSite","@id":"https:\/\/www.mpppst.gob.ve\/mpppstweb\/#website","url":"https:\/\/www.mpppst.gob.ve\/mpppstweb\/","name":"MPPPST","description":"Ministerio del Poder Popular para el Proceso Social de Trabajo","publisher":{"@id":"https:\/\/www.mpppst.gob.ve\/mpppstweb\/#organization"},"potentialAction":[{"@type":"SearchAction","target":{"@type":"EntryPoint","urlTemplate":"https:\/\/www.mpppst.gob.ve\/mpppstweb\/?s={search_term_string}"},"query-input":"required name=search_term_string"}],"inLanguage":"es"},{"@type":"Organization","@id":"https:\/\/www.mpppst.gob.ve\/mpppstweb\/#organization","name":"mpppst","url":"https:\/\/www.mpppst.gob.ve\/mpppstweb\/","logo":{"@type":"ImageObject","inLanguage":"es","@id":"https:\/\/www.mpppst.gob.ve\/mpppstweb\/#\/schema\/logo\/image\/","url":"https:\/\/www.mpppst.gob.ve\/mpppstweb\/wp-content\/uploads\/2025\/07\/cropped-cropped-g910.png","contentUrl":"https:\/\/www.mpppst.gob.ve\/mpppstweb\/wp-content\/uploads\/2025\/07\/cropped-cropped-g910.png","width":1080,"height":241,"caption":"mpppst"},"image":{"@id":"https:\/\/www.mpppst.gob.ve\/mpppstweb\/#\/schema\/logo\/image\/"}},{"@type":"Person","@id":"https:\/\/www.mpppst.gob.ve\/mpppstweb\/#\/schema\/person\/fc187ee8ead412bd4c9304b62f900ea4","name":"MPPPST Prensa","url":"https:\/\/www.mpppst.gob.ve\/mpppstweb\/index.php\/author\/prensa-mpppst\/"}]}},"_links":{"self":[{"href":"https:\/\/www.mpppst.gob.ve\/mpppstweb\/index.php\/wp-json\/wp\/v2\/posts\/22098"}],"collection":[{"href":"https:\/\/www.mpppst.gob.ve\/mpppstweb\/index.php\/wp-json\/wp\/v2\/posts"}],"about":[{"href":"https:\/\/www.mpppst.gob.ve\/mpppstweb\/index.php\/wp-json\/wp\/v2\/types\/post"}],"author":[{"embeddable":true,"href":"https:\/\/www.mpppst.gob.ve\/mpppstweb\/index.php\/wp-json\/wp\/v2\/users\/25"}],"replies":[{"embeddable":true,"href":"https:\/\/www.mpppst.gob.ve\/mpppstweb\/index.php\/wp-json\/wp\/v2\/comments?post=22098"}],"version-history":[{"count":1,"href":"https:\/\/www.mpppst.gob.ve\/mpppstweb\/index.php\/wp-json\/wp\/v2\/posts\/22098\/revisions"}],"predecessor-version":[{"id":22100,"href":"https:\/\/www.mpppst.gob.ve\/mpppstweb\/index.php\/wp-json\/wp\/v2\/posts\/22098\/revisions\/22100"}],"wp:featuredmedia":[{"embeddable":true,"href":"https:\/\/www.mpppst.gob.ve\/mpppstweb\/index.php\/wp-json\/wp\/v2\/media\/22099"}],"wp:attachment":[{"href":"https:\/\/www.mpppst.gob.ve\/mpppstweb\/index.php\/wp-json\/wp\/v2\/media?parent=22098"}],"wp:term":[{"taxonomy":"category","embeddable":true,"href":"https:\/\/www.mpppst.gob.ve\/mpppstweb\/index.php\/wp-json\/wp\/v2\/categories?post=22098"},{"taxonomy":"post_tag","embeddable":true,"href":"https:\/\/www.mpppst.gob.ve\/mpppstweb\/index.php\/wp-json\/wp\/v2\/tags?post=22098"}],"curies":[{"name":"wp","href":"https:\/\/api.w.org\/{rel}","templated":true}]}}