{"id":22110,"date":"2021-04-15T20:17:23","date_gmt":"2021-04-16T00:17:23","guid":{"rendered":"http:\/\/www.mpppst.gob.ve\/mpppstweb\/?p=22110"},"modified":"2021-04-15T20:17:24","modified_gmt":"2021-04-16T00:17:24","slug":"ministro-pinate-celebro-el-bautizo-del-libro-el-intelectual-organico-productivo-en-la-clase-obrera","status":"publish","type":"post","link":"https:\/\/www.mpppst.gob.ve\/mpppstweb\/index.php\/2021\/04\/15\/ministro-pinate-celebro-el-bautizo-del-libro-el-intelectual-organico-productivo-en-la-clase-obrera\/","title":{"rendered":"Ministro Pi\u00f1ate Celebr\u00f3 el bautizo del libro \u00abel Intelectual Org\u00e1nico Productivo en la Clase Obrera\u00bb"},"content":{"rendered":"\n<p>*(Prensa Min Trabajo 14\/04\/21)* Durante una reuni\u00f3n virtual en la que se dieron cita m\u00faltiples autoridades del Ministerio del Poder Popular para el Proceso Social de Trabajo e importantes figuras de la pol\u00edtica Venezolana, el ministro Eduardo Pi\u00f1ate celebr\u00f3 el bautizo del libro el \u00abIntelectual Org\u00e1nico Productivo de la Clase Obrera\u00bb escrito por el Ex Viceministro del Sistema Integrado de Inspecciones y Diputado a la Asamblea Nacional (AN) por el estado Bol\u00edvar Jos\u00e9 Ram\u00f3n Rivero, en el encuentro pi\u00f1ate destac\u00f3 la pertinencia de este libro como un gran aporte al proceso de construcci\u00f3n del Socialismo Bolivariano.<br><br><br>\u00ablas reflexi\u00f3nes y experiencias aqu\u00ed escritas nos permiten poner en el debate el protagonismo de la Clase Obrera a trav\u00e9s de la implementaci\u00f3n del Nuevo Modelo de Gesti\u00f3n Empresarial Socialista\u00bb a\u00f1adi\u00f3 el ministro<br><br><br>Este libro fue concebido por su autor a partir de las experiencias obtenidas en las Industrias B\u00e1sicas del estado Bol\u00edvar con la participaci\u00f3n activa y protag\u00f3nica de la masa trabajadora \u00bb hoy por hoy la vanguardia de la clase obrera venezolana se encuentra en Guayana\u00bb asegur\u00f3 el titular de la cartera laboral haciendo referencia a la fuerza organizativa y el desarrollo de la conciencia obrera sobre el momento hist\u00f3rico que vive Venezuela.<br><br><br>La g\u00e9nesis de este libro se ubica durante el Encuentro Nacional de los Consejos Productivos de Trabajadores y Trabajadoras de Guayana realizado en el Teatro Teresa Carre\u00f1o liderado por el presidente Nicol\u00e1s Maduro en octubre del a\u00f1o 2019, cuando el mismo se\u00f1al\u00f3 la importancia del desarrollo y la construcci\u00f3n del intelectual org\u00e1nico de la clase obrera bajo la visi\u00f3n del fil\u00f3sofo y te\u00f3rico marxista italiano Antonio Gramsci.<br><br><br>Para finalizar el representante del ejecutivo nacional se\u00f1al\u00f3 el \u00e9xito que ha tenido la implementaci\u00f3n del Nuevo Modelo de Gesti\u00f3n Empresarial Socialista en diversos sectores productivos nacionales y exhort\u00f3 a la lectura del libro haciendo \u00e9nfasis en que all\u00ed encontrar\u00e1n una serie de reflexiones que hace su autor en una visi\u00f3n amplia de un recorrido concreto sobre las experiencias y el paso a paso para la implementaci\u00f3n de este nuevo modelo.<\/p>\n","protected":false},"excerpt":{"rendered":"<p>*(Prensa Min Trabajo 14\/04\/21)* Durante una reuni\u00f3n virtual en la que se dieron cita m\u00faltiples autoridades &hellip; <a title=\"Ministro Pi\u00f1ate Celebr\u00f3 el bautizo del libro \u00abel Intelectual Org\u00e1nico Productivo en la Clase Obrera\u00bb\" class=\"hm-read-more\" href=\"https:\/\/www.mpppst.gob.ve\/mpppstweb\/index.php\/2021\/04\/15\/ministro-pinate-celebro-el-bautizo-del-libro-el-intelectual-organico-productivo-en-la-clase-obrera\/\"><span class=\"screen-reader-text\">Ministro Pi\u00f1ate Celebr\u00f3 el bautizo del libro \u00abel Intelectual Org\u00e1nico Productivo en la Clase Obrera\u00bb<\/span>Read more<\/a><\/p>\n","protected":false},"author":25,"featured_media":22111,"comment_status":"closed","ping_status":"closed","sticky":false,"template":"","format":"standard","meta":{"footnotes":""},"categories":[82,163],"tags":[],"yoast_head":"<!-- This site is optimized with the Yoast SEO plugin v22.5 - https:\/\/yoast.com\/wordpress\/plugins\/seo\/ -->\n<title>Ministro Pi\u00f1ate Celebr\u00f3 el bautizo del libro &quot;el Intelectual Org\u00e1nico Productivo en la Clase Obrera&quot; - MPPPST<\/title>\n<meta name=\"robots\" content=\"index, follow, max-snippet:-1, max-image-preview:large, max-video-preview:-1\" \/>\n<link rel=\"canonical\" href=\"https:\/\/www.mpppst.gob.ve\/mpppstweb\/index.php\/2021\/04\/15\/ministro-pinate-celebro-el-bautizo-del-libro-el-intelectual-organico-productivo-en-la-clase-obrera\/\" \/>\n<meta property=\"og:locale\" content=\"es_ES\" \/>\n<meta property=\"og:type\" content=\"article\" \/>\n<meta property=\"og:title\" content=\"Ministro Pi\u00f1ate Celebr\u00f3 el bautizo del libro &quot;el Intelectual Org\u00e1nico Productivo en la Clase Obrera&quot; - MPPPST\" \/>\n<meta property=\"og:description\" content=\"*(Prensa Min Trabajo 14\/04\/21)* Durante una reuni\u00f3n virtual en la que se dieron cita m\u00faltiples autoridades &hellip; Ministro Pi\u00f1ate Celebr\u00f3 el bautizo del libro \u00abel Intelectual Org\u00e1nico Productivo en la Clase Obrera\u00bbRead more\" \/>\n<meta property=\"og:url\" content=\"https:\/\/www.mpppst.gob.ve\/mpppstweb\/index.php\/2021\/04\/15\/ministro-pinate-celebro-el-bautizo-del-libro-el-intelectual-organico-productivo-en-la-clase-obrera\/\" \/>\n<meta property=\"og:site_name\" content=\"MPPPST\" \/>\n<meta property=\"article:published_time\" content=\"2021-04-16T00:17:23+00:00\" \/>\n<meta property=\"article:modified_time\" content=\"2021-04-16T00:17:24+00:00\" \/>\n<meta property=\"og:image\" content=\"https:\/\/www.mpppst.gob.ve\/mpppstweb\/wp-content\/uploads\/2021\/04\/IMG-20210414-WA0024.jpg\" \/>\n\t<meta property=\"og:image:width\" content=\"1065\" \/>\n\t<meta property=\"og:image:height\" content=\"621\" \/>\n\t<meta property=\"og:image:type\" content=\"image\/jpeg\" \/>\n<meta name=\"author\" content=\"MPPPST Prensa\" \/>\n<meta name=\"twitter:card\" content=\"summary_large_image\" \/>\n<meta name=\"twitter:label1\" content=\"Escrito por\" \/>\n\t<meta name=\"twitter:data1\" content=\"MPPPST Prensa\" \/>\n\t<meta name=\"twitter:label2\" content=\"Tiempo de lectura\" \/>\n\t<meta name=\"twitter:data2\" content=\"2 minutos\" \/>\n<script type=\"application\/ld+json\" class=\"yoast-schema-graph\">{\"@context\":\"https:\/\/schema.org\",\"@graph\":[{\"@type\":\"Article\",\"@id\":\"https:\/\/www.mpppst.gob.ve\/mpppstweb\/index.php\/2021\/04\/15\/ministro-pinate-celebro-el-bautizo-del-libro-el-intelectual-organico-productivo-en-la-clase-obrera\/#article\",\"isPartOf\":{\"@id\":\"https:\/\/www.mpppst.gob.ve\/mpppstweb\/index.php\/2021\/04\/15\/ministro-pinate-celebro-el-bautizo-del-libro-el-intelectual-organico-productivo-en-la-clase-obrera\/\"},\"author\":{\"name\":\"MPPPST Prensa\",\"@id\":\"https:\/\/www.mpppst.gob.ve\/mpppstweb\/#\/schema\/person\/fc187ee8ead412bd4c9304b62f900ea4\"},\"headline\":\"Ministro Pi\u00f1ate Celebr\u00f3 el bautizo del libro \u00abel Intelectual Org\u00e1nico Productivo en la Clase Obrera\u00bb\",\"datePublished\":\"2021-04-16T00:17:23+00:00\",\"dateModified\":\"2021-04-16T00:17:24+00:00\",\"mainEntityOfPage\":{\"@id\":\"https:\/\/www.mpppst.gob.ve\/mpppstweb\/index.php\/2021\/04\/15\/ministro-pinate-celebro-el-bautizo-del-libro-el-intelectual-organico-productivo-en-la-clase-obrera\/\"},\"wordCount\":388,\"publisher\":{\"@id\":\"https:\/\/www.mpppst.gob.ve\/mpppstweb\/#organization\"},\"image\":{\"@id\":\"https:\/\/www.mpppst.gob.ve\/mpppstweb\/index.php\/2021\/04\/15\/ministro-pinate-celebro-el-bautizo-del-libro-el-intelectual-organico-productivo-en-la-clase-obrera\/#primaryimage\"},\"thumbnailUrl\":\"https:\/\/www.mpppst.gob.ve\/mpppstweb\/wp-content\/uploads\/2021\/04\/IMG-20210414-WA0024.jpg\",\"articleSection\":[\"Gobierno Nacional\",\"Noticias\"],\"inLanguage\":\"es\"},{\"@type\":\"WebPage\",\"@id\":\"https:\/\/www.mpppst.gob.ve\/mpppstweb\/index.php\/2021\/04\/15\/ministro-pinate-celebro-el-bautizo-del-libro-el-intelectual-organico-productivo-en-la-clase-obrera\/\",\"url\":\"https:\/\/www.mpppst.gob.ve\/mpppstweb\/index.php\/2021\/04\/15\/ministro-pinate-celebro-el-bautizo-del-libro-el-intelectual-organico-productivo-en-la-clase-obrera\/\",\"name\":\"Ministro Pi\u00f1ate Celebr\u00f3 el bautizo del libro \\\"el Intelectual Org\u00e1nico Productivo en la Clase Obrera\\\" - MPPPST\",\"isPartOf\":{\"@id\":\"https:\/\/www.mpppst.gob.ve\/mpppstweb\/#website\"},\"primaryImageOfPage\":{\"@id\":\"https:\/\/www.mpppst.gob.ve\/mpppstweb\/index.php\/2021\/04\/15\/ministro-pinate-celebro-el-bautizo-del-libro-el-intelectual-organico-productivo-en-la-clase-obrera\/#primaryimage\"},\"image\":{\"@id\":\"https:\/\/www.mpppst.gob.ve\/mpppstweb\/index.php\/2021\/04\/15\/ministro-pinate-celebro-el-bautizo-del-libro-el-intelectual-organico-productivo-en-la-clase-obrera\/#primaryimage\"},\"thumbnailUrl\":\"https:\/\/www.mpppst.gob.ve\/mpppstweb\/wp-content\/uploads\/2021\/04\/IMG-20210414-WA0024.jpg\",\"datePublished\":\"2021-04-16T00:17:23+00:00\",\"dateModified\":\"2021-04-16T00:17:24+00:00\",\"breadcrumb\":{\"@id\":\"https:\/\/www.mpppst.gob.ve\/mpppstweb\/index.php\/2021\/04\/15\/ministro-pinate-celebro-el-bautizo-del-libro-el-intelectual-organico-productivo-en-la-clase-obrera\/#breadcrumb\"},\"inLanguage\":\"es\",\"potentialAction\":[{\"@type\":\"ReadAction\",\"target\":[\"https:\/\/www.mpppst.gob.ve\/mpppstweb\/index.php\/2021\/04\/15\/ministro-pinate-celebro-el-bautizo-del-libro-el-intelectual-organico-productivo-en-la-clase-obrera\/\"]}]},{\"@type\":\"ImageObject\",\"inLanguage\":\"es\",\"@id\":\"https:\/\/www.mpppst.gob.ve\/mpppstweb\/index.php\/2021\/04\/15\/ministro-pinate-celebro-el-bautizo-del-libro-el-intelectual-organico-productivo-en-la-clase-obrera\/#primaryimage\",\"url\":\"https:\/\/www.mpppst.gob.ve\/mpppstweb\/wp-content\/uploads\/2021\/04\/IMG-20210414-WA0024.jpg\",\"contentUrl\":\"https:\/\/www.mpppst.gob.ve\/mpppstweb\/wp-content\/uploads\/2021\/04\/IMG-20210414-WA0024.jpg\",\"width\":1065,\"height\":621},{\"@type\":\"BreadcrumbList\",\"@id\":\"https:\/\/www.mpppst.gob.ve\/mpppstweb\/index.php\/2021\/04\/15\/ministro-pinate-celebro-el-bautizo-del-libro-el-intelectual-organico-productivo-en-la-clase-obrera\/#breadcrumb\",\"itemListElement\":[{\"@type\":\"ListItem\",\"position\":1,\"name\":\"Home\",\"item\":\"https:\/\/www.mpppst.gob.ve\/mpppstweb\/\"},{\"@type\":\"ListItem\",\"position\":2,\"name\":\"Ministro Pi\u00f1ate Celebr\u00f3 el bautizo del libro \u00abel Intelectual Org\u00e1nico Productivo en la Clase Obrera\u00bb\"}]},{\"@type\":\"WebSite\",\"@id\":\"https:\/\/www.mpppst.gob.ve\/mpppstweb\/#website\",\"url\":\"https:\/\/www.mpppst.gob.ve\/mpppstweb\/\",\"name\":\"MPPPST\",\"description\":\"Ministerio del Poder Popular para el Proceso Social de Trabajo\",\"publisher\":{\"@id\":\"https:\/\/www.mpppst.gob.ve\/mpppstweb\/#organization\"},\"potentialAction\":[{\"@type\":\"SearchAction\",\"target\":{\"@type\":\"EntryPoint\",\"urlTemplate\":\"https:\/\/www.mpppst.gob.ve\/mpppstweb\/?s={search_term_string}\"},\"query-input\":\"required name=search_term_string\"}],\"inLanguage\":\"es\"},{\"@type\":\"Organization\",\"@id\":\"https:\/\/www.mpppst.gob.ve\/mpppstweb\/#organization\",\"name\":\"mpppst\",\"url\":\"https:\/\/www.mpppst.gob.ve\/mpppstweb\/\",\"logo\":{\"@type\":\"ImageObject\",\"inLanguage\":\"es\",\"@id\":\"https:\/\/www.mpppst.gob.ve\/mpppstweb\/#\/schema\/logo\/image\/\",\"url\":\"https:\/\/www.mpppst.gob.ve\/mpppstweb\/wp-content\/uploads\/2025\/07\/cropped-cropped-g910.png\",\"contentUrl\":\"https:\/\/www.mpppst.gob.ve\/mpppstweb\/wp-content\/uploads\/2025\/07\/cropped-cropped-g910.png\",\"width\":1080,\"height\":241,\"caption\":\"mpppst\"},\"image\":{\"@id\":\"https:\/\/www.mpppst.gob.ve\/mpppstweb\/#\/schema\/logo\/image\/\"}},{\"@type\":\"Person\",\"@id\":\"https:\/\/www.mpppst.gob.ve\/mpppstweb\/#\/schema\/person\/fc187ee8ead412bd4c9304b62f900ea4\",\"name\":\"MPPPST Prensa\",\"url\":\"https:\/\/www.mpppst.gob.ve\/mpppstweb\/index.php\/author\/prensa-mpppst\/\"}]}<\/script>\n<!-- \/ Yoast SEO plugin. -->","yoast_head_json":{"title":"Ministro Pi\u00f1ate Celebr\u00f3 el bautizo del libro \"el Intelectual Org\u00e1nico Productivo en la Clase Obrera\" - MPPPST","robots":{"index":"index","follow":"follow","max-snippet":"max-snippet:-1","max-image-preview":"max-image-preview:large","max-video-preview":"max-video-preview:-1"},"canonical":"https:\/\/www.mpppst.gob.ve\/mpppstweb\/index.php\/2021\/04\/15\/ministro-pinate-celebro-el-bautizo-del-libro-el-intelectual-organico-productivo-en-la-clase-obrera\/","og_locale":"es_ES","og_type":"article","og_title":"Ministro Pi\u00f1ate Celebr\u00f3 el bautizo del libro \"el Intelectual Org\u00e1nico Productivo en la Clase Obrera\" - MPPPST","og_description":"*(Prensa Min Trabajo 14\/04\/21)* Durante una reuni\u00f3n virtual en la que se dieron cita m\u00faltiples autoridades &hellip; Ministro Pi\u00f1ate Celebr\u00f3 el bautizo del libro \u00abel Intelectual Org\u00e1nico Productivo en la Clase Obrera\u00bbRead more","og_url":"https:\/\/www.mpppst.gob.ve\/mpppstweb\/index.php\/2021\/04\/15\/ministro-pinate-celebro-el-bautizo-del-libro-el-intelectual-organico-productivo-en-la-clase-obrera\/","og_site_name":"MPPPST","article_published_time":"2021-04-16T00:17:23+00:00","article_modified_time":"2021-04-16T00:17:24+00:00","og_image":[{"width":1065,"height":621,"url":"https:\/\/www.mpppst.gob.ve\/mpppstweb\/wp-content\/uploads\/2021\/04\/IMG-20210414-WA0024.jpg","type":"image\/jpeg"}],"author":"MPPPST Prensa","twitter_card":"summary_large_image","twitter_misc":{"Escrito por":"MPPPST Prensa","Tiempo de lectura":"2 minutos"},"schema":{"@context":"https:\/\/schema.org","@graph":[{"@type":"Article","@id":"https:\/\/www.mpppst.gob.ve\/mpppstweb\/index.php\/2021\/04\/15\/ministro-pinate-celebro-el-bautizo-del-libro-el-intelectual-organico-productivo-en-la-clase-obrera\/#article","isPartOf":{"@id":"https:\/\/www.mpppst.gob.ve\/mpppstweb\/index.php\/2021\/04\/15\/ministro-pinate-celebro-el-bautizo-del-libro-el-intelectual-organico-productivo-en-la-clase-obrera\/"},"author":{"name":"MPPPST Prensa","@id":"https:\/\/www.mpppst.gob.ve\/mpppstweb\/#\/schema\/person\/fc187ee8ead412bd4c9304b62f900ea4"},"headline":"Ministro Pi\u00f1ate Celebr\u00f3 el bautizo del libro \u00abel Intelectual Org\u00e1nico Productivo en la Clase Obrera\u00bb","datePublished":"2021-04-16T00:17:23+00:00","dateModified":"2021-04-16T00:17:24+00:00","mainEntityOfPage":{"@id":"https:\/\/www.mpppst.gob.ve\/mpppstweb\/index.php\/2021\/04\/15\/ministro-pinate-celebro-el-bautizo-del-libro-el-intelectual-organico-productivo-en-la-clase-obrera\/"},"wordCount":388,"publisher":{"@id":"https:\/\/www.mpppst.gob.ve\/mpppstweb\/#organization"},"image":{"@id":"https:\/\/www.mpppst.gob.ve\/mpppstweb\/index.php\/2021\/04\/15\/ministro-pinate-celebro-el-bautizo-del-libro-el-intelectual-organico-productivo-en-la-clase-obrera\/#primaryimage"},"thumbnailUrl":"https:\/\/www.mpppst.gob.ve\/mpppstweb\/wp-content\/uploads\/2021\/04\/IMG-20210414-WA0024.jpg","articleSection":["Gobierno Nacional","Noticias"],"inLanguage":"es"},{"@type":"WebPage","@id":"https:\/\/www.mpppst.gob.ve\/mpppstweb\/index.php\/2021\/04\/15\/ministro-pinate-celebro-el-bautizo-del-libro-el-intelectual-organico-productivo-en-la-clase-obrera\/","url":"https:\/\/www.mpppst.gob.ve\/mpppstweb\/index.php\/2021\/04\/15\/ministro-pinate-celebro-el-bautizo-del-libro-el-intelectual-organico-productivo-en-la-clase-obrera\/","name":"Ministro Pi\u00f1ate Celebr\u00f3 el bautizo del libro \"el Intelectual Org\u00e1nico Productivo en la Clase Obrera\" - MPPPST","isPartOf":{"@id":"https:\/\/www.mpppst.gob.ve\/mpppstweb\/#website"},"primaryImageOfPage":{"@id":"https:\/\/www.mpppst.gob.ve\/mpppstweb\/index.php\/2021\/04\/15\/ministro-pinate-celebro-el-bautizo-del-libro-el-intelectual-organico-productivo-en-la-clase-obrera\/#primaryimage"},"image":{"@id":"https:\/\/www.mpppst.gob.ve\/mpppstweb\/index.php\/2021\/04\/15\/ministro-pinate-celebro-el-bautizo-del-libro-el-intelectual-organico-productivo-en-la-clase-obrera\/#primaryimage"},"thumbnailUrl":"https:\/\/www.mpppst.gob.ve\/mpppstweb\/wp-content\/uploads\/2021\/04\/IMG-20210414-WA0024.jpg","datePublished":"2021-04-16T00:17:23+00:00","dateModified":"2021-04-16T00:17:24+00:00","breadcrumb":{"@id":"https:\/\/www.mpppst.gob.ve\/mpppstweb\/index.php\/2021\/04\/15\/ministro-pinate-celebro-el-bautizo-del-libro-el-intelectual-organico-productivo-en-la-clase-obrera\/#breadcrumb"},"inLanguage":"es","potentialAction":[{"@type":"ReadAction","target":["https:\/\/www.mpppst.gob.ve\/mpppstweb\/index.php\/2021\/04\/15\/ministro-pinate-celebro-el-bautizo-del-libro-el-intelectual-organico-productivo-en-la-clase-obrera\/"]}]},{"@type":"ImageObject","inLanguage":"es","@id":"https:\/\/www.mpppst.gob.ve\/mpppstweb\/index.php\/2021\/04\/15\/ministro-pinate-celebro-el-bautizo-del-libro-el-intelectual-organico-productivo-en-la-clase-obrera\/#primaryimage","url":"https:\/\/www.mpppst.gob.ve\/mpppstweb\/wp-content\/uploads\/2021\/04\/IMG-20210414-WA0024.jpg","contentUrl":"https:\/\/www.mpppst.gob.ve\/mpppstweb\/wp-content\/uploads\/2021\/04\/IMG-20210414-WA0024.jpg","width":1065,"height":621},{"@type":"BreadcrumbList","@id":"https:\/\/www.mpppst.gob.ve\/mpppstweb\/index.php\/2021\/04\/15\/ministro-pinate-celebro-el-bautizo-del-libro-el-intelectual-organico-productivo-en-la-clase-obrera\/#breadcrumb","itemListElement":[{"@type":"ListItem","position":1,"name":"Home","item":"https:\/\/www.mpppst.gob.ve\/mpppstweb\/"},{"@type":"ListItem","position":2,"name":"Ministro Pi\u00f1ate Celebr\u00f3 el bautizo del libro \u00abel Intelectual Org\u00e1nico Productivo en la Clase Obrera\u00bb"}]},{"@type":"WebSite","@id":"https:\/\/www.mpppst.gob.ve\/mpppstweb\/#website","url":"https:\/\/www.mpppst.gob.ve\/mpppstweb\/","name":"MPPPST","description":"Ministerio del Poder Popular para el Proceso Social de Trabajo","publisher":{"@id":"https:\/\/www.mpppst.gob.ve\/mpppstweb\/#organization"},"potentialAction":[{"@type":"SearchAction","target":{"@type":"EntryPoint","urlTemplate":"https:\/\/www.mpppst.gob.ve\/mpppstweb\/?s={search_term_string}"},"query-input":"required name=search_term_string"}],"inLanguage":"es"},{"@type":"Organization","@id":"https:\/\/www.mpppst.gob.ve\/mpppstweb\/#organization","name":"mpppst","url":"https:\/\/www.mpppst.gob.ve\/mpppstweb\/","logo":{"@type":"ImageObject","inLanguage":"es","@id":"https:\/\/www.mpppst.gob.ve\/mpppstweb\/#\/schema\/logo\/image\/","url":"https:\/\/www.mpppst.gob.ve\/mpppstweb\/wp-content\/uploads\/2025\/07\/cropped-cropped-g910.png","contentUrl":"https:\/\/www.mpppst.gob.ve\/mpppstweb\/wp-content\/uploads\/2025\/07\/cropped-cropped-g910.png","width":1080,"height":241,"caption":"mpppst"},"image":{"@id":"https:\/\/www.mpppst.gob.ve\/mpppstweb\/#\/schema\/logo\/image\/"}},{"@type":"Person","@id":"https:\/\/www.mpppst.gob.ve\/mpppstweb\/#\/schema\/person\/fc187ee8ead412bd4c9304b62f900ea4","name":"MPPPST Prensa","url":"https:\/\/www.mpppst.gob.ve\/mpppstweb\/index.php\/author\/prensa-mpppst\/"}]}},"_links":{"self":[{"href":"https:\/\/www.mpppst.gob.ve\/mpppstweb\/index.php\/wp-json\/wp\/v2\/posts\/22110"}],"collection":[{"href":"https:\/\/www.mpppst.gob.ve\/mpppstweb\/index.php\/wp-json\/wp\/v2\/posts"}],"about":[{"href":"https:\/\/www.mpppst.gob.ve\/mpppstweb\/index.php\/wp-json\/wp\/v2\/types\/post"}],"author":[{"embeddable":true,"href":"https:\/\/www.mpppst.gob.ve\/mpppstweb\/index.php\/wp-json\/wp\/v2\/users\/25"}],"replies":[{"embeddable":true,"href":"https:\/\/www.mpppst.gob.ve\/mpppstweb\/index.php\/wp-json\/wp\/v2\/comments?post=22110"}],"version-history":[{"count":1,"href":"https:\/\/www.mpppst.gob.ve\/mpppstweb\/index.php\/wp-json\/wp\/v2\/posts\/22110\/revisions"}],"predecessor-version":[{"id":22112,"href":"https:\/\/www.mpppst.gob.ve\/mpppstweb\/index.php\/wp-json\/wp\/v2\/posts\/22110\/revisions\/22112"}],"wp:featuredmedia":[{"embeddable":true,"href":"https:\/\/www.mpppst.gob.ve\/mpppstweb\/index.php\/wp-json\/wp\/v2\/media\/22111"}],"wp:attachment":[{"href":"https:\/\/www.mpppst.gob.ve\/mpppstweb\/index.php\/wp-json\/wp\/v2\/media?parent=22110"}],"wp:term":[{"taxonomy":"category","embeddable":true,"href":"https:\/\/www.mpppst.gob.ve\/mpppstweb\/index.php\/wp-json\/wp\/v2\/categories?post=22110"},{"taxonomy":"post_tag","embeddable":true,"href":"https:\/\/www.mpppst.gob.ve\/mpppstweb\/index.php\/wp-json\/wp\/v2\/tags?post=22110"}],"curies":[{"name":"wp","href":"https:\/\/api.w.org\/{rel}","templated":true}]}}