{"id":22118,"date":"2021-04-16T10:20:32","date_gmt":"2021-04-16T14:20:32","guid":{"rendered":"http:\/\/www.mpppst.gob.ve\/mpppstweb\/?p=22118"},"modified":"2021-04-16T10:20:32","modified_gmt":"2021-04-16T14:20:32","slug":"guarico-aportara-33-de-produccion-de-tomate-al-sistema-de-alimentacion-nacional","status":"publish","type":"post","link":"https:\/\/www.mpppst.gob.ve\/mpppstweb\/index.php\/2021\/04\/16\/guarico-aportara-33-de-produccion-de-tomate-al-sistema-de-alimentacion-nacional\/","title":{"rendered":"Gu\u00e1rico aportar\u00e1 33% de producci\u00f3n de tomate al sistema de alimentaci\u00f3n nacional"},"content":{"rendered":"\n<p>El estado Gu\u00e1rico cubrir\u00e1 el 33% de la demanda de producci\u00f3n de tomates que amerita el sistema de alimentaci\u00f3n nacional, con lo que aportar\u00e1 mediante la conclusi\u00f3n exitosa de la zafra de cosecha de este rubro, la producci\u00f3n de 1.317 hect\u00e1reas cultivadas y cosechadas por m\u00e1s de 360 productores en la regi\u00f3n, durante el ciclo Norte-Verano 2020-2021, lo que sobrepasa los 39 millones de kilos.<\/p>\n\n\n\n<p>La informaci\u00f3n la refiri\u00f3 el gobernador de la entidad llanera Jos\u00e9 V\u00e1squez, quien junto a productores del municipio Jos\u00e9 Tadeo Monagas, y representantes del Complejo Agroindustrial Socialista Altagracia C.A (CAISA), tambi\u00e9n realizaron la inspecci\u00f3n a las instalaciones certificando la operatividad interna del 100%, as\u00ed como el arrime de la cosecha de tomates generada en la jurisdicci\u00f3n actualmente.<\/p>\n\n\n\n<p>Se\u00f1al\u00f3 que se cumplen eficientemente 4 procesos fundamentales que van desde la recepci\u00f3n de la materia prima; molienda del rubro; evaporaci\u00f3n y finalmente el llenado as\u00e9ptico de los envases, para obtener Pasta y Salsa de Tomate como producto final, que se ubica en un mill\u00f3n 600 mil unidades que se distribuir\u00e1n en 2 modalidades: una al sistema de m\u00f3dulos CLAP para beneficiar 292.000 familias del censo regional, y otra parte al sistema de Tiendas de Alimentos, refiere una nota de prensa.<\/p>\n\n\n\n<p>Estas acciones se vinculan al s\u00e9ptimo v\u00e9rtice de la Gran Misi\u00f3n Agro Venezuela que corresponde a la producci\u00f3n, procesamiento y distribuci\u00f3n, para optimizar el aparato econ\u00f3mico y alimentario. Durante los recorridos productores de la zona expresaron agradecimiento al Gobierno Nacional por brindar apoyo para cumplir con la jornada de cosecha adem\u00e1s de abrir los canales para el arrime de la producci\u00f3n.<\/p>\n\n\n\n<p>Por su parte, el gerente de la planta industrial, H\u00e9ctor Guzm\u00e1n, resalt\u00f3 que 60 trabajadores se encuentran comprometidos con el impulso alimentario de manera continua, alegando que el sistema productivo de la empresa garantiza calidad alimentaria.<\/p>\n\n\n\n<p>Finalmente, Jos\u00e9 Sal\u00f3n, gerente de operaciones, acot\u00f3 que en este ciclo se realiz\u00f3 la recepci\u00f3n 5 millones de kilos de tomate para dar continuidad al Encadenamiento Productivo, asegurando que el producto final tendr\u00e1 un ahorro del 30 a 40% para la protecci\u00f3n econ\u00f3mica de las familias guarique\u00f1as.<\/p>\n\n\n\n<p>Prensa Web VTV<\/p>\n","protected":false},"excerpt":{"rendered":"<p>El estado Gu\u00e1rico cubrir\u00e1 el 33% de la demanda de producci\u00f3n de tomates que amerita el &hellip; <a title=\"Gu\u00e1rico aportar\u00e1 33% de producci\u00f3n de tomate al sistema de alimentaci\u00f3n nacional\" class=\"hm-read-more\" href=\"https:\/\/www.mpppst.gob.ve\/mpppstweb\/index.php\/2021\/04\/16\/guarico-aportara-33-de-produccion-de-tomate-al-sistema-de-alimentacion-nacional\/\"><span class=\"screen-reader-text\">Gu\u00e1rico aportar\u00e1 33% de producci\u00f3n de tomate al sistema de alimentaci\u00f3n nacional<\/span>Read more<\/a><\/p>\n","protected":false},"author":25,"featured_media":22120,"comment_status":"closed","ping_status":"closed","sticky":false,"template":"","format":"standard","meta":{"footnotes":""},"categories":[82,163],"tags":[],"yoast_head":"<!-- This site is optimized with the Yoast SEO plugin v22.5 - https:\/\/yoast.com\/wordpress\/plugins\/seo\/ -->\n<title>Gu\u00e1rico aportar\u00e1 33% de producci\u00f3n de tomate al sistema de alimentaci\u00f3n nacional - MPPPST<\/title>\n<meta name=\"robots\" content=\"index, follow, max-snippet:-1, max-image-preview:large, max-video-preview:-1\" \/>\n<link rel=\"canonical\" href=\"https:\/\/www.mpppst.gob.ve\/mpppstweb\/index.php\/2021\/04\/16\/guarico-aportara-33-de-produccion-de-tomate-al-sistema-de-alimentacion-nacional\/\" \/>\n<meta property=\"og:locale\" content=\"es_ES\" \/>\n<meta property=\"og:type\" content=\"article\" \/>\n<meta property=\"og:title\" content=\"Gu\u00e1rico aportar\u00e1 33% de producci\u00f3n de tomate al sistema de alimentaci\u00f3n nacional - MPPPST\" \/>\n<meta property=\"og:description\" content=\"El estado Gu\u00e1rico cubrir\u00e1 el 33% de la demanda de producci\u00f3n de tomates que amerita el &hellip; Gu\u00e1rico aportar\u00e1 33% de producci\u00f3n de tomate al sistema de alimentaci\u00f3n nacionalRead more\" \/>\n<meta property=\"og:url\" content=\"https:\/\/www.mpppst.gob.ve\/mpppstweb\/index.php\/2021\/04\/16\/guarico-aportara-33-de-produccion-de-tomate-al-sistema-de-alimentacion-nacional\/\" \/>\n<meta property=\"og:site_name\" content=\"MPPPST\" \/>\n<meta property=\"article:published_time\" content=\"2021-04-16T14:20:32+00:00\" \/>\n<meta property=\"og:image\" content=\"https:\/\/www.mpppst.gob.ve\/mpppstweb\/wp-content\/uploads\/2021\/04\/4.-Desde-Gua\u0301rico-se-garantiza-producto-de-calidad-con-sello-regional.jpg\" \/>\n\t<meta property=\"og:image:width\" content=\"800\" \/>\n\t<meta property=\"og:image:height\" content=\"445\" \/>\n\t<meta property=\"og:image:type\" content=\"image\/jpeg\" \/>\n<meta name=\"author\" content=\"MPPPST Prensa\" \/>\n<meta name=\"twitter:card\" content=\"summary_large_image\" \/>\n<meta name=\"twitter:label1\" content=\"Escrito por\" \/>\n\t<meta name=\"twitter:data1\" content=\"MPPPST Prensa\" \/>\n\t<meta name=\"twitter:label2\" content=\"Tiempo de lectura\" \/>\n\t<meta name=\"twitter:data2\" content=\"2 minutos\" \/>\n<script type=\"application\/ld+json\" class=\"yoast-schema-graph\">{\"@context\":\"https:\/\/schema.org\",\"@graph\":[{\"@type\":\"Article\",\"@id\":\"https:\/\/www.mpppst.gob.ve\/mpppstweb\/index.php\/2021\/04\/16\/guarico-aportara-33-de-produccion-de-tomate-al-sistema-de-alimentacion-nacional\/#article\",\"isPartOf\":{\"@id\":\"https:\/\/www.mpppst.gob.ve\/mpppstweb\/index.php\/2021\/04\/16\/guarico-aportara-33-de-produccion-de-tomate-al-sistema-de-alimentacion-nacional\/\"},\"author\":{\"name\":\"MPPPST Prensa\",\"@id\":\"https:\/\/www.mpppst.gob.ve\/mpppstweb\/#\/schema\/person\/fc187ee8ead412bd4c9304b62f900ea4\"},\"headline\":\"Gu\u00e1rico aportar\u00e1 33% de producci\u00f3n de tomate al sistema de alimentaci\u00f3n nacional\",\"datePublished\":\"2021-04-16T14:20:32+00:00\",\"dateModified\":\"2021-04-16T14:20:32+00:00\",\"mainEntityOfPage\":{\"@id\":\"https:\/\/www.mpppst.gob.ve\/mpppstweb\/index.php\/2021\/04\/16\/guarico-aportara-33-de-produccion-de-tomate-al-sistema-de-alimentacion-nacional\/\"},\"wordCount\":387,\"publisher\":{\"@id\":\"https:\/\/www.mpppst.gob.ve\/mpppstweb\/#organization\"},\"image\":{\"@id\":\"https:\/\/www.mpppst.gob.ve\/mpppstweb\/index.php\/2021\/04\/16\/guarico-aportara-33-de-produccion-de-tomate-al-sistema-de-alimentacion-nacional\/#primaryimage\"},\"thumbnailUrl\":\"https:\/\/www.mpppst.gob.ve\/mpppstweb\/wp-content\/uploads\/2021\/04\/4.-Desde-Gua\u0301rico-se-garantiza-producto-de-calidad-con-sello-regional.jpg\",\"articleSection\":[\"Gobierno Nacional\",\"Noticias\"],\"inLanguage\":\"es\"},{\"@type\":\"WebPage\",\"@id\":\"https:\/\/www.mpppst.gob.ve\/mpppstweb\/index.php\/2021\/04\/16\/guarico-aportara-33-de-produccion-de-tomate-al-sistema-de-alimentacion-nacional\/\",\"url\":\"https:\/\/www.mpppst.gob.ve\/mpppstweb\/index.php\/2021\/04\/16\/guarico-aportara-33-de-produccion-de-tomate-al-sistema-de-alimentacion-nacional\/\",\"name\":\"Gu\u00e1rico aportar\u00e1 33% de producci\u00f3n de tomate al sistema de alimentaci\u00f3n nacional - MPPPST\",\"isPartOf\":{\"@id\":\"https:\/\/www.mpppst.gob.ve\/mpppstweb\/#website\"},\"primaryImageOfPage\":{\"@id\":\"https:\/\/www.mpppst.gob.ve\/mpppstweb\/index.php\/2021\/04\/16\/guarico-aportara-33-de-produccion-de-tomate-al-sistema-de-alimentacion-nacional\/#primaryimage\"},\"image\":{\"@id\":\"https:\/\/www.mpppst.gob.ve\/mpppstweb\/index.php\/2021\/04\/16\/guarico-aportara-33-de-produccion-de-tomate-al-sistema-de-alimentacion-nacional\/#primaryimage\"},\"thumbnailUrl\":\"https:\/\/www.mpppst.gob.ve\/mpppstweb\/wp-content\/uploads\/2021\/04\/4.-Desde-Gua\u0301rico-se-garantiza-producto-de-calidad-con-sello-regional.jpg\",\"datePublished\":\"2021-04-16T14:20:32+00:00\",\"dateModified\":\"2021-04-16T14:20:32+00:00\",\"breadcrumb\":{\"@id\":\"https:\/\/www.mpppst.gob.ve\/mpppstweb\/index.php\/2021\/04\/16\/guarico-aportara-33-de-produccion-de-tomate-al-sistema-de-alimentacion-nacional\/#breadcrumb\"},\"inLanguage\":\"es\",\"potentialAction\":[{\"@type\":\"ReadAction\",\"target\":[\"https:\/\/www.mpppst.gob.ve\/mpppstweb\/index.php\/2021\/04\/16\/guarico-aportara-33-de-produccion-de-tomate-al-sistema-de-alimentacion-nacional\/\"]}]},{\"@type\":\"ImageObject\",\"inLanguage\":\"es\",\"@id\":\"https:\/\/www.mpppst.gob.ve\/mpppstweb\/index.php\/2021\/04\/16\/guarico-aportara-33-de-produccion-de-tomate-al-sistema-de-alimentacion-nacional\/#primaryimage\",\"url\":\"https:\/\/www.mpppst.gob.ve\/mpppstweb\/wp-content\/uploads\/2021\/04\/4.-Desde-Gua\u0301rico-se-garantiza-producto-de-calidad-con-sello-regional.jpg\",\"contentUrl\":\"https:\/\/www.mpppst.gob.ve\/mpppstweb\/wp-content\/uploads\/2021\/04\/4.-Desde-Gua\u0301rico-se-garantiza-producto-de-calidad-con-sello-regional.jpg\",\"width\":800,\"height\":445},{\"@type\":\"BreadcrumbList\",\"@id\":\"https:\/\/www.mpppst.gob.ve\/mpppstweb\/index.php\/2021\/04\/16\/guarico-aportara-33-de-produccion-de-tomate-al-sistema-de-alimentacion-nacional\/#breadcrumb\",\"itemListElement\":[{\"@type\":\"ListItem\",\"position\":1,\"name\":\"Home\",\"item\":\"https:\/\/www.mpppst.gob.ve\/mpppstweb\/\"},{\"@type\":\"ListItem\",\"position\":2,\"name\":\"Gu\u00e1rico aportar\u00e1 33% de producci\u00f3n de tomate al sistema de alimentaci\u00f3n nacional\"}]},{\"@type\":\"WebSite\",\"@id\":\"https:\/\/www.mpppst.gob.ve\/mpppstweb\/#website\",\"url\":\"https:\/\/www.mpppst.gob.ve\/mpppstweb\/\",\"name\":\"MPPPST\",\"description\":\"Ministerio del Poder Popular para el Proceso Social de Trabajo\",\"publisher\":{\"@id\":\"https:\/\/www.mpppst.gob.ve\/mpppstweb\/#organization\"},\"potentialAction\":[{\"@type\":\"SearchAction\",\"target\":{\"@type\":\"EntryPoint\",\"urlTemplate\":\"https:\/\/www.mpppst.gob.ve\/mpppstweb\/?s={search_term_string}\"},\"query-input\":\"required name=search_term_string\"}],\"inLanguage\":\"es\"},{\"@type\":\"Organization\",\"@id\":\"https:\/\/www.mpppst.gob.ve\/mpppstweb\/#organization\",\"name\":\"mpppst\",\"url\":\"https:\/\/www.mpppst.gob.ve\/mpppstweb\/\",\"logo\":{\"@type\":\"ImageObject\",\"inLanguage\":\"es\",\"@id\":\"https:\/\/www.mpppst.gob.ve\/mpppstweb\/#\/schema\/logo\/image\/\",\"url\":\"https:\/\/www.mpppst.gob.ve\/mpppstweb\/wp-content\/uploads\/2025\/07\/cropped-cropped-g910.png\",\"contentUrl\":\"https:\/\/www.mpppst.gob.ve\/mpppstweb\/wp-content\/uploads\/2025\/07\/cropped-cropped-g910.png\",\"width\":1080,\"height\":241,\"caption\":\"mpppst\"},\"image\":{\"@id\":\"https:\/\/www.mpppst.gob.ve\/mpppstweb\/#\/schema\/logo\/image\/\"}},{\"@type\":\"Person\",\"@id\":\"https:\/\/www.mpppst.gob.ve\/mpppstweb\/#\/schema\/person\/fc187ee8ead412bd4c9304b62f900ea4\",\"name\":\"MPPPST Prensa\",\"url\":\"https:\/\/www.mpppst.gob.ve\/mpppstweb\/index.php\/author\/prensa-mpppst\/\"}]}<\/script>\n<!-- \/ Yoast SEO plugin. -->","yoast_head_json":{"title":"Gu\u00e1rico aportar\u00e1 33% de producci\u00f3n de tomate al sistema de alimentaci\u00f3n nacional - MPPPST","robots":{"index":"index","follow":"follow","max-snippet":"max-snippet:-1","max-image-preview":"max-image-preview:large","max-video-preview":"max-video-preview:-1"},"canonical":"https:\/\/www.mpppst.gob.ve\/mpppstweb\/index.php\/2021\/04\/16\/guarico-aportara-33-de-produccion-de-tomate-al-sistema-de-alimentacion-nacional\/","og_locale":"es_ES","og_type":"article","og_title":"Gu\u00e1rico aportar\u00e1 33% de producci\u00f3n de tomate al sistema de alimentaci\u00f3n nacional - MPPPST","og_description":"El estado Gu\u00e1rico cubrir\u00e1 el 33% de la demanda de producci\u00f3n de tomates que amerita el &hellip; Gu\u00e1rico aportar\u00e1 33% de producci\u00f3n de tomate al sistema de alimentaci\u00f3n nacionalRead more","og_url":"https:\/\/www.mpppst.gob.ve\/mpppstweb\/index.php\/2021\/04\/16\/guarico-aportara-33-de-produccion-de-tomate-al-sistema-de-alimentacion-nacional\/","og_site_name":"MPPPST","article_published_time":"2021-04-16T14:20:32+00:00","og_image":[{"width":800,"height":445,"url":"https:\/\/www.mpppst.gob.ve\/mpppstweb\/wp-content\/uploads\/2021\/04\/4.-Desde-Gua\u0301rico-se-garantiza-producto-de-calidad-con-sello-regional.jpg","type":"image\/jpeg"}],"author":"MPPPST Prensa","twitter_card":"summary_large_image","twitter_misc":{"Escrito por":"MPPPST Prensa","Tiempo de lectura":"2 minutos"},"schema":{"@context":"https:\/\/schema.org","@graph":[{"@type":"Article","@id":"https:\/\/www.mpppst.gob.ve\/mpppstweb\/index.php\/2021\/04\/16\/guarico-aportara-33-de-produccion-de-tomate-al-sistema-de-alimentacion-nacional\/#article","isPartOf":{"@id":"https:\/\/www.mpppst.gob.ve\/mpppstweb\/index.php\/2021\/04\/16\/guarico-aportara-33-de-produccion-de-tomate-al-sistema-de-alimentacion-nacional\/"},"author":{"name":"MPPPST Prensa","@id":"https:\/\/www.mpppst.gob.ve\/mpppstweb\/#\/schema\/person\/fc187ee8ead412bd4c9304b62f900ea4"},"headline":"Gu\u00e1rico aportar\u00e1 33% de producci\u00f3n de tomate al sistema de alimentaci\u00f3n nacional","datePublished":"2021-04-16T14:20:32+00:00","dateModified":"2021-04-16T14:20:32+00:00","mainEntityOfPage":{"@id":"https:\/\/www.mpppst.gob.ve\/mpppstweb\/index.php\/2021\/04\/16\/guarico-aportara-33-de-produccion-de-tomate-al-sistema-de-alimentacion-nacional\/"},"wordCount":387,"publisher":{"@id":"https:\/\/www.mpppst.gob.ve\/mpppstweb\/#organization"},"image":{"@id":"https:\/\/www.mpppst.gob.ve\/mpppstweb\/index.php\/2021\/04\/16\/guarico-aportara-33-de-produccion-de-tomate-al-sistema-de-alimentacion-nacional\/#primaryimage"},"thumbnailUrl":"https:\/\/www.mpppst.gob.ve\/mpppstweb\/wp-content\/uploads\/2021\/04\/4.-Desde-Gua\u0301rico-se-garantiza-producto-de-calidad-con-sello-regional.jpg","articleSection":["Gobierno Nacional","Noticias"],"inLanguage":"es"},{"@type":"WebPage","@id":"https:\/\/www.mpppst.gob.ve\/mpppstweb\/index.php\/2021\/04\/16\/guarico-aportara-33-de-produccion-de-tomate-al-sistema-de-alimentacion-nacional\/","url":"https:\/\/www.mpppst.gob.ve\/mpppstweb\/index.php\/2021\/04\/16\/guarico-aportara-33-de-produccion-de-tomate-al-sistema-de-alimentacion-nacional\/","name":"Gu\u00e1rico aportar\u00e1 33% de producci\u00f3n de tomate al sistema de alimentaci\u00f3n nacional - MPPPST","isPartOf":{"@id":"https:\/\/www.mpppst.gob.ve\/mpppstweb\/#website"},"primaryImageOfPage":{"@id":"https:\/\/www.mpppst.gob.ve\/mpppstweb\/index.php\/2021\/04\/16\/guarico-aportara-33-de-produccion-de-tomate-al-sistema-de-alimentacion-nacional\/#primaryimage"},"image":{"@id":"https:\/\/www.mpppst.gob.ve\/mpppstweb\/index.php\/2021\/04\/16\/guarico-aportara-33-de-produccion-de-tomate-al-sistema-de-alimentacion-nacional\/#primaryimage"},"thumbnailUrl":"https:\/\/www.mpppst.gob.ve\/mpppstweb\/wp-content\/uploads\/2021\/04\/4.-Desde-Gua\u0301rico-se-garantiza-producto-de-calidad-con-sello-regional.jpg","datePublished":"2021-04-16T14:20:32+00:00","dateModified":"2021-04-16T14:20:32+00:00","breadcrumb":{"@id":"https:\/\/www.mpppst.gob.ve\/mpppstweb\/index.php\/2021\/04\/16\/guarico-aportara-33-de-produccion-de-tomate-al-sistema-de-alimentacion-nacional\/#breadcrumb"},"inLanguage":"es","potentialAction":[{"@type":"ReadAction","target":["https:\/\/www.mpppst.gob.ve\/mpppstweb\/index.php\/2021\/04\/16\/guarico-aportara-33-de-produccion-de-tomate-al-sistema-de-alimentacion-nacional\/"]}]},{"@type":"ImageObject","inLanguage":"es","@id":"https:\/\/www.mpppst.gob.ve\/mpppstweb\/index.php\/2021\/04\/16\/guarico-aportara-33-de-produccion-de-tomate-al-sistema-de-alimentacion-nacional\/#primaryimage","url":"https:\/\/www.mpppst.gob.ve\/mpppstweb\/wp-content\/uploads\/2021\/04\/4.-Desde-Gua\u0301rico-se-garantiza-producto-de-calidad-con-sello-regional.jpg","contentUrl":"https:\/\/www.mpppst.gob.ve\/mpppstweb\/wp-content\/uploads\/2021\/04\/4.-Desde-Gua\u0301rico-se-garantiza-producto-de-calidad-con-sello-regional.jpg","width":800,"height":445},{"@type":"BreadcrumbList","@id":"https:\/\/www.mpppst.gob.ve\/mpppstweb\/index.php\/2021\/04\/16\/guarico-aportara-33-de-produccion-de-tomate-al-sistema-de-alimentacion-nacional\/#breadcrumb","itemListElement":[{"@type":"ListItem","position":1,"name":"Home","item":"https:\/\/www.mpppst.gob.ve\/mpppstweb\/"},{"@type":"ListItem","position":2,"name":"Gu\u00e1rico aportar\u00e1 33% de producci\u00f3n de tomate al sistema de alimentaci\u00f3n nacional"}]},{"@type":"WebSite","@id":"https:\/\/www.mpppst.gob.ve\/mpppstweb\/#website","url":"https:\/\/www.mpppst.gob.ve\/mpppstweb\/","name":"MPPPST","description":"Ministerio del Poder Popular para el Proceso Social de Trabajo","publisher":{"@id":"https:\/\/www.mpppst.gob.ve\/mpppstweb\/#organization"},"potentialAction":[{"@type":"SearchAction","target":{"@type":"EntryPoint","urlTemplate":"https:\/\/www.mpppst.gob.ve\/mpppstweb\/?s={search_term_string}"},"query-input":"required name=search_term_string"}],"inLanguage":"es"},{"@type":"Organization","@id":"https:\/\/www.mpppst.gob.ve\/mpppstweb\/#organization","name":"mpppst","url":"https:\/\/www.mpppst.gob.ve\/mpppstweb\/","logo":{"@type":"ImageObject","inLanguage":"es","@id":"https:\/\/www.mpppst.gob.ve\/mpppstweb\/#\/schema\/logo\/image\/","url":"https:\/\/www.mpppst.gob.ve\/mpppstweb\/wp-content\/uploads\/2025\/07\/cropped-cropped-g910.png","contentUrl":"https:\/\/www.mpppst.gob.ve\/mpppstweb\/wp-content\/uploads\/2025\/07\/cropped-cropped-g910.png","width":1080,"height":241,"caption":"mpppst"},"image":{"@id":"https:\/\/www.mpppst.gob.ve\/mpppstweb\/#\/schema\/logo\/image\/"}},{"@type":"Person","@id":"https:\/\/www.mpppst.gob.ve\/mpppstweb\/#\/schema\/person\/fc187ee8ead412bd4c9304b62f900ea4","name":"MPPPST Prensa","url":"https:\/\/www.mpppst.gob.ve\/mpppstweb\/index.php\/author\/prensa-mpppst\/"}]}},"_links":{"self":[{"href":"https:\/\/www.mpppst.gob.ve\/mpppstweb\/index.php\/wp-json\/wp\/v2\/posts\/22118"}],"collection":[{"href":"https:\/\/www.mpppst.gob.ve\/mpppstweb\/index.php\/wp-json\/wp\/v2\/posts"}],"about":[{"href":"https:\/\/www.mpppst.gob.ve\/mpppstweb\/index.php\/wp-json\/wp\/v2\/types\/post"}],"author":[{"embeddable":true,"href":"https:\/\/www.mpppst.gob.ve\/mpppstweb\/index.php\/wp-json\/wp\/v2\/users\/25"}],"replies":[{"embeddable":true,"href":"https:\/\/www.mpppst.gob.ve\/mpppstweb\/index.php\/wp-json\/wp\/v2\/comments?post=22118"}],"version-history":[{"count":1,"href":"https:\/\/www.mpppst.gob.ve\/mpppstweb\/index.php\/wp-json\/wp\/v2\/posts\/22118\/revisions"}],"predecessor-version":[{"id":22121,"href":"https:\/\/www.mpppst.gob.ve\/mpppstweb\/index.php\/wp-json\/wp\/v2\/posts\/22118\/revisions\/22121"}],"wp:featuredmedia":[{"embeddable":true,"href":"https:\/\/www.mpppst.gob.ve\/mpppstweb\/index.php\/wp-json\/wp\/v2\/media\/22120"}],"wp:attachment":[{"href":"https:\/\/www.mpppst.gob.ve\/mpppstweb\/index.php\/wp-json\/wp\/v2\/media?parent=22118"}],"wp:term":[{"taxonomy":"category","embeddable":true,"href":"https:\/\/www.mpppst.gob.ve\/mpppstweb\/index.php\/wp-json\/wp\/v2\/categories?post=22118"},{"taxonomy":"post_tag","embeddable":true,"href":"https:\/\/www.mpppst.gob.ve\/mpppstweb\/index.php\/wp-json\/wp\/v2\/tags?post=22118"}],"curies":[{"name":"wp","href":"https:\/\/api.w.org\/{rel}","templated":true}]}}