{"id":22122,"date":"2021-04-16T10:27:47","date_gmt":"2021-04-16T14:27:47","guid":{"rendered":"http:\/\/www.mpppst.gob.ve\/mpppstweb\/?p=22122"},"modified":"2021-04-16T10:27:47","modified_gmt":"2021-04-16T14:27:47","slug":"venezuela-rumbo-a-xxvii-cumbre-iberoamericana-canciller-arreaza-insto-a-paises-miembros-a-pronunciarse-contra-el-bloqueo-ilegal-que-ocasiona-sufrimientos","status":"publish","type":"post","link":"https:\/\/www.mpppst.gob.ve\/mpppstweb\/index.php\/2021\/04\/16\/venezuela-rumbo-a-xxvii-cumbre-iberoamericana-canciller-arreaza-insto-a-paises-miembros-a-pronunciarse-contra-el-bloqueo-ilegal-que-ocasiona-sufrimientos\/","title":{"rendered":"Venezuela rumbo a XXVII Cumbre Iberoamericana: Canciller Arreaza inst\u00f3 a pa\u00edses miembros a pronunciarse contra el bloqueo ilegal que ocasiona sufrimientos"},"content":{"rendered":"\n<p>El canciller de la Rep\u00fablica Bolivariana de Venezuela,<strong>\u00a0Jorge Arreaza,<\/strong>\u00a0inst\u00f3 a los pa\u00edses iberoamericanos a pronunciarse \u201ccontra el bloqueo, las medidas coercitivas unilaterales y contra el sufrimiento impuesto por un nuevo tipo de guerra no convencional que afecta actualmente al menos a 3 pa\u00edses de la comunidad iberoamericana\u201d: Cuba, Nicaragua y Venezuela.<\/p>\n\n\n\n<p>\u201cOjal\u00e1 en la Cumbre Iberoamericana, se hubiese acordado un pronunciamiento contra estas medidas coercitivas ilegales, unilaterales\u201d, expres\u00f3 el ministro de Relaciones Exteriores venezolano, durante su participaci\u00f3n en la II reuni\u00f3n virtual de Cancilleres rumbo a la XXVII Cumbre Iberoamericana de Jefes de Estado y de Gobierno que se desarrollar\u00e1 -tambi\u00e9n de manera telem\u00e1tica- el 21 de abril en Andorra, Europa.<\/p>\n\n\n\n<p>El Principado de Andorra, un micro-Estado soberano del suroeste de Europa, ubicado entre Espa\u00f1a y Francia, en el l\u00edmite de la pen\u00ednsula ib\u00e9rica, tendr\u00e1 la responsabilidad por primera vez de acojer la Cumbre Iberoamericana, bajo el lema \u201cInnovaci\u00f3n para el desarrollo sostenible. Objetivo 2030. Iberoam\u00e9rica frente al reto del coronavirus\u201d.<\/p>\n\n\n\n<p>Justamente, Arreaza record\u00f3 que en el marco de la pandemia, las medidas coercitivas de EE.UU. y otras naciones de Europa han participado en el asedio contra Venezuela, secuestrando m\u00e1s de 6 mil millones de d\u00f3lares de sus recursos financieros en el exterior.<\/p>\n\n\n\n<p>\u201cHay 1.600 millones en un banco portugu\u00e9s, de manera ilegal, arbitraria, bloqueados\u201d, denunci\u00f3 como ejemplo ante sus hom\u00f3logos iberoamericanos. Reiter\u00f3 que de haber sido entregados, Venezuela ya tuviera todas las vacunas necesarias para proteger a su poblaci\u00f3n de la pandemia.<\/p>\n\n\n\n<p>Insisti\u00f3 que los pa\u00edses iberoamericanos deben demostrar mayor solidaridad ante las agresiones e injusticia, mucho m\u00e1s en estos momentos de amenaza y muertes que provoca el coronavirus global.<\/p>\n\n\n\n<p>\u201cLa falta de acceso a las vacunas, a los insumos, la desigualdad, la guerra entre empresas por las vacunas; son las pruebas que necesitamos para definitivamente decidirnos a remover las estructuras del sistema que se nos ha impuesto\u201d, inst\u00f3 el Canciller venezolano.<\/p>\n\n\n\n<p>\u201cLa humanidad lucha por vivir y entreayudarse mientras el sistema, manejado por las grandes corporaciones, con sus ansias de ganancia demuestra lo incompatible que es con la humanidad, con la Madre Tierra. El Capitalismo lo ha venido demostrando de manera muy cruda\u201d, alert\u00f3 Arreaza.<\/p>\n\n\n\n<p>Inform\u00f3 que la Canciller\u00eda venezolana har\u00eda circular entre los pa\u00edses miembros el informe preliminar de la Relatora Especial del Consejo de Derechos Humanos (DDHH) de la ONU, que concluy\u00f3 c\u00f3mo estas medidas coercitivas criminales est\u00e1n atentando contra el disfrute de los derechos de los venezolanos, y cuya ejecuci\u00f3n es incompatible con el Derecho Internacional y abiertamente violatoria de los DDHH de los pueblos.<\/p>\n\n\n\n<div class=\"wp-block-image\"><figure class=\"aligncenter\"><img decoding=\"async\" src=\"https:\/\/www.vtv.gob.ve\/wp-content\/uploads\/2021\/04\/cancilleres-iberoamereixna.jpg\" alt=\"\" class=\"wp-image-349046\"\/><\/figure><\/div>\n\n\n\n<p>\u201cEl comandante Ch\u00e1vez dec\u00eda en 2001, que mientras los Jefes de Estado y de Gobierno andan de Cumbre en Cumbre los pueblos andan de abismo en abismo\u201d, record\u00f3 Arreaza.<\/p>\n\n\n\n<p>\u201cEs indispensable cambiar el sistema\u201d, afirm\u00f3 el Canciller, recordando asimismo la petici\u00f3n realizada por el Comandante l\u00edder de la Revoluci\u00f3n Bolivariana en la primera d\u00e9cada de este siglo, que fue adoptada por los movimientos sociales del mundo.<\/p>\n\n\n\n<p>Agradeci\u00f3 al Gobierno de Andorra, que ejerce actualmente la Secretar\u00eda Prot\u00e9mpore de la Cumbre Iberoamericana de este a\u00f1o, por la invitaci\u00f3n realizada a Venezuela. Y lament\u00f3 que, curiosamente, la delegaci\u00f3n anfitriona que participaba en la reuni\u00f3n ministerial hubiera sido afectada por COVID-19.<\/p>\n\n\n\n<p>En este encuentro en Andorra en la Cumbre Iberoamericana, el presidente&nbsp;<strong>Nicol\u00e1s Maduro Moros<\/strong>&nbsp;estar\u00e1 presente de forma telem\u00e1tica, al igual que la mayor\u00eda de los Mandatarios convocados. Solo acudir\u00e1n de forma presencial el primer ministro de Portugal, Ant\u00f3nio Costa, as\u00ed como el mandatario de Guatemala, Alejandro Giammattei y el de Rep\u00fablica Dominicana, Luis Abinader, de acuerdo a medios espa\u00f1oles.<\/p>\n\n\n\n<figure><iframe allowfullscreen=\"true\" class=\"\" src=\"https:\/\/platform.twitter.com\/embed\/Tweet.html?creatorScreenName=VTVcanal8&amp;dnt=false&amp;embedId=twitter-widget-0&amp;features=eyJ0ZndfZXhwZXJpbWVudHNfY29va2llX2V4cGlyYXRpb24iOnsiYnVja2V0IjoxMjA5NjAwLCJ2ZXJzaW9uIjpudWxsfSwidGZ3X2hvcml6b25fdHdlZXRfZW1iZWRfOTU1NSI6eyJidWNrZXQiOiJodGUiLCJ2ZXJzaW9uIjpudWxsfX0%3D&amp;frame=false&amp;hideCard=false&amp;hideThread=false&amp;id=1382782306889433089&amp;lang=es&amp;origin=https%3A%2F%2Fwww.vtv.gob.ve%2Fvenezuela-rumbo-xxvii-cumbre-iberoamericana-canciller-arreaza-pronunciarse-contra-bloqueo-ilegal-sufrimientos%2F&amp;sessionId=4a144d583c1af268b8c063de499e811f28b2468c&amp;siteScreenName=VTVcanal8&amp;theme=light&amp;widgetsVersion=ff2e7cf%3A1618526400629&amp;width=550px\"><\/iframe><\/figure>\n\n\n\n<p>Prensa Web VTV<\/p>\n","protected":false},"excerpt":{"rendered":"<p>El canciller de la Rep\u00fablica Bolivariana de Venezuela,\u00a0Jorge Arreaza,\u00a0inst\u00f3 a los pa\u00edses iberoamericanos a pronunciarse \u201ccontra &hellip; <a title=\"Venezuela rumbo a XXVII Cumbre Iberoamericana: Canciller Arreaza inst\u00f3 a pa\u00edses miembros a pronunciarse contra el bloqueo ilegal que ocasiona sufrimientos\" class=\"hm-read-more\" href=\"https:\/\/www.mpppst.gob.ve\/mpppstweb\/index.php\/2021\/04\/16\/venezuela-rumbo-a-xxvii-cumbre-iberoamericana-canciller-arreaza-insto-a-paises-miembros-a-pronunciarse-contra-el-bloqueo-ilegal-que-ocasiona-sufrimientos\/\"><span class=\"screen-reader-text\">Venezuela rumbo a XXVII Cumbre Iberoamericana: Canciller Arreaza inst\u00f3 a pa\u00edses miembros a pronunciarse contra el bloqueo ilegal que ocasiona sufrimientos<\/span>Read more<\/a><\/p>\n","protected":false},"author":25,"featured_media":22123,"comment_status":"closed","ping_status":"closed","sticky":false,"template":"","format":"standard","meta":{"footnotes":""},"categories":[82,163],"tags":[],"yoast_head":"<!-- This site is optimized with the Yoast SEO plugin v22.5 - https:\/\/yoast.com\/wordpress\/plugins\/seo\/ -->\n<title>Venezuela rumbo a XXVII Cumbre Iberoamericana: Canciller Arreaza inst\u00f3 a pa\u00edses miembros a pronunciarse contra el bloqueo ilegal que ocasiona sufrimientos - MPPPST<\/title>\n<meta name=\"robots\" content=\"index, follow, max-snippet:-1, max-image-preview:large, max-video-preview:-1\" \/>\n<link rel=\"canonical\" href=\"https:\/\/www.mpppst.gob.ve\/mpppstweb\/index.php\/2021\/04\/16\/venezuela-rumbo-a-xxvii-cumbre-iberoamericana-canciller-arreaza-insto-a-paises-miembros-a-pronunciarse-contra-el-bloqueo-ilegal-que-ocasiona-sufrimientos\/\" \/>\n<meta property=\"og:locale\" content=\"es_ES\" \/>\n<meta property=\"og:type\" content=\"article\" \/>\n<meta property=\"og:title\" content=\"Venezuela rumbo a XXVII Cumbre Iberoamericana: Canciller Arreaza inst\u00f3 a pa\u00edses miembros a pronunciarse contra el bloqueo ilegal que ocasiona sufrimientos - MPPPST\" \/>\n<meta property=\"og:description\" content=\"El canciller de la Rep\u00fablica Bolivariana de Venezuela,\u00a0Jorge Arreaza,\u00a0inst\u00f3 a los pa\u00edses iberoamericanos a pronunciarse \u201ccontra &hellip; Venezuela rumbo a XXVII Cumbre Iberoamericana: Canciller Arreaza inst\u00f3 a pa\u00edses miembros a pronunciarse contra el bloqueo ilegal que ocasiona sufrimientosRead more\" \/>\n<meta property=\"og:url\" content=\"https:\/\/www.mpppst.gob.ve\/mpppstweb\/index.php\/2021\/04\/16\/venezuela-rumbo-a-xxvii-cumbre-iberoamericana-canciller-arreaza-insto-a-paises-miembros-a-pronunciarse-contra-el-bloqueo-ilegal-que-ocasiona-sufrimientos\/\" \/>\n<meta property=\"og:site_name\" content=\"MPPPST\" \/>\n<meta property=\"article:published_time\" content=\"2021-04-16T14:27:47+00:00\" \/>\n<meta property=\"og:image\" content=\"https:\/\/www.mpppst.gob.ve\/mpppstweb\/wp-content\/uploads\/2021\/04\/arreaza-cumbre-oibe.jpg\" \/>\n\t<meta property=\"og:image:width\" content=\"800\" \/>\n\t<meta property=\"og:image:height\" content=\"445\" \/>\n\t<meta property=\"og:image:type\" content=\"image\/jpeg\" \/>\n<meta name=\"author\" content=\"MPPPST Prensa\" \/>\n<meta name=\"twitter:card\" content=\"summary_large_image\" \/>\n<meta name=\"twitter:label1\" content=\"Escrito por\" \/>\n\t<meta name=\"twitter:data1\" content=\"MPPPST Prensa\" \/>\n\t<meta name=\"twitter:label2\" content=\"Tiempo de lectura\" \/>\n\t<meta name=\"twitter:data2\" content=\"3 minutos\" \/>\n<script type=\"application\/ld+json\" class=\"yoast-schema-graph\">{\"@context\":\"https:\/\/schema.org\",\"@graph\":[{\"@type\":\"Article\",\"@id\":\"https:\/\/www.mpppst.gob.ve\/mpppstweb\/index.php\/2021\/04\/16\/venezuela-rumbo-a-xxvii-cumbre-iberoamericana-canciller-arreaza-insto-a-paises-miembros-a-pronunciarse-contra-el-bloqueo-ilegal-que-ocasiona-sufrimientos\/#article\",\"isPartOf\":{\"@id\":\"https:\/\/www.mpppst.gob.ve\/mpppstweb\/index.php\/2021\/04\/16\/venezuela-rumbo-a-xxvii-cumbre-iberoamericana-canciller-arreaza-insto-a-paises-miembros-a-pronunciarse-contra-el-bloqueo-ilegal-que-ocasiona-sufrimientos\/\"},\"author\":{\"name\":\"MPPPST Prensa\",\"@id\":\"https:\/\/www.mpppst.gob.ve\/mpppstweb\/#\/schema\/person\/fc187ee8ead412bd4c9304b62f900ea4\"},\"headline\":\"Venezuela rumbo a XXVII Cumbre Iberoamericana: Canciller Arreaza inst\u00f3 a pa\u00edses miembros a pronunciarse contra el bloqueo ilegal que ocasiona sufrimientos\",\"datePublished\":\"2021-04-16T14:27:47+00:00\",\"dateModified\":\"2021-04-16T14:27:47+00:00\",\"mainEntityOfPage\":{\"@id\":\"https:\/\/www.mpppst.gob.ve\/mpppstweb\/index.php\/2021\/04\/16\/venezuela-rumbo-a-xxvii-cumbre-iberoamericana-canciller-arreaza-insto-a-paises-miembros-a-pronunciarse-contra-el-bloqueo-ilegal-que-ocasiona-sufrimientos\/\"},\"wordCount\":657,\"publisher\":{\"@id\":\"https:\/\/www.mpppst.gob.ve\/mpppstweb\/#organization\"},\"image\":{\"@id\":\"https:\/\/www.mpppst.gob.ve\/mpppstweb\/index.php\/2021\/04\/16\/venezuela-rumbo-a-xxvii-cumbre-iberoamericana-canciller-arreaza-insto-a-paises-miembros-a-pronunciarse-contra-el-bloqueo-ilegal-que-ocasiona-sufrimientos\/#primaryimage\"},\"thumbnailUrl\":\"https:\/\/www.mpppst.gob.ve\/mpppstweb\/wp-content\/uploads\/2021\/04\/arreaza-cumbre-oibe.jpg\",\"articleSection\":[\"Gobierno Nacional\",\"Noticias\"],\"inLanguage\":\"es\"},{\"@type\":\"WebPage\",\"@id\":\"https:\/\/www.mpppst.gob.ve\/mpppstweb\/index.php\/2021\/04\/16\/venezuela-rumbo-a-xxvii-cumbre-iberoamericana-canciller-arreaza-insto-a-paises-miembros-a-pronunciarse-contra-el-bloqueo-ilegal-que-ocasiona-sufrimientos\/\",\"url\":\"https:\/\/www.mpppst.gob.ve\/mpppstweb\/index.php\/2021\/04\/16\/venezuela-rumbo-a-xxvii-cumbre-iberoamericana-canciller-arreaza-insto-a-paises-miembros-a-pronunciarse-contra-el-bloqueo-ilegal-que-ocasiona-sufrimientos\/\",\"name\":\"Venezuela rumbo a XXVII Cumbre Iberoamericana: Canciller Arreaza inst\u00f3 a pa\u00edses miembros a pronunciarse contra el bloqueo ilegal que ocasiona sufrimientos - MPPPST\",\"isPartOf\":{\"@id\":\"https:\/\/www.mpppst.gob.ve\/mpppstweb\/#website\"},\"primaryImageOfPage\":{\"@id\":\"https:\/\/www.mpppst.gob.ve\/mpppstweb\/index.php\/2021\/04\/16\/venezuela-rumbo-a-xxvii-cumbre-iberoamericana-canciller-arreaza-insto-a-paises-miembros-a-pronunciarse-contra-el-bloqueo-ilegal-que-ocasiona-sufrimientos\/#primaryimage\"},\"image\":{\"@id\":\"https:\/\/www.mpppst.gob.ve\/mpppstweb\/index.php\/2021\/04\/16\/venezuela-rumbo-a-xxvii-cumbre-iberoamericana-canciller-arreaza-insto-a-paises-miembros-a-pronunciarse-contra-el-bloqueo-ilegal-que-ocasiona-sufrimientos\/#primaryimage\"},\"thumbnailUrl\":\"https:\/\/www.mpppst.gob.ve\/mpppstweb\/wp-content\/uploads\/2021\/04\/arreaza-cumbre-oibe.jpg\",\"datePublished\":\"2021-04-16T14:27:47+00:00\",\"dateModified\":\"2021-04-16T14:27:47+00:00\",\"breadcrumb\":{\"@id\":\"https:\/\/www.mpppst.gob.ve\/mpppstweb\/index.php\/2021\/04\/16\/venezuela-rumbo-a-xxvii-cumbre-iberoamericana-canciller-arreaza-insto-a-paises-miembros-a-pronunciarse-contra-el-bloqueo-ilegal-que-ocasiona-sufrimientos\/#breadcrumb\"},\"inLanguage\":\"es\",\"potentialAction\":[{\"@type\":\"ReadAction\",\"target\":[\"https:\/\/www.mpppst.gob.ve\/mpppstweb\/index.php\/2021\/04\/16\/venezuela-rumbo-a-xxvii-cumbre-iberoamericana-canciller-arreaza-insto-a-paises-miembros-a-pronunciarse-contra-el-bloqueo-ilegal-que-ocasiona-sufrimientos\/\"]}]},{\"@type\":\"ImageObject\",\"inLanguage\":\"es\",\"@id\":\"https:\/\/www.mpppst.gob.ve\/mpppstweb\/index.php\/2021\/04\/16\/venezuela-rumbo-a-xxvii-cumbre-iberoamericana-canciller-arreaza-insto-a-paises-miembros-a-pronunciarse-contra-el-bloqueo-ilegal-que-ocasiona-sufrimientos\/#primaryimage\",\"url\":\"https:\/\/www.mpppst.gob.ve\/mpppstweb\/wp-content\/uploads\/2021\/04\/arreaza-cumbre-oibe.jpg\",\"contentUrl\":\"https:\/\/www.mpppst.gob.ve\/mpppstweb\/wp-content\/uploads\/2021\/04\/arreaza-cumbre-oibe.jpg\",\"width\":800,\"height\":445},{\"@type\":\"BreadcrumbList\",\"@id\":\"https:\/\/www.mpppst.gob.ve\/mpppstweb\/index.php\/2021\/04\/16\/venezuela-rumbo-a-xxvii-cumbre-iberoamericana-canciller-arreaza-insto-a-paises-miembros-a-pronunciarse-contra-el-bloqueo-ilegal-que-ocasiona-sufrimientos\/#breadcrumb\",\"itemListElement\":[{\"@type\":\"ListItem\",\"position\":1,\"name\":\"Home\",\"item\":\"https:\/\/www.mpppst.gob.ve\/mpppstweb\/\"},{\"@type\":\"ListItem\",\"position\":2,\"name\":\"Venezuela rumbo a XXVII Cumbre Iberoamericana: Canciller Arreaza inst\u00f3 a pa\u00edses miembros a pronunciarse contra el bloqueo ilegal que ocasiona sufrimientos\"}]},{\"@type\":\"WebSite\",\"@id\":\"https:\/\/www.mpppst.gob.ve\/mpppstweb\/#website\",\"url\":\"https:\/\/www.mpppst.gob.ve\/mpppstweb\/\",\"name\":\"MPPPST\",\"description\":\"Ministerio del Poder Popular para el Proceso Social de Trabajo\",\"publisher\":{\"@id\":\"https:\/\/www.mpppst.gob.ve\/mpppstweb\/#organization\"},\"potentialAction\":[{\"@type\":\"SearchAction\",\"target\":{\"@type\":\"EntryPoint\",\"urlTemplate\":\"https:\/\/www.mpppst.gob.ve\/mpppstweb\/?s={search_term_string}\"},\"query-input\":\"required name=search_term_string\"}],\"inLanguage\":\"es\"},{\"@type\":\"Organization\",\"@id\":\"https:\/\/www.mpppst.gob.ve\/mpppstweb\/#organization\",\"name\":\"mpppst\",\"url\":\"https:\/\/www.mpppst.gob.ve\/mpppstweb\/\",\"logo\":{\"@type\":\"ImageObject\",\"inLanguage\":\"es\",\"@id\":\"https:\/\/www.mpppst.gob.ve\/mpppstweb\/#\/schema\/logo\/image\/\",\"url\":\"https:\/\/www.mpppst.gob.ve\/mpppstweb\/wp-content\/uploads\/2025\/07\/cropped-cropped-g910.png\",\"contentUrl\":\"https:\/\/www.mpppst.gob.ve\/mpppstweb\/wp-content\/uploads\/2025\/07\/cropped-cropped-g910.png\",\"width\":1080,\"height\":241,\"caption\":\"mpppst\"},\"image\":{\"@id\":\"https:\/\/www.mpppst.gob.ve\/mpppstweb\/#\/schema\/logo\/image\/\"}},{\"@type\":\"Person\",\"@id\":\"https:\/\/www.mpppst.gob.ve\/mpppstweb\/#\/schema\/person\/fc187ee8ead412bd4c9304b62f900ea4\",\"name\":\"MPPPST Prensa\",\"url\":\"https:\/\/www.mpppst.gob.ve\/mpppstweb\/index.php\/author\/prensa-mpppst\/\"}]}<\/script>\n<!-- \/ Yoast SEO plugin. -->","yoast_head_json":{"title":"Venezuela rumbo a XXVII Cumbre Iberoamericana: Canciller Arreaza inst\u00f3 a pa\u00edses miembros a pronunciarse contra el bloqueo ilegal que ocasiona sufrimientos - MPPPST","robots":{"index":"index","follow":"follow","max-snippet":"max-snippet:-1","max-image-preview":"max-image-preview:large","max-video-preview":"max-video-preview:-1"},"canonical":"https:\/\/www.mpppst.gob.ve\/mpppstweb\/index.php\/2021\/04\/16\/venezuela-rumbo-a-xxvii-cumbre-iberoamericana-canciller-arreaza-insto-a-paises-miembros-a-pronunciarse-contra-el-bloqueo-ilegal-que-ocasiona-sufrimientos\/","og_locale":"es_ES","og_type":"article","og_title":"Venezuela rumbo a XXVII Cumbre Iberoamericana: Canciller Arreaza inst\u00f3 a pa\u00edses miembros a pronunciarse contra el bloqueo ilegal que ocasiona sufrimientos - MPPPST","og_description":"El canciller de la Rep\u00fablica Bolivariana de Venezuela,\u00a0Jorge Arreaza,\u00a0inst\u00f3 a los pa\u00edses iberoamericanos a pronunciarse \u201ccontra &hellip; Venezuela rumbo a XXVII Cumbre Iberoamericana: Canciller Arreaza inst\u00f3 a pa\u00edses miembros a pronunciarse contra el bloqueo ilegal que ocasiona sufrimientosRead more","og_url":"https:\/\/www.mpppst.gob.ve\/mpppstweb\/index.php\/2021\/04\/16\/venezuela-rumbo-a-xxvii-cumbre-iberoamericana-canciller-arreaza-insto-a-paises-miembros-a-pronunciarse-contra-el-bloqueo-ilegal-que-ocasiona-sufrimientos\/","og_site_name":"MPPPST","article_published_time":"2021-04-16T14:27:47+00:00","og_image":[{"width":800,"height":445,"url":"https:\/\/www.mpppst.gob.ve\/mpppstweb\/wp-content\/uploads\/2021\/04\/arreaza-cumbre-oibe.jpg","type":"image\/jpeg"}],"author":"MPPPST Prensa","twitter_card":"summary_large_image","twitter_misc":{"Escrito por":"MPPPST Prensa","Tiempo de lectura":"3 minutos"},"schema":{"@context":"https:\/\/schema.org","@graph":[{"@type":"Article","@id":"https:\/\/www.mpppst.gob.ve\/mpppstweb\/index.php\/2021\/04\/16\/venezuela-rumbo-a-xxvii-cumbre-iberoamericana-canciller-arreaza-insto-a-paises-miembros-a-pronunciarse-contra-el-bloqueo-ilegal-que-ocasiona-sufrimientos\/#article","isPartOf":{"@id":"https:\/\/www.mpppst.gob.ve\/mpppstweb\/index.php\/2021\/04\/16\/venezuela-rumbo-a-xxvii-cumbre-iberoamericana-canciller-arreaza-insto-a-paises-miembros-a-pronunciarse-contra-el-bloqueo-ilegal-que-ocasiona-sufrimientos\/"},"author":{"name":"MPPPST Prensa","@id":"https:\/\/www.mpppst.gob.ve\/mpppstweb\/#\/schema\/person\/fc187ee8ead412bd4c9304b62f900ea4"},"headline":"Venezuela rumbo a XXVII Cumbre Iberoamericana: Canciller Arreaza inst\u00f3 a pa\u00edses miembros a pronunciarse contra el bloqueo ilegal que ocasiona sufrimientos","datePublished":"2021-04-16T14:27:47+00:00","dateModified":"2021-04-16T14:27:47+00:00","mainEntityOfPage":{"@id":"https:\/\/www.mpppst.gob.ve\/mpppstweb\/index.php\/2021\/04\/16\/venezuela-rumbo-a-xxvii-cumbre-iberoamericana-canciller-arreaza-insto-a-paises-miembros-a-pronunciarse-contra-el-bloqueo-ilegal-que-ocasiona-sufrimientos\/"},"wordCount":657,"publisher":{"@id":"https:\/\/www.mpppst.gob.ve\/mpppstweb\/#organization"},"image":{"@id":"https:\/\/www.mpppst.gob.ve\/mpppstweb\/index.php\/2021\/04\/16\/venezuela-rumbo-a-xxvii-cumbre-iberoamericana-canciller-arreaza-insto-a-paises-miembros-a-pronunciarse-contra-el-bloqueo-ilegal-que-ocasiona-sufrimientos\/#primaryimage"},"thumbnailUrl":"https:\/\/www.mpppst.gob.ve\/mpppstweb\/wp-content\/uploads\/2021\/04\/arreaza-cumbre-oibe.jpg","articleSection":["Gobierno Nacional","Noticias"],"inLanguage":"es"},{"@type":"WebPage","@id":"https:\/\/www.mpppst.gob.ve\/mpppstweb\/index.php\/2021\/04\/16\/venezuela-rumbo-a-xxvii-cumbre-iberoamericana-canciller-arreaza-insto-a-paises-miembros-a-pronunciarse-contra-el-bloqueo-ilegal-que-ocasiona-sufrimientos\/","url":"https:\/\/www.mpppst.gob.ve\/mpppstweb\/index.php\/2021\/04\/16\/venezuela-rumbo-a-xxvii-cumbre-iberoamericana-canciller-arreaza-insto-a-paises-miembros-a-pronunciarse-contra-el-bloqueo-ilegal-que-ocasiona-sufrimientos\/","name":"Venezuela rumbo a XXVII Cumbre Iberoamericana: Canciller Arreaza inst\u00f3 a pa\u00edses miembros a pronunciarse contra el bloqueo ilegal que ocasiona sufrimientos - MPPPST","isPartOf":{"@id":"https:\/\/www.mpppst.gob.ve\/mpppstweb\/#website"},"primaryImageOfPage":{"@id":"https:\/\/www.mpppst.gob.ve\/mpppstweb\/index.php\/2021\/04\/16\/venezuela-rumbo-a-xxvii-cumbre-iberoamericana-canciller-arreaza-insto-a-paises-miembros-a-pronunciarse-contra-el-bloqueo-ilegal-que-ocasiona-sufrimientos\/#primaryimage"},"image":{"@id":"https:\/\/www.mpppst.gob.ve\/mpppstweb\/index.php\/2021\/04\/16\/venezuela-rumbo-a-xxvii-cumbre-iberoamericana-canciller-arreaza-insto-a-paises-miembros-a-pronunciarse-contra-el-bloqueo-ilegal-que-ocasiona-sufrimientos\/#primaryimage"},"thumbnailUrl":"https:\/\/www.mpppst.gob.ve\/mpppstweb\/wp-content\/uploads\/2021\/04\/arreaza-cumbre-oibe.jpg","datePublished":"2021-04-16T14:27:47+00:00","dateModified":"2021-04-16T14:27:47+00:00","breadcrumb":{"@id":"https:\/\/www.mpppst.gob.ve\/mpppstweb\/index.php\/2021\/04\/16\/venezuela-rumbo-a-xxvii-cumbre-iberoamericana-canciller-arreaza-insto-a-paises-miembros-a-pronunciarse-contra-el-bloqueo-ilegal-que-ocasiona-sufrimientos\/#breadcrumb"},"inLanguage":"es","potentialAction":[{"@type":"ReadAction","target":["https:\/\/www.mpppst.gob.ve\/mpppstweb\/index.php\/2021\/04\/16\/venezuela-rumbo-a-xxvii-cumbre-iberoamericana-canciller-arreaza-insto-a-paises-miembros-a-pronunciarse-contra-el-bloqueo-ilegal-que-ocasiona-sufrimientos\/"]}]},{"@type":"ImageObject","inLanguage":"es","@id":"https:\/\/www.mpppst.gob.ve\/mpppstweb\/index.php\/2021\/04\/16\/venezuela-rumbo-a-xxvii-cumbre-iberoamericana-canciller-arreaza-insto-a-paises-miembros-a-pronunciarse-contra-el-bloqueo-ilegal-que-ocasiona-sufrimientos\/#primaryimage","url":"https:\/\/www.mpppst.gob.ve\/mpppstweb\/wp-content\/uploads\/2021\/04\/arreaza-cumbre-oibe.jpg","contentUrl":"https:\/\/www.mpppst.gob.ve\/mpppstweb\/wp-content\/uploads\/2021\/04\/arreaza-cumbre-oibe.jpg","width":800,"height":445},{"@type":"BreadcrumbList","@id":"https:\/\/www.mpppst.gob.ve\/mpppstweb\/index.php\/2021\/04\/16\/venezuela-rumbo-a-xxvii-cumbre-iberoamericana-canciller-arreaza-insto-a-paises-miembros-a-pronunciarse-contra-el-bloqueo-ilegal-que-ocasiona-sufrimientos\/#breadcrumb","itemListElement":[{"@type":"ListItem","position":1,"name":"Home","item":"https:\/\/www.mpppst.gob.ve\/mpppstweb\/"},{"@type":"ListItem","position":2,"name":"Venezuela rumbo a XXVII Cumbre Iberoamericana: Canciller Arreaza inst\u00f3 a pa\u00edses miembros a pronunciarse contra el bloqueo ilegal que ocasiona sufrimientos"}]},{"@type":"WebSite","@id":"https:\/\/www.mpppst.gob.ve\/mpppstweb\/#website","url":"https:\/\/www.mpppst.gob.ve\/mpppstweb\/","name":"MPPPST","description":"Ministerio del Poder Popular para el Proceso Social de Trabajo","publisher":{"@id":"https:\/\/www.mpppst.gob.ve\/mpppstweb\/#organization"},"potentialAction":[{"@type":"SearchAction","target":{"@type":"EntryPoint","urlTemplate":"https:\/\/www.mpppst.gob.ve\/mpppstweb\/?s={search_term_string}"},"query-input":"required name=search_term_string"}],"inLanguage":"es"},{"@type":"Organization","@id":"https:\/\/www.mpppst.gob.ve\/mpppstweb\/#organization","name":"mpppst","url":"https:\/\/www.mpppst.gob.ve\/mpppstweb\/","logo":{"@type":"ImageObject","inLanguage":"es","@id":"https:\/\/www.mpppst.gob.ve\/mpppstweb\/#\/schema\/logo\/image\/","url":"https:\/\/www.mpppst.gob.ve\/mpppstweb\/wp-content\/uploads\/2025\/07\/cropped-cropped-g910.png","contentUrl":"https:\/\/www.mpppst.gob.ve\/mpppstweb\/wp-content\/uploads\/2025\/07\/cropped-cropped-g910.png","width":1080,"height":241,"caption":"mpppst"},"image":{"@id":"https:\/\/www.mpppst.gob.ve\/mpppstweb\/#\/schema\/logo\/image\/"}},{"@type":"Person","@id":"https:\/\/www.mpppst.gob.ve\/mpppstweb\/#\/schema\/person\/fc187ee8ead412bd4c9304b62f900ea4","name":"MPPPST Prensa","url":"https:\/\/www.mpppst.gob.ve\/mpppstweb\/index.php\/author\/prensa-mpppst\/"}]}},"_links":{"self":[{"href":"https:\/\/www.mpppst.gob.ve\/mpppstweb\/index.php\/wp-json\/wp\/v2\/posts\/22122"}],"collection":[{"href":"https:\/\/www.mpppst.gob.ve\/mpppstweb\/index.php\/wp-json\/wp\/v2\/posts"}],"about":[{"href":"https:\/\/www.mpppst.gob.ve\/mpppstweb\/index.php\/wp-json\/wp\/v2\/types\/post"}],"author":[{"embeddable":true,"href":"https:\/\/www.mpppst.gob.ve\/mpppstweb\/index.php\/wp-json\/wp\/v2\/users\/25"}],"replies":[{"embeddable":true,"href":"https:\/\/www.mpppst.gob.ve\/mpppstweb\/index.php\/wp-json\/wp\/v2\/comments?post=22122"}],"version-history":[{"count":2,"href":"https:\/\/www.mpppst.gob.ve\/mpppstweb\/index.php\/wp-json\/wp\/v2\/posts\/22122\/revisions"}],"predecessor-version":[{"id":22125,"href":"https:\/\/www.mpppst.gob.ve\/mpppstweb\/index.php\/wp-json\/wp\/v2\/posts\/22122\/revisions\/22125"}],"wp:featuredmedia":[{"embeddable":true,"href":"https:\/\/www.mpppst.gob.ve\/mpppstweb\/index.php\/wp-json\/wp\/v2\/media\/22123"}],"wp:attachment":[{"href":"https:\/\/www.mpppst.gob.ve\/mpppstweb\/index.php\/wp-json\/wp\/v2\/media?parent=22122"}],"wp:term":[{"taxonomy":"category","embeddable":true,"href":"https:\/\/www.mpppst.gob.ve\/mpppstweb\/index.php\/wp-json\/wp\/v2\/categories?post=22122"},{"taxonomy":"post_tag","embeddable":true,"href":"https:\/\/www.mpppst.gob.ve\/mpppstweb\/index.php\/wp-json\/wp\/v2\/tags?post=22122"}],"curies":[{"name":"wp","href":"https:\/\/api.w.org\/{rel}","templated":true}]}}