{"id":22136,"date":"2021-04-20T09:01:27","date_gmt":"2021-04-20T13:01:27","guid":{"rendered":"http:\/\/www.mpppst.gob.ve\/mpppstweb\/?p=22136"},"modified":"2021-04-20T09:01:27","modified_gmt":"2021-04-20T13:01:27","slug":"venezuela-firma-alianzas-de-cooperacion-y-memorandum-de-entendimiento-con-programa-mundial-de-alimentos-de-la-onu","status":"publish","type":"post","link":"https:\/\/www.mpppst.gob.ve\/mpppstweb\/index.php\/2021\/04\/20\/venezuela-firma-alianzas-de-cooperacion-y-memorandum-de-entendimiento-con-programa-mundial-de-alimentos-de-la-onu\/","title":{"rendered":"Venezuela firma alianzas de cooperaci\u00f3n y memor\u00e1ndum de entendimiento con Programa Mundial de Alimentos de la ONU"},"content":{"rendered":"\n<p>Con el objetivo de fortalecer los planes de acci\u00f3n para la seguridad alimentaria de la poblaci\u00f3n venezolana, el Presidente Nicol\u00e1s Maduro suscribi\u00f3 este lunes una alianza de cooperaci\u00f3n y un Memor\u00e1ndum de Entendimiento sobre prestaci\u00f3n de asistencia con los m\u00e1ximos responsables del Programa Mundial de Alimentos (PMA), instancia que forma parte de la Organizaci\u00f3n de las Naciones Unidas (ONU).<\/p>\n\n\n\n<p><br>La firma del documento tuvo lugar en el sal\u00f3n Sol del Per\u00fa del Palacio de Miraflores, luego de una jornada de trabajo entre el presidente, Nicol\u00e1s Maduro y el director ejecutivo del Programa Mundial de Alimentos de la ONU, David Beasley, en el Sal\u00f3n Sol del Per\u00fa del Palacio de Miraflores.<\/p>\n\n\n\n<p>Trascendi\u00f3 que el Memor\u00e1ndum de Entendimiento \u201ctiene por objeto desarrollar los t\u00e9rminos en los que se implementar\u00e1 en el territorio venezolano, la operaci\u00f3n de asistencia, cuyo plan operativo est\u00e1 adjunto\u201d al instrumento sellado.<\/p>\n\n\n\n<p>En este marco, el primer acuerdo a desarrollarse entre Venezuela y el PMA estar\u00e1 centrado en la alimentaci\u00f3n de los ni\u00f1os y ni\u00f1as de Venezuela en su edad m\u00e1s temprana, la m\u00e1s importante para su desarrollo integral.<\/p>\n\n\n\n<p><br><strong>Trabajar juntos por el pueblo y los ni\u00f1os de Venezuela<\/strong><\/p>\n\n\n\n<p><br>Tras la firma de los acuerdos, el Director Ejecutivo del Programa Mundial de Alimentaci\u00f3n, David Beasley afirm\u00f3 que \u201cno debemos olvidar que tenemos que trabajar juntos por el pueblo y los ni\u00f1os de Venezuela\u201d.<\/p>\n\n\n\n<p><br>\u201cEn tiempos como estos es cuando las Naciones Unidas se unen como hermanos y amigos para ayudar a los m\u00e1s necesitados y as\u00ed responder a las necesidades de los ni\u00f1os y de todos en el planeta. Estamos de acuerdo en trabajar en conjunto y esperamos comenzar a trabajar, tenemos mucho trabajo por delante\u201d, recalc\u00f3.<\/p>\n\n\n\n<p><br>Por su parte el Presidente Nicol\u00e1s Maduro resalt\u00f3 la importancia de los acuerdos suscritos para asegurar la protecci\u00f3n del pueblo venezolano y su soberan\u00eda alimentaria.<\/p>\n\n\n\n<p><br>\u201cLlevar adelante Programas de Asistencia Alimentaria a ni\u00f1os de Educaci\u00f3n Inicial es el primer paso de un conjunto de proyectos que abarque a todo el pueblo de Venezuela. El pa\u00eds entero aplaude este paso que hemos dando firmando este primer acuerdo\u201d, enfatiz\u00f3.<\/p>\n\n\n\n<p><br>De igual manera, el mandatario nacional agradeci\u00f3 a la Asamblea Nacional y a los equipos de trabajo que han impulsado la firma de este acuerdo.<\/p>\n\n\n\n<p><br>\u201cEste es un gran paso, pido a mi equipo m\u00e1xima audacia con estos acuerdos, cuenta conmigo, David Beasley, para comunicarnos permanentemente y abrirle las puertas a nuevas iniciativas, el pueblo de Venezuela te da las gracias y la bienvenida\u201d, reiter\u00f3 Maduro.<\/p>\n\n\n\n<p><br>Durante su intervenci\u00f3n el Jefe del Estado record\u00f3 que Venezuela y el PMA ya ven\u00edan trabajando en la articulaci\u00f3n de estos esfuerzos \u201c y como lo dijera usted, el tiempo de Dios es perfecto y el tiempo de Dios nos llev\u00f3 a hoy 19 de abril de 2021. Hoy Venezuela cumple 211 a\u00f1os del grito de Libertad. El grito de rebeld\u00eda\u201d, dijo.<\/p>\n\n\n\n<p><br>Estas acciones se inscriben en el compromiso asumido por Venezuela en el cumplimiento de la Agenda 2030, sobre la base de los diversos objetivos que apuntan al desarrollo sostenible, y la protecci\u00f3n absoluta e integral que garantiza el Gobierno venezolano al pueblo.<\/p>\n\n\n\n<p><br>La Revoluci\u00f3n Bolivariana ha avanzado en el transcurso de dos d\u00e9cadas en la consolidaci\u00f3n de un robusto sistema de protecci\u00f3n y seguridad social a trav\u00e9s de las misiones y grandes misiones, un ejemplo de ello, es la cobertura a m\u00e1s 6 millones de familias en protecci\u00f3n alimentaria en todo el territorio nacional a trav\u00e9s de los Comit\u00e9s Locales de Abastecimiento y Producci\u00f3n (CLAP).<\/p>\n\n\n\n<p>Prensa Web RNV<\/p>\n","protected":false},"excerpt":{"rendered":"<p>Con el objetivo de fortalecer los planes de acci\u00f3n para la seguridad alimentaria de la poblaci\u00f3n &hellip; <a title=\"Venezuela firma alianzas de cooperaci\u00f3n y memor\u00e1ndum de entendimiento con Programa Mundial de Alimentos de la ONU\" class=\"hm-read-more\" href=\"https:\/\/www.mpppst.gob.ve\/mpppstweb\/index.php\/2021\/04\/20\/venezuela-firma-alianzas-de-cooperacion-y-memorandum-de-entendimiento-con-programa-mundial-de-alimentos-de-la-onu\/\"><span class=\"screen-reader-text\">Venezuela firma alianzas de cooperaci\u00f3n y memor\u00e1ndum de entendimiento con Programa Mundial de Alimentos de la ONU<\/span>Read more<\/a><\/p>\n","protected":false},"author":25,"featured_media":22137,"comment_status":"closed","ping_status":"closed","sticky":false,"template":"","format":"standard","meta":{"footnotes":""},"categories":[82,163],"tags":[],"yoast_head":"<!-- This site is optimized with the Yoast SEO plugin v22.5 - https:\/\/yoast.com\/wordpress\/plugins\/seo\/ -->\n<title>Venezuela firma alianzas de cooperaci\u00f3n y memor\u00e1ndum de entendimiento con Programa Mundial de Alimentos de la ONU - MPPPST<\/title>\n<meta name=\"robots\" content=\"index, follow, max-snippet:-1, max-image-preview:large, max-video-preview:-1\" \/>\n<link rel=\"canonical\" href=\"https:\/\/www.mpppst.gob.ve\/mpppstweb\/index.php\/2021\/04\/20\/venezuela-firma-alianzas-de-cooperacion-y-memorandum-de-entendimiento-con-programa-mundial-de-alimentos-de-la-onu\/\" \/>\n<meta property=\"og:locale\" content=\"es_ES\" \/>\n<meta property=\"og:type\" content=\"article\" \/>\n<meta property=\"og:title\" content=\"Venezuela firma alianzas de cooperaci\u00f3n y memor\u00e1ndum de entendimiento con Programa Mundial de Alimentos de la ONU - MPPPST\" \/>\n<meta property=\"og:description\" content=\"Con el objetivo de fortalecer los planes de acci\u00f3n para la seguridad alimentaria de la poblaci\u00f3n &hellip; Venezuela firma alianzas de cooperaci\u00f3n y memor\u00e1ndum de entendimiento con Programa Mundial de Alimentos de la ONURead more\" \/>\n<meta property=\"og:url\" content=\"https:\/\/www.mpppst.gob.ve\/mpppstweb\/index.php\/2021\/04\/20\/venezuela-firma-alianzas-de-cooperacion-y-memorandum-de-entendimiento-con-programa-mundial-de-alimentos-de-la-onu\/\" \/>\n<meta property=\"og:site_name\" content=\"MPPPST\" \/>\n<meta property=\"article:published_time\" content=\"2021-04-20T13:01:27+00:00\" \/>\n<meta property=\"og:image\" content=\"https:\/\/www.mpppst.gob.ve\/mpppstweb\/wp-content\/uploads\/2021\/04\/39ed9090-8546-4995-933e-eabfbc5d29be.jpg\" \/>\n\t<meta property=\"og:image:width\" content=\"1080\" \/>\n\t<meta property=\"og:image:height\" content=\"720\" \/>\n\t<meta property=\"og:image:type\" content=\"image\/jpeg\" \/>\n<meta name=\"author\" content=\"MPPPST Prensa\" \/>\n<meta name=\"twitter:card\" content=\"summary_large_image\" \/>\n<meta name=\"twitter:label1\" content=\"Escrito por\" \/>\n\t<meta name=\"twitter:data1\" content=\"MPPPST Prensa\" \/>\n\t<meta name=\"twitter:label2\" content=\"Tiempo de lectura\" \/>\n\t<meta name=\"twitter:data2\" content=\"3 minutos\" \/>\n<script type=\"application\/ld+json\" class=\"yoast-schema-graph\">{\"@context\":\"https:\/\/schema.org\",\"@graph\":[{\"@type\":\"Article\",\"@id\":\"https:\/\/www.mpppst.gob.ve\/mpppstweb\/index.php\/2021\/04\/20\/venezuela-firma-alianzas-de-cooperacion-y-memorandum-de-entendimiento-con-programa-mundial-de-alimentos-de-la-onu\/#article\",\"isPartOf\":{\"@id\":\"https:\/\/www.mpppst.gob.ve\/mpppstweb\/index.php\/2021\/04\/20\/venezuela-firma-alianzas-de-cooperacion-y-memorandum-de-entendimiento-con-programa-mundial-de-alimentos-de-la-onu\/\"},\"author\":{\"name\":\"MPPPST Prensa\",\"@id\":\"https:\/\/www.mpppst.gob.ve\/mpppstweb\/#\/schema\/person\/fc187ee8ead412bd4c9304b62f900ea4\"},\"headline\":\"Venezuela firma alianzas de cooperaci\u00f3n y memor\u00e1ndum de entendimiento con Programa Mundial de Alimentos de la ONU\",\"datePublished\":\"2021-04-20T13:01:27+00:00\",\"dateModified\":\"2021-04-20T13:01:27+00:00\",\"mainEntityOfPage\":{\"@id\":\"https:\/\/www.mpppst.gob.ve\/mpppstweb\/index.php\/2021\/04\/20\/venezuela-firma-alianzas-de-cooperacion-y-memorandum-de-entendimiento-con-programa-mundial-de-alimentos-de-la-onu\/\"},\"wordCount\":641,\"publisher\":{\"@id\":\"https:\/\/www.mpppst.gob.ve\/mpppstweb\/#organization\"},\"image\":{\"@id\":\"https:\/\/www.mpppst.gob.ve\/mpppstweb\/index.php\/2021\/04\/20\/venezuela-firma-alianzas-de-cooperacion-y-memorandum-de-entendimiento-con-programa-mundial-de-alimentos-de-la-onu\/#primaryimage\"},\"thumbnailUrl\":\"https:\/\/www.mpppst.gob.ve\/mpppstweb\/wp-content\/uploads\/2021\/04\/39ed9090-8546-4995-933e-eabfbc5d29be.jpg\",\"articleSection\":[\"Gobierno Nacional\",\"Noticias\"],\"inLanguage\":\"es\"},{\"@type\":\"WebPage\",\"@id\":\"https:\/\/www.mpppst.gob.ve\/mpppstweb\/index.php\/2021\/04\/20\/venezuela-firma-alianzas-de-cooperacion-y-memorandum-de-entendimiento-con-programa-mundial-de-alimentos-de-la-onu\/\",\"url\":\"https:\/\/www.mpppst.gob.ve\/mpppstweb\/index.php\/2021\/04\/20\/venezuela-firma-alianzas-de-cooperacion-y-memorandum-de-entendimiento-con-programa-mundial-de-alimentos-de-la-onu\/\",\"name\":\"Venezuela firma alianzas de cooperaci\u00f3n y memor\u00e1ndum de entendimiento con Programa Mundial de Alimentos de la ONU - MPPPST\",\"isPartOf\":{\"@id\":\"https:\/\/www.mpppst.gob.ve\/mpppstweb\/#website\"},\"primaryImageOfPage\":{\"@id\":\"https:\/\/www.mpppst.gob.ve\/mpppstweb\/index.php\/2021\/04\/20\/venezuela-firma-alianzas-de-cooperacion-y-memorandum-de-entendimiento-con-programa-mundial-de-alimentos-de-la-onu\/#primaryimage\"},\"image\":{\"@id\":\"https:\/\/www.mpppst.gob.ve\/mpppstweb\/index.php\/2021\/04\/20\/venezuela-firma-alianzas-de-cooperacion-y-memorandum-de-entendimiento-con-programa-mundial-de-alimentos-de-la-onu\/#primaryimage\"},\"thumbnailUrl\":\"https:\/\/www.mpppst.gob.ve\/mpppstweb\/wp-content\/uploads\/2021\/04\/39ed9090-8546-4995-933e-eabfbc5d29be.jpg\",\"datePublished\":\"2021-04-20T13:01:27+00:00\",\"dateModified\":\"2021-04-20T13:01:27+00:00\",\"breadcrumb\":{\"@id\":\"https:\/\/www.mpppst.gob.ve\/mpppstweb\/index.php\/2021\/04\/20\/venezuela-firma-alianzas-de-cooperacion-y-memorandum-de-entendimiento-con-programa-mundial-de-alimentos-de-la-onu\/#breadcrumb\"},\"inLanguage\":\"es\",\"potentialAction\":[{\"@type\":\"ReadAction\",\"target\":[\"https:\/\/www.mpppst.gob.ve\/mpppstweb\/index.php\/2021\/04\/20\/venezuela-firma-alianzas-de-cooperacion-y-memorandum-de-entendimiento-con-programa-mundial-de-alimentos-de-la-onu\/\"]}]},{\"@type\":\"ImageObject\",\"inLanguage\":\"es\",\"@id\":\"https:\/\/www.mpppst.gob.ve\/mpppstweb\/index.php\/2021\/04\/20\/venezuela-firma-alianzas-de-cooperacion-y-memorandum-de-entendimiento-con-programa-mundial-de-alimentos-de-la-onu\/#primaryimage\",\"url\":\"https:\/\/www.mpppst.gob.ve\/mpppstweb\/wp-content\/uploads\/2021\/04\/39ed9090-8546-4995-933e-eabfbc5d29be.jpg\",\"contentUrl\":\"https:\/\/www.mpppst.gob.ve\/mpppstweb\/wp-content\/uploads\/2021\/04\/39ed9090-8546-4995-933e-eabfbc5d29be.jpg\",\"width\":1080,\"height\":720},{\"@type\":\"BreadcrumbList\",\"@id\":\"https:\/\/www.mpppst.gob.ve\/mpppstweb\/index.php\/2021\/04\/20\/venezuela-firma-alianzas-de-cooperacion-y-memorandum-de-entendimiento-con-programa-mundial-de-alimentos-de-la-onu\/#breadcrumb\",\"itemListElement\":[{\"@type\":\"ListItem\",\"position\":1,\"name\":\"Home\",\"item\":\"https:\/\/www.mpppst.gob.ve\/mpppstweb\/\"},{\"@type\":\"ListItem\",\"position\":2,\"name\":\"Venezuela firma alianzas de cooperaci\u00f3n y memor\u00e1ndum de entendimiento con Programa Mundial de Alimentos de la ONU\"}]},{\"@type\":\"WebSite\",\"@id\":\"https:\/\/www.mpppst.gob.ve\/mpppstweb\/#website\",\"url\":\"https:\/\/www.mpppst.gob.ve\/mpppstweb\/\",\"name\":\"MPPPST\",\"description\":\"Ministerio del Poder Popular para el Proceso Social de Trabajo\",\"publisher\":{\"@id\":\"https:\/\/www.mpppst.gob.ve\/mpppstweb\/#organization\"},\"potentialAction\":[{\"@type\":\"SearchAction\",\"target\":{\"@type\":\"EntryPoint\",\"urlTemplate\":\"https:\/\/www.mpppst.gob.ve\/mpppstweb\/?s={search_term_string}\"},\"query-input\":\"required name=search_term_string\"}],\"inLanguage\":\"es\"},{\"@type\":\"Organization\",\"@id\":\"https:\/\/www.mpppst.gob.ve\/mpppstweb\/#organization\",\"name\":\"mpppst\",\"url\":\"https:\/\/www.mpppst.gob.ve\/mpppstweb\/\",\"logo\":{\"@type\":\"ImageObject\",\"inLanguage\":\"es\",\"@id\":\"https:\/\/www.mpppst.gob.ve\/mpppstweb\/#\/schema\/logo\/image\/\",\"url\":\"https:\/\/www.mpppst.gob.ve\/mpppstweb\/wp-content\/uploads\/2025\/07\/cropped-cropped-g910.png\",\"contentUrl\":\"https:\/\/www.mpppst.gob.ve\/mpppstweb\/wp-content\/uploads\/2025\/07\/cropped-cropped-g910.png\",\"width\":1080,\"height\":241,\"caption\":\"mpppst\"},\"image\":{\"@id\":\"https:\/\/www.mpppst.gob.ve\/mpppstweb\/#\/schema\/logo\/image\/\"}},{\"@type\":\"Person\",\"@id\":\"https:\/\/www.mpppst.gob.ve\/mpppstweb\/#\/schema\/person\/fc187ee8ead412bd4c9304b62f900ea4\",\"name\":\"MPPPST Prensa\",\"url\":\"https:\/\/www.mpppst.gob.ve\/mpppstweb\/index.php\/author\/prensa-mpppst\/\"}]}<\/script>\n<!-- \/ Yoast SEO plugin. -->","yoast_head_json":{"title":"Venezuela firma alianzas de cooperaci\u00f3n y memor\u00e1ndum de entendimiento con Programa Mundial de Alimentos de la ONU - MPPPST","robots":{"index":"index","follow":"follow","max-snippet":"max-snippet:-1","max-image-preview":"max-image-preview:large","max-video-preview":"max-video-preview:-1"},"canonical":"https:\/\/www.mpppst.gob.ve\/mpppstweb\/index.php\/2021\/04\/20\/venezuela-firma-alianzas-de-cooperacion-y-memorandum-de-entendimiento-con-programa-mundial-de-alimentos-de-la-onu\/","og_locale":"es_ES","og_type":"article","og_title":"Venezuela firma alianzas de cooperaci\u00f3n y memor\u00e1ndum de entendimiento con Programa Mundial de Alimentos de la ONU - MPPPST","og_description":"Con el objetivo de fortalecer los planes de acci\u00f3n para la seguridad alimentaria de la poblaci\u00f3n &hellip; Venezuela firma alianzas de cooperaci\u00f3n y memor\u00e1ndum de entendimiento con Programa Mundial de Alimentos de la ONURead more","og_url":"https:\/\/www.mpppst.gob.ve\/mpppstweb\/index.php\/2021\/04\/20\/venezuela-firma-alianzas-de-cooperacion-y-memorandum-de-entendimiento-con-programa-mundial-de-alimentos-de-la-onu\/","og_site_name":"MPPPST","article_published_time":"2021-04-20T13:01:27+00:00","og_image":[{"width":1080,"height":720,"url":"https:\/\/www.mpppst.gob.ve\/mpppstweb\/wp-content\/uploads\/2021\/04\/39ed9090-8546-4995-933e-eabfbc5d29be.jpg","type":"image\/jpeg"}],"author":"MPPPST Prensa","twitter_card":"summary_large_image","twitter_misc":{"Escrito por":"MPPPST Prensa","Tiempo de lectura":"3 minutos"},"schema":{"@context":"https:\/\/schema.org","@graph":[{"@type":"Article","@id":"https:\/\/www.mpppst.gob.ve\/mpppstweb\/index.php\/2021\/04\/20\/venezuela-firma-alianzas-de-cooperacion-y-memorandum-de-entendimiento-con-programa-mundial-de-alimentos-de-la-onu\/#article","isPartOf":{"@id":"https:\/\/www.mpppst.gob.ve\/mpppstweb\/index.php\/2021\/04\/20\/venezuela-firma-alianzas-de-cooperacion-y-memorandum-de-entendimiento-con-programa-mundial-de-alimentos-de-la-onu\/"},"author":{"name":"MPPPST Prensa","@id":"https:\/\/www.mpppst.gob.ve\/mpppstweb\/#\/schema\/person\/fc187ee8ead412bd4c9304b62f900ea4"},"headline":"Venezuela firma alianzas de cooperaci\u00f3n y memor\u00e1ndum de entendimiento con Programa Mundial de Alimentos de la ONU","datePublished":"2021-04-20T13:01:27+00:00","dateModified":"2021-04-20T13:01:27+00:00","mainEntityOfPage":{"@id":"https:\/\/www.mpppst.gob.ve\/mpppstweb\/index.php\/2021\/04\/20\/venezuela-firma-alianzas-de-cooperacion-y-memorandum-de-entendimiento-con-programa-mundial-de-alimentos-de-la-onu\/"},"wordCount":641,"publisher":{"@id":"https:\/\/www.mpppst.gob.ve\/mpppstweb\/#organization"},"image":{"@id":"https:\/\/www.mpppst.gob.ve\/mpppstweb\/index.php\/2021\/04\/20\/venezuela-firma-alianzas-de-cooperacion-y-memorandum-de-entendimiento-con-programa-mundial-de-alimentos-de-la-onu\/#primaryimage"},"thumbnailUrl":"https:\/\/www.mpppst.gob.ve\/mpppstweb\/wp-content\/uploads\/2021\/04\/39ed9090-8546-4995-933e-eabfbc5d29be.jpg","articleSection":["Gobierno Nacional","Noticias"],"inLanguage":"es"},{"@type":"WebPage","@id":"https:\/\/www.mpppst.gob.ve\/mpppstweb\/index.php\/2021\/04\/20\/venezuela-firma-alianzas-de-cooperacion-y-memorandum-de-entendimiento-con-programa-mundial-de-alimentos-de-la-onu\/","url":"https:\/\/www.mpppst.gob.ve\/mpppstweb\/index.php\/2021\/04\/20\/venezuela-firma-alianzas-de-cooperacion-y-memorandum-de-entendimiento-con-programa-mundial-de-alimentos-de-la-onu\/","name":"Venezuela firma alianzas de cooperaci\u00f3n y memor\u00e1ndum de entendimiento con Programa Mundial de Alimentos de la ONU - MPPPST","isPartOf":{"@id":"https:\/\/www.mpppst.gob.ve\/mpppstweb\/#website"},"primaryImageOfPage":{"@id":"https:\/\/www.mpppst.gob.ve\/mpppstweb\/index.php\/2021\/04\/20\/venezuela-firma-alianzas-de-cooperacion-y-memorandum-de-entendimiento-con-programa-mundial-de-alimentos-de-la-onu\/#primaryimage"},"image":{"@id":"https:\/\/www.mpppst.gob.ve\/mpppstweb\/index.php\/2021\/04\/20\/venezuela-firma-alianzas-de-cooperacion-y-memorandum-de-entendimiento-con-programa-mundial-de-alimentos-de-la-onu\/#primaryimage"},"thumbnailUrl":"https:\/\/www.mpppst.gob.ve\/mpppstweb\/wp-content\/uploads\/2021\/04\/39ed9090-8546-4995-933e-eabfbc5d29be.jpg","datePublished":"2021-04-20T13:01:27+00:00","dateModified":"2021-04-20T13:01:27+00:00","breadcrumb":{"@id":"https:\/\/www.mpppst.gob.ve\/mpppstweb\/index.php\/2021\/04\/20\/venezuela-firma-alianzas-de-cooperacion-y-memorandum-de-entendimiento-con-programa-mundial-de-alimentos-de-la-onu\/#breadcrumb"},"inLanguage":"es","potentialAction":[{"@type":"ReadAction","target":["https:\/\/www.mpppst.gob.ve\/mpppstweb\/index.php\/2021\/04\/20\/venezuela-firma-alianzas-de-cooperacion-y-memorandum-de-entendimiento-con-programa-mundial-de-alimentos-de-la-onu\/"]}]},{"@type":"ImageObject","inLanguage":"es","@id":"https:\/\/www.mpppst.gob.ve\/mpppstweb\/index.php\/2021\/04\/20\/venezuela-firma-alianzas-de-cooperacion-y-memorandum-de-entendimiento-con-programa-mundial-de-alimentos-de-la-onu\/#primaryimage","url":"https:\/\/www.mpppst.gob.ve\/mpppstweb\/wp-content\/uploads\/2021\/04\/39ed9090-8546-4995-933e-eabfbc5d29be.jpg","contentUrl":"https:\/\/www.mpppst.gob.ve\/mpppstweb\/wp-content\/uploads\/2021\/04\/39ed9090-8546-4995-933e-eabfbc5d29be.jpg","width":1080,"height":720},{"@type":"BreadcrumbList","@id":"https:\/\/www.mpppst.gob.ve\/mpppstweb\/index.php\/2021\/04\/20\/venezuela-firma-alianzas-de-cooperacion-y-memorandum-de-entendimiento-con-programa-mundial-de-alimentos-de-la-onu\/#breadcrumb","itemListElement":[{"@type":"ListItem","position":1,"name":"Home","item":"https:\/\/www.mpppst.gob.ve\/mpppstweb\/"},{"@type":"ListItem","position":2,"name":"Venezuela firma alianzas de cooperaci\u00f3n y memor\u00e1ndum de entendimiento con Programa Mundial de Alimentos de la ONU"}]},{"@type":"WebSite","@id":"https:\/\/www.mpppst.gob.ve\/mpppstweb\/#website","url":"https:\/\/www.mpppst.gob.ve\/mpppstweb\/","name":"MPPPST","description":"Ministerio del Poder Popular para el Proceso Social de Trabajo","publisher":{"@id":"https:\/\/www.mpppst.gob.ve\/mpppstweb\/#organization"},"potentialAction":[{"@type":"SearchAction","target":{"@type":"EntryPoint","urlTemplate":"https:\/\/www.mpppst.gob.ve\/mpppstweb\/?s={search_term_string}"},"query-input":"required name=search_term_string"}],"inLanguage":"es"},{"@type":"Organization","@id":"https:\/\/www.mpppst.gob.ve\/mpppstweb\/#organization","name":"mpppst","url":"https:\/\/www.mpppst.gob.ve\/mpppstweb\/","logo":{"@type":"ImageObject","inLanguage":"es","@id":"https:\/\/www.mpppst.gob.ve\/mpppstweb\/#\/schema\/logo\/image\/","url":"https:\/\/www.mpppst.gob.ve\/mpppstweb\/wp-content\/uploads\/2025\/07\/cropped-cropped-g910.png","contentUrl":"https:\/\/www.mpppst.gob.ve\/mpppstweb\/wp-content\/uploads\/2025\/07\/cropped-cropped-g910.png","width":1080,"height":241,"caption":"mpppst"},"image":{"@id":"https:\/\/www.mpppst.gob.ve\/mpppstweb\/#\/schema\/logo\/image\/"}},{"@type":"Person","@id":"https:\/\/www.mpppst.gob.ve\/mpppstweb\/#\/schema\/person\/fc187ee8ead412bd4c9304b62f900ea4","name":"MPPPST Prensa","url":"https:\/\/www.mpppst.gob.ve\/mpppstweb\/index.php\/author\/prensa-mpppst\/"}]}},"_links":{"self":[{"href":"https:\/\/www.mpppst.gob.ve\/mpppstweb\/index.php\/wp-json\/wp\/v2\/posts\/22136"}],"collection":[{"href":"https:\/\/www.mpppst.gob.ve\/mpppstweb\/index.php\/wp-json\/wp\/v2\/posts"}],"about":[{"href":"https:\/\/www.mpppst.gob.ve\/mpppstweb\/index.php\/wp-json\/wp\/v2\/types\/post"}],"author":[{"embeddable":true,"href":"https:\/\/www.mpppst.gob.ve\/mpppstweb\/index.php\/wp-json\/wp\/v2\/users\/25"}],"replies":[{"embeddable":true,"href":"https:\/\/www.mpppst.gob.ve\/mpppstweb\/index.php\/wp-json\/wp\/v2\/comments?post=22136"}],"version-history":[{"count":1,"href":"https:\/\/www.mpppst.gob.ve\/mpppstweb\/index.php\/wp-json\/wp\/v2\/posts\/22136\/revisions"}],"predecessor-version":[{"id":22138,"href":"https:\/\/www.mpppst.gob.ve\/mpppstweb\/index.php\/wp-json\/wp\/v2\/posts\/22136\/revisions\/22138"}],"wp:featuredmedia":[{"embeddable":true,"href":"https:\/\/www.mpppst.gob.ve\/mpppstweb\/index.php\/wp-json\/wp\/v2\/media\/22137"}],"wp:attachment":[{"href":"https:\/\/www.mpppst.gob.ve\/mpppstweb\/index.php\/wp-json\/wp\/v2\/media?parent=22136"}],"wp:term":[{"taxonomy":"category","embeddable":true,"href":"https:\/\/www.mpppst.gob.ve\/mpppstweb\/index.php\/wp-json\/wp\/v2\/categories?post=22136"},{"taxonomy":"post_tag","embeddable":true,"href":"https:\/\/www.mpppst.gob.ve\/mpppstweb\/index.php\/wp-json\/wp\/v2\/tags?post=22136"}],"curies":[{"name":"wp","href":"https:\/\/api.w.org\/{rel}","templated":true}]}}