{"id":22144,"date":"2021-04-21T08:55:48","date_gmt":"2021-04-21T12:55:48","guid":{"rendered":"http:\/\/www.mpppst.gob.ve\/mpppstweb\/?p=22144"},"modified":"2021-04-21T08:55:48","modified_gmt":"2021-04-21T12:55:48","slug":"sistema-de-transporte-ferroviario-nacional-movilizara-727-toneladas-de-carga-para-la-exportacion-desde-el-terminal-intermodal-de-puerto-seco-de-barquisimeto-hacia-puerto-cabello","status":"publish","type":"post","link":"https:\/\/www.mpppst.gob.ve\/mpppstweb\/index.php\/2021\/04\/21\/sistema-de-transporte-ferroviario-nacional-movilizara-727-toneladas-de-carga-para-la-exportacion-desde-el-terminal-intermodal-de-puerto-seco-de-barquisimeto-hacia-puerto-cabello\/","title":{"rendered":"Sistema de Transporte Ferroviario Nacional movilizar\u00e1 727 toneladas de carga para la exportaci\u00f3n desde el terminal intermodal de Puerto Seco de Barquisimeto hacia Puerto Cabello"},"content":{"rendered":"\n<p>Como parte de los logros alcanzados por la Gran Misi\u00f3n Transporte Venezuela, desde la madrugada de este martes, el Instituto de Ferrocarriles del Estado (IFE), prepara la movilizaci\u00f3n de 727 toneladas de carga que ser\u00e1n movilizadas para su exportaci\u00f3n, desde el terminal intermodal de Puerto Seco en Barquisimeto, estado Lara, hacia Puerto Cabello en el estado Carabobo.<\/p>\n\n\n\n<p>As\u00ed lo dio a conocer el ministro del Poder Popular para el Transporte, <strong>Hip\u00f3lito Abreu<\/strong>, a trav\u00e9s de su cuenta en la red social Twitter.<\/p>\n\n\n\n<p>El titular de la cartera de Transporte asegur\u00f3 que simult\u00e1neamente la clase trabajadora Sistema de Transporte Ferroviario Nacional mantiene impecable la v\u00eda f\u00e9rrea en los Valles del Tuy, estado Miranda, como parte de los esfuerzos y la resistencia para vencer el criminal bloqueo imperial.&nbsp;<\/p>\n\n\n\n<p>Estos terminales intermodales permiten la carga y descarga de mercanc\u00eda mediante v\u00eda f\u00e9rrea y terrestre y consolidan la efectividad del despacho de contenedores, para su traslado al puerto mar\u00edtimo, con el prop\u00f3sito de que lleguen a diferentes naciones del mundo.<\/p>\n\n\n\n<figure><iframe allowfullscreen=\"true\" class=\"\" src=\"https:\/\/platform.twitter.com\/embed\/Tweet.html?creatorScreenName=VTVcanal8&amp;dnt=false&amp;embedId=twitter-widget-0&amp;features=eyJ0ZndfZXhwZXJpbWVudHNfY29va2llX2V4cGlyYXRpb24iOnsiYnVja2V0IjoxMjA5NjAwLCJ2ZXJzaW9uIjpudWxsfSwidGZ3X2hvcml6b25fdHdlZXRfZW1iZWRfOTU1NSI6eyJidWNrZXQiOiJodGUiLCJ2ZXJzaW9uIjpudWxsfX0%3D&amp;frame=false&amp;hideCard=false&amp;hideThread=false&amp;id=1384477380325031942&amp;lang=es&amp;origin=https%3A%2F%2Fwww.vtv.gob.ve%2Fsistema-transporte-ferroviario-movilizara-727-toneladas-carga-exportacion-puerto-cabello%2F&amp;sessionId=fa26c151142b4613a4a466c2de248da390e30a35&amp;siteScreenName=VTVcanal8&amp;theme=light&amp;widgetsVersion=ff2e7cf%3A1618526400629&amp;width=550px\"><\/iframe><\/figure>\n","protected":false},"excerpt":{"rendered":"<p>Como parte de los logros alcanzados por la Gran Misi\u00f3n Transporte Venezuela, desde la madrugada de &hellip; <a title=\"Sistema de Transporte Ferroviario Nacional movilizar\u00e1 727 toneladas de carga para la exportaci\u00f3n desde el terminal intermodal de Puerto Seco de Barquisimeto hacia Puerto Cabello\" class=\"hm-read-more\" href=\"https:\/\/www.mpppst.gob.ve\/mpppstweb\/index.php\/2021\/04\/21\/sistema-de-transporte-ferroviario-nacional-movilizara-727-toneladas-de-carga-para-la-exportacion-desde-el-terminal-intermodal-de-puerto-seco-de-barquisimeto-hacia-puerto-cabello\/\"><span class=\"screen-reader-text\">Sistema de Transporte Ferroviario Nacional movilizar\u00e1 727 toneladas de carga para la exportaci\u00f3n desde el terminal intermodal de Puerto Seco de Barquisimeto hacia Puerto Cabello<\/span>Read more<\/a><\/p>\n","protected":false},"author":25,"featured_media":22146,"comment_status":"closed","ping_status":"closed","sticky":false,"template":"","format":"standard","meta":{"footnotes":""},"categories":[82],"tags":[],"yoast_head":"<!-- This site is optimized with the Yoast SEO plugin v22.5 - https:\/\/yoast.com\/wordpress\/plugins\/seo\/ -->\n<title>Sistema de Transporte Ferroviario Nacional movilizar\u00e1 727 toneladas de carga para la exportaci\u00f3n desde el terminal intermodal de Puerto Seco de Barquisimeto hacia Puerto Cabello - MPPPST<\/title>\n<meta name=\"robots\" content=\"index, follow, max-snippet:-1, max-image-preview:large, max-video-preview:-1\" \/>\n<link rel=\"canonical\" href=\"https:\/\/www.mpppst.gob.ve\/mpppstweb\/index.php\/2021\/04\/21\/sistema-de-transporte-ferroviario-nacional-movilizara-727-toneladas-de-carga-para-la-exportacion-desde-el-terminal-intermodal-de-puerto-seco-de-barquisimeto-hacia-puerto-cabello\/\" \/>\n<meta property=\"og:locale\" content=\"es_ES\" \/>\n<meta property=\"og:type\" content=\"article\" \/>\n<meta property=\"og:title\" content=\"Sistema de Transporte Ferroviario Nacional movilizar\u00e1 727 toneladas de carga para la exportaci\u00f3n desde el terminal intermodal de Puerto Seco de Barquisimeto hacia Puerto Cabello - MPPPST\" \/>\n<meta property=\"og:description\" content=\"Como parte de los logros alcanzados por la Gran Misi\u00f3n Transporte Venezuela, desde la madrugada de &hellip; Sistema de Transporte Ferroviario Nacional movilizar\u00e1 727 toneladas de carga para la exportaci\u00f3n desde el terminal intermodal de Puerto Seco de Barquisimeto hacia Puerto CabelloRead more\" \/>\n<meta property=\"og:url\" content=\"https:\/\/www.mpppst.gob.ve\/mpppstweb\/index.php\/2021\/04\/21\/sistema-de-transporte-ferroviario-nacional-movilizara-727-toneladas-de-carga-para-la-exportacion-desde-el-terminal-intermodal-de-puerto-seco-de-barquisimeto-hacia-puerto-cabello\/\" \/>\n<meta property=\"og:site_name\" content=\"MPPPST\" \/>\n<meta property=\"article:published_time\" content=\"2021-04-21T12:55:48+00:00\" \/>\n<meta property=\"og:image\" content=\"https:\/\/www.mpppst.gob.ve\/mpppstweb\/wp-content\/uploads\/2021\/04\/Captura-de-pantalla-2021-04-20-a-las-9.07.41-a.-m..png\" \/>\n\t<meta property=\"og:image:width\" content=\"800\" \/>\n\t<meta property=\"og:image:height\" content=\"445\" \/>\n\t<meta property=\"og:image:type\" content=\"image\/png\" \/>\n<meta name=\"author\" content=\"MPPPST Prensa\" \/>\n<meta name=\"twitter:card\" content=\"summary_large_image\" \/>\n<meta name=\"twitter:label1\" content=\"Escrito por\" \/>\n\t<meta name=\"twitter:data1\" content=\"MPPPST Prensa\" \/>\n\t<meta name=\"twitter:label2\" content=\"Tiempo de lectura\" \/>\n\t<meta name=\"twitter:data2\" content=\"1 minuto\" \/>\n<script type=\"application\/ld+json\" class=\"yoast-schema-graph\">{\"@context\":\"https:\/\/schema.org\",\"@graph\":[{\"@type\":\"Article\",\"@id\":\"https:\/\/www.mpppst.gob.ve\/mpppstweb\/index.php\/2021\/04\/21\/sistema-de-transporte-ferroviario-nacional-movilizara-727-toneladas-de-carga-para-la-exportacion-desde-el-terminal-intermodal-de-puerto-seco-de-barquisimeto-hacia-puerto-cabello\/#article\",\"isPartOf\":{\"@id\":\"https:\/\/www.mpppst.gob.ve\/mpppstweb\/index.php\/2021\/04\/21\/sistema-de-transporte-ferroviario-nacional-movilizara-727-toneladas-de-carga-para-la-exportacion-desde-el-terminal-intermodal-de-puerto-seco-de-barquisimeto-hacia-puerto-cabello\/\"},\"author\":{\"name\":\"MPPPST Prensa\",\"@id\":\"https:\/\/www.mpppst.gob.ve\/mpppstweb\/#\/schema\/person\/fc187ee8ead412bd4c9304b62f900ea4\"},\"headline\":\"Sistema de Transporte Ferroviario Nacional movilizar\u00e1 727 toneladas de carga para la exportaci\u00f3n desde el terminal intermodal de Puerto Seco de Barquisimeto hacia Puerto Cabello\",\"datePublished\":\"2021-04-21T12:55:48+00:00\",\"dateModified\":\"2021-04-21T12:55:48+00:00\",\"mainEntityOfPage\":{\"@id\":\"https:\/\/www.mpppst.gob.ve\/mpppstweb\/index.php\/2021\/04\/21\/sistema-de-transporte-ferroviario-nacional-movilizara-727-toneladas-de-carga-para-la-exportacion-desde-el-terminal-intermodal-de-puerto-seco-de-barquisimeto-hacia-puerto-cabello\/\"},\"wordCount\":205,\"publisher\":{\"@id\":\"https:\/\/www.mpppst.gob.ve\/mpppstweb\/#organization\"},\"image\":{\"@id\":\"https:\/\/www.mpppst.gob.ve\/mpppstweb\/index.php\/2021\/04\/21\/sistema-de-transporte-ferroviario-nacional-movilizara-727-toneladas-de-carga-para-la-exportacion-desde-el-terminal-intermodal-de-puerto-seco-de-barquisimeto-hacia-puerto-cabello\/#primaryimage\"},\"thumbnailUrl\":\"https:\/\/www.mpppst.gob.ve\/mpppstweb\/wp-content\/uploads\/2021\/04\/Captura-de-pantalla-2021-04-20-a-las-9.07.41-a.-m..png\",\"articleSection\":[\"Gobierno Nacional\"],\"inLanguage\":\"es\"},{\"@type\":\"WebPage\",\"@id\":\"https:\/\/www.mpppst.gob.ve\/mpppstweb\/index.php\/2021\/04\/21\/sistema-de-transporte-ferroviario-nacional-movilizara-727-toneladas-de-carga-para-la-exportacion-desde-el-terminal-intermodal-de-puerto-seco-de-barquisimeto-hacia-puerto-cabello\/\",\"url\":\"https:\/\/www.mpppst.gob.ve\/mpppstweb\/index.php\/2021\/04\/21\/sistema-de-transporte-ferroviario-nacional-movilizara-727-toneladas-de-carga-para-la-exportacion-desde-el-terminal-intermodal-de-puerto-seco-de-barquisimeto-hacia-puerto-cabello\/\",\"name\":\"Sistema de Transporte Ferroviario Nacional movilizar\u00e1 727 toneladas de carga para la exportaci\u00f3n desde el terminal intermodal de Puerto Seco de Barquisimeto hacia Puerto Cabello - MPPPST\",\"isPartOf\":{\"@id\":\"https:\/\/www.mpppst.gob.ve\/mpppstweb\/#website\"},\"primaryImageOfPage\":{\"@id\":\"https:\/\/www.mpppst.gob.ve\/mpppstweb\/index.php\/2021\/04\/21\/sistema-de-transporte-ferroviario-nacional-movilizara-727-toneladas-de-carga-para-la-exportacion-desde-el-terminal-intermodal-de-puerto-seco-de-barquisimeto-hacia-puerto-cabello\/#primaryimage\"},\"image\":{\"@id\":\"https:\/\/www.mpppst.gob.ve\/mpppstweb\/index.php\/2021\/04\/21\/sistema-de-transporte-ferroviario-nacional-movilizara-727-toneladas-de-carga-para-la-exportacion-desde-el-terminal-intermodal-de-puerto-seco-de-barquisimeto-hacia-puerto-cabello\/#primaryimage\"},\"thumbnailUrl\":\"https:\/\/www.mpppst.gob.ve\/mpppstweb\/wp-content\/uploads\/2021\/04\/Captura-de-pantalla-2021-04-20-a-las-9.07.41-a.-m..png\",\"datePublished\":\"2021-04-21T12:55:48+00:00\",\"dateModified\":\"2021-04-21T12:55:48+00:00\",\"breadcrumb\":{\"@id\":\"https:\/\/www.mpppst.gob.ve\/mpppstweb\/index.php\/2021\/04\/21\/sistema-de-transporte-ferroviario-nacional-movilizara-727-toneladas-de-carga-para-la-exportacion-desde-el-terminal-intermodal-de-puerto-seco-de-barquisimeto-hacia-puerto-cabello\/#breadcrumb\"},\"inLanguage\":\"es\",\"potentialAction\":[{\"@type\":\"ReadAction\",\"target\":[\"https:\/\/www.mpppst.gob.ve\/mpppstweb\/index.php\/2021\/04\/21\/sistema-de-transporte-ferroviario-nacional-movilizara-727-toneladas-de-carga-para-la-exportacion-desde-el-terminal-intermodal-de-puerto-seco-de-barquisimeto-hacia-puerto-cabello\/\"]}]},{\"@type\":\"ImageObject\",\"inLanguage\":\"es\",\"@id\":\"https:\/\/www.mpppst.gob.ve\/mpppstweb\/index.php\/2021\/04\/21\/sistema-de-transporte-ferroviario-nacional-movilizara-727-toneladas-de-carga-para-la-exportacion-desde-el-terminal-intermodal-de-puerto-seco-de-barquisimeto-hacia-puerto-cabello\/#primaryimage\",\"url\":\"https:\/\/www.mpppst.gob.ve\/mpppstweb\/wp-content\/uploads\/2021\/04\/Captura-de-pantalla-2021-04-20-a-las-9.07.41-a.-m..png\",\"contentUrl\":\"https:\/\/www.mpppst.gob.ve\/mpppstweb\/wp-content\/uploads\/2021\/04\/Captura-de-pantalla-2021-04-20-a-las-9.07.41-a.-m..png\",\"width\":800,\"height\":445},{\"@type\":\"BreadcrumbList\",\"@id\":\"https:\/\/www.mpppst.gob.ve\/mpppstweb\/index.php\/2021\/04\/21\/sistema-de-transporte-ferroviario-nacional-movilizara-727-toneladas-de-carga-para-la-exportacion-desde-el-terminal-intermodal-de-puerto-seco-de-barquisimeto-hacia-puerto-cabello\/#breadcrumb\",\"itemListElement\":[{\"@type\":\"ListItem\",\"position\":1,\"name\":\"Home\",\"item\":\"https:\/\/www.mpppst.gob.ve\/mpppstweb\/\"},{\"@type\":\"ListItem\",\"position\":2,\"name\":\"Sistema de Transporte Ferroviario Nacional movilizar\u00e1 727 toneladas de carga para la exportaci\u00f3n desde el terminal intermodal de Puerto Seco de Barquisimeto hacia Puerto Cabello\"}]},{\"@type\":\"WebSite\",\"@id\":\"https:\/\/www.mpppst.gob.ve\/mpppstweb\/#website\",\"url\":\"https:\/\/www.mpppst.gob.ve\/mpppstweb\/\",\"name\":\"MPPPST\",\"description\":\"Ministerio del Poder Popular para el Proceso Social de Trabajo\",\"publisher\":{\"@id\":\"https:\/\/www.mpppst.gob.ve\/mpppstweb\/#organization\"},\"potentialAction\":[{\"@type\":\"SearchAction\",\"target\":{\"@type\":\"EntryPoint\",\"urlTemplate\":\"https:\/\/www.mpppst.gob.ve\/mpppstweb\/?s={search_term_string}\"},\"query-input\":\"required name=search_term_string\"}],\"inLanguage\":\"es\"},{\"@type\":\"Organization\",\"@id\":\"https:\/\/www.mpppst.gob.ve\/mpppstweb\/#organization\",\"name\":\"mpppst\",\"url\":\"https:\/\/www.mpppst.gob.ve\/mpppstweb\/\",\"logo\":{\"@type\":\"ImageObject\",\"inLanguage\":\"es\",\"@id\":\"https:\/\/www.mpppst.gob.ve\/mpppstweb\/#\/schema\/logo\/image\/\",\"url\":\"https:\/\/www.mpppst.gob.ve\/mpppstweb\/wp-content\/uploads\/2025\/07\/cropped-cropped-g910.png\",\"contentUrl\":\"https:\/\/www.mpppst.gob.ve\/mpppstweb\/wp-content\/uploads\/2025\/07\/cropped-cropped-g910.png\",\"width\":1080,\"height\":241,\"caption\":\"mpppst\"},\"image\":{\"@id\":\"https:\/\/www.mpppst.gob.ve\/mpppstweb\/#\/schema\/logo\/image\/\"}},{\"@type\":\"Person\",\"@id\":\"https:\/\/www.mpppst.gob.ve\/mpppstweb\/#\/schema\/person\/fc187ee8ead412bd4c9304b62f900ea4\",\"name\":\"MPPPST Prensa\",\"url\":\"https:\/\/www.mpppst.gob.ve\/mpppstweb\/index.php\/author\/prensa-mpppst\/\"}]}<\/script>\n<!-- \/ Yoast SEO plugin. -->","yoast_head_json":{"title":"Sistema de Transporte Ferroviario Nacional movilizar\u00e1 727 toneladas de carga para la exportaci\u00f3n desde el terminal intermodal de Puerto Seco de Barquisimeto hacia Puerto Cabello - MPPPST","robots":{"index":"index","follow":"follow","max-snippet":"max-snippet:-1","max-image-preview":"max-image-preview:large","max-video-preview":"max-video-preview:-1"},"canonical":"https:\/\/www.mpppst.gob.ve\/mpppstweb\/index.php\/2021\/04\/21\/sistema-de-transporte-ferroviario-nacional-movilizara-727-toneladas-de-carga-para-la-exportacion-desde-el-terminal-intermodal-de-puerto-seco-de-barquisimeto-hacia-puerto-cabello\/","og_locale":"es_ES","og_type":"article","og_title":"Sistema de Transporte Ferroviario Nacional movilizar\u00e1 727 toneladas de carga para la exportaci\u00f3n desde el terminal intermodal de Puerto Seco de Barquisimeto hacia Puerto Cabello - MPPPST","og_description":"Como parte de los logros alcanzados por la Gran Misi\u00f3n Transporte Venezuela, desde la madrugada de &hellip; Sistema de Transporte Ferroviario Nacional movilizar\u00e1 727 toneladas de carga para la exportaci\u00f3n desde el terminal intermodal de Puerto Seco de Barquisimeto hacia Puerto CabelloRead more","og_url":"https:\/\/www.mpppst.gob.ve\/mpppstweb\/index.php\/2021\/04\/21\/sistema-de-transporte-ferroviario-nacional-movilizara-727-toneladas-de-carga-para-la-exportacion-desde-el-terminal-intermodal-de-puerto-seco-de-barquisimeto-hacia-puerto-cabello\/","og_site_name":"MPPPST","article_published_time":"2021-04-21T12:55:48+00:00","og_image":[{"width":800,"height":445,"url":"https:\/\/www.mpppst.gob.ve\/mpppstweb\/wp-content\/uploads\/2021\/04\/Captura-de-pantalla-2021-04-20-a-las-9.07.41-a.-m..png","type":"image\/png"}],"author":"MPPPST Prensa","twitter_card":"summary_large_image","twitter_misc":{"Escrito por":"MPPPST Prensa","Tiempo de lectura":"1 minuto"},"schema":{"@context":"https:\/\/schema.org","@graph":[{"@type":"Article","@id":"https:\/\/www.mpppst.gob.ve\/mpppstweb\/index.php\/2021\/04\/21\/sistema-de-transporte-ferroviario-nacional-movilizara-727-toneladas-de-carga-para-la-exportacion-desde-el-terminal-intermodal-de-puerto-seco-de-barquisimeto-hacia-puerto-cabello\/#article","isPartOf":{"@id":"https:\/\/www.mpppst.gob.ve\/mpppstweb\/index.php\/2021\/04\/21\/sistema-de-transporte-ferroviario-nacional-movilizara-727-toneladas-de-carga-para-la-exportacion-desde-el-terminal-intermodal-de-puerto-seco-de-barquisimeto-hacia-puerto-cabello\/"},"author":{"name":"MPPPST Prensa","@id":"https:\/\/www.mpppst.gob.ve\/mpppstweb\/#\/schema\/person\/fc187ee8ead412bd4c9304b62f900ea4"},"headline":"Sistema de Transporte Ferroviario Nacional movilizar\u00e1 727 toneladas de carga para la exportaci\u00f3n desde el terminal intermodal de Puerto Seco de Barquisimeto hacia Puerto Cabello","datePublished":"2021-04-21T12:55:48+00:00","dateModified":"2021-04-21T12:55:48+00:00","mainEntityOfPage":{"@id":"https:\/\/www.mpppst.gob.ve\/mpppstweb\/index.php\/2021\/04\/21\/sistema-de-transporte-ferroviario-nacional-movilizara-727-toneladas-de-carga-para-la-exportacion-desde-el-terminal-intermodal-de-puerto-seco-de-barquisimeto-hacia-puerto-cabello\/"},"wordCount":205,"publisher":{"@id":"https:\/\/www.mpppst.gob.ve\/mpppstweb\/#organization"},"image":{"@id":"https:\/\/www.mpppst.gob.ve\/mpppstweb\/index.php\/2021\/04\/21\/sistema-de-transporte-ferroviario-nacional-movilizara-727-toneladas-de-carga-para-la-exportacion-desde-el-terminal-intermodal-de-puerto-seco-de-barquisimeto-hacia-puerto-cabello\/#primaryimage"},"thumbnailUrl":"https:\/\/www.mpppst.gob.ve\/mpppstweb\/wp-content\/uploads\/2021\/04\/Captura-de-pantalla-2021-04-20-a-las-9.07.41-a.-m..png","articleSection":["Gobierno Nacional"],"inLanguage":"es"},{"@type":"WebPage","@id":"https:\/\/www.mpppst.gob.ve\/mpppstweb\/index.php\/2021\/04\/21\/sistema-de-transporte-ferroviario-nacional-movilizara-727-toneladas-de-carga-para-la-exportacion-desde-el-terminal-intermodal-de-puerto-seco-de-barquisimeto-hacia-puerto-cabello\/","url":"https:\/\/www.mpppst.gob.ve\/mpppstweb\/index.php\/2021\/04\/21\/sistema-de-transporte-ferroviario-nacional-movilizara-727-toneladas-de-carga-para-la-exportacion-desde-el-terminal-intermodal-de-puerto-seco-de-barquisimeto-hacia-puerto-cabello\/","name":"Sistema de Transporte Ferroviario Nacional movilizar\u00e1 727 toneladas de carga para la exportaci\u00f3n desde el terminal intermodal de Puerto Seco de Barquisimeto hacia Puerto Cabello - MPPPST","isPartOf":{"@id":"https:\/\/www.mpppst.gob.ve\/mpppstweb\/#website"},"primaryImageOfPage":{"@id":"https:\/\/www.mpppst.gob.ve\/mpppstweb\/index.php\/2021\/04\/21\/sistema-de-transporte-ferroviario-nacional-movilizara-727-toneladas-de-carga-para-la-exportacion-desde-el-terminal-intermodal-de-puerto-seco-de-barquisimeto-hacia-puerto-cabello\/#primaryimage"},"image":{"@id":"https:\/\/www.mpppst.gob.ve\/mpppstweb\/index.php\/2021\/04\/21\/sistema-de-transporte-ferroviario-nacional-movilizara-727-toneladas-de-carga-para-la-exportacion-desde-el-terminal-intermodal-de-puerto-seco-de-barquisimeto-hacia-puerto-cabello\/#primaryimage"},"thumbnailUrl":"https:\/\/www.mpppst.gob.ve\/mpppstweb\/wp-content\/uploads\/2021\/04\/Captura-de-pantalla-2021-04-20-a-las-9.07.41-a.-m..png","datePublished":"2021-04-21T12:55:48+00:00","dateModified":"2021-04-21T12:55:48+00:00","breadcrumb":{"@id":"https:\/\/www.mpppst.gob.ve\/mpppstweb\/index.php\/2021\/04\/21\/sistema-de-transporte-ferroviario-nacional-movilizara-727-toneladas-de-carga-para-la-exportacion-desde-el-terminal-intermodal-de-puerto-seco-de-barquisimeto-hacia-puerto-cabello\/#breadcrumb"},"inLanguage":"es","potentialAction":[{"@type":"ReadAction","target":["https:\/\/www.mpppst.gob.ve\/mpppstweb\/index.php\/2021\/04\/21\/sistema-de-transporte-ferroviario-nacional-movilizara-727-toneladas-de-carga-para-la-exportacion-desde-el-terminal-intermodal-de-puerto-seco-de-barquisimeto-hacia-puerto-cabello\/"]}]},{"@type":"ImageObject","inLanguage":"es","@id":"https:\/\/www.mpppst.gob.ve\/mpppstweb\/index.php\/2021\/04\/21\/sistema-de-transporte-ferroviario-nacional-movilizara-727-toneladas-de-carga-para-la-exportacion-desde-el-terminal-intermodal-de-puerto-seco-de-barquisimeto-hacia-puerto-cabello\/#primaryimage","url":"https:\/\/www.mpppst.gob.ve\/mpppstweb\/wp-content\/uploads\/2021\/04\/Captura-de-pantalla-2021-04-20-a-las-9.07.41-a.-m..png","contentUrl":"https:\/\/www.mpppst.gob.ve\/mpppstweb\/wp-content\/uploads\/2021\/04\/Captura-de-pantalla-2021-04-20-a-las-9.07.41-a.-m..png","width":800,"height":445},{"@type":"BreadcrumbList","@id":"https:\/\/www.mpppst.gob.ve\/mpppstweb\/index.php\/2021\/04\/21\/sistema-de-transporte-ferroviario-nacional-movilizara-727-toneladas-de-carga-para-la-exportacion-desde-el-terminal-intermodal-de-puerto-seco-de-barquisimeto-hacia-puerto-cabello\/#breadcrumb","itemListElement":[{"@type":"ListItem","position":1,"name":"Home","item":"https:\/\/www.mpppst.gob.ve\/mpppstweb\/"},{"@type":"ListItem","position":2,"name":"Sistema de Transporte Ferroviario Nacional movilizar\u00e1 727 toneladas de carga para la exportaci\u00f3n desde el terminal intermodal de Puerto Seco de Barquisimeto hacia Puerto Cabello"}]},{"@type":"WebSite","@id":"https:\/\/www.mpppst.gob.ve\/mpppstweb\/#website","url":"https:\/\/www.mpppst.gob.ve\/mpppstweb\/","name":"MPPPST","description":"Ministerio del Poder Popular para el Proceso Social de Trabajo","publisher":{"@id":"https:\/\/www.mpppst.gob.ve\/mpppstweb\/#organization"},"potentialAction":[{"@type":"SearchAction","target":{"@type":"EntryPoint","urlTemplate":"https:\/\/www.mpppst.gob.ve\/mpppstweb\/?s={search_term_string}"},"query-input":"required name=search_term_string"}],"inLanguage":"es"},{"@type":"Organization","@id":"https:\/\/www.mpppst.gob.ve\/mpppstweb\/#organization","name":"mpppst","url":"https:\/\/www.mpppst.gob.ve\/mpppstweb\/","logo":{"@type":"ImageObject","inLanguage":"es","@id":"https:\/\/www.mpppst.gob.ve\/mpppstweb\/#\/schema\/logo\/image\/","url":"https:\/\/www.mpppst.gob.ve\/mpppstweb\/wp-content\/uploads\/2025\/07\/cropped-cropped-g910.png","contentUrl":"https:\/\/www.mpppst.gob.ve\/mpppstweb\/wp-content\/uploads\/2025\/07\/cropped-cropped-g910.png","width":1080,"height":241,"caption":"mpppst"},"image":{"@id":"https:\/\/www.mpppst.gob.ve\/mpppstweb\/#\/schema\/logo\/image\/"}},{"@type":"Person","@id":"https:\/\/www.mpppst.gob.ve\/mpppstweb\/#\/schema\/person\/fc187ee8ead412bd4c9304b62f900ea4","name":"MPPPST Prensa","url":"https:\/\/www.mpppst.gob.ve\/mpppstweb\/index.php\/author\/prensa-mpppst\/"}]}},"_links":{"self":[{"href":"https:\/\/www.mpppst.gob.ve\/mpppstweb\/index.php\/wp-json\/wp\/v2\/posts\/22144"}],"collection":[{"href":"https:\/\/www.mpppst.gob.ve\/mpppstweb\/index.php\/wp-json\/wp\/v2\/posts"}],"about":[{"href":"https:\/\/www.mpppst.gob.ve\/mpppstweb\/index.php\/wp-json\/wp\/v2\/types\/post"}],"author":[{"embeddable":true,"href":"https:\/\/www.mpppst.gob.ve\/mpppstweb\/index.php\/wp-json\/wp\/v2\/users\/25"}],"replies":[{"embeddable":true,"href":"https:\/\/www.mpppst.gob.ve\/mpppstweb\/index.php\/wp-json\/wp\/v2\/comments?post=22144"}],"version-history":[{"count":1,"href":"https:\/\/www.mpppst.gob.ve\/mpppstweb\/index.php\/wp-json\/wp\/v2\/posts\/22144\/revisions"}],"predecessor-version":[{"id":22145,"href":"https:\/\/www.mpppst.gob.ve\/mpppstweb\/index.php\/wp-json\/wp\/v2\/posts\/22144\/revisions\/22145"}],"wp:featuredmedia":[{"embeddable":true,"href":"https:\/\/www.mpppst.gob.ve\/mpppstweb\/index.php\/wp-json\/wp\/v2\/media\/22146"}],"wp:attachment":[{"href":"https:\/\/www.mpppst.gob.ve\/mpppstweb\/index.php\/wp-json\/wp\/v2\/media?parent=22144"}],"wp:term":[{"taxonomy":"category","embeddable":true,"href":"https:\/\/www.mpppst.gob.ve\/mpppstweb\/index.php\/wp-json\/wp\/v2\/categories?post=22144"},{"taxonomy":"post_tag","embeddable":true,"href":"https:\/\/www.mpppst.gob.ve\/mpppstweb\/index.php\/wp-json\/wp\/v2\/tags?post=22144"}],"curies":[{"name":"wp","href":"https:\/\/api.w.org\/{rel}","templated":true}]}}