{"id":22153,"date":"2021-04-22T06:46:07","date_gmt":"2021-04-22T10:46:07","guid":{"rendered":"http:\/\/www.mpppst.gob.ve\/mpppstweb\/?p=22153"},"modified":"2021-04-22T06:46:09","modified_gmt":"2021-04-22T10:46:09","slug":"reactivan-mas-de-1-600-metros-cuadrados-de-cultivo-en-el-espacio-de-referencia-agrourbano-el-naranjal-de-el-junquito-para-la-produccion-de-alimentos","status":"publish","type":"post","link":"https:\/\/www.mpppst.gob.ve\/mpppstweb\/index.php\/2021\/04\/22\/reactivan-mas-de-1-600-metros-cuadrados-de-cultivo-en-el-espacio-de-referencia-agrourbano-el-naranjal-de-el-junquito-para-la-produccion-de-alimentos\/","title":{"rendered":"Reactivan m\u00e1s de 1.600 metros cuadrados de cultivo en el Espacio de Referencia Agrourbano \u201cEl Naranjal\u201d de El Junquito para la producci\u00f3n de alimentos"},"content":{"rendered":"\n<p>El viceministro del Desarrollo Productivo Agrourbano, <strong>Yader Salazar<\/strong>, inform\u00f3 este mi\u00e9rcoles sobre la reactivaci\u00f3n de m\u00e1s de 1.600 metros cuadrados de cultivo en el Espacio de Referencia Agrourbano \u201cEl Naranjal\u201d, ubicado en la parroquia El Junquito del municipio Libertador de Caracas,&nbsp; para la producci\u00f3n de alimentos destinados al pueblo venezolano.<\/p>\n\n\n\n<p>\u201cAc\u00e1 se est\u00e1 sembrando m\u00e1s de 20 mil plantas de piment\u00f3n\u201d, agreg\u00f3 Salazar,&nbsp; quien adem\u00e1s acot\u00f3 que fueron activadas 2 casas de cultivos y cuentan con m\u00e1s de 14 trabajadores comprometidos con la producci\u00f3n.<\/p>\n\n\n\n<p>Asimismo, inform\u00f3 sobre las labores de rehabilitaci\u00f3n que se realizan en las aulas para garantizar los estudios a los ni\u00f1os y j\u00f3venes. \u201cTodo esto en el marco de la Gran Misi\u00f3n Agrovenezuela (GMMV)\u201d, enfatiz\u00f3.<\/p>\n\n\n\n<blockquote class=\"wp-block-quote\"><p><a href=\"https:\/\/twitter.com\/hashtag\/EnVideo?src=hash&amp;ref_src=twsrc%5Etfw\">#EnVideo<\/a><img decoding=\"async\" alt=\"?\" src=\"https:\/\/s.w.org\/images\/core\/emoji\/13.0.1\/svg\/1f4f9.svg\">| Reactivan m\u00e1s de 1.600 metros cuadrados de cultivos protegidos en Espacios de Referencia Agrourbano ubicadas en el sector \u201cEl Naranjal\u201d del Junquito, como parte del fortalecimiento de la producci\u00f3n nacional<a href=\"https:\/\/twitter.com\/hashtag\/PrevenirPorLaVida?src=hash&amp;ref_src=twsrc%5Etfw\">#PrevenirPorLaVida<\/a> <a href=\"https:\/\/t.co\/rBWnHw0Y2i\">pic.twitter.com\/rBWnHw0Y2i<\/a><\/p><p>\u2014 VTV CANAL 8 (@VTVcanal8) <a href=\"https:\/\/twitter.com\/VTVcanal8\/status\/1385003842857807877?ref_src=twsrc%5Etfw\">April 21, 2021<\/a><\/p><\/blockquote>\n","protected":false},"excerpt":{"rendered":"<p>El viceministro del Desarrollo Productivo Agrourbano, Yader Salazar, inform\u00f3 este mi\u00e9rcoles sobre la reactivaci\u00f3n de m\u00e1s &hellip; <a title=\"Reactivan m\u00e1s de 1.600 metros cuadrados de cultivo en el Espacio de Referencia Agrourbano \u201cEl Naranjal\u201d de El Junquito para la producci\u00f3n de alimentos\" class=\"hm-read-more\" href=\"https:\/\/www.mpppst.gob.ve\/mpppstweb\/index.php\/2021\/04\/22\/reactivan-mas-de-1-600-metros-cuadrados-de-cultivo-en-el-espacio-de-referencia-agrourbano-el-naranjal-de-el-junquito-para-la-produccion-de-alimentos\/\"><span class=\"screen-reader-text\">Reactivan m\u00e1s de 1.600 metros cuadrados de cultivo en el Espacio de Referencia Agrourbano \u201cEl Naranjal\u201d de El Junquito para la producci\u00f3n de alimentos<\/span>Read more<\/a><\/p>\n","protected":false},"author":25,"featured_media":22154,"comment_status":"closed","ping_status":"closed","sticky":false,"template":"","format":"standard","meta":{"footnotes":""},"categories":[82,163],"tags":[],"yoast_head":"<!-- This site is optimized with the Yoast SEO plugin v22.5 - https:\/\/yoast.com\/wordpress\/plugins\/seo\/ -->\n<title>Reactivan m\u00e1s de 1.600 metros cuadrados de cultivo en el Espacio de Referencia Agrourbano \u201cEl Naranjal\u201d de El Junquito para la producci\u00f3n de alimentos - MPPPST<\/title>\n<meta name=\"robots\" content=\"index, follow, max-snippet:-1, max-image-preview:large, max-video-preview:-1\" \/>\n<link rel=\"canonical\" href=\"https:\/\/www.mpppst.gob.ve\/mpppstweb\/index.php\/2021\/04\/22\/reactivan-mas-de-1-600-metros-cuadrados-de-cultivo-en-el-espacio-de-referencia-agrourbano-el-naranjal-de-el-junquito-para-la-produccion-de-alimentos\/\" \/>\n<meta property=\"og:locale\" content=\"es_ES\" \/>\n<meta property=\"og:type\" content=\"article\" \/>\n<meta property=\"og:title\" content=\"Reactivan m\u00e1s de 1.600 metros cuadrados de cultivo en el Espacio de Referencia Agrourbano \u201cEl Naranjal\u201d de El Junquito para la producci\u00f3n de alimentos - MPPPST\" \/>\n<meta property=\"og:description\" content=\"El viceministro del Desarrollo Productivo Agrourbano, Yader Salazar, inform\u00f3 este mi\u00e9rcoles sobre la reactivaci\u00f3n de m\u00e1s &hellip; Reactivan m\u00e1s de 1.600 metros cuadrados de cultivo en el Espacio de Referencia Agrourbano \u201cEl Naranjal\u201d de El Junquito para la producci\u00f3n de alimentosRead more\" \/>\n<meta property=\"og:url\" content=\"https:\/\/www.mpppst.gob.ve\/mpppstweb\/index.php\/2021\/04\/22\/reactivan-mas-de-1-600-metros-cuadrados-de-cultivo-en-el-espacio-de-referencia-agrourbano-el-naranjal-de-el-junquito-para-la-produccion-de-alimentos\/\" \/>\n<meta property=\"og:site_name\" content=\"MPPPST\" \/>\n<meta property=\"article:published_time\" content=\"2021-04-22T10:46:07+00:00\" \/>\n<meta property=\"article:modified_time\" content=\"2021-04-22T10:46:09+00:00\" \/>\n<meta property=\"og:image\" content=\"https:\/\/www.mpppst.gob.ve\/mpppstweb\/wp-content\/uploads\/2021\/04\/JUNQUITO.jpg\" \/>\n\t<meta property=\"og:image:width\" content=\"800\" \/>\n\t<meta property=\"og:image:height\" content=\"445\" \/>\n\t<meta property=\"og:image:type\" content=\"image\/jpeg\" \/>\n<meta name=\"author\" content=\"MPPPST Prensa\" \/>\n<meta name=\"twitter:card\" content=\"summary_large_image\" \/>\n<meta name=\"twitter:label1\" content=\"Escrito por\" \/>\n\t<meta name=\"twitter:data1\" content=\"MPPPST Prensa\" \/>\n\t<meta name=\"twitter:label2\" content=\"Tiempo de lectura\" \/>\n\t<meta name=\"twitter:data2\" content=\"1 minuto\" \/>\n<script type=\"application\/ld+json\" class=\"yoast-schema-graph\">{\"@context\":\"https:\/\/schema.org\",\"@graph\":[{\"@type\":\"Article\",\"@id\":\"https:\/\/www.mpppst.gob.ve\/mpppstweb\/index.php\/2021\/04\/22\/reactivan-mas-de-1-600-metros-cuadrados-de-cultivo-en-el-espacio-de-referencia-agrourbano-el-naranjal-de-el-junquito-para-la-produccion-de-alimentos\/#article\",\"isPartOf\":{\"@id\":\"https:\/\/www.mpppst.gob.ve\/mpppstweb\/index.php\/2021\/04\/22\/reactivan-mas-de-1-600-metros-cuadrados-de-cultivo-en-el-espacio-de-referencia-agrourbano-el-naranjal-de-el-junquito-para-la-produccion-de-alimentos\/\"},\"author\":{\"name\":\"MPPPST Prensa\",\"@id\":\"https:\/\/www.mpppst.gob.ve\/mpppstweb\/#\/schema\/person\/fc187ee8ead412bd4c9304b62f900ea4\"},\"headline\":\"Reactivan m\u00e1s de 1.600 metros cuadrados de cultivo en el Espacio de Referencia Agrourbano \u201cEl Naranjal\u201d de El Junquito para la producci\u00f3n de alimentos\",\"datePublished\":\"2021-04-22T10:46:07+00:00\",\"dateModified\":\"2021-04-22T10:46:09+00:00\",\"mainEntityOfPage\":{\"@id\":\"https:\/\/www.mpppst.gob.ve\/mpppstweb\/index.php\/2021\/04\/22\/reactivan-mas-de-1-600-metros-cuadrados-de-cultivo-en-el-espacio-de-referencia-agrourbano-el-naranjal-de-el-junquito-para-la-produccion-de-alimentos\/\"},\"wordCount\":197,\"publisher\":{\"@id\":\"https:\/\/www.mpppst.gob.ve\/mpppstweb\/#organization\"},\"image\":{\"@id\":\"https:\/\/www.mpppst.gob.ve\/mpppstweb\/index.php\/2021\/04\/22\/reactivan-mas-de-1-600-metros-cuadrados-de-cultivo-en-el-espacio-de-referencia-agrourbano-el-naranjal-de-el-junquito-para-la-produccion-de-alimentos\/#primaryimage\"},\"thumbnailUrl\":\"https:\/\/www.mpppst.gob.ve\/mpppstweb\/wp-content\/uploads\/2021\/04\/JUNQUITO.jpg\",\"articleSection\":[\"Gobierno Nacional\",\"Noticias\"],\"inLanguage\":\"es\"},{\"@type\":\"WebPage\",\"@id\":\"https:\/\/www.mpppst.gob.ve\/mpppstweb\/index.php\/2021\/04\/22\/reactivan-mas-de-1-600-metros-cuadrados-de-cultivo-en-el-espacio-de-referencia-agrourbano-el-naranjal-de-el-junquito-para-la-produccion-de-alimentos\/\",\"url\":\"https:\/\/www.mpppst.gob.ve\/mpppstweb\/index.php\/2021\/04\/22\/reactivan-mas-de-1-600-metros-cuadrados-de-cultivo-en-el-espacio-de-referencia-agrourbano-el-naranjal-de-el-junquito-para-la-produccion-de-alimentos\/\",\"name\":\"Reactivan m\u00e1s de 1.600 metros cuadrados de cultivo en el Espacio de Referencia Agrourbano \u201cEl Naranjal\u201d de El Junquito para la producci\u00f3n de alimentos - MPPPST\",\"isPartOf\":{\"@id\":\"https:\/\/www.mpppst.gob.ve\/mpppstweb\/#website\"},\"primaryImageOfPage\":{\"@id\":\"https:\/\/www.mpppst.gob.ve\/mpppstweb\/index.php\/2021\/04\/22\/reactivan-mas-de-1-600-metros-cuadrados-de-cultivo-en-el-espacio-de-referencia-agrourbano-el-naranjal-de-el-junquito-para-la-produccion-de-alimentos\/#primaryimage\"},\"image\":{\"@id\":\"https:\/\/www.mpppst.gob.ve\/mpppstweb\/index.php\/2021\/04\/22\/reactivan-mas-de-1-600-metros-cuadrados-de-cultivo-en-el-espacio-de-referencia-agrourbano-el-naranjal-de-el-junquito-para-la-produccion-de-alimentos\/#primaryimage\"},\"thumbnailUrl\":\"https:\/\/www.mpppst.gob.ve\/mpppstweb\/wp-content\/uploads\/2021\/04\/JUNQUITO.jpg\",\"datePublished\":\"2021-04-22T10:46:07+00:00\",\"dateModified\":\"2021-04-22T10:46:09+00:00\",\"breadcrumb\":{\"@id\":\"https:\/\/www.mpppst.gob.ve\/mpppstweb\/index.php\/2021\/04\/22\/reactivan-mas-de-1-600-metros-cuadrados-de-cultivo-en-el-espacio-de-referencia-agrourbano-el-naranjal-de-el-junquito-para-la-produccion-de-alimentos\/#breadcrumb\"},\"inLanguage\":\"es\",\"potentialAction\":[{\"@type\":\"ReadAction\",\"target\":[\"https:\/\/www.mpppst.gob.ve\/mpppstweb\/index.php\/2021\/04\/22\/reactivan-mas-de-1-600-metros-cuadrados-de-cultivo-en-el-espacio-de-referencia-agrourbano-el-naranjal-de-el-junquito-para-la-produccion-de-alimentos\/\"]}]},{\"@type\":\"ImageObject\",\"inLanguage\":\"es\",\"@id\":\"https:\/\/www.mpppst.gob.ve\/mpppstweb\/index.php\/2021\/04\/22\/reactivan-mas-de-1-600-metros-cuadrados-de-cultivo-en-el-espacio-de-referencia-agrourbano-el-naranjal-de-el-junquito-para-la-produccion-de-alimentos\/#primaryimage\",\"url\":\"https:\/\/www.mpppst.gob.ve\/mpppstweb\/wp-content\/uploads\/2021\/04\/JUNQUITO.jpg\",\"contentUrl\":\"https:\/\/www.mpppst.gob.ve\/mpppstweb\/wp-content\/uploads\/2021\/04\/JUNQUITO.jpg\",\"width\":800,\"height\":445},{\"@type\":\"BreadcrumbList\",\"@id\":\"https:\/\/www.mpppst.gob.ve\/mpppstweb\/index.php\/2021\/04\/22\/reactivan-mas-de-1-600-metros-cuadrados-de-cultivo-en-el-espacio-de-referencia-agrourbano-el-naranjal-de-el-junquito-para-la-produccion-de-alimentos\/#breadcrumb\",\"itemListElement\":[{\"@type\":\"ListItem\",\"position\":1,\"name\":\"Home\",\"item\":\"https:\/\/www.mpppst.gob.ve\/mpppstweb\/\"},{\"@type\":\"ListItem\",\"position\":2,\"name\":\"Reactivan m\u00e1s de 1.600 metros cuadrados de cultivo en el Espacio de Referencia Agrourbano \u201cEl Naranjal\u201d de El Junquito para la producci\u00f3n de alimentos\"}]},{\"@type\":\"WebSite\",\"@id\":\"https:\/\/www.mpppst.gob.ve\/mpppstweb\/#website\",\"url\":\"https:\/\/www.mpppst.gob.ve\/mpppstweb\/\",\"name\":\"MPPPST\",\"description\":\"Ministerio del Poder Popular para el Proceso Social de Trabajo\",\"publisher\":{\"@id\":\"https:\/\/www.mpppst.gob.ve\/mpppstweb\/#organization\"},\"potentialAction\":[{\"@type\":\"SearchAction\",\"target\":{\"@type\":\"EntryPoint\",\"urlTemplate\":\"https:\/\/www.mpppst.gob.ve\/mpppstweb\/?s={search_term_string}\"},\"query-input\":\"required name=search_term_string\"}],\"inLanguage\":\"es\"},{\"@type\":\"Organization\",\"@id\":\"https:\/\/www.mpppst.gob.ve\/mpppstweb\/#organization\",\"name\":\"mpppst\",\"url\":\"https:\/\/www.mpppst.gob.ve\/mpppstweb\/\",\"logo\":{\"@type\":\"ImageObject\",\"inLanguage\":\"es\",\"@id\":\"https:\/\/www.mpppst.gob.ve\/mpppstweb\/#\/schema\/logo\/image\/\",\"url\":\"https:\/\/www.mpppst.gob.ve\/mpppstweb\/wp-content\/uploads\/2025\/07\/cropped-cropped-g910.png\",\"contentUrl\":\"https:\/\/www.mpppst.gob.ve\/mpppstweb\/wp-content\/uploads\/2025\/07\/cropped-cropped-g910.png\",\"width\":1080,\"height\":241,\"caption\":\"mpppst\"},\"image\":{\"@id\":\"https:\/\/www.mpppst.gob.ve\/mpppstweb\/#\/schema\/logo\/image\/\"}},{\"@type\":\"Person\",\"@id\":\"https:\/\/www.mpppst.gob.ve\/mpppstweb\/#\/schema\/person\/fc187ee8ead412bd4c9304b62f900ea4\",\"name\":\"MPPPST Prensa\",\"url\":\"https:\/\/www.mpppst.gob.ve\/mpppstweb\/index.php\/author\/prensa-mpppst\/\"}]}<\/script>\n<!-- \/ Yoast SEO plugin. -->","yoast_head_json":{"title":"Reactivan m\u00e1s de 1.600 metros cuadrados de cultivo en el Espacio de Referencia Agrourbano \u201cEl Naranjal\u201d de El Junquito para la producci\u00f3n de alimentos - MPPPST","robots":{"index":"index","follow":"follow","max-snippet":"max-snippet:-1","max-image-preview":"max-image-preview:large","max-video-preview":"max-video-preview:-1"},"canonical":"https:\/\/www.mpppst.gob.ve\/mpppstweb\/index.php\/2021\/04\/22\/reactivan-mas-de-1-600-metros-cuadrados-de-cultivo-en-el-espacio-de-referencia-agrourbano-el-naranjal-de-el-junquito-para-la-produccion-de-alimentos\/","og_locale":"es_ES","og_type":"article","og_title":"Reactivan m\u00e1s de 1.600 metros cuadrados de cultivo en el Espacio de Referencia Agrourbano \u201cEl Naranjal\u201d de El Junquito para la producci\u00f3n de alimentos - MPPPST","og_description":"El viceministro del Desarrollo Productivo Agrourbano, Yader Salazar, inform\u00f3 este mi\u00e9rcoles sobre la reactivaci\u00f3n de m\u00e1s &hellip; Reactivan m\u00e1s de 1.600 metros cuadrados de cultivo en el Espacio de Referencia Agrourbano \u201cEl Naranjal\u201d de El Junquito para la producci\u00f3n de alimentosRead more","og_url":"https:\/\/www.mpppst.gob.ve\/mpppstweb\/index.php\/2021\/04\/22\/reactivan-mas-de-1-600-metros-cuadrados-de-cultivo-en-el-espacio-de-referencia-agrourbano-el-naranjal-de-el-junquito-para-la-produccion-de-alimentos\/","og_site_name":"MPPPST","article_published_time":"2021-04-22T10:46:07+00:00","article_modified_time":"2021-04-22T10:46:09+00:00","og_image":[{"width":800,"height":445,"url":"https:\/\/www.mpppst.gob.ve\/mpppstweb\/wp-content\/uploads\/2021\/04\/JUNQUITO.jpg","type":"image\/jpeg"}],"author":"MPPPST Prensa","twitter_card":"summary_large_image","twitter_misc":{"Escrito por":"MPPPST Prensa","Tiempo de lectura":"1 minuto"},"schema":{"@context":"https:\/\/schema.org","@graph":[{"@type":"Article","@id":"https:\/\/www.mpppst.gob.ve\/mpppstweb\/index.php\/2021\/04\/22\/reactivan-mas-de-1-600-metros-cuadrados-de-cultivo-en-el-espacio-de-referencia-agrourbano-el-naranjal-de-el-junquito-para-la-produccion-de-alimentos\/#article","isPartOf":{"@id":"https:\/\/www.mpppst.gob.ve\/mpppstweb\/index.php\/2021\/04\/22\/reactivan-mas-de-1-600-metros-cuadrados-de-cultivo-en-el-espacio-de-referencia-agrourbano-el-naranjal-de-el-junquito-para-la-produccion-de-alimentos\/"},"author":{"name":"MPPPST Prensa","@id":"https:\/\/www.mpppst.gob.ve\/mpppstweb\/#\/schema\/person\/fc187ee8ead412bd4c9304b62f900ea4"},"headline":"Reactivan m\u00e1s de 1.600 metros cuadrados de cultivo en el Espacio de Referencia Agrourbano \u201cEl Naranjal\u201d de El Junquito para la producci\u00f3n de alimentos","datePublished":"2021-04-22T10:46:07+00:00","dateModified":"2021-04-22T10:46:09+00:00","mainEntityOfPage":{"@id":"https:\/\/www.mpppst.gob.ve\/mpppstweb\/index.php\/2021\/04\/22\/reactivan-mas-de-1-600-metros-cuadrados-de-cultivo-en-el-espacio-de-referencia-agrourbano-el-naranjal-de-el-junquito-para-la-produccion-de-alimentos\/"},"wordCount":197,"publisher":{"@id":"https:\/\/www.mpppst.gob.ve\/mpppstweb\/#organization"},"image":{"@id":"https:\/\/www.mpppst.gob.ve\/mpppstweb\/index.php\/2021\/04\/22\/reactivan-mas-de-1-600-metros-cuadrados-de-cultivo-en-el-espacio-de-referencia-agrourbano-el-naranjal-de-el-junquito-para-la-produccion-de-alimentos\/#primaryimage"},"thumbnailUrl":"https:\/\/www.mpppst.gob.ve\/mpppstweb\/wp-content\/uploads\/2021\/04\/JUNQUITO.jpg","articleSection":["Gobierno Nacional","Noticias"],"inLanguage":"es"},{"@type":"WebPage","@id":"https:\/\/www.mpppst.gob.ve\/mpppstweb\/index.php\/2021\/04\/22\/reactivan-mas-de-1-600-metros-cuadrados-de-cultivo-en-el-espacio-de-referencia-agrourbano-el-naranjal-de-el-junquito-para-la-produccion-de-alimentos\/","url":"https:\/\/www.mpppst.gob.ve\/mpppstweb\/index.php\/2021\/04\/22\/reactivan-mas-de-1-600-metros-cuadrados-de-cultivo-en-el-espacio-de-referencia-agrourbano-el-naranjal-de-el-junquito-para-la-produccion-de-alimentos\/","name":"Reactivan m\u00e1s de 1.600 metros cuadrados de cultivo en el Espacio de Referencia Agrourbano \u201cEl Naranjal\u201d de El Junquito para la producci\u00f3n de alimentos - MPPPST","isPartOf":{"@id":"https:\/\/www.mpppst.gob.ve\/mpppstweb\/#website"},"primaryImageOfPage":{"@id":"https:\/\/www.mpppst.gob.ve\/mpppstweb\/index.php\/2021\/04\/22\/reactivan-mas-de-1-600-metros-cuadrados-de-cultivo-en-el-espacio-de-referencia-agrourbano-el-naranjal-de-el-junquito-para-la-produccion-de-alimentos\/#primaryimage"},"image":{"@id":"https:\/\/www.mpppst.gob.ve\/mpppstweb\/index.php\/2021\/04\/22\/reactivan-mas-de-1-600-metros-cuadrados-de-cultivo-en-el-espacio-de-referencia-agrourbano-el-naranjal-de-el-junquito-para-la-produccion-de-alimentos\/#primaryimage"},"thumbnailUrl":"https:\/\/www.mpppst.gob.ve\/mpppstweb\/wp-content\/uploads\/2021\/04\/JUNQUITO.jpg","datePublished":"2021-04-22T10:46:07+00:00","dateModified":"2021-04-22T10:46:09+00:00","breadcrumb":{"@id":"https:\/\/www.mpppst.gob.ve\/mpppstweb\/index.php\/2021\/04\/22\/reactivan-mas-de-1-600-metros-cuadrados-de-cultivo-en-el-espacio-de-referencia-agrourbano-el-naranjal-de-el-junquito-para-la-produccion-de-alimentos\/#breadcrumb"},"inLanguage":"es","potentialAction":[{"@type":"ReadAction","target":["https:\/\/www.mpppst.gob.ve\/mpppstweb\/index.php\/2021\/04\/22\/reactivan-mas-de-1-600-metros-cuadrados-de-cultivo-en-el-espacio-de-referencia-agrourbano-el-naranjal-de-el-junquito-para-la-produccion-de-alimentos\/"]}]},{"@type":"ImageObject","inLanguage":"es","@id":"https:\/\/www.mpppst.gob.ve\/mpppstweb\/index.php\/2021\/04\/22\/reactivan-mas-de-1-600-metros-cuadrados-de-cultivo-en-el-espacio-de-referencia-agrourbano-el-naranjal-de-el-junquito-para-la-produccion-de-alimentos\/#primaryimage","url":"https:\/\/www.mpppst.gob.ve\/mpppstweb\/wp-content\/uploads\/2021\/04\/JUNQUITO.jpg","contentUrl":"https:\/\/www.mpppst.gob.ve\/mpppstweb\/wp-content\/uploads\/2021\/04\/JUNQUITO.jpg","width":800,"height":445},{"@type":"BreadcrumbList","@id":"https:\/\/www.mpppst.gob.ve\/mpppstweb\/index.php\/2021\/04\/22\/reactivan-mas-de-1-600-metros-cuadrados-de-cultivo-en-el-espacio-de-referencia-agrourbano-el-naranjal-de-el-junquito-para-la-produccion-de-alimentos\/#breadcrumb","itemListElement":[{"@type":"ListItem","position":1,"name":"Home","item":"https:\/\/www.mpppst.gob.ve\/mpppstweb\/"},{"@type":"ListItem","position":2,"name":"Reactivan m\u00e1s de 1.600 metros cuadrados de cultivo en el Espacio de Referencia Agrourbano \u201cEl Naranjal\u201d de El Junquito para la producci\u00f3n de alimentos"}]},{"@type":"WebSite","@id":"https:\/\/www.mpppst.gob.ve\/mpppstweb\/#website","url":"https:\/\/www.mpppst.gob.ve\/mpppstweb\/","name":"MPPPST","description":"Ministerio del Poder Popular para el Proceso Social de Trabajo","publisher":{"@id":"https:\/\/www.mpppst.gob.ve\/mpppstweb\/#organization"},"potentialAction":[{"@type":"SearchAction","target":{"@type":"EntryPoint","urlTemplate":"https:\/\/www.mpppst.gob.ve\/mpppstweb\/?s={search_term_string}"},"query-input":"required name=search_term_string"}],"inLanguage":"es"},{"@type":"Organization","@id":"https:\/\/www.mpppst.gob.ve\/mpppstweb\/#organization","name":"mpppst","url":"https:\/\/www.mpppst.gob.ve\/mpppstweb\/","logo":{"@type":"ImageObject","inLanguage":"es","@id":"https:\/\/www.mpppst.gob.ve\/mpppstweb\/#\/schema\/logo\/image\/","url":"https:\/\/www.mpppst.gob.ve\/mpppstweb\/wp-content\/uploads\/2025\/07\/cropped-cropped-g910.png","contentUrl":"https:\/\/www.mpppst.gob.ve\/mpppstweb\/wp-content\/uploads\/2025\/07\/cropped-cropped-g910.png","width":1080,"height":241,"caption":"mpppst"},"image":{"@id":"https:\/\/www.mpppst.gob.ve\/mpppstweb\/#\/schema\/logo\/image\/"}},{"@type":"Person","@id":"https:\/\/www.mpppst.gob.ve\/mpppstweb\/#\/schema\/person\/fc187ee8ead412bd4c9304b62f900ea4","name":"MPPPST Prensa","url":"https:\/\/www.mpppst.gob.ve\/mpppstweb\/index.php\/author\/prensa-mpppst\/"}]}},"_links":{"self":[{"href":"https:\/\/www.mpppst.gob.ve\/mpppstweb\/index.php\/wp-json\/wp\/v2\/posts\/22153"}],"collection":[{"href":"https:\/\/www.mpppst.gob.ve\/mpppstweb\/index.php\/wp-json\/wp\/v2\/posts"}],"about":[{"href":"https:\/\/www.mpppst.gob.ve\/mpppstweb\/index.php\/wp-json\/wp\/v2\/types\/post"}],"author":[{"embeddable":true,"href":"https:\/\/www.mpppst.gob.ve\/mpppstweb\/index.php\/wp-json\/wp\/v2\/users\/25"}],"replies":[{"embeddable":true,"href":"https:\/\/www.mpppst.gob.ve\/mpppstweb\/index.php\/wp-json\/wp\/v2\/comments?post=22153"}],"version-history":[{"count":1,"href":"https:\/\/www.mpppst.gob.ve\/mpppstweb\/index.php\/wp-json\/wp\/v2\/posts\/22153\/revisions"}],"predecessor-version":[{"id":22155,"href":"https:\/\/www.mpppst.gob.ve\/mpppstweb\/index.php\/wp-json\/wp\/v2\/posts\/22153\/revisions\/22155"}],"wp:featuredmedia":[{"embeddable":true,"href":"https:\/\/www.mpppst.gob.ve\/mpppstweb\/index.php\/wp-json\/wp\/v2\/media\/22154"}],"wp:attachment":[{"href":"https:\/\/www.mpppst.gob.ve\/mpppstweb\/index.php\/wp-json\/wp\/v2\/media?parent=22153"}],"wp:term":[{"taxonomy":"category","embeddable":true,"href":"https:\/\/www.mpppst.gob.ve\/mpppstweb\/index.php\/wp-json\/wp\/v2\/categories?post=22153"},{"taxonomy":"post_tag","embeddable":true,"href":"https:\/\/www.mpppst.gob.ve\/mpppstweb\/index.php\/wp-json\/wp\/v2\/tags?post=22153"}],"curies":[{"name":"wp","href":"https:\/\/api.w.org\/{rel}","templated":true}]}}