{"id":22156,"date":"2021-04-22T06:48:47","date_gmt":"2021-04-22T10:48:47","guid":{"rendered":"http:\/\/www.mpppst.gob.ve\/mpppstweb\/?p=22156"},"modified":"2021-04-22T06:48:48","modified_gmt":"2021-04-22T10:48:48","slug":"guarico-inicia-cosecha-de-cebolla-en-fundo-lara-pinta-para-lograr-40-millones-de-kilogramos-destinados-al-pueblo","status":"publish","type":"post","link":"https:\/\/www.mpppst.gob.ve\/mpppstweb\/index.php\/2021\/04\/22\/guarico-inicia-cosecha-de-cebolla-en-fundo-lara-pinta-para-lograr-40-millones-de-kilogramos-destinados-al-pueblo\/","title":{"rendered":"Gu\u00e1rico | Inicia cosecha de cebolla en Fundo \u201cLara Pinta\u201d para lograr 40 millones de kilogramos destinados al pueblo"},"content":{"rendered":"\n<p>En Fundo \u201cLara Pinta\u201d, ubicado en la parroquia El Sombrero del municipio Juli\u00e1n Mellado, estado Gu\u00e1rico, inici\u00f3 la cosecha de cebolla con 19 hect\u00e1reas que forman parte de las 1.613 que se sembraron en el ciclo norte-verano y que van a producir m\u00e1s de 40 millones de kilogramos de este rubro, destinados a todos los venezolanos.&nbsp;<\/p>\n\n\n\n<p>El director del Ministerio del Poder Popular para la Agricultura Productiva y Tierras del estado Gu\u00e1rico, <strong>Marcos Calles<\/strong>, se\u00f1al\u00f3 que las cebollas llegar\u00e1n al pueblo a trav\u00e9s de los Comit\u00e9s Locales de Abastecimiento y Producci\u00f3n (CLAP).<\/p>\n\n\n\n<p>\u201cNos encontramos celebrando el esfuerzo mancomunado de una sola l\u00ednea de Gobierno que ha generado el presidente Nicol\u00e1s Maduro, satisfactoriamente con el Ministerio del Poder Popular para la Agricultura Productiva y Tierras y el gobernador, Jos\u00e9 V\u00e1squez\u201d, dijo.<\/p>\n\n\n\n<p>Durante este ciclo norte-verano, en Fundo \u201cLara Pinta\u201d se logr\u00f3 cultivar 46 mil 720 hect\u00e1reas en diversos rubros principalmente arroz, cebolla, tomate, algod\u00f3n, frijol y caraotas.<\/p>\n","protected":false},"excerpt":{"rendered":"<p>En Fundo \u201cLara Pinta\u201d, ubicado en la parroquia El Sombrero del municipio Juli\u00e1n Mellado, estado Gu\u00e1rico, &hellip; <a title=\"Gu\u00e1rico | Inicia cosecha de cebolla en Fundo \u201cLara Pinta\u201d para lograr 40 millones de kilogramos destinados al pueblo\" class=\"hm-read-more\" href=\"https:\/\/www.mpppst.gob.ve\/mpppstweb\/index.php\/2021\/04\/22\/guarico-inicia-cosecha-de-cebolla-en-fundo-lara-pinta-para-lograr-40-millones-de-kilogramos-destinados-al-pueblo\/\"><span class=\"screen-reader-text\">Gu\u00e1rico | Inicia cosecha de cebolla en Fundo \u201cLara Pinta\u201d para lograr 40 millones de kilogramos destinados al pueblo<\/span>Read more<\/a><\/p>\n","protected":false},"author":25,"featured_media":22157,"comment_status":"closed","ping_status":"closed","sticky":false,"template":"","format":"standard","meta":{"footnotes":""},"categories":[82,163],"tags":[],"yoast_head":"<!-- This site is optimized with the Yoast SEO plugin v22.5 - https:\/\/yoast.com\/wordpress\/plugins\/seo\/ -->\n<title>Gu\u00e1rico | Inicia cosecha de cebolla en Fundo \u201cLara Pinta\u201d para lograr 40 millones de kilogramos destinados al pueblo - MPPPST<\/title>\n<meta name=\"robots\" content=\"index, follow, max-snippet:-1, max-image-preview:large, max-video-preview:-1\" \/>\n<link rel=\"canonical\" href=\"https:\/\/www.mpppst.gob.ve\/mpppstweb\/index.php\/2021\/04\/22\/guarico-inicia-cosecha-de-cebolla-en-fundo-lara-pinta-para-lograr-40-millones-de-kilogramos-destinados-al-pueblo\/\" \/>\n<meta property=\"og:locale\" content=\"es_ES\" \/>\n<meta property=\"og:type\" content=\"article\" \/>\n<meta property=\"og:title\" content=\"Gu\u00e1rico | Inicia cosecha de cebolla en Fundo \u201cLara Pinta\u201d para lograr 40 millones de kilogramos destinados al pueblo - MPPPST\" \/>\n<meta property=\"og:description\" content=\"En Fundo \u201cLara Pinta\u201d, ubicado en la parroquia El Sombrero del municipio Juli\u00e1n Mellado, estado Gu\u00e1rico, &hellip; Gu\u00e1rico | Inicia cosecha de cebolla en Fundo \u201cLara Pinta\u201d para lograr 40 millones de kilogramos destinados al puebloRead more\" \/>\n<meta property=\"og:url\" content=\"https:\/\/www.mpppst.gob.ve\/mpppstweb\/index.php\/2021\/04\/22\/guarico-inicia-cosecha-de-cebolla-en-fundo-lara-pinta-para-lograr-40-millones-de-kilogramos-destinados-al-pueblo\/\" \/>\n<meta property=\"og:site_name\" content=\"MPPPST\" \/>\n<meta property=\"article:published_time\" content=\"2021-04-22T10:48:47+00:00\" \/>\n<meta property=\"article:modified_time\" content=\"2021-04-22T10:48:48+00:00\" \/>\n<meta property=\"og:image\" content=\"https:\/\/www.mpppst.gob.ve\/mpppstweb\/wp-content\/uploads\/2021\/04\/fa57ae55-f630-4870-bfeb-ec23a5643cf5.jpg\" \/>\n\t<meta property=\"og:image:width\" content=\"800\" \/>\n\t<meta property=\"og:image:height\" content=\"445\" \/>\n\t<meta property=\"og:image:type\" content=\"image\/jpeg\" \/>\n<meta name=\"author\" content=\"MPPPST Prensa\" \/>\n<meta name=\"twitter:card\" content=\"summary_large_image\" \/>\n<meta name=\"twitter:label1\" content=\"Escrito por\" \/>\n\t<meta name=\"twitter:data1\" content=\"MPPPST Prensa\" \/>\n\t<meta name=\"twitter:label2\" content=\"Tiempo de lectura\" \/>\n\t<meta name=\"twitter:data2\" content=\"1 minuto\" \/>\n<script type=\"application\/ld+json\" class=\"yoast-schema-graph\">{\"@context\":\"https:\/\/schema.org\",\"@graph\":[{\"@type\":\"Article\",\"@id\":\"https:\/\/www.mpppst.gob.ve\/mpppstweb\/index.php\/2021\/04\/22\/guarico-inicia-cosecha-de-cebolla-en-fundo-lara-pinta-para-lograr-40-millones-de-kilogramos-destinados-al-pueblo\/#article\",\"isPartOf\":{\"@id\":\"https:\/\/www.mpppst.gob.ve\/mpppstweb\/index.php\/2021\/04\/22\/guarico-inicia-cosecha-de-cebolla-en-fundo-lara-pinta-para-lograr-40-millones-de-kilogramos-destinados-al-pueblo\/\"},\"author\":{\"name\":\"MPPPST Prensa\",\"@id\":\"https:\/\/www.mpppst.gob.ve\/mpppstweb\/#\/schema\/person\/fc187ee8ead412bd4c9304b62f900ea4\"},\"headline\":\"Gu\u00e1rico | Inicia cosecha de cebolla en Fundo \u201cLara Pinta\u201d para lograr 40 millones de kilogramos destinados al pueblo\",\"datePublished\":\"2021-04-22T10:48:47+00:00\",\"dateModified\":\"2021-04-22T10:48:48+00:00\",\"mainEntityOfPage\":{\"@id\":\"https:\/\/www.mpppst.gob.ve\/mpppstweb\/index.php\/2021\/04\/22\/guarico-inicia-cosecha-de-cebolla-en-fundo-lara-pinta-para-lograr-40-millones-de-kilogramos-destinados-al-pueblo\/\"},\"wordCount\":185,\"publisher\":{\"@id\":\"https:\/\/www.mpppst.gob.ve\/mpppstweb\/#organization\"},\"image\":{\"@id\":\"https:\/\/www.mpppst.gob.ve\/mpppstweb\/index.php\/2021\/04\/22\/guarico-inicia-cosecha-de-cebolla-en-fundo-lara-pinta-para-lograr-40-millones-de-kilogramos-destinados-al-pueblo\/#primaryimage\"},\"thumbnailUrl\":\"https:\/\/www.mpppst.gob.ve\/mpppstweb\/wp-content\/uploads\/2021\/04\/fa57ae55-f630-4870-bfeb-ec23a5643cf5.jpg\",\"articleSection\":[\"Gobierno Nacional\",\"Noticias\"],\"inLanguage\":\"es\"},{\"@type\":\"WebPage\",\"@id\":\"https:\/\/www.mpppst.gob.ve\/mpppstweb\/index.php\/2021\/04\/22\/guarico-inicia-cosecha-de-cebolla-en-fundo-lara-pinta-para-lograr-40-millones-de-kilogramos-destinados-al-pueblo\/\",\"url\":\"https:\/\/www.mpppst.gob.ve\/mpppstweb\/index.php\/2021\/04\/22\/guarico-inicia-cosecha-de-cebolla-en-fundo-lara-pinta-para-lograr-40-millones-de-kilogramos-destinados-al-pueblo\/\",\"name\":\"Gu\u00e1rico | Inicia cosecha de cebolla en Fundo \u201cLara Pinta\u201d para lograr 40 millones de kilogramos destinados al pueblo - MPPPST\",\"isPartOf\":{\"@id\":\"https:\/\/www.mpppst.gob.ve\/mpppstweb\/#website\"},\"primaryImageOfPage\":{\"@id\":\"https:\/\/www.mpppst.gob.ve\/mpppstweb\/index.php\/2021\/04\/22\/guarico-inicia-cosecha-de-cebolla-en-fundo-lara-pinta-para-lograr-40-millones-de-kilogramos-destinados-al-pueblo\/#primaryimage\"},\"image\":{\"@id\":\"https:\/\/www.mpppst.gob.ve\/mpppstweb\/index.php\/2021\/04\/22\/guarico-inicia-cosecha-de-cebolla-en-fundo-lara-pinta-para-lograr-40-millones-de-kilogramos-destinados-al-pueblo\/#primaryimage\"},\"thumbnailUrl\":\"https:\/\/www.mpppst.gob.ve\/mpppstweb\/wp-content\/uploads\/2021\/04\/fa57ae55-f630-4870-bfeb-ec23a5643cf5.jpg\",\"datePublished\":\"2021-04-22T10:48:47+00:00\",\"dateModified\":\"2021-04-22T10:48:48+00:00\",\"breadcrumb\":{\"@id\":\"https:\/\/www.mpppst.gob.ve\/mpppstweb\/index.php\/2021\/04\/22\/guarico-inicia-cosecha-de-cebolla-en-fundo-lara-pinta-para-lograr-40-millones-de-kilogramos-destinados-al-pueblo\/#breadcrumb\"},\"inLanguage\":\"es\",\"potentialAction\":[{\"@type\":\"ReadAction\",\"target\":[\"https:\/\/www.mpppst.gob.ve\/mpppstweb\/index.php\/2021\/04\/22\/guarico-inicia-cosecha-de-cebolla-en-fundo-lara-pinta-para-lograr-40-millones-de-kilogramos-destinados-al-pueblo\/\"]}]},{\"@type\":\"ImageObject\",\"inLanguage\":\"es\",\"@id\":\"https:\/\/www.mpppst.gob.ve\/mpppstweb\/index.php\/2021\/04\/22\/guarico-inicia-cosecha-de-cebolla-en-fundo-lara-pinta-para-lograr-40-millones-de-kilogramos-destinados-al-pueblo\/#primaryimage\",\"url\":\"https:\/\/www.mpppst.gob.ve\/mpppstweb\/wp-content\/uploads\/2021\/04\/fa57ae55-f630-4870-bfeb-ec23a5643cf5.jpg\",\"contentUrl\":\"https:\/\/www.mpppst.gob.ve\/mpppstweb\/wp-content\/uploads\/2021\/04\/fa57ae55-f630-4870-bfeb-ec23a5643cf5.jpg\",\"width\":800,\"height\":445},{\"@type\":\"BreadcrumbList\",\"@id\":\"https:\/\/www.mpppst.gob.ve\/mpppstweb\/index.php\/2021\/04\/22\/guarico-inicia-cosecha-de-cebolla-en-fundo-lara-pinta-para-lograr-40-millones-de-kilogramos-destinados-al-pueblo\/#breadcrumb\",\"itemListElement\":[{\"@type\":\"ListItem\",\"position\":1,\"name\":\"Home\",\"item\":\"https:\/\/www.mpppst.gob.ve\/mpppstweb\/\"},{\"@type\":\"ListItem\",\"position\":2,\"name\":\"Gu\u00e1rico | Inicia cosecha de cebolla en Fundo \u201cLara Pinta\u201d para lograr 40 millones de kilogramos destinados al pueblo\"}]},{\"@type\":\"WebSite\",\"@id\":\"https:\/\/www.mpppst.gob.ve\/mpppstweb\/#website\",\"url\":\"https:\/\/www.mpppst.gob.ve\/mpppstweb\/\",\"name\":\"MPPPST\",\"description\":\"Ministerio del Poder Popular para el Proceso Social de Trabajo\",\"publisher\":{\"@id\":\"https:\/\/www.mpppst.gob.ve\/mpppstweb\/#organization\"},\"potentialAction\":[{\"@type\":\"SearchAction\",\"target\":{\"@type\":\"EntryPoint\",\"urlTemplate\":\"https:\/\/www.mpppst.gob.ve\/mpppstweb\/?s={search_term_string}\"},\"query-input\":\"required name=search_term_string\"}],\"inLanguage\":\"es\"},{\"@type\":\"Organization\",\"@id\":\"https:\/\/www.mpppst.gob.ve\/mpppstweb\/#organization\",\"name\":\"mpppst\",\"url\":\"https:\/\/www.mpppst.gob.ve\/mpppstweb\/\",\"logo\":{\"@type\":\"ImageObject\",\"inLanguage\":\"es\",\"@id\":\"https:\/\/www.mpppst.gob.ve\/mpppstweb\/#\/schema\/logo\/image\/\",\"url\":\"https:\/\/www.mpppst.gob.ve\/mpppstweb\/wp-content\/uploads\/2025\/07\/cropped-cropped-g910.png\",\"contentUrl\":\"https:\/\/www.mpppst.gob.ve\/mpppstweb\/wp-content\/uploads\/2025\/07\/cropped-cropped-g910.png\",\"width\":1080,\"height\":241,\"caption\":\"mpppst\"},\"image\":{\"@id\":\"https:\/\/www.mpppst.gob.ve\/mpppstweb\/#\/schema\/logo\/image\/\"}},{\"@type\":\"Person\",\"@id\":\"https:\/\/www.mpppst.gob.ve\/mpppstweb\/#\/schema\/person\/fc187ee8ead412bd4c9304b62f900ea4\",\"name\":\"MPPPST Prensa\",\"url\":\"https:\/\/www.mpppst.gob.ve\/mpppstweb\/index.php\/author\/prensa-mpppst\/\"}]}<\/script>\n<!-- \/ Yoast SEO plugin. -->","yoast_head_json":{"title":"Gu\u00e1rico | Inicia cosecha de cebolla en Fundo \u201cLara Pinta\u201d para lograr 40 millones de kilogramos destinados al pueblo - MPPPST","robots":{"index":"index","follow":"follow","max-snippet":"max-snippet:-1","max-image-preview":"max-image-preview:large","max-video-preview":"max-video-preview:-1"},"canonical":"https:\/\/www.mpppst.gob.ve\/mpppstweb\/index.php\/2021\/04\/22\/guarico-inicia-cosecha-de-cebolla-en-fundo-lara-pinta-para-lograr-40-millones-de-kilogramos-destinados-al-pueblo\/","og_locale":"es_ES","og_type":"article","og_title":"Gu\u00e1rico | Inicia cosecha de cebolla en Fundo \u201cLara Pinta\u201d para lograr 40 millones de kilogramos destinados al pueblo - MPPPST","og_description":"En Fundo \u201cLara Pinta\u201d, ubicado en la parroquia El Sombrero del municipio Juli\u00e1n Mellado, estado Gu\u00e1rico, &hellip; Gu\u00e1rico | Inicia cosecha de cebolla en Fundo \u201cLara Pinta\u201d para lograr 40 millones de kilogramos destinados al puebloRead more","og_url":"https:\/\/www.mpppst.gob.ve\/mpppstweb\/index.php\/2021\/04\/22\/guarico-inicia-cosecha-de-cebolla-en-fundo-lara-pinta-para-lograr-40-millones-de-kilogramos-destinados-al-pueblo\/","og_site_name":"MPPPST","article_published_time":"2021-04-22T10:48:47+00:00","article_modified_time":"2021-04-22T10:48:48+00:00","og_image":[{"width":800,"height":445,"url":"https:\/\/www.mpppst.gob.ve\/mpppstweb\/wp-content\/uploads\/2021\/04\/fa57ae55-f630-4870-bfeb-ec23a5643cf5.jpg","type":"image\/jpeg"}],"author":"MPPPST Prensa","twitter_card":"summary_large_image","twitter_misc":{"Escrito por":"MPPPST Prensa","Tiempo de lectura":"1 minuto"},"schema":{"@context":"https:\/\/schema.org","@graph":[{"@type":"Article","@id":"https:\/\/www.mpppst.gob.ve\/mpppstweb\/index.php\/2021\/04\/22\/guarico-inicia-cosecha-de-cebolla-en-fundo-lara-pinta-para-lograr-40-millones-de-kilogramos-destinados-al-pueblo\/#article","isPartOf":{"@id":"https:\/\/www.mpppst.gob.ve\/mpppstweb\/index.php\/2021\/04\/22\/guarico-inicia-cosecha-de-cebolla-en-fundo-lara-pinta-para-lograr-40-millones-de-kilogramos-destinados-al-pueblo\/"},"author":{"name":"MPPPST Prensa","@id":"https:\/\/www.mpppst.gob.ve\/mpppstweb\/#\/schema\/person\/fc187ee8ead412bd4c9304b62f900ea4"},"headline":"Gu\u00e1rico | Inicia cosecha de cebolla en Fundo \u201cLara Pinta\u201d para lograr 40 millones de kilogramos destinados al pueblo","datePublished":"2021-04-22T10:48:47+00:00","dateModified":"2021-04-22T10:48:48+00:00","mainEntityOfPage":{"@id":"https:\/\/www.mpppst.gob.ve\/mpppstweb\/index.php\/2021\/04\/22\/guarico-inicia-cosecha-de-cebolla-en-fundo-lara-pinta-para-lograr-40-millones-de-kilogramos-destinados-al-pueblo\/"},"wordCount":185,"publisher":{"@id":"https:\/\/www.mpppst.gob.ve\/mpppstweb\/#organization"},"image":{"@id":"https:\/\/www.mpppst.gob.ve\/mpppstweb\/index.php\/2021\/04\/22\/guarico-inicia-cosecha-de-cebolla-en-fundo-lara-pinta-para-lograr-40-millones-de-kilogramos-destinados-al-pueblo\/#primaryimage"},"thumbnailUrl":"https:\/\/www.mpppst.gob.ve\/mpppstweb\/wp-content\/uploads\/2021\/04\/fa57ae55-f630-4870-bfeb-ec23a5643cf5.jpg","articleSection":["Gobierno Nacional","Noticias"],"inLanguage":"es"},{"@type":"WebPage","@id":"https:\/\/www.mpppst.gob.ve\/mpppstweb\/index.php\/2021\/04\/22\/guarico-inicia-cosecha-de-cebolla-en-fundo-lara-pinta-para-lograr-40-millones-de-kilogramos-destinados-al-pueblo\/","url":"https:\/\/www.mpppst.gob.ve\/mpppstweb\/index.php\/2021\/04\/22\/guarico-inicia-cosecha-de-cebolla-en-fundo-lara-pinta-para-lograr-40-millones-de-kilogramos-destinados-al-pueblo\/","name":"Gu\u00e1rico | Inicia cosecha de cebolla en Fundo \u201cLara Pinta\u201d para lograr 40 millones de kilogramos destinados al pueblo - MPPPST","isPartOf":{"@id":"https:\/\/www.mpppst.gob.ve\/mpppstweb\/#website"},"primaryImageOfPage":{"@id":"https:\/\/www.mpppst.gob.ve\/mpppstweb\/index.php\/2021\/04\/22\/guarico-inicia-cosecha-de-cebolla-en-fundo-lara-pinta-para-lograr-40-millones-de-kilogramos-destinados-al-pueblo\/#primaryimage"},"image":{"@id":"https:\/\/www.mpppst.gob.ve\/mpppstweb\/index.php\/2021\/04\/22\/guarico-inicia-cosecha-de-cebolla-en-fundo-lara-pinta-para-lograr-40-millones-de-kilogramos-destinados-al-pueblo\/#primaryimage"},"thumbnailUrl":"https:\/\/www.mpppst.gob.ve\/mpppstweb\/wp-content\/uploads\/2021\/04\/fa57ae55-f630-4870-bfeb-ec23a5643cf5.jpg","datePublished":"2021-04-22T10:48:47+00:00","dateModified":"2021-04-22T10:48:48+00:00","breadcrumb":{"@id":"https:\/\/www.mpppst.gob.ve\/mpppstweb\/index.php\/2021\/04\/22\/guarico-inicia-cosecha-de-cebolla-en-fundo-lara-pinta-para-lograr-40-millones-de-kilogramos-destinados-al-pueblo\/#breadcrumb"},"inLanguage":"es","potentialAction":[{"@type":"ReadAction","target":["https:\/\/www.mpppst.gob.ve\/mpppstweb\/index.php\/2021\/04\/22\/guarico-inicia-cosecha-de-cebolla-en-fundo-lara-pinta-para-lograr-40-millones-de-kilogramos-destinados-al-pueblo\/"]}]},{"@type":"ImageObject","inLanguage":"es","@id":"https:\/\/www.mpppst.gob.ve\/mpppstweb\/index.php\/2021\/04\/22\/guarico-inicia-cosecha-de-cebolla-en-fundo-lara-pinta-para-lograr-40-millones-de-kilogramos-destinados-al-pueblo\/#primaryimage","url":"https:\/\/www.mpppst.gob.ve\/mpppstweb\/wp-content\/uploads\/2021\/04\/fa57ae55-f630-4870-bfeb-ec23a5643cf5.jpg","contentUrl":"https:\/\/www.mpppst.gob.ve\/mpppstweb\/wp-content\/uploads\/2021\/04\/fa57ae55-f630-4870-bfeb-ec23a5643cf5.jpg","width":800,"height":445},{"@type":"BreadcrumbList","@id":"https:\/\/www.mpppst.gob.ve\/mpppstweb\/index.php\/2021\/04\/22\/guarico-inicia-cosecha-de-cebolla-en-fundo-lara-pinta-para-lograr-40-millones-de-kilogramos-destinados-al-pueblo\/#breadcrumb","itemListElement":[{"@type":"ListItem","position":1,"name":"Home","item":"https:\/\/www.mpppst.gob.ve\/mpppstweb\/"},{"@type":"ListItem","position":2,"name":"Gu\u00e1rico | Inicia cosecha de cebolla en Fundo \u201cLara Pinta\u201d para lograr 40 millones de kilogramos destinados al pueblo"}]},{"@type":"WebSite","@id":"https:\/\/www.mpppst.gob.ve\/mpppstweb\/#website","url":"https:\/\/www.mpppst.gob.ve\/mpppstweb\/","name":"MPPPST","description":"Ministerio del Poder Popular para el Proceso Social de Trabajo","publisher":{"@id":"https:\/\/www.mpppst.gob.ve\/mpppstweb\/#organization"},"potentialAction":[{"@type":"SearchAction","target":{"@type":"EntryPoint","urlTemplate":"https:\/\/www.mpppst.gob.ve\/mpppstweb\/?s={search_term_string}"},"query-input":"required name=search_term_string"}],"inLanguage":"es"},{"@type":"Organization","@id":"https:\/\/www.mpppst.gob.ve\/mpppstweb\/#organization","name":"mpppst","url":"https:\/\/www.mpppst.gob.ve\/mpppstweb\/","logo":{"@type":"ImageObject","inLanguage":"es","@id":"https:\/\/www.mpppst.gob.ve\/mpppstweb\/#\/schema\/logo\/image\/","url":"https:\/\/www.mpppst.gob.ve\/mpppstweb\/wp-content\/uploads\/2025\/07\/cropped-cropped-g910.png","contentUrl":"https:\/\/www.mpppst.gob.ve\/mpppstweb\/wp-content\/uploads\/2025\/07\/cropped-cropped-g910.png","width":1080,"height":241,"caption":"mpppst"},"image":{"@id":"https:\/\/www.mpppst.gob.ve\/mpppstweb\/#\/schema\/logo\/image\/"}},{"@type":"Person","@id":"https:\/\/www.mpppst.gob.ve\/mpppstweb\/#\/schema\/person\/fc187ee8ead412bd4c9304b62f900ea4","name":"MPPPST Prensa","url":"https:\/\/www.mpppst.gob.ve\/mpppstweb\/index.php\/author\/prensa-mpppst\/"}]}},"_links":{"self":[{"href":"https:\/\/www.mpppst.gob.ve\/mpppstweb\/index.php\/wp-json\/wp\/v2\/posts\/22156"}],"collection":[{"href":"https:\/\/www.mpppst.gob.ve\/mpppstweb\/index.php\/wp-json\/wp\/v2\/posts"}],"about":[{"href":"https:\/\/www.mpppst.gob.ve\/mpppstweb\/index.php\/wp-json\/wp\/v2\/types\/post"}],"author":[{"embeddable":true,"href":"https:\/\/www.mpppst.gob.ve\/mpppstweb\/index.php\/wp-json\/wp\/v2\/users\/25"}],"replies":[{"embeddable":true,"href":"https:\/\/www.mpppst.gob.ve\/mpppstweb\/index.php\/wp-json\/wp\/v2\/comments?post=22156"}],"version-history":[{"count":1,"href":"https:\/\/www.mpppst.gob.ve\/mpppstweb\/index.php\/wp-json\/wp\/v2\/posts\/22156\/revisions"}],"predecessor-version":[{"id":22158,"href":"https:\/\/www.mpppst.gob.ve\/mpppstweb\/index.php\/wp-json\/wp\/v2\/posts\/22156\/revisions\/22158"}],"wp:featuredmedia":[{"embeddable":true,"href":"https:\/\/www.mpppst.gob.ve\/mpppstweb\/index.php\/wp-json\/wp\/v2\/media\/22157"}],"wp:attachment":[{"href":"https:\/\/www.mpppst.gob.ve\/mpppstweb\/index.php\/wp-json\/wp\/v2\/media?parent=22156"}],"wp:term":[{"taxonomy":"category","embeddable":true,"href":"https:\/\/www.mpppst.gob.ve\/mpppstweb\/index.php\/wp-json\/wp\/v2\/categories?post=22156"},{"taxonomy":"post_tag","embeddable":true,"href":"https:\/\/www.mpppst.gob.ve\/mpppstweb\/index.php\/wp-json\/wp\/v2\/tags?post=22156"}],"curies":[{"name":"wp","href":"https:\/\/api.w.org\/{rel}","templated":true}]}}