{"id":22162,"date":"2021-04-23T07:04:31","date_gmt":"2021-04-23T11:04:31","guid":{"rendered":"http:\/\/www.mpppst.gob.ve\/mpppstweb\/?p=22162"},"modified":"2021-04-23T07:04:32","modified_gmt":"2021-04-23T11:04:32","slug":"josue-alejandro-lorca-vega-es-designado-como-nuevo-ministro-del-poder-popular-para-el-ecosocialismo","status":"publish","type":"post","link":"https:\/\/www.mpppst.gob.ve\/mpppstweb\/index.php\/2021\/04\/23\/josue-alejandro-lorca-vega-es-designado-como-nuevo-ministro-del-poder-popular-para-el-ecosocialismo\/","title":{"rendered":"Josu\u00e9 Alejandro Lorca Vega es designado como nuevo Ministro del Poder Popular para el Ecosocialismo"},"content":{"rendered":"\n<p>El presidente de la Rep\u00fablica Bolivariana de Venezuela, Nicol\u00e1s Maduro, design\u00f3 este jueves 22 de abril a Josu\u00e9 Alejandro Lorca Vega como nuevo ministro del Poder Popular para el Ecosocialismo.<\/p>\n\n\n\n<p>El anuncio lo realiz\u00f3 en su cuenta en la red social Twitter, all\u00ed detall\u00f3 que Lorca Vega continuar\u00e1 la responsable tarea eco-socialista llevada a cabo por el l\u00edder ambientalista Oswaldo Barbera, en la protecci\u00f3n de la Pachamama.<\/p>\n\n\n\n<p>El licenciado Josu\u00e9 Alejandro Lorca Vega, es egresado de la primera promoci\u00f3n de la Universidad Bolivariana de Venezuela, en el Programa de Formaci\u00f3n de grado, Gesti\u00f3n Ambiental, se desempe\u00f1aba desde el a\u00f1o 2018 como viceministro de Gesti\u00f3n Ecosocialista del Ambiente y presidente de Inparques.<\/p>\n\n\n\n<p>Asimismo en el a\u00f1o 2010 fue director general de la Oficina estrat\u00e9gica de seguimiento y evaluaci\u00f3n de Pol\u00edticas P\u00fablicas del despacho del Ministerio del Poder Popular para la Educaci\u00f3n y en 2011 fue nombrado como coordinador de la Oficina estrat\u00e9gica de seguimiento y evaluaci\u00f3n de Pol\u00edticas P\u00fablicas del despacho.<\/p>\n\n\n\n<p>Lorca Vega tambi\u00e9n se desempe\u00f1\u00f3 &nbsp;en 2017 como miembro suplente de la Fundaci\u00f3n Robert Serra.<\/p>\n\n\n\n<blockquote class=\"wp-block-quote\"><p>Designo como Ministro del Poder Popular para el Ecosocialismo, al Licenciado Josu\u00e9 Alejandro Lorca Vega. \u00c9l tiene la enorme responsabilidad de continuar con la excelente labor que desempe\u00f1\u00f3 nuestro compa\u00f1ero Oswaldo Barbera, en materia ambiental y de protecci\u00f3n de la Pachamama. <a href=\"https:\/\/t.co\/A6CvKgdjNC\">pic.twitter.com\/A6CvKgdjNC<\/a><\/p><p>\u2014 Nicol\u00e1s Maduro (@NicolasMaduro) <a href=\"https:\/\/twitter.com\/NicolasMaduro\/status\/1385267978040717315?ref_src=twsrc%5Etfw\">April 22, 2021<\/a><\/p><\/blockquote>\n\n\n\n<p><\/p>\n","protected":false},"excerpt":{"rendered":"<p>El presidente de la Rep\u00fablica Bolivariana de Venezuela, Nicol\u00e1s Maduro, design\u00f3 este jueves 22 de abril &hellip; <a title=\"Josu\u00e9 Alejandro Lorca Vega es designado como nuevo Ministro del Poder Popular para el Ecosocialismo\" class=\"hm-read-more\" href=\"https:\/\/www.mpppst.gob.ve\/mpppstweb\/index.php\/2021\/04\/23\/josue-alejandro-lorca-vega-es-designado-como-nuevo-ministro-del-poder-popular-para-el-ecosocialismo\/\"><span class=\"screen-reader-text\">Josu\u00e9 Alejandro Lorca Vega es designado como nuevo Ministro del Poder Popular para el Ecosocialismo<\/span>Read more<\/a><\/p>\n","protected":false},"author":25,"featured_media":22163,"comment_status":"closed","ping_status":"closed","sticky":false,"template":"","format":"standard","meta":{"footnotes":""},"categories":[82,163],"tags":[],"yoast_head":"<!-- This site is optimized with the Yoast SEO plugin v22.5 - https:\/\/yoast.com\/wordpress\/plugins\/seo\/ -->\n<title>Josu\u00e9 Alejandro Lorca Vega es designado como nuevo Ministro del Poder Popular para el Ecosocialismo - MPPPST<\/title>\n<meta name=\"robots\" content=\"index, follow, max-snippet:-1, max-image-preview:large, max-video-preview:-1\" \/>\n<link rel=\"canonical\" href=\"https:\/\/www.mpppst.gob.ve\/mpppstweb\/index.php\/2021\/04\/23\/josue-alejandro-lorca-vega-es-designado-como-nuevo-ministro-del-poder-popular-para-el-ecosocialismo\/\" \/>\n<meta property=\"og:locale\" content=\"es_ES\" \/>\n<meta property=\"og:type\" content=\"article\" \/>\n<meta property=\"og:title\" content=\"Josu\u00e9 Alejandro Lorca Vega es designado como nuevo Ministro del Poder Popular para el Ecosocialismo - MPPPST\" \/>\n<meta property=\"og:description\" content=\"El presidente de la Rep\u00fablica Bolivariana de Venezuela, Nicol\u00e1s Maduro, design\u00f3 este jueves 22 de abril &hellip; Josu\u00e9 Alejandro Lorca Vega es designado como nuevo Ministro del Poder Popular para el EcosocialismoRead more\" \/>\n<meta property=\"og:url\" content=\"https:\/\/www.mpppst.gob.ve\/mpppstweb\/index.php\/2021\/04\/23\/josue-alejandro-lorca-vega-es-designado-como-nuevo-ministro-del-poder-popular-para-el-ecosocialismo\/\" \/>\n<meta property=\"og:site_name\" content=\"MPPPST\" \/>\n<meta property=\"article:published_time\" content=\"2021-04-23T11:04:31+00:00\" \/>\n<meta property=\"article:modified_time\" content=\"2021-04-23T11:04:32+00:00\" \/>\n<meta property=\"og:image\" content=\"https:\/\/www.mpppst.gob.ve\/mpppstweb\/wp-content\/uploads\/2021\/04\/josue-alejandro-lorca-vega-designado-ministro-poder-popular-ecosocialismo.jpg\" \/>\n\t<meta property=\"og:image:width\" content=\"800\" \/>\n\t<meta property=\"og:image:height\" content=\"445\" \/>\n\t<meta property=\"og:image:type\" content=\"image\/jpeg\" \/>\n<meta name=\"author\" content=\"MPPPST Prensa\" \/>\n<meta name=\"twitter:card\" content=\"summary_large_image\" \/>\n<meta name=\"twitter:label1\" content=\"Escrito por\" \/>\n\t<meta name=\"twitter:data1\" content=\"MPPPST Prensa\" \/>\n\t<meta name=\"twitter:label2\" content=\"Tiempo de lectura\" \/>\n\t<meta name=\"twitter:data2\" content=\"1 minuto\" \/>\n<script type=\"application\/ld+json\" class=\"yoast-schema-graph\">{\"@context\":\"https:\/\/schema.org\",\"@graph\":[{\"@type\":\"Article\",\"@id\":\"https:\/\/www.mpppst.gob.ve\/mpppstweb\/index.php\/2021\/04\/23\/josue-alejandro-lorca-vega-es-designado-como-nuevo-ministro-del-poder-popular-para-el-ecosocialismo\/#article\",\"isPartOf\":{\"@id\":\"https:\/\/www.mpppst.gob.ve\/mpppstweb\/index.php\/2021\/04\/23\/josue-alejandro-lorca-vega-es-designado-como-nuevo-ministro-del-poder-popular-para-el-ecosocialismo\/\"},\"author\":{\"name\":\"MPPPST Prensa\",\"@id\":\"https:\/\/www.mpppst.gob.ve\/mpppstweb\/#\/schema\/person\/fc187ee8ead412bd4c9304b62f900ea4\"},\"headline\":\"Josu\u00e9 Alejandro Lorca Vega es designado como nuevo Ministro del Poder Popular para el Ecosocialismo\",\"datePublished\":\"2021-04-23T11:04:31+00:00\",\"dateModified\":\"2021-04-23T11:04:32+00:00\",\"mainEntityOfPage\":{\"@id\":\"https:\/\/www.mpppst.gob.ve\/mpppstweb\/index.php\/2021\/04\/23\/josue-alejandro-lorca-vega-es-designado-como-nuevo-ministro-del-poder-popular-para-el-ecosocialismo\/\"},\"wordCount\":261,\"publisher\":{\"@id\":\"https:\/\/www.mpppst.gob.ve\/mpppstweb\/#organization\"},\"image\":{\"@id\":\"https:\/\/www.mpppst.gob.ve\/mpppstweb\/index.php\/2021\/04\/23\/josue-alejandro-lorca-vega-es-designado-como-nuevo-ministro-del-poder-popular-para-el-ecosocialismo\/#primaryimage\"},\"thumbnailUrl\":\"https:\/\/www.mpppst.gob.ve\/mpppstweb\/wp-content\/uploads\/2021\/04\/josue-alejandro-lorca-vega-designado-ministro-poder-popular-ecosocialismo.jpg\",\"articleSection\":[\"Gobierno Nacional\",\"Noticias\"],\"inLanguage\":\"es\"},{\"@type\":\"WebPage\",\"@id\":\"https:\/\/www.mpppst.gob.ve\/mpppstweb\/index.php\/2021\/04\/23\/josue-alejandro-lorca-vega-es-designado-como-nuevo-ministro-del-poder-popular-para-el-ecosocialismo\/\",\"url\":\"https:\/\/www.mpppst.gob.ve\/mpppstweb\/index.php\/2021\/04\/23\/josue-alejandro-lorca-vega-es-designado-como-nuevo-ministro-del-poder-popular-para-el-ecosocialismo\/\",\"name\":\"Josu\u00e9 Alejandro Lorca Vega es designado como nuevo Ministro del Poder Popular para el Ecosocialismo - MPPPST\",\"isPartOf\":{\"@id\":\"https:\/\/www.mpppst.gob.ve\/mpppstweb\/#website\"},\"primaryImageOfPage\":{\"@id\":\"https:\/\/www.mpppst.gob.ve\/mpppstweb\/index.php\/2021\/04\/23\/josue-alejandro-lorca-vega-es-designado-como-nuevo-ministro-del-poder-popular-para-el-ecosocialismo\/#primaryimage\"},\"image\":{\"@id\":\"https:\/\/www.mpppst.gob.ve\/mpppstweb\/index.php\/2021\/04\/23\/josue-alejandro-lorca-vega-es-designado-como-nuevo-ministro-del-poder-popular-para-el-ecosocialismo\/#primaryimage\"},\"thumbnailUrl\":\"https:\/\/www.mpppst.gob.ve\/mpppstweb\/wp-content\/uploads\/2021\/04\/josue-alejandro-lorca-vega-designado-ministro-poder-popular-ecosocialismo.jpg\",\"datePublished\":\"2021-04-23T11:04:31+00:00\",\"dateModified\":\"2021-04-23T11:04:32+00:00\",\"breadcrumb\":{\"@id\":\"https:\/\/www.mpppst.gob.ve\/mpppstweb\/index.php\/2021\/04\/23\/josue-alejandro-lorca-vega-es-designado-como-nuevo-ministro-del-poder-popular-para-el-ecosocialismo\/#breadcrumb\"},\"inLanguage\":\"es\",\"potentialAction\":[{\"@type\":\"ReadAction\",\"target\":[\"https:\/\/www.mpppst.gob.ve\/mpppstweb\/index.php\/2021\/04\/23\/josue-alejandro-lorca-vega-es-designado-como-nuevo-ministro-del-poder-popular-para-el-ecosocialismo\/\"]}]},{\"@type\":\"ImageObject\",\"inLanguage\":\"es\",\"@id\":\"https:\/\/www.mpppst.gob.ve\/mpppstweb\/index.php\/2021\/04\/23\/josue-alejandro-lorca-vega-es-designado-como-nuevo-ministro-del-poder-popular-para-el-ecosocialismo\/#primaryimage\",\"url\":\"https:\/\/www.mpppst.gob.ve\/mpppstweb\/wp-content\/uploads\/2021\/04\/josue-alejandro-lorca-vega-designado-ministro-poder-popular-ecosocialismo.jpg\",\"contentUrl\":\"https:\/\/www.mpppst.gob.ve\/mpppstweb\/wp-content\/uploads\/2021\/04\/josue-alejandro-lorca-vega-designado-ministro-poder-popular-ecosocialismo.jpg\",\"width\":800,\"height\":445},{\"@type\":\"BreadcrumbList\",\"@id\":\"https:\/\/www.mpppst.gob.ve\/mpppstweb\/index.php\/2021\/04\/23\/josue-alejandro-lorca-vega-es-designado-como-nuevo-ministro-del-poder-popular-para-el-ecosocialismo\/#breadcrumb\",\"itemListElement\":[{\"@type\":\"ListItem\",\"position\":1,\"name\":\"Home\",\"item\":\"https:\/\/www.mpppst.gob.ve\/mpppstweb\/\"},{\"@type\":\"ListItem\",\"position\":2,\"name\":\"Josu\u00e9 Alejandro Lorca Vega es designado como nuevo Ministro del Poder Popular para el Ecosocialismo\"}]},{\"@type\":\"WebSite\",\"@id\":\"https:\/\/www.mpppst.gob.ve\/mpppstweb\/#website\",\"url\":\"https:\/\/www.mpppst.gob.ve\/mpppstweb\/\",\"name\":\"MPPPST\",\"description\":\"Ministerio del Poder Popular para el Proceso Social de Trabajo\",\"publisher\":{\"@id\":\"https:\/\/www.mpppst.gob.ve\/mpppstweb\/#organization\"},\"potentialAction\":[{\"@type\":\"SearchAction\",\"target\":{\"@type\":\"EntryPoint\",\"urlTemplate\":\"https:\/\/www.mpppst.gob.ve\/mpppstweb\/?s={search_term_string}\"},\"query-input\":\"required name=search_term_string\"}],\"inLanguage\":\"es\"},{\"@type\":\"Organization\",\"@id\":\"https:\/\/www.mpppst.gob.ve\/mpppstweb\/#organization\",\"name\":\"mpppst\",\"url\":\"https:\/\/www.mpppst.gob.ve\/mpppstweb\/\",\"logo\":{\"@type\":\"ImageObject\",\"inLanguage\":\"es\",\"@id\":\"https:\/\/www.mpppst.gob.ve\/mpppstweb\/#\/schema\/logo\/image\/\",\"url\":\"https:\/\/www.mpppst.gob.ve\/mpppstweb\/wp-content\/uploads\/2025\/07\/cropped-cropped-g910.png\",\"contentUrl\":\"https:\/\/www.mpppst.gob.ve\/mpppstweb\/wp-content\/uploads\/2025\/07\/cropped-cropped-g910.png\",\"width\":1080,\"height\":241,\"caption\":\"mpppst\"},\"image\":{\"@id\":\"https:\/\/www.mpppst.gob.ve\/mpppstweb\/#\/schema\/logo\/image\/\"}},{\"@type\":\"Person\",\"@id\":\"https:\/\/www.mpppst.gob.ve\/mpppstweb\/#\/schema\/person\/fc187ee8ead412bd4c9304b62f900ea4\",\"name\":\"MPPPST Prensa\",\"url\":\"https:\/\/www.mpppst.gob.ve\/mpppstweb\/index.php\/author\/prensa-mpppst\/\"}]}<\/script>\n<!-- \/ Yoast SEO plugin. -->","yoast_head_json":{"title":"Josu\u00e9 Alejandro Lorca Vega es designado como nuevo Ministro del Poder Popular para el Ecosocialismo - MPPPST","robots":{"index":"index","follow":"follow","max-snippet":"max-snippet:-1","max-image-preview":"max-image-preview:large","max-video-preview":"max-video-preview:-1"},"canonical":"https:\/\/www.mpppst.gob.ve\/mpppstweb\/index.php\/2021\/04\/23\/josue-alejandro-lorca-vega-es-designado-como-nuevo-ministro-del-poder-popular-para-el-ecosocialismo\/","og_locale":"es_ES","og_type":"article","og_title":"Josu\u00e9 Alejandro Lorca Vega es designado como nuevo Ministro del Poder Popular para el Ecosocialismo - MPPPST","og_description":"El presidente de la Rep\u00fablica Bolivariana de Venezuela, Nicol\u00e1s Maduro, design\u00f3 este jueves 22 de abril &hellip; Josu\u00e9 Alejandro Lorca Vega es designado como nuevo Ministro del Poder Popular para el EcosocialismoRead more","og_url":"https:\/\/www.mpppst.gob.ve\/mpppstweb\/index.php\/2021\/04\/23\/josue-alejandro-lorca-vega-es-designado-como-nuevo-ministro-del-poder-popular-para-el-ecosocialismo\/","og_site_name":"MPPPST","article_published_time":"2021-04-23T11:04:31+00:00","article_modified_time":"2021-04-23T11:04:32+00:00","og_image":[{"width":800,"height":445,"url":"https:\/\/www.mpppst.gob.ve\/mpppstweb\/wp-content\/uploads\/2021\/04\/josue-alejandro-lorca-vega-designado-ministro-poder-popular-ecosocialismo.jpg","type":"image\/jpeg"}],"author":"MPPPST Prensa","twitter_card":"summary_large_image","twitter_misc":{"Escrito por":"MPPPST Prensa","Tiempo de lectura":"1 minuto"},"schema":{"@context":"https:\/\/schema.org","@graph":[{"@type":"Article","@id":"https:\/\/www.mpppst.gob.ve\/mpppstweb\/index.php\/2021\/04\/23\/josue-alejandro-lorca-vega-es-designado-como-nuevo-ministro-del-poder-popular-para-el-ecosocialismo\/#article","isPartOf":{"@id":"https:\/\/www.mpppst.gob.ve\/mpppstweb\/index.php\/2021\/04\/23\/josue-alejandro-lorca-vega-es-designado-como-nuevo-ministro-del-poder-popular-para-el-ecosocialismo\/"},"author":{"name":"MPPPST Prensa","@id":"https:\/\/www.mpppst.gob.ve\/mpppstweb\/#\/schema\/person\/fc187ee8ead412bd4c9304b62f900ea4"},"headline":"Josu\u00e9 Alejandro Lorca Vega es designado como nuevo Ministro del Poder Popular para el Ecosocialismo","datePublished":"2021-04-23T11:04:31+00:00","dateModified":"2021-04-23T11:04:32+00:00","mainEntityOfPage":{"@id":"https:\/\/www.mpppst.gob.ve\/mpppstweb\/index.php\/2021\/04\/23\/josue-alejandro-lorca-vega-es-designado-como-nuevo-ministro-del-poder-popular-para-el-ecosocialismo\/"},"wordCount":261,"publisher":{"@id":"https:\/\/www.mpppst.gob.ve\/mpppstweb\/#organization"},"image":{"@id":"https:\/\/www.mpppst.gob.ve\/mpppstweb\/index.php\/2021\/04\/23\/josue-alejandro-lorca-vega-es-designado-como-nuevo-ministro-del-poder-popular-para-el-ecosocialismo\/#primaryimage"},"thumbnailUrl":"https:\/\/www.mpppst.gob.ve\/mpppstweb\/wp-content\/uploads\/2021\/04\/josue-alejandro-lorca-vega-designado-ministro-poder-popular-ecosocialismo.jpg","articleSection":["Gobierno Nacional","Noticias"],"inLanguage":"es"},{"@type":"WebPage","@id":"https:\/\/www.mpppst.gob.ve\/mpppstweb\/index.php\/2021\/04\/23\/josue-alejandro-lorca-vega-es-designado-como-nuevo-ministro-del-poder-popular-para-el-ecosocialismo\/","url":"https:\/\/www.mpppst.gob.ve\/mpppstweb\/index.php\/2021\/04\/23\/josue-alejandro-lorca-vega-es-designado-como-nuevo-ministro-del-poder-popular-para-el-ecosocialismo\/","name":"Josu\u00e9 Alejandro Lorca Vega es designado como nuevo Ministro del Poder Popular para el Ecosocialismo - MPPPST","isPartOf":{"@id":"https:\/\/www.mpppst.gob.ve\/mpppstweb\/#website"},"primaryImageOfPage":{"@id":"https:\/\/www.mpppst.gob.ve\/mpppstweb\/index.php\/2021\/04\/23\/josue-alejandro-lorca-vega-es-designado-como-nuevo-ministro-del-poder-popular-para-el-ecosocialismo\/#primaryimage"},"image":{"@id":"https:\/\/www.mpppst.gob.ve\/mpppstweb\/index.php\/2021\/04\/23\/josue-alejandro-lorca-vega-es-designado-como-nuevo-ministro-del-poder-popular-para-el-ecosocialismo\/#primaryimage"},"thumbnailUrl":"https:\/\/www.mpppst.gob.ve\/mpppstweb\/wp-content\/uploads\/2021\/04\/josue-alejandro-lorca-vega-designado-ministro-poder-popular-ecosocialismo.jpg","datePublished":"2021-04-23T11:04:31+00:00","dateModified":"2021-04-23T11:04:32+00:00","breadcrumb":{"@id":"https:\/\/www.mpppst.gob.ve\/mpppstweb\/index.php\/2021\/04\/23\/josue-alejandro-lorca-vega-es-designado-como-nuevo-ministro-del-poder-popular-para-el-ecosocialismo\/#breadcrumb"},"inLanguage":"es","potentialAction":[{"@type":"ReadAction","target":["https:\/\/www.mpppst.gob.ve\/mpppstweb\/index.php\/2021\/04\/23\/josue-alejandro-lorca-vega-es-designado-como-nuevo-ministro-del-poder-popular-para-el-ecosocialismo\/"]}]},{"@type":"ImageObject","inLanguage":"es","@id":"https:\/\/www.mpppst.gob.ve\/mpppstweb\/index.php\/2021\/04\/23\/josue-alejandro-lorca-vega-es-designado-como-nuevo-ministro-del-poder-popular-para-el-ecosocialismo\/#primaryimage","url":"https:\/\/www.mpppst.gob.ve\/mpppstweb\/wp-content\/uploads\/2021\/04\/josue-alejandro-lorca-vega-designado-ministro-poder-popular-ecosocialismo.jpg","contentUrl":"https:\/\/www.mpppst.gob.ve\/mpppstweb\/wp-content\/uploads\/2021\/04\/josue-alejandro-lorca-vega-designado-ministro-poder-popular-ecosocialismo.jpg","width":800,"height":445},{"@type":"BreadcrumbList","@id":"https:\/\/www.mpppst.gob.ve\/mpppstweb\/index.php\/2021\/04\/23\/josue-alejandro-lorca-vega-es-designado-como-nuevo-ministro-del-poder-popular-para-el-ecosocialismo\/#breadcrumb","itemListElement":[{"@type":"ListItem","position":1,"name":"Home","item":"https:\/\/www.mpppst.gob.ve\/mpppstweb\/"},{"@type":"ListItem","position":2,"name":"Josu\u00e9 Alejandro Lorca Vega es designado como nuevo Ministro del Poder Popular para el Ecosocialismo"}]},{"@type":"WebSite","@id":"https:\/\/www.mpppst.gob.ve\/mpppstweb\/#website","url":"https:\/\/www.mpppst.gob.ve\/mpppstweb\/","name":"MPPPST","description":"Ministerio del Poder Popular para el Proceso Social de Trabajo","publisher":{"@id":"https:\/\/www.mpppst.gob.ve\/mpppstweb\/#organization"},"potentialAction":[{"@type":"SearchAction","target":{"@type":"EntryPoint","urlTemplate":"https:\/\/www.mpppst.gob.ve\/mpppstweb\/?s={search_term_string}"},"query-input":"required name=search_term_string"}],"inLanguage":"es"},{"@type":"Organization","@id":"https:\/\/www.mpppst.gob.ve\/mpppstweb\/#organization","name":"mpppst","url":"https:\/\/www.mpppst.gob.ve\/mpppstweb\/","logo":{"@type":"ImageObject","inLanguage":"es","@id":"https:\/\/www.mpppst.gob.ve\/mpppstweb\/#\/schema\/logo\/image\/","url":"https:\/\/www.mpppst.gob.ve\/mpppstweb\/wp-content\/uploads\/2025\/07\/cropped-cropped-g910.png","contentUrl":"https:\/\/www.mpppst.gob.ve\/mpppstweb\/wp-content\/uploads\/2025\/07\/cropped-cropped-g910.png","width":1080,"height":241,"caption":"mpppst"},"image":{"@id":"https:\/\/www.mpppst.gob.ve\/mpppstweb\/#\/schema\/logo\/image\/"}},{"@type":"Person","@id":"https:\/\/www.mpppst.gob.ve\/mpppstweb\/#\/schema\/person\/fc187ee8ead412bd4c9304b62f900ea4","name":"MPPPST Prensa","url":"https:\/\/www.mpppst.gob.ve\/mpppstweb\/index.php\/author\/prensa-mpppst\/"}]}},"_links":{"self":[{"href":"https:\/\/www.mpppst.gob.ve\/mpppstweb\/index.php\/wp-json\/wp\/v2\/posts\/22162"}],"collection":[{"href":"https:\/\/www.mpppst.gob.ve\/mpppstweb\/index.php\/wp-json\/wp\/v2\/posts"}],"about":[{"href":"https:\/\/www.mpppst.gob.ve\/mpppstweb\/index.php\/wp-json\/wp\/v2\/types\/post"}],"author":[{"embeddable":true,"href":"https:\/\/www.mpppst.gob.ve\/mpppstweb\/index.php\/wp-json\/wp\/v2\/users\/25"}],"replies":[{"embeddable":true,"href":"https:\/\/www.mpppst.gob.ve\/mpppstweb\/index.php\/wp-json\/wp\/v2\/comments?post=22162"}],"version-history":[{"count":1,"href":"https:\/\/www.mpppst.gob.ve\/mpppstweb\/index.php\/wp-json\/wp\/v2\/posts\/22162\/revisions"}],"predecessor-version":[{"id":22164,"href":"https:\/\/www.mpppst.gob.ve\/mpppstweb\/index.php\/wp-json\/wp\/v2\/posts\/22162\/revisions\/22164"}],"wp:featuredmedia":[{"embeddable":true,"href":"https:\/\/www.mpppst.gob.ve\/mpppstweb\/index.php\/wp-json\/wp\/v2\/media\/22163"}],"wp:attachment":[{"href":"https:\/\/www.mpppst.gob.ve\/mpppstweb\/index.php\/wp-json\/wp\/v2\/media?parent=22162"}],"wp:term":[{"taxonomy":"category","embeddable":true,"href":"https:\/\/www.mpppst.gob.ve\/mpppstweb\/index.php\/wp-json\/wp\/v2\/categories?post=22162"},{"taxonomy":"post_tag","embeddable":true,"href":"https:\/\/www.mpppst.gob.ve\/mpppstweb\/index.php\/wp-json\/wp\/v2\/tags?post=22162"}],"curies":[{"name":"wp","href":"https:\/\/api.w.org\/{rel}","templated":true}]}}