{"id":22168,"date":"2021-04-25T21:10:18","date_gmt":"2021-04-26T01:10:18","guid":{"rendered":"http:\/\/www.mpppst.gob.ve\/mpppstweb\/?p=22168"},"modified":"2021-04-25T21:10:19","modified_gmt":"2021-04-26T01:10:19","slug":"opinion-el-proceso-constituyente-es-permanente","status":"publish","type":"post","link":"https:\/\/www.mpppst.gob.ve\/mpppstweb\/index.php\/2021\/04\/25\/opinion-el-proceso-constituyente-es-permanente\/","title":{"rendered":"Opini\u00f3n: El proceso constituyente es permanente"},"content":{"rendered":"\n<p><strong><em>Por Eduardo Pi\u00f1ate R.<\/em><\/strong><\/p>\n\n\n\n<p>Hace 22 a\u00f1os, el 25 de abril de 1999, el pueblo venezolano aprob\u00f3 en refer\u00e9ndum la convocatoria a una Asamblea Nacional Constituyente. Fue ese el primer paso aprobatorio del proceso constituyente que en aquel momento apenas se iniciaba, conducido por el Comandante Supremo Hugo Ch\u00e1vez. Convocar al Poder Constituyente del pueblo soberano estuvo siempre en el centro del Proyecto Nacional Sim\u00f3n Bol\u00edvar, desde sus formulaciones primigenias en el \u201cLibro Azul\u201d, en el programa que levantaron los y las militares rebeldes \u2013comandados por Ch\u00e1vez- el 4 de febrero de 1992, en la campa\u00f1a electoral que lo condujo a la Presidencia de la Rep\u00fablica en 1998 y en el segundo decreto que firm\u00f3 como presidente en funciones el 2 de febrero de 1999. Despu\u00e9s del 25 de abril vendr\u00eda la elecci\u00f3n de los y las Constituyentes&nbsp; y la posterior instalaci\u00f3n de la Asamblea Nacional Constituyente el 4 de agosto de 1999. Pasaron apenas 6 meses desde el momento de la toma de posesi\u00f3n del Comandante hasta la instalaci\u00f3n de esa primera Constituyente y menos de 4 meses desde el momento en que fue convocada por el pueblo en refer\u00e9ndum. Se iniciaba la refundaci\u00f3n de la Patria, que se hizo Constituci\u00f3n Bolivariana el 15 de diciembre de ese a\u00f1o, es decir, 10 meses despu\u00e9s de que el Comandante Ch\u00e1vez asumiera la Presidencia de la Rep\u00fablica Bolivariana de Venezuela.<\/p>\n\n\n\n<p>Desde entonces, hemos avanzado combatiendo la agresi\u00f3n de los enemigos imperialistas y de sus lacayos, construyendo nuestro modelo soberano, independiente, de igualdad, justicia y paz, profundamente democr\u00e1tico; nuestro socialismo bolivariano y chavista. Y lo hemos hecho continuamente con el protagonismo del pueblo. La Revoluci\u00f3n Bolivariana ha tenido y sigue teniendo, el desaf\u00edo de la renovaci\u00f3n permanente, el reto de \u201crevolucionarse\u201d todos los d\u00edas para resistir y avanzar y no hay otra manera que con la expresi\u00f3n diaria, cotidiana del Poder Constituyente del Pueblo a trav\u00e9s de los muy diversos \u00f3rganos del Poder Popular. Y cuando ha sido necesario \u2013como lo fue en 1999 y lo fue en el 2017- hemos convocado a ese Poder Constituyente a asamblea, a Asamblea Nacional Constituyente. La de 1999 inici\u00f3 el proceso de refundaci\u00f3n de la Rep\u00fablica burguesa y proimperialista a la Rep\u00fablica Bolivariana, antiimperialista y socialista; la del 2017-2020 fue un anillo fundamental de la resistencia y la protecci\u00f3n del gobierno Bolivariano del presidente Nicol\u00e1s Maduro y del pueblo, al tiempo que profundiz\u00f3 las transformaciones revolucionarias. A 22 a\u00f1os de aquel abril, seguimos en constituyente para seguir en revoluci\u00f3n. Seguimos venciendo.<\/p>\n","protected":false},"excerpt":{"rendered":"<p>Por Eduardo Pi\u00f1ate R. Hace 22 a\u00f1os, el 25 de abril de 1999, el pueblo venezolano &hellip; <a title=\"Opini\u00f3n: El proceso constituyente es permanente\" class=\"hm-read-more\" href=\"https:\/\/www.mpppst.gob.ve\/mpppstweb\/index.php\/2021\/04\/25\/opinion-el-proceso-constituyente-es-permanente\/\"><span class=\"screen-reader-text\">Opini\u00f3n: El proceso constituyente es permanente<\/span>Read more<\/a><\/p>\n","protected":false},"author":25,"featured_media":21267,"comment_status":"closed","ping_status":"closed","sticky":false,"template":"","format":"standard","meta":{"footnotes":""},"categories":[163,404],"tags":[],"yoast_head":"<!-- This site is optimized with the Yoast SEO plugin v22.5 - https:\/\/yoast.com\/wordpress\/plugins\/seo\/ -->\n<title>Opini\u00f3n: El proceso constituyente es permanente - MPPPST<\/title>\n<meta name=\"robots\" content=\"index, follow, max-snippet:-1, max-image-preview:large, max-video-preview:-1\" \/>\n<link rel=\"canonical\" href=\"https:\/\/www.mpppst.gob.ve\/mpppstweb\/index.php\/2021\/04\/25\/opinion-el-proceso-constituyente-es-permanente\/\" \/>\n<meta property=\"og:locale\" content=\"es_ES\" \/>\n<meta property=\"og:type\" content=\"article\" \/>\n<meta property=\"og:title\" content=\"Opini\u00f3n: El proceso constituyente es permanente - MPPPST\" \/>\n<meta property=\"og:description\" content=\"Por Eduardo Pi\u00f1ate R. Hace 22 a\u00f1os, el 25 de abril de 1999, el pueblo venezolano &hellip; Opini\u00f3n: El proceso constituyente es permanenteRead more\" \/>\n<meta property=\"og:url\" content=\"https:\/\/www.mpppst.gob.ve\/mpppstweb\/index.php\/2021\/04\/25\/opinion-el-proceso-constituyente-es-permanente\/\" \/>\n<meta property=\"og:site_name\" content=\"MPPPST\" \/>\n<meta property=\"article:published_time\" content=\"2021-04-26T01:10:18+00:00\" \/>\n<meta property=\"article:modified_time\" content=\"2021-04-26T01:10:19+00:00\" \/>\n<meta property=\"og:image\" content=\"https:\/\/www.mpppst.gob.ve\/mpppstweb\/wp-content\/uploads\/2021\/01\/dff41560-9f41-490d-b0a4-85364277b7f1.jpg\" \/>\n\t<meta property=\"og:image:width\" content=\"831\" \/>\n\t<meta property=\"og:image:height\" content=\"541\" \/>\n\t<meta property=\"og:image:type\" content=\"image\/jpeg\" \/>\n<meta name=\"author\" content=\"MPPPST Prensa\" \/>\n<meta name=\"twitter:card\" content=\"summary_large_image\" \/>\n<meta name=\"twitter:label1\" content=\"Escrito por\" \/>\n\t<meta name=\"twitter:data1\" content=\"MPPPST Prensa\" \/>\n\t<meta name=\"twitter:label2\" content=\"Tiempo de lectura\" \/>\n\t<meta name=\"twitter:data2\" content=\"2 minutos\" \/>\n<script type=\"application\/ld+json\" class=\"yoast-schema-graph\">{\"@context\":\"https:\/\/schema.org\",\"@graph\":[{\"@type\":\"Article\",\"@id\":\"https:\/\/www.mpppst.gob.ve\/mpppstweb\/index.php\/2021\/04\/25\/opinion-el-proceso-constituyente-es-permanente\/#article\",\"isPartOf\":{\"@id\":\"https:\/\/www.mpppst.gob.ve\/mpppstweb\/index.php\/2021\/04\/25\/opinion-el-proceso-constituyente-es-permanente\/\"},\"author\":{\"name\":\"MPPPST Prensa\",\"@id\":\"https:\/\/www.mpppst.gob.ve\/mpppstweb\/#\/schema\/person\/fc187ee8ead412bd4c9304b62f900ea4\"},\"headline\":\"Opini\u00f3n: El proceso constituyente es permanente\",\"datePublished\":\"2021-04-26T01:10:18+00:00\",\"dateModified\":\"2021-04-26T01:10:19+00:00\",\"mainEntityOfPage\":{\"@id\":\"https:\/\/www.mpppst.gob.ve\/mpppstweb\/index.php\/2021\/04\/25\/opinion-el-proceso-constituyente-es-permanente\/\"},\"wordCount\":443,\"publisher\":{\"@id\":\"https:\/\/www.mpppst.gob.ve\/mpppstweb\/#organization\"},\"image\":{\"@id\":\"https:\/\/www.mpppst.gob.ve\/mpppstweb\/index.php\/2021\/04\/25\/opinion-el-proceso-constituyente-es-permanente\/#primaryimage\"},\"thumbnailUrl\":\"https:\/\/www.mpppst.gob.ve\/mpppstweb\/wp-content\/uploads\/2021\/01\/dff41560-9f41-490d-b0a4-85364277b7f1.jpg\",\"articleSection\":[\"Noticias\",\"Opini\u00f3n\"],\"inLanguage\":\"es\"},{\"@type\":\"WebPage\",\"@id\":\"https:\/\/www.mpppst.gob.ve\/mpppstweb\/index.php\/2021\/04\/25\/opinion-el-proceso-constituyente-es-permanente\/\",\"url\":\"https:\/\/www.mpppst.gob.ve\/mpppstweb\/index.php\/2021\/04\/25\/opinion-el-proceso-constituyente-es-permanente\/\",\"name\":\"Opini\u00f3n: El proceso constituyente es permanente - MPPPST\",\"isPartOf\":{\"@id\":\"https:\/\/www.mpppst.gob.ve\/mpppstweb\/#website\"},\"primaryImageOfPage\":{\"@id\":\"https:\/\/www.mpppst.gob.ve\/mpppstweb\/index.php\/2021\/04\/25\/opinion-el-proceso-constituyente-es-permanente\/#primaryimage\"},\"image\":{\"@id\":\"https:\/\/www.mpppst.gob.ve\/mpppstweb\/index.php\/2021\/04\/25\/opinion-el-proceso-constituyente-es-permanente\/#primaryimage\"},\"thumbnailUrl\":\"https:\/\/www.mpppst.gob.ve\/mpppstweb\/wp-content\/uploads\/2021\/01\/dff41560-9f41-490d-b0a4-85364277b7f1.jpg\",\"datePublished\":\"2021-04-26T01:10:18+00:00\",\"dateModified\":\"2021-04-26T01:10:19+00:00\",\"breadcrumb\":{\"@id\":\"https:\/\/www.mpppst.gob.ve\/mpppstweb\/index.php\/2021\/04\/25\/opinion-el-proceso-constituyente-es-permanente\/#breadcrumb\"},\"inLanguage\":\"es\",\"potentialAction\":[{\"@type\":\"ReadAction\",\"target\":[\"https:\/\/www.mpppst.gob.ve\/mpppstweb\/index.php\/2021\/04\/25\/opinion-el-proceso-constituyente-es-permanente\/\"]}]},{\"@type\":\"ImageObject\",\"inLanguage\":\"es\",\"@id\":\"https:\/\/www.mpppst.gob.ve\/mpppstweb\/index.php\/2021\/04\/25\/opinion-el-proceso-constituyente-es-permanente\/#primaryimage\",\"url\":\"https:\/\/www.mpppst.gob.ve\/mpppstweb\/wp-content\/uploads\/2021\/01\/dff41560-9f41-490d-b0a4-85364277b7f1.jpg\",\"contentUrl\":\"https:\/\/www.mpppst.gob.ve\/mpppstweb\/wp-content\/uploads\/2021\/01\/dff41560-9f41-490d-b0a4-85364277b7f1.jpg\",\"width\":831,\"height\":541},{\"@type\":\"BreadcrumbList\",\"@id\":\"https:\/\/www.mpppst.gob.ve\/mpppstweb\/index.php\/2021\/04\/25\/opinion-el-proceso-constituyente-es-permanente\/#breadcrumb\",\"itemListElement\":[{\"@type\":\"ListItem\",\"position\":1,\"name\":\"Home\",\"item\":\"https:\/\/www.mpppst.gob.ve\/mpppstweb\/\"},{\"@type\":\"ListItem\",\"position\":2,\"name\":\"Opini\u00f3n: El proceso constituyente es permanente\"}]},{\"@type\":\"WebSite\",\"@id\":\"https:\/\/www.mpppst.gob.ve\/mpppstweb\/#website\",\"url\":\"https:\/\/www.mpppst.gob.ve\/mpppstweb\/\",\"name\":\"MPPPST\",\"description\":\"Ministerio del Poder Popular para el Proceso Social de Trabajo\",\"publisher\":{\"@id\":\"https:\/\/www.mpppst.gob.ve\/mpppstweb\/#organization\"},\"potentialAction\":[{\"@type\":\"SearchAction\",\"target\":{\"@type\":\"EntryPoint\",\"urlTemplate\":\"https:\/\/www.mpppst.gob.ve\/mpppstweb\/?s={search_term_string}\"},\"query-input\":\"required name=search_term_string\"}],\"inLanguage\":\"es\"},{\"@type\":\"Organization\",\"@id\":\"https:\/\/www.mpppst.gob.ve\/mpppstweb\/#organization\",\"name\":\"mpppst\",\"url\":\"https:\/\/www.mpppst.gob.ve\/mpppstweb\/\",\"logo\":{\"@type\":\"ImageObject\",\"inLanguage\":\"es\",\"@id\":\"https:\/\/www.mpppst.gob.ve\/mpppstweb\/#\/schema\/logo\/image\/\",\"url\":\"https:\/\/www.mpppst.gob.ve\/mpppstweb\/wp-content\/uploads\/2025\/07\/cropped-cropped-g910.png\",\"contentUrl\":\"https:\/\/www.mpppst.gob.ve\/mpppstweb\/wp-content\/uploads\/2025\/07\/cropped-cropped-g910.png\",\"width\":1080,\"height\":241,\"caption\":\"mpppst\"},\"image\":{\"@id\":\"https:\/\/www.mpppst.gob.ve\/mpppstweb\/#\/schema\/logo\/image\/\"}},{\"@type\":\"Person\",\"@id\":\"https:\/\/www.mpppst.gob.ve\/mpppstweb\/#\/schema\/person\/fc187ee8ead412bd4c9304b62f900ea4\",\"name\":\"MPPPST Prensa\",\"url\":\"https:\/\/www.mpppst.gob.ve\/mpppstweb\/index.php\/author\/prensa-mpppst\/\"}]}<\/script>\n<!-- \/ Yoast SEO plugin. -->","yoast_head_json":{"title":"Opini\u00f3n: El proceso constituyente es permanente - MPPPST","robots":{"index":"index","follow":"follow","max-snippet":"max-snippet:-1","max-image-preview":"max-image-preview:large","max-video-preview":"max-video-preview:-1"},"canonical":"https:\/\/www.mpppst.gob.ve\/mpppstweb\/index.php\/2021\/04\/25\/opinion-el-proceso-constituyente-es-permanente\/","og_locale":"es_ES","og_type":"article","og_title":"Opini\u00f3n: El proceso constituyente es permanente - MPPPST","og_description":"Por Eduardo Pi\u00f1ate R. Hace 22 a\u00f1os, el 25 de abril de 1999, el pueblo venezolano &hellip; Opini\u00f3n: El proceso constituyente es permanenteRead more","og_url":"https:\/\/www.mpppst.gob.ve\/mpppstweb\/index.php\/2021\/04\/25\/opinion-el-proceso-constituyente-es-permanente\/","og_site_name":"MPPPST","article_published_time":"2021-04-26T01:10:18+00:00","article_modified_time":"2021-04-26T01:10:19+00:00","og_image":[{"width":831,"height":541,"url":"https:\/\/www.mpppst.gob.ve\/mpppstweb\/wp-content\/uploads\/2021\/01\/dff41560-9f41-490d-b0a4-85364277b7f1.jpg","type":"image\/jpeg"}],"author":"MPPPST Prensa","twitter_card":"summary_large_image","twitter_misc":{"Escrito por":"MPPPST Prensa","Tiempo de lectura":"2 minutos"},"schema":{"@context":"https:\/\/schema.org","@graph":[{"@type":"Article","@id":"https:\/\/www.mpppst.gob.ve\/mpppstweb\/index.php\/2021\/04\/25\/opinion-el-proceso-constituyente-es-permanente\/#article","isPartOf":{"@id":"https:\/\/www.mpppst.gob.ve\/mpppstweb\/index.php\/2021\/04\/25\/opinion-el-proceso-constituyente-es-permanente\/"},"author":{"name":"MPPPST Prensa","@id":"https:\/\/www.mpppst.gob.ve\/mpppstweb\/#\/schema\/person\/fc187ee8ead412bd4c9304b62f900ea4"},"headline":"Opini\u00f3n: El proceso constituyente es permanente","datePublished":"2021-04-26T01:10:18+00:00","dateModified":"2021-04-26T01:10:19+00:00","mainEntityOfPage":{"@id":"https:\/\/www.mpppst.gob.ve\/mpppstweb\/index.php\/2021\/04\/25\/opinion-el-proceso-constituyente-es-permanente\/"},"wordCount":443,"publisher":{"@id":"https:\/\/www.mpppst.gob.ve\/mpppstweb\/#organization"},"image":{"@id":"https:\/\/www.mpppst.gob.ve\/mpppstweb\/index.php\/2021\/04\/25\/opinion-el-proceso-constituyente-es-permanente\/#primaryimage"},"thumbnailUrl":"https:\/\/www.mpppst.gob.ve\/mpppstweb\/wp-content\/uploads\/2021\/01\/dff41560-9f41-490d-b0a4-85364277b7f1.jpg","articleSection":["Noticias","Opini\u00f3n"],"inLanguage":"es"},{"@type":"WebPage","@id":"https:\/\/www.mpppst.gob.ve\/mpppstweb\/index.php\/2021\/04\/25\/opinion-el-proceso-constituyente-es-permanente\/","url":"https:\/\/www.mpppst.gob.ve\/mpppstweb\/index.php\/2021\/04\/25\/opinion-el-proceso-constituyente-es-permanente\/","name":"Opini\u00f3n: El proceso constituyente es permanente - MPPPST","isPartOf":{"@id":"https:\/\/www.mpppst.gob.ve\/mpppstweb\/#website"},"primaryImageOfPage":{"@id":"https:\/\/www.mpppst.gob.ve\/mpppstweb\/index.php\/2021\/04\/25\/opinion-el-proceso-constituyente-es-permanente\/#primaryimage"},"image":{"@id":"https:\/\/www.mpppst.gob.ve\/mpppstweb\/index.php\/2021\/04\/25\/opinion-el-proceso-constituyente-es-permanente\/#primaryimage"},"thumbnailUrl":"https:\/\/www.mpppst.gob.ve\/mpppstweb\/wp-content\/uploads\/2021\/01\/dff41560-9f41-490d-b0a4-85364277b7f1.jpg","datePublished":"2021-04-26T01:10:18+00:00","dateModified":"2021-04-26T01:10:19+00:00","breadcrumb":{"@id":"https:\/\/www.mpppst.gob.ve\/mpppstweb\/index.php\/2021\/04\/25\/opinion-el-proceso-constituyente-es-permanente\/#breadcrumb"},"inLanguage":"es","potentialAction":[{"@type":"ReadAction","target":["https:\/\/www.mpppst.gob.ve\/mpppstweb\/index.php\/2021\/04\/25\/opinion-el-proceso-constituyente-es-permanente\/"]}]},{"@type":"ImageObject","inLanguage":"es","@id":"https:\/\/www.mpppst.gob.ve\/mpppstweb\/index.php\/2021\/04\/25\/opinion-el-proceso-constituyente-es-permanente\/#primaryimage","url":"https:\/\/www.mpppst.gob.ve\/mpppstweb\/wp-content\/uploads\/2021\/01\/dff41560-9f41-490d-b0a4-85364277b7f1.jpg","contentUrl":"https:\/\/www.mpppst.gob.ve\/mpppstweb\/wp-content\/uploads\/2021\/01\/dff41560-9f41-490d-b0a4-85364277b7f1.jpg","width":831,"height":541},{"@type":"BreadcrumbList","@id":"https:\/\/www.mpppst.gob.ve\/mpppstweb\/index.php\/2021\/04\/25\/opinion-el-proceso-constituyente-es-permanente\/#breadcrumb","itemListElement":[{"@type":"ListItem","position":1,"name":"Home","item":"https:\/\/www.mpppst.gob.ve\/mpppstweb\/"},{"@type":"ListItem","position":2,"name":"Opini\u00f3n: El proceso constituyente es permanente"}]},{"@type":"WebSite","@id":"https:\/\/www.mpppst.gob.ve\/mpppstweb\/#website","url":"https:\/\/www.mpppst.gob.ve\/mpppstweb\/","name":"MPPPST","description":"Ministerio del Poder Popular para el Proceso Social de Trabajo","publisher":{"@id":"https:\/\/www.mpppst.gob.ve\/mpppstweb\/#organization"},"potentialAction":[{"@type":"SearchAction","target":{"@type":"EntryPoint","urlTemplate":"https:\/\/www.mpppst.gob.ve\/mpppstweb\/?s={search_term_string}"},"query-input":"required name=search_term_string"}],"inLanguage":"es"},{"@type":"Organization","@id":"https:\/\/www.mpppst.gob.ve\/mpppstweb\/#organization","name":"mpppst","url":"https:\/\/www.mpppst.gob.ve\/mpppstweb\/","logo":{"@type":"ImageObject","inLanguage":"es","@id":"https:\/\/www.mpppst.gob.ve\/mpppstweb\/#\/schema\/logo\/image\/","url":"https:\/\/www.mpppst.gob.ve\/mpppstweb\/wp-content\/uploads\/2025\/07\/cropped-cropped-g910.png","contentUrl":"https:\/\/www.mpppst.gob.ve\/mpppstweb\/wp-content\/uploads\/2025\/07\/cropped-cropped-g910.png","width":1080,"height":241,"caption":"mpppst"},"image":{"@id":"https:\/\/www.mpppst.gob.ve\/mpppstweb\/#\/schema\/logo\/image\/"}},{"@type":"Person","@id":"https:\/\/www.mpppst.gob.ve\/mpppstweb\/#\/schema\/person\/fc187ee8ead412bd4c9304b62f900ea4","name":"MPPPST Prensa","url":"https:\/\/www.mpppst.gob.ve\/mpppstweb\/index.php\/author\/prensa-mpppst\/"}]}},"_links":{"self":[{"href":"https:\/\/www.mpppst.gob.ve\/mpppstweb\/index.php\/wp-json\/wp\/v2\/posts\/22168"}],"collection":[{"href":"https:\/\/www.mpppst.gob.ve\/mpppstweb\/index.php\/wp-json\/wp\/v2\/posts"}],"about":[{"href":"https:\/\/www.mpppst.gob.ve\/mpppstweb\/index.php\/wp-json\/wp\/v2\/types\/post"}],"author":[{"embeddable":true,"href":"https:\/\/www.mpppst.gob.ve\/mpppstweb\/index.php\/wp-json\/wp\/v2\/users\/25"}],"replies":[{"embeddable":true,"href":"https:\/\/www.mpppst.gob.ve\/mpppstweb\/index.php\/wp-json\/wp\/v2\/comments?post=22168"}],"version-history":[{"count":1,"href":"https:\/\/www.mpppst.gob.ve\/mpppstweb\/index.php\/wp-json\/wp\/v2\/posts\/22168\/revisions"}],"predecessor-version":[{"id":22169,"href":"https:\/\/www.mpppst.gob.ve\/mpppstweb\/index.php\/wp-json\/wp\/v2\/posts\/22168\/revisions\/22169"}],"wp:featuredmedia":[{"embeddable":true,"href":"https:\/\/www.mpppst.gob.ve\/mpppstweb\/index.php\/wp-json\/wp\/v2\/media\/21267"}],"wp:attachment":[{"href":"https:\/\/www.mpppst.gob.ve\/mpppstweb\/index.php\/wp-json\/wp\/v2\/media?parent=22168"}],"wp:term":[{"taxonomy":"category","embeddable":true,"href":"https:\/\/www.mpppst.gob.ve\/mpppstweb\/index.php\/wp-json\/wp\/v2\/categories?post=22168"},{"taxonomy":"post_tag","embeddable":true,"href":"https:\/\/www.mpppst.gob.ve\/mpppstweb\/index.php\/wp-json\/wp\/v2\/tags?post=22168"}],"curies":[{"name":"wp","href":"https:\/\/api.w.org\/{rel}","templated":true}]}}