{"id":22176,"date":"2021-04-27T09:02:00","date_gmt":"2021-04-27T13:02:00","guid":{"rendered":"http:\/\/www.mpppst.gob.ve\/mpppstweb\/?p=22176"},"modified":"2021-04-27T09:02:01","modified_gmt":"2021-04-27T13:02:01","slug":"detectada-en-peru-chile-y-ecuador-una-nueva-variante-c-37-del-coronavirus","status":"publish","type":"post","link":"https:\/\/www.mpppst.gob.ve\/mpppstweb\/index.php\/2021\/04\/27\/detectada-en-peru-chile-y-ecuador-una-nueva-variante-c-37-del-coronavirus\/","title":{"rendered":"Detectada en Per\u00fa, Chile y Ecuador una nueva variante \u2018C.37\u2019 del coronavirus"},"content":{"rendered":"\n<p>El Ministerio de Salud P\u00fablica (MSP) de Ecuador inform\u00f3 el pasado fin de semana que en el pa\u00eds fueron detectados cinco casos de la nueva variante del coronavirus, conocida como \u201cC.37\u201d, que ha sido motivo de preocupaci\u00f3n porque ya hab\u00eda sido detectada en Per\u00fa y Chile.<\/p>\n\n\n\n<p>Los casos fueron detectados por el Instituto de Microbiolog\u00eda de la Universidad San Francisco de Quito (IMUSFQ) en las provincias de El Oro, fronteriza con Per\u00fa, y Pichincha, en el centro norte del pa\u00eds, report\u00f3 RT.<\/p>\n\n\n\n<p><strong>Desde finales de diciembre<\/strong><\/p>\n\n\n\n<p>De acuerdo al comunicado del MSP, la nueva variante C.37 \u201cdesciende de un linaje llamado B.1.1.1 que circula por todo el mundo desde inicios de la pandemia\u201d.<\/p>\n\n\n\n<p>Antes de que el MSP informara sobre los casos presentes en Ecuador, un grupo de cient\u00edficos peruanos public\u00f3 un art\u00edculo en el portal Virological.org sobre el hallazgo de la nueva variante, que tambi\u00e9n ha sido llamada \u201candina\u201d por su predominancia en esta \u00e1rea del mundo.<\/p>\n\n\n\n<p>La C.37 se observ\u00f3 \u201cen 50 de 123 (40,6 %) genomas reportados en Lima y Callao entre enero y marzo\u201d, precis\u00f3&nbsp;<strong>Pablo Tsukayama,<\/strong>&nbsp;uno de los autores del estudio, en su cuenta en Twitter.<\/p>\n\n\n\n<p>Esta nueva variante fue reportada en Per\u00fa a finales de diciembre y el estudio indica que ya est\u00e1 presente en otros territorios. \u201cC.37 parece estar expandi\u00e9ndose en Chile desde enero y tambi\u00e9n se ha reportado en Ecuador, Argentina, Brasil, Alemania, Espa\u00f1a, EE.UU. y el Reino Unido\u201d, dice el documento.<\/p>\n\n\n\n<p>Tsukayama detalla que en abril ya se reportan 160 casos en Chile y 133 en EE.UU.<\/p>\n\n\n\n<div class=\"wp-block-image\"><figure class=\"aligncenter\"><img decoding=\"async\" src=\"https:\/\/www.vtv.gob.ve\/wp-content\/uploads\/2021\/04\/segunda-ola-covid.jpg\" alt=\"\" class=\"wp-image-352542\"\/><\/figure><\/div>\n\n\n\n<p><strong>Sobre el origen<\/strong><\/p>\n\n\n\n<p>\u201c\u00bfSer\u00e1 que una variante local (C.37) se genera en Lima, se expande y luego se transmite a otras regiones?. No los sabemos a\u00fan\u201d, menciona Tsukayama, quien recalc\u00f3 que con los datos disponibles todav\u00eda no es posible determinar si se origin\u00f3 en Per\u00fa o en Chile.<\/p>\n\n\n\n<p>\u201cAmbos tienen epidemias similares en 2021 y comparten muchos vuelos diarios. Otra posibilidad es que se haya introducido a Chile y Per\u00fa desde otro pa\u00eds de la regi\u00f3n que a\u00fan no la detecta\u201d, explic\u00f3 el investigador.<\/p>\n\n\n\n<p><strong>Mutaciones parecidas a \u201cvariantes de preocupaci\u00f3n\u201d<\/strong><\/p>\n\n\n\n<div class=\"wp-block-image\"><figure class=\"aligncenter\"><img decoding=\"async\" src=\"https:\/\/www.vtv.gob.ve\/wp-content\/uploads\/2021\/04\/ECUADOR-VARIANTE-C37.jpg\" alt=\"\" class=\"wp-image-352541\"\/><\/figure><\/div>\n\n\n\n<p>De acuerdo al informe, la nueva variante tiene mutaciones en la prote\u00edna \u201cspike\u201d del coronavirus, que facilita la entrada del SARS-CoV-2 en las c\u00e9lulas, parecidas a las de B.1.1.7 (identificada en Reino Unido), B.1.351 (reportada en Sud\u00e1frica) y P.1 (identificada en Manaos), que han generado preocupaci\u00f3n.<\/p>\n\n\n\n<p>Al respecto, Tsukayama a\u00f1ade que la nueva variante \u201cpresenta mutaciones que podr\u00edan evadir la neutralizaci\u00f3n por anticuerpos\u201d.<\/p>\n\n\n\n<p>Aunque hacen esta comparaci\u00f3n, el investigador indica que al momento desconocen si C.37 es m\u00e1s \u201ctransmisible\u201d o \u201cvirulenta\u201d que otras variantes, si las vacunas ser\u00e1n eficaces ante ella o si es \u201cresponsable del aumento de casos y muertes en la segunda ola\u201d de la pandemia.<\/p>\n\n\n\n<p>\u201cNecesitamos colectar m\u00e1s datos y dise\u00f1ar estudios que nos permitan responder esas preguntas. Esto va requerir tiempo, fondos y nuevas colaboraciones locales e internacionales\u201d, mencion\u00f3 el investigador, quien recalc\u00f3 que la informaci\u00f3n que han brindado hasta ahora es preliminar y podr\u00eda cambiar en las pr\u00f3ximas semanas.<\/p>\n\n\n\n<p>CONOZCA M\u00c1S:<\/p>\n\n\n\n<figure><iframe loading=\"lazy\" src=\"https:\/\/www.vtv.gob.ve\/argentina-suspende-vuelos-desde-brasil-mexico-y-chile-para-frenar-propagacion-de-nuevas-variantes-de-la-covid-19\/embed\/#?secret=ky8pmPbquB\" width=\"600\" height=\"534\"><\/iframe><\/figure>\n","protected":false},"excerpt":{"rendered":"<p>El Ministerio de Salud P\u00fablica (MSP) de Ecuador inform\u00f3 el pasado fin de semana que en &hellip; <a title=\"Detectada en Per\u00fa, Chile y Ecuador una nueva variante \u2018C.37\u2019 del coronavirus\" class=\"hm-read-more\" href=\"https:\/\/www.mpppst.gob.ve\/mpppstweb\/index.php\/2021\/04\/27\/detectada-en-peru-chile-y-ecuador-una-nueva-variante-c-37-del-coronavirus\/\"><span class=\"screen-reader-text\">Detectada en Per\u00fa, Chile y Ecuador una nueva variante \u2018C.37\u2019 del coronavirus<\/span>Read more<\/a><\/p>\n","protected":false},"author":25,"featured_media":22177,"comment_status":"closed","ping_status":"closed","sticky":false,"template":"","format":"standard","meta":{"footnotes":""},"categories":[8,163],"tags":[],"yoast_head":"<!-- This site is optimized with the Yoast SEO plugin v22.5 - https:\/\/yoast.com\/wordpress\/plugins\/seo\/ -->\n<title>Detectada en Per\u00fa, Chile y Ecuador una nueva variante \u2018C.37\u2019 del coronavirus - MPPPST<\/title>\n<meta name=\"robots\" content=\"index, follow, max-snippet:-1, max-image-preview:large, max-video-preview:-1\" \/>\n<link rel=\"canonical\" href=\"https:\/\/www.mpppst.gob.ve\/mpppstweb\/index.php\/2021\/04\/27\/detectada-en-peru-chile-y-ecuador-una-nueva-variante-c-37-del-coronavirus\/\" \/>\n<meta property=\"og:locale\" content=\"es_ES\" \/>\n<meta property=\"og:type\" content=\"article\" \/>\n<meta property=\"og:title\" content=\"Detectada en Per\u00fa, Chile y Ecuador una nueva variante \u2018C.37\u2019 del coronavirus - MPPPST\" \/>\n<meta property=\"og:description\" content=\"El Ministerio de Salud P\u00fablica (MSP) de Ecuador inform\u00f3 el pasado fin de semana que en &hellip; Detectada en Per\u00fa, Chile y Ecuador una nueva variante \u2018C.37\u2019 del coronavirusRead more\" \/>\n<meta property=\"og:url\" content=\"https:\/\/www.mpppst.gob.ve\/mpppstweb\/index.php\/2021\/04\/27\/detectada-en-peru-chile-y-ecuador-una-nueva-variante-c-37-del-coronavirus\/\" \/>\n<meta property=\"og:site_name\" content=\"MPPPST\" \/>\n<meta property=\"article:published_time\" content=\"2021-04-27T13:02:00+00:00\" \/>\n<meta property=\"article:modified_time\" content=\"2021-04-27T13:02:01+00:00\" \/>\n<meta property=\"og:image\" content=\"https:\/\/www.mpppst.gob.ve\/mpppstweb\/wp-content\/uploads\/2021\/04\/CARIANTE-C37-768x427-1.png\" \/>\n\t<meta property=\"og:image:width\" content=\"768\" \/>\n\t<meta property=\"og:image:height\" content=\"427\" \/>\n\t<meta property=\"og:image:type\" content=\"image\/png\" \/>\n<meta name=\"author\" content=\"MPPPST Prensa\" \/>\n<meta name=\"twitter:card\" content=\"summary_large_image\" \/>\n<meta name=\"twitter:label1\" content=\"Escrito por\" \/>\n\t<meta name=\"twitter:data1\" content=\"MPPPST Prensa\" \/>\n\t<meta name=\"twitter:label2\" content=\"Tiempo de lectura\" \/>\n\t<meta name=\"twitter:data2\" content=\"3 minutos\" \/>\n<script type=\"application\/ld+json\" class=\"yoast-schema-graph\">{\"@context\":\"https:\/\/schema.org\",\"@graph\":[{\"@type\":\"Article\",\"@id\":\"https:\/\/www.mpppst.gob.ve\/mpppstweb\/index.php\/2021\/04\/27\/detectada-en-peru-chile-y-ecuador-una-nueva-variante-c-37-del-coronavirus\/#article\",\"isPartOf\":{\"@id\":\"https:\/\/www.mpppst.gob.ve\/mpppstweb\/index.php\/2021\/04\/27\/detectada-en-peru-chile-y-ecuador-una-nueva-variante-c-37-del-coronavirus\/\"},\"author\":{\"name\":\"MPPPST Prensa\",\"@id\":\"https:\/\/www.mpppst.gob.ve\/mpppstweb\/#\/schema\/person\/fc187ee8ead412bd4c9304b62f900ea4\"},\"headline\":\"Detectada en Per\u00fa, Chile y Ecuador una nueva variante \u2018C.37\u2019 del coronavirus\",\"datePublished\":\"2021-04-27T13:02:00+00:00\",\"dateModified\":\"2021-04-27T13:02:01+00:00\",\"mainEntityOfPage\":{\"@id\":\"https:\/\/www.mpppst.gob.ve\/mpppstweb\/index.php\/2021\/04\/27\/detectada-en-peru-chile-y-ecuador-una-nueva-variante-c-37-del-coronavirus\/\"},\"wordCount\":547,\"publisher\":{\"@id\":\"https:\/\/www.mpppst.gob.ve\/mpppstweb\/#organization\"},\"image\":{\"@id\":\"https:\/\/www.mpppst.gob.ve\/mpppstweb\/index.php\/2021\/04\/27\/detectada-en-peru-chile-y-ecuador-una-nueva-variante-c-37-del-coronavirus\/#primaryimage\"},\"thumbnailUrl\":\"https:\/\/www.mpppst.gob.ve\/mpppstweb\/wp-content\/uploads\/2021\/04\/CARIANTE-C37-768x427-1.png\",\"articleSection\":[\"Internacionales\",\"Noticias\"],\"inLanguage\":\"es\"},{\"@type\":\"WebPage\",\"@id\":\"https:\/\/www.mpppst.gob.ve\/mpppstweb\/index.php\/2021\/04\/27\/detectada-en-peru-chile-y-ecuador-una-nueva-variante-c-37-del-coronavirus\/\",\"url\":\"https:\/\/www.mpppst.gob.ve\/mpppstweb\/index.php\/2021\/04\/27\/detectada-en-peru-chile-y-ecuador-una-nueva-variante-c-37-del-coronavirus\/\",\"name\":\"Detectada en Per\u00fa, Chile y Ecuador una nueva variante \u2018C.37\u2019 del coronavirus - MPPPST\",\"isPartOf\":{\"@id\":\"https:\/\/www.mpppst.gob.ve\/mpppstweb\/#website\"},\"primaryImageOfPage\":{\"@id\":\"https:\/\/www.mpppst.gob.ve\/mpppstweb\/index.php\/2021\/04\/27\/detectada-en-peru-chile-y-ecuador-una-nueva-variante-c-37-del-coronavirus\/#primaryimage\"},\"image\":{\"@id\":\"https:\/\/www.mpppst.gob.ve\/mpppstweb\/index.php\/2021\/04\/27\/detectada-en-peru-chile-y-ecuador-una-nueva-variante-c-37-del-coronavirus\/#primaryimage\"},\"thumbnailUrl\":\"https:\/\/www.mpppst.gob.ve\/mpppstweb\/wp-content\/uploads\/2021\/04\/CARIANTE-C37-768x427-1.png\",\"datePublished\":\"2021-04-27T13:02:00+00:00\",\"dateModified\":\"2021-04-27T13:02:01+00:00\",\"breadcrumb\":{\"@id\":\"https:\/\/www.mpppst.gob.ve\/mpppstweb\/index.php\/2021\/04\/27\/detectada-en-peru-chile-y-ecuador-una-nueva-variante-c-37-del-coronavirus\/#breadcrumb\"},\"inLanguage\":\"es\",\"potentialAction\":[{\"@type\":\"ReadAction\",\"target\":[\"https:\/\/www.mpppst.gob.ve\/mpppstweb\/index.php\/2021\/04\/27\/detectada-en-peru-chile-y-ecuador-una-nueva-variante-c-37-del-coronavirus\/\"]}]},{\"@type\":\"ImageObject\",\"inLanguage\":\"es\",\"@id\":\"https:\/\/www.mpppst.gob.ve\/mpppstweb\/index.php\/2021\/04\/27\/detectada-en-peru-chile-y-ecuador-una-nueva-variante-c-37-del-coronavirus\/#primaryimage\",\"url\":\"https:\/\/www.mpppst.gob.ve\/mpppstweb\/wp-content\/uploads\/2021\/04\/CARIANTE-C37-768x427-1.png\",\"contentUrl\":\"https:\/\/www.mpppst.gob.ve\/mpppstweb\/wp-content\/uploads\/2021\/04\/CARIANTE-C37-768x427-1.png\",\"width\":768,\"height\":427},{\"@type\":\"BreadcrumbList\",\"@id\":\"https:\/\/www.mpppst.gob.ve\/mpppstweb\/index.php\/2021\/04\/27\/detectada-en-peru-chile-y-ecuador-una-nueva-variante-c-37-del-coronavirus\/#breadcrumb\",\"itemListElement\":[{\"@type\":\"ListItem\",\"position\":1,\"name\":\"Home\",\"item\":\"https:\/\/www.mpppst.gob.ve\/mpppstweb\/\"},{\"@type\":\"ListItem\",\"position\":2,\"name\":\"Detectada en Per\u00fa, Chile y Ecuador una nueva variante \u2018C.37\u2019 del coronavirus\"}]},{\"@type\":\"WebSite\",\"@id\":\"https:\/\/www.mpppst.gob.ve\/mpppstweb\/#website\",\"url\":\"https:\/\/www.mpppst.gob.ve\/mpppstweb\/\",\"name\":\"MPPPST\",\"description\":\"Ministerio del Poder Popular para el Proceso Social de Trabajo\",\"publisher\":{\"@id\":\"https:\/\/www.mpppst.gob.ve\/mpppstweb\/#organization\"},\"potentialAction\":[{\"@type\":\"SearchAction\",\"target\":{\"@type\":\"EntryPoint\",\"urlTemplate\":\"https:\/\/www.mpppst.gob.ve\/mpppstweb\/?s={search_term_string}\"},\"query-input\":\"required name=search_term_string\"}],\"inLanguage\":\"es\"},{\"@type\":\"Organization\",\"@id\":\"https:\/\/www.mpppst.gob.ve\/mpppstweb\/#organization\",\"name\":\"mpppst\",\"url\":\"https:\/\/www.mpppst.gob.ve\/mpppstweb\/\",\"logo\":{\"@type\":\"ImageObject\",\"inLanguage\":\"es\",\"@id\":\"https:\/\/www.mpppst.gob.ve\/mpppstweb\/#\/schema\/logo\/image\/\",\"url\":\"https:\/\/www.mpppst.gob.ve\/mpppstweb\/wp-content\/uploads\/2025\/07\/cropped-cropped-g910.png\",\"contentUrl\":\"https:\/\/www.mpppst.gob.ve\/mpppstweb\/wp-content\/uploads\/2025\/07\/cropped-cropped-g910.png\",\"width\":1080,\"height\":241,\"caption\":\"mpppst\"},\"image\":{\"@id\":\"https:\/\/www.mpppst.gob.ve\/mpppstweb\/#\/schema\/logo\/image\/\"}},{\"@type\":\"Person\",\"@id\":\"https:\/\/www.mpppst.gob.ve\/mpppstweb\/#\/schema\/person\/fc187ee8ead412bd4c9304b62f900ea4\",\"name\":\"MPPPST Prensa\",\"url\":\"https:\/\/www.mpppst.gob.ve\/mpppstweb\/index.php\/author\/prensa-mpppst\/\"}]}<\/script>\n<!-- \/ Yoast SEO plugin. -->","yoast_head_json":{"title":"Detectada en Per\u00fa, Chile y Ecuador una nueva variante \u2018C.37\u2019 del coronavirus - MPPPST","robots":{"index":"index","follow":"follow","max-snippet":"max-snippet:-1","max-image-preview":"max-image-preview:large","max-video-preview":"max-video-preview:-1"},"canonical":"https:\/\/www.mpppst.gob.ve\/mpppstweb\/index.php\/2021\/04\/27\/detectada-en-peru-chile-y-ecuador-una-nueva-variante-c-37-del-coronavirus\/","og_locale":"es_ES","og_type":"article","og_title":"Detectada en Per\u00fa, Chile y Ecuador una nueva variante \u2018C.37\u2019 del coronavirus - MPPPST","og_description":"El Ministerio de Salud P\u00fablica (MSP) de Ecuador inform\u00f3 el pasado fin de semana que en &hellip; Detectada en Per\u00fa, Chile y Ecuador una nueva variante \u2018C.37\u2019 del coronavirusRead more","og_url":"https:\/\/www.mpppst.gob.ve\/mpppstweb\/index.php\/2021\/04\/27\/detectada-en-peru-chile-y-ecuador-una-nueva-variante-c-37-del-coronavirus\/","og_site_name":"MPPPST","article_published_time":"2021-04-27T13:02:00+00:00","article_modified_time":"2021-04-27T13:02:01+00:00","og_image":[{"width":768,"height":427,"url":"https:\/\/www.mpppst.gob.ve\/mpppstweb\/wp-content\/uploads\/2021\/04\/CARIANTE-C37-768x427-1.png","type":"image\/png"}],"author":"MPPPST Prensa","twitter_card":"summary_large_image","twitter_misc":{"Escrito por":"MPPPST Prensa","Tiempo de lectura":"3 minutos"},"schema":{"@context":"https:\/\/schema.org","@graph":[{"@type":"Article","@id":"https:\/\/www.mpppst.gob.ve\/mpppstweb\/index.php\/2021\/04\/27\/detectada-en-peru-chile-y-ecuador-una-nueva-variante-c-37-del-coronavirus\/#article","isPartOf":{"@id":"https:\/\/www.mpppst.gob.ve\/mpppstweb\/index.php\/2021\/04\/27\/detectada-en-peru-chile-y-ecuador-una-nueva-variante-c-37-del-coronavirus\/"},"author":{"name":"MPPPST Prensa","@id":"https:\/\/www.mpppst.gob.ve\/mpppstweb\/#\/schema\/person\/fc187ee8ead412bd4c9304b62f900ea4"},"headline":"Detectada en Per\u00fa, Chile y Ecuador una nueva variante \u2018C.37\u2019 del coronavirus","datePublished":"2021-04-27T13:02:00+00:00","dateModified":"2021-04-27T13:02:01+00:00","mainEntityOfPage":{"@id":"https:\/\/www.mpppst.gob.ve\/mpppstweb\/index.php\/2021\/04\/27\/detectada-en-peru-chile-y-ecuador-una-nueva-variante-c-37-del-coronavirus\/"},"wordCount":547,"publisher":{"@id":"https:\/\/www.mpppst.gob.ve\/mpppstweb\/#organization"},"image":{"@id":"https:\/\/www.mpppst.gob.ve\/mpppstweb\/index.php\/2021\/04\/27\/detectada-en-peru-chile-y-ecuador-una-nueva-variante-c-37-del-coronavirus\/#primaryimage"},"thumbnailUrl":"https:\/\/www.mpppst.gob.ve\/mpppstweb\/wp-content\/uploads\/2021\/04\/CARIANTE-C37-768x427-1.png","articleSection":["Internacionales","Noticias"],"inLanguage":"es"},{"@type":"WebPage","@id":"https:\/\/www.mpppst.gob.ve\/mpppstweb\/index.php\/2021\/04\/27\/detectada-en-peru-chile-y-ecuador-una-nueva-variante-c-37-del-coronavirus\/","url":"https:\/\/www.mpppst.gob.ve\/mpppstweb\/index.php\/2021\/04\/27\/detectada-en-peru-chile-y-ecuador-una-nueva-variante-c-37-del-coronavirus\/","name":"Detectada en Per\u00fa, Chile y Ecuador una nueva variante \u2018C.37\u2019 del coronavirus - MPPPST","isPartOf":{"@id":"https:\/\/www.mpppst.gob.ve\/mpppstweb\/#website"},"primaryImageOfPage":{"@id":"https:\/\/www.mpppst.gob.ve\/mpppstweb\/index.php\/2021\/04\/27\/detectada-en-peru-chile-y-ecuador-una-nueva-variante-c-37-del-coronavirus\/#primaryimage"},"image":{"@id":"https:\/\/www.mpppst.gob.ve\/mpppstweb\/index.php\/2021\/04\/27\/detectada-en-peru-chile-y-ecuador-una-nueva-variante-c-37-del-coronavirus\/#primaryimage"},"thumbnailUrl":"https:\/\/www.mpppst.gob.ve\/mpppstweb\/wp-content\/uploads\/2021\/04\/CARIANTE-C37-768x427-1.png","datePublished":"2021-04-27T13:02:00+00:00","dateModified":"2021-04-27T13:02:01+00:00","breadcrumb":{"@id":"https:\/\/www.mpppst.gob.ve\/mpppstweb\/index.php\/2021\/04\/27\/detectada-en-peru-chile-y-ecuador-una-nueva-variante-c-37-del-coronavirus\/#breadcrumb"},"inLanguage":"es","potentialAction":[{"@type":"ReadAction","target":["https:\/\/www.mpppst.gob.ve\/mpppstweb\/index.php\/2021\/04\/27\/detectada-en-peru-chile-y-ecuador-una-nueva-variante-c-37-del-coronavirus\/"]}]},{"@type":"ImageObject","inLanguage":"es","@id":"https:\/\/www.mpppst.gob.ve\/mpppstweb\/index.php\/2021\/04\/27\/detectada-en-peru-chile-y-ecuador-una-nueva-variante-c-37-del-coronavirus\/#primaryimage","url":"https:\/\/www.mpppst.gob.ve\/mpppstweb\/wp-content\/uploads\/2021\/04\/CARIANTE-C37-768x427-1.png","contentUrl":"https:\/\/www.mpppst.gob.ve\/mpppstweb\/wp-content\/uploads\/2021\/04\/CARIANTE-C37-768x427-1.png","width":768,"height":427},{"@type":"BreadcrumbList","@id":"https:\/\/www.mpppst.gob.ve\/mpppstweb\/index.php\/2021\/04\/27\/detectada-en-peru-chile-y-ecuador-una-nueva-variante-c-37-del-coronavirus\/#breadcrumb","itemListElement":[{"@type":"ListItem","position":1,"name":"Home","item":"https:\/\/www.mpppst.gob.ve\/mpppstweb\/"},{"@type":"ListItem","position":2,"name":"Detectada en Per\u00fa, Chile y Ecuador una nueva variante \u2018C.37\u2019 del coronavirus"}]},{"@type":"WebSite","@id":"https:\/\/www.mpppst.gob.ve\/mpppstweb\/#website","url":"https:\/\/www.mpppst.gob.ve\/mpppstweb\/","name":"MPPPST","description":"Ministerio del Poder Popular para el Proceso Social de Trabajo","publisher":{"@id":"https:\/\/www.mpppst.gob.ve\/mpppstweb\/#organization"},"potentialAction":[{"@type":"SearchAction","target":{"@type":"EntryPoint","urlTemplate":"https:\/\/www.mpppst.gob.ve\/mpppstweb\/?s={search_term_string}"},"query-input":"required name=search_term_string"}],"inLanguage":"es"},{"@type":"Organization","@id":"https:\/\/www.mpppst.gob.ve\/mpppstweb\/#organization","name":"mpppst","url":"https:\/\/www.mpppst.gob.ve\/mpppstweb\/","logo":{"@type":"ImageObject","inLanguage":"es","@id":"https:\/\/www.mpppst.gob.ve\/mpppstweb\/#\/schema\/logo\/image\/","url":"https:\/\/www.mpppst.gob.ve\/mpppstweb\/wp-content\/uploads\/2025\/07\/cropped-cropped-g910.png","contentUrl":"https:\/\/www.mpppst.gob.ve\/mpppstweb\/wp-content\/uploads\/2025\/07\/cropped-cropped-g910.png","width":1080,"height":241,"caption":"mpppst"},"image":{"@id":"https:\/\/www.mpppst.gob.ve\/mpppstweb\/#\/schema\/logo\/image\/"}},{"@type":"Person","@id":"https:\/\/www.mpppst.gob.ve\/mpppstweb\/#\/schema\/person\/fc187ee8ead412bd4c9304b62f900ea4","name":"MPPPST Prensa","url":"https:\/\/www.mpppst.gob.ve\/mpppstweb\/index.php\/author\/prensa-mpppst\/"}]}},"_links":{"self":[{"href":"https:\/\/www.mpppst.gob.ve\/mpppstweb\/index.php\/wp-json\/wp\/v2\/posts\/22176"}],"collection":[{"href":"https:\/\/www.mpppst.gob.ve\/mpppstweb\/index.php\/wp-json\/wp\/v2\/posts"}],"about":[{"href":"https:\/\/www.mpppst.gob.ve\/mpppstweb\/index.php\/wp-json\/wp\/v2\/types\/post"}],"author":[{"embeddable":true,"href":"https:\/\/www.mpppst.gob.ve\/mpppstweb\/index.php\/wp-json\/wp\/v2\/users\/25"}],"replies":[{"embeddable":true,"href":"https:\/\/www.mpppst.gob.ve\/mpppstweb\/index.php\/wp-json\/wp\/v2\/comments?post=22176"}],"version-history":[{"count":1,"href":"https:\/\/www.mpppst.gob.ve\/mpppstweb\/index.php\/wp-json\/wp\/v2\/posts\/22176\/revisions"}],"predecessor-version":[{"id":22178,"href":"https:\/\/www.mpppst.gob.ve\/mpppstweb\/index.php\/wp-json\/wp\/v2\/posts\/22176\/revisions\/22178"}],"wp:featuredmedia":[{"embeddable":true,"href":"https:\/\/www.mpppst.gob.ve\/mpppstweb\/index.php\/wp-json\/wp\/v2\/media\/22177"}],"wp:attachment":[{"href":"https:\/\/www.mpppst.gob.ve\/mpppstweb\/index.php\/wp-json\/wp\/v2\/media?parent=22176"}],"wp:term":[{"taxonomy":"category","embeddable":true,"href":"https:\/\/www.mpppst.gob.ve\/mpppstweb\/index.php\/wp-json\/wp\/v2\/categories?post=22176"},{"taxonomy":"post_tag","embeddable":true,"href":"https:\/\/www.mpppst.gob.ve\/mpppstweb\/index.php\/wp-json\/wp\/v2\/tags?post=22176"}],"curies":[{"name":"wp","href":"https:\/\/api.w.org\/{rel}","templated":true}]}}