{"id":22179,"date":"2021-05-02T20:47:31","date_gmt":"2021-05-03T00:47:31","guid":{"rendered":"http:\/\/www.mpppst.gob.ve\/mpppstweb\/?p=22179"},"modified":"2021-05-02T20:47:32","modified_gmt":"2021-05-03T00:47:32","slug":"opinion-aristobulo","status":"publish","type":"post","link":"https:\/\/www.mpppst.gob.ve\/mpppstweb\/index.php\/2021\/05\/02\/opinion-aristobulo\/","title":{"rendered":"Opini\u00f3n: Arist\u00f3bulo"},"content":{"rendered":"\n<p>Por Eduardo Pi\u00f1ate R.<\/p>\n\n\n\n<p>Cuando un maestro se va siempre es una p\u00e9rdida, es as\u00ed, su ausencia f\u00edsica deja un vac\u00edo para sus estudiantes, para sus compa\u00f1eros y para la sociedad. Y cuando se trata de grandes maestros o maestras, de esos que consagran su vida al ejercicio del magisterio en todos los espacios, en las aulas y en las calles, que ejercen con amor y vocaci\u00f3n la labor de educar; de esos y esas como Arist\u00f3bulo Ist\u00fariz, la p\u00e9rdida y el vac\u00edo son m\u00e1s grandes.<\/p>\n\n\n\n<p>Arist\u00f3bulo consagr\u00f3 su existencia a eso, a educar, a formar. Robinsoniano consecuente como el que m\u00e1s, siempre se repet\u00eda y nos repet\u00eda la famosa sentencia de Sim\u00f3n Rodr\u00edguez en la cual establece la imperiosa necesidad de formar republicanos (es decir, conciencia republicana) para tener rep\u00fablicas, y nosotros que lo escuch\u00e1bamos, dec\u00edamos y decimos hoy, que para construir el Socialismo Bolivariano, tenemos que formar ciudadanos y ciudadanas conscientemente socialistas y bolivarianos, lo cual quiere decir solidarios y plenos de la conciencia del deber social; que su trabajo es para servir a la sociedad, no para el enriquecimiento de la \u00e9lite burguesa y mucho menos para entregar el fruto del trabajo de millones de seres humanos y que por tanto, pertenece a esos millones, a las transnacionales imperialistas. La labor del magisterio tiene sentido para \u201cservir al pueblo\u201d, como dec\u00eda, y sigue diciendo, otro grande de la revoluci\u00f3n venezolana: Al\u00ed Rodr\u00edguez Araque. Fue tambi\u00e9n un consecuente disc\u00edpulo del gran maestro venezolano Luis Beltr\u00e1n Prieto Figueroa, a quien conoci\u00f3 y trat\u00f3 personalmente: Buena parte de su bagaje pedag\u00f3gico y pol\u00edtico le viene de Prieto Figueroa, a quien acompa\u00f1\u00f3 en la fundaci\u00f3n del MEP siendo un joven maestro normalista en 1968. Como Prieto Figueroa, fue un defensor intransigente del Estado Docente, de la responsabilidad intransferible del Estado en la direcci\u00f3n de la Educaci\u00f3n, en tanto hay una interrelaci\u00f3n permanente entre el proyecto pol\u00edtico y el proyecto educativo de un pa\u00eds o de una sociedad. Por eso para Arist\u00f3bulo el trabajo pol\u00edtico y el trabajo educativo eran una sola cosa, y tiene raz\u00f3n el camarada, la acci\u00f3n pol\u00edtica orientada a la superaci\u00f3n de la explotaci\u00f3n capitalista y la opresi\u00f3n imperialista, para construir una sociedad justa y amante de la paz como reza nuestra Constituci\u00f3n, para edificar el socialismo bolivariano, tiene que ser una acci\u00f3n educativa al mismo tiempo. Hasta la victoria siempre, querido hermano Arist\u00f3bulo. Seguimos venciendo.<\/p>\n","protected":false},"excerpt":{"rendered":"<p>Por Eduardo Pi\u00f1ate R. Cuando un maestro se va siempre es una p\u00e9rdida, es as\u00ed, su &hellip; <a title=\"Opini\u00f3n: Arist\u00f3bulo\" class=\"hm-read-more\" href=\"https:\/\/www.mpppst.gob.ve\/mpppstweb\/index.php\/2021\/05\/02\/opinion-aristobulo\/\"><span class=\"screen-reader-text\">Opini\u00f3n: Arist\u00f3bulo<\/span>Read more<\/a><\/p>\n","protected":false},"author":25,"featured_media":22180,"comment_status":"closed","ping_status":"closed","sticky":false,"template":"","format":"standard","meta":{"footnotes":""},"categories":[163,404],"tags":[],"yoast_head":"<!-- This site is optimized with the Yoast SEO plugin v22.5 - https:\/\/yoast.com\/wordpress\/plugins\/seo\/ -->\n<title>Opini\u00f3n: Arist\u00f3bulo - MPPPST<\/title>\n<meta name=\"robots\" content=\"index, follow, max-snippet:-1, max-image-preview:large, max-video-preview:-1\" \/>\n<link rel=\"canonical\" href=\"https:\/\/www.mpppst.gob.ve\/mpppstweb\/index.php\/2021\/05\/02\/opinion-aristobulo\/\" \/>\n<meta property=\"og:locale\" content=\"es_ES\" \/>\n<meta property=\"og:type\" content=\"article\" \/>\n<meta property=\"og:title\" content=\"Opini\u00f3n: Arist\u00f3bulo - MPPPST\" \/>\n<meta property=\"og:description\" content=\"Por Eduardo Pi\u00f1ate R. Cuando un maestro se va siempre es una p\u00e9rdida, es as\u00ed, su &hellip; Opini\u00f3n: Arist\u00f3buloRead more\" \/>\n<meta property=\"og:url\" content=\"https:\/\/www.mpppst.gob.ve\/mpppstweb\/index.php\/2021\/05\/02\/opinion-aristobulo\/\" \/>\n<meta property=\"og:site_name\" content=\"MPPPST\" \/>\n<meta property=\"article:published_time\" content=\"2021-05-03T00:47:31+00:00\" \/>\n<meta property=\"article:modified_time\" content=\"2021-05-03T00:47:32+00:00\" \/>\n<meta property=\"og:image\" content=\"https:\/\/www.mpppst.gob.ve\/mpppstweb\/wp-content\/uploads\/2021\/05\/Arist\u00f3bulo-Ist\u00fariz-e1619974825944.jpg\" \/>\n\t<meta property=\"og:image:width\" content=\"957\" \/>\n\t<meta property=\"og:image:height\" content=\"723\" \/>\n\t<meta property=\"og:image:type\" content=\"image\/jpeg\" \/>\n<meta name=\"author\" content=\"MPPPST Prensa\" \/>\n<meta name=\"twitter:card\" content=\"summary_large_image\" \/>\n<meta name=\"twitter:label1\" content=\"Escrito por\" \/>\n\t<meta name=\"twitter:data1\" content=\"MPPPST Prensa\" \/>\n\t<meta name=\"twitter:label2\" content=\"Tiempo de lectura\" \/>\n\t<meta name=\"twitter:data2\" content=\"2 minutos\" \/>\n<script type=\"application\/ld+json\" class=\"yoast-schema-graph\">{\"@context\":\"https:\/\/schema.org\",\"@graph\":[{\"@type\":\"Article\",\"@id\":\"https:\/\/www.mpppst.gob.ve\/mpppstweb\/index.php\/2021\/05\/02\/opinion-aristobulo\/#article\",\"isPartOf\":{\"@id\":\"https:\/\/www.mpppst.gob.ve\/mpppstweb\/index.php\/2021\/05\/02\/opinion-aristobulo\/\"},\"author\":{\"name\":\"MPPPST Prensa\",\"@id\":\"https:\/\/www.mpppst.gob.ve\/mpppstweb\/#\/schema\/person\/fc187ee8ead412bd4c9304b62f900ea4\"},\"headline\":\"Opini\u00f3n: Arist\u00f3bulo\",\"datePublished\":\"2021-05-03T00:47:31+00:00\",\"dateModified\":\"2021-05-03T00:47:32+00:00\",\"mainEntityOfPage\":{\"@id\":\"https:\/\/www.mpppst.gob.ve\/mpppstweb\/index.php\/2021\/05\/02\/opinion-aristobulo\/\"},\"wordCount\":446,\"publisher\":{\"@id\":\"https:\/\/www.mpppst.gob.ve\/mpppstweb\/#organization\"},\"image\":{\"@id\":\"https:\/\/www.mpppst.gob.ve\/mpppstweb\/index.php\/2021\/05\/02\/opinion-aristobulo\/#primaryimage\"},\"thumbnailUrl\":\"https:\/\/www.mpppst.gob.ve\/mpppstweb\/wp-content\/uploads\/2021\/05\/Arist\u00f3bulo-Ist\u00fariz-e1619974825944.jpg\",\"articleSection\":[\"Noticias\",\"Opini\u00f3n\"],\"inLanguage\":\"es\"},{\"@type\":\"WebPage\",\"@id\":\"https:\/\/www.mpppst.gob.ve\/mpppstweb\/index.php\/2021\/05\/02\/opinion-aristobulo\/\",\"url\":\"https:\/\/www.mpppst.gob.ve\/mpppstweb\/index.php\/2021\/05\/02\/opinion-aristobulo\/\",\"name\":\"Opini\u00f3n: Arist\u00f3bulo - MPPPST\",\"isPartOf\":{\"@id\":\"https:\/\/www.mpppst.gob.ve\/mpppstweb\/#website\"},\"primaryImageOfPage\":{\"@id\":\"https:\/\/www.mpppst.gob.ve\/mpppstweb\/index.php\/2021\/05\/02\/opinion-aristobulo\/#primaryimage\"},\"image\":{\"@id\":\"https:\/\/www.mpppst.gob.ve\/mpppstweb\/index.php\/2021\/05\/02\/opinion-aristobulo\/#primaryimage\"},\"thumbnailUrl\":\"https:\/\/www.mpppst.gob.ve\/mpppstweb\/wp-content\/uploads\/2021\/05\/Arist\u00f3bulo-Ist\u00fariz-e1619974825944.jpg\",\"datePublished\":\"2021-05-03T00:47:31+00:00\",\"dateModified\":\"2021-05-03T00:47:32+00:00\",\"breadcrumb\":{\"@id\":\"https:\/\/www.mpppst.gob.ve\/mpppstweb\/index.php\/2021\/05\/02\/opinion-aristobulo\/#breadcrumb\"},\"inLanguage\":\"es\",\"potentialAction\":[{\"@type\":\"ReadAction\",\"target\":[\"https:\/\/www.mpppst.gob.ve\/mpppstweb\/index.php\/2021\/05\/02\/opinion-aristobulo\/\"]}]},{\"@type\":\"ImageObject\",\"inLanguage\":\"es\",\"@id\":\"https:\/\/www.mpppst.gob.ve\/mpppstweb\/index.php\/2021\/05\/02\/opinion-aristobulo\/#primaryimage\",\"url\":\"https:\/\/www.mpppst.gob.ve\/mpppstweb\/wp-content\/uploads\/2021\/05\/Arist\u00f3bulo-Ist\u00fariz-e1619974825944.jpg\",\"contentUrl\":\"https:\/\/www.mpppst.gob.ve\/mpppstweb\/wp-content\/uploads\/2021\/05\/Arist\u00f3bulo-Ist\u00fariz-e1619974825944.jpg\",\"width\":957,\"height\":723},{\"@type\":\"BreadcrumbList\",\"@id\":\"https:\/\/www.mpppst.gob.ve\/mpppstweb\/index.php\/2021\/05\/02\/opinion-aristobulo\/#breadcrumb\",\"itemListElement\":[{\"@type\":\"ListItem\",\"position\":1,\"name\":\"Home\",\"item\":\"https:\/\/www.mpppst.gob.ve\/mpppstweb\/\"},{\"@type\":\"ListItem\",\"position\":2,\"name\":\"Opini\u00f3n: Arist\u00f3bulo\"}]},{\"@type\":\"WebSite\",\"@id\":\"https:\/\/www.mpppst.gob.ve\/mpppstweb\/#website\",\"url\":\"https:\/\/www.mpppst.gob.ve\/mpppstweb\/\",\"name\":\"MPPPST\",\"description\":\"Ministerio del Poder Popular para el Proceso Social de Trabajo\",\"publisher\":{\"@id\":\"https:\/\/www.mpppst.gob.ve\/mpppstweb\/#organization\"},\"potentialAction\":[{\"@type\":\"SearchAction\",\"target\":{\"@type\":\"EntryPoint\",\"urlTemplate\":\"https:\/\/www.mpppst.gob.ve\/mpppstweb\/?s={search_term_string}\"},\"query-input\":\"required name=search_term_string\"}],\"inLanguage\":\"es\"},{\"@type\":\"Organization\",\"@id\":\"https:\/\/www.mpppst.gob.ve\/mpppstweb\/#organization\",\"name\":\"mpppst\",\"url\":\"https:\/\/www.mpppst.gob.ve\/mpppstweb\/\",\"logo\":{\"@type\":\"ImageObject\",\"inLanguage\":\"es\",\"@id\":\"https:\/\/www.mpppst.gob.ve\/mpppstweb\/#\/schema\/logo\/image\/\",\"url\":\"https:\/\/www.mpppst.gob.ve\/mpppstweb\/wp-content\/uploads\/2025\/07\/cropped-cropped-g910.png\",\"contentUrl\":\"https:\/\/www.mpppst.gob.ve\/mpppstweb\/wp-content\/uploads\/2025\/07\/cropped-cropped-g910.png\",\"width\":1080,\"height\":241,\"caption\":\"mpppst\"},\"image\":{\"@id\":\"https:\/\/www.mpppst.gob.ve\/mpppstweb\/#\/schema\/logo\/image\/\"}},{\"@type\":\"Person\",\"@id\":\"https:\/\/www.mpppst.gob.ve\/mpppstweb\/#\/schema\/person\/fc187ee8ead412bd4c9304b62f900ea4\",\"name\":\"MPPPST Prensa\",\"url\":\"https:\/\/www.mpppst.gob.ve\/mpppstweb\/index.php\/author\/prensa-mpppst\/\"}]}<\/script>\n<!-- \/ Yoast SEO plugin. -->","yoast_head_json":{"title":"Opini\u00f3n: Arist\u00f3bulo - MPPPST","robots":{"index":"index","follow":"follow","max-snippet":"max-snippet:-1","max-image-preview":"max-image-preview:large","max-video-preview":"max-video-preview:-1"},"canonical":"https:\/\/www.mpppst.gob.ve\/mpppstweb\/index.php\/2021\/05\/02\/opinion-aristobulo\/","og_locale":"es_ES","og_type":"article","og_title":"Opini\u00f3n: Arist\u00f3bulo - MPPPST","og_description":"Por Eduardo Pi\u00f1ate R. Cuando un maestro se va siempre es una p\u00e9rdida, es as\u00ed, su &hellip; Opini\u00f3n: Arist\u00f3buloRead more","og_url":"https:\/\/www.mpppst.gob.ve\/mpppstweb\/index.php\/2021\/05\/02\/opinion-aristobulo\/","og_site_name":"MPPPST","article_published_time":"2021-05-03T00:47:31+00:00","article_modified_time":"2021-05-03T00:47:32+00:00","og_image":[{"width":957,"height":723,"url":"https:\/\/www.mpppst.gob.ve\/mpppstweb\/wp-content\/uploads\/2021\/05\/Arist\u00f3bulo-Ist\u00fariz-e1619974825944.jpg","type":"image\/jpeg"}],"author":"MPPPST Prensa","twitter_card":"summary_large_image","twitter_misc":{"Escrito por":"MPPPST Prensa","Tiempo de lectura":"2 minutos"},"schema":{"@context":"https:\/\/schema.org","@graph":[{"@type":"Article","@id":"https:\/\/www.mpppst.gob.ve\/mpppstweb\/index.php\/2021\/05\/02\/opinion-aristobulo\/#article","isPartOf":{"@id":"https:\/\/www.mpppst.gob.ve\/mpppstweb\/index.php\/2021\/05\/02\/opinion-aristobulo\/"},"author":{"name":"MPPPST Prensa","@id":"https:\/\/www.mpppst.gob.ve\/mpppstweb\/#\/schema\/person\/fc187ee8ead412bd4c9304b62f900ea4"},"headline":"Opini\u00f3n: Arist\u00f3bulo","datePublished":"2021-05-03T00:47:31+00:00","dateModified":"2021-05-03T00:47:32+00:00","mainEntityOfPage":{"@id":"https:\/\/www.mpppst.gob.ve\/mpppstweb\/index.php\/2021\/05\/02\/opinion-aristobulo\/"},"wordCount":446,"publisher":{"@id":"https:\/\/www.mpppst.gob.ve\/mpppstweb\/#organization"},"image":{"@id":"https:\/\/www.mpppst.gob.ve\/mpppstweb\/index.php\/2021\/05\/02\/opinion-aristobulo\/#primaryimage"},"thumbnailUrl":"https:\/\/www.mpppst.gob.ve\/mpppstweb\/wp-content\/uploads\/2021\/05\/Arist\u00f3bulo-Ist\u00fariz-e1619974825944.jpg","articleSection":["Noticias","Opini\u00f3n"],"inLanguage":"es"},{"@type":"WebPage","@id":"https:\/\/www.mpppst.gob.ve\/mpppstweb\/index.php\/2021\/05\/02\/opinion-aristobulo\/","url":"https:\/\/www.mpppst.gob.ve\/mpppstweb\/index.php\/2021\/05\/02\/opinion-aristobulo\/","name":"Opini\u00f3n: Arist\u00f3bulo - MPPPST","isPartOf":{"@id":"https:\/\/www.mpppst.gob.ve\/mpppstweb\/#website"},"primaryImageOfPage":{"@id":"https:\/\/www.mpppst.gob.ve\/mpppstweb\/index.php\/2021\/05\/02\/opinion-aristobulo\/#primaryimage"},"image":{"@id":"https:\/\/www.mpppst.gob.ve\/mpppstweb\/index.php\/2021\/05\/02\/opinion-aristobulo\/#primaryimage"},"thumbnailUrl":"https:\/\/www.mpppst.gob.ve\/mpppstweb\/wp-content\/uploads\/2021\/05\/Arist\u00f3bulo-Ist\u00fariz-e1619974825944.jpg","datePublished":"2021-05-03T00:47:31+00:00","dateModified":"2021-05-03T00:47:32+00:00","breadcrumb":{"@id":"https:\/\/www.mpppst.gob.ve\/mpppstweb\/index.php\/2021\/05\/02\/opinion-aristobulo\/#breadcrumb"},"inLanguage":"es","potentialAction":[{"@type":"ReadAction","target":["https:\/\/www.mpppst.gob.ve\/mpppstweb\/index.php\/2021\/05\/02\/opinion-aristobulo\/"]}]},{"@type":"ImageObject","inLanguage":"es","@id":"https:\/\/www.mpppst.gob.ve\/mpppstweb\/index.php\/2021\/05\/02\/opinion-aristobulo\/#primaryimage","url":"https:\/\/www.mpppst.gob.ve\/mpppstweb\/wp-content\/uploads\/2021\/05\/Arist\u00f3bulo-Ist\u00fariz-e1619974825944.jpg","contentUrl":"https:\/\/www.mpppst.gob.ve\/mpppstweb\/wp-content\/uploads\/2021\/05\/Arist\u00f3bulo-Ist\u00fariz-e1619974825944.jpg","width":957,"height":723},{"@type":"BreadcrumbList","@id":"https:\/\/www.mpppst.gob.ve\/mpppstweb\/index.php\/2021\/05\/02\/opinion-aristobulo\/#breadcrumb","itemListElement":[{"@type":"ListItem","position":1,"name":"Home","item":"https:\/\/www.mpppst.gob.ve\/mpppstweb\/"},{"@type":"ListItem","position":2,"name":"Opini\u00f3n: Arist\u00f3bulo"}]},{"@type":"WebSite","@id":"https:\/\/www.mpppst.gob.ve\/mpppstweb\/#website","url":"https:\/\/www.mpppst.gob.ve\/mpppstweb\/","name":"MPPPST","description":"Ministerio del Poder Popular para el Proceso Social de Trabajo","publisher":{"@id":"https:\/\/www.mpppst.gob.ve\/mpppstweb\/#organization"},"potentialAction":[{"@type":"SearchAction","target":{"@type":"EntryPoint","urlTemplate":"https:\/\/www.mpppst.gob.ve\/mpppstweb\/?s={search_term_string}"},"query-input":"required name=search_term_string"}],"inLanguage":"es"},{"@type":"Organization","@id":"https:\/\/www.mpppst.gob.ve\/mpppstweb\/#organization","name":"mpppst","url":"https:\/\/www.mpppst.gob.ve\/mpppstweb\/","logo":{"@type":"ImageObject","inLanguage":"es","@id":"https:\/\/www.mpppst.gob.ve\/mpppstweb\/#\/schema\/logo\/image\/","url":"https:\/\/www.mpppst.gob.ve\/mpppstweb\/wp-content\/uploads\/2025\/07\/cropped-cropped-g910.png","contentUrl":"https:\/\/www.mpppst.gob.ve\/mpppstweb\/wp-content\/uploads\/2025\/07\/cropped-cropped-g910.png","width":1080,"height":241,"caption":"mpppst"},"image":{"@id":"https:\/\/www.mpppst.gob.ve\/mpppstweb\/#\/schema\/logo\/image\/"}},{"@type":"Person","@id":"https:\/\/www.mpppst.gob.ve\/mpppstweb\/#\/schema\/person\/fc187ee8ead412bd4c9304b62f900ea4","name":"MPPPST Prensa","url":"https:\/\/www.mpppst.gob.ve\/mpppstweb\/index.php\/author\/prensa-mpppst\/"}]}},"_links":{"self":[{"href":"https:\/\/www.mpppst.gob.ve\/mpppstweb\/index.php\/wp-json\/wp\/v2\/posts\/22179"}],"collection":[{"href":"https:\/\/www.mpppst.gob.ve\/mpppstweb\/index.php\/wp-json\/wp\/v2\/posts"}],"about":[{"href":"https:\/\/www.mpppst.gob.ve\/mpppstweb\/index.php\/wp-json\/wp\/v2\/types\/post"}],"author":[{"embeddable":true,"href":"https:\/\/www.mpppst.gob.ve\/mpppstweb\/index.php\/wp-json\/wp\/v2\/users\/25"}],"replies":[{"embeddable":true,"href":"https:\/\/www.mpppst.gob.ve\/mpppstweb\/index.php\/wp-json\/wp\/v2\/comments?post=22179"}],"version-history":[{"count":1,"href":"https:\/\/www.mpppst.gob.ve\/mpppstweb\/index.php\/wp-json\/wp\/v2\/posts\/22179\/revisions"}],"predecessor-version":[{"id":22181,"href":"https:\/\/www.mpppst.gob.ve\/mpppstweb\/index.php\/wp-json\/wp\/v2\/posts\/22179\/revisions\/22181"}],"wp:featuredmedia":[{"embeddable":true,"href":"https:\/\/www.mpppst.gob.ve\/mpppstweb\/index.php\/wp-json\/wp\/v2\/media\/22180"}],"wp:attachment":[{"href":"https:\/\/www.mpppst.gob.ve\/mpppstweb\/index.php\/wp-json\/wp\/v2\/media?parent=22179"}],"wp:term":[{"taxonomy":"category","embeddable":true,"href":"https:\/\/www.mpppst.gob.ve\/mpppstweb\/index.php\/wp-json\/wp\/v2\/categories?post=22179"},{"taxonomy":"post_tag","embeddable":true,"href":"https:\/\/www.mpppst.gob.ve\/mpppstweb\/index.php\/wp-json\/wp\/v2\/tags?post=22179"}],"curies":[{"name":"wp","href":"https:\/\/api.w.org\/{rel}","templated":true}]}}