{"id":22186,"date":"2021-05-03T09:07:18","date_gmt":"2021-05-03T13:07:18","guid":{"rendered":"http:\/\/www.mpppst.gob.ve\/mpppstweb\/?p=22186"},"modified":"2021-05-03T09:07:19","modified_gmt":"2021-05-03T13:07:19","slug":"designado-eduardo-pinate-como-nuevo-ministro-del-poder-popular-para-la-educacion-y-jose-ramon-rivero-como-nuevo-titular-del-ministerio-del-proceso-social-del-trabajo","status":"publish","type":"post","link":"https:\/\/www.mpppst.gob.ve\/mpppstweb\/index.php\/2021\/05\/03\/designado-eduardo-pinate-como-nuevo-ministro-del-poder-popular-para-la-educacion-y-jose-ramon-rivero-como-nuevo-titular-del-ministerio-del-proceso-social-del-trabajo\/","title":{"rendered":"Designado Eduardo Pi\u00f1ate como nuevo ministro del Poder Popular para la Educaci\u00f3n y Jos\u00e9 Ram\u00f3n Rivero como nuevo titular del Ministerio del Proceso Social del Trabajo"},"content":{"rendered":"\n<p>\u201cQuiero anunciar que dada la partida f\u00edsica de Arist\u00f3bulo Ist\u00fariz, anuncio que he decido designar al profesor Eduardo Pi\u00f1ate como nuevo ministro del Poder Popular para la Educaci\u00f3n y vicepresidente de Gobierno para el Socialismo Social y Territorial, para que asuma las banderas de Arist\u00f3bulo\u201d, destac\u00f3 este domingo el presidente de de la Rep\u00fablica Bolivariana de Venezuela, Nicol\u00e1s Maduro.<\/p>\n\n\n\n<p>Refiri\u00f3 que Pi\u00f1ate fue miembro de una generaci\u00f3n m\u00e1s joven, militante Revolucionario, profesor de Historia y Geograf\u00eda y que dio clases durante muchos a\u00f1os, por lo que cree en la educaci\u00f3n popular; \u201ccreo que puede asumir las banderas de Arist\u00f3bulo en el Ministerio para la Educaci\u00f3n y puede asumir con su capacidad metodol\u00f3gica el gabinete de la Vicepresidencia para el Socialismo Social y Territorial\u201d.&nbsp;<\/p>\n\n\n\n<p>Asimismo, design\u00f3 a Jos\u00e9 Ram\u00f3n Rivero para que asuma el Ministerio de las Relaciones Sociales del Trabajo en sustituci\u00f3n de Eduardo Pi\u00f1ate; un hombre con gran experiencia que conoce muy bien todos los temas de las relaciones laborales del pa\u00eds y comprometido con la construcci\u00f3n del socialismo.<\/p>\n\n\n\n<p>\u201cRivero viene de la clase obrera de Guayana, que mantendr\u00e1 los avances y todas las iniciativas para buscar soluciones a los problemas que enfrenta la clase obrera trabajadora. Esta semana se instalar\u00e1 el&nbsp;<strong>Primer Consejo Presidencial de Gobierno Popular del sector de la Clase Obrera&nbsp;<\/strong>a fin de la recuperaci\u00f3n econ\u00f3mica sostenida, recuperar del ingreso real de los trabajadores en la construcci\u00f3n del socialismo\u201d.<\/p>\n","protected":false},"excerpt":{"rendered":"<p>\u201cQuiero anunciar que dada la partida f\u00edsica de Arist\u00f3bulo Ist\u00fariz, anuncio que he decido designar al &hellip; <a title=\"Designado Eduardo Pi\u00f1ate como nuevo ministro del Poder Popular para la Educaci\u00f3n y Jos\u00e9 Ram\u00f3n Rivero como nuevo titular del Ministerio del Proceso Social del Trabajo\" class=\"hm-read-more\" href=\"https:\/\/www.mpppst.gob.ve\/mpppstweb\/index.php\/2021\/05\/03\/designado-eduardo-pinate-como-nuevo-ministro-del-poder-popular-para-la-educacion-y-jose-ramon-rivero-como-nuevo-titular-del-ministerio-del-proceso-social-del-trabajo\/\"><span class=\"screen-reader-text\">Designado Eduardo Pi\u00f1ate como nuevo ministro del Poder Popular para la Educaci\u00f3n y Jos\u00e9 Ram\u00f3n Rivero como nuevo titular del Ministerio del Proceso Social del Trabajo<\/span>Read more<\/a><\/p>\n","protected":false},"author":25,"featured_media":22187,"comment_status":"closed","ping_status":"closed","sticky":false,"template":"","format":"standard","meta":{"footnotes":""},"categories":[82,163],"tags":[],"yoast_head":"<!-- This site is optimized with the Yoast SEO plugin v22.5 - https:\/\/yoast.com\/wordpress\/plugins\/seo\/ -->\n<title>Designado Eduardo Pi\u00f1ate como nuevo ministro del Poder Popular para la Educaci\u00f3n y Jos\u00e9 Ram\u00f3n Rivero como nuevo titular del Ministerio del Proceso Social del Trabajo - MPPPST<\/title>\n<meta name=\"robots\" content=\"index, follow, max-snippet:-1, max-image-preview:large, max-video-preview:-1\" \/>\n<link rel=\"canonical\" href=\"https:\/\/www.mpppst.gob.ve\/mpppstweb\/index.php\/2021\/05\/03\/designado-eduardo-pinate-como-nuevo-ministro-del-poder-popular-para-la-educacion-y-jose-ramon-rivero-como-nuevo-titular-del-ministerio-del-proceso-social-del-trabajo\/\" \/>\n<meta property=\"og:locale\" content=\"es_ES\" \/>\n<meta property=\"og:type\" content=\"article\" \/>\n<meta property=\"og:title\" content=\"Designado Eduardo Pi\u00f1ate como nuevo ministro del Poder Popular para la Educaci\u00f3n y Jos\u00e9 Ram\u00f3n Rivero como nuevo titular del Ministerio del Proceso Social del Trabajo - MPPPST\" \/>\n<meta property=\"og:description\" content=\"\u201cQuiero anunciar que dada la partida f\u00edsica de Arist\u00f3bulo Ist\u00fariz, anuncio que he decido designar al &hellip; Designado Eduardo Pi\u00f1ate como nuevo ministro del Poder Popular para la Educaci\u00f3n y Jos\u00e9 Ram\u00f3n Rivero como nuevo titular del Ministerio del Proceso Social del TrabajoRead more\" \/>\n<meta property=\"og:url\" content=\"https:\/\/www.mpppst.gob.ve\/mpppstweb\/index.php\/2021\/05\/03\/designado-eduardo-pinate-como-nuevo-ministro-del-poder-popular-para-la-educacion-y-jose-ramon-rivero-como-nuevo-titular-del-ministerio-del-proceso-social-del-trabajo\/\" \/>\n<meta property=\"og:site_name\" content=\"MPPPST\" \/>\n<meta property=\"article:published_time\" content=\"2021-05-03T13:07:18+00:00\" \/>\n<meta property=\"article:modified_time\" content=\"2021-05-03T13:07:19+00:00\" \/>\n<meta property=\"og:image\" content=\"https:\/\/www.mpppst.gob.ve\/mpppstweb\/wp-content\/uploads\/2021\/05\/photo4933928107908376882-768x427-1.jpg\" \/>\n\t<meta property=\"og:image:width\" content=\"768\" \/>\n\t<meta property=\"og:image:height\" content=\"427\" \/>\n\t<meta property=\"og:image:type\" content=\"image\/jpeg\" \/>\n<meta name=\"author\" content=\"MPPPST Prensa\" \/>\n<meta name=\"twitter:card\" content=\"summary_large_image\" \/>\n<meta name=\"twitter:label1\" content=\"Escrito por\" \/>\n\t<meta name=\"twitter:data1\" content=\"MPPPST Prensa\" \/>\n\t<meta name=\"twitter:label2\" content=\"Tiempo de lectura\" \/>\n\t<meta name=\"twitter:data2\" content=\"1 minuto\" \/>\n<script type=\"application\/ld+json\" class=\"yoast-schema-graph\">{\"@context\":\"https:\/\/schema.org\",\"@graph\":[{\"@type\":\"Article\",\"@id\":\"https:\/\/www.mpppst.gob.ve\/mpppstweb\/index.php\/2021\/05\/03\/designado-eduardo-pinate-como-nuevo-ministro-del-poder-popular-para-la-educacion-y-jose-ramon-rivero-como-nuevo-titular-del-ministerio-del-proceso-social-del-trabajo\/#article\",\"isPartOf\":{\"@id\":\"https:\/\/www.mpppst.gob.ve\/mpppstweb\/index.php\/2021\/05\/03\/designado-eduardo-pinate-como-nuevo-ministro-del-poder-popular-para-la-educacion-y-jose-ramon-rivero-como-nuevo-titular-del-ministerio-del-proceso-social-del-trabajo\/\"},\"author\":{\"name\":\"MPPPST Prensa\",\"@id\":\"https:\/\/www.mpppst.gob.ve\/mpppstweb\/#\/schema\/person\/fc187ee8ead412bd4c9304b62f900ea4\"},\"headline\":\"Designado Eduardo Pi\u00f1ate como nuevo ministro del Poder Popular para la Educaci\u00f3n y Jos\u00e9 Ram\u00f3n Rivero como nuevo titular del Ministerio del Proceso Social del Trabajo\",\"datePublished\":\"2021-05-03T13:07:18+00:00\",\"dateModified\":\"2021-05-03T13:07:19+00:00\",\"mainEntityOfPage\":{\"@id\":\"https:\/\/www.mpppst.gob.ve\/mpppstweb\/index.php\/2021\/05\/03\/designado-eduardo-pinate-como-nuevo-ministro-del-poder-popular-para-la-educacion-y-jose-ramon-rivero-como-nuevo-titular-del-ministerio-del-proceso-social-del-trabajo\/\"},\"wordCount\":291,\"publisher\":{\"@id\":\"https:\/\/www.mpppst.gob.ve\/mpppstweb\/#organization\"},\"image\":{\"@id\":\"https:\/\/www.mpppst.gob.ve\/mpppstweb\/index.php\/2021\/05\/03\/designado-eduardo-pinate-como-nuevo-ministro-del-poder-popular-para-la-educacion-y-jose-ramon-rivero-como-nuevo-titular-del-ministerio-del-proceso-social-del-trabajo\/#primaryimage\"},\"thumbnailUrl\":\"https:\/\/www.mpppst.gob.ve\/mpppstweb\/wp-content\/uploads\/2021\/05\/photo4933928107908376882-768x427-1.jpg\",\"articleSection\":[\"Gobierno Nacional\",\"Noticias\"],\"inLanguage\":\"es\"},{\"@type\":\"WebPage\",\"@id\":\"https:\/\/www.mpppst.gob.ve\/mpppstweb\/index.php\/2021\/05\/03\/designado-eduardo-pinate-como-nuevo-ministro-del-poder-popular-para-la-educacion-y-jose-ramon-rivero-como-nuevo-titular-del-ministerio-del-proceso-social-del-trabajo\/\",\"url\":\"https:\/\/www.mpppst.gob.ve\/mpppstweb\/index.php\/2021\/05\/03\/designado-eduardo-pinate-como-nuevo-ministro-del-poder-popular-para-la-educacion-y-jose-ramon-rivero-como-nuevo-titular-del-ministerio-del-proceso-social-del-trabajo\/\",\"name\":\"Designado Eduardo Pi\u00f1ate como nuevo ministro del Poder Popular para la Educaci\u00f3n y Jos\u00e9 Ram\u00f3n Rivero como nuevo titular del Ministerio del Proceso Social del Trabajo - MPPPST\",\"isPartOf\":{\"@id\":\"https:\/\/www.mpppst.gob.ve\/mpppstweb\/#website\"},\"primaryImageOfPage\":{\"@id\":\"https:\/\/www.mpppst.gob.ve\/mpppstweb\/index.php\/2021\/05\/03\/designado-eduardo-pinate-como-nuevo-ministro-del-poder-popular-para-la-educacion-y-jose-ramon-rivero-como-nuevo-titular-del-ministerio-del-proceso-social-del-trabajo\/#primaryimage\"},\"image\":{\"@id\":\"https:\/\/www.mpppst.gob.ve\/mpppstweb\/index.php\/2021\/05\/03\/designado-eduardo-pinate-como-nuevo-ministro-del-poder-popular-para-la-educacion-y-jose-ramon-rivero-como-nuevo-titular-del-ministerio-del-proceso-social-del-trabajo\/#primaryimage\"},\"thumbnailUrl\":\"https:\/\/www.mpppst.gob.ve\/mpppstweb\/wp-content\/uploads\/2021\/05\/photo4933928107908376882-768x427-1.jpg\",\"datePublished\":\"2021-05-03T13:07:18+00:00\",\"dateModified\":\"2021-05-03T13:07:19+00:00\",\"breadcrumb\":{\"@id\":\"https:\/\/www.mpppst.gob.ve\/mpppstweb\/index.php\/2021\/05\/03\/designado-eduardo-pinate-como-nuevo-ministro-del-poder-popular-para-la-educacion-y-jose-ramon-rivero-como-nuevo-titular-del-ministerio-del-proceso-social-del-trabajo\/#breadcrumb\"},\"inLanguage\":\"es\",\"potentialAction\":[{\"@type\":\"ReadAction\",\"target\":[\"https:\/\/www.mpppst.gob.ve\/mpppstweb\/index.php\/2021\/05\/03\/designado-eduardo-pinate-como-nuevo-ministro-del-poder-popular-para-la-educacion-y-jose-ramon-rivero-como-nuevo-titular-del-ministerio-del-proceso-social-del-trabajo\/\"]}]},{\"@type\":\"ImageObject\",\"inLanguage\":\"es\",\"@id\":\"https:\/\/www.mpppst.gob.ve\/mpppstweb\/index.php\/2021\/05\/03\/designado-eduardo-pinate-como-nuevo-ministro-del-poder-popular-para-la-educacion-y-jose-ramon-rivero-como-nuevo-titular-del-ministerio-del-proceso-social-del-trabajo\/#primaryimage\",\"url\":\"https:\/\/www.mpppst.gob.ve\/mpppstweb\/wp-content\/uploads\/2021\/05\/photo4933928107908376882-768x427-1.jpg\",\"contentUrl\":\"https:\/\/www.mpppst.gob.ve\/mpppstweb\/wp-content\/uploads\/2021\/05\/photo4933928107908376882-768x427-1.jpg\",\"width\":768,\"height\":427},{\"@type\":\"BreadcrumbList\",\"@id\":\"https:\/\/www.mpppst.gob.ve\/mpppstweb\/index.php\/2021\/05\/03\/designado-eduardo-pinate-como-nuevo-ministro-del-poder-popular-para-la-educacion-y-jose-ramon-rivero-como-nuevo-titular-del-ministerio-del-proceso-social-del-trabajo\/#breadcrumb\",\"itemListElement\":[{\"@type\":\"ListItem\",\"position\":1,\"name\":\"Home\",\"item\":\"https:\/\/www.mpppst.gob.ve\/mpppstweb\/\"},{\"@type\":\"ListItem\",\"position\":2,\"name\":\"Designado Eduardo Pi\u00f1ate como nuevo ministro del Poder Popular para la Educaci\u00f3n y Jos\u00e9 Ram\u00f3n Rivero como nuevo titular del Ministerio del Proceso Social del Trabajo\"}]},{\"@type\":\"WebSite\",\"@id\":\"https:\/\/www.mpppst.gob.ve\/mpppstweb\/#website\",\"url\":\"https:\/\/www.mpppst.gob.ve\/mpppstweb\/\",\"name\":\"MPPPST\",\"description\":\"Ministerio del Poder Popular para el Proceso Social de Trabajo\",\"publisher\":{\"@id\":\"https:\/\/www.mpppst.gob.ve\/mpppstweb\/#organization\"},\"potentialAction\":[{\"@type\":\"SearchAction\",\"target\":{\"@type\":\"EntryPoint\",\"urlTemplate\":\"https:\/\/www.mpppst.gob.ve\/mpppstweb\/?s={search_term_string}\"},\"query-input\":\"required name=search_term_string\"}],\"inLanguage\":\"es\"},{\"@type\":\"Organization\",\"@id\":\"https:\/\/www.mpppst.gob.ve\/mpppstweb\/#organization\",\"name\":\"mpppst\",\"url\":\"https:\/\/www.mpppst.gob.ve\/mpppstweb\/\",\"logo\":{\"@type\":\"ImageObject\",\"inLanguage\":\"es\",\"@id\":\"https:\/\/www.mpppst.gob.ve\/mpppstweb\/#\/schema\/logo\/image\/\",\"url\":\"https:\/\/www.mpppst.gob.ve\/mpppstweb\/wp-content\/uploads\/2025\/07\/cropped-cropped-g910.png\",\"contentUrl\":\"https:\/\/www.mpppst.gob.ve\/mpppstweb\/wp-content\/uploads\/2025\/07\/cropped-cropped-g910.png\",\"width\":1080,\"height\":241,\"caption\":\"mpppst\"},\"image\":{\"@id\":\"https:\/\/www.mpppst.gob.ve\/mpppstweb\/#\/schema\/logo\/image\/\"}},{\"@type\":\"Person\",\"@id\":\"https:\/\/www.mpppst.gob.ve\/mpppstweb\/#\/schema\/person\/fc187ee8ead412bd4c9304b62f900ea4\",\"name\":\"MPPPST Prensa\",\"url\":\"https:\/\/www.mpppst.gob.ve\/mpppstweb\/index.php\/author\/prensa-mpppst\/\"}]}<\/script>\n<!-- \/ Yoast SEO plugin. -->","yoast_head_json":{"title":"Designado Eduardo Pi\u00f1ate como nuevo ministro del Poder Popular para la Educaci\u00f3n y Jos\u00e9 Ram\u00f3n Rivero como nuevo titular del Ministerio del Proceso Social del Trabajo - MPPPST","robots":{"index":"index","follow":"follow","max-snippet":"max-snippet:-1","max-image-preview":"max-image-preview:large","max-video-preview":"max-video-preview:-1"},"canonical":"https:\/\/www.mpppst.gob.ve\/mpppstweb\/index.php\/2021\/05\/03\/designado-eduardo-pinate-como-nuevo-ministro-del-poder-popular-para-la-educacion-y-jose-ramon-rivero-como-nuevo-titular-del-ministerio-del-proceso-social-del-trabajo\/","og_locale":"es_ES","og_type":"article","og_title":"Designado Eduardo Pi\u00f1ate como nuevo ministro del Poder Popular para la Educaci\u00f3n y Jos\u00e9 Ram\u00f3n Rivero como nuevo titular del Ministerio del Proceso Social del Trabajo - MPPPST","og_description":"\u201cQuiero anunciar que dada la partida f\u00edsica de Arist\u00f3bulo Ist\u00fariz, anuncio que he decido designar al &hellip; Designado Eduardo Pi\u00f1ate como nuevo ministro del Poder Popular para la Educaci\u00f3n y Jos\u00e9 Ram\u00f3n Rivero como nuevo titular del Ministerio del Proceso Social del TrabajoRead more","og_url":"https:\/\/www.mpppst.gob.ve\/mpppstweb\/index.php\/2021\/05\/03\/designado-eduardo-pinate-como-nuevo-ministro-del-poder-popular-para-la-educacion-y-jose-ramon-rivero-como-nuevo-titular-del-ministerio-del-proceso-social-del-trabajo\/","og_site_name":"MPPPST","article_published_time":"2021-05-03T13:07:18+00:00","article_modified_time":"2021-05-03T13:07:19+00:00","og_image":[{"width":768,"height":427,"url":"https:\/\/www.mpppst.gob.ve\/mpppstweb\/wp-content\/uploads\/2021\/05\/photo4933928107908376882-768x427-1.jpg","type":"image\/jpeg"}],"author":"MPPPST Prensa","twitter_card":"summary_large_image","twitter_misc":{"Escrito por":"MPPPST Prensa","Tiempo de lectura":"1 minuto"},"schema":{"@context":"https:\/\/schema.org","@graph":[{"@type":"Article","@id":"https:\/\/www.mpppst.gob.ve\/mpppstweb\/index.php\/2021\/05\/03\/designado-eduardo-pinate-como-nuevo-ministro-del-poder-popular-para-la-educacion-y-jose-ramon-rivero-como-nuevo-titular-del-ministerio-del-proceso-social-del-trabajo\/#article","isPartOf":{"@id":"https:\/\/www.mpppst.gob.ve\/mpppstweb\/index.php\/2021\/05\/03\/designado-eduardo-pinate-como-nuevo-ministro-del-poder-popular-para-la-educacion-y-jose-ramon-rivero-como-nuevo-titular-del-ministerio-del-proceso-social-del-trabajo\/"},"author":{"name":"MPPPST Prensa","@id":"https:\/\/www.mpppst.gob.ve\/mpppstweb\/#\/schema\/person\/fc187ee8ead412bd4c9304b62f900ea4"},"headline":"Designado Eduardo Pi\u00f1ate como nuevo ministro del Poder Popular para la Educaci\u00f3n y Jos\u00e9 Ram\u00f3n Rivero como nuevo titular del Ministerio del Proceso Social del Trabajo","datePublished":"2021-05-03T13:07:18+00:00","dateModified":"2021-05-03T13:07:19+00:00","mainEntityOfPage":{"@id":"https:\/\/www.mpppst.gob.ve\/mpppstweb\/index.php\/2021\/05\/03\/designado-eduardo-pinate-como-nuevo-ministro-del-poder-popular-para-la-educacion-y-jose-ramon-rivero-como-nuevo-titular-del-ministerio-del-proceso-social-del-trabajo\/"},"wordCount":291,"publisher":{"@id":"https:\/\/www.mpppst.gob.ve\/mpppstweb\/#organization"},"image":{"@id":"https:\/\/www.mpppst.gob.ve\/mpppstweb\/index.php\/2021\/05\/03\/designado-eduardo-pinate-como-nuevo-ministro-del-poder-popular-para-la-educacion-y-jose-ramon-rivero-como-nuevo-titular-del-ministerio-del-proceso-social-del-trabajo\/#primaryimage"},"thumbnailUrl":"https:\/\/www.mpppst.gob.ve\/mpppstweb\/wp-content\/uploads\/2021\/05\/photo4933928107908376882-768x427-1.jpg","articleSection":["Gobierno Nacional","Noticias"],"inLanguage":"es"},{"@type":"WebPage","@id":"https:\/\/www.mpppst.gob.ve\/mpppstweb\/index.php\/2021\/05\/03\/designado-eduardo-pinate-como-nuevo-ministro-del-poder-popular-para-la-educacion-y-jose-ramon-rivero-como-nuevo-titular-del-ministerio-del-proceso-social-del-trabajo\/","url":"https:\/\/www.mpppst.gob.ve\/mpppstweb\/index.php\/2021\/05\/03\/designado-eduardo-pinate-como-nuevo-ministro-del-poder-popular-para-la-educacion-y-jose-ramon-rivero-como-nuevo-titular-del-ministerio-del-proceso-social-del-trabajo\/","name":"Designado Eduardo Pi\u00f1ate como nuevo ministro del Poder Popular para la Educaci\u00f3n y Jos\u00e9 Ram\u00f3n Rivero como nuevo titular del Ministerio del Proceso Social del Trabajo - MPPPST","isPartOf":{"@id":"https:\/\/www.mpppst.gob.ve\/mpppstweb\/#website"},"primaryImageOfPage":{"@id":"https:\/\/www.mpppst.gob.ve\/mpppstweb\/index.php\/2021\/05\/03\/designado-eduardo-pinate-como-nuevo-ministro-del-poder-popular-para-la-educacion-y-jose-ramon-rivero-como-nuevo-titular-del-ministerio-del-proceso-social-del-trabajo\/#primaryimage"},"image":{"@id":"https:\/\/www.mpppst.gob.ve\/mpppstweb\/index.php\/2021\/05\/03\/designado-eduardo-pinate-como-nuevo-ministro-del-poder-popular-para-la-educacion-y-jose-ramon-rivero-como-nuevo-titular-del-ministerio-del-proceso-social-del-trabajo\/#primaryimage"},"thumbnailUrl":"https:\/\/www.mpppst.gob.ve\/mpppstweb\/wp-content\/uploads\/2021\/05\/photo4933928107908376882-768x427-1.jpg","datePublished":"2021-05-03T13:07:18+00:00","dateModified":"2021-05-03T13:07:19+00:00","breadcrumb":{"@id":"https:\/\/www.mpppst.gob.ve\/mpppstweb\/index.php\/2021\/05\/03\/designado-eduardo-pinate-como-nuevo-ministro-del-poder-popular-para-la-educacion-y-jose-ramon-rivero-como-nuevo-titular-del-ministerio-del-proceso-social-del-trabajo\/#breadcrumb"},"inLanguage":"es","potentialAction":[{"@type":"ReadAction","target":["https:\/\/www.mpppst.gob.ve\/mpppstweb\/index.php\/2021\/05\/03\/designado-eduardo-pinate-como-nuevo-ministro-del-poder-popular-para-la-educacion-y-jose-ramon-rivero-como-nuevo-titular-del-ministerio-del-proceso-social-del-trabajo\/"]}]},{"@type":"ImageObject","inLanguage":"es","@id":"https:\/\/www.mpppst.gob.ve\/mpppstweb\/index.php\/2021\/05\/03\/designado-eduardo-pinate-como-nuevo-ministro-del-poder-popular-para-la-educacion-y-jose-ramon-rivero-como-nuevo-titular-del-ministerio-del-proceso-social-del-trabajo\/#primaryimage","url":"https:\/\/www.mpppst.gob.ve\/mpppstweb\/wp-content\/uploads\/2021\/05\/photo4933928107908376882-768x427-1.jpg","contentUrl":"https:\/\/www.mpppst.gob.ve\/mpppstweb\/wp-content\/uploads\/2021\/05\/photo4933928107908376882-768x427-1.jpg","width":768,"height":427},{"@type":"BreadcrumbList","@id":"https:\/\/www.mpppst.gob.ve\/mpppstweb\/index.php\/2021\/05\/03\/designado-eduardo-pinate-como-nuevo-ministro-del-poder-popular-para-la-educacion-y-jose-ramon-rivero-como-nuevo-titular-del-ministerio-del-proceso-social-del-trabajo\/#breadcrumb","itemListElement":[{"@type":"ListItem","position":1,"name":"Home","item":"https:\/\/www.mpppst.gob.ve\/mpppstweb\/"},{"@type":"ListItem","position":2,"name":"Designado Eduardo Pi\u00f1ate como nuevo ministro del Poder Popular para la Educaci\u00f3n y Jos\u00e9 Ram\u00f3n Rivero como nuevo titular del Ministerio del Proceso Social del Trabajo"}]},{"@type":"WebSite","@id":"https:\/\/www.mpppst.gob.ve\/mpppstweb\/#website","url":"https:\/\/www.mpppst.gob.ve\/mpppstweb\/","name":"MPPPST","description":"Ministerio del Poder Popular para el Proceso Social de Trabajo","publisher":{"@id":"https:\/\/www.mpppst.gob.ve\/mpppstweb\/#organization"},"potentialAction":[{"@type":"SearchAction","target":{"@type":"EntryPoint","urlTemplate":"https:\/\/www.mpppst.gob.ve\/mpppstweb\/?s={search_term_string}"},"query-input":"required name=search_term_string"}],"inLanguage":"es"},{"@type":"Organization","@id":"https:\/\/www.mpppst.gob.ve\/mpppstweb\/#organization","name":"mpppst","url":"https:\/\/www.mpppst.gob.ve\/mpppstweb\/","logo":{"@type":"ImageObject","inLanguage":"es","@id":"https:\/\/www.mpppst.gob.ve\/mpppstweb\/#\/schema\/logo\/image\/","url":"https:\/\/www.mpppst.gob.ve\/mpppstweb\/wp-content\/uploads\/2025\/07\/cropped-cropped-g910.png","contentUrl":"https:\/\/www.mpppst.gob.ve\/mpppstweb\/wp-content\/uploads\/2025\/07\/cropped-cropped-g910.png","width":1080,"height":241,"caption":"mpppst"},"image":{"@id":"https:\/\/www.mpppst.gob.ve\/mpppstweb\/#\/schema\/logo\/image\/"}},{"@type":"Person","@id":"https:\/\/www.mpppst.gob.ve\/mpppstweb\/#\/schema\/person\/fc187ee8ead412bd4c9304b62f900ea4","name":"MPPPST Prensa","url":"https:\/\/www.mpppst.gob.ve\/mpppstweb\/index.php\/author\/prensa-mpppst\/"}]}},"_links":{"self":[{"href":"https:\/\/www.mpppst.gob.ve\/mpppstweb\/index.php\/wp-json\/wp\/v2\/posts\/22186"}],"collection":[{"href":"https:\/\/www.mpppst.gob.ve\/mpppstweb\/index.php\/wp-json\/wp\/v2\/posts"}],"about":[{"href":"https:\/\/www.mpppst.gob.ve\/mpppstweb\/index.php\/wp-json\/wp\/v2\/types\/post"}],"author":[{"embeddable":true,"href":"https:\/\/www.mpppst.gob.ve\/mpppstweb\/index.php\/wp-json\/wp\/v2\/users\/25"}],"replies":[{"embeddable":true,"href":"https:\/\/www.mpppst.gob.ve\/mpppstweb\/index.php\/wp-json\/wp\/v2\/comments?post=22186"}],"version-history":[{"count":1,"href":"https:\/\/www.mpppst.gob.ve\/mpppstweb\/index.php\/wp-json\/wp\/v2\/posts\/22186\/revisions"}],"predecessor-version":[{"id":22188,"href":"https:\/\/www.mpppst.gob.ve\/mpppstweb\/index.php\/wp-json\/wp\/v2\/posts\/22186\/revisions\/22188"}],"wp:featuredmedia":[{"embeddable":true,"href":"https:\/\/www.mpppst.gob.ve\/mpppstweb\/index.php\/wp-json\/wp\/v2\/media\/22187"}],"wp:attachment":[{"href":"https:\/\/www.mpppst.gob.ve\/mpppstweb\/index.php\/wp-json\/wp\/v2\/media?parent=22186"}],"wp:term":[{"taxonomy":"category","embeddable":true,"href":"https:\/\/www.mpppst.gob.ve\/mpppstweb\/index.php\/wp-json\/wp\/v2\/categories?post=22186"},{"taxonomy":"post_tag","embeddable":true,"href":"https:\/\/www.mpppst.gob.ve\/mpppstweb\/index.php\/wp-json\/wp\/v2\/tags?post=22186"}],"curies":[{"name":"wp","href":"https:\/\/api.w.org\/{rel}","templated":true}]}}