{"id":22261,"date":"2021-05-11T09:13:00","date_gmt":"2021-05-11T13:13:00","guid":{"rendered":"http:\/\/www.mpppst.gob.ve\/mpppstweb\/?p=22261"},"modified":"2021-05-11T09:13:04","modified_gmt":"2021-05-11T13:13:04","slug":"lacteos-los-andes-mantiene-expendio-y-distribucion-de-sus-productos-en-todo-el-pais","status":"publish","type":"post","link":"https:\/\/www.mpppst.gob.ve\/mpppstweb\/index.php\/2021\/05\/11\/lacteos-los-andes-mantiene-expendio-y-distribucion-de-sus-productos-en-todo-el-pais\/","title":{"rendered":"L\u00e1cteos Los Andes mantiene expendio y distribuci\u00f3n de sus productos en todo el pa\u00eds"},"content":{"rendered":"\n<p>Los Consejos Productivos de Trabajadores (CPT) y el sindicato de la empresa p\u00fablica L\u00e1cteos Los Andes, mantienen una participaci\u00f3n activa en el acompa\u00f1amiento a las jornadas comunitarias de expendio de productos, as\u00ed como en el fortalecimiento productivo y de distribuci\u00f3n a nivel nacional, desarrollado en los \u00faltimos dos a\u00f1os.<\/p>\n\n\n\n<p>As\u00ed lo inform\u00f3, el presidente de L\u00e1cteos Los Andes, Cnel. Luis Augusto Piligra Jim\u00e9nez, durante una tele conferencia por la plataforma Zoom, donde participaron integrantes de los CPT de la empresa, trabajadoras y trabajadores.<\/p>\n\n\n\n<p>En este sentido, la empresa socialista mantiene la integraci\u00f3n de la clase obrera consolidando la sinergia y bienestar colectivo de las trabajadoras y trabajadores, cumpliendo as\u00ed con las instrucciones del presidente constitucional Nicol\u00e1s Maduro Moros.<\/p>\n\n\n\n<p>Durante la reuni\u00f3n, se destacaron diversos temas de inter\u00e9s com\u00fan, entre ellos,&nbsp; la reactivaci\u00f3n de diez centros de distribuci\u00f3n en el pa\u00eds con el apoyo de los CPT y el sindicato; los avances en materia de producci\u00f3n y la atenci\u00f3n al pueblo mediante las jornadas sociales, a trav\u00e9s del programa Los Andes Comunal.<\/p>\n\n\n\n<p>L\u00e1cteos Los Andes cumple con los lineamientos del Ministerio del Poder Popular para la Alimentaci\u00f3n, para continuar reimpulsando la producci\u00f3n y garantizar la soberan\u00eda alimentaria a las familias venezolanas, compromiso adquirido por los trabajadores de la empresa socialista.<\/p>\n\n\n\n<p>Prensa Web VTV<\/p>\n","protected":false},"excerpt":{"rendered":"<p>Los Consejos Productivos de Trabajadores (CPT) y el sindicato de la empresa p\u00fablica L\u00e1cteos Los Andes, &hellip; <a title=\"L\u00e1cteos Los Andes mantiene expendio y distribuci\u00f3n de sus productos en todo el pa\u00eds\" class=\"hm-read-more\" href=\"https:\/\/www.mpppst.gob.ve\/mpppstweb\/index.php\/2021\/05\/11\/lacteos-los-andes-mantiene-expendio-y-distribucion-de-sus-productos-en-todo-el-pais\/\"><span class=\"screen-reader-text\">L\u00e1cteos Los Andes mantiene expendio y distribuci\u00f3n de sus productos en todo el pa\u00eds<\/span>Read more<\/a><\/p>\n","protected":false},"author":25,"featured_media":22262,"comment_status":"closed","ping_status":"closed","sticky":false,"template":"","format":"standard","meta":{"footnotes":""},"categories":[406,82,163],"tags":[],"yoast_head":"<!-- This site is optimized with the Yoast SEO plugin v22.5 - https:\/\/yoast.com\/wordpress\/plugins\/seo\/ -->\n<title>L\u00e1cteos Los Andes mantiene expendio y distribuci\u00f3n de sus productos en todo el pa\u00eds - MPPPST<\/title>\n<meta name=\"robots\" content=\"index, follow, max-snippet:-1, max-image-preview:large, max-video-preview:-1\" \/>\n<link rel=\"canonical\" href=\"https:\/\/www.mpppst.gob.ve\/mpppstweb\/index.php\/2021\/05\/11\/lacteos-los-andes-mantiene-expendio-y-distribucion-de-sus-productos-en-todo-el-pais\/\" \/>\n<meta property=\"og:locale\" content=\"es_ES\" \/>\n<meta property=\"og:type\" content=\"article\" \/>\n<meta property=\"og:title\" content=\"L\u00e1cteos Los Andes mantiene expendio y distribuci\u00f3n de sus productos en todo el pa\u00eds - MPPPST\" \/>\n<meta property=\"og:description\" content=\"Los Consejos Productivos de Trabajadores (CPT) y el sindicato de la empresa p\u00fablica L\u00e1cteos Los Andes, &hellip; L\u00e1cteos Los Andes mantiene expendio y distribuci\u00f3n de sus productos en todo el pa\u00edsRead more\" \/>\n<meta property=\"og:url\" content=\"https:\/\/www.mpppst.gob.ve\/mpppstweb\/index.php\/2021\/05\/11\/lacteos-los-andes-mantiene-expendio-y-distribucion-de-sus-productos-en-todo-el-pais\/\" \/>\n<meta property=\"og:site_name\" content=\"MPPPST\" \/>\n<meta property=\"article:published_time\" content=\"2021-05-11T13:13:00+00:00\" \/>\n<meta property=\"article:modified_time\" content=\"2021-05-11T13:13:04+00:00\" \/>\n<meta property=\"og:image\" content=\"https:\/\/www.mpppst.gob.ve\/mpppstweb\/wp-content\/uploads\/2021\/05\/lacteos-los-andes-768x427-1.jpg\" \/>\n\t<meta property=\"og:image:width\" content=\"768\" \/>\n\t<meta property=\"og:image:height\" content=\"427\" \/>\n\t<meta property=\"og:image:type\" content=\"image\/jpeg\" \/>\n<meta name=\"author\" content=\"MPPPST Prensa\" \/>\n<meta name=\"twitter:card\" content=\"summary_large_image\" \/>\n<meta name=\"twitter:label1\" content=\"Escrito por\" \/>\n\t<meta name=\"twitter:data1\" content=\"MPPPST Prensa\" \/>\n\t<meta name=\"twitter:label2\" content=\"Tiempo de lectura\" \/>\n\t<meta name=\"twitter:data2\" content=\"1 minuto\" \/>\n<script type=\"application\/ld+json\" class=\"yoast-schema-graph\">{\"@context\":\"https:\/\/schema.org\",\"@graph\":[{\"@type\":\"Article\",\"@id\":\"https:\/\/www.mpppst.gob.ve\/mpppstweb\/index.php\/2021\/05\/11\/lacteos-los-andes-mantiene-expendio-y-distribucion-de-sus-productos-en-todo-el-pais\/#article\",\"isPartOf\":{\"@id\":\"https:\/\/www.mpppst.gob.ve\/mpppstweb\/index.php\/2021\/05\/11\/lacteos-los-andes-mantiene-expendio-y-distribucion-de-sus-productos-en-todo-el-pais\/\"},\"author\":{\"name\":\"MPPPST Prensa\",\"@id\":\"https:\/\/www.mpppst.gob.ve\/mpppstweb\/#\/schema\/person\/fc187ee8ead412bd4c9304b62f900ea4\"},\"headline\":\"L\u00e1cteos Los Andes mantiene expendio y distribuci\u00f3n de sus productos en todo el pa\u00eds\",\"datePublished\":\"2021-05-11T13:13:00+00:00\",\"dateModified\":\"2021-05-11T13:13:04+00:00\",\"mainEntityOfPage\":{\"@id\":\"https:\/\/www.mpppst.gob.ve\/mpppstweb\/index.php\/2021\/05\/11\/lacteos-los-andes-mantiene-expendio-y-distribucion-de-sus-productos-en-todo-el-pais\/\"},\"wordCount\":253,\"publisher\":{\"@id\":\"https:\/\/www.mpppst.gob.ve\/mpppstweb\/#organization\"},\"image\":{\"@id\":\"https:\/\/www.mpppst.gob.ve\/mpppstweb\/index.php\/2021\/05\/11\/lacteos-los-andes-mantiene-expendio-y-distribucion-de-sus-productos-en-todo-el-pais\/#primaryimage\"},\"thumbnailUrl\":\"https:\/\/www.mpppst.gob.ve\/mpppstweb\/wp-content\/uploads\/2021\/05\/lacteos-los-andes-768x427-1.jpg\",\"articleSection\":[\"CPT\",\"Gobierno Nacional\",\"Noticias\"],\"inLanguage\":\"es\"},{\"@type\":\"WebPage\",\"@id\":\"https:\/\/www.mpppst.gob.ve\/mpppstweb\/index.php\/2021\/05\/11\/lacteos-los-andes-mantiene-expendio-y-distribucion-de-sus-productos-en-todo-el-pais\/\",\"url\":\"https:\/\/www.mpppst.gob.ve\/mpppstweb\/index.php\/2021\/05\/11\/lacteos-los-andes-mantiene-expendio-y-distribucion-de-sus-productos-en-todo-el-pais\/\",\"name\":\"L\u00e1cteos Los Andes mantiene expendio y distribuci\u00f3n de sus productos en todo el pa\u00eds - MPPPST\",\"isPartOf\":{\"@id\":\"https:\/\/www.mpppst.gob.ve\/mpppstweb\/#website\"},\"primaryImageOfPage\":{\"@id\":\"https:\/\/www.mpppst.gob.ve\/mpppstweb\/index.php\/2021\/05\/11\/lacteos-los-andes-mantiene-expendio-y-distribucion-de-sus-productos-en-todo-el-pais\/#primaryimage\"},\"image\":{\"@id\":\"https:\/\/www.mpppst.gob.ve\/mpppstweb\/index.php\/2021\/05\/11\/lacteos-los-andes-mantiene-expendio-y-distribucion-de-sus-productos-en-todo-el-pais\/#primaryimage\"},\"thumbnailUrl\":\"https:\/\/www.mpppst.gob.ve\/mpppstweb\/wp-content\/uploads\/2021\/05\/lacteos-los-andes-768x427-1.jpg\",\"datePublished\":\"2021-05-11T13:13:00+00:00\",\"dateModified\":\"2021-05-11T13:13:04+00:00\",\"breadcrumb\":{\"@id\":\"https:\/\/www.mpppst.gob.ve\/mpppstweb\/index.php\/2021\/05\/11\/lacteos-los-andes-mantiene-expendio-y-distribucion-de-sus-productos-en-todo-el-pais\/#breadcrumb\"},\"inLanguage\":\"es\",\"potentialAction\":[{\"@type\":\"ReadAction\",\"target\":[\"https:\/\/www.mpppst.gob.ve\/mpppstweb\/index.php\/2021\/05\/11\/lacteos-los-andes-mantiene-expendio-y-distribucion-de-sus-productos-en-todo-el-pais\/\"]}]},{\"@type\":\"ImageObject\",\"inLanguage\":\"es\",\"@id\":\"https:\/\/www.mpppst.gob.ve\/mpppstweb\/index.php\/2021\/05\/11\/lacteos-los-andes-mantiene-expendio-y-distribucion-de-sus-productos-en-todo-el-pais\/#primaryimage\",\"url\":\"https:\/\/www.mpppst.gob.ve\/mpppstweb\/wp-content\/uploads\/2021\/05\/lacteos-los-andes-768x427-1.jpg\",\"contentUrl\":\"https:\/\/www.mpppst.gob.ve\/mpppstweb\/wp-content\/uploads\/2021\/05\/lacteos-los-andes-768x427-1.jpg\",\"width\":768,\"height\":427},{\"@type\":\"BreadcrumbList\",\"@id\":\"https:\/\/www.mpppst.gob.ve\/mpppstweb\/index.php\/2021\/05\/11\/lacteos-los-andes-mantiene-expendio-y-distribucion-de-sus-productos-en-todo-el-pais\/#breadcrumb\",\"itemListElement\":[{\"@type\":\"ListItem\",\"position\":1,\"name\":\"Home\",\"item\":\"https:\/\/www.mpppst.gob.ve\/mpppstweb\/\"},{\"@type\":\"ListItem\",\"position\":2,\"name\":\"L\u00e1cteos Los Andes mantiene expendio y distribuci\u00f3n de sus productos en todo el pa\u00eds\"}]},{\"@type\":\"WebSite\",\"@id\":\"https:\/\/www.mpppst.gob.ve\/mpppstweb\/#website\",\"url\":\"https:\/\/www.mpppst.gob.ve\/mpppstweb\/\",\"name\":\"MPPPST\",\"description\":\"Ministerio del Poder Popular para el Proceso Social de Trabajo\",\"publisher\":{\"@id\":\"https:\/\/www.mpppst.gob.ve\/mpppstweb\/#organization\"},\"potentialAction\":[{\"@type\":\"SearchAction\",\"target\":{\"@type\":\"EntryPoint\",\"urlTemplate\":\"https:\/\/www.mpppst.gob.ve\/mpppstweb\/?s={search_term_string}\"},\"query-input\":\"required name=search_term_string\"}],\"inLanguage\":\"es\"},{\"@type\":\"Organization\",\"@id\":\"https:\/\/www.mpppst.gob.ve\/mpppstweb\/#organization\",\"name\":\"mpppst\",\"url\":\"https:\/\/www.mpppst.gob.ve\/mpppstweb\/\",\"logo\":{\"@type\":\"ImageObject\",\"inLanguage\":\"es\",\"@id\":\"https:\/\/www.mpppst.gob.ve\/mpppstweb\/#\/schema\/logo\/image\/\",\"url\":\"https:\/\/www.mpppst.gob.ve\/mpppstweb\/wp-content\/uploads\/2025\/07\/cropped-cropped-g910.png\",\"contentUrl\":\"https:\/\/www.mpppst.gob.ve\/mpppstweb\/wp-content\/uploads\/2025\/07\/cropped-cropped-g910.png\",\"width\":1080,\"height\":241,\"caption\":\"mpppst\"},\"image\":{\"@id\":\"https:\/\/www.mpppst.gob.ve\/mpppstweb\/#\/schema\/logo\/image\/\"}},{\"@type\":\"Person\",\"@id\":\"https:\/\/www.mpppst.gob.ve\/mpppstweb\/#\/schema\/person\/fc187ee8ead412bd4c9304b62f900ea4\",\"name\":\"MPPPST Prensa\",\"url\":\"https:\/\/www.mpppst.gob.ve\/mpppstweb\/index.php\/author\/prensa-mpppst\/\"}]}<\/script>\n<!-- \/ Yoast SEO plugin. -->","yoast_head_json":{"title":"L\u00e1cteos Los Andes mantiene expendio y distribuci\u00f3n de sus productos en todo el pa\u00eds - MPPPST","robots":{"index":"index","follow":"follow","max-snippet":"max-snippet:-1","max-image-preview":"max-image-preview:large","max-video-preview":"max-video-preview:-1"},"canonical":"https:\/\/www.mpppst.gob.ve\/mpppstweb\/index.php\/2021\/05\/11\/lacteos-los-andes-mantiene-expendio-y-distribucion-de-sus-productos-en-todo-el-pais\/","og_locale":"es_ES","og_type":"article","og_title":"L\u00e1cteos Los Andes mantiene expendio y distribuci\u00f3n de sus productos en todo el pa\u00eds - MPPPST","og_description":"Los Consejos Productivos de Trabajadores (CPT) y el sindicato de la empresa p\u00fablica L\u00e1cteos Los Andes, &hellip; L\u00e1cteos Los Andes mantiene expendio y distribuci\u00f3n de sus productos en todo el pa\u00edsRead more","og_url":"https:\/\/www.mpppst.gob.ve\/mpppstweb\/index.php\/2021\/05\/11\/lacteos-los-andes-mantiene-expendio-y-distribucion-de-sus-productos-en-todo-el-pais\/","og_site_name":"MPPPST","article_published_time":"2021-05-11T13:13:00+00:00","article_modified_time":"2021-05-11T13:13:04+00:00","og_image":[{"width":768,"height":427,"url":"https:\/\/www.mpppst.gob.ve\/mpppstweb\/wp-content\/uploads\/2021\/05\/lacteos-los-andes-768x427-1.jpg","type":"image\/jpeg"}],"author":"MPPPST Prensa","twitter_card":"summary_large_image","twitter_misc":{"Escrito por":"MPPPST Prensa","Tiempo de lectura":"1 minuto"},"schema":{"@context":"https:\/\/schema.org","@graph":[{"@type":"Article","@id":"https:\/\/www.mpppst.gob.ve\/mpppstweb\/index.php\/2021\/05\/11\/lacteos-los-andes-mantiene-expendio-y-distribucion-de-sus-productos-en-todo-el-pais\/#article","isPartOf":{"@id":"https:\/\/www.mpppst.gob.ve\/mpppstweb\/index.php\/2021\/05\/11\/lacteos-los-andes-mantiene-expendio-y-distribucion-de-sus-productos-en-todo-el-pais\/"},"author":{"name":"MPPPST Prensa","@id":"https:\/\/www.mpppst.gob.ve\/mpppstweb\/#\/schema\/person\/fc187ee8ead412bd4c9304b62f900ea4"},"headline":"L\u00e1cteos Los Andes mantiene expendio y distribuci\u00f3n de sus productos en todo el pa\u00eds","datePublished":"2021-05-11T13:13:00+00:00","dateModified":"2021-05-11T13:13:04+00:00","mainEntityOfPage":{"@id":"https:\/\/www.mpppst.gob.ve\/mpppstweb\/index.php\/2021\/05\/11\/lacteos-los-andes-mantiene-expendio-y-distribucion-de-sus-productos-en-todo-el-pais\/"},"wordCount":253,"publisher":{"@id":"https:\/\/www.mpppst.gob.ve\/mpppstweb\/#organization"},"image":{"@id":"https:\/\/www.mpppst.gob.ve\/mpppstweb\/index.php\/2021\/05\/11\/lacteos-los-andes-mantiene-expendio-y-distribucion-de-sus-productos-en-todo-el-pais\/#primaryimage"},"thumbnailUrl":"https:\/\/www.mpppst.gob.ve\/mpppstweb\/wp-content\/uploads\/2021\/05\/lacteos-los-andes-768x427-1.jpg","articleSection":["CPT","Gobierno Nacional","Noticias"],"inLanguage":"es"},{"@type":"WebPage","@id":"https:\/\/www.mpppst.gob.ve\/mpppstweb\/index.php\/2021\/05\/11\/lacteos-los-andes-mantiene-expendio-y-distribucion-de-sus-productos-en-todo-el-pais\/","url":"https:\/\/www.mpppst.gob.ve\/mpppstweb\/index.php\/2021\/05\/11\/lacteos-los-andes-mantiene-expendio-y-distribucion-de-sus-productos-en-todo-el-pais\/","name":"L\u00e1cteos Los Andes mantiene expendio y distribuci\u00f3n de sus productos en todo el pa\u00eds - MPPPST","isPartOf":{"@id":"https:\/\/www.mpppst.gob.ve\/mpppstweb\/#website"},"primaryImageOfPage":{"@id":"https:\/\/www.mpppst.gob.ve\/mpppstweb\/index.php\/2021\/05\/11\/lacteos-los-andes-mantiene-expendio-y-distribucion-de-sus-productos-en-todo-el-pais\/#primaryimage"},"image":{"@id":"https:\/\/www.mpppst.gob.ve\/mpppstweb\/index.php\/2021\/05\/11\/lacteos-los-andes-mantiene-expendio-y-distribucion-de-sus-productos-en-todo-el-pais\/#primaryimage"},"thumbnailUrl":"https:\/\/www.mpppst.gob.ve\/mpppstweb\/wp-content\/uploads\/2021\/05\/lacteos-los-andes-768x427-1.jpg","datePublished":"2021-05-11T13:13:00+00:00","dateModified":"2021-05-11T13:13:04+00:00","breadcrumb":{"@id":"https:\/\/www.mpppst.gob.ve\/mpppstweb\/index.php\/2021\/05\/11\/lacteos-los-andes-mantiene-expendio-y-distribucion-de-sus-productos-en-todo-el-pais\/#breadcrumb"},"inLanguage":"es","potentialAction":[{"@type":"ReadAction","target":["https:\/\/www.mpppst.gob.ve\/mpppstweb\/index.php\/2021\/05\/11\/lacteos-los-andes-mantiene-expendio-y-distribucion-de-sus-productos-en-todo-el-pais\/"]}]},{"@type":"ImageObject","inLanguage":"es","@id":"https:\/\/www.mpppst.gob.ve\/mpppstweb\/index.php\/2021\/05\/11\/lacteos-los-andes-mantiene-expendio-y-distribucion-de-sus-productos-en-todo-el-pais\/#primaryimage","url":"https:\/\/www.mpppst.gob.ve\/mpppstweb\/wp-content\/uploads\/2021\/05\/lacteos-los-andes-768x427-1.jpg","contentUrl":"https:\/\/www.mpppst.gob.ve\/mpppstweb\/wp-content\/uploads\/2021\/05\/lacteos-los-andes-768x427-1.jpg","width":768,"height":427},{"@type":"BreadcrumbList","@id":"https:\/\/www.mpppst.gob.ve\/mpppstweb\/index.php\/2021\/05\/11\/lacteos-los-andes-mantiene-expendio-y-distribucion-de-sus-productos-en-todo-el-pais\/#breadcrumb","itemListElement":[{"@type":"ListItem","position":1,"name":"Home","item":"https:\/\/www.mpppst.gob.ve\/mpppstweb\/"},{"@type":"ListItem","position":2,"name":"L\u00e1cteos Los Andes mantiene expendio y distribuci\u00f3n de sus productos en todo el pa\u00eds"}]},{"@type":"WebSite","@id":"https:\/\/www.mpppst.gob.ve\/mpppstweb\/#website","url":"https:\/\/www.mpppst.gob.ve\/mpppstweb\/","name":"MPPPST","description":"Ministerio del Poder Popular para el Proceso Social de Trabajo","publisher":{"@id":"https:\/\/www.mpppst.gob.ve\/mpppstweb\/#organization"},"potentialAction":[{"@type":"SearchAction","target":{"@type":"EntryPoint","urlTemplate":"https:\/\/www.mpppst.gob.ve\/mpppstweb\/?s={search_term_string}"},"query-input":"required name=search_term_string"}],"inLanguage":"es"},{"@type":"Organization","@id":"https:\/\/www.mpppst.gob.ve\/mpppstweb\/#organization","name":"mpppst","url":"https:\/\/www.mpppst.gob.ve\/mpppstweb\/","logo":{"@type":"ImageObject","inLanguage":"es","@id":"https:\/\/www.mpppst.gob.ve\/mpppstweb\/#\/schema\/logo\/image\/","url":"https:\/\/www.mpppst.gob.ve\/mpppstweb\/wp-content\/uploads\/2025\/07\/cropped-cropped-g910.png","contentUrl":"https:\/\/www.mpppst.gob.ve\/mpppstweb\/wp-content\/uploads\/2025\/07\/cropped-cropped-g910.png","width":1080,"height":241,"caption":"mpppst"},"image":{"@id":"https:\/\/www.mpppst.gob.ve\/mpppstweb\/#\/schema\/logo\/image\/"}},{"@type":"Person","@id":"https:\/\/www.mpppst.gob.ve\/mpppstweb\/#\/schema\/person\/fc187ee8ead412bd4c9304b62f900ea4","name":"MPPPST Prensa","url":"https:\/\/www.mpppst.gob.ve\/mpppstweb\/index.php\/author\/prensa-mpppst\/"}]}},"_links":{"self":[{"href":"https:\/\/www.mpppst.gob.ve\/mpppstweb\/index.php\/wp-json\/wp\/v2\/posts\/22261"}],"collection":[{"href":"https:\/\/www.mpppst.gob.ve\/mpppstweb\/index.php\/wp-json\/wp\/v2\/posts"}],"about":[{"href":"https:\/\/www.mpppst.gob.ve\/mpppstweb\/index.php\/wp-json\/wp\/v2\/types\/post"}],"author":[{"embeddable":true,"href":"https:\/\/www.mpppst.gob.ve\/mpppstweb\/index.php\/wp-json\/wp\/v2\/users\/25"}],"replies":[{"embeddable":true,"href":"https:\/\/www.mpppst.gob.ve\/mpppstweb\/index.php\/wp-json\/wp\/v2\/comments?post=22261"}],"version-history":[{"count":1,"href":"https:\/\/www.mpppst.gob.ve\/mpppstweb\/index.php\/wp-json\/wp\/v2\/posts\/22261\/revisions"}],"predecessor-version":[{"id":22263,"href":"https:\/\/www.mpppst.gob.ve\/mpppstweb\/index.php\/wp-json\/wp\/v2\/posts\/22261\/revisions\/22263"}],"wp:featuredmedia":[{"embeddable":true,"href":"https:\/\/www.mpppst.gob.ve\/mpppstweb\/index.php\/wp-json\/wp\/v2\/media\/22262"}],"wp:attachment":[{"href":"https:\/\/www.mpppst.gob.ve\/mpppstweb\/index.php\/wp-json\/wp\/v2\/media?parent=22261"}],"wp:term":[{"taxonomy":"category","embeddable":true,"href":"https:\/\/www.mpppst.gob.ve\/mpppstweb\/index.php\/wp-json\/wp\/v2\/categories?post=22261"},{"taxonomy":"post_tag","embeddable":true,"href":"https:\/\/www.mpppst.gob.ve\/mpppstweb\/index.php\/wp-json\/wp\/v2\/tags?post=22261"}],"curies":[{"name":"wp","href":"https:\/\/api.w.org\/{rel}","templated":true}]}}