{"id":22328,"date":"2021-05-19T08:23:06","date_gmt":"2021-05-19T12:23:06","guid":{"rendered":"http:\/\/www.mpppst.gob.ve\/mpppstweb\/?p=22328"},"modified":"2021-05-19T08:23:07","modified_gmt":"2021-05-19T12:23:07","slug":"extension-unellez-sanare-trabaja-activamente-en-el-desarrollo-de-la-produccion-agricola","status":"publish","type":"post","link":"https:\/\/www.mpppst.gob.ve\/mpppstweb\/index.php\/2021\/05\/19\/extension-unellez-sanare-trabaja-activamente-en-el-desarrollo-de-la-produccion-agricola\/","title":{"rendered":"Extensi\u00f3n Unellez Sanare trabaja activamente en el desarrollo de la producci\u00f3n agr\u00edcola"},"content":{"rendered":"\n<p class=\"wp-block-paragraph\">Estudiantes de la Universidad Nacional Experimental de los Llanos Occidentales Ezequiel Zamora (Unellez), del estado Cojedes, se mantiene activo con la producci\u00f3n agr\u00edcola en los espacios de la extensi\u00f3n municipalizada de Sanare del estado Lara, donde elaboraron una gran cantidad de abono org\u00e1nico a base de pulpa de caf\u00e9, residuos de alimentos y esti\u00e9rcol de caballo.<\/p>\n\n\n\n<p class=\"wp-block-paragraph\">Esta actividad, realizada como parte de las pr\u00e1cticas del Sub Proyecto de Organizaci\u00f3n Social de la Producci\u00f3n 1 de la carrera Ingenier\u00eda Agroindustrial, a cargo de la Ing. Petronila Colmenares, es ejecutadas por los estudiantes de la Unellez, en funci\u00f3n de mantener el trabajo productivo a trav\u00e9s del uso de los desechos y residuos ayudando as\u00ed a abaratar costos.<\/p>\n\n\n\n<p class=\"wp-block-paragraph\">Asimismo, durante la actividad se hizo entrega a la coordinadora de extensi\u00f3n, Mar\u00eda Eugenia Gonz\u00e1lez, de un kit completo de limpieza como parte del Plan Universidad Bella, creado por el Gobierno Nacional y ejecutado por el Ministerio del Poder Popular para la Educaci\u00f3n Universitaria (MPPEU).<\/p>\n","protected":false},"excerpt":{"rendered":"<p>Estudiantes de la Universidad Nacional Experimental de los Llanos Occidentales Ezequiel Zamora (Unellez), del estado Cojedes, &hellip; <a title=\"Extensi\u00f3n Unellez Sanare trabaja activamente en el desarrollo de la producci\u00f3n agr\u00edcola\" class=\"hm-read-more\" href=\"https:\/\/www.mpppst.gob.ve\/mpppstweb\/index.php\/2021\/05\/19\/extension-unellez-sanare-trabaja-activamente-en-el-desarrollo-de-la-produccion-agricola\/\"><span class=\"screen-reader-text\">Extensi\u00f3n Unellez Sanare trabaja activamente en el desarrollo de la producci\u00f3n agr\u00edcola<\/span>Leer m\u00e1s<\/a><\/p>\n","protected":false},"author":25,"featured_media":22329,"comment_status":"closed","ping_status":"closed","sticky":false,"template":"","format":"standard","meta":{"footnotes":""},"categories":[82,163],"tags":[],"class_list":["post-22328","post","type-post","status-publish","format-standard","has-post-thumbnail","hentry","category-gobierno-nacional","category-noticias"],"yoast_head":"<!-- This site is optimized with the Yoast SEO plugin v28.4 - https:\/\/yoast.com\/product\/yoast-seo-wordpress\/ -->\n<title>Extensi\u00f3n Unellez Sanare trabaja activamente en el desarrollo de la producci\u00f3n agr\u00edcola - MPPPST<\/title>\n<meta name=\"robots\" content=\"index, follow, max-snippet:-1, max-image-preview:large, max-video-preview:-1\" \/>\n<link rel=\"canonical\" href=\"https:\/\/www.mpppst.gob.ve\/mpppstweb\/index.php\/2021\/05\/19\/extension-unellez-sanare-trabaja-activamente-en-el-desarrollo-de-la-produccion-agricola\/\" \/>\n<meta property=\"og:locale\" content=\"es_ES\" \/>\n<meta property=\"og:type\" content=\"article\" \/>\n<meta property=\"og:title\" content=\"Extensi\u00f3n Unellez Sanare trabaja activamente en el desarrollo de la producci\u00f3n agr\u00edcola - MPPPST\" \/>\n<meta property=\"og:description\" content=\"Estudiantes de la Universidad Nacional Experimental de los Llanos Occidentales Ezequiel Zamora (Unellez), del estado Cojedes, &hellip; Extensi\u00f3n Unellez Sanare trabaja activamente en el desarrollo de la producci\u00f3n agr\u00edcolaLeer m\u00e1s\" \/>\n<meta property=\"og:url\" content=\"https:\/\/www.mpppst.gob.ve\/mpppstweb\/index.php\/2021\/05\/19\/extension-unellez-sanare-trabaja-activamente-en-el-desarrollo-de-la-produccion-agricola\/\" \/>\n<meta property=\"og:site_name\" content=\"MPPPST\" \/>\n<meta property=\"article:publisher\" content=\"https:\/\/www.facebook.com\/mintrabajo_ve\" \/>\n<meta property=\"article:published_time\" content=\"2021-05-19T12:23:06+00:00\" \/>\n<meta property=\"article:modified_time\" content=\"2021-05-19T12:23:07+00:00\" \/>\n<meta property=\"og:image\" content=\"https:\/\/www.mpppst.gob.ve\/mpppstweb\/wp-content\/uploads\/2021\/05\/UNELLEZ-SANARE-768x427-1.jpg\" \/>\n\t<meta property=\"og:image:width\" content=\"768\" \/>\n\t<meta property=\"og:image:height\" content=\"427\" \/>\n\t<meta property=\"og:image:type\" content=\"image\/jpeg\" \/>\n<meta name=\"author\" content=\"MPPPST Prensa\" \/>\n<meta name=\"twitter:card\" content=\"summary_large_image\" \/>\n<script type=\"application\/ld+json\" class=\"yoast-schema-graph\">{\"@context\":\"https:\\\/\\\/schema.org\",\"@graph\":[{\"@type\":\"Article\",\"@id\":\"https:\\\/\\\/www.mpppst.gob.ve\\\/mpppstweb\\\/index.php\\\/2021\\\/05\\\/19\\\/extension-unellez-sanare-trabaja-activamente-en-el-desarrollo-de-la-produccion-agricola\\\/#article\",\"isPartOf\":{\"@id\":\"https:\\\/\\\/www.mpppst.gob.ve\\\/mpppstweb\\\/index.php\\\/2021\\\/05\\\/19\\\/extension-unellez-sanare-trabaja-activamente-en-el-desarrollo-de-la-produccion-agricola\\\/\"},\"author\":{\"name\":\"MPPPST Prensa\",\"@id\":\"https:\\\/\\\/www.mpppst.gob.ve\\\/mpppstweb\\\/#\\\/schema\\\/person\\\/fc187ee8ead412bd4c9304b62f900ea4\"},\"headline\":\"Extensi\u00f3n Unellez Sanare trabaja activamente en el desarrollo de la producci\u00f3n agr\u00edcola\",\"datePublished\":\"2021-05-19T12:23:06+00:00\",\"dateModified\":\"2021-05-19T12:23:07+00:00\",\"mainEntityOfPage\":{\"@id\":\"https:\\\/\\\/www.mpppst.gob.ve\\\/mpppstweb\\\/index.php\\\/2021\\\/05\\\/19\\\/extension-unellez-sanare-trabaja-activamente-en-el-desarrollo-de-la-produccion-agricola\\\/\"},\"wordCount\":189,\"publisher\":{\"@id\":\"https:\\\/\\\/www.mpppst.gob.ve\\\/mpppstweb\\\/#organization\"},\"image\":{\"@id\":\"https:\\\/\\\/www.mpppst.gob.ve\\\/mpppstweb\\\/index.php\\\/2021\\\/05\\\/19\\\/extension-unellez-sanare-trabaja-activamente-en-el-desarrollo-de-la-produccion-agricola\\\/#primaryimage\"},\"thumbnailUrl\":\"https:\\\/\\\/www.mpppst.gob.ve\\\/mpppstweb\\\/wp-content\\\/uploads\\\/2021\\\/05\\\/UNELLEZ-SANARE-768x427-1.jpg\",\"articleSection\":[\"Gobierno Nacional\",\"Noticias\"],\"inLanguage\":\"es\"},{\"@type\":\"WebPage\",\"@id\":\"https:\\\/\\\/www.mpppst.gob.ve\\\/mpppstweb\\\/index.php\\\/2021\\\/05\\\/19\\\/extension-unellez-sanare-trabaja-activamente-en-el-desarrollo-de-la-produccion-agricola\\\/\",\"url\":\"https:\\\/\\\/www.mpppst.gob.ve\\\/mpppstweb\\\/index.php\\\/2021\\\/05\\\/19\\\/extension-unellez-sanare-trabaja-activamente-en-el-desarrollo-de-la-produccion-agricola\\\/\",\"name\":\"Extensi\u00f3n Unellez Sanare trabaja activamente en el desarrollo de la producci\u00f3n agr\u00edcola - MPPPST\",\"isPartOf\":{\"@id\":\"https:\\\/\\\/www.mpppst.gob.ve\\\/mpppstweb\\\/#website\"},\"primaryImageOfPage\":{\"@id\":\"https:\\\/\\\/www.mpppst.gob.ve\\\/mpppstweb\\\/index.php\\\/2021\\\/05\\\/19\\\/extension-unellez-sanare-trabaja-activamente-en-el-desarrollo-de-la-produccion-agricola\\\/#primaryimage\"},\"image\":{\"@id\":\"https:\\\/\\\/www.mpppst.gob.ve\\\/mpppstweb\\\/index.php\\\/2021\\\/05\\\/19\\\/extension-unellez-sanare-trabaja-activamente-en-el-desarrollo-de-la-produccion-agricola\\\/#primaryimage\"},\"thumbnailUrl\":\"https:\\\/\\\/www.mpppst.gob.ve\\\/mpppstweb\\\/wp-content\\\/uploads\\\/2021\\\/05\\\/UNELLEZ-SANARE-768x427-1.jpg\",\"datePublished\":\"2021-05-19T12:23:06+00:00\",\"dateModified\":\"2021-05-19T12:23:07+00:00\",\"breadcrumb\":{\"@id\":\"https:\\\/\\\/www.mpppst.gob.ve\\\/mpppstweb\\\/index.php\\\/2021\\\/05\\\/19\\\/extension-unellez-sanare-trabaja-activamente-en-el-desarrollo-de-la-produccion-agricola\\\/#breadcrumb\"},\"inLanguage\":\"es\",\"potentialAction\":[{\"@type\":\"ReadAction\",\"target\":[\"https:\\\/\\\/www.mpppst.gob.ve\\\/mpppstweb\\\/index.php\\\/2021\\\/05\\\/19\\\/extension-unellez-sanare-trabaja-activamente-en-el-desarrollo-de-la-produccion-agricola\\\/\"]}]},{\"@type\":\"ImageObject\",\"inLanguage\":\"es\",\"@id\":\"https:\\\/\\\/www.mpppst.gob.ve\\\/mpppstweb\\\/index.php\\\/2021\\\/05\\\/19\\\/extension-unellez-sanare-trabaja-activamente-en-el-desarrollo-de-la-produccion-agricola\\\/#primaryimage\",\"url\":\"https:\\\/\\\/www.mpppst.gob.ve\\\/mpppstweb\\\/wp-content\\\/uploads\\\/2021\\\/05\\\/UNELLEZ-SANARE-768x427-1.jpg\",\"contentUrl\":\"https:\\\/\\\/www.mpppst.gob.ve\\\/mpppstweb\\\/wp-content\\\/uploads\\\/2021\\\/05\\\/UNELLEZ-SANARE-768x427-1.jpg\",\"width\":768,\"height\":427},{\"@type\":\"BreadcrumbList\",\"@id\":\"https:\\\/\\\/www.mpppst.gob.ve\\\/mpppstweb\\\/index.php\\\/2021\\\/05\\\/19\\\/extension-unellez-sanare-trabaja-activamente-en-el-desarrollo-de-la-produccion-agricola\\\/#breadcrumb\",\"itemListElement\":[{\"@type\":\"ListItem\",\"position\":1,\"name\":\"Home\",\"item\":\"https:\\\/\\\/www.mpppst.gob.ve\\\/mpppstweb\\\/\"},{\"@type\":\"ListItem\",\"position\":2,\"name\":\"Extensi\u00f3n Unellez Sanare trabaja activamente en el desarrollo de la producci\u00f3n agr\u00edcola\"}]},{\"@type\":\"WebSite\",\"@id\":\"https:\\\/\\\/www.mpppst.gob.ve\\\/mpppstweb\\\/#website\",\"url\":\"https:\\\/\\\/www.mpppst.gob.ve\\\/mpppstweb\\\/\",\"name\":\"MPPPST\",\"description\":\"Sitio web oficial del Ministerio del Poder Popular para el Proceso Social de Trabajo\",\"publisher\":{\"@id\":\"https:\\\/\\\/www.mpppst.gob.ve\\\/mpppstweb\\\/#organization\"},\"alternateName\":\"Ministerio del Poder Popular para el Proceso Social de Trabajo\",\"potentialAction\":[{\"@type\":\"SearchAction\",\"target\":{\"@type\":\"EntryPoint\",\"urlTemplate\":\"https:\\\/\\\/www.mpppst.gob.ve\\\/mpppstweb\\\/?s={search_term_string}\"},\"query-input\":{\"@type\":\"PropertyValueSpecification\",\"valueRequired\":true,\"valueName\":\"search_term_string\"}}],\"inLanguage\":\"es\"},{\"@type\":\"Organization\",\"@id\":\"https:\\\/\\\/www.mpppst.gob.ve\\\/mpppstweb\\\/#organization\",\"name\":\"Ministerio del Poder Popular para el Proceso Social de Trabajo\",\"alternateName\":\"MPPPST\",\"url\":\"https:\\\/\\\/www.mpppst.gob.ve\\\/mpppstweb\\\/\",\"logo\":{\"@type\":\"ImageObject\",\"inLanguage\":\"es\",\"@id\":\"https:\\\/\\\/www.mpppst.gob.ve\\\/mpppstweb\\\/#\\\/schema\\\/logo\\\/image\\\/\",\"url\":\"https:\\\/\\\/www.mpppst.gob.ve\\\/mpppstweb\\\/wp-content\\\/uploads\\\/2025\\\/07\\\/cropped-cropped-g910.png\",\"contentUrl\":\"https:\\\/\\\/www.mpppst.gob.ve\\\/mpppstweb\\\/wp-content\\\/uploads\\\/2025\\\/07\\\/cropped-cropped-g910.png\",\"width\":1080,\"height\":241,\"caption\":\"Ministerio del Poder Popular para el Proceso Social de Trabajo\"},\"image\":{\"@id\":\"https:\\\/\\\/www.mpppst.gob.ve\\\/mpppstweb\\\/#\\\/schema\\\/logo\\\/image\\\/\"},\"sameAs\":[\"https:\\\/\\\/www.facebook.com\\\/mintrabajo_ve\",\"https:\\\/\\\/www.instagram.com\\\/mintrabajo_ve\\\/\",\"https:\\\/\\\/www.tiktok.com\\\/@mintrabajo_ve\",\"https:\\\/\\\/t.me\\\/mpppst\"]},{\"@type\":\"Person\",\"@id\":\"https:\\\/\\\/www.mpppst.gob.ve\\\/mpppstweb\\\/#\\\/schema\\\/person\\\/fc187ee8ead412bd4c9304b62f900ea4\",\"name\":\"MPPPST Prensa\",\"url\":\"https:\\\/\\\/www.mpppst.gob.ve\\\/mpppstweb\\\/index.php\\\/author\\\/prensa-mpppst\\\/\"}]}<\/script>\n<!-- \/ Yoast SEO plugin. -->","yoast_head_json":{"title":"Extensi\u00f3n Unellez Sanare trabaja activamente en el desarrollo de la producci\u00f3n agr\u00edcola - MPPPST","robots":{"index":"index","follow":"follow","max-snippet":"max-snippet:-1","max-image-preview":"max-image-preview:large","max-video-preview":"max-video-preview:-1"},"canonical":"https:\/\/www.mpppst.gob.ve\/mpppstweb\/index.php\/2021\/05\/19\/extension-unellez-sanare-trabaja-activamente-en-el-desarrollo-de-la-produccion-agricola\/","og_locale":"es_ES","og_type":"article","og_title":"Extensi\u00f3n Unellez Sanare trabaja activamente en el desarrollo de la producci\u00f3n agr\u00edcola - MPPPST","og_description":"Estudiantes de la Universidad Nacional Experimental de los Llanos Occidentales Ezequiel Zamora (Unellez), del estado Cojedes, &hellip; Extensi\u00f3n Unellez Sanare trabaja activamente en el desarrollo de la producci\u00f3n agr\u00edcolaLeer m\u00e1s","og_url":"https:\/\/www.mpppst.gob.ve\/mpppstweb\/index.php\/2021\/05\/19\/extension-unellez-sanare-trabaja-activamente-en-el-desarrollo-de-la-produccion-agricola\/","og_site_name":"MPPPST","article_publisher":"https:\/\/www.facebook.com\/mintrabajo_ve","article_published_time":"2021-05-19T12:23:06+00:00","article_modified_time":"2021-05-19T12:23:07+00:00","og_image":[{"width":768,"height":427,"url":"https:\/\/www.mpppst.gob.ve\/mpppstweb\/wp-content\/uploads\/2021\/05\/UNELLEZ-SANARE-768x427-1.jpg","type":"image\/jpeg"}],"author":"MPPPST Prensa","twitter_card":"summary_large_image","schema":{"@context":"https:\/\/schema.org","@graph":[{"@type":"Article","@id":"https:\/\/www.mpppst.gob.ve\/mpppstweb\/index.php\/2021\/05\/19\/extension-unellez-sanare-trabaja-activamente-en-el-desarrollo-de-la-produccion-agricola\/#article","isPartOf":{"@id":"https:\/\/www.mpppst.gob.ve\/mpppstweb\/index.php\/2021\/05\/19\/extension-unellez-sanare-trabaja-activamente-en-el-desarrollo-de-la-produccion-agricola\/"},"author":{"name":"MPPPST Prensa","@id":"https:\/\/www.mpppst.gob.ve\/mpppstweb\/#\/schema\/person\/fc187ee8ead412bd4c9304b62f900ea4"},"headline":"Extensi\u00f3n Unellez Sanare trabaja activamente en el desarrollo de la producci\u00f3n agr\u00edcola","datePublished":"2021-05-19T12:23:06+00:00","dateModified":"2021-05-19T12:23:07+00:00","mainEntityOfPage":{"@id":"https:\/\/www.mpppst.gob.ve\/mpppstweb\/index.php\/2021\/05\/19\/extension-unellez-sanare-trabaja-activamente-en-el-desarrollo-de-la-produccion-agricola\/"},"wordCount":189,"publisher":{"@id":"https:\/\/www.mpppst.gob.ve\/mpppstweb\/#organization"},"image":{"@id":"https:\/\/www.mpppst.gob.ve\/mpppstweb\/index.php\/2021\/05\/19\/extension-unellez-sanare-trabaja-activamente-en-el-desarrollo-de-la-produccion-agricola\/#primaryimage"},"thumbnailUrl":"https:\/\/www.mpppst.gob.ve\/mpppstweb\/wp-content\/uploads\/2021\/05\/UNELLEZ-SANARE-768x427-1.jpg","articleSection":["Gobierno Nacional","Noticias"],"inLanguage":"es"},{"@type":"WebPage","@id":"https:\/\/www.mpppst.gob.ve\/mpppstweb\/index.php\/2021\/05\/19\/extension-unellez-sanare-trabaja-activamente-en-el-desarrollo-de-la-produccion-agricola\/","url":"https:\/\/www.mpppst.gob.ve\/mpppstweb\/index.php\/2021\/05\/19\/extension-unellez-sanare-trabaja-activamente-en-el-desarrollo-de-la-produccion-agricola\/","name":"Extensi\u00f3n Unellez Sanare trabaja activamente en el desarrollo de la producci\u00f3n agr\u00edcola - MPPPST","isPartOf":{"@id":"https:\/\/www.mpppst.gob.ve\/mpppstweb\/#website"},"primaryImageOfPage":{"@id":"https:\/\/www.mpppst.gob.ve\/mpppstweb\/index.php\/2021\/05\/19\/extension-unellez-sanare-trabaja-activamente-en-el-desarrollo-de-la-produccion-agricola\/#primaryimage"},"image":{"@id":"https:\/\/www.mpppst.gob.ve\/mpppstweb\/index.php\/2021\/05\/19\/extension-unellez-sanare-trabaja-activamente-en-el-desarrollo-de-la-produccion-agricola\/#primaryimage"},"thumbnailUrl":"https:\/\/www.mpppst.gob.ve\/mpppstweb\/wp-content\/uploads\/2021\/05\/UNELLEZ-SANARE-768x427-1.jpg","datePublished":"2021-05-19T12:23:06+00:00","dateModified":"2021-05-19T12:23:07+00:00","breadcrumb":{"@id":"https:\/\/www.mpppst.gob.ve\/mpppstweb\/index.php\/2021\/05\/19\/extension-unellez-sanare-trabaja-activamente-en-el-desarrollo-de-la-produccion-agricola\/#breadcrumb"},"inLanguage":"es","potentialAction":[{"@type":"ReadAction","target":["https:\/\/www.mpppst.gob.ve\/mpppstweb\/index.php\/2021\/05\/19\/extension-unellez-sanare-trabaja-activamente-en-el-desarrollo-de-la-produccion-agricola\/"]}]},{"@type":"ImageObject","inLanguage":"es","@id":"https:\/\/www.mpppst.gob.ve\/mpppstweb\/index.php\/2021\/05\/19\/extension-unellez-sanare-trabaja-activamente-en-el-desarrollo-de-la-produccion-agricola\/#primaryimage","url":"https:\/\/www.mpppst.gob.ve\/mpppstweb\/wp-content\/uploads\/2021\/05\/UNELLEZ-SANARE-768x427-1.jpg","contentUrl":"https:\/\/www.mpppst.gob.ve\/mpppstweb\/wp-content\/uploads\/2021\/05\/UNELLEZ-SANARE-768x427-1.jpg","width":768,"height":427},{"@type":"BreadcrumbList","@id":"https:\/\/www.mpppst.gob.ve\/mpppstweb\/index.php\/2021\/05\/19\/extension-unellez-sanare-trabaja-activamente-en-el-desarrollo-de-la-produccion-agricola\/#breadcrumb","itemListElement":[{"@type":"ListItem","position":1,"name":"Home","item":"https:\/\/www.mpppst.gob.ve\/mpppstweb\/"},{"@type":"ListItem","position":2,"name":"Extensi\u00f3n Unellez Sanare trabaja activamente en el desarrollo de la producci\u00f3n agr\u00edcola"}]},{"@type":"WebSite","@id":"https:\/\/www.mpppst.gob.ve\/mpppstweb\/#website","url":"https:\/\/www.mpppst.gob.ve\/mpppstweb\/","name":"MPPPST","description":"Sitio web oficial del Ministerio del Poder Popular para el Proceso Social de Trabajo","publisher":{"@id":"https:\/\/www.mpppst.gob.ve\/mpppstweb\/#organization"},"alternateName":"Ministerio del Poder Popular para el Proceso Social de Trabajo","potentialAction":[{"@type":"SearchAction","target":{"@type":"EntryPoint","urlTemplate":"https:\/\/www.mpppst.gob.ve\/mpppstweb\/?s={search_term_string}"},"query-input":{"@type":"PropertyValueSpecification","valueRequired":true,"valueName":"search_term_string"}}],"inLanguage":"es"},{"@type":"Organization","@id":"https:\/\/www.mpppst.gob.ve\/mpppstweb\/#organization","name":"Ministerio del Poder Popular para el Proceso Social de Trabajo","alternateName":"MPPPST","url":"https:\/\/www.mpppst.gob.ve\/mpppstweb\/","logo":{"@type":"ImageObject","inLanguage":"es","@id":"https:\/\/www.mpppst.gob.ve\/mpppstweb\/#\/schema\/logo\/image\/","url":"https:\/\/www.mpppst.gob.ve\/mpppstweb\/wp-content\/uploads\/2025\/07\/cropped-cropped-g910.png","contentUrl":"https:\/\/www.mpppst.gob.ve\/mpppstweb\/wp-content\/uploads\/2025\/07\/cropped-cropped-g910.png","width":1080,"height":241,"caption":"Ministerio del Poder Popular para el Proceso Social de Trabajo"},"image":{"@id":"https:\/\/www.mpppst.gob.ve\/mpppstweb\/#\/schema\/logo\/image\/"},"sameAs":["https:\/\/www.facebook.com\/mintrabajo_ve","https:\/\/www.instagram.com\/mintrabajo_ve\/","https:\/\/www.tiktok.com\/@mintrabajo_ve","https:\/\/t.me\/mpppst"]},{"@type":"Person","@id":"https:\/\/www.mpppst.gob.ve\/mpppstweb\/#\/schema\/person\/fc187ee8ead412bd4c9304b62f900ea4","name":"MPPPST Prensa","url":"https:\/\/www.mpppst.gob.ve\/mpppstweb\/index.php\/author\/prensa-mpppst\/"}]}},"_links":{"self":[{"href":"https:\/\/www.mpppst.gob.ve\/mpppstweb\/index.php\/wp-json\/wp\/v2\/posts\/22328","targetHints":{"allow":["GET"]}}],"collection":[{"href":"https:\/\/www.mpppst.gob.ve\/mpppstweb\/index.php\/wp-json\/wp\/v2\/posts"}],"about":[{"href":"https:\/\/www.mpppst.gob.ve\/mpppstweb\/index.php\/wp-json\/wp\/v2\/types\/post"}],"author":[{"embeddable":true,"href":"https:\/\/www.mpppst.gob.ve\/mpppstweb\/index.php\/wp-json\/wp\/v2\/users\/25"}],"replies":[{"embeddable":true,"href":"https:\/\/www.mpppst.gob.ve\/mpppstweb\/index.php\/wp-json\/wp\/v2\/comments?post=22328"}],"version-history":[{"count":1,"href":"https:\/\/www.mpppst.gob.ve\/mpppstweb\/index.php\/wp-json\/wp\/v2\/posts\/22328\/revisions"}],"predecessor-version":[{"id":22330,"href":"https:\/\/www.mpppst.gob.ve\/mpppstweb\/index.php\/wp-json\/wp\/v2\/posts\/22328\/revisions\/22330"}],"wp:featuredmedia":[{"embeddable":true,"href":"https:\/\/www.mpppst.gob.ve\/mpppstweb\/index.php\/wp-json\/wp\/v2\/media\/22329"}],"wp:attachment":[{"href":"https:\/\/www.mpppst.gob.ve\/mpppstweb\/index.php\/wp-json\/wp\/v2\/media?parent=22328"}],"wp:term":[{"taxonomy":"category","embeddable":true,"href":"https:\/\/www.mpppst.gob.ve\/mpppstweb\/index.php\/wp-json\/wp\/v2\/categories?post=22328"},{"taxonomy":"post_tag","embeddable":true,"href":"https:\/\/www.mpppst.gob.ve\/mpppstweb\/index.php\/wp-json\/wp\/v2\/tags?post=22328"}],"curies":[{"name":"wp","href":"https:\/\/api.w.org\/{rel}","templated":true}]}}