{"id":22372,"date":"2021-05-24T07:19:34","date_gmt":"2021-05-24T11:19:34","guid":{"rendered":"http:\/\/www.mpppst.gob.ve\/mpppstweb\/?p=22372"},"modified":"2021-05-24T07:19:34","modified_gmt":"2021-05-24T11:19:34","slug":"guarico-dinamizara-sistema-de-produccion-y-distribucion-carnica","status":"publish","type":"post","link":"https:\/\/www.mpppst.gob.ve\/mpppstweb\/index.php\/2021\/05\/24\/guarico-dinamizara-sistema-de-produccion-y-distribucion-carnica\/","title":{"rendered":"Gu\u00e1rico dinamizar\u00e1 sistema de producci\u00f3n y distribuci\u00f3n c\u00e1rnica"},"content":{"rendered":"\n<p>Las instalaciones del Centro de Beneficio C\u00e1rnico Roblecito se encuentran con una capacidad de procesado de m\u00e1s de 300 reses al d\u00eda, siendo esta una industria recuperada y reactivada mediante el proyecto de Encomienda de Gesti\u00f3n por parte del presidente Nicol\u00e1s Maduro a la Gobernaci\u00f3n Regional, indic\u00f3 el gobernador de Gu\u00e1rico, Jos\u00e9 V\u00e1squez.<\/p>\n\n\n\n<p>Durante la inspecci\u00f3n de las instalaciones del Centro de Beneficio C\u00e1rnico Roblecito, ubicada en la ciudad de Valle de la Pascua, municipio Leonardo Infante, el l\u00edder estadal explic\u00f3 que esta industria contar\u00e1 con una nueva ampliaci\u00f3n que generar\u00e1 mayor dinamismo en el sistema de producci\u00f3n proteica.<\/p>\n\n\n\n<p>V\u00e1squez resalt\u00f3 que la reactivaci\u00f3n y ampliaci\u00f3n del centro c\u00e1rnico busca fortalecer el sistema de alimentaci\u00f3n proteica de la poblaci\u00f3n por medio de los programas sociales, adem\u00e1s de promover la comercializaci\u00f3n a precios justos.<\/p>\n\n\n\n<p>Por tanto, V\u00e1squez reconoci\u00f3 el compromiso y responsabilidad por parte del sector privado que junto a la Gobernaci\u00f3n en alianza estrat\u00e9gica ha logrado mantener esta operatividad.<\/p>\n\n\n\n<p><strong>Pronto Carnicer\u00edas Del Gu\u00e1rico<\/strong><\/p>\n\n\n\n<p>En este contexto, el ejecutivo estadal, Jos\u00e9 V\u00e1squez, orient\u00f3 al equipo de gobierno correspondiente a \u00e1rea de econom\u00eda y producci\u00f3n a desarrollar la planificaci\u00f3n correspondiente para conformar puntos de distribuci\u00f3n c\u00e1rnica popular donde se comercialice la prote\u00edna a precios solidarios.<\/p>\n\n\n\n<p>Acot\u00f3 que dicho proyecto se denominar\u00e1 \u00abCarnicer\u00eda Del Gu\u00e1rico\u00bb, iniciando como piloto en el municipio Leonardo Infante, aprovechando la ubicaci\u00f3n del centro c\u00e1rnico, con miras a extenderse posteriormente en los municipios Roscio y Miranda.<\/p>\n\n\n\n<p>Por su parte, la secretaria ejecutiva de Desarrollo Econ\u00f3mico en Gu\u00e1rico, Nayibeth B\u00e9rmudez, junto a la alcaldesa Nidia Loreto, destacaron que esta acci\u00f3n evidencia el posicionamiento productivo y alternativo que contin\u00faa en la entidad con un nuevo concepto de distribuci\u00f3n alimentaria.<\/p>\n\n\n\n<p>Como complemento a esta lluvia de ideas, el secretario de Alimentaci\u00f3n, Osler Moreno, acot\u00f3 que junto a estas carnicer\u00edas tambi\u00e9n se podr\u00e1 establecer alianzas con el Complejo Av\u00edcola Regional para la distribuci\u00f3n de pollos, huevos entre otros rubros dentro de las instalaciones, finalizando que se trabajar\u00e1 articulado con las Tiendas de Alimentos Del Gu\u00e1rico.<\/p>\n","protected":false},"excerpt":{"rendered":"<p>Las instalaciones del Centro de Beneficio C\u00e1rnico Roblecito se encuentran con una capacidad de procesado de &hellip; <a title=\"Gu\u00e1rico dinamizar\u00e1 sistema de producci\u00f3n y distribuci\u00f3n c\u00e1rnica\" class=\"hm-read-more\" href=\"https:\/\/www.mpppst.gob.ve\/mpppstweb\/index.php\/2021\/05\/24\/guarico-dinamizara-sistema-de-produccion-y-distribucion-carnica\/\"><span class=\"screen-reader-text\">Gu\u00e1rico dinamizar\u00e1 sistema de producci\u00f3n y distribuci\u00f3n c\u00e1rnica<\/span>Read more<\/a><\/p>\n","protected":false},"author":25,"featured_media":22373,"comment_status":"closed","ping_status":"closed","sticky":false,"template":"","format":"standard","meta":{"footnotes":""},"categories":[163],"tags":[],"yoast_head":"<!-- This site is optimized with the Yoast SEO plugin v22.5 - https:\/\/yoast.com\/wordpress\/plugins\/seo\/ -->\n<title>Gu\u00e1rico dinamizar\u00e1 sistema de producci\u00f3n y distribuci\u00f3n c\u00e1rnica - MPPPST<\/title>\n<meta name=\"robots\" content=\"index, follow, max-snippet:-1, max-image-preview:large, max-video-preview:-1\" \/>\n<link rel=\"canonical\" href=\"https:\/\/www.mpppst.gob.ve\/mpppstweb\/index.php\/2021\/05\/24\/guarico-dinamizara-sistema-de-produccion-y-distribucion-carnica\/\" \/>\n<meta property=\"og:locale\" content=\"es_ES\" \/>\n<meta property=\"og:type\" content=\"article\" \/>\n<meta property=\"og:title\" content=\"Gu\u00e1rico dinamizar\u00e1 sistema de producci\u00f3n y distribuci\u00f3n c\u00e1rnica - MPPPST\" \/>\n<meta property=\"og:description\" content=\"Las instalaciones del Centro de Beneficio C\u00e1rnico Roblecito se encuentran con una capacidad de procesado de &hellip; Gu\u00e1rico dinamizar\u00e1 sistema de producci\u00f3n y distribuci\u00f3n c\u00e1rnicaRead more\" \/>\n<meta property=\"og:url\" content=\"https:\/\/www.mpppst.gob.ve\/mpppstweb\/index.php\/2021\/05\/24\/guarico-dinamizara-sistema-de-produccion-y-distribucion-carnica\/\" \/>\n<meta property=\"og:site_name\" content=\"MPPPST\" \/>\n<meta property=\"article:published_time\" content=\"2021-05-24T11:19:34+00:00\" \/>\n<meta property=\"og:image\" content=\"https:\/\/www.mpppst.gob.ve\/mpppstweb\/wp-content\/uploads\/2021\/05\/guarico-dinamizara-sistema-produccion-distribucion-carnica-768x427-1.jpg\" \/>\n\t<meta property=\"og:image:width\" content=\"768\" \/>\n\t<meta property=\"og:image:height\" content=\"427\" \/>\n\t<meta property=\"og:image:type\" content=\"image\/jpeg\" \/>\n<meta name=\"author\" content=\"MPPPST Prensa\" \/>\n<meta name=\"twitter:card\" content=\"summary_large_image\" \/>\n<meta name=\"twitter:label1\" content=\"Escrito por\" \/>\n\t<meta name=\"twitter:data1\" content=\"MPPPST Prensa\" \/>\n\t<meta name=\"twitter:label2\" content=\"Tiempo de lectura\" \/>\n\t<meta name=\"twitter:data2\" content=\"2 minutos\" \/>\n<script type=\"application\/ld+json\" class=\"yoast-schema-graph\">{\"@context\":\"https:\/\/schema.org\",\"@graph\":[{\"@type\":\"Article\",\"@id\":\"https:\/\/www.mpppst.gob.ve\/mpppstweb\/index.php\/2021\/05\/24\/guarico-dinamizara-sistema-de-produccion-y-distribucion-carnica\/#article\",\"isPartOf\":{\"@id\":\"https:\/\/www.mpppst.gob.ve\/mpppstweb\/index.php\/2021\/05\/24\/guarico-dinamizara-sistema-de-produccion-y-distribucion-carnica\/\"},\"author\":{\"name\":\"MPPPST Prensa\",\"@id\":\"https:\/\/www.mpppst.gob.ve\/mpppstweb\/#\/schema\/person\/fc187ee8ead412bd4c9304b62f900ea4\"},\"headline\":\"Gu\u00e1rico dinamizar\u00e1 sistema de producci\u00f3n y distribuci\u00f3n c\u00e1rnica\",\"datePublished\":\"2021-05-24T11:19:34+00:00\",\"dateModified\":\"2021-05-24T11:19:34+00:00\",\"mainEntityOfPage\":{\"@id\":\"https:\/\/www.mpppst.gob.ve\/mpppstweb\/index.php\/2021\/05\/24\/guarico-dinamizara-sistema-de-produccion-y-distribucion-carnica\/\"},\"wordCount\":392,\"publisher\":{\"@id\":\"https:\/\/www.mpppst.gob.ve\/mpppstweb\/#organization\"},\"image\":{\"@id\":\"https:\/\/www.mpppst.gob.ve\/mpppstweb\/index.php\/2021\/05\/24\/guarico-dinamizara-sistema-de-produccion-y-distribucion-carnica\/#primaryimage\"},\"thumbnailUrl\":\"https:\/\/www.mpppst.gob.ve\/mpppstweb\/wp-content\/uploads\/2021\/05\/guarico-dinamizara-sistema-produccion-distribucion-carnica-768x427-1.jpg\",\"articleSection\":[\"Noticias\"],\"inLanguage\":\"es\"},{\"@type\":\"WebPage\",\"@id\":\"https:\/\/www.mpppst.gob.ve\/mpppstweb\/index.php\/2021\/05\/24\/guarico-dinamizara-sistema-de-produccion-y-distribucion-carnica\/\",\"url\":\"https:\/\/www.mpppst.gob.ve\/mpppstweb\/index.php\/2021\/05\/24\/guarico-dinamizara-sistema-de-produccion-y-distribucion-carnica\/\",\"name\":\"Gu\u00e1rico dinamizar\u00e1 sistema de producci\u00f3n y distribuci\u00f3n c\u00e1rnica - MPPPST\",\"isPartOf\":{\"@id\":\"https:\/\/www.mpppst.gob.ve\/mpppstweb\/#website\"},\"primaryImageOfPage\":{\"@id\":\"https:\/\/www.mpppst.gob.ve\/mpppstweb\/index.php\/2021\/05\/24\/guarico-dinamizara-sistema-de-produccion-y-distribucion-carnica\/#primaryimage\"},\"image\":{\"@id\":\"https:\/\/www.mpppst.gob.ve\/mpppstweb\/index.php\/2021\/05\/24\/guarico-dinamizara-sistema-de-produccion-y-distribucion-carnica\/#primaryimage\"},\"thumbnailUrl\":\"https:\/\/www.mpppst.gob.ve\/mpppstweb\/wp-content\/uploads\/2021\/05\/guarico-dinamizara-sistema-produccion-distribucion-carnica-768x427-1.jpg\",\"datePublished\":\"2021-05-24T11:19:34+00:00\",\"dateModified\":\"2021-05-24T11:19:34+00:00\",\"breadcrumb\":{\"@id\":\"https:\/\/www.mpppst.gob.ve\/mpppstweb\/index.php\/2021\/05\/24\/guarico-dinamizara-sistema-de-produccion-y-distribucion-carnica\/#breadcrumb\"},\"inLanguage\":\"es\",\"potentialAction\":[{\"@type\":\"ReadAction\",\"target\":[\"https:\/\/www.mpppst.gob.ve\/mpppstweb\/index.php\/2021\/05\/24\/guarico-dinamizara-sistema-de-produccion-y-distribucion-carnica\/\"]}]},{\"@type\":\"ImageObject\",\"inLanguage\":\"es\",\"@id\":\"https:\/\/www.mpppst.gob.ve\/mpppstweb\/index.php\/2021\/05\/24\/guarico-dinamizara-sistema-de-produccion-y-distribucion-carnica\/#primaryimage\",\"url\":\"https:\/\/www.mpppst.gob.ve\/mpppstweb\/wp-content\/uploads\/2021\/05\/guarico-dinamizara-sistema-produccion-distribucion-carnica-768x427-1.jpg\",\"contentUrl\":\"https:\/\/www.mpppst.gob.ve\/mpppstweb\/wp-content\/uploads\/2021\/05\/guarico-dinamizara-sistema-produccion-distribucion-carnica-768x427-1.jpg\",\"width\":768,\"height\":427},{\"@type\":\"BreadcrumbList\",\"@id\":\"https:\/\/www.mpppst.gob.ve\/mpppstweb\/index.php\/2021\/05\/24\/guarico-dinamizara-sistema-de-produccion-y-distribucion-carnica\/#breadcrumb\",\"itemListElement\":[{\"@type\":\"ListItem\",\"position\":1,\"name\":\"Home\",\"item\":\"https:\/\/www.mpppst.gob.ve\/mpppstweb\/\"},{\"@type\":\"ListItem\",\"position\":2,\"name\":\"Gu\u00e1rico dinamizar\u00e1 sistema de producci\u00f3n y distribuci\u00f3n c\u00e1rnica\"}]},{\"@type\":\"WebSite\",\"@id\":\"https:\/\/www.mpppst.gob.ve\/mpppstweb\/#website\",\"url\":\"https:\/\/www.mpppst.gob.ve\/mpppstweb\/\",\"name\":\"MPPPST\",\"description\":\"Ministerio del Poder Popular para el Proceso Social de Trabajo\",\"publisher\":{\"@id\":\"https:\/\/www.mpppst.gob.ve\/mpppstweb\/#organization\"},\"potentialAction\":[{\"@type\":\"SearchAction\",\"target\":{\"@type\":\"EntryPoint\",\"urlTemplate\":\"https:\/\/www.mpppst.gob.ve\/mpppstweb\/?s={search_term_string}\"},\"query-input\":\"required name=search_term_string\"}],\"inLanguage\":\"es\"},{\"@type\":\"Organization\",\"@id\":\"https:\/\/www.mpppst.gob.ve\/mpppstweb\/#organization\",\"name\":\"mpppst\",\"url\":\"https:\/\/www.mpppst.gob.ve\/mpppstweb\/\",\"logo\":{\"@type\":\"ImageObject\",\"inLanguage\":\"es\",\"@id\":\"https:\/\/www.mpppst.gob.ve\/mpppstweb\/#\/schema\/logo\/image\/\",\"url\":\"https:\/\/www.mpppst.gob.ve\/mpppstweb\/wp-content\/uploads\/2025\/07\/cropped-cropped-g910.png\",\"contentUrl\":\"https:\/\/www.mpppst.gob.ve\/mpppstweb\/wp-content\/uploads\/2025\/07\/cropped-cropped-g910.png\",\"width\":1080,\"height\":241,\"caption\":\"mpppst\"},\"image\":{\"@id\":\"https:\/\/www.mpppst.gob.ve\/mpppstweb\/#\/schema\/logo\/image\/\"}},{\"@type\":\"Person\",\"@id\":\"https:\/\/www.mpppst.gob.ve\/mpppstweb\/#\/schema\/person\/fc187ee8ead412bd4c9304b62f900ea4\",\"name\":\"MPPPST Prensa\",\"url\":\"https:\/\/www.mpppst.gob.ve\/mpppstweb\/index.php\/author\/prensa-mpppst\/\"}]}<\/script>\n<!-- \/ Yoast SEO plugin. -->","yoast_head_json":{"title":"Gu\u00e1rico dinamizar\u00e1 sistema de producci\u00f3n y distribuci\u00f3n c\u00e1rnica - MPPPST","robots":{"index":"index","follow":"follow","max-snippet":"max-snippet:-1","max-image-preview":"max-image-preview:large","max-video-preview":"max-video-preview:-1"},"canonical":"https:\/\/www.mpppst.gob.ve\/mpppstweb\/index.php\/2021\/05\/24\/guarico-dinamizara-sistema-de-produccion-y-distribucion-carnica\/","og_locale":"es_ES","og_type":"article","og_title":"Gu\u00e1rico dinamizar\u00e1 sistema de producci\u00f3n y distribuci\u00f3n c\u00e1rnica - MPPPST","og_description":"Las instalaciones del Centro de Beneficio C\u00e1rnico Roblecito se encuentran con una capacidad de procesado de &hellip; Gu\u00e1rico dinamizar\u00e1 sistema de producci\u00f3n y distribuci\u00f3n c\u00e1rnicaRead more","og_url":"https:\/\/www.mpppst.gob.ve\/mpppstweb\/index.php\/2021\/05\/24\/guarico-dinamizara-sistema-de-produccion-y-distribucion-carnica\/","og_site_name":"MPPPST","article_published_time":"2021-05-24T11:19:34+00:00","og_image":[{"width":768,"height":427,"url":"https:\/\/www.mpppst.gob.ve\/mpppstweb\/wp-content\/uploads\/2021\/05\/guarico-dinamizara-sistema-produccion-distribucion-carnica-768x427-1.jpg","type":"image\/jpeg"}],"author":"MPPPST Prensa","twitter_card":"summary_large_image","twitter_misc":{"Escrito por":"MPPPST Prensa","Tiempo de lectura":"2 minutos"},"schema":{"@context":"https:\/\/schema.org","@graph":[{"@type":"Article","@id":"https:\/\/www.mpppst.gob.ve\/mpppstweb\/index.php\/2021\/05\/24\/guarico-dinamizara-sistema-de-produccion-y-distribucion-carnica\/#article","isPartOf":{"@id":"https:\/\/www.mpppst.gob.ve\/mpppstweb\/index.php\/2021\/05\/24\/guarico-dinamizara-sistema-de-produccion-y-distribucion-carnica\/"},"author":{"name":"MPPPST Prensa","@id":"https:\/\/www.mpppst.gob.ve\/mpppstweb\/#\/schema\/person\/fc187ee8ead412bd4c9304b62f900ea4"},"headline":"Gu\u00e1rico dinamizar\u00e1 sistema de producci\u00f3n y distribuci\u00f3n c\u00e1rnica","datePublished":"2021-05-24T11:19:34+00:00","dateModified":"2021-05-24T11:19:34+00:00","mainEntityOfPage":{"@id":"https:\/\/www.mpppst.gob.ve\/mpppstweb\/index.php\/2021\/05\/24\/guarico-dinamizara-sistema-de-produccion-y-distribucion-carnica\/"},"wordCount":392,"publisher":{"@id":"https:\/\/www.mpppst.gob.ve\/mpppstweb\/#organization"},"image":{"@id":"https:\/\/www.mpppst.gob.ve\/mpppstweb\/index.php\/2021\/05\/24\/guarico-dinamizara-sistema-de-produccion-y-distribucion-carnica\/#primaryimage"},"thumbnailUrl":"https:\/\/www.mpppst.gob.ve\/mpppstweb\/wp-content\/uploads\/2021\/05\/guarico-dinamizara-sistema-produccion-distribucion-carnica-768x427-1.jpg","articleSection":["Noticias"],"inLanguage":"es"},{"@type":"WebPage","@id":"https:\/\/www.mpppst.gob.ve\/mpppstweb\/index.php\/2021\/05\/24\/guarico-dinamizara-sistema-de-produccion-y-distribucion-carnica\/","url":"https:\/\/www.mpppst.gob.ve\/mpppstweb\/index.php\/2021\/05\/24\/guarico-dinamizara-sistema-de-produccion-y-distribucion-carnica\/","name":"Gu\u00e1rico dinamizar\u00e1 sistema de producci\u00f3n y distribuci\u00f3n c\u00e1rnica - MPPPST","isPartOf":{"@id":"https:\/\/www.mpppst.gob.ve\/mpppstweb\/#website"},"primaryImageOfPage":{"@id":"https:\/\/www.mpppst.gob.ve\/mpppstweb\/index.php\/2021\/05\/24\/guarico-dinamizara-sistema-de-produccion-y-distribucion-carnica\/#primaryimage"},"image":{"@id":"https:\/\/www.mpppst.gob.ve\/mpppstweb\/index.php\/2021\/05\/24\/guarico-dinamizara-sistema-de-produccion-y-distribucion-carnica\/#primaryimage"},"thumbnailUrl":"https:\/\/www.mpppst.gob.ve\/mpppstweb\/wp-content\/uploads\/2021\/05\/guarico-dinamizara-sistema-produccion-distribucion-carnica-768x427-1.jpg","datePublished":"2021-05-24T11:19:34+00:00","dateModified":"2021-05-24T11:19:34+00:00","breadcrumb":{"@id":"https:\/\/www.mpppst.gob.ve\/mpppstweb\/index.php\/2021\/05\/24\/guarico-dinamizara-sistema-de-produccion-y-distribucion-carnica\/#breadcrumb"},"inLanguage":"es","potentialAction":[{"@type":"ReadAction","target":["https:\/\/www.mpppst.gob.ve\/mpppstweb\/index.php\/2021\/05\/24\/guarico-dinamizara-sistema-de-produccion-y-distribucion-carnica\/"]}]},{"@type":"ImageObject","inLanguage":"es","@id":"https:\/\/www.mpppst.gob.ve\/mpppstweb\/index.php\/2021\/05\/24\/guarico-dinamizara-sistema-de-produccion-y-distribucion-carnica\/#primaryimage","url":"https:\/\/www.mpppst.gob.ve\/mpppstweb\/wp-content\/uploads\/2021\/05\/guarico-dinamizara-sistema-produccion-distribucion-carnica-768x427-1.jpg","contentUrl":"https:\/\/www.mpppst.gob.ve\/mpppstweb\/wp-content\/uploads\/2021\/05\/guarico-dinamizara-sistema-produccion-distribucion-carnica-768x427-1.jpg","width":768,"height":427},{"@type":"BreadcrumbList","@id":"https:\/\/www.mpppst.gob.ve\/mpppstweb\/index.php\/2021\/05\/24\/guarico-dinamizara-sistema-de-produccion-y-distribucion-carnica\/#breadcrumb","itemListElement":[{"@type":"ListItem","position":1,"name":"Home","item":"https:\/\/www.mpppst.gob.ve\/mpppstweb\/"},{"@type":"ListItem","position":2,"name":"Gu\u00e1rico dinamizar\u00e1 sistema de producci\u00f3n y distribuci\u00f3n c\u00e1rnica"}]},{"@type":"WebSite","@id":"https:\/\/www.mpppst.gob.ve\/mpppstweb\/#website","url":"https:\/\/www.mpppst.gob.ve\/mpppstweb\/","name":"MPPPST","description":"Ministerio del Poder Popular para el Proceso Social de Trabajo","publisher":{"@id":"https:\/\/www.mpppst.gob.ve\/mpppstweb\/#organization"},"potentialAction":[{"@type":"SearchAction","target":{"@type":"EntryPoint","urlTemplate":"https:\/\/www.mpppst.gob.ve\/mpppstweb\/?s={search_term_string}"},"query-input":"required name=search_term_string"}],"inLanguage":"es"},{"@type":"Organization","@id":"https:\/\/www.mpppst.gob.ve\/mpppstweb\/#organization","name":"mpppst","url":"https:\/\/www.mpppst.gob.ve\/mpppstweb\/","logo":{"@type":"ImageObject","inLanguage":"es","@id":"https:\/\/www.mpppst.gob.ve\/mpppstweb\/#\/schema\/logo\/image\/","url":"https:\/\/www.mpppst.gob.ve\/mpppstweb\/wp-content\/uploads\/2025\/07\/cropped-cropped-g910.png","contentUrl":"https:\/\/www.mpppst.gob.ve\/mpppstweb\/wp-content\/uploads\/2025\/07\/cropped-cropped-g910.png","width":1080,"height":241,"caption":"mpppst"},"image":{"@id":"https:\/\/www.mpppst.gob.ve\/mpppstweb\/#\/schema\/logo\/image\/"}},{"@type":"Person","@id":"https:\/\/www.mpppst.gob.ve\/mpppstweb\/#\/schema\/person\/fc187ee8ead412bd4c9304b62f900ea4","name":"MPPPST Prensa","url":"https:\/\/www.mpppst.gob.ve\/mpppstweb\/index.php\/author\/prensa-mpppst\/"}]}},"_links":{"self":[{"href":"https:\/\/www.mpppst.gob.ve\/mpppstweb\/index.php\/wp-json\/wp\/v2\/posts\/22372"}],"collection":[{"href":"https:\/\/www.mpppst.gob.ve\/mpppstweb\/index.php\/wp-json\/wp\/v2\/posts"}],"about":[{"href":"https:\/\/www.mpppst.gob.ve\/mpppstweb\/index.php\/wp-json\/wp\/v2\/types\/post"}],"author":[{"embeddable":true,"href":"https:\/\/www.mpppst.gob.ve\/mpppstweb\/index.php\/wp-json\/wp\/v2\/users\/25"}],"replies":[{"embeddable":true,"href":"https:\/\/www.mpppst.gob.ve\/mpppstweb\/index.php\/wp-json\/wp\/v2\/comments?post=22372"}],"version-history":[{"count":1,"href":"https:\/\/www.mpppst.gob.ve\/mpppstweb\/index.php\/wp-json\/wp\/v2\/posts\/22372\/revisions"}],"predecessor-version":[{"id":22374,"href":"https:\/\/www.mpppst.gob.ve\/mpppstweb\/index.php\/wp-json\/wp\/v2\/posts\/22372\/revisions\/22374"}],"wp:featuredmedia":[{"embeddable":true,"href":"https:\/\/www.mpppst.gob.ve\/mpppstweb\/index.php\/wp-json\/wp\/v2\/media\/22373"}],"wp:attachment":[{"href":"https:\/\/www.mpppst.gob.ve\/mpppstweb\/index.php\/wp-json\/wp\/v2\/media?parent=22372"}],"wp:term":[{"taxonomy":"category","embeddable":true,"href":"https:\/\/www.mpppst.gob.ve\/mpppstweb\/index.php\/wp-json\/wp\/v2\/categories?post=22372"},{"taxonomy":"post_tag","embeddable":true,"href":"https:\/\/www.mpppst.gob.ve\/mpppstweb\/index.php\/wp-json\/wp\/v2\/tags?post=22372"}],"curies":[{"name":"wp","href":"https:\/\/api.w.org\/{rel}","templated":true}]}}