{"id":22378,"date":"2021-05-24T07:23:18","date_gmt":"2021-05-24T11:23:18","guid":{"rendered":"http:\/\/www.mpppst.gob.ve\/mpppstweb\/?p=22378"},"modified":"2021-05-24T07:23:19","modified_gmt":"2021-05-24T11:23:19","slug":"venezuela-iniciara-esta-semana-una-nueva-fase-de-inmunizacion-contra-la-covid-19","status":"publish","type":"post","link":"https:\/\/www.mpppst.gob.ve\/mpppstweb\/index.php\/2021\/05\/24\/venezuela-iniciara-esta-semana-una-nueva-fase-de-inmunizacion-contra-la-covid-19\/","title":{"rendered":"Venezuela iniciar\u00e1 esta semana una nueva fase de inmunizaci\u00f3n contra la COVID-19"},"content":{"rendered":"\n<p>El presidente de la Rep\u00fablica Bolivariana de Venezuela, Nicol\u00e1s Maduro, anunci\u00f3 este domingo que llegaron al pa\u00eds 1 mill\u00f3n 300 mil vacunas contra la&nbsp;<strong>COVID-19&nbsp;<\/strong>provenientes de la Rep\u00fablica Popular China, con las que se iniciar\u00e1 una nueva fase de inmunizaci\u00f3n de la poblaci\u00f3n venezolana.<\/p>\n\n\n\n<p>\u201cUn mill\u00f3n 300 mil nuevas vacunas llegaron al pa\u00eds, provenientes de la Rep\u00fablica Popular China, ya partir de los pr\u00f3ximos d\u00edas iniciar\u00e1 una nueva fase de inmunizaci\u00f3n de la poblaci\u00f3n venezolana y en los meses de junio, julio y agosto avancemos en el Plan de Vacunaci\u00f3n de una manera definitiva\u201d, indic\u00f3.<\/p>\n\n\n\n<p>El Jefe de Estado precis\u00f3 que se va a terminar la vacunaci\u00f3n del 100% del personal de salud, personal de la educaci\u00f3n y las personas con alguna enfermedad, como pacientes con VIH, pacientes renales y con otras enfermedades.<\/p>\n\n\n\n<p>El Mandatario Nacional puntualiz\u00f3 que la meta es vacunar el 70% de la poblaci\u00f3n venezolana y al final de a\u00f1o completar el 100%, as\u00ed como en los meses del pr\u00f3ximo a\u00f1o 2022, volver a revacunar a la poblaci\u00f3n.<\/p>\n\n\n\n<p>Por su parte, el ministro del Poder Popular para la Salud, Carlos Alvarado, manifest\u00f3 que hasta la fecha ya se ha logrado vacunar al 90% de los trabajadores de la salud, al tiempo que record\u00f3 que en las \u00faltimas semanas se ha estado vacunando a las personas adultas mayores de 60 a\u00f1os con dos o m\u00e1s enfermedades.<\/p>\n\n\n\n<p>Asimismo, Alvarado agreg\u00f3 que con la nueva fase de inmunizaci\u00f3n se atender\u00e1 a la poblaci\u00f3n menor de 60 a\u00f1os con dos o m\u00e1s patolog\u00edas, as\u00ed como tambi\u00e9n a los trabajadores de servicios que no paran cuando comienza la semana de cuarentena radical.<\/p>\n","protected":false},"excerpt":{"rendered":"<p>El presidente de la Rep\u00fablica Bolivariana de Venezuela, Nicol\u00e1s Maduro, anunci\u00f3 este domingo que llegaron al &hellip; <a title=\"Venezuela iniciar\u00e1 esta semana una nueva fase de inmunizaci\u00f3n contra la COVID-19\" class=\"hm-read-more\" href=\"https:\/\/www.mpppst.gob.ve\/mpppstweb\/index.php\/2021\/05\/24\/venezuela-iniciara-esta-semana-una-nueva-fase-de-inmunizacion-contra-la-covid-19\/\"><span class=\"screen-reader-text\">Venezuela iniciar\u00e1 esta semana una nueva fase de inmunizaci\u00f3n contra la COVID-19<\/span>Read more<\/a><\/p>\n","protected":false},"author":25,"featured_media":22379,"comment_status":"closed","ping_status":"closed","sticky":false,"template":"","format":"standard","meta":{"footnotes":""},"categories":[82,163],"tags":[],"yoast_head":"<!-- This site is optimized with the Yoast SEO plugin v22.5 - https:\/\/yoast.com\/wordpress\/plugins\/seo\/ -->\n<title>Venezuela iniciar\u00e1 esta semana una nueva fase de inmunizaci\u00f3n contra la COVID-19 - MPPPST<\/title>\n<meta name=\"robots\" content=\"index, follow, max-snippet:-1, max-image-preview:large, max-video-preview:-1\" \/>\n<link rel=\"canonical\" href=\"https:\/\/www.mpppst.gob.ve\/mpppstweb\/index.php\/2021\/05\/24\/venezuela-iniciara-esta-semana-una-nueva-fase-de-inmunizacion-contra-la-covid-19\/\" \/>\n<meta property=\"og:locale\" content=\"es_ES\" \/>\n<meta property=\"og:type\" content=\"article\" \/>\n<meta property=\"og:title\" content=\"Venezuela iniciar\u00e1 esta semana una nueva fase de inmunizaci\u00f3n contra la COVID-19 - MPPPST\" \/>\n<meta property=\"og:description\" content=\"El presidente de la Rep\u00fablica Bolivariana de Venezuela, Nicol\u00e1s Maduro, anunci\u00f3 este domingo que llegaron al &hellip; Venezuela iniciar\u00e1 esta semana una nueva fase de inmunizaci\u00f3n contra la COVID-19Read more\" \/>\n<meta property=\"og:url\" content=\"https:\/\/www.mpppst.gob.ve\/mpppstweb\/index.php\/2021\/05\/24\/venezuela-iniciara-esta-semana-una-nueva-fase-de-inmunizacion-contra-la-covid-19\/\" \/>\n<meta property=\"og:site_name\" content=\"MPPPST\" \/>\n<meta property=\"article:published_time\" content=\"2021-05-24T11:23:18+00:00\" \/>\n<meta property=\"article:modified_time\" content=\"2021-05-24T11:23:19+00:00\" \/>\n<meta property=\"og:image\" content=\"https:\/\/www.mpppst.gob.ve\/mpppstweb\/wp-content\/uploads\/2021\/05\/MADURO-1-1-768x427-1.jpg\" \/>\n\t<meta property=\"og:image:width\" content=\"768\" \/>\n\t<meta property=\"og:image:height\" content=\"427\" \/>\n\t<meta property=\"og:image:type\" content=\"image\/jpeg\" \/>\n<meta name=\"author\" content=\"MPPPST Prensa\" \/>\n<meta name=\"twitter:card\" content=\"summary_large_image\" \/>\n<meta name=\"twitter:label1\" content=\"Escrito por\" \/>\n\t<meta name=\"twitter:data1\" content=\"MPPPST Prensa\" \/>\n\t<meta name=\"twitter:label2\" content=\"Tiempo de lectura\" \/>\n\t<meta name=\"twitter:data2\" content=\"1 minuto\" \/>\n<script type=\"application\/ld+json\" class=\"yoast-schema-graph\">{\"@context\":\"https:\/\/schema.org\",\"@graph\":[{\"@type\":\"Article\",\"@id\":\"https:\/\/www.mpppst.gob.ve\/mpppstweb\/index.php\/2021\/05\/24\/venezuela-iniciara-esta-semana-una-nueva-fase-de-inmunizacion-contra-la-covid-19\/#article\",\"isPartOf\":{\"@id\":\"https:\/\/www.mpppst.gob.ve\/mpppstweb\/index.php\/2021\/05\/24\/venezuela-iniciara-esta-semana-una-nueva-fase-de-inmunizacion-contra-la-covid-19\/\"},\"author\":{\"name\":\"MPPPST Prensa\",\"@id\":\"https:\/\/www.mpppst.gob.ve\/mpppstweb\/#\/schema\/person\/fc187ee8ead412bd4c9304b62f900ea4\"},\"headline\":\"Venezuela iniciar\u00e1 esta semana una nueva fase de inmunizaci\u00f3n contra la COVID-19\",\"datePublished\":\"2021-05-24T11:23:18+00:00\",\"dateModified\":\"2021-05-24T11:23:19+00:00\",\"mainEntityOfPage\":{\"@id\":\"https:\/\/www.mpppst.gob.ve\/mpppstweb\/index.php\/2021\/05\/24\/venezuela-iniciara-esta-semana-una-nueva-fase-de-inmunizacion-contra-la-covid-19\/\"},\"wordCount\":306,\"publisher\":{\"@id\":\"https:\/\/www.mpppst.gob.ve\/mpppstweb\/#organization\"},\"image\":{\"@id\":\"https:\/\/www.mpppst.gob.ve\/mpppstweb\/index.php\/2021\/05\/24\/venezuela-iniciara-esta-semana-una-nueva-fase-de-inmunizacion-contra-la-covid-19\/#primaryimage\"},\"thumbnailUrl\":\"https:\/\/www.mpppst.gob.ve\/mpppstweb\/wp-content\/uploads\/2021\/05\/MADURO-1-1-768x427-1.jpg\",\"articleSection\":[\"Gobierno Nacional\",\"Noticias\"],\"inLanguage\":\"es\"},{\"@type\":\"WebPage\",\"@id\":\"https:\/\/www.mpppst.gob.ve\/mpppstweb\/index.php\/2021\/05\/24\/venezuela-iniciara-esta-semana-una-nueva-fase-de-inmunizacion-contra-la-covid-19\/\",\"url\":\"https:\/\/www.mpppst.gob.ve\/mpppstweb\/index.php\/2021\/05\/24\/venezuela-iniciara-esta-semana-una-nueva-fase-de-inmunizacion-contra-la-covid-19\/\",\"name\":\"Venezuela iniciar\u00e1 esta semana una nueva fase de inmunizaci\u00f3n contra la COVID-19 - MPPPST\",\"isPartOf\":{\"@id\":\"https:\/\/www.mpppst.gob.ve\/mpppstweb\/#website\"},\"primaryImageOfPage\":{\"@id\":\"https:\/\/www.mpppst.gob.ve\/mpppstweb\/index.php\/2021\/05\/24\/venezuela-iniciara-esta-semana-una-nueva-fase-de-inmunizacion-contra-la-covid-19\/#primaryimage\"},\"image\":{\"@id\":\"https:\/\/www.mpppst.gob.ve\/mpppstweb\/index.php\/2021\/05\/24\/venezuela-iniciara-esta-semana-una-nueva-fase-de-inmunizacion-contra-la-covid-19\/#primaryimage\"},\"thumbnailUrl\":\"https:\/\/www.mpppst.gob.ve\/mpppstweb\/wp-content\/uploads\/2021\/05\/MADURO-1-1-768x427-1.jpg\",\"datePublished\":\"2021-05-24T11:23:18+00:00\",\"dateModified\":\"2021-05-24T11:23:19+00:00\",\"breadcrumb\":{\"@id\":\"https:\/\/www.mpppst.gob.ve\/mpppstweb\/index.php\/2021\/05\/24\/venezuela-iniciara-esta-semana-una-nueva-fase-de-inmunizacion-contra-la-covid-19\/#breadcrumb\"},\"inLanguage\":\"es\",\"potentialAction\":[{\"@type\":\"ReadAction\",\"target\":[\"https:\/\/www.mpppst.gob.ve\/mpppstweb\/index.php\/2021\/05\/24\/venezuela-iniciara-esta-semana-una-nueva-fase-de-inmunizacion-contra-la-covid-19\/\"]}]},{\"@type\":\"ImageObject\",\"inLanguage\":\"es\",\"@id\":\"https:\/\/www.mpppst.gob.ve\/mpppstweb\/index.php\/2021\/05\/24\/venezuela-iniciara-esta-semana-una-nueva-fase-de-inmunizacion-contra-la-covid-19\/#primaryimage\",\"url\":\"https:\/\/www.mpppst.gob.ve\/mpppstweb\/wp-content\/uploads\/2021\/05\/MADURO-1-1-768x427-1.jpg\",\"contentUrl\":\"https:\/\/www.mpppst.gob.ve\/mpppstweb\/wp-content\/uploads\/2021\/05\/MADURO-1-1-768x427-1.jpg\",\"width\":768,\"height\":427},{\"@type\":\"BreadcrumbList\",\"@id\":\"https:\/\/www.mpppst.gob.ve\/mpppstweb\/index.php\/2021\/05\/24\/venezuela-iniciara-esta-semana-una-nueva-fase-de-inmunizacion-contra-la-covid-19\/#breadcrumb\",\"itemListElement\":[{\"@type\":\"ListItem\",\"position\":1,\"name\":\"Home\",\"item\":\"https:\/\/www.mpppst.gob.ve\/mpppstweb\/\"},{\"@type\":\"ListItem\",\"position\":2,\"name\":\"Venezuela iniciar\u00e1 esta semana una nueva fase de inmunizaci\u00f3n contra la COVID-19\"}]},{\"@type\":\"WebSite\",\"@id\":\"https:\/\/www.mpppst.gob.ve\/mpppstweb\/#website\",\"url\":\"https:\/\/www.mpppst.gob.ve\/mpppstweb\/\",\"name\":\"MPPPST\",\"description\":\"Ministerio del Poder Popular para el Proceso Social de Trabajo\",\"publisher\":{\"@id\":\"https:\/\/www.mpppst.gob.ve\/mpppstweb\/#organization\"},\"potentialAction\":[{\"@type\":\"SearchAction\",\"target\":{\"@type\":\"EntryPoint\",\"urlTemplate\":\"https:\/\/www.mpppst.gob.ve\/mpppstweb\/?s={search_term_string}\"},\"query-input\":\"required name=search_term_string\"}],\"inLanguage\":\"es\"},{\"@type\":\"Organization\",\"@id\":\"https:\/\/www.mpppst.gob.ve\/mpppstweb\/#organization\",\"name\":\"mpppst\",\"url\":\"https:\/\/www.mpppst.gob.ve\/mpppstweb\/\",\"logo\":{\"@type\":\"ImageObject\",\"inLanguage\":\"es\",\"@id\":\"https:\/\/www.mpppst.gob.ve\/mpppstweb\/#\/schema\/logo\/image\/\",\"url\":\"https:\/\/www.mpppst.gob.ve\/mpppstweb\/wp-content\/uploads\/2025\/07\/cropped-cropped-g910.png\",\"contentUrl\":\"https:\/\/www.mpppst.gob.ve\/mpppstweb\/wp-content\/uploads\/2025\/07\/cropped-cropped-g910.png\",\"width\":1080,\"height\":241,\"caption\":\"mpppst\"},\"image\":{\"@id\":\"https:\/\/www.mpppst.gob.ve\/mpppstweb\/#\/schema\/logo\/image\/\"}},{\"@type\":\"Person\",\"@id\":\"https:\/\/www.mpppst.gob.ve\/mpppstweb\/#\/schema\/person\/fc187ee8ead412bd4c9304b62f900ea4\",\"name\":\"MPPPST Prensa\",\"url\":\"https:\/\/www.mpppst.gob.ve\/mpppstweb\/index.php\/author\/prensa-mpppst\/\"}]}<\/script>\n<!-- \/ Yoast SEO plugin. -->","yoast_head_json":{"title":"Venezuela iniciar\u00e1 esta semana una nueva fase de inmunizaci\u00f3n contra la COVID-19 - MPPPST","robots":{"index":"index","follow":"follow","max-snippet":"max-snippet:-1","max-image-preview":"max-image-preview:large","max-video-preview":"max-video-preview:-1"},"canonical":"https:\/\/www.mpppst.gob.ve\/mpppstweb\/index.php\/2021\/05\/24\/venezuela-iniciara-esta-semana-una-nueva-fase-de-inmunizacion-contra-la-covid-19\/","og_locale":"es_ES","og_type":"article","og_title":"Venezuela iniciar\u00e1 esta semana una nueva fase de inmunizaci\u00f3n contra la COVID-19 - MPPPST","og_description":"El presidente de la Rep\u00fablica Bolivariana de Venezuela, Nicol\u00e1s Maduro, anunci\u00f3 este domingo que llegaron al &hellip; Venezuela iniciar\u00e1 esta semana una nueva fase de inmunizaci\u00f3n contra la COVID-19Read more","og_url":"https:\/\/www.mpppst.gob.ve\/mpppstweb\/index.php\/2021\/05\/24\/venezuela-iniciara-esta-semana-una-nueva-fase-de-inmunizacion-contra-la-covid-19\/","og_site_name":"MPPPST","article_published_time":"2021-05-24T11:23:18+00:00","article_modified_time":"2021-05-24T11:23:19+00:00","og_image":[{"width":768,"height":427,"url":"https:\/\/www.mpppst.gob.ve\/mpppstweb\/wp-content\/uploads\/2021\/05\/MADURO-1-1-768x427-1.jpg","type":"image\/jpeg"}],"author":"MPPPST Prensa","twitter_card":"summary_large_image","twitter_misc":{"Escrito por":"MPPPST Prensa","Tiempo de lectura":"1 minuto"},"schema":{"@context":"https:\/\/schema.org","@graph":[{"@type":"Article","@id":"https:\/\/www.mpppst.gob.ve\/mpppstweb\/index.php\/2021\/05\/24\/venezuela-iniciara-esta-semana-una-nueva-fase-de-inmunizacion-contra-la-covid-19\/#article","isPartOf":{"@id":"https:\/\/www.mpppst.gob.ve\/mpppstweb\/index.php\/2021\/05\/24\/venezuela-iniciara-esta-semana-una-nueva-fase-de-inmunizacion-contra-la-covid-19\/"},"author":{"name":"MPPPST Prensa","@id":"https:\/\/www.mpppst.gob.ve\/mpppstweb\/#\/schema\/person\/fc187ee8ead412bd4c9304b62f900ea4"},"headline":"Venezuela iniciar\u00e1 esta semana una nueva fase de inmunizaci\u00f3n contra la COVID-19","datePublished":"2021-05-24T11:23:18+00:00","dateModified":"2021-05-24T11:23:19+00:00","mainEntityOfPage":{"@id":"https:\/\/www.mpppst.gob.ve\/mpppstweb\/index.php\/2021\/05\/24\/venezuela-iniciara-esta-semana-una-nueva-fase-de-inmunizacion-contra-la-covid-19\/"},"wordCount":306,"publisher":{"@id":"https:\/\/www.mpppst.gob.ve\/mpppstweb\/#organization"},"image":{"@id":"https:\/\/www.mpppst.gob.ve\/mpppstweb\/index.php\/2021\/05\/24\/venezuela-iniciara-esta-semana-una-nueva-fase-de-inmunizacion-contra-la-covid-19\/#primaryimage"},"thumbnailUrl":"https:\/\/www.mpppst.gob.ve\/mpppstweb\/wp-content\/uploads\/2021\/05\/MADURO-1-1-768x427-1.jpg","articleSection":["Gobierno Nacional","Noticias"],"inLanguage":"es"},{"@type":"WebPage","@id":"https:\/\/www.mpppst.gob.ve\/mpppstweb\/index.php\/2021\/05\/24\/venezuela-iniciara-esta-semana-una-nueva-fase-de-inmunizacion-contra-la-covid-19\/","url":"https:\/\/www.mpppst.gob.ve\/mpppstweb\/index.php\/2021\/05\/24\/venezuela-iniciara-esta-semana-una-nueva-fase-de-inmunizacion-contra-la-covid-19\/","name":"Venezuela iniciar\u00e1 esta semana una nueva fase de inmunizaci\u00f3n contra la COVID-19 - MPPPST","isPartOf":{"@id":"https:\/\/www.mpppst.gob.ve\/mpppstweb\/#website"},"primaryImageOfPage":{"@id":"https:\/\/www.mpppst.gob.ve\/mpppstweb\/index.php\/2021\/05\/24\/venezuela-iniciara-esta-semana-una-nueva-fase-de-inmunizacion-contra-la-covid-19\/#primaryimage"},"image":{"@id":"https:\/\/www.mpppst.gob.ve\/mpppstweb\/index.php\/2021\/05\/24\/venezuela-iniciara-esta-semana-una-nueva-fase-de-inmunizacion-contra-la-covid-19\/#primaryimage"},"thumbnailUrl":"https:\/\/www.mpppst.gob.ve\/mpppstweb\/wp-content\/uploads\/2021\/05\/MADURO-1-1-768x427-1.jpg","datePublished":"2021-05-24T11:23:18+00:00","dateModified":"2021-05-24T11:23:19+00:00","breadcrumb":{"@id":"https:\/\/www.mpppst.gob.ve\/mpppstweb\/index.php\/2021\/05\/24\/venezuela-iniciara-esta-semana-una-nueva-fase-de-inmunizacion-contra-la-covid-19\/#breadcrumb"},"inLanguage":"es","potentialAction":[{"@type":"ReadAction","target":["https:\/\/www.mpppst.gob.ve\/mpppstweb\/index.php\/2021\/05\/24\/venezuela-iniciara-esta-semana-una-nueva-fase-de-inmunizacion-contra-la-covid-19\/"]}]},{"@type":"ImageObject","inLanguage":"es","@id":"https:\/\/www.mpppst.gob.ve\/mpppstweb\/index.php\/2021\/05\/24\/venezuela-iniciara-esta-semana-una-nueva-fase-de-inmunizacion-contra-la-covid-19\/#primaryimage","url":"https:\/\/www.mpppst.gob.ve\/mpppstweb\/wp-content\/uploads\/2021\/05\/MADURO-1-1-768x427-1.jpg","contentUrl":"https:\/\/www.mpppst.gob.ve\/mpppstweb\/wp-content\/uploads\/2021\/05\/MADURO-1-1-768x427-1.jpg","width":768,"height":427},{"@type":"BreadcrumbList","@id":"https:\/\/www.mpppst.gob.ve\/mpppstweb\/index.php\/2021\/05\/24\/venezuela-iniciara-esta-semana-una-nueva-fase-de-inmunizacion-contra-la-covid-19\/#breadcrumb","itemListElement":[{"@type":"ListItem","position":1,"name":"Home","item":"https:\/\/www.mpppst.gob.ve\/mpppstweb\/"},{"@type":"ListItem","position":2,"name":"Venezuela iniciar\u00e1 esta semana una nueva fase de inmunizaci\u00f3n contra la COVID-19"}]},{"@type":"WebSite","@id":"https:\/\/www.mpppst.gob.ve\/mpppstweb\/#website","url":"https:\/\/www.mpppst.gob.ve\/mpppstweb\/","name":"MPPPST","description":"Ministerio del Poder Popular para el Proceso Social de Trabajo","publisher":{"@id":"https:\/\/www.mpppst.gob.ve\/mpppstweb\/#organization"},"potentialAction":[{"@type":"SearchAction","target":{"@type":"EntryPoint","urlTemplate":"https:\/\/www.mpppst.gob.ve\/mpppstweb\/?s={search_term_string}"},"query-input":"required name=search_term_string"}],"inLanguage":"es"},{"@type":"Organization","@id":"https:\/\/www.mpppst.gob.ve\/mpppstweb\/#organization","name":"mpppst","url":"https:\/\/www.mpppst.gob.ve\/mpppstweb\/","logo":{"@type":"ImageObject","inLanguage":"es","@id":"https:\/\/www.mpppst.gob.ve\/mpppstweb\/#\/schema\/logo\/image\/","url":"https:\/\/www.mpppst.gob.ve\/mpppstweb\/wp-content\/uploads\/2025\/07\/cropped-cropped-g910.png","contentUrl":"https:\/\/www.mpppst.gob.ve\/mpppstweb\/wp-content\/uploads\/2025\/07\/cropped-cropped-g910.png","width":1080,"height":241,"caption":"mpppst"},"image":{"@id":"https:\/\/www.mpppst.gob.ve\/mpppstweb\/#\/schema\/logo\/image\/"}},{"@type":"Person","@id":"https:\/\/www.mpppst.gob.ve\/mpppstweb\/#\/schema\/person\/fc187ee8ead412bd4c9304b62f900ea4","name":"MPPPST Prensa","url":"https:\/\/www.mpppst.gob.ve\/mpppstweb\/index.php\/author\/prensa-mpppst\/"}]}},"_links":{"self":[{"href":"https:\/\/www.mpppst.gob.ve\/mpppstweb\/index.php\/wp-json\/wp\/v2\/posts\/22378"}],"collection":[{"href":"https:\/\/www.mpppst.gob.ve\/mpppstweb\/index.php\/wp-json\/wp\/v2\/posts"}],"about":[{"href":"https:\/\/www.mpppst.gob.ve\/mpppstweb\/index.php\/wp-json\/wp\/v2\/types\/post"}],"author":[{"embeddable":true,"href":"https:\/\/www.mpppst.gob.ve\/mpppstweb\/index.php\/wp-json\/wp\/v2\/users\/25"}],"replies":[{"embeddable":true,"href":"https:\/\/www.mpppst.gob.ve\/mpppstweb\/index.php\/wp-json\/wp\/v2\/comments?post=22378"}],"version-history":[{"count":1,"href":"https:\/\/www.mpppst.gob.ve\/mpppstweb\/index.php\/wp-json\/wp\/v2\/posts\/22378\/revisions"}],"predecessor-version":[{"id":22380,"href":"https:\/\/www.mpppst.gob.ve\/mpppstweb\/index.php\/wp-json\/wp\/v2\/posts\/22378\/revisions\/22380"}],"wp:featuredmedia":[{"embeddable":true,"href":"https:\/\/www.mpppst.gob.ve\/mpppstweb\/index.php\/wp-json\/wp\/v2\/media\/22379"}],"wp:attachment":[{"href":"https:\/\/www.mpppst.gob.ve\/mpppstweb\/index.php\/wp-json\/wp\/v2\/media?parent=22378"}],"wp:term":[{"taxonomy":"category","embeddable":true,"href":"https:\/\/www.mpppst.gob.ve\/mpppstweb\/index.php\/wp-json\/wp\/v2\/categories?post=22378"},{"taxonomy":"post_tag","embeddable":true,"href":"https:\/\/www.mpppst.gob.ve\/mpppstweb\/index.php\/wp-json\/wp\/v2\/tags?post=22378"}],"curies":[{"name":"wp","href":"https:\/\/api.w.org\/{rel}","templated":true}]}}