{"id":22381,"date":"2021-05-25T08:41:39","date_gmt":"2021-05-25T12:41:39","guid":{"rendered":"http:\/\/www.mpppst.gob.ve\/mpppstweb\/?p=22381"},"modified":"2021-05-25T08:41:40","modified_gmt":"2021-05-25T12:41:40","slug":"inicia-plan-piloto-del-modelo-de-gestion-obrera-en-empresas-basicas-y-pequiven","status":"publish","type":"post","link":"https:\/\/www.mpppst.gob.ve\/mpppstweb\/index.php\/2021\/05\/25\/inicia-plan-piloto-del-modelo-de-gestion-obrera-en-empresas-basicas-y-pequiven\/","title":{"rendered":"Inicia plan piloto del Modelo de Gesti\u00f3n Obrera en Empresas B\u00e1sicas y Pequiven"},"content":{"rendered":"\n<p>Bol\u00edvar, como de toda la industria petroqu\u00edmica, encabezados por el miembro de la Junta Directiva, director de los Consejos Productivos de Pequiven y miembro de la Comisi\u00f3n Al\u00ed Rodr\u00edguez Araque, Jos\u00e9 Guerrero; siendo propicio el encuentro para explicar los alcances en materia operativa de la industria, que vienen rompiendo esquemas con su inventiva y conocimientos en pro del desarrollo de las mismas.<\/p>\n\n\n\n<p>En la actividad se hicieron presentes el vicepresidente de Gobierno para el Socialismo Social y Territorial y ministro para la Educaci\u00f3n, Eduardo Pi\u00f1ate; el ministro para el Proceso Social del Trabajo y Secretario Ejecutivo del Consejo Presidencial de Gobierno Popular de la Clase Obrera, Jos\u00e9 Ram\u00f3n Rivero; el diputado de la Asamblea Nacional y presidente de la subcomisi\u00f3n de Empresas B\u00e1sicas y Miner\u00eda, \u00c1ngel Marcano; quienes expresaron su reconocimiento en la vinculaci\u00f3n directa y la toma de decisiones por parte de los trabajadores en los procesos operativos de las presentes corporaciones.<\/p>\n\n\n\n<p>De igual manera, participaron seis presidentes de las empresas b\u00e1sicas en este conversatorio, entre ellos: Juan Rodr\u00edguez de CVG Carbonorca, Ernesto Rivero de CVG Bauxilum, Iv\u00e1n D\u00edaz de CVG Cabelum, Francisco Jim\u00e9nez de CVG Refractarios, Maiker Jos\u00e9 Marcano de Briquetera del Orinoco y N\u00e9stor Astudillo de Sider\u00fargica del Orinoco Alfredo Maneiro (SIDOR).<\/p>\n\n\n\n<p>Prensa Web VTV<\/p>\n\n\n\n<figure><iframe allowfullscreen=\"true\" class=\"\" src=\"https:\/\/platform.twitter.com\/embed\/Tweet.html?creatorScreenName=VTVcanal8&amp;dnt=false&amp;embedId=twitter-widget-0&amp;features=eyJ0ZndfZXhwZXJpbWVudHNfY29va2llX2V4cGlyYXRpb24iOnsiYnVja2V0IjoxMjA5NjAwLCJ2ZXJzaW9uIjpudWxsfSwidGZ3X2hvcml6b25fdHdlZXRfZW1iZWRfOTU1NSI6eyJidWNrZXQiOiJodGUiLCJ2ZXJzaW9uIjpudWxsfSwidGZ3X3R3ZWV0X2VtYmVkX2NsaWNrYWJpbGl0eV8xMjEwMiI6eyJidWNrZXQiOiJjb250cm9sIiwidmVyc2lvbiI6bnVsbH19&amp;frame=false&amp;hideCard=false&amp;hideThread=false&amp;id=1396152478236921862&amp;lang=es&amp;origin=https%3A%2F%2Fwww.vtv.gob.ve%2Fplan-piloto-modelo-gestion-obrera-empresas-basicas-pequiven%2F&amp;sessionId=501bce9f3fc14da54d04d936cd7f7bf2c0e3b6bc&amp;siteScreenName=VTVcanal8&amp;theme=light&amp;widgetsVersion=82e1070%3A1619632193066&amp;width=550px\"><\/iframe><\/figure>\n\n\n\n<figure><iframe allowfullscreen=\"true\" class=\"\" src=\"https:\/\/platform.twitter.com\/embed\/Tweet.html?creatorScreenName=VTVcanal8&amp;dnt=false&amp;embedId=twitter-widget-1&amp;features=eyJ0ZndfZXhwZXJpbWVudHNfY29va2llX2V4cGlyYXRpb24iOnsiYnVja2V0IjoxMjA5NjAwLCJ2ZXJzaW9uIjpudWxsfSwidGZ3X2hvcml6b25fdHdlZXRfZW1iZWRfOTU1NSI6eyJidWNrZXQiOiJodGUiLCJ2ZXJzaW9uIjpudWxsfSwidGZ3X3R3ZWV0X2VtYmVkX2NsaWNrYWJpbGl0eV8xMjEwMiI6eyJidWNrZXQiOiJjb250cm9sIiwidmVyc2lvbiI6bnVsbH19&amp;frame=false&amp;hideCard=false&amp;hideThread=false&amp;id=1396192459680583682&amp;lang=es&amp;origin=https%3A%2F%2Fwww.vtv.gob.ve%2Fplan-piloto-modelo-gestion-obrera-empresas-basicas-pequiven%2F&amp;sessionId=501bce9f3fc14da54d04d936cd7f7bf2c0e3b6bc&amp;siteScreenName=VTVcanal8&amp;theme=light&amp;widgetsVersion=82e1070%3A1619632193066&amp;width=550px\"><\/iframe><\/figure>\n\n\n\n<figure><iframe allowfullscreen=\"true\" class=\"\" src=\"https:\/\/platform.twitter.com\/embed\/Tweet.html?creatorScreenName=VTVcanal8&amp;dnt=false&amp;embedId=twitter-widget-2&amp;features=eyJ0ZndfZXhwZXJpbWVudHNfY29va2llX2V4cGlyYXRpb24iOnsiYnVja2V0IjoxMjA5NjAwLCJ2ZXJzaW9uIjpudWxsfSwidGZ3X2hvcml6b25fdHdlZXRfZW1iZWRfOTU1NSI6eyJidWNrZXQiOiJodGUiLCJ2ZXJzaW9uIjpudWxsfSwidGZ3X3R3ZWV0X2VtYmVkX2NsaWNrYWJpbGl0eV8xMjEwMiI6eyJidWNrZXQiOiJjb250cm9sIiwidmVyc2lvbiI6bnVsbH19&amp;frame=false&amp;hideCard=false&amp;hideThread=false&amp;id=1396490356083073024&amp;lang=es&amp;origin=https%3A%2F%2Fwww.vtv.gob.ve%2Fplan-piloto-modelo-gestion-obrera-empresas-basicas-pequiven%2F&amp;sessionId=501bce9f3fc14da54d04d936cd7f7bf2c0e3b6bc&amp;siteScreenName=VTVcanal8&amp;theme=light&amp;widgetsVersion=82e1070%3A1619632193066&amp;width=550px\"><\/iframe><\/figure>\n\n\n\n<figure><iframe allowfullscreen=\"true\" class=\"\" src=\"https:\/\/platform.twitter.com\/embed\/Tweet.html?creatorScreenName=VTVcanal8&amp;dnt=false&amp;embedId=twitter-widget-3&amp;features=eyJ0ZndfZXhwZXJpbWVudHNfY29va2llX2V4cGlyYXRpb24iOnsiYnVja2V0IjoxMjA5NjAwLCJ2ZXJzaW9uIjpudWxsfSwidGZ3X2hvcml6b25fdHdlZXRfZW1iZWRfOTU1NSI6eyJidWNrZXQiOiJodGUiLCJ2ZXJzaW9uIjpudWxsfSwidGZ3X3R3ZWV0X2VtYmVkX2NsaWNrYWJpbGl0eV8xMjEwMiI6eyJidWNrZXQiOiJjb250cm9sIiwidmVyc2lvbiI6bnVsbH19&amp;frame=false&amp;hideCard=false&amp;hideThread=false&amp;id=1396509450865987589&amp;lang=es&amp;origin=https%3A%2F%2Fwww.vtv.gob.ve%2Fplan-piloto-modelo-gestion-obrera-empresas-basicas-pequiven%2F&amp;sessionId=501bce9f3fc14da54d04d936cd7f7bf2c0e3b6bc&amp;siteScreenName=VTVcanal8&amp;theme=light&amp;widgetsVersion=82e1070%3A1619632193066&amp;width=550px\"><\/iframe><\/figure>\n","protected":false},"excerpt":{"rendered":"<p>Bol\u00edvar, como de toda la industria petroqu\u00edmica, encabezados por el miembro de la Junta Directiva, director &hellip; <a title=\"Inicia plan piloto del Modelo de Gesti\u00f3n Obrera en Empresas B\u00e1sicas y Pequiven\" class=\"hm-read-more\" href=\"https:\/\/www.mpppst.gob.ve\/mpppstweb\/index.php\/2021\/05\/25\/inicia-plan-piloto-del-modelo-de-gestion-obrera-en-empresas-basicas-y-pequiven\/\"><span class=\"screen-reader-text\">Inicia plan piloto del Modelo de Gesti\u00f3n Obrera en Empresas B\u00e1sicas y Pequiven<\/span>Read more<\/a><\/p>\n","protected":false},"author":25,"featured_media":22382,"comment_status":"closed","ping_status":"closed","sticky":false,"template":"","format":"standard","meta":{"footnotes":""},"categories":[406,163],"tags":[],"yoast_head":"<!-- This site is optimized with the Yoast SEO plugin v22.5 - https:\/\/yoast.com\/wordpress\/plugins\/seo\/ -->\n<title>Inicia plan piloto del Modelo de Gesti\u00f3n Obrera en Empresas B\u00e1sicas y Pequiven - MPPPST<\/title>\n<meta name=\"robots\" content=\"index, follow, max-snippet:-1, max-image-preview:large, max-video-preview:-1\" \/>\n<link rel=\"canonical\" href=\"https:\/\/www.mpppst.gob.ve\/mpppstweb\/index.php\/2021\/05\/25\/inicia-plan-piloto-del-modelo-de-gestion-obrera-en-empresas-basicas-y-pequiven\/\" \/>\n<meta property=\"og:locale\" content=\"es_ES\" \/>\n<meta property=\"og:type\" content=\"article\" \/>\n<meta property=\"og:title\" content=\"Inicia plan piloto del Modelo de Gesti\u00f3n Obrera en Empresas B\u00e1sicas y Pequiven - MPPPST\" \/>\n<meta property=\"og:description\" content=\"Bol\u00edvar, como de toda la industria petroqu\u00edmica, encabezados por el miembro de la Junta Directiva, director &hellip; Inicia plan piloto del Modelo de Gesti\u00f3n Obrera en Empresas B\u00e1sicas y PequivenRead more\" \/>\n<meta property=\"og:url\" content=\"https:\/\/www.mpppst.gob.ve\/mpppstweb\/index.php\/2021\/05\/25\/inicia-plan-piloto-del-modelo-de-gestion-obrera-en-empresas-basicas-y-pequiven\/\" \/>\n<meta property=\"og:site_name\" content=\"MPPPST\" \/>\n<meta property=\"article:published_time\" content=\"2021-05-25T12:41:39+00:00\" \/>\n<meta property=\"article:modified_time\" content=\"2021-05-25T12:41:40+00:00\" \/>\n<meta property=\"og:image\" content=\"https:\/\/www.mpppst.gob.ve\/mpppstweb\/wp-content\/uploads\/2021\/05\/pinate-768x427-1.jpg\" \/>\n\t<meta property=\"og:image:width\" content=\"768\" \/>\n\t<meta property=\"og:image:height\" content=\"427\" \/>\n\t<meta property=\"og:image:type\" content=\"image\/jpeg\" \/>\n<meta name=\"author\" content=\"MPPPST Prensa\" \/>\n<meta name=\"twitter:card\" content=\"summary_large_image\" \/>\n<meta name=\"twitter:label1\" content=\"Escrito por\" \/>\n\t<meta name=\"twitter:data1\" content=\"MPPPST Prensa\" \/>\n\t<meta name=\"twitter:label2\" content=\"Tiempo de lectura\" \/>\n\t<meta name=\"twitter:data2\" content=\"1 minuto\" \/>\n<script type=\"application\/ld+json\" class=\"yoast-schema-graph\">{\"@context\":\"https:\/\/schema.org\",\"@graph\":[{\"@type\":\"Article\",\"@id\":\"https:\/\/www.mpppst.gob.ve\/mpppstweb\/index.php\/2021\/05\/25\/inicia-plan-piloto-del-modelo-de-gestion-obrera-en-empresas-basicas-y-pequiven\/#article\",\"isPartOf\":{\"@id\":\"https:\/\/www.mpppst.gob.ve\/mpppstweb\/index.php\/2021\/05\/25\/inicia-plan-piloto-del-modelo-de-gestion-obrera-en-empresas-basicas-y-pequiven\/\"},\"author\":{\"name\":\"MPPPST Prensa\",\"@id\":\"https:\/\/www.mpppst.gob.ve\/mpppstweb\/#\/schema\/person\/fc187ee8ead412bd4c9304b62f900ea4\"},\"headline\":\"Inicia plan piloto del Modelo de Gesti\u00f3n Obrera en Empresas B\u00e1sicas y Pequiven\",\"datePublished\":\"2021-05-25T12:41:39+00:00\",\"dateModified\":\"2021-05-25T12:41:40+00:00\",\"mainEntityOfPage\":{\"@id\":\"https:\/\/www.mpppst.gob.ve\/mpppstweb\/index.php\/2021\/05\/25\/inicia-plan-piloto-del-modelo-de-gestion-obrera-en-empresas-basicas-y-pequiven\/\"},\"wordCount\":241,\"publisher\":{\"@id\":\"https:\/\/www.mpppst.gob.ve\/mpppstweb\/#organization\"},\"image\":{\"@id\":\"https:\/\/www.mpppst.gob.ve\/mpppstweb\/index.php\/2021\/05\/25\/inicia-plan-piloto-del-modelo-de-gestion-obrera-en-empresas-basicas-y-pequiven\/#primaryimage\"},\"thumbnailUrl\":\"https:\/\/www.mpppst.gob.ve\/mpppstweb\/wp-content\/uploads\/2021\/05\/pinate-768x427-1.jpg\",\"articleSection\":[\"CPT\",\"Noticias\"],\"inLanguage\":\"es\"},{\"@type\":\"WebPage\",\"@id\":\"https:\/\/www.mpppst.gob.ve\/mpppstweb\/index.php\/2021\/05\/25\/inicia-plan-piloto-del-modelo-de-gestion-obrera-en-empresas-basicas-y-pequiven\/\",\"url\":\"https:\/\/www.mpppst.gob.ve\/mpppstweb\/index.php\/2021\/05\/25\/inicia-plan-piloto-del-modelo-de-gestion-obrera-en-empresas-basicas-y-pequiven\/\",\"name\":\"Inicia plan piloto del Modelo de Gesti\u00f3n Obrera en Empresas B\u00e1sicas y Pequiven - MPPPST\",\"isPartOf\":{\"@id\":\"https:\/\/www.mpppst.gob.ve\/mpppstweb\/#website\"},\"primaryImageOfPage\":{\"@id\":\"https:\/\/www.mpppst.gob.ve\/mpppstweb\/index.php\/2021\/05\/25\/inicia-plan-piloto-del-modelo-de-gestion-obrera-en-empresas-basicas-y-pequiven\/#primaryimage\"},\"image\":{\"@id\":\"https:\/\/www.mpppst.gob.ve\/mpppstweb\/index.php\/2021\/05\/25\/inicia-plan-piloto-del-modelo-de-gestion-obrera-en-empresas-basicas-y-pequiven\/#primaryimage\"},\"thumbnailUrl\":\"https:\/\/www.mpppst.gob.ve\/mpppstweb\/wp-content\/uploads\/2021\/05\/pinate-768x427-1.jpg\",\"datePublished\":\"2021-05-25T12:41:39+00:00\",\"dateModified\":\"2021-05-25T12:41:40+00:00\",\"breadcrumb\":{\"@id\":\"https:\/\/www.mpppst.gob.ve\/mpppstweb\/index.php\/2021\/05\/25\/inicia-plan-piloto-del-modelo-de-gestion-obrera-en-empresas-basicas-y-pequiven\/#breadcrumb\"},\"inLanguage\":\"es\",\"potentialAction\":[{\"@type\":\"ReadAction\",\"target\":[\"https:\/\/www.mpppst.gob.ve\/mpppstweb\/index.php\/2021\/05\/25\/inicia-plan-piloto-del-modelo-de-gestion-obrera-en-empresas-basicas-y-pequiven\/\"]}]},{\"@type\":\"ImageObject\",\"inLanguage\":\"es\",\"@id\":\"https:\/\/www.mpppst.gob.ve\/mpppstweb\/index.php\/2021\/05\/25\/inicia-plan-piloto-del-modelo-de-gestion-obrera-en-empresas-basicas-y-pequiven\/#primaryimage\",\"url\":\"https:\/\/www.mpppst.gob.ve\/mpppstweb\/wp-content\/uploads\/2021\/05\/pinate-768x427-1.jpg\",\"contentUrl\":\"https:\/\/www.mpppst.gob.ve\/mpppstweb\/wp-content\/uploads\/2021\/05\/pinate-768x427-1.jpg\",\"width\":768,\"height\":427},{\"@type\":\"BreadcrumbList\",\"@id\":\"https:\/\/www.mpppst.gob.ve\/mpppstweb\/index.php\/2021\/05\/25\/inicia-plan-piloto-del-modelo-de-gestion-obrera-en-empresas-basicas-y-pequiven\/#breadcrumb\",\"itemListElement\":[{\"@type\":\"ListItem\",\"position\":1,\"name\":\"Home\",\"item\":\"https:\/\/www.mpppst.gob.ve\/mpppstweb\/\"},{\"@type\":\"ListItem\",\"position\":2,\"name\":\"Inicia plan piloto del Modelo de Gesti\u00f3n Obrera en Empresas B\u00e1sicas y Pequiven\"}]},{\"@type\":\"WebSite\",\"@id\":\"https:\/\/www.mpppst.gob.ve\/mpppstweb\/#website\",\"url\":\"https:\/\/www.mpppst.gob.ve\/mpppstweb\/\",\"name\":\"MPPPST\",\"description\":\"Ministerio del Poder Popular para el Proceso Social de Trabajo\",\"publisher\":{\"@id\":\"https:\/\/www.mpppst.gob.ve\/mpppstweb\/#organization\"},\"potentialAction\":[{\"@type\":\"SearchAction\",\"target\":{\"@type\":\"EntryPoint\",\"urlTemplate\":\"https:\/\/www.mpppst.gob.ve\/mpppstweb\/?s={search_term_string}\"},\"query-input\":\"required name=search_term_string\"}],\"inLanguage\":\"es\"},{\"@type\":\"Organization\",\"@id\":\"https:\/\/www.mpppst.gob.ve\/mpppstweb\/#organization\",\"name\":\"mpppst\",\"url\":\"https:\/\/www.mpppst.gob.ve\/mpppstweb\/\",\"logo\":{\"@type\":\"ImageObject\",\"inLanguage\":\"es\",\"@id\":\"https:\/\/www.mpppst.gob.ve\/mpppstweb\/#\/schema\/logo\/image\/\",\"url\":\"https:\/\/www.mpppst.gob.ve\/mpppstweb\/wp-content\/uploads\/2025\/07\/cropped-cropped-g910.png\",\"contentUrl\":\"https:\/\/www.mpppst.gob.ve\/mpppstweb\/wp-content\/uploads\/2025\/07\/cropped-cropped-g910.png\",\"width\":1080,\"height\":241,\"caption\":\"mpppst\"},\"image\":{\"@id\":\"https:\/\/www.mpppst.gob.ve\/mpppstweb\/#\/schema\/logo\/image\/\"}},{\"@type\":\"Person\",\"@id\":\"https:\/\/www.mpppst.gob.ve\/mpppstweb\/#\/schema\/person\/fc187ee8ead412bd4c9304b62f900ea4\",\"name\":\"MPPPST Prensa\",\"url\":\"https:\/\/www.mpppst.gob.ve\/mpppstweb\/index.php\/author\/prensa-mpppst\/\"}]}<\/script>\n<!-- \/ Yoast SEO plugin. -->","yoast_head_json":{"title":"Inicia plan piloto del Modelo de Gesti\u00f3n Obrera en Empresas B\u00e1sicas y Pequiven - MPPPST","robots":{"index":"index","follow":"follow","max-snippet":"max-snippet:-1","max-image-preview":"max-image-preview:large","max-video-preview":"max-video-preview:-1"},"canonical":"https:\/\/www.mpppst.gob.ve\/mpppstweb\/index.php\/2021\/05\/25\/inicia-plan-piloto-del-modelo-de-gestion-obrera-en-empresas-basicas-y-pequiven\/","og_locale":"es_ES","og_type":"article","og_title":"Inicia plan piloto del Modelo de Gesti\u00f3n Obrera en Empresas B\u00e1sicas y Pequiven - MPPPST","og_description":"Bol\u00edvar, como de toda la industria petroqu\u00edmica, encabezados por el miembro de la Junta Directiva, director &hellip; Inicia plan piloto del Modelo de Gesti\u00f3n Obrera en Empresas B\u00e1sicas y PequivenRead more","og_url":"https:\/\/www.mpppst.gob.ve\/mpppstweb\/index.php\/2021\/05\/25\/inicia-plan-piloto-del-modelo-de-gestion-obrera-en-empresas-basicas-y-pequiven\/","og_site_name":"MPPPST","article_published_time":"2021-05-25T12:41:39+00:00","article_modified_time":"2021-05-25T12:41:40+00:00","og_image":[{"width":768,"height":427,"url":"https:\/\/www.mpppst.gob.ve\/mpppstweb\/wp-content\/uploads\/2021\/05\/pinate-768x427-1.jpg","type":"image\/jpeg"}],"author":"MPPPST Prensa","twitter_card":"summary_large_image","twitter_misc":{"Escrito por":"MPPPST Prensa","Tiempo de lectura":"1 minuto"},"schema":{"@context":"https:\/\/schema.org","@graph":[{"@type":"Article","@id":"https:\/\/www.mpppst.gob.ve\/mpppstweb\/index.php\/2021\/05\/25\/inicia-plan-piloto-del-modelo-de-gestion-obrera-en-empresas-basicas-y-pequiven\/#article","isPartOf":{"@id":"https:\/\/www.mpppst.gob.ve\/mpppstweb\/index.php\/2021\/05\/25\/inicia-plan-piloto-del-modelo-de-gestion-obrera-en-empresas-basicas-y-pequiven\/"},"author":{"name":"MPPPST Prensa","@id":"https:\/\/www.mpppst.gob.ve\/mpppstweb\/#\/schema\/person\/fc187ee8ead412bd4c9304b62f900ea4"},"headline":"Inicia plan piloto del Modelo de Gesti\u00f3n Obrera en Empresas B\u00e1sicas y Pequiven","datePublished":"2021-05-25T12:41:39+00:00","dateModified":"2021-05-25T12:41:40+00:00","mainEntityOfPage":{"@id":"https:\/\/www.mpppst.gob.ve\/mpppstweb\/index.php\/2021\/05\/25\/inicia-plan-piloto-del-modelo-de-gestion-obrera-en-empresas-basicas-y-pequiven\/"},"wordCount":241,"publisher":{"@id":"https:\/\/www.mpppst.gob.ve\/mpppstweb\/#organization"},"image":{"@id":"https:\/\/www.mpppst.gob.ve\/mpppstweb\/index.php\/2021\/05\/25\/inicia-plan-piloto-del-modelo-de-gestion-obrera-en-empresas-basicas-y-pequiven\/#primaryimage"},"thumbnailUrl":"https:\/\/www.mpppst.gob.ve\/mpppstweb\/wp-content\/uploads\/2021\/05\/pinate-768x427-1.jpg","articleSection":["CPT","Noticias"],"inLanguage":"es"},{"@type":"WebPage","@id":"https:\/\/www.mpppst.gob.ve\/mpppstweb\/index.php\/2021\/05\/25\/inicia-plan-piloto-del-modelo-de-gestion-obrera-en-empresas-basicas-y-pequiven\/","url":"https:\/\/www.mpppst.gob.ve\/mpppstweb\/index.php\/2021\/05\/25\/inicia-plan-piloto-del-modelo-de-gestion-obrera-en-empresas-basicas-y-pequiven\/","name":"Inicia plan piloto del Modelo de Gesti\u00f3n Obrera en Empresas B\u00e1sicas y Pequiven - MPPPST","isPartOf":{"@id":"https:\/\/www.mpppst.gob.ve\/mpppstweb\/#website"},"primaryImageOfPage":{"@id":"https:\/\/www.mpppst.gob.ve\/mpppstweb\/index.php\/2021\/05\/25\/inicia-plan-piloto-del-modelo-de-gestion-obrera-en-empresas-basicas-y-pequiven\/#primaryimage"},"image":{"@id":"https:\/\/www.mpppst.gob.ve\/mpppstweb\/index.php\/2021\/05\/25\/inicia-plan-piloto-del-modelo-de-gestion-obrera-en-empresas-basicas-y-pequiven\/#primaryimage"},"thumbnailUrl":"https:\/\/www.mpppst.gob.ve\/mpppstweb\/wp-content\/uploads\/2021\/05\/pinate-768x427-1.jpg","datePublished":"2021-05-25T12:41:39+00:00","dateModified":"2021-05-25T12:41:40+00:00","breadcrumb":{"@id":"https:\/\/www.mpppst.gob.ve\/mpppstweb\/index.php\/2021\/05\/25\/inicia-plan-piloto-del-modelo-de-gestion-obrera-en-empresas-basicas-y-pequiven\/#breadcrumb"},"inLanguage":"es","potentialAction":[{"@type":"ReadAction","target":["https:\/\/www.mpppst.gob.ve\/mpppstweb\/index.php\/2021\/05\/25\/inicia-plan-piloto-del-modelo-de-gestion-obrera-en-empresas-basicas-y-pequiven\/"]}]},{"@type":"ImageObject","inLanguage":"es","@id":"https:\/\/www.mpppst.gob.ve\/mpppstweb\/index.php\/2021\/05\/25\/inicia-plan-piloto-del-modelo-de-gestion-obrera-en-empresas-basicas-y-pequiven\/#primaryimage","url":"https:\/\/www.mpppst.gob.ve\/mpppstweb\/wp-content\/uploads\/2021\/05\/pinate-768x427-1.jpg","contentUrl":"https:\/\/www.mpppst.gob.ve\/mpppstweb\/wp-content\/uploads\/2021\/05\/pinate-768x427-1.jpg","width":768,"height":427},{"@type":"BreadcrumbList","@id":"https:\/\/www.mpppst.gob.ve\/mpppstweb\/index.php\/2021\/05\/25\/inicia-plan-piloto-del-modelo-de-gestion-obrera-en-empresas-basicas-y-pequiven\/#breadcrumb","itemListElement":[{"@type":"ListItem","position":1,"name":"Home","item":"https:\/\/www.mpppst.gob.ve\/mpppstweb\/"},{"@type":"ListItem","position":2,"name":"Inicia plan piloto del Modelo de Gesti\u00f3n Obrera en Empresas B\u00e1sicas y Pequiven"}]},{"@type":"WebSite","@id":"https:\/\/www.mpppst.gob.ve\/mpppstweb\/#website","url":"https:\/\/www.mpppst.gob.ve\/mpppstweb\/","name":"MPPPST","description":"Ministerio del Poder Popular para el Proceso Social de Trabajo","publisher":{"@id":"https:\/\/www.mpppst.gob.ve\/mpppstweb\/#organization"},"potentialAction":[{"@type":"SearchAction","target":{"@type":"EntryPoint","urlTemplate":"https:\/\/www.mpppst.gob.ve\/mpppstweb\/?s={search_term_string}"},"query-input":"required name=search_term_string"}],"inLanguage":"es"},{"@type":"Organization","@id":"https:\/\/www.mpppst.gob.ve\/mpppstweb\/#organization","name":"mpppst","url":"https:\/\/www.mpppst.gob.ve\/mpppstweb\/","logo":{"@type":"ImageObject","inLanguage":"es","@id":"https:\/\/www.mpppst.gob.ve\/mpppstweb\/#\/schema\/logo\/image\/","url":"https:\/\/www.mpppst.gob.ve\/mpppstweb\/wp-content\/uploads\/2025\/07\/cropped-cropped-g910.png","contentUrl":"https:\/\/www.mpppst.gob.ve\/mpppstweb\/wp-content\/uploads\/2025\/07\/cropped-cropped-g910.png","width":1080,"height":241,"caption":"mpppst"},"image":{"@id":"https:\/\/www.mpppst.gob.ve\/mpppstweb\/#\/schema\/logo\/image\/"}},{"@type":"Person","@id":"https:\/\/www.mpppst.gob.ve\/mpppstweb\/#\/schema\/person\/fc187ee8ead412bd4c9304b62f900ea4","name":"MPPPST Prensa","url":"https:\/\/www.mpppst.gob.ve\/mpppstweb\/index.php\/author\/prensa-mpppst\/"}]}},"_links":{"self":[{"href":"https:\/\/www.mpppst.gob.ve\/mpppstweb\/index.php\/wp-json\/wp\/v2\/posts\/22381"}],"collection":[{"href":"https:\/\/www.mpppst.gob.ve\/mpppstweb\/index.php\/wp-json\/wp\/v2\/posts"}],"about":[{"href":"https:\/\/www.mpppst.gob.ve\/mpppstweb\/index.php\/wp-json\/wp\/v2\/types\/post"}],"author":[{"embeddable":true,"href":"https:\/\/www.mpppst.gob.ve\/mpppstweb\/index.php\/wp-json\/wp\/v2\/users\/25"}],"replies":[{"embeddable":true,"href":"https:\/\/www.mpppst.gob.ve\/mpppstweb\/index.php\/wp-json\/wp\/v2\/comments?post=22381"}],"version-history":[{"count":1,"href":"https:\/\/www.mpppst.gob.ve\/mpppstweb\/index.php\/wp-json\/wp\/v2\/posts\/22381\/revisions"}],"predecessor-version":[{"id":22383,"href":"https:\/\/www.mpppst.gob.ve\/mpppstweb\/index.php\/wp-json\/wp\/v2\/posts\/22381\/revisions\/22383"}],"wp:featuredmedia":[{"embeddable":true,"href":"https:\/\/www.mpppst.gob.ve\/mpppstweb\/index.php\/wp-json\/wp\/v2\/media\/22382"}],"wp:attachment":[{"href":"https:\/\/www.mpppst.gob.ve\/mpppstweb\/index.php\/wp-json\/wp\/v2\/media?parent=22381"}],"wp:term":[{"taxonomy":"category","embeddable":true,"href":"https:\/\/www.mpppst.gob.ve\/mpppstweb\/index.php\/wp-json\/wp\/v2\/categories?post=22381"},{"taxonomy":"post_tag","embeddable":true,"href":"https:\/\/www.mpppst.gob.ve\/mpppstweb\/index.php\/wp-json\/wp\/v2\/tags?post=22381"}],"curies":[{"name":"wp","href":"https:\/\/api.w.org\/{rel}","templated":true}]}}