{"id":22391,"date":"2021-05-25T08:49:05","date_gmt":"2021-05-25T12:49:05","guid":{"rendered":"http:\/\/www.mpppst.gob.ve\/mpppstweb\/?p=22391"},"modified":"2021-05-25T08:49:06","modified_gmt":"2021-05-25T12:49:06","slug":"este-01jun-inicia-jornada-de-inscripcion-en-el-registro-electoral-permanente-en-782-puntos-disponibles-en-el-pais","status":"publish","type":"post","link":"https:\/\/www.mpppst.gob.ve\/mpppstweb\/index.php\/2021\/05\/25\/este-01jun-inicia-jornada-de-inscripcion-en-el-registro-electoral-permanente-en-782-puntos-disponibles-en-el-pais\/","title":{"rendered":"Este 01JUN inicia jornada de inscripci\u00f3n en el Registro Electoral Permanente en 782 puntos disponibles en el pa\u00eds"},"content":{"rendered":"\n<p>El presidente del Partido Socialista Unido de Venezuela (PSUV), Nicol\u00e1s Maduro, anunci\u00f3 este lunes, que el 01 de junio inicia jornada especial de inscripci\u00f3n en el Registro Electoral Permanente (REP).<\/p>\n\n\n\n<p>En este sentido, precis\u00f3 que el Consejo Nacional Electoral (CNE) ha fijado un cronograma que establece que el 01 de junio se dar\u00e1 inicio al REP en jornadas especiales.<\/p>\n\n\n\n<p>\u201cNosotros tenemos que motivar con nuestros Jefes y Jefas de Calle, de Comunidad, l\u00edderes de las Unidades Bol\u00edvar Ch\u00e1vez (UBCh), L\u00edderes de la Juventud de las Bases en los liceos y en las universidades del pa\u00eds\u201d, dijo.<\/p>\n\n\n\n<p>El Jefe de Estado detall\u00f3, que se establecer\u00e1n 782 puntos de inscripci\u00f3n, al tiempo que exhort\u00f3 que hay que establecer d\u00f3nde est\u00e1n los puntos de Inscripci\u00f3n y facilitar el transporte, para que toda persona que no est\u00e9 inscrita en el REP, cumpla con su deber, y que el domingo 21 de noviembre pueda votar en la Megaelecci\u00f3n de Alcaldes, Gobernadores y Consejos Legislativos. &nbsp;<\/p>\n\n\n\n<p>\u201cHemos defendido el modelo democr\u00e1tico, la democracia participativa y protag\u00f3nica ante las amenazas del 2020-2021\u201d, enfatiz\u00f3 el Jefe de Estado.<\/p>\n","protected":false},"excerpt":{"rendered":"<p>El presidente del Partido Socialista Unido de Venezuela (PSUV), Nicol\u00e1s Maduro, anunci\u00f3 este lunes, que el &hellip; <a title=\"Este 01JUN inicia jornada de inscripci\u00f3n en el Registro Electoral Permanente en 782 puntos disponibles en el pa\u00eds\" class=\"hm-read-more\" href=\"https:\/\/www.mpppst.gob.ve\/mpppstweb\/index.php\/2021\/05\/25\/este-01jun-inicia-jornada-de-inscripcion-en-el-registro-electoral-permanente-en-782-puntos-disponibles-en-el-pais\/\"><span class=\"screen-reader-text\">Este 01JUN inicia jornada de inscripci\u00f3n en el Registro Electoral Permanente en 782 puntos disponibles en el pa\u00eds<\/span>Read more<\/a><\/p>\n","protected":false},"author":25,"featured_media":22392,"comment_status":"closed","ping_status":"closed","sticky":false,"template":"","format":"standard","meta":{"footnotes":""},"categories":[82,163],"tags":[],"yoast_head":"<!-- This site is optimized with the Yoast SEO plugin v22.5 - https:\/\/yoast.com\/wordpress\/plugins\/seo\/ -->\n<title>Este 01JUN inicia jornada de inscripci\u00f3n en el Registro Electoral Permanente en 782 puntos disponibles en el pa\u00eds - MPPPST<\/title>\n<meta name=\"robots\" content=\"index, follow, max-snippet:-1, max-image-preview:large, max-video-preview:-1\" \/>\n<link rel=\"canonical\" href=\"https:\/\/www.mpppst.gob.ve\/mpppstweb\/index.php\/2021\/05\/25\/este-01jun-inicia-jornada-de-inscripcion-en-el-registro-electoral-permanente-en-782-puntos-disponibles-en-el-pais\/\" \/>\n<meta property=\"og:locale\" content=\"es_ES\" \/>\n<meta property=\"og:type\" content=\"article\" \/>\n<meta property=\"og:title\" content=\"Este 01JUN inicia jornada de inscripci\u00f3n en el Registro Electoral Permanente en 782 puntos disponibles en el pa\u00eds - MPPPST\" \/>\n<meta property=\"og:description\" content=\"El presidente del Partido Socialista Unido de Venezuela (PSUV), Nicol\u00e1s Maduro, anunci\u00f3 este lunes, que el &hellip; Este 01JUN inicia jornada de inscripci\u00f3n en el Registro Electoral Permanente en 782 puntos disponibles en el pa\u00edsRead more\" \/>\n<meta property=\"og:url\" content=\"https:\/\/www.mpppst.gob.ve\/mpppstweb\/index.php\/2021\/05\/25\/este-01jun-inicia-jornada-de-inscripcion-en-el-registro-electoral-permanente-en-782-puntos-disponibles-en-el-pais\/\" \/>\n<meta property=\"og:site_name\" content=\"MPPPST\" \/>\n<meta property=\"article:published_time\" content=\"2021-05-25T12:49:05+00:00\" \/>\n<meta property=\"article:modified_time\" content=\"2021-05-25T12:49:06+00:00\" \/>\n<meta property=\"og:image\" content=\"https:\/\/www.mpppst.gob.ve\/mpppstweb\/wp-content\/uploads\/2021\/05\/PSUV2-768x427-1.jpg\" \/>\n\t<meta property=\"og:image:width\" content=\"768\" \/>\n\t<meta property=\"og:image:height\" content=\"427\" \/>\n\t<meta property=\"og:image:type\" content=\"image\/jpeg\" \/>\n<meta name=\"author\" content=\"MPPPST Prensa\" \/>\n<meta name=\"twitter:card\" content=\"summary_large_image\" \/>\n<meta name=\"twitter:label1\" content=\"Escrito por\" \/>\n\t<meta name=\"twitter:data1\" content=\"MPPPST Prensa\" \/>\n\t<meta name=\"twitter:label2\" content=\"Tiempo de lectura\" \/>\n\t<meta name=\"twitter:data2\" content=\"1 minuto\" \/>\n<script type=\"application\/ld+json\" class=\"yoast-schema-graph\">{\"@context\":\"https:\/\/schema.org\",\"@graph\":[{\"@type\":\"Article\",\"@id\":\"https:\/\/www.mpppst.gob.ve\/mpppstweb\/index.php\/2021\/05\/25\/este-01jun-inicia-jornada-de-inscripcion-en-el-registro-electoral-permanente-en-782-puntos-disponibles-en-el-pais\/#article\",\"isPartOf\":{\"@id\":\"https:\/\/www.mpppst.gob.ve\/mpppstweb\/index.php\/2021\/05\/25\/este-01jun-inicia-jornada-de-inscripcion-en-el-registro-electoral-permanente-en-782-puntos-disponibles-en-el-pais\/\"},\"author\":{\"name\":\"MPPPST Prensa\",\"@id\":\"https:\/\/www.mpppst.gob.ve\/mpppstweb\/#\/schema\/person\/fc187ee8ead412bd4c9304b62f900ea4\"},\"headline\":\"Este 01JUN inicia jornada de inscripci\u00f3n en el Registro Electoral Permanente en 782 puntos disponibles en el pa\u00eds\",\"datePublished\":\"2021-05-25T12:49:05+00:00\",\"dateModified\":\"2021-05-25T12:49:06+00:00\",\"mainEntityOfPage\":{\"@id\":\"https:\/\/www.mpppst.gob.ve\/mpppstweb\/index.php\/2021\/05\/25\/este-01jun-inicia-jornada-de-inscripcion-en-el-registro-electoral-permanente-en-782-puntos-disponibles-en-el-pais\/\"},\"wordCount\":210,\"publisher\":{\"@id\":\"https:\/\/www.mpppst.gob.ve\/mpppstweb\/#organization\"},\"image\":{\"@id\":\"https:\/\/www.mpppst.gob.ve\/mpppstweb\/index.php\/2021\/05\/25\/este-01jun-inicia-jornada-de-inscripcion-en-el-registro-electoral-permanente-en-782-puntos-disponibles-en-el-pais\/#primaryimage\"},\"thumbnailUrl\":\"https:\/\/www.mpppst.gob.ve\/mpppstweb\/wp-content\/uploads\/2021\/05\/PSUV2-768x427-1.jpg\",\"articleSection\":[\"Gobierno Nacional\",\"Noticias\"],\"inLanguage\":\"es\"},{\"@type\":\"WebPage\",\"@id\":\"https:\/\/www.mpppst.gob.ve\/mpppstweb\/index.php\/2021\/05\/25\/este-01jun-inicia-jornada-de-inscripcion-en-el-registro-electoral-permanente-en-782-puntos-disponibles-en-el-pais\/\",\"url\":\"https:\/\/www.mpppst.gob.ve\/mpppstweb\/index.php\/2021\/05\/25\/este-01jun-inicia-jornada-de-inscripcion-en-el-registro-electoral-permanente-en-782-puntos-disponibles-en-el-pais\/\",\"name\":\"Este 01JUN inicia jornada de inscripci\u00f3n en el Registro Electoral Permanente en 782 puntos disponibles en el pa\u00eds - MPPPST\",\"isPartOf\":{\"@id\":\"https:\/\/www.mpppst.gob.ve\/mpppstweb\/#website\"},\"primaryImageOfPage\":{\"@id\":\"https:\/\/www.mpppst.gob.ve\/mpppstweb\/index.php\/2021\/05\/25\/este-01jun-inicia-jornada-de-inscripcion-en-el-registro-electoral-permanente-en-782-puntos-disponibles-en-el-pais\/#primaryimage\"},\"image\":{\"@id\":\"https:\/\/www.mpppst.gob.ve\/mpppstweb\/index.php\/2021\/05\/25\/este-01jun-inicia-jornada-de-inscripcion-en-el-registro-electoral-permanente-en-782-puntos-disponibles-en-el-pais\/#primaryimage\"},\"thumbnailUrl\":\"https:\/\/www.mpppst.gob.ve\/mpppstweb\/wp-content\/uploads\/2021\/05\/PSUV2-768x427-1.jpg\",\"datePublished\":\"2021-05-25T12:49:05+00:00\",\"dateModified\":\"2021-05-25T12:49:06+00:00\",\"breadcrumb\":{\"@id\":\"https:\/\/www.mpppst.gob.ve\/mpppstweb\/index.php\/2021\/05\/25\/este-01jun-inicia-jornada-de-inscripcion-en-el-registro-electoral-permanente-en-782-puntos-disponibles-en-el-pais\/#breadcrumb\"},\"inLanguage\":\"es\",\"potentialAction\":[{\"@type\":\"ReadAction\",\"target\":[\"https:\/\/www.mpppst.gob.ve\/mpppstweb\/index.php\/2021\/05\/25\/este-01jun-inicia-jornada-de-inscripcion-en-el-registro-electoral-permanente-en-782-puntos-disponibles-en-el-pais\/\"]}]},{\"@type\":\"ImageObject\",\"inLanguage\":\"es\",\"@id\":\"https:\/\/www.mpppst.gob.ve\/mpppstweb\/index.php\/2021\/05\/25\/este-01jun-inicia-jornada-de-inscripcion-en-el-registro-electoral-permanente-en-782-puntos-disponibles-en-el-pais\/#primaryimage\",\"url\":\"https:\/\/www.mpppst.gob.ve\/mpppstweb\/wp-content\/uploads\/2021\/05\/PSUV2-768x427-1.jpg\",\"contentUrl\":\"https:\/\/www.mpppst.gob.ve\/mpppstweb\/wp-content\/uploads\/2021\/05\/PSUV2-768x427-1.jpg\",\"width\":768,\"height\":427},{\"@type\":\"BreadcrumbList\",\"@id\":\"https:\/\/www.mpppst.gob.ve\/mpppstweb\/index.php\/2021\/05\/25\/este-01jun-inicia-jornada-de-inscripcion-en-el-registro-electoral-permanente-en-782-puntos-disponibles-en-el-pais\/#breadcrumb\",\"itemListElement\":[{\"@type\":\"ListItem\",\"position\":1,\"name\":\"Home\",\"item\":\"https:\/\/www.mpppst.gob.ve\/mpppstweb\/\"},{\"@type\":\"ListItem\",\"position\":2,\"name\":\"Este 01JUN inicia jornada de inscripci\u00f3n en el Registro Electoral Permanente en 782 puntos disponibles en el pa\u00eds\"}]},{\"@type\":\"WebSite\",\"@id\":\"https:\/\/www.mpppst.gob.ve\/mpppstweb\/#website\",\"url\":\"https:\/\/www.mpppst.gob.ve\/mpppstweb\/\",\"name\":\"MPPPST\",\"description\":\"Ministerio del Poder Popular para el Proceso Social de Trabajo\",\"publisher\":{\"@id\":\"https:\/\/www.mpppst.gob.ve\/mpppstweb\/#organization\"},\"potentialAction\":[{\"@type\":\"SearchAction\",\"target\":{\"@type\":\"EntryPoint\",\"urlTemplate\":\"https:\/\/www.mpppst.gob.ve\/mpppstweb\/?s={search_term_string}\"},\"query-input\":\"required name=search_term_string\"}],\"inLanguage\":\"es\"},{\"@type\":\"Organization\",\"@id\":\"https:\/\/www.mpppst.gob.ve\/mpppstweb\/#organization\",\"name\":\"mpppst\",\"url\":\"https:\/\/www.mpppst.gob.ve\/mpppstweb\/\",\"logo\":{\"@type\":\"ImageObject\",\"inLanguage\":\"es\",\"@id\":\"https:\/\/www.mpppst.gob.ve\/mpppstweb\/#\/schema\/logo\/image\/\",\"url\":\"https:\/\/www.mpppst.gob.ve\/mpppstweb\/wp-content\/uploads\/2025\/07\/cropped-cropped-g910.png\",\"contentUrl\":\"https:\/\/www.mpppst.gob.ve\/mpppstweb\/wp-content\/uploads\/2025\/07\/cropped-cropped-g910.png\",\"width\":1080,\"height\":241,\"caption\":\"mpppst\"},\"image\":{\"@id\":\"https:\/\/www.mpppst.gob.ve\/mpppstweb\/#\/schema\/logo\/image\/\"}},{\"@type\":\"Person\",\"@id\":\"https:\/\/www.mpppst.gob.ve\/mpppstweb\/#\/schema\/person\/fc187ee8ead412bd4c9304b62f900ea4\",\"name\":\"MPPPST Prensa\",\"url\":\"https:\/\/www.mpppst.gob.ve\/mpppstweb\/index.php\/author\/prensa-mpppst\/\"}]}<\/script>\n<!-- \/ Yoast SEO plugin. -->","yoast_head_json":{"title":"Este 01JUN inicia jornada de inscripci\u00f3n en el Registro Electoral Permanente en 782 puntos disponibles en el pa\u00eds - MPPPST","robots":{"index":"index","follow":"follow","max-snippet":"max-snippet:-1","max-image-preview":"max-image-preview:large","max-video-preview":"max-video-preview:-1"},"canonical":"https:\/\/www.mpppst.gob.ve\/mpppstweb\/index.php\/2021\/05\/25\/este-01jun-inicia-jornada-de-inscripcion-en-el-registro-electoral-permanente-en-782-puntos-disponibles-en-el-pais\/","og_locale":"es_ES","og_type":"article","og_title":"Este 01JUN inicia jornada de inscripci\u00f3n en el Registro Electoral Permanente en 782 puntos disponibles en el pa\u00eds - MPPPST","og_description":"El presidente del Partido Socialista Unido de Venezuela (PSUV), Nicol\u00e1s Maduro, anunci\u00f3 este lunes, que el &hellip; Este 01JUN inicia jornada de inscripci\u00f3n en el Registro Electoral Permanente en 782 puntos disponibles en el pa\u00edsRead more","og_url":"https:\/\/www.mpppst.gob.ve\/mpppstweb\/index.php\/2021\/05\/25\/este-01jun-inicia-jornada-de-inscripcion-en-el-registro-electoral-permanente-en-782-puntos-disponibles-en-el-pais\/","og_site_name":"MPPPST","article_published_time":"2021-05-25T12:49:05+00:00","article_modified_time":"2021-05-25T12:49:06+00:00","og_image":[{"width":768,"height":427,"url":"https:\/\/www.mpppst.gob.ve\/mpppstweb\/wp-content\/uploads\/2021\/05\/PSUV2-768x427-1.jpg","type":"image\/jpeg"}],"author":"MPPPST Prensa","twitter_card":"summary_large_image","twitter_misc":{"Escrito por":"MPPPST Prensa","Tiempo de lectura":"1 minuto"},"schema":{"@context":"https:\/\/schema.org","@graph":[{"@type":"Article","@id":"https:\/\/www.mpppst.gob.ve\/mpppstweb\/index.php\/2021\/05\/25\/este-01jun-inicia-jornada-de-inscripcion-en-el-registro-electoral-permanente-en-782-puntos-disponibles-en-el-pais\/#article","isPartOf":{"@id":"https:\/\/www.mpppst.gob.ve\/mpppstweb\/index.php\/2021\/05\/25\/este-01jun-inicia-jornada-de-inscripcion-en-el-registro-electoral-permanente-en-782-puntos-disponibles-en-el-pais\/"},"author":{"name":"MPPPST Prensa","@id":"https:\/\/www.mpppst.gob.ve\/mpppstweb\/#\/schema\/person\/fc187ee8ead412bd4c9304b62f900ea4"},"headline":"Este 01JUN inicia jornada de inscripci\u00f3n en el Registro Electoral Permanente en 782 puntos disponibles en el pa\u00eds","datePublished":"2021-05-25T12:49:05+00:00","dateModified":"2021-05-25T12:49:06+00:00","mainEntityOfPage":{"@id":"https:\/\/www.mpppst.gob.ve\/mpppstweb\/index.php\/2021\/05\/25\/este-01jun-inicia-jornada-de-inscripcion-en-el-registro-electoral-permanente-en-782-puntos-disponibles-en-el-pais\/"},"wordCount":210,"publisher":{"@id":"https:\/\/www.mpppst.gob.ve\/mpppstweb\/#organization"},"image":{"@id":"https:\/\/www.mpppst.gob.ve\/mpppstweb\/index.php\/2021\/05\/25\/este-01jun-inicia-jornada-de-inscripcion-en-el-registro-electoral-permanente-en-782-puntos-disponibles-en-el-pais\/#primaryimage"},"thumbnailUrl":"https:\/\/www.mpppst.gob.ve\/mpppstweb\/wp-content\/uploads\/2021\/05\/PSUV2-768x427-1.jpg","articleSection":["Gobierno Nacional","Noticias"],"inLanguage":"es"},{"@type":"WebPage","@id":"https:\/\/www.mpppst.gob.ve\/mpppstweb\/index.php\/2021\/05\/25\/este-01jun-inicia-jornada-de-inscripcion-en-el-registro-electoral-permanente-en-782-puntos-disponibles-en-el-pais\/","url":"https:\/\/www.mpppst.gob.ve\/mpppstweb\/index.php\/2021\/05\/25\/este-01jun-inicia-jornada-de-inscripcion-en-el-registro-electoral-permanente-en-782-puntos-disponibles-en-el-pais\/","name":"Este 01JUN inicia jornada de inscripci\u00f3n en el Registro Electoral Permanente en 782 puntos disponibles en el pa\u00eds - MPPPST","isPartOf":{"@id":"https:\/\/www.mpppst.gob.ve\/mpppstweb\/#website"},"primaryImageOfPage":{"@id":"https:\/\/www.mpppst.gob.ve\/mpppstweb\/index.php\/2021\/05\/25\/este-01jun-inicia-jornada-de-inscripcion-en-el-registro-electoral-permanente-en-782-puntos-disponibles-en-el-pais\/#primaryimage"},"image":{"@id":"https:\/\/www.mpppst.gob.ve\/mpppstweb\/index.php\/2021\/05\/25\/este-01jun-inicia-jornada-de-inscripcion-en-el-registro-electoral-permanente-en-782-puntos-disponibles-en-el-pais\/#primaryimage"},"thumbnailUrl":"https:\/\/www.mpppst.gob.ve\/mpppstweb\/wp-content\/uploads\/2021\/05\/PSUV2-768x427-1.jpg","datePublished":"2021-05-25T12:49:05+00:00","dateModified":"2021-05-25T12:49:06+00:00","breadcrumb":{"@id":"https:\/\/www.mpppst.gob.ve\/mpppstweb\/index.php\/2021\/05\/25\/este-01jun-inicia-jornada-de-inscripcion-en-el-registro-electoral-permanente-en-782-puntos-disponibles-en-el-pais\/#breadcrumb"},"inLanguage":"es","potentialAction":[{"@type":"ReadAction","target":["https:\/\/www.mpppst.gob.ve\/mpppstweb\/index.php\/2021\/05\/25\/este-01jun-inicia-jornada-de-inscripcion-en-el-registro-electoral-permanente-en-782-puntos-disponibles-en-el-pais\/"]}]},{"@type":"ImageObject","inLanguage":"es","@id":"https:\/\/www.mpppst.gob.ve\/mpppstweb\/index.php\/2021\/05\/25\/este-01jun-inicia-jornada-de-inscripcion-en-el-registro-electoral-permanente-en-782-puntos-disponibles-en-el-pais\/#primaryimage","url":"https:\/\/www.mpppst.gob.ve\/mpppstweb\/wp-content\/uploads\/2021\/05\/PSUV2-768x427-1.jpg","contentUrl":"https:\/\/www.mpppst.gob.ve\/mpppstweb\/wp-content\/uploads\/2021\/05\/PSUV2-768x427-1.jpg","width":768,"height":427},{"@type":"BreadcrumbList","@id":"https:\/\/www.mpppst.gob.ve\/mpppstweb\/index.php\/2021\/05\/25\/este-01jun-inicia-jornada-de-inscripcion-en-el-registro-electoral-permanente-en-782-puntos-disponibles-en-el-pais\/#breadcrumb","itemListElement":[{"@type":"ListItem","position":1,"name":"Home","item":"https:\/\/www.mpppst.gob.ve\/mpppstweb\/"},{"@type":"ListItem","position":2,"name":"Este 01JUN inicia jornada de inscripci\u00f3n en el Registro Electoral Permanente en 782 puntos disponibles en el pa\u00eds"}]},{"@type":"WebSite","@id":"https:\/\/www.mpppst.gob.ve\/mpppstweb\/#website","url":"https:\/\/www.mpppst.gob.ve\/mpppstweb\/","name":"MPPPST","description":"Ministerio del Poder Popular para el Proceso Social de Trabajo","publisher":{"@id":"https:\/\/www.mpppst.gob.ve\/mpppstweb\/#organization"},"potentialAction":[{"@type":"SearchAction","target":{"@type":"EntryPoint","urlTemplate":"https:\/\/www.mpppst.gob.ve\/mpppstweb\/?s={search_term_string}"},"query-input":"required name=search_term_string"}],"inLanguage":"es"},{"@type":"Organization","@id":"https:\/\/www.mpppst.gob.ve\/mpppstweb\/#organization","name":"mpppst","url":"https:\/\/www.mpppst.gob.ve\/mpppstweb\/","logo":{"@type":"ImageObject","inLanguage":"es","@id":"https:\/\/www.mpppst.gob.ve\/mpppstweb\/#\/schema\/logo\/image\/","url":"https:\/\/www.mpppst.gob.ve\/mpppstweb\/wp-content\/uploads\/2025\/07\/cropped-cropped-g910.png","contentUrl":"https:\/\/www.mpppst.gob.ve\/mpppstweb\/wp-content\/uploads\/2025\/07\/cropped-cropped-g910.png","width":1080,"height":241,"caption":"mpppst"},"image":{"@id":"https:\/\/www.mpppst.gob.ve\/mpppstweb\/#\/schema\/logo\/image\/"}},{"@type":"Person","@id":"https:\/\/www.mpppst.gob.ve\/mpppstweb\/#\/schema\/person\/fc187ee8ead412bd4c9304b62f900ea4","name":"MPPPST Prensa","url":"https:\/\/www.mpppst.gob.ve\/mpppstweb\/index.php\/author\/prensa-mpppst\/"}]}},"_links":{"self":[{"href":"https:\/\/www.mpppst.gob.ve\/mpppstweb\/index.php\/wp-json\/wp\/v2\/posts\/22391"}],"collection":[{"href":"https:\/\/www.mpppst.gob.ve\/mpppstweb\/index.php\/wp-json\/wp\/v2\/posts"}],"about":[{"href":"https:\/\/www.mpppst.gob.ve\/mpppstweb\/index.php\/wp-json\/wp\/v2\/types\/post"}],"author":[{"embeddable":true,"href":"https:\/\/www.mpppst.gob.ve\/mpppstweb\/index.php\/wp-json\/wp\/v2\/users\/25"}],"replies":[{"embeddable":true,"href":"https:\/\/www.mpppst.gob.ve\/mpppstweb\/index.php\/wp-json\/wp\/v2\/comments?post=22391"}],"version-history":[{"count":1,"href":"https:\/\/www.mpppst.gob.ve\/mpppstweb\/index.php\/wp-json\/wp\/v2\/posts\/22391\/revisions"}],"predecessor-version":[{"id":22393,"href":"https:\/\/www.mpppst.gob.ve\/mpppstweb\/index.php\/wp-json\/wp\/v2\/posts\/22391\/revisions\/22393"}],"wp:featuredmedia":[{"embeddable":true,"href":"https:\/\/www.mpppst.gob.ve\/mpppstweb\/index.php\/wp-json\/wp\/v2\/media\/22392"}],"wp:attachment":[{"href":"https:\/\/www.mpppst.gob.ve\/mpppstweb\/index.php\/wp-json\/wp\/v2\/media?parent=22391"}],"wp:term":[{"taxonomy":"category","embeddable":true,"href":"https:\/\/www.mpppst.gob.ve\/mpppstweb\/index.php\/wp-json\/wp\/v2\/categories?post=22391"},{"taxonomy":"post_tag","embeddable":true,"href":"https:\/\/www.mpppst.gob.ve\/mpppstweb\/index.php\/wp-json\/wp\/v2\/tags?post=22391"}],"curies":[{"name":"wp","href":"https:\/\/api.w.org\/{rel}","templated":true}]}}