{"id":22399,"date":"2021-05-26T07:19:33","date_gmt":"2021-05-26T11:19:33","guid":{"rendered":"http:\/\/www.mpppst.gob.ve\/mpppstweb\/?p=22399"},"modified":"2021-05-26T07:19:34","modified_gmt":"2021-05-26T11:19:34","slug":"dia-436-lucha-contra-la-covid-19-venezuela-registra-1-317-casos-comunitarios-y-la-tasa-de-recuperacion-se-ubica-en-93","status":"publish","type":"post","link":"https:\/\/www.mpppst.gob.ve\/mpppstweb\/index.php\/2021\/05\/26\/dia-436-lucha-contra-la-covid-19-venezuela-registra-1-317-casos-comunitarios-y-la-tasa-de-recuperacion-se-ubica-en-93\/","title":{"rendered":"D\u00eda 436 | Lucha contra la COVID-19: Venezuela registra 1.317 casos comunitarios y la tasa de recuperaci\u00f3n se ubica en 93 %"},"content":{"rendered":"\n<p><strong>Un total de 1.317 casos de transmisi\u00f3n comunitaria de COVID-19 fueron detectados en las \u00faltimas 24 horas por las autoridades sanitarias venezolanas, mientras que la tasa de recuperaci\u00f3n se ubica en 93 por ciento del total de casos al registrarse 209.495 pacientes recuperados.<\/strong><\/p>\n\n\n\n<p>As\u00ed lo dio a conocer el vicepresidente Sectorial de Comunicaci\u00f3n, Cultura y Turismo, Freddy \u00d1\u00e1\u00f1ez, a trav\u00e9s de una serie de publicaciones en su cuenta de la red social Twitter, @luchaalmada.<\/p>\n\n\n\n<p>Detall\u00f3 que los casos de transmisi\u00f3n comunitaria se discriminan de la siguiente manera: Yaracuy (253), Zulia (237), Nueva Esparta (108), La Guaira (93), Miranda (88), Lara (84), Barinas (57), Caracas (57), Sucre (55), Falc\u00f3n (53), Carabobo (42), Trujillo (34) Cojedes (30), entre otros estados que se detallan a continuaci\u00f3n:&nbsp;<\/p>\n\n\n\n<div class=\"wp-block-image\"><figure class=\"aligncenter\"><img decoding=\"async\" src=\"https:\/\/www.vtv.gob.ve\/wp-content\/uploads\/2020\/12\/1-18.jpg\" alt=\"\" class=\"wp-image-362369\"\/><\/figure><\/div>\n\n\n\n<p>Asimismo, detall\u00f3 que el estado Yaracuy es la entidad con mayor n\u00famero de contagios en 13 de sus 14 municipios: Independencia con 61, San Felipe 60, Nirgua 40, Bruzual 19, Sucre 18, Cocorote 18, Bol\u00edvar 16, La Trinidad 8, Pe\u00f1a 7, Ar\u00edstides Bastidas 3, Urachiche 1, Veroes 1 y Jos\u00e9 Antonio P\u00e1ez 1.<\/p>\n\n\n\n<div class=\"wp-block-image\"><figure class=\"aligncenter\"><img decoding=\"async\" src=\"https:\/\/www.vtv.gob.ve\/wp-content\/uploads\/2020\/12\/2-12.jpg\" alt=\"\" class=\"wp-image-362383\"\/><\/figure><\/div>\n\n\n\n<p>Tambi\u00e9n inform\u00f3 que a la fecha hay a un total de 226.136 casos confirmados, 209.495 personas recuperadas, lo que representa el 93% de los contagios.&nbsp;<\/p>\n\n\n\n<p>Asimismo, dijo que Venezuela cuenta con 14.097 casos activos, 13.548 est\u00e1n siendo atendidos en el Sistema P\u00fablico de Salud y 549 en cl\u00ednicas privadas.<\/p>\n\n\n\n<p>De igual manera, agreg\u00f3 que hay 8.897 pacientes que se encuentran Asintom\u00e1ticos, 3.960 con Insuficiencia Respiratoria Aguda leve, 923 con Insuficiencia Respiratoria Aguda Moderada y 317 en la Unidad de Cuidados Intensivos.<\/p>\n\n\n\n<div class=\"wp-block-image\"><figure class=\"aligncenter\"><img decoding=\"async\" src=\"https:\/\/www.vtv.gob.ve\/wp-content\/uploads\/2020\/12\/4-10.jpg\" alt=\"\" class=\"wp-image-362395\"\/><\/figure><\/div>\n\n\n\n<p>Asimismo, lament\u00f3 el fallecimiento 16 nuevas v\u00edctimas para llegar a 2.544:<\/p>\n\n\n\n<ul><li>2 mujeres de 44, 90 a\u00f1os y 1 hombre de 70 a\u00f1os de Apure<\/li><li>3 mujeres de 57, 72, 90 a\u00f1os de Aragua<\/li><li>1 mujer de 46 y 2 hombres de 54, 67 a\u00f1os de Lara<\/li><li>2 hombres de 61, 63 a\u00f1os de Sucre<\/li><li>2 mujeres de 80, 88 a\u00f1os de Yaracuy<\/li><li>1 hombre de 41 a\u00f1os de Carabobo<\/li><li>1 hombre de 85 a\u00f1os de Nueva Esparta<\/li><li>1 hombre de 70 a\u00f1os de La Guaira.<\/li><\/ul>\n\n\n\n<p>\u201cCondolencias a sus familiares y deudos\u201d, escribi\u00f3.<\/p>\n\n\n\n<p>El tambi\u00e9n Ministro para la Comunicaci\u00f3n y la Informaci\u00f3n, record\u00f3 que el pa\u00eds se encuentra en el segundo d\u00eda de flexibilizaci\u00f3n econ\u00f3mica bajo el m\u00e9todo 7+7 para acelerar el desarrollo de los sectores productivos del pa\u00eds, por lo que hizo un llamado a mantener las medidas de bioseguridad para cortar con las cadenas de contagio.&nbsp;<\/p>\n","protected":false},"excerpt":{"rendered":"<p>Un total de 1.317 casos de transmisi\u00f3n comunitaria de COVID-19 fueron detectados en las \u00faltimas 24 &hellip; <a title=\"D\u00eda 436 | Lucha contra la COVID-19: Venezuela registra 1.317 casos comunitarios y la tasa de recuperaci\u00f3n se ubica en 93 %\" class=\"hm-read-more\" href=\"https:\/\/www.mpppst.gob.ve\/mpppstweb\/index.php\/2021\/05\/26\/dia-436-lucha-contra-la-covid-19-venezuela-registra-1-317-casos-comunitarios-y-la-tasa-de-recuperacion-se-ubica-en-93\/\"><span class=\"screen-reader-text\">D\u00eda 436 | Lucha contra la COVID-19: Venezuela registra 1.317 casos comunitarios y la tasa de recuperaci\u00f3n se ubica en 93 %<\/span>Read more<\/a><\/p>\n","protected":false},"author":25,"featured_media":22400,"comment_status":"closed","ping_status":"closed","sticky":false,"template":"","format":"standard","meta":{"footnotes":""},"categories":[82,163],"tags":[],"yoast_head":"<!-- This site is optimized with the Yoast SEO plugin v22.5 - https:\/\/yoast.com\/wordpress\/plugins\/seo\/ -->\n<title>D\u00eda 436 | Lucha contra la COVID-19: Venezuela registra 1.317 casos comunitarios y la tasa de recuperaci\u00f3n se ubica en 93 % - MPPPST<\/title>\n<meta name=\"robots\" content=\"index, follow, max-snippet:-1, max-image-preview:large, max-video-preview:-1\" \/>\n<link rel=\"canonical\" href=\"https:\/\/www.mpppst.gob.ve\/mpppstweb\/index.php\/2021\/05\/26\/dia-436-lucha-contra-la-covid-19-venezuela-registra-1-317-casos-comunitarios-y-la-tasa-de-recuperacion-se-ubica-en-93\/\" \/>\n<meta property=\"og:locale\" content=\"es_ES\" \/>\n<meta property=\"og:type\" content=\"article\" \/>\n<meta property=\"og:title\" content=\"D\u00eda 436 | Lucha contra la COVID-19: Venezuela registra 1.317 casos comunitarios y la tasa de recuperaci\u00f3n se ubica en 93 % - MPPPST\" \/>\n<meta property=\"og:description\" content=\"Un total de 1.317 casos de transmisi\u00f3n comunitaria de COVID-19 fueron detectados en las \u00faltimas 24 &hellip; D\u00eda 436 | Lucha contra la COVID-19: Venezuela registra 1.317 casos comunitarios y la tasa de recuperaci\u00f3n se ubica en 93 %Read more\" \/>\n<meta property=\"og:url\" content=\"https:\/\/www.mpppst.gob.ve\/mpppstweb\/index.php\/2021\/05\/26\/dia-436-lucha-contra-la-covid-19-venezuela-registra-1-317-casos-comunitarios-y-la-tasa-de-recuperacion-se-ubica-en-93\/\" \/>\n<meta property=\"og:site_name\" content=\"MPPPST\" \/>\n<meta property=\"article:published_time\" content=\"2021-05-26T11:19:33+00:00\" \/>\n<meta property=\"article:modified_time\" content=\"2021-05-26T11:19:34+00:00\" \/>\n<meta property=\"og:image\" content=\"https:\/\/www.mpppst.gob.ve\/mpppstweb\/wp-content\/uploads\/2021\/05\/3-11-768x427-1.jpg\" \/>\n\t<meta property=\"og:image:width\" content=\"768\" \/>\n\t<meta property=\"og:image:height\" content=\"427\" \/>\n\t<meta property=\"og:image:type\" content=\"image\/jpeg\" \/>\n<meta name=\"author\" content=\"MPPPST Prensa\" \/>\n<meta name=\"twitter:card\" content=\"summary_large_image\" \/>\n<meta name=\"twitter:label1\" content=\"Escrito por\" \/>\n\t<meta name=\"twitter:data1\" content=\"MPPPST Prensa\" \/>\n\t<meta name=\"twitter:label2\" content=\"Tiempo de lectura\" \/>\n\t<meta name=\"twitter:data2\" content=\"2 minutos\" \/>\n<script type=\"application\/ld+json\" class=\"yoast-schema-graph\">{\"@context\":\"https:\/\/schema.org\",\"@graph\":[{\"@type\":\"Article\",\"@id\":\"https:\/\/www.mpppst.gob.ve\/mpppstweb\/index.php\/2021\/05\/26\/dia-436-lucha-contra-la-covid-19-venezuela-registra-1-317-casos-comunitarios-y-la-tasa-de-recuperacion-se-ubica-en-93\/#article\",\"isPartOf\":{\"@id\":\"https:\/\/www.mpppst.gob.ve\/mpppstweb\/index.php\/2021\/05\/26\/dia-436-lucha-contra-la-covid-19-venezuela-registra-1-317-casos-comunitarios-y-la-tasa-de-recuperacion-se-ubica-en-93\/\"},\"author\":{\"name\":\"MPPPST Prensa\",\"@id\":\"https:\/\/www.mpppst.gob.ve\/mpppstweb\/#\/schema\/person\/fc187ee8ead412bd4c9304b62f900ea4\"},\"headline\":\"D\u00eda 436 | Lucha contra la COVID-19: Venezuela registra 1.317 casos comunitarios y la tasa de recuperaci\u00f3n se ubica en 93 %\",\"datePublished\":\"2021-05-26T11:19:33+00:00\",\"dateModified\":\"2021-05-26T11:19:34+00:00\",\"mainEntityOfPage\":{\"@id\":\"https:\/\/www.mpppst.gob.ve\/mpppstweb\/index.php\/2021\/05\/26\/dia-436-lucha-contra-la-covid-19-venezuela-registra-1-317-casos-comunitarios-y-la-tasa-de-recuperacion-se-ubica-en-93\/\"},\"wordCount\":392,\"publisher\":{\"@id\":\"https:\/\/www.mpppst.gob.ve\/mpppstweb\/#organization\"},\"image\":{\"@id\":\"https:\/\/www.mpppst.gob.ve\/mpppstweb\/index.php\/2021\/05\/26\/dia-436-lucha-contra-la-covid-19-venezuela-registra-1-317-casos-comunitarios-y-la-tasa-de-recuperacion-se-ubica-en-93\/#primaryimage\"},\"thumbnailUrl\":\"https:\/\/www.mpppst.gob.ve\/mpppstweb\/wp-content\/uploads\/2021\/05\/3-11-768x427-1.jpg\",\"articleSection\":[\"Gobierno Nacional\",\"Noticias\"],\"inLanguage\":\"es\"},{\"@type\":\"WebPage\",\"@id\":\"https:\/\/www.mpppst.gob.ve\/mpppstweb\/index.php\/2021\/05\/26\/dia-436-lucha-contra-la-covid-19-venezuela-registra-1-317-casos-comunitarios-y-la-tasa-de-recuperacion-se-ubica-en-93\/\",\"url\":\"https:\/\/www.mpppst.gob.ve\/mpppstweb\/index.php\/2021\/05\/26\/dia-436-lucha-contra-la-covid-19-venezuela-registra-1-317-casos-comunitarios-y-la-tasa-de-recuperacion-se-ubica-en-93\/\",\"name\":\"D\u00eda 436 | Lucha contra la COVID-19: Venezuela registra 1.317 casos comunitarios y la tasa de recuperaci\u00f3n se ubica en 93 % - MPPPST\",\"isPartOf\":{\"@id\":\"https:\/\/www.mpppst.gob.ve\/mpppstweb\/#website\"},\"primaryImageOfPage\":{\"@id\":\"https:\/\/www.mpppst.gob.ve\/mpppstweb\/index.php\/2021\/05\/26\/dia-436-lucha-contra-la-covid-19-venezuela-registra-1-317-casos-comunitarios-y-la-tasa-de-recuperacion-se-ubica-en-93\/#primaryimage\"},\"image\":{\"@id\":\"https:\/\/www.mpppst.gob.ve\/mpppstweb\/index.php\/2021\/05\/26\/dia-436-lucha-contra-la-covid-19-venezuela-registra-1-317-casos-comunitarios-y-la-tasa-de-recuperacion-se-ubica-en-93\/#primaryimage\"},\"thumbnailUrl\":\"https:\/\/www.mpppst.gob.ve\/mpppstweb\/wp-content\/uploads\/2021\/05\/3-11-768x427-1.jpg\",\"datePublished\":\"2021-05-26T11:19:33+00:00\",\"dateModified\":\"2021-05-26T11:19:34+00:00\",\"breadcrumb\":{\"@id\":\"https:\/\/www.mpppst.gob.ve\/mpppstweb\/index.php\/2021\/05\/26\/dia-436-lucha-contra-la-covid-19-venezuela-registra-1-317-casos-comunitarios-y-la-tasa-de-recuperacion-se-ubica-en-93\/#breadcrumb\"},\"inLanguage\":\"es\",\"potentialAction\":[{\"@type\":\"ReadAction\",\"target\":[\"https:\/\/www.mpppst.gob.ve\/mpppstweb\/index.php\/2021\/05\/26\/dia-436-lucha-contra-la-covid-19-venezuela-registra-1-317-casos-comunitarios-y-la-tasa-de-recuperacion-se-ubica-en-93\/\"]}]},{\"@type\":\"ImageObject\",\"inLanguage\":\"es\",\"@id\":\"https:\/\/www.mpppst.gob.ve\/mpppstweb\/index.php\/2021\/05\/26\/dia-436-lucha-contra-la-covid-19-venezuela-registra-1-317-casos-comunitarios-y-la-tasa-de-recuperacion-se-ubica-en-93\/#primaryimage\",\"url\":\"https:\/\/www.mpppst.gob.ve\/mpppstweb\/wp-content\/uploads\/2021\/05\/3-11-768x427-1.jpg\",\"contentUrl\":\"https:\/\/www.mpppst.gob.ve\/mpppstweb\/wp-content\/uploads\/2021\/05\/3-11-768x427-1.jpg\",\"width\":768,\"height\":427},{\"@type\":\"BreadcrumbList\",\"@id\":\"https:\/\/www.mpppst.gob.ve\/mpppstweb\/index.php\/2021\/05\/26\/dia-436-lucha-contra-la-covid-19-venezuela-registra-1-317-casos-comunitarios-y-la-tasa-de-recuperacion-se-ubica-en-93\/#breadcrumb\",\"itemListElement\":[{\"@type\":\"ListItem\",\"position\":1,\"name\":\"Home\",\"item\":\"https:\/\/www.mpppst.gob.ve\/mpppstweb\/\"},{\"@type\":\"ListItem\",\"position\":2,\"name\":\"D\u00eda 436 | Lucha contra la COVID-19: Venezuela registra 1.317 casos comunitarios y la tasa de recuperaci\u00f3n se ubica en 93 %\"}]},{\"@type\":\"WebSite\",\"@id\":\"https:\/\/www.mpppst.gob.ve\/mpppstweb\/#website\",\"url\":\"https:\/\/www.mpppst.gob.ve\/mpppstweb\/\",\"name\":\"MPPPST\",\"description\":\"Ministerio del Poder Popular para el Proceso Social de Trabajo\",\"publisher\":{\"@id\":\"https:\/\/www.mpppst.gob.ve\/mpppstweb\/#organization\"},\"potentialAction\":[{\"@type\":\"SearchAction\",\"target\":{\"@type\":\"EntryPoint\",\"urlTemplate\":\"https:\/\/www.mpppst.gob.ve\/mpppstweb\/?s={search_term_string}\"},\"query-input\":\"required name=search_term_string\"}],\"inLanguage\":\"es\"},{\"@type\":\"Organization\",\"@id\":\"https:\/\/www.mpppst.gob.ve\/mpppstweb\/#organization\",\"name\":\"mpppst\",\"url\":\"https:\/\/www.mpppst.gob.ve\/mpppstweb\/\",\"logo\":{\"@type\":\"ImageObject\",\"inLanguage\":\"es\",\"@id\":\"https:\/\/www.mpppst.gob.ve\/mpppstweb\/#\/schema\/logo\/image\/\",\"url\":\"https:\/\/www.mpppst.gob.ve\/mpppstweb\/wp-content\/uploads\/2025\/07\/cropped-cropped-g910.png\",\"contentUrl\":\"https:\/\/www.mpppst.gob.ve\/mpppstweb\/wp-content\/uploads\/2025\/07\/cropped-cropped-g910.png\",\"width\":1080,\"height\":241,\"caption\":\"mpppst\"},\"image\":{\"@id\":\"https:\/\/www.mpppst.gob.ve\/mpppstweb\/#\/schema\/logo\/image\/\"}},{\"@type\":\"Person\",\"@id\":\"https:\/\/www.mpppst.gob.ve\/mpppstweb\/#\/schema\/person\/fc187ee8ead412bd4c9304b62f900ea4\",\"name\":\"MPPPST Prensa\",\"url\":\"https:\/\/www.mpppst.gob.ve\/mpppstweb\/index.php\/author\/prensa-mpppst\/\"}]}<\/script>\n<!-- \/ Yoast SEO plugin. -->","yoast_head_json":{"title":"D\u00eda 436 | Lucha contra la COVID-19: Venezuela registra 1.317 casos comunitarios y la tasa de recuperaci\u00f3n se ubica en 93 % - MPPPST","robots":{"index":"index","follow":"follow","max-snippet":"max-snippet:-1","max-image-preview":"max-image-preview:large","max-video-preview":"max-video-preview:-1"},"canonical":"https:\/\/www.mpppst.gob.ve\/mpppstweb\/index.php\/2021\/05\/26\/dia-436-lucha-contra-la-covid-19-venezuela-registra-1-317-casos-comunitarios-y-la-tasa-de-recuperacion-se-ubica-en-93\/","og_locale":"es_ES","og_type":"article","og_title":"D\u00eda 436 | Lucha contra la COVID-19: Venezuela registra 1.317 casos comunitarios y la tasa de recuperaci\u00f3n se ubica en 93 % - MPPPST","og_description":"Un total de 1.317 casos de transmisi\u00f3n comunitaria de COVID-19 fueron detectados en las \u00faltimas 24 &hellip; D\u00eda 436 | Lucha contra la COVID-19: Venezuela registra 1.317 casos comunitarios y la tasa de recuperaci\u00f3n se ubica en 93 %Read more","og_url":"https:\/\/www.mpppst.gob.ve\/mpppstweb\/index.php\/2021\/05\/26\/dia-436-lucha-contra-la-covid-19-venezuela-registra-1-317-casos-comunitarios-y-la-tasa-de-recuperacion-se-ubica-en-93\/","og_site_name":"MPPPST","article_published_time":"2021-05-26T11:19:33+00:00","article_modified_time":"2021-05-26T11:19:34+00:00","og_image":[{"width":768,"height":427,"url":"https:\/\/www.mpppst.gob.ve\/mpppstweb\/wp-content\/uploads\/2021\/05\/3-11-768x427-1.jpg","type":"image\/jpeg"}],"author":"MPPPST Prensa","twitter_card":"summary_large_image","twitter_misc":{"Escrito por":"MPPPST Prensa","Tiempo de lectura":"2 minutos"},"schema":{"@context":"https:\/\/schema.org","@graph":[{"@type":"Article","@id":"https:\/\/www.mpppst.gob.ve\/mpppstweb\/index.php\/2021\/05\/26\/dia-436-lucha-contra-la-covid-19-venezuela-registra-1-317-casos-comunitarios-y-la-tasa-de-recuperacion-se-ubica-en-93\/#article","isPartOf":{"@id":"https:\/\/www.mpppst.gob.ve\/mpppstweb\/index.php\/2021\/05\/26\/dia-436-lucha-contra-la-covid-19-venezuela-registra-1-317-casos-comunitarios-y-la-tasa-de-recuperacion-se-ubica-en-93\/"},"author":{"name":"MPPPST Prensa","@id":"https:\/\/www.mpppst.gob.ve\/mpppstweb\/#\/schema\/person\/fc187ee8ead412bd4c9304b62f900ea4"},"headline":"D\u00eda 436 | Lucha contra la COVID-19: Venezuela registra 1.317 casos comunitarios y la tasa de recuperaci\u00f3n se ubica en 93 %","datePublished":"2021-05-26T11:19:33+00:00","dateModified":"2021-05-26T11:19:34+00:00","mainEntityOfPage":{"@id":"https:\/\/www.mpppst.gob.ve\/mpppstweb\/index.php\/2021\/05\/26\/dia-436-lucha-contra-la-covid-19-venezuela-registra-1-317-casos-comunitarios-y-la-tasa-de-recuperacion-se-ubica-en-93\/"},"wordCount":392,"publisher":{"@id":"https:\/\/www.mpppst.gob.ve\/mpppstweb\/#organization"},"image":{"@id":"https:\/\/www.mpppst.gob.ve\/mpppstweb\/index.php\/2021\/05\/26\/dia-436-lucha-contra-la-covid-19-venezuela-registra-1-317-casos-comunitarios-y-la-tasa-de-recuperacion-se-ubica-en-93\/#primaryimage"},"thumbnailUrl":"https:\/\/www.mpppst.gob.ve\/mpppstweb\/wp-content\/uploads\/2021\/05\/3-11-768x427-1.jpg","articleSection":["Gobierno Nacional","Noticias"],"inLanguage":"es"},{"@type":"WebPage","@id":"https:\/\/www.mpppst.gob.ve\/mpppstweb\/index.php\/2021\/05\/26\/dia-436-lucha-contra-la-covid-19-venezuela-registra-1-317-casos-comunitarios-y-la-tasa-de-recuperacion-se-ubica-en-93\/","url":"https:\/\/www.mpppst.gob.ve\/mpppstweb\/index.php\/2021\/05\/26\/dia-436-lucha-contra-la-covid-19-venezuela-registra-1-317-casos-comunitarios-y-la-tasa-de-recuperacion-se-ubica-en-93\/","name":"D\u00eda 436 | Lucha contra la COVID-19: Venezuela registra 1.317 casos comunitarios y la tasa de recuperaci\u00f3n se ubica en 93 % - MPPPST","isPartOf":{"@id":"https:\/\/www.mpppst.gob.ve\/mpppstweb\/#website"},"primaryImageOfPage":{"@id":"https:\/\/www.mpppst.gob.ve\/mpppstweb\/index.php\/2021\/05\/26\/dia-436-lucha-contra-la-covid-19-venezuela-registra-1-317-casos-comunitarios-y-la-tasa-de-recuperacion-se-ubica-en-93\/#primaryimage"},"image":{"@id":"https:\/\/www.mpppst.gob.ve\/mpppstweb\/index.php\/2021\/05\/26\/dia-436-lucha-contra-la-covid-19-venezuela-registra-1-317-casos-comunitarios-y-la-tasa-de-recuperacion-se-ubica-en-93\/#primaryimage"},"thumbnailUrl":"https:\/\/www.mpppst.gob.ve\/mpppstweb\/wp-content\/uploads\/2021\/05\/3-11-768x427-1.jpg","datePublished":"2021-05-26T11:19:33+00:00","dateModified":"2021-05-26T11:19:34+00:00","breadcrumb":{"@id":"https:\/\/www.mpppst.gob.ve\/mpppstweb\/index.php\/2021\/05\/26\/dia-436-lucha-contra-la-covid-19-venezuela-registra-1-317-casos-comunitarios-y-la-tasa-de-recuperacion-se-ubica-en-93\/#breadcrumb"},"inLanguage":"es","potentialAction":[{"@type":"ReadAction","target":["https:\/\/www.mpppst.gob.ve\/mpppstweb\/index.php\/2021\/05\/26\/dia-436-lucha-contra-la-covid-19-venezuela-registra-1-317-casos-comunitarios-y-la-tasa-de-recuperacion-se-ubica-en-93\/"]}]},{"@type":"ImageObject","inLanguage":"es","@id":"https:\/\/www.mpppst.gob.ve\/mpppstweb\/index.php\/2021\/05\/26\/dia-436-lucha-contra-la-covid-19-venezuela-registra-1-317-casos-comunitarios-y-la-tasa-de-recuperacion-se-ubica-en-93\/#primaryimage","url":"https:\/\/www.mpppst.gob.ve\/mpppstweb\/wp-content\/uploads\/2021\/05\/3-11-768x427-1.jpg","contentUrl":"https:\/\/www.mpppst.gob.ve\/mpppstweb\/wp-content\/uploads\/2021\/05\/3-11-768x427-1.jpg","width":768,"height":427},{"@type":"BreadcrumbList","@id":"https:\/\/www.mpppst.gob.ve\/mpppstweb\/index.php\/2021\/05\/26\/dia-436-lucha-contra-la-covid-19-venezuela-registra-1-317-casos-comunitarios-y-la-tasa-de-recuperacion-se-ubica-en-93\/#breadcrumb","itemListElement":[{"@type":"ListItem","position":1,"name":"Home","item":"https:\/\/www.mpppst.gob.ve\/mpppstweb\/"},{"@type":"ListItem","position":2,"name":"D\u00eda 436 | Lucha contra la COVID-19: Venezuela registra 1.317 casos comunitarios y la tasa de recuperaci\u00f3n se ubica en 93 %"}]},{"@type":"WebSite","@id":"https:\/\/www.mpppst.gob.ve\/mpppstweb\/#website","url":"https:\/\/www.mpppst.gob.ve\/mpppstweb\/","name":"MPPPST","description":"Ministerio del Poder Popular para el Proceso Social de Trabajo","publisher":{"@id":"https:\/\/www.mpppst.gob.ve\/mpppstweb\/#organization"},"potentialAction":[{"@type":"SearchAction","target":{"@type":"EntryPoint","urlTemplate":"https:\/\/www.mpppst.gob.ve\/mpppstweb\/?s={search_term_string}"},"query-input":"required name=search_term_string"}],"inLanguage":"es"},{"@type":"Organization","@id":"https:\/\/www.mpppst.gob.ve\/mpppstweb\/#organization","name":"mpppst","url":"https:\/\/www.mpppst.gob.ve\/mpppstweb\/","logo":{"@type":"ImageObject","inLanguage":"es","@id":"https:\/\/www.mpppst.gob.ve\/mpppstweb\/#\/schema\/logo\/image\/","url":"https:\/\/www.mpppst.gob.ve\/mpppstweb\/wp-content\/uploads\/2025\/07\/cropped-cropped-g910.png","contentUrl":"https:\/\/www.mpppst.gob.ve\/mpppstweb\/wp-content\/uploads\/2025\/07\/cropped-cropped-g910.png","width":1080,"height":241,"caption":"mpppst"},"image":{"@id":"https:\/\/www.mpppst.gob.ve\/mpppstweb\/#\/schema\/logo\/image\/"}},{"@type":"Person","@id":"https:\/\/www.mpppst.gob.ve\/mpppstweb\/#\/schema\/person\/fc187ee8ead412bd4c9304b62f900ea4","name":"MPPPST Prensa","url":"https:\/\/www.mpppst.gob.ve\/mpppstweb\/index.php\/author\/prensa-mpppst\/"}]}},"_links":{"self":[{"href":"https:\/\/www.mpppst.gob.ve\/mpppstweb\/index.php\/wp-json\/wp\/v2\/posts\/22399"}],"collection":[{"href":"https:\/\/www.mpppst.gob.ve\/mpppstweb\/index.php\/wp-json\/wp\/v2\/posts"}],"about":[{"href":"https:\/\/www.mpppst.gob.ve\/mpppstweb\/index.php\/wp-json\/wp\/v2\/types\/post"}],"author":[{"embeddable":true,"href":"https:\/\/www.mpppst.gob.ve\/mpppstweb\/index.php\/wp-json\/wp\/v2\/users\/25"}],"replies":[{"embeddable":true,"href":"https:\/\/www.mpppst.gob.ve\/mpppstweb\/index.php\/wp-json\/wp\/v2\/comments?post=22399"}],"version-history":[{"count":1,"href":"https:\/\/www.mpppst.gob.ve\/mpppstweb\/index.php\/wp-json\/wp\/v2\/posts\/22399\/revisions"}],"predecessor-version":[{"id":22401,"href":"https:\/\/www.mpppst.gob.ve\/mpppstweb\/index.php\/wp-json\/wp\/v2\/posts\/22399\/revisions\/22401"}],"wp:featuredmedia":[{"embeddable":true,"href":"https:\/\/www.mpppst.gob.ve\/mpppstweb\/index.php\/wp-json\/wp\/v2\/media\/22400"}],"wp:attachment":[{"href":"https:\/\/www.mpppst.gob.ve\/mpppstweb\/index.php\/wp-json\/wp\/v2\/media?parent=22399"}],"wp:term":[{"taxonomy":"category","embeddable":true,"href":"https:\/\/www.mpppst.gob.ve\/mpppstweb\/index.php\/wp-json\/wp\/v2\/categories?post=22399"},{"taxonomy":"post_tag","embeddable":true,"href":"https:\/\/www.mpppst.gob.ve\/mpppstweb\/index.php\/wp-json\/wp\/v2\/tags?post=22399"}],"curies":[{"name":"wp","href":"https:\/\/api.w.org\/{rel}","templated":true}]}}