{"id":22402,"date":"2021-05-26T07:22:10","date_gmt":"2021-05-26T11:22:10","guid":{"rendered":"http:\/\/www.mpppst.gob.ve\/mpppstweb\/?p=22402"},"modified":"2021-05-26T07:22:11","modified_gmt":"2021-05-26T11:22:11","slug":"chamba-juvenil-pesquero-y-acuicola-impulsa-la-formacion-academica-integral-de-250-jovenes","status":"publish","type":"post","link":"https:\/\/www.mpppst.gob.ve\/mpppstweb\/index.php\/2021\/05\/26\/chamba-juvenil-pesquero-y-acuicola-impulsa-la-formacion-academica-integral-de-250-jovenes\/","title":{"rendered":"Chamba Juvenil Pesquero y Acu\u00edcola impulsa la formaci\u00f3n acad\u00e9mica integral de 250 j\u00f3venes"},"content":{"rendered":"\n<p>Un total de 250 j\u00f3venes pescadores de la patria participar\u00e1n en la primera fase del curso de formaci\u00f3n, a trav\u00e9s del&nbsp;<strong>Plan Chamba Juvenil Pesquero y Acu\u00edcola.<\/strong>&nbsp;El mismo los capacitar\u00e1 como asistentes de inspectores sanitarios en materia pesquera, acu\u00edcola y dem\u00e1s actividades conexas, iniciativa que impulsa el Instituto Socialista de la Pesca y la Acuicultura (Insopesca).<\/p>\n\n\n\n<p>Se tiene previsto que la formaci\u00f3n de hombres y mujeres entre los 18 y 24 a\u00f1os de edad de los estados La Guaira, Sucre, Nueva Esparta, Falc\u00f3n, Aragua, Carabobo, Bol\u00edvar, Gu\u00e1rico, Delta Amacuro, Apure y Zulia.<\/p>\n\n\n\n<p>Este tipo de actividades se encuentran contempladas en la formaci\u00f3n acad\u00e9mica integral necesaria y en la que ha hecho \u00e9nfasis el ministro del Poder Popular de Pesca y Acuicultura,&nbsp;<strong>Juan Luis Laya<\/strong>.<\/p>\n\n\n\n<p>Estos j\u00f3venes se formar\u00e1n en temas como: las condiciones sanitarias que debe poseer la prote\u00edna a distribuir, m\u00e9todos de conservaci\u00f3n del producto y las enfermedades transmitidas por los alimentos mal conservados o descompuestos, refiere un mensaje publicado en la cuenta oficial de la red Twitter del Ministerio para la Alimentaci\u00f3n.<\/p>\n\n\n\n<p>VTV<\/p>\n","protected":false},"excerpt":{"rendered":"<p>Un total de 250 j\u00f3venes pescadores de la patria participar\u00e1n en la primera fase del curso &hellip; <a title=\"Chamba Juvenil Pesquero y Acu\u00edcola impulsa la formaci\u00f3n acad\u00e9mica integral de 250 j\u00f3venes\" class=\"hm-read-more\" href=\"https:\/\/www.mpppst.gob.ve\/mpppstweb\/index.php\/2021\/05\/26\/chamba-juvenil-pesquero-y-acuicola-impulsa-la-formacion-academica-integral-de-250-jovenes\/\"><span class=\"screen-reader-text\">Chamba Juvenil Pesquero y Acu\u00edcola impulsa la formaci\u00f3n acad\u00e9mica integral de 250 j\u00f3venes<\/span>Read more<\/a><\/p>\n","protected":false},"author":25,"featured_media":22403,"comment_status":"closed","ping_status":"closed","sticky":false,"template":"","format":"standard","meta":{"footnotes":""},"categories":[82,163],"tags":[],"yoast_head":"<!-- This site is optimized with the Yoast SEO plugin v22.5 - https:\/\/yoast.com\/wordpress\/plugins\/seo\/ -->\n<title>Chamba Juvenil Pesquero y Acu\u00edcola impulsa la formaci\u00f3n acad\u00e9mica integral de 250 j\u00f3venes - MPPPST<\/title>\n<meta name=\"robots\" content=\"index, follow, max-snippet:-1, max-image-preview:large, max-video-preview:-1\" \/>\n<link rel=\"canonical\" href=\"https:\/\/www.mpppst.gob.ve\/mpppstweb\/index.php\/2021\/05\/26\/chamba-juvenil-pesquero-y-acuicola-impulsa-la-formacion-academica-integral-de-250-jovenes\/\" \/>\n<meta property=\"og:locale\" content=\"es_ES\" \/>\n<meta property=\"og:type\" content=\"article\" \/>\n<meta property=\"og:title\" content=\"Chamba Juvenil Pesquero y Acu\u00edcola impulsa la formaci\u00f3n acad\u00e9mica integral de 250 j\u00f3venes - MPPPST\" \/>\n<meta property=\"og:description\" content=\"Un total de 250 j\u00f3venes pescadores de la patria participar\u00e1n en la primera fase del curso &hellip; Chamba Juvenil Pesquero y Acu\u00edcola impulsa la formaci\u00f3n acad\u00e9mica integral de 250 j\u00f3venesRead more\" \/>\n<meta property=\"og:url\" content=\"https:\/\/www.mpppst.gob.ve\/mpppstweb\/index.php\/2021\/05\/26\/chamba-juvenil-pesquero-y-acuicola-impulsa-la-formacion-academica-integral-de-250-jovenes\/\" \/>\n<meta property=\"og:site_name\" content=\"MPPPST\" \/>\n<meta property=\"article:published_time\" content=\"2021-05-26T11:22:10+00:00\" \/>\n<meta property=\"article:modified_time\" content=\"2021-05-26T11:22:11+00:00\" \/>\n<meta property=\"og:image\" content=\"https:\/\/www.mpppst.gob.ve\/mpppstweb\/wp-content\/uploads\/2021\/05\/pesca-768x427-1.jpg\" \/>\n\t<meta property=\"og:image:width\" content=\"768\" \/>\n\t<meta property=\"og:image:height\" content=\"427\" \/>\n\t<meta property=\"og:image:type\" content=\"image\/jpeg\" \/>\n<meta name=\"author\" content=\"MPPPST Prensa\" \/>\n<meta name=\"twitter:card\" content=\"summary_large_image\" \/>\n<meta name=\"twitter:label1\" content=\"Escrito por\" \/>\n\t<meta name=\"twitter:data1\" content=\"MPPPST Prensa\" \/>\n\t<meta name=\"twitter:label2\" content=\"Tiempo de lectura\" \/>\n\t<meta name=\"twitter:data2\" content=\"1 minuto\" \/>\n<script type=\"application\/ld+json\" class=\"yoast-schema-graph\">{\"@context\":\"https:\/\/schema.org\",\"@graph\":[{\"@type\":\"Article\",\"@id\":\"https:\/\/www.mpppst.gob.ve\/mpppstweb\/index.php\/2021\/05\/26\/chamba-juvenil-pesquero-y-acuicola-impulsa-la-formacion-academica-integral-de-250-jovenes\/#article\",\"isPartOf\":{\"@id\":\"https:\/\/www.mpppst.gob.ve\/mpppstweb\/index.php\/2021\/05\/26\/chamba-juvenil-pesquero-y-acuicola-impulsa-la-formacion-academica-integral-de-250-jovenes\/\"},\"author\":{\"name\":\"MPPPST Prensa\",\"@id\":\"https:\/\/www.mpppst.gob.ve\/mpppstweb\/#\/schema\/person\/fc187ee8ead412bd4c9304b62f900ea4\"},\"headline\":\"Chamba Juvenil Pesquero y Acu\u00edcola impulsa la formaci\u00f3n acad\u00e9mica integral de 250 j\u00f3venes\",\"datePublished\":\"2021-05-26T11:22:10+00:00\",\"dateModified\":\"2021-05-26T11:22:11+00:00\",\"mainEntityOfPage\":{\"@id\":\"https:\/\/www.mpppst.gob.ve\/mpppstweb\/index.php\/2021\/05\/26\/chamba-juvenil-pesquero-y-acuicola-impulsa-la-formacion-academica-integral-de-250-jovenes\/\"},\"wordCount\":212,\"publisher\":{\"@id\":\"https:\/\/www.mpppst.gob.ve\/mpppstweb\/#organization\"},\"image\":{\"@id\":\"https:\/\/www.mpppst.gob.ve\/mpppstweb\/index.php\/2021\/05\/26\/chamba-juvenil-pesquero-y-acuicola-impulsa-la-formacion-academica-integral-de-250-jovenes\/#primaryimage\"},\"thumbnailUrl\":\"https:\/\/www.mpppst.gob.ve\/mpppstweb\/wp-content\/uploads\/2021\/05\/pesca-768x427-1.jpg\",\"articleSection\":[\"Gobierno Nacional\",\"Noticias\"],\"inLanguage\":\"es\"},{\"@type\":\"WebPage\",\"@id\":\"https:\/\/www.mpppst.gob.ve\/mpppstweb\/index.php\/2021\/05\/26\/chamba-juvenil-pesquero-y-acuicola-impulsa-la-formacion-academica-integral-de-250-jovenes\/\",\"url\":\"https:\/\/www.mpppst.gob.ve\/mpppstweb\/index.php\/2021\/05\/26\/chamba-juvenil-pesquero-y-acuicola-impulsa-la-formacion-academica-integral-de-250-jovenes\/\",\"name\":\"Chamba Juvenil Pesquero y Acu\u00edcola impulsa la formaci\u00f3n acad\u00e9mica integral de 250 j\u00f3venes - MPPPST\",\"isPartOf\":{\"@id\":\"https:\/\/www.mpppst.gob.ve\/mpppstweb\/#website\"},\"primaryImageOfPage\":{\"@id\":\"https:\/\/www.mpppst.gob.ve\/mpppstweb\/index.php\/2021\/05\/26\/chamba-juvenil-pesquero-y-acuicola-impulsa-la-formacion-academica-integral-de-250-jovenes\/#primaryimage\"},\"image\":{\"@id\":\"https:\/\/www.mpppst.gob.ve\/mpppstweb\/index.php\/2021\/05\/26\/chamba-juvenil-pesquero-y-acuicola-impulsa-la-formacion-academica-integral-de-250-jovenes\/#primaryimage\"},\"thumbnailUrl\":\"https:\/\/www.mpppst.gob.ve\/mpppstweb\/wp-content\/uploads\/2021\/05\/pesca-768x427-1.jpg\",\"datePublished\":\"2021-05-26T11:22:10+00:00\",\"dateModified\":\"2021-05-26T11:22:11+00:00\",\"breadcrumb\":{\"@id\":\"https:\/\/www.mpppst.gob.ve\/mpppstweb\/index.php\/2021\/05\/26\/chamba-juvenil-pesquero-y-acuicola-impulsa-la-formacion-academica-integral-de-250-jovenes\/#breadcrumb\"},\"inLanguage\":\"es\",\"potentialAction\":[{\"@type\":\"ReadAction\",\"target\":[\"https:\/\/www.mpppst.gob.ve\/mpppstweb\/index.php\/2021\/05\/26\/chamba-juvenil-pesquero-y-acuicola-impulsa-la-formacion-academica-integral-de-250-jovenes\/\"]}]},{\"@type\":\"ImageObject\",\"inLanguage\":\"es\",\"@id\":\"https:\/\/www.mpppst.gob.ve\/mpppstweb\/index.php\/2021\/05\/26\/chamba-juvenil-pesquero-y-acuicola-impulsa-la-formacion-academica-integral-de-250-jovenes\/#primaryimage\",\"url\":\"https:\/\/www.mpppst.gob.ve\/mpppstweb\/wp-content\/uploads\/2021\/05\/pesca-768x427-1.jpg\",\"contentUrl\":\"https:\/\/www.mpppst.gob.ve\/mpppstweb\/wp-content\/uploads\/2021\/05\/pesca-768x427-1.jpg\",\"width\":768,\"height\":427},{\"@type\":\"BreadcrumbList\",\"@id\":\"https:\/\/www.mpppst.gob.ve\/mpppstweb\/index.php\/2021\/05\/26\/chamba-juvenil-pesquero-y-acuicola-impulsa-la-formacion-academica-integral-de-250-jovenes\/#breadcrumb\",\"itemListElement\":[{\"@type\":\"ListItem\",\"position\":1,\"name\":\"Home\",\"item\":\"https:\/\/www.mpppst.gob.ve\/mpppstweb\/\"},{\"@type\":\"ListItem\",\"position\":2,\"name\":\"Chamba Juvenil Pesquero y Acu\u00edcola impulsa la formaci\u00f3n acad\u00e9mica integral de 250 j\u00f3venes\"}]},{\"@type\":\"WebSite\",\"@id\":\"https:\/\/www.mpppst.gob.ve\/mpppstweb\/#website\",\"url\":\"https:\/\/www.mpppst.gob.ve\/mpppstweb\/\",\"name\":\"MPPPST\",\"description\":\"Ministerio del Poder Popular para el Proceso Social de Trabajo\",\"publisher\":{\"@id\":\"https:\/\/www.mpppst.gob.ve\/mpppstweb\/#organization\"},\"potentialAction\":[{\"@type\":\"SearchAction\",\"target\":{\"@type\":\"EntryPoint\",\"urlTemplate\":\"https:\/\/www.mpppst.gob.ve\/mpppstweb\/?s={search_term_string}\"},\"query-input\":\"required name=search_term_string\"}],\"inLanguage\":\"es\"},{\"@type\":\"Organization\",\"@id\":\"https:\/\/www.mpppst.gob.ve\/mpppstweb\/#organization\",\"name\":\"mpppst\",\"url\":\"https:\/\/www.mpppst.gob.ve\/mpppstweb\/\",\"logo\":{\"@type\":\"ImageObject\",\"inLanguage\":\"es\",\"@id\":\"https:\/\/www.mpppst.gob.ve\/mpppstweb\/#\/schema\/logo\/image\/\",\"url\":\"https:\/\/www.mpppst.gob.ve\/mpppstweb\/wp-content\/uploads\/2025\/07\/cropped-cropped-g910.png\",\"contentUrl\":\"https:\/\/www.mpppst.gob.ve\/mpppstweb\/wp-content\/uploads\/2025\/07\/cropped-cropped-g910.png\",\"width\":1080,\"height\":241,\"caption\":\"mpppst\"},\"image\":{\"@id\":\"https:\/\/www.mpppst.gob.ve\/mpppstweb\/#\/schema\/logo\/image\/\"}},{\"@type\":\"Person\",\"@id\":\"https:\/\/www.mpppst.gob.ve\/mpppstweb\/#\/schema\/person\/fc187ee8ead412bd4c9304b62f900ea4\",\"name\":\"MPPPST Prensa\",\"url\":\"https:\/\/www.mpppst.gob.ve\/mpppstweb\/index.php\/author\/prensa-mpppst\/\"}]}<\/script>\n<!-- \/ Yoast SEO plugin. -->","yoast_head_json":{"title":"Chamba Juvenil Pesquero y Acu\u00edcola impulsa la formaci\u00f3n acad\u00e9mica integral de 250 j\u00f3venes - MPPPST","robots":{"index":"index","follow":"follow","max-snippet":"max-snippet:-1","max-image-preview":"max-image-preview:large","max-video-preview":"max-video-preview:-1"},"canonical":"https:\/\/www.mpppst.gob.ve\/mpppstweb\/index.php\/2021\/05\/26\/chamba-juvenil-pesquero-y-acuicola-impulsa-la-formacion-academica-integral-de-250-jovenes\/","og_locale":"es_ES","og_type":"article","og_title":"Chamba Juvenil Pesquero y Acu\u00edcola impulsa la formaci\u00f3n acad\u00e9mica integral de 250 j\u00f3venes - MPPPST","og_description":"Un total de 250 j\u00f3venes pescadores de la patria participar\u00e1n en la primera fase del curso &hellip; Chamba Juvenil Pesquero y Acu\u00edcola impulsa la formaci\u00f3n acad\u00e9mica integral de 250 j\u00f3venesRead more","og_url":"https:\/\/www.mpppst.gob.ve\/mpppstweb\/index.php\/2021\/05\/26\/chamba-juvenil-pesquero-y-acuicola-impulsa-la-formacion-academica-integral-de-250-jovenes\/","og_site_name":"MPPPST","article_published_time":"2021-05-26T11:22:10+00:00","article_modified_time":"2021-05-26T11:22:11+00:00","og_image":[{"width":768,"height":427,"url":"https:\/\/www.mpppst.gob.ve\/mpppstweb\/wp-content\/uploads\/2021\/05\/pesca-768x427-1.jpg","type":"image\/jpeg"}],"author":"MPPPST Prensa","twitter_card":"summary_large_image","twitter_misc":{"Escrito por":"MPPPST Prensa","Tiempo de lectura":"1 minuto"},"schema":{"@context":"https:\/\/schema.org","@graph":[{"@type":"Article","@id":"https:\/\/www.mpppst.gob.ve\/mpppstweb\/index.php\/2021\/05\/26\/chamba-juvenil-pesquero-y-acuicola-impulsa-la-formacion-academica-integral-de-250-jovenes\/#article","isPartOf":{"@id":"https:\/\/www.mpppst.gob.ve\/mpppstweb\/index.php\/2021\/05\/26\/chamba-juvenil-pesquero-y-acuicola-impulsa-la-formacion-academica-integral-de-250-jovenes\/"},"author":{"name":"MPPPST Prensa","@id":"https:\/\/www.mpppst.gob.ve\/mpppstweb\/#\/schema\/person\/fc187ee8ead412bd4c9304b62f900ea4"},"headline":"Chamba Juvenil Pesquero y Acu\u00edcola impulsa la formaci\u00f3n acad\u00e9mica integral de 250 j\u00f3venes","datePublished":"2021-05-26T11:22:10+00:00","dateModified":"2021-05-26T11:22:11+00:00","mainEntityOfPage":{"@id":"https:\/\/www.mpppst.gob.ve\/mpppstweb\/index.php\/2021\/05\/26\/chamba-juvenil-pesquero-y-acuicola-impulsa-la-formacion-academica-integral-de-250-jovenes\/"},"wordCount":212,"publisher":{"@id":"https:\/\/www.mpppst.gob.ve\/mpppstweb\/#organization"},"image":{"@id":"https:\/\/www.mpppst.gob.ve\/mpppstweb\/index.php\/2021\/05\/26\/chamba-juvenil-pesquero-y-acuicola-impulsa-la-formacion-academica-integral-de-250-jovenes\/#primaryimage"},"thumbnailUrl":"https:\/\/www.mpppst.gob.ve\/mpppstweb\/wp-content\/uploads\/2021\/05\/pesca-768x427-1.jpg","articleSection":["Gobierno Nacional","Noticias"],"inLanguage":"es"},{"@type":"WebPage","@id":"https:\/\/www.mpppst.gob.ve\/mpppstweb\/index.php\/2021\/05\/26\/chamba-juvenil-pesquero-y-acuicola-impulsa-la-formacion-academica-integral-de-250-jovenes\/","url":"https:\/\/www.mpppst.gob.ve\/mpppstweb\/index.php\/2021\/05\/26\/chamba-juvenil-pesquero-y-acuicola-impulsa-la-formacion-academica-integral-de-250-jovenes\/","name":"Chamba Juvenil Pesquero y Acu\u00edcola impulsa la formaci\u00f3n acad\u00e9mica integral de 250 j\u00f3venes - MPPPST","isPartOf":{"@id":"https:\/\/www.mpppst.gob.ve\/mpppstweb\/#website"},"primaryImageOfPage":{"@id":"https:\/\/www.mpppst.gob.ve\/mpppstweb\/index.php\/2021\/05\/26\/chamba-juvenil-pesquero-y-acuicola-impulsa-la-formacion-academica-integral-de-250-jovenes\/#primaryimage"},"image":{"@id":"https:\/\/www.mpppst.gob.ve\/mpppstweb\/index.php\/2021\/05\/26\/chamba-juvenil-pesquero-y-acuicola-impulsa-la-formacion-academica-integral-de-250-jovenes\/#primaryimage"},"thumbnailUrl":"https:\/\/www.mpppst.gob.ve\/mpppstweb\/wp-content\/uploads\/2021\/05\/pesca-768x427-1.jpg","datePublished":"2021-05-26T11:22:10+00:00","dateModified":"2021-05-26T11:22:11+00:00","breadcrumb":{"@id":"https:\/\/www.mpppst.gob.ve\/mpppstweb\/index.php\/2021\/05\/26\/chamba-juvenil-pesquero-y-acuicola-impulsa-la-formacion-academica-integral-de-250-jovenes\/#breadcrumb"},"inLanguage":"es","potentialAction":[{"@type":"ReadAction","target":["https:\/\/www.mpppst.gob.ve\/mpppstweb\/index.php\/2021\/05\/26\/chamba-juvenil-pesquero-y-acuicola-impulsa-la-formacion-academica-integral-de-250-jovenes\/"]}]},{"@type":"ImageObject","inLanguage":"es","@id":"https:\/\/www.mpppst.gob.ve\/mpppstweb\/index.php\/2021\/05\/26\/chamba-juvenil-pesquero-y-acuicola-impulsa-la-formacion-academica-integral-de-250-jovenes\/#primaryimage","url":"https:\/\/www.mpppst.gob.ve\/mpppstweb\/wp-content\/uploads\/2021\/05\/pesca-768x427-1.jpg","contentUrl":"https:\/\/www.mpppst.gob.ve\/mpppstweb\/wp-content\/uploads\/2021\/05\/pesca-768x427-1.jpg","width":768,"height":427},{"@type":"BreadcrumbList","@id":"https:\/\/www.mpppst.gob.ve\/mpppstweb\/index.php\/2021\/05\/26\/chamba-juvenil-pesquero-y-acuicola-impulsa-la-formacion-academica-integral-de-250-jovenes\/#breadcrumb","itemListElement":[{"@type":"ListItem","position":1,"name":"Home","item":"https:\/\/www.mpppst.gob.ve\/mpppstweb\/"},{"@type":"ListItem","position":2,"name":"Chamba Juvenil Pesquero y Acu\u00edcola impulsa la formaci\u00f3n acad\u00e9mica integral de 250 j\u00f3venes"}]},{"@type":"WebSite","@id":"https:\/\/www.mpppst.gob.ve\/mpppstweb\/#website","url":"https:\/\/www.mpppst.gob.ve\/mpppstweb\/","name":"MPPPST","description":"Ministerio del Poder Popular para el Proceso Social de Trabajo","publisher":{"@id":"https:\/\/www.mpppst.gob.ve\/mpppstweb\/#organization"},"potentialAction":[{"@type":"SearchAction","target":{"@type":"EntryPoint","urlTemplate":"https:\/\/www.mpppst.gob.ve\/mpppstweb\/?s={search_term_string}"},"query-input":"required name=search_term_string"}],"inLanguage":"es"},{"@type":"Organization","@id":"https:\/\/www.mpppst.gob.ve\/mpppstweb\/#organization","name":"mpppst","url":"https:\/\/www.mpppst.gob.ve\/mpppstweb\/","logo":{"@type":"ImageObject","inLanguage":"es","@id":"https:\/\/www.mpppst.gob.ve\/mpppstweb\/#\/schema\/logo\/image\/","url":"https:\/\/www.mpppst.gob.ve\/mpppstweb\/wp-content\/uploads\/2025\/07\/cropped-cropped-g910.png","contentUrl":"https:\/\/www.mpppst.gob.ve\/mpppstweb\/wp-content\/uploads\/2025\/07\/cropped-cropped-g910.png","width":1080,"height":241,"caption":"mpppst"},"image":{"@id":"https:\/\/www.mpppst.gob.ve\/mpppstweb\/#\/schema\/logo\/image\/"}},{"@type":"Person","@id":"https:\/\/www.mpppst.gob.ve\/mpppstweb\/#\/schema\/person\/fc187ee8ead412bd4c9304b62f900ea4","name":"MPPPST Prensa","url":"https:\/\/www.mpppst.gob.ve\/mpppstweb\/index.php\/author\/prensa-mpppst\/"}]}},"_links":{"self":[{"href":"https:\/\/www.mpppst.gob.ve\/mpppstweb\/index.php\/wp-json\/wp\/v2\/posts\/22402"}],"collection":[{"href":"https:\/\/www.mpppst.gob.ve\/mpppstweb\/index.php\/wp-json\/wp\/v2\/posts"}],"about":[{"href":"https:\/\/www.mpppst.gob.ve\/mpppstweb\/index.php\/wp-json\/wp\/v2\/types\/post"}],"author":[{"embeddable":true,"href":"https:\/\/www.mpppst.gob.ve\/mpppstweb\/index.php\/wp-json\/wp\/v2\/users\/25"}],"replies":[{"embeddable":true,"href":"https:\/\/www.mpppst.gob.ve\/mpppstweb\/index.php\/wp-json\/wp\/v2\/comments?post=22402"}],"version-history":[{"count":1,"href":"https:\/\/www.mpppst.gob.ve\/mpppstweb\/index.php\/wp-json\/wp\/v2\/posts\/22402\/revisions"}],"predecessor-version":[{"id":22404,"href":"https:\/\/www.mpppst.gob.ve\/mpppstweb\/index.php\/wp-json\/wp\/v2\/posts\/22402\/revisions\/22404"}],"wp:featuredmedia":[{"embeddable":true,"href":"https:\/\/www.mpppst.gob.ve\/mpppstweb\/index.php\/wp-json\/wp\/v2\/media\/22403"}],"wp:attachment":[{"href":"https:\/\/www.mpppst.gob.ve\/mpppstweb\/index.php\/wp-json\/wp\/v2\/media?parent=22402"}],"wp:term":[{"taxonomy":"category","embeddable":true,"href":"https:\/\/www.mpppst.gob.ve\/mpppstweb\/index.php\/wp-json\/wp\/v2\/categories?post=22402"},{"taxonomy":"post_tag","embeddable":true,"href":"https:\/\/www.mpppst.gob.ve\/mpppstweb\/index.php\/wp-json\/wp\/v2\/tags?post=22402"}],"curies":[{"name":"wp","href":"https:\/\/api.w.org\/{rel}","templated":true}]}}