{"id":22405,"date":"2021-05-26T07:24:30","date_gmt":"2021-05-26T11:24:30","guid":{"rendered":"http:\/\/www.mpppst.gob.ve\/mpppstweb\/?p=22405"},"modified":"2021-05-26T07:24:31","modified_gmt":"2021-05-26T11:24:31","slug":"estudiantes-de-escuelas-tecnicas-impulsan-el-desarrollo-sociolaboral-en-merida","status":"publish","type":"post","link":"https:\/\/www.mpppst.gob.ve\/mpppstweb\/index.php\/2021\/05\/26\/estudiantes-de-escuelas-tecnicas-impulsan-el-desarrollo-sociolaboral-en-merida\/","title":{"rendered":"Estudiantes de Escuelas T\u00e9cnicas impulsan el desarrollo sociolaboral en M\u00e9rida"},"content":{"rendered":"\n<p>\u201cA trav\u00e9s del Plan Nacional Cada Familia una Escuela los estudiantes del 6to a\u00f1o de Educaci\u00f3n Media T\u00e9cnica impulsamos el desarrollo sociolaboral en liceos del estado M\u00e9rida\u201d, destac\u00f3 este martes el estudiante de 6to a\u00f1o de la Escuela T\u00e9cnica Robinsoniana \u201cManuel Antonio Pulido M\u00e9ndez, Albert Torres.<\/p>\n\n\n\n<p>En este sentido, Torres explic\u00f3 que su experiencia como estudiante de la especialidad de Taller de M\u00e1quinas y Herramientas, le ha permitido fabricar \u201cpiezas cil\u00edndricas, acanaladas, c\u00f3nicas, roscas gruesas y finas, lo que representa un gran aporte para las comunidades y nuestra inclusi\u00f3n en el campo laboral\u201d.<\/p>\n\n\n\n<p>Por su parte, el jefe de Zona Educativa del estado M\u00e9rida, Nelson Ruiz, apunt\u00f3 que la vinculaci\u00f3n socio laboral que se viene desarrollando en cada una de las Escuelas Tecnicas del territorio meride\u00f1o, han permitido el desarrollo de los conocimientos, lo que nos ha permitido tener la \u201caceptaci\u00f3n de nuestros estudiantes en las empresas del estado, somos formadores y hacia ello vamos\u201d.<\/p>\n\n\n\n<p>VTV<\/p>\n","protected":false},"excerpt":{"rendered":"<p>\u201cA trav\u00e9s del Plan Nacional Cada Familia una Escuela los estudiantes del 6to a\u00f1o de Educaci\u00f3n &hellip; <a title=\"Estudiantes de Escuelas T\u00e9cnicas impulsan el desarrollo sociolaboral en M\u00e9rida\" class=\"hm-read-more\" href=\"https:\/\/www.mpppst.gob.ve\/mpppstweb\/index.php\/2021\/05\/26\/estudiantes-de-escuelas-tecnicas-impulsan-el-desarrollo-sociolaboral-en-merida\/\"><span class=\"screen-reader-text\">Estudiantes de Escuelas T\u00e9cnicas impulsan el desarrollo sociolaboral en M\u00e9rida<\/span>Read more<\/a><\/p>\n","protected":false},"author":25,"featured_media":22406,"comment_status":"closed","ping_status":"closed","sticky":false,"template":"","format":"standard","meta":{"footnotes":""},"categories":[82,163],"tags":[],"yoast_head":"<!-- This site is optimized with the Yoast SEO plugin v22.5 - https:\/\/yoast.com\/wordpress\/plugins\/seo\/ -->\n<title>Estudiantes de Escuelas T\u00e9cnicas impulsan el desarrollo sociolaboral en M\u00e9rida - MPPPST<\/title>\n<meta name=\"robots\" content=\"index, follow, max-snippet:-1, max-image-preview:large, max-video-preview:-1\" \/>\n<link rel=\"canonical\" href=\"https:\/\/www.mpppst.gob.ve\/mpppstweb\/index.php\/2021\/05\/26\/estudiantes-de-escuelas-tecnicas-impulsan-el-desarrollo-sociolaboral-en-merida\/\" \/>\n<meta property=\"og:locale\" content=\"es_ES\" \/>\n<meta property=\"og:type\" content=\"article\" \/>\n<meta property=\"og:title\" content=\"Estudiantes de Escuelas T\u00e9cnicas impulsan el desarrollo sociolaboral en M\u00e9rida - MPPPST\" \/>\n<meta property=\"og:description\" content=\"\u201cA trav\u00e9s del Plan Nacional Cada Familia una Escuela los estudiantes del 6to a\u00f1o de Educaci\u00f3n &hellip; Estudiantes de Escuelas T\u00e9cnicas impulsan el desarrollo sociolaboral en M\u00e9ridaRead more\" \/>\n<meta property=\"og:url\" content=\"https:\/\/www.mpppst.gob.ve\/mpppstweb\/index.php\/2021\/05\/26\/estudiantes-de-escuelas-tecnicas-impulsan-el-desarrollo-sociolaboral-en-merida\/\" \/>\n<meta property=\"og:site_name\" content=\"MPPPST\" \/>\n<meta property=\"article:published_time\" content=\"2021-05-26T11:24:30+00:00\" \/>\n<meta property=\"article:modified_time\" content=\"2021-05-26T11:24:31+00:00\" \/>\n<meta property=\"og:image\" content=\"https:\/\/www.mpppst.gob.ve\/mpppstweb\/wp-content\/uploads\/2021\/05\/WhatsApp-Image-2021-05-25-at-16.26.52-768x427-1.jpeg\" \/>\n\t<meta property=\"og:image:width\" content=\"768\" \/>\n\t<meta property=\"og:image:height\" content=\"427\" \/>\n\t<meta property=\"og:image:type\" content=\"image\/jpeg\" \/>\n<meta name=\"author\" content=\"MPPPST Prensa\" \/>\n<meta name=\"twitter:card\" content=\"summary_large_image\" \/>\n<meta name=\"twitter:label1\" content=\"Escrito por\" \/>\n\t<meta name=\"twitter:data1\" content=\"MPPPST Prensa\" \/>\n\t<meta name=\"twitter:label2\" content=\"Tiempo de lectura\" \/>\n\t<meta name=\"twitter:data2\" content=\"1 minuto\" \/>\n<script type=\"application\/ld+json\" class=\"yoast-schema-graph\">{\"@context\":\"https:\/\/schema.org\",\"@graph\":[{\"@type\":\"Article\",\"@id\":\"https:\/\/www.mpppst.gob.ve\/mpppstweb\/index.php\/2021\/05\/26\/estudiantes-de-escuelas-tecnicas-impulsan-el-desarrollo-sociolaboral-en-merida\/#article\",\"isPartOf\":{\"@id\":\"https:\/\/www.mpppst.gob.ve\/mpppstweb\/index.php\/2021\/05\/26\/estudiantes-de-escuelas-tecnicas-impulsan-el-desarrollo-sociolaboral-en-merida\/\"},\"author\":{\"name\":\"MPPPST Prensa\",\"@id\":\"https:\/\/www.mpppst.gob.ve\/mpppstweb\/#\/schema\/person\/fc187ee8ead412bd4c9304b62f900ea4\"},\"headline\":\"Estudiantes de Escuelas T\u00e9cnicas impulsan el desarrollo sociolaboral en M\u00e9rida\",\"datePublished\":\"2021-05-26T11:24:30+00:00\",\"dateModified\":\"2021-05-26T11:24:31+00:00\",\"mainEntityOfPage\":{\"@id\":\"https:\/\/www.mpppst.gob.ve\/mpppstweb\/index.php\/2021\/05\/26\/estudiantes-de-escuelas-tecnicas-impulsan-el-desarrollo-sociolaboral-en-merida\/\"},\"wordCount\":184,\"publisher\":{\"@id\":\"https:\/\/www.mpppst.gob.ve\/mpppstweb\/#organization\"},\"image\":{\"@id\":\"https:\/\/www.mpppst.gob.ve\/mpppstweb\/index.php\/2021\/05\/26\/estudiantes-de-escuelas-tecnicas-impulsan-el-desarrollo-sociolaboral-en-merida\/#primaryimage\"},\"thumbnailUrl\":\"https:\/\/www.mpppst.gob.ve\/mpppstweb\/wp-content\/uploads\/2021\/05\/WhatsApp-Image-2021-05-25-at-16.26.52-768x427-1.jpeg\",\"articleSection\":[\"Gobierno Nacional\",\"Noticias\"],\"inLanguage\":\"es\"},{\"@type\":\"WebPage\",\"@id\":\"https:\/\/www.mpppst.gob.ve\/mpppstweb\/index.php\/2021\/05\/26\/estudiantes-de-escuelas-tecnicas-impulsan-el-desarrollo-sociolaboral-en-merida\/\",\"url\":\"https:\/\/www.mpppst.gob.ve\/mpppstweb\/index.php\/2021\/05\/26\/estudiantes-de-escuelas-tecnicas-impulsan-el-desarrollo-sociolaboral-en-merida\/\",\"name\":\"Estudiantes de Escuelas T\u00e9cnicas impulsan el desarrollo sociolaboral en M\u00e9rida - MPPPST\",\"isPartOf\":{\"@id\":\"https:\/\/www.mpppst.gob.ve\/mpppstweb\/#website\"},\"primaryImageOfPage\":{\"@id\":\"https:\/\/www.mpppst.gob.ve\/mpppstweb\/index.php\/2021\/05\/26\/estudiantes-de-escuelas-tecnicas-impulsan-el-desarrollo-sociolaboral-en-merida\/#primaryimage\"},\"image\":{\"@id\":\"https:\/\/www.mpppst.gob.ve\/mpppstweb\/index.php\/2021\/05\/26\/estudiantes-de-escuelas-tecnicas-impulsan-el-desarrollo-sociolaboral-en-merida\/#primaryimage\"},\"thumbnailUrl\":\"https:\/\/www.mpppst.gob.ve\/mpppstweb\/wp-content\/uploads\/2021\/05\/WhatsApp-Image-2021-05-25-at-16.26.52-768x427-1.jpeg\",\"datePublished\":\"2021-05-26T11:24:30+00:00\",\"dateModified\":\"2021-05-26T11:24:31+00:00\",\"breadcrumb\":{\"@id\":\"https:\/\/www.mpppst.gob.ve\/mpppstweb\/index.php\/2021\/05\/26\/estudiantes-de-escuelas-tecnicas-impulsan-el-desarrollo-sociolaboral-en-merida\/#breadcrumb\"},\"inLanguage\":\"es\",\"potentialAction\":[{\"@type\":\"ReadAction\",\"target\":[\"https:\/\/www.mpppst.gob.ve\/mpppstweb\/index.php\/2021\/05\/26\/estudiantes-de-escuelas-tecnicas-impulsan-el-desarrollo-sociolaboral-en-merida\/\"]}]},{\"@type\":\"ImageObject\",\"inLanguage\":\"es\",\"@id\":\"https:\/\/www.mpppst.gob.ve\/mpppstweb\/index.php\/2021\/05\/26\/estudiantes-de-escuelas-tecnicas-impulsan-el-desarrollo-sociolaboral-en-merida\/#primaryimage\",\"url\":\"https:\/\/www.mpppst.gob.ve\/mpppstweb\/wp-content\/uploads\/2021\/05\/WhatsApp-Image-2021-05-25-at-16.26.52-768x427-1.jpeg\",\"contentUrl\":\"https:\/\/www.mpppst.gob.ve\/mpppstweb\/wp-content\/uploads\/2021\/05\/WhatsApp-Image-2021-05-25-at-16.26.52-768x427-1.jpeg\",\"width\":768,\"height\":427},{\"@type\":\"BreadcrumbList\",\"@id\":\"https:\/\/www.mpppst.gob.ve\/mpppstweb\/index.php\/2021\/05\/26\/estudiantes-de-escuelas-tecnicas-impulsan-el-desarrollo-sociolaboral-en-merida\/#breadcrumb\",\"itemListElement\":[{\"@type\":\"ListItem\",\"position\":1,\"name\":\"Home\",\"item\":\"https:\/\/www.mpppst.gob.ve\/mpppstweb\/\"},{\"@type\":\"ListItem\",\"position\":2,\"name\":\"Estudiantes de Escuelas T\u00e9cnicas impulsan el desarrollo sociolaboral en M\u00e9rida\"}]},{\"@type\":\"WebSite\",\"@id\":\"https:\/\/www.mpppst.gob.ve\/mpppstweb\/#website\",\"url\":\"https:\/\/www.mpppst.gob.ve\/mpppstweb\/\",\"name\":\"MPPPST\",\"description\":\"Ministerio del Poder Popular para el Proceso Social de Trabajo\",\"publisher\":{\"@id\":\"https:\/\/www.mpppst.gob.ve\/mpppstweb\/#organization\"},\"potentialAction\":[{\"@type\":\"SearchAction\",\"target\":{\"@type\":\"EntryPoint\",\"urlTemplate\":\"https:\/\/www.mpppst.gob.ve\/mpppstweb\/?s={search_term_string}\"},\"query-input\":\"required name=search_term_string\"}],\"inLanguage\":\"es\"},{\"@type\":\"Organization\",\"@id\":\"https:\/\/www.mpppst.gob.ve\/mpppstweb\/#organization\",\"name\":\"mpppst\",\"url\":\"https:\/\/www.mpppst.gob.ve\/mpppstweb\/\",\"logo\":{\"@type\":\"ImageObject\",\"inLanguage\":\"es\",\"@id\":\"https:\/\/www.mpppst.gob.ve\/mpppstweb\/#\/schema\/logo\/image\/\",\"url\":\"https:\/\/www.mpppst.gob.ve\/mpppstweb\/wp-content\/uploads\/2025\/07\/cropped-cropped-g910.png\",\"contentUrl\":\"https:\/\/www.mpppst.gob.ve\/mpppstweb\/wp-content\/uploads\/2025\/07\/cropped-cropped-g910.png\",\"width\":1080,\"height\":241,\"caption\":\"mpppst\"},\"image\":{\"@id\":\"https:\/\/www.mpppst.gob.ve\/mpppstweb\/#\/schema\/logo\/image\/\"}},{\"@type\":\"Person\",\"@id\":\"https:\/\/www.mpppst.gob.ve\/mpppstweb\/#\/schema\/person\/fc187ee8ead412bd4c9304b62f900ea4\",\"name\":\"MPPPST Prensa\",\"url\":\"https:\/\/www.mpppst.gob.ve\/mpppstweb\/index.php\/author\/prensa-mpppst\/\"}]}<\/script>\n<!-- \/ Yoast SEO plugin. -->","yoast_head_json":{"title":"Estudiantes de Escuelas T\u00e9cnicas impulsan el desarrollo sociolaboral en M\u00e9rida - MPPPST","robots":{"index":"index","follow":"follow","max-snippet":"max-snippet:-1","max-image-preview":"max-image-preview:large","max-video-preview":"max-video-preview:-1"},"canonical":"https:\/\/www.mpppst.gob.ve\/mpppstweb\/index.php\/2021\/05\/26\/estudiantes-de-escuelas-tecnicas-impulsan-el-desarrollo-sociolaboral-en-merida\/","og_locale":"es_ES","og_type":"article","og_title":"Estudiantes de Escuelas T\u00e9cnicas impulsan el desarrollo sociolaboral en M\u00e9rida - MPPPST","og_description":"\u201cA trav\u00e9s del Plan Nacional Cada Familia una Escuela los estudiantes del 6to a\u00f1o de Educaci\u00f3n &hellip; Estudiantes de Escuelas T\u00e9cnicas impulsan el desarrollo sociolaboral en M\u00e9ridaRead more","og_url":"https:\/\/www.mpppst.gob.ve\/mpppstweb\/index.php\/2021\/05\/26\/estudiantes-de-escuelas-tecnicas-impulsan-el-desarrollo-sociolaboral-en-merida\/","og_site_name":"MPPPST","article_published_time":"2021-05-26T11:24:30+00:00","article_modified_time":"2021-05-26T11:24:31+00:00","og_image":[{"width":768,"height":427,"url":"https:\/\/www.mpppst.gob.ve\/mpppstweb\/wp-content\/uploads\/2021\/05\/WhatsApp-Image-2021-05-25-at-16.26.52-768x427-1.jpeg","type":"image\/jpeg"}],"author":"MPPPST Prensa","twitter_card":"summary_large_image","twitter_misc":{"Escrito por":"MPPPST Prensa","Tiempo de lectura":"1 minuto"},"schema":{"@context":"https:\/\/schema.org","@graph":[{"@type":"Article","@id":"https:\/\/www.mpppst.gob.ve\/mpppstweb\/index.php\/2021\/05\/26\/estudiantes-de-escuelas-tecnicas-impulsan-el-desarrollo-sociolaboral-en-merida\/#article","isPartOf":{"@id":"https:\/\/www.mpppst.gob.ve\/mpppstweb\/index.php\/2021\/05\/26\/estudiantes-de-escuelas-tecnicas-impulsan-el-desarrollo-sociolaboral-en-merida\/"},"author":{"name":"MPPPST Prensa","@id":"https:\/\/www.mpppst.gob.ve\/mpppstweb\/#\/schema\/person\/fc187ee8ead412bd4c9304b62f900ea4"},"headline":"Estudiantes de Escuelas T\u00e9cnicas impulsan el desarrollo sociolaboral en M\u00e9rida","datePublished":"2021-05-26T11:24:30+00:00","dateModified":"2021-05-26T11:24:31+00:00","mainEntityOfPage":{"@id":"https:\/\/www.mpppst.gob.ve\/mpppstweb\/index.php\/2021\/05\/26\/estudiantes-de-escuelas-tecnicas-impulsan-el-desarrollo-sociolaboral-en-merida\/"},"wordCount":184,"publisher":{"@id":"https:\/\/www.mpppst.gob.ve\/mpppstweb\/#organization"},"image":{"@id":"https:\/\/www.mpppst.gob.ve\/mpppstweb\/index.php\/2021\/05\/26\/estudiantes-de-escuelas-tecnicas-impulsan-el-desarrollo-sociolaboral-en-merida\/#primaryimage"},"thumbnailUrl":"https:\/\/www.mpppst.gob.ve\/mpppstweb\/wp-content\/uploads\/2021\/05\/WhatsApp-Image-2021-05-25-at-16.26.52-768x427-1.jpeg","articleSection":["Gobierno Nacional","Noticias"],"inLanguage":"es"},{"@type":"WebPage","@id":"https:\/\/www.mpppst.gob.ve\/mpppstweb\/index.php\/2021\/05\/26\/estudiantes-de-escuelas-tecnicas-impulsan-el-desarrollo-sociolaboral-en-merida\/","url":"https:\/\/www.mpppst.gob.ve\/mpppstweb\/index.php\/2021\/05\/26\/estudiantes-de-escuelas-tecnicas-impulsan-el-desarrollo-sociolaboral-en-merida\/","name":"Estudiantes de Escuelas T\u00e9cnicas impulsan el desarrollo sociolaboral en M\u00e9rida - MPPPST","isPartOf":{"@id":"https:\/\/www.mpppst.gob.ve\/mpppstweb\/#website"},"primaryImageOfPage":{"@id":"https:\/\/www.mpppst.gob.ve\/mpppstweb\/index.php\/2021\/05\/26\/estudiantes-de-escuelas-tecnicas-impulsan-el-desarrollo-sociolaboral-en-merida\/#primaryimage"},"image":{"@id":"https:\/\/www.mpppst.gob.ve\/mpppstweb\/index.php\/2021\/05\/26\/estudiantes-de-escuelas-tecnicas-impulsan-el-desarrollo-sociolaboral-en-merida\/#primaryimage"},"thumbnailUrl":"https:\/\/www.mpppst.gob.ve\/mpppstweb\/wp-content\/uploads\/2021\/05\/WhatsApp-Image-2021-05-25-at-16.26.52-768x427-1.jpeg","datePublished":"2021-05-26T11:24:30+00:00","dateModified":"2021-05-26T11:24:31+00:00","breadcrumb":{"@id":"https:\/\/www.mpppst.gob.ve\/mpppstweb\/index.php\/2021\/05\/26\/estudiantes-de-escuelas-tecnicas-impulsan-el-desarrollo-sociolaboral-en-merida\/#breadcrumb"},"inLanguage":"es","potentialAction":[{"@type":"ReadAction","target":["https:\/\/www.mpppst.gob.ve\/mpppstweb\/index.php\/2021\/05\/26\/estudiantes-de-escuelas-tecnicas-impulsan-el-desarrollo-sociolaboral-en-merida\/"]}]},{"@type":"ImageObject","inLanguage":"es","@id":"https:\/\/www.mpppst.gob.ve\/mpppstweb\/index.php\/2021\/05\/26\/estudiantes-de-escuelas-tecnicas-impulsan-el-desarrollo-sociolaboral-en-merida\/#primaryimage","url":"https:\/\/www.mpppst.gob.ve\/mpppstweb\/wp-content\/uploads\/2021\/05\/WhatsApp-Image-2021-05-25-at-16.26.52-768x427-1.jpeg","contentUrl":"https:\/\/www.mpppst.gob.ve\/mpppstweb\/wp-content\/uploads\/2021\/05\/WhatsApp-Image-2021-05-25-at-16.26.52-768x427-1.jpeg","width":768,"height":427},{"@type":"BreadcrumbList","@id":"https:\/\/www.mpppst.gob.ve\/mpppstweb\/index.php\/2021\/05\/26\/estudiantes-de-escuelas-tecnicas-impulsan-el-desarrollo-sociolaboral-en-merida\/#breadcrumb","itemListElement":[{"@type":"ListItem","position":1,"name":"Home","item":"https:\/\/www.mpppst.gob.ve\/mpppstweb\/"},{"@type":"ListItem","position":2,"name":"Estudiantes de Escuelas T\u00e9cnicas impulsan el desarrollo sociolaboral en M\u00e9rida"}]},{"@type":"WebSite","@id":"https:\/\/www.mpppst.gob.ve\/mpppstweb\/#website","url":"https:\/\/www.mpppst.gob.ve\/mpppstweb\/","name":"MPPPST","description":"Ministerio del Poder Popular para el Proceso Social de Trabajo","publisher":{"@id":"https:\/\/www.mpppst.gob.ve\/mpppstweb\/#organization"},"potentialAction":[{"@type":"SearchAction","target":{"@type":"EntryPoint","urlTemplate":"https:\/\/www.mpppst.gob.ve\/mpppstweb\/?s={search_term_string}"},"query-input":"required name=search_term_string"}],"inLanguage":"es"},{"@type":"Organization","@id":"https:\/\/www.mpppst.gob.ve\/mpppstweb\/#organization","name":"mpppst","url":"https:\/\/www.mpppst.gob.ve\/mpppstweb\/","logo":{"@type":"ImageObject","inLanguage":"es","@id":"https:\/\/www.mpppst.gob.ve\/mpppstweb\/#\/schema\/logo\/image\/","url":"https:\/\/www.mpppst.gob.ve\/mpppstweb\/wp-content\/uploads\/2025\/07\/cropped-cropped-g910.png","contentUrl":"https:\/\/www.mpppst.gob.ve\/mpppstweb\/wp-content\/uploads\/2025\/07\/cropped-cropped-g910.png","width":1080,"height":241,"caption":"mpppst"},"image":{"@id":"https:\/\/www.mpppst.gob.ve\/mpppstweb\/#\/schema\/logo\/image\/"}},{"@type":"Person","@id":"https:\/\/www.mpppst.gob.ve\/mpppstweb\/#\/schema\/person\/fc187ee8ead412bd4c9304b62f900ea4","name":"MPPPST Prensa","url":"https:\/\/www.mpppst.gob.ve\/mpppstweb\/index.php\/author\/prensa-mpppst\/"}]}},"_links":{"self":[{"href":"https:\/\/www.mpppst.gob.ve\/mpppstweb\/index.php\/wp-json\/wp\/v2\/posts\/22405"}],"collection":[{"href":"https:\/\/www.mpppst.gob.ve\/mpppstweb\/index.php\/wp-json\/wp\/v2\/posts"}],"about":[{"href":"https:\/\/www.mpppst.gob.ve\/mpppstweb\/index.php\/wp-json\/wp\/v2\/types\/post"}],"author":[{"embeddable":true,"href":"https:\/\/www.mpppst.gob.ve\/mpppstweb\/index.php\/wp-json\/wp\/v2\/users\/25"}],"replies":[{"embeddable":true,"href":"https:\/\/www.mpppst.gob.ve\/mpppstweb\/index.php\/wp-json\/wp\/v2\/comments?post=22405"}],"version-history":[{"count":1,"href":"https:\/\/www.mpppst.gob.ve\/mpppstweb\/index.php\/wp-json\/wp\/v2\/posts\/22405\/revisions"}],"predecessor-version":[{"id":22407,"href":"https:\/\/www.mpppst.gob.ve\/mpppstweb\/index.php\/wp-json\/wp\/v2\/posts\/22405\/revisions\/22407"}],"wp:featuredmedia":[{"embeddable":true,"href":"https:\/\/www.mpppst.gob.ve\/mpppstweb\/index.php\/wp-json\/wp\/v2\/media\/22406"}],"wp:attachment":[{"href":"https:\/\/www.mpppst.gob.ve\/mpppstweb\/index.php\/wp-json\/wp\/v2\/media?parent=22405"}],"wp:term":[{"taxonomy":"category","embeddable":true,"href":"https:\/\/www.mpppst.gob.ve\/mpppstweb\/index.php\/wp-json\/wp\/v2\/categories?post=22405"},{"taxonomy":"post_tag","embeddable":true,"href":"https:\/\/www.mpppst.gob.ve\/mpppstweb\/index.php\/wp-json\/wp\/v2\/tags?post=22405"}],"curies":[{"name":"wp","href":"https:\/\/api.w.org\/{rel}","templated":true}]}}