{"id":22417,"date":"2021-05-27T07:20:53","date_gmt":"2021-05-27T11:20:53","guid":{"rendered":"http:\/\/www.mpppst.gob.ve\/mpppstweb\/?p=22417"},"modified":"2021-05-27T07:20:54","modified_gmt":"2021-05-27T11:20:54","slug":"ley-de-zonas-economicas-impulsa-el-desarrollo-y-la-produccion-de-las-industrias-del-estado","status":"publish","type":"post","link":"https:\/\/www.mpppst.gob.ve\/mpppstweb\/index.php\/2021\/05\/27\/ley-de-zonas-economicas-impulsa-el-desarrollo-y-la-produccion-de-las-industrias-del-estado\/","title":{"rendered":"Ley de Zonas Econ\u00f3micas impulsa el desarrollo y la producci\u00f3n de las industrias del Estado"},"content":{"rendered":"\n<p>La Ley de Zonas Econ\u00f3micas Especiales impulsa el desarrollo y la producci\u00f3n de las industrias del Estado, as\u00ed lo manifest\u00f3 el segundo vicepresidente de la Asamblea Nacional (AN),&nbsp;<strong>Didalco Bol\u00edvar<\/strong>.<\/p>\n\n\n\n<p>Durante la Audiencia P\u00fablica sobre el Proyecto de la mencionada Ley, Bol\u00edvar precis\u00f3: \u201cLas Zonas Econ\u00f3micas Especiales que se est\u00e1n proponiendo no son para vivir de las divisas petroleras sino de la producci\u00f3n, de la manufactura y de la industria, y en eso hay un concepto distinto de lo que plantea la oposici\u00f3n\u201d.<\/p>\n\n\n\n<p>Entretanto, el diputado<strong>&nbsp;Jos\u00e9 Gregorio Vielma Mora,&nbsp;<\/strong>especific\u00f3: \u201cBuscamos quienes son los actores que inciden en las Zonas Econ\u00f3micas Especiales; en primer lugar los trabajadores, pieza fundamental para poder tener un Estado poderoso, as\u00ed como fortalecer las exportaciones y la producci\u00f3n\u201d.<\/p>\n\n\n\n<p>En este sentido, el diputado de oposici\u00f3n,&nbsp;<strong>Javier Bertucci<\/strong>, se\u00f1al\u00f3 que \u201cvemos desde la parlamentaria de la oposici\u00f3n una excelente oportunidad para el desarrollo nacional y es lo que el pueblo venezolano espera, un desarrollo econ\u00f3mico que permita garantizar la dignidad de la vida\u201d.<\/p>\n\n\n\n<p>A juicio del parlamentario opositor,&nbsp;<strong>Luis Augusto Romero<\/strong>, el Proyecto de Ley debe tener en su marco legal, al tiempo que se\u00f1al\u00f3 que sin la participaci\u00f3n del sector privado, la econom\u00eda del pa\u00eds no se activar\u00e1 al 100 por ciento, para ello, debe haber seguridad jur\u00eddica, donde se de garant\u00eda del aporte que va a realizar este sector.<\/p>\n","protected":false},"excerpt":{"rendered":"<p>La Ley de Zonas Econ\u00f3micas Especiales impulsa el desarrollo y la producci\u00f3n de las industrias del &hellip; <a title=\"Ley de Zonas Econ\u00f3micas impulsa el desarrollo y la producci\u00f3n de las industrias del Estado\" class=\"hm-read-more\" href=\"https:\/\/www.mpppst.gob.ve\/mpppstweb\/index.php\/2021\/05\/27\/ley-de-zonas-economicas-impulsa-el-desarrollo-y-la-produccion-de-las-industrias-del-estado\/\"><span class=\"screen-reader-text\">Ley de Zonas Econ\u00f3micas impulsa el desarrollo y la producci\u00f3n de las industrias del Estado<\/span>Read more<\/a><\/p>\n","protected":false},"author":25,"featured_media":22418,"comment_status":"closed","ping_status":"closed","sticky":false,"template":"","format":"standard","meta":{"footnotes":""},"categories":[82,163],"tags":[],"yoast_head":"<!-- This site is optimized with the Yoast SEO plugin v22.5 - https:\/\/yoast.com\/wordpress\/plugins\/seo\/ -->\n<title>Ley de Zonas Econ\u00f3micas impulsa el desarrollo y la producci\u00f3n de las industrias del Estado - MPPPST<\/title>\n<meta name=\"robots\" content=\"index, follow, max-snippet:-1, max-image-preview:large, max-video-preview:-1\" \/>\n<link rel=\"canonical\" href=\"https:\/\/www.mpppst.gob.ve\/mpppstweb\/index.php\/2021\/05\/27\/ley-de-zonas-economicas-impulsa-el-desarrollo-y-la-produccion-de-las-industrias-del-estado\/\" \/>\n<meta property=\"og:locale\" content=\"es_ES\" \/>\n<meta property=\"og:type\" content=\"article\" \/>\n<meta property=\"og:title\" content=\"Ley de Zonas Econ\u00f3micas impulsa el desarrollo y la producci\u00f3n de las industrias del Estado - MPPPST\" \/>\n<meta property=\"og:description\" content=\"La Ley de Zonas Econ\u00f3micas Especiales impulsa el desarrollo y la producci\u00f3n de las industrias del &hellip; Ley de Zonas Econ\u00f3micas impulsa el desarrollo y la producci\u00f3n de las industrias del EstadoRead more\" \/>\n<meta property=\"og:url\" content=\"https:\/\/www.mpppst.gob.ve\/mpppstweb\/index.php\/2021\/05\/27\/ley-de-zonas-economicas-impulsa-el-desarrollo-y-la-produccion-de-las-industrias-del-estado\/\" \/>\n<meta property=\"og:site_name\" content=\"MPPPST\" \/>\n<meta property=\"article:published_time\" content=\"2021-05-27T11:20:53+00:00\" \/>\n<meta property=\"article:modified_time\" content=\"2021-05-27T11:20:54+00:00\" \/>\n<meta property=\"og:image\" content=\"https:\/\/www.mpppst.gob.ve\/mpppstweb\/wp-content\/uploads\/2021\/05\/PRESIDENTE-9-768x427-1.jpg\" \/>\n\t<meta property=\"og:image:width\" content=\"768\" \/>\n\t<meta property=\"og:image:height\" content=\"427\" \/>\n\t<meta property=\"og:image:type\" content=\"image\/jpeg\" \/>\n<meta name=\"author\" content=\"MPPPST Prensa\" \/>\n<meta name=\"twitter:card\" content=\"summary_large_image\" \/>\n<meta name=\"twitter:label1\" content=\"Escrito por\" \/>\n\t<meta name=\"twitter:data1\" content=\"MPPPST Prensa\" \/>\n\t<meta name=\"twitter:label2\" content=\"Tiempo de lectura\" \/>\n\t<meta name=\"twitter:data2\" content=\"1 minuto\" \/>\n<script type=\"application\/ld+json\" class=\"yoast-schema-graph\">{\"@context\":\"https:\/\/schema.org\",\"@graph\":[{\"@type\":\"Article\",\"@id\":\"https:\/\/www.mpppst.gob.ve\/mpppstweb\/index.php\/2021\/05\/27\/ley-de-zonas-economicas-impulsa-el-desarrollo-y-la-produccion-de-las-industrias-del-estado\/#article\",\"isPartOf\":{\"@id\":\"https:\/\/www.mpppst.gob.ve\/mpppstweb\/index.php\/2021\/05\/27\/ley-de-zonas-economicas-impulsa-el-desarrollo-y-la-produccion-de-las-industrias-del-estado\/\"},\"author\":{\"name\":\"MPPPST Prensa\",\"@id\":\"https:\/\/www.mpppst.gob.ve\/mpppstweb\/#\/schema\/person\/fc187ee8ead412bd4c9304b62f900ea4\"},\"headline\":\"Ley de Zonas Econ\u00f3micas impulsa el desarrollo y la producci\u00f3n de las industrias del Estado\",\"datePublished\":\"2021-05-27T11:20:53+00:00\",\"dateModified\":\"2021-05-27T11:20:54+00:00\",\"mainEntityOfPage\":{\"@id\":\"https:\/\/www.mpppst.gob.ve\/mpppstweb\/index.php\/2021\/05\/27\/ley-de-zonas-economicas-impulsa-el-desarrollo-y-la-produccion-de-las-industrias-del-estado\/\"},\"wordCount\":268,\"publisher\":{\"@id\":\"https:\/\/www.mpppst.gob.ve\/mpppstweb\/#organization\"},\"image\":{\"@id\":\"https:\/\/www.mpppst.gob.ve\/mpppstweb\/index.php\/2021\/05\/27\/ley-de-zonas-economicas-impulsa-el-desarrollo-y-la-produccion-de-las-industrias-del-estado\/#primaryimage\"},\"thumbnailUrl\":\"https:\/\/www.mpppst.gob.ve\/mpppstweb\/wp-content\/uploads\/2021\/05\/PRESIDENTE-9-768x427-1.jpg\",\"articleSection\":[\"Gobierno Nacional\",\"Noticias\"],\"inLanguage\":\"es\"},{\"@type\":\"WebPage\",\"@id\":\"https:\/\/www.mpppst.gob.ve\/mpppstweb\/index.php\/2021\/05\/27\/ley-de-zonas-economicas-impulsa-el-desarrollo-y-la-produccion-de-las-industrias-del-estado\/\",\"url\":\"https:\/\/www.mpppst.gob.ve\/mpppstweb\/index.php\/2021\/05\/27\/ley-de-zonas-economicas-impulsa-el-desarrollo-y-la-produccion-de-las-industrias-del-estado\/\",\"name\":\"Ley de Zonas Econ\u00f3micas impulsa el desarrollo y la producci\u00f3n de las industrias del Estado - MPPPST\",\"isPartOf\":{\"@id\":\"https:\/\/www.mpppst.gob.ve\/mpppstweb\/#website\"},\"primaryImageOfPage\":{\"@id\":\"https:\/\/www.mpppst.gob.ve\/mpppstweb\/index.php\/2021\/05\/27\/ley-de-zonas-economicas-impulsa-el-desarrollo-y-la-produccion-de-las-industrias-del-estado\/#primaryimage\"},\"image\":{\"@id\":\"https:\/\/www.mpppst.gob.ve\/mpppstweb\/index.php\/2021\/05\/27\/ley-de-zonas-economicas-impulsa-el-desarrollo-y-la-produccion-de-las-industrias-del-estado\/#primaryimage\"},\"thumbnailUrl\":\"https:\/\/www.mpppst.gob.ve\/mpppstweb\/wp-content\/uploads\/2021\/05\/PRESIDENTE-9-768x427-1.jpg\",\"datePublished\":\"2021-05-27T11:20:53+00:00\",\"dateModified\":\"2021-05-27T11:20:54+00:00\",\"breadcrumb\":{\"@id\":\"https:\/\/www.mpppst.gob.ve\/mpppstweb\/index.php\/2021\/05\/27\/ley-de-zonas-economicas-impulsa-el-desarrollo-y-la-produccion-de-las-industrias-del-estado\/#breadcrumb\"},\"inLanguage\":\"es\",\"potentialAction\":[{\"@type\":\"ReadAction\",\"target\":[\"https:\/\/www.mpppst.gob.ve\/mpppstweb\/index.php\/2021\/05\/27\/ley-de-zonas-economicas-impulsa-el-desarrollo-y-la-produccion-de-las-industrias-del-estado\/\"]}]},{\"@type\":\"ImageObject\",\"inLanguage\":\"es\",\"@id\":\"https:\/\/www.mpppst.gob.ve\/mpppstweb\/index.php\/2021\/05\/27\/ley-de-zonas-economicas-impulsa-el-desarrollo-y-la-produccion-de-las-industrias-del-estado\/#primaryimage\",\"url\":\"https:\/\/www.mpppst.gob.ve\/mpppstweb\/wp-content\/uploads\/2021\/05\/PRESIDENTE-9-768x427-1.jpg\",\"contentUrl\":\"https:\/\/www.mpppst.gob.ve\/mpppstweb\/wp-content\/uploads\/2021\/05\/PRESIDENTE-9-768x427-1.jpg\",\"width\":768,\"height\":427},{\"@type\":\"BreadcrumbList\",\"@id\":\"https:\/\/www.mpppst.gob.ve\/mpppstweb\/index.php\/2021\/05\/27\/ley-de-zonas-economicas-impulsa-el-desarrollo-y-la-produccion-de-las-industrias-del-estado\/#breadcrumb\",\"itemListElement\":[{\"@type\":\"ListItem\",\"position\":1,\"name\":\"Home\",\"item\":\"https:\/\/www.mpppst.gob.ve\/mpppstweb\/\"},{\"@type\":\"ListItem\",\"position\":2,\"name\":\"Ley de Zonas Econ\u00f3micas impulsa el desarrollo y la producci\u00f3n de las industrias del Estado\"}]},{\"@type\":\"WebSite\",\"@id\":\"https:\/\/www.mpppst.gob.ve\/mpppstweb\/#website\",\"url\":\"https:\/\/www.mpppst.gob.ve\/mpppstweb\/\",\"name\":\"MPPPST\",\"description\":\"Ministerio del Poder Popular para el Proceso Social de Trabajo\",\"publisher\":{\"@id\":\"https:\/\/www.mpppst.gob.ve\/mpppstweb\/#organization\"},\"potentialAction\":[{\"@type\":\"SearchAction\",\"target\":{\"@type\":\"EntryPoint\",\"urlTemplate\":\"https:\/\/www.mpppst.gob.ve\/mpppstweb\/?s={search_term_string}\"},\"query-input\":\"required name=search_term_string\"}],\"inLanguage\":\"es\"},{\"@type\":\"Organization\",\"@id\":\"https:\/\/www.mpppst.gob.ve\/mpppstweb\/#organization\",\"name\":\"mpppst\",\"url\":\"https:\/\/www.mpppst.gob.ve\/mpppstweb\/\",\"logo\":{\"@type\":\"ImageObject\",\"inLanguage\":\"es\",\"@id\":\"https:\/\/www.mpppst.gob.ve\/mpppstweb\/#\/schema\/logo\/image\/\",\"url\":\"https:\/\/www.mpppst.gob.ve\/mpppstweb\/wp-content\/uploads\/2025\/07\/cropped-cropped-g910.png\",\"contentUrl\":\"https:\/\/www.mpppst.gob.ve\/mpppstweb\/wp-content\/uploads\/2025\/07\/cropped-cropped-g910.png\",\"width\":1080,\"height\":241,\"caption\":\"mpppst\"},\"image\":{\"@id\":\"https:\/\/www.mpppst.gob.ve\/mpppstweb\/#\/schema\/logo\/image\/\"}},{\"@type\":\"Person\",\"@id\":\"https:\/\/www.mpppst.gob.ve\/mpppstweb\/#\/schema\/person\/fc187ee8ead412bd4c9304b62f900ea4\",\"name\":\"MPPPST Prensa\",\"url\":\"https:\/\/www.mpppst.gob.ve\/mpppstweb\/index.php\/author\/prensa-mpppst\/\"}]}<\/script>\n<!-- \/ Yoast SEO plugin. -->","yoast_head_json":{"title":"Ley de Zonas Econ\u00f3micas impulsa el desarrollo y la producci\u00f3n de las industrias del Estado - MPPPST","robots":{"index":"index","follow":"follow","max-snippet":"max-snippet:-1","max-image-preview":"max-image-preview:large","max-video-preview":"max-video-preview:-1"},"canonical":"https:\/\/www.mpppst.gob.ve\/mpppstweb\/index.php\/2021\/05\/27\/ley-de-zonas-economicas-impulsa-el-desarrollo-y-la-produccion-de-las-industrias-del-estado\/","og_locale":"es_ES","og_type":"article","og_title":"Ley de Zonas Econ\u00f3micas impulsa el desarrollo y la producci\u00f3n de las industrias del Estado - MPPPST","og_description":"La Ley de Zonas Econ\u00f3micas Especiales impulsa el desarrollo y la producci\u00f3n de las industrias del &hellip; Ley de Zonas Econ\u00f3micas impulsa el desarrollo y la producci\u00f3n de las industrias del EstadoRead more","og_url":"https:\/\/www.mpppst.gob.ve\/mpppstweb\/index.php\/2021\/05\/27\/ley-de-zonas-economicas-impulsa-el-desarrollo-y-la-produccion-de-las-industrias-del-estado\/","og_site_name":"MPPPST","article_published_time":"2021-05-27T11:20:53+00:00","article_modified_time":"2021-05-27T11:20:54+00:00","og_image":[{"width":768,"height":427,"url":"https:\/\/www.mpppst.gob.ve\/mpppstweb\/wp-content\/uploads\/2021\/05\/PRESIDENTE-9-768x427-1.jpg","type":"image\/jpeg"}],"author":"MPPPST Prensa","twitter_card":"summary_large_image","twitter_misc":{"Escrito por":"MPPPST Prensa","Tiempo de lectura":"1 minuto"},"schema":{"@context":"https:\/\/schema.org","@graph":[{"@type":"Article","@id":"https:\/\/www.mpppst.gob.ve\/mpppstweb\/index.php\/2021\/05\/27\/ley-de-zonas-economicas-impulsa-el-desarrollo-y-la-produccion-de-las-industrias-del-estado\/#article","isPartOf":{"@id":"https:\/\/www.mpppst.gob.ve\/mpppstweb\/index.php\/2021\/05\/27\/ley-de-zonas-economicas-impulsa-el-desarrollo-y-la-produccion-de-las-industrias-del-estado\/"},"author":{"name":"MPPPST Prensa","@id":"https:\/\/www.mpppst.gob.ve\/mpppstweb\/#\/schema\/person\/fc187ee8ead412bd4c9304b62f900ea4"},"headline":"Ley de Zonas Econ\u00f3micas impulsa el desarrollo y la producci\u00f3n de las industrias del Estado","datePublished":"2021-05-27T11:20:53+00:00","dateModified":"2021-05-27T11:20:54+00:00","mainEntityOfPage":{"@id":"https:\/\/www.mpppst.gob.ve\/mpppstweb\/index.php\/2021\/05\/27\/ley-de-zonas-economicas-impulsa-el-desarrollo-y-la-produccion-de-las-industrias-del-estado\/"},"wordCount":268,"publisher":{"@id":"https:\/\/www.mpppst.gob.ve\/mpppstweb\/#organization"},"image":{"@id":"https:\/\/www.mpppst.gob.ve\/mpppstweb\/index.php\/2021\/05\/27\/ley-de-zonas-economicas-impulsa-el-desarrollo-y-la-produccion-de-las-industrias-del-estado\/#primaryimage"},"thumbnailUrl":"https:\/\/www.mpppst.gob.ve\/mpppstweb\/wp-content\/uploads\/2021\/05\/PRESIDENTE-9-768x427-1.jpg","articleSection":["Gobierno Nacional","Noticias"],"inLanguage":"es"},{"@type":"WebPage","@id":"https:\/\/www.mpppst.gob.ve\/mpppstweb\/index.php\/2021\/05\/27\/ley-de-zonas-economicas-impulsa-el-desarrollo-y-la-produccion-de-las-industrias-del-estado\/","url":"https:\/\/www.mpppst.gob.ve\/mpppstweb\/index.php\/2021\/05\/27\/ley-de-zonas-economicas-impulsa-el-desarrollo-y-la-produccion-de-las-industrias-del-estado\/","name":"Ley de Zonas Econ\u00f3micas impulsa el desarrollo y la producci\u00f3n de las industrias del Estado - MPPPST","isPartOf":{"@id":"https:\/\/www.mpppst.gob.ve\/mpppstweb\/#website"},"primaryImageOfPage":{"@id":"https:\/\/www.mpppst.gob.ve\/mpppstweb\/index.php\/2021\/05\/27\/ley-de-zonas-economicas-impulsa-el-desarrollo-y-la-produccion-de-las-industrias-del-estado\/#primaryimage"},"image":{"@id":"https:\/\/www.mpppst.gob.ve\/mpppstweb\/index.php\/2021\/05\/27\/ley-de-zonas-economicas-impulsa-el-desarrollo-y-la-produccion-de-las-industrias-del-estado\/#primaryimage"},"thumbnailUrl":"https:\/\/www.mpppst.gob.ve\/mpppstweb\/wp-content\/uploads\/2021\/05\/PRESIDENTE-9-768x427-1.jpg","datePublished":"2021-05-27T11:20:53+00:00","dateModified":"2021-05-27T11:20:54+00:00","breadcrumb":{"@id":"https:\/\/www.mpppst.gob.ve\/mpppstweb\/index.php\/2021\/05\/27\/ley-de-zonas-economicas-impulsa-el-desarrollo-y-la-produccion-de-las-industrias-del-estado\/#breadcrumb"},"inLanguage":"es","potentialAction":[{"@type":"ReadAction","target":["https:\/\/www.mpppst.gob.ve\/mpppstweb\/index.php\/2021\/05\/27\/ley-de-zonas-economicas-impulsa-el-desarrollo-y-la-produccion-de-las-industrias-del-estado\/"]}]},{"@type":"ImageObject","inLanguage":"es","@id":"https:\/\/www.mpppst.gob.ve\/mpppstweb\/index.php\/2021\/05\/27\/ley-de-zonas-economicas-impulsa-el-desarrollo-y-la-produccion-de-las-industrias-del-estado\/#primaryimage","url":"https:\/\/www.mpppst.gob.ve\/mpppstweb\/wp-content\/uploads\/2021\/05\/PRESIDENTE-9-768x427-1.jpg","contentUrl":"https:\/\/www.mpppst.gob.ve\/mpppstweb\/wp-content\/uploads\/2021\/05\/PRESIDENTE-9-768x427-1.jpg","width":768,"height":427},{"@type":"BreadcrumbList","@id":"https:\/\/www.mpppst.gob.ve\/mpppstweb\/index.php\/2021\/05\/27\/ley-de-zonas-economicas-impulsa-el-desarrollo-y-la-produccion-de-las-industrias-del-estado\/#breadcrumb","itemListElement":[{"@type":"ListItem","position":1,"name":"Home","item":"https:\/\/www.mpppst.gob.ve\/mpppstweb\/"},{"@type":"ListItem","position":2,"name":"Ley de Zonas Econ\u00f3micas impulsa el desarrollo y la producci\u00f3n de las industrias del Estado"}]},{"@type":"WebSite","@id":"https:\/\/www.mpppst.gob.ve\/mpppstweb\/#website","url":"https:\/\/www.mpppst.gob.ve\/mpppstweb\/","name":"MPPPST","description":"Ministerio del Poder Popular para el Proceso Social de Trabajo","publisher":{"@id":"https:\/\/www.mpppst.gob.ve\/mpppstweb\/#organization"},"potentialAction":[{"@type":"SearchAction","target":{"@type":"EntryPoint","urlTemplate":"https:\/\/www.mpppst.gob.ve\/mpppstweb\/?s={search_term_string}"},"query-input":"required name=search_term_string"}],"inLanguage":"es"},{"@type":"Organization","@id":"https:\/\/www.mpppst.gob.ve\/mpppstweb\/#organization","name":"mpppst","url":"https:\/\/www.mpppst.gob.ve\/mpppstweb\/","logo":{"@type":"ImageObject","inLanguage":"es","@id":"https:\/\/www.mpppst.gob.ve\/mpppstweb\/#\/schema\/logo\/image\/","url":"https:\/\/www.mpppst.gob.ve\/mpppstweb\/wp-content\/uploads\/2025\/07\/cropped-cropped-g910.png","contentUrl":"https:\/\/www.mpppst.gob.ve\/mpppstweb\/wp-content\/uploads\/2025\/07\/cropped-cropped-g910.png","width":1080,"height":241,"caption":"mpppst"},"image":{"@id":"https:\/\/www.mpppst.gob.ve\/mpppstweb\/#\/schema\/logo\/image\/"}},{"@type":"Person","@id":"https:\/\/www.mpppst.gob.ve\/mpppstweb\/#\/schema\/person\/fc187ee8ead412bd4c9304b62f900ea4","name":"MPPPST Prensa","url":"https:\/\/www.mpppst.gob.ve\/mpppstweb\/index.php\/author\/prensa-mpppst\/"}]}},"_links":{"self":[{"href":"https:\/\/www.mpppst.gob.ve\/mpppstweb\/index.php\/wp-json\/wp\/v2\/posts\/22417"}],"collection":[{"href":"https:\/\/www.mpppst.gob.ve\/mpppstweb\/index.php\/wp-json\/wp\/v2\/posts"}],"about":[{"href":"https:\/\/www.mpppst.gob.ve\/mpppstweb\/index.php\/wp-json\/wp\/v2\/types\/post"}],"author":[{"embeddable":true,"href":"https:\/\/www.mpppst.gob.ve\/mpppstweb\/index.php\/wp-json\/wp\/v2\/users\/25"}],"replies":[{"embeddable":true,"href":"https:\/\/www.mpppst.gob.ve\/mpppstweb\/index.php\/wp-json\/wp\/v2\/comments?post=22417"}],"version-history":[{"count":1,"href":"https:\/\/www.mpppst.gob.ve\/mpppstweb\/index.php\/wp-json\/wp\/v2\/posts\/22417\/revisions"}],"predecessor-version":[{"id":22419,"href":"https:\/\/www.mpppst.gob.ve\/mpppstweb\/index.php\/wp-json\/wp\/v2\/posts\/22417\/revisions\/22419"}],"wp:featuredmedia":[{"embeddable":true,"href":"https:\/\/www.mpppst.gob.ve\/mpppstweb\/index.php\/wp-json\/wp\/v2\/media\/22418"}],"wp:attachment":[{"href":"https:\/\/www.mpppst.gob.ve\/mpppstweb\/index.php\/wp-json\/wp\/v2\/media?parent=22417"}],"wp:term":[{"taxonomy":"category","embeddable":true,"href":"https:\/\/www.mpppst.gob.ve\/mpppstweb\/index.php\/wp-json\/wp\/v2\/categories?post=22417"},{"taxonomy":"post_tag","embeddable":true,"href":"https:\/\/www.mpppst.gob.ve\/mpppstweb\/index.php\/wp-json\/wp\/v2\/tags?post=22417"}],"curies":[{"name":"wp","href":"https:\/\/api.w.org\/{rel}","templated":true}]}}