{"id":22420,"date":"2021-05-27T07:23:13","date_gmt":"2021-05-27T11:23:13","guid":{"rendered":"http:\/\/www.mpppst.gob.ve\/mpppstweb\/?p=22420"},"modified":"2021-05-27T07:23:14","modified_gmt":"2021-05-27T11:23:14","slug":"dia-437-lucha-contra-la-covid-19-venezuela-registra-1-271-casos-comunitarios-y-la-tasa-de-recuperacion-se-ubica-en-93","status":"publish","type":"post","link":"https:\/\/www.mpppst.gob.ve\/mpppstweb\/index.php\/2021\/05\/27\/dia-437-lucha-contra-la-covid-19-venezuela-registra-1-271-casos-comunitarios-y-la-tasa-de-recuperacion-se-ubica-en-93\/","title":{"rendered":"D\u00eda 437 | Lucha contra la COVID-19: Venezuela registra 1.271 casos comunitarios y la tasa de recuperaci\u00f3n se ubica en 93 %"},"content":{"rendered":"\n<p>Un total de&nbsp;<strong>1.271&nbsp;<\/strong>casos de transmisi\u00f3n comunitaria de COVID-19 fueron detectados en las \u00faltimas 24 horas por las autoridades sanitarias venezolanas, mientras que la tasa de recuperaci\u00f3n se ubica en 93 por ciento del total de casos al registrarse 210.435 pacientes recuperados gracias a los tratamientos gratuitos que garantiza el Gobierno Bolivariano.<\/p>\n\n\n\n<p>As\u00ed lo dio a conocer la vicepresidenta Ejecutiva de la Rep\u00fablica, Delcy Rodr\u00edguez, durante el acostumbrado balance diario que ofrece la Comisi\u00f3n Presidencial para el Control y la Prevenci\u00f3n de la COVID-19.<\/p>\n\n\n\n<p>Inform\u00f3 que los casos comunitarios de la jornada se detectaron en: Zulia (319), Yaracuy (148), Falc\u00f3n (136), Carabobo (114), Lara (96), Anzo\u00e1tegui (73), Bol\u00edvar (62), Caracas (57),&nbsp; Barinas (51), Miranda (48), entre otros estados que se detallan a continuaci\u00f3n:<\/p>\n\n\n\n<div class=\"wp-block-image\"><figure class=\"aligncenter\"><img decoding=\"async\" src=\"https:\/\/www.vtv.gob.ve\/wp-content\/uploads\/2021\/05\/CASOS-COMUNITARIOS-7.jpg\" alt=\"D\u00eda 437 | Lucha contra la COVID-19: Venezuela registra 1.271 casos comunitarios y la tasa de recuperaci\u00f3n se ubica en 93 %\" class=\"wp-image-362818\"\/><\/figure><\/div>\n\n\n\n<p>Asimismo, detall\u00f3 que el estado Zulia es la entidad con mayor n\u00famero de contagios en 16 de sus 21 municipios: Maracaibo (92), Mara (77), Lagunillas (38), Jes\u00fas Enrique Lossada (29), San Francisco (28), Miranda (13), Cabimas (13), Machiques de Perij\u00e1 (7), Rosario de Perij\u00e1 (6), Valmore Rodr\u00edguez (4), Santa Rita (2), Guajira (2), Baralt (2), Sim\u00f3n Bol\u00edvar (1), La Ca\u00f1ada de Urdaneta (1), Almirante Padilla (1).<\/p>\n\n\n\n<div class=\"wp-block-image\"><figure class=\"aligncenter\"><img decoding=\"async\" src=\"https:\/\/www.vtv.gob.ve\/wp-content\/uploads\/2021\/05\/ZULIA-6.jpg\" alt=\"D\u00eda 437 | Lucha contra la COVID-19: Venezuela registra 1.271 casos comunitarios y la tasa de recuperaci\u00f3n se ubica en 93 %\" class=\"wp-image-362820\"\/><\/figure><\/div>\n\n\n\n<p><strong>Report\u00f3 el lamentable fallecimiento de 15&nbsp; nuevas v\u00edctimas de la COVID-19:<\/strong><\/p>\n\n\n\n<ul><li>1 mujer de 41 a\u00f1os de Anzo\u00e1tegui<\/li><li>2 hombres de 81 y 61 a\u00f1os de Apure<\/li><li>1 hombre de 44 a\u00f1os de Carabobo<\/li><li>3 hombres de 90, 91, 71 a\u00f1os y 1 mujer de 86 a\u00f1os de Caracas<\/li><li>1 mujer de 79 a\u00f1os de &nbsp;La Guaira<\/li><li>2 mujeres de 87 y 58 a\u00f1os de Miranda<\/li><li>1 hombre de 44 a\u00f1os de Nueva Esparta<\/li><li>2 mujeres de 71 a\u00f1os de Yaracuy<\/li><li>1 hombre de 69 a\u00f1os de Trujillo<\/li><\/ul>\n\n\n\n<p><strong>Igualmente, inform\u00f3 que a 437 d\u00edas de pandemia en Venezuela, estas son las estad\u00edsticas generales:<\/strong><\/p>\n\n\n\n<ul><li>227.407 casos confirmados.<\/li><li>210.435 personas recuperadas, lo que representa el 93% de los contagios.<\/li><li>14.413 casos activos.<\/li><li>2.559 fallecidos.<\/li><\/ul>\n\n\n\n<p>Subray\u00f3 que desde Venezuela se reafirman las palabras del director general de la Organizaci\u00f3n Mundial de la Salud (OMS),&nbsp;<strong>Tedros Adhanom Ghebreyesus<\/strong>, quien el martes 25 de mayo del presente a\u00f1o se refiri\u00f3 a la falta de solidaridad internacional frente a la pandemia como debilidad que solo se puede resolver con un compromiso inquebrantable por una mejor cooperaci\u00f3n entre los pueblos.<\/p>\n\n\n\n<figure><iframe allowfullscreen=\"true\" class=\"\" src=\"https:\/\/platform.twitter.com\/embed\/Tweet.html?creatorScreenName=VTVcanal8&amp;dnt=false&amp;embedId=twitter-widget-0&amp;features=eyJ0ZndfZXhwZXJpbWVudHNfY29va2llX2V4cGlyYXRpb24iOnsiYnVja2V0IjoxMjA5NjAwLCJ2ZXJzaW9uIjpudWxsfSwidGZ3X2hvcml6b25fdHdlZXRfZW1iZWRfOTU1NSI6eyJidWNrZXQiOiJodGUiLCJ2ZXJzaW9uIjpudWxsfSwidGZ3X3R3ZWV0X2VtYmVkX2NsaWNrYWJpbGl0eV8xMjEwMiI6eyJidWNrZXQiOiJjb250cm9sIiwidmVyc2lvbiI6bnVsbH19&amp;frame=false&amp;hideCard=false&amp;hideThread=false&amp;id=1397739878230773760&amp;lang=es&amp;origin=https%3A%2F%2Fwww.vtv.gob.ve%2Fdia-437-lucha-covid-venezuela-casos-26052021%2F&amp;sessionId=0e6a2c3da4d1a1c1964dd860c9924b3eaa183075&amp;siteScreenName=VTVcanal8&amp;theme=light&amp;widgetsVersion=82e1070%3A1619632193066&amp;width=550px\"><\/iframe><\/figure>\n","protected":false},"excerpt":{"rendered":"<p>Un total de&nbsp;1.271&nbsp;casos de transmisi\u00f3n comunitaria de COVID-19 fueron detectados en las \u00faltimas 24 horas por &hellip; <a title=\"D\u00eda 437 | Lucha contra la COVID-19: Venezuela registra 1.271 casos comunitarios y la tasa de recuperaci\u00f3n se ubica en 93 %\" class=\"hm-read-more\" href=\"https:\/\/www.mpppst.gob.ve\/mpppstweb\/index.php\/2021\/05\/27\/dia-437-lucha-contra-la-covid-19-venezuela-registra-1-271-casos-comunitarios-y-la-tasa-de-recuperacion-se-ubica-en-93\/\"><span class=\"screen-reader-text\">D\u00eda 437 | Lucha contra la COVID-19: Venezuela registra 1.271 casos comunitarios y la tasa de recuperaci\u00f3n se ubica en 93 %<\/span>Read more<\/a><\/p>\n","protected":false},"author":25,"featured_media":22421,"comment_status":"closed","ping_status":"closed","sticky":false,"template":"","format":"standard","meta":{"footnotes":""},"categories":[82,163],"tags":[],"yoast_head":"<!-- This site is optimized with the Yoast SEO plugin v22.5 - https:\/\/yoast.com\/wordpress\/plugins\/seo\/ -->\n<title>D\u00eda 437 | Lucha contra la COVID-19: Venezuela registra 1.271 casos comunitarios y la tasa de recuperaci\u00f3n se ubica en 93 % - MPPPST<\/title>\n<meta name=\"robots\" content=\"index, follow, max-snippet:-1, max-image-preview:large, max-video-preview:-1\" \/>\n<link rel=\"canonical\" href=\"https:\/\/www.mpppst.gob.ve\/mpppstweb\/index.php\/2021\/05\/27\/dia-437-lucha-contra-la-covid-19-venezuela-registra-1-271-casos-comunitarios-y-la-tasa-de-recuperacion-se-ubica-en-93\/\" \/>\n<meta property=\"og:locale\" content=\"es_ES\" \/>\n<meta property=\"og:type\" content=\"article\" \/>\n<meta property=\"og:title\" content=\"D\u00eda 437 | Lucha contra la COVID-19: Venezuela registra 1.271 casos comunitarios y la tasa de recuperaci\u00f3n se ubica en 93 % - MPPPST\" \/>\n<meta property=\"og:description\" content=\"Un total de&nbsp;1.271&nbsp;casos de transmisi\u00f3n comunitaria de COVID-19 fueron detectados en las \u00faltimas 24 horas por &hellip; D\u00eda 437 | Lucha contra la COVID-19: Venezuela registra 1.271 casos comunitarios y la tasa de recuperaci\u00f3n se ubica en 93 %Read more\" \/>\n<meta property=\"og:url\" content=\"https:\/\/www.mpppst.gob.ve\/mpppstweb\/index.php\/2021\/05\/27\/dia-437-lucha-contra-la-covid-19-venezuela-registra-1-271-casos-comunitarios-y-la-tasa-de-recuperacion-se-ubica-en-93\/\" \/>\n<meta property=\"og:site_name\" content=\"MPPPST\" \/>\n<meta property=\"article:published_time\" content=\"2021-05-27T11:23:13+00:00\" \/>\n<meta property=\"article:modified_time\" content=\"2021-05-27T11:23:14+00:00\" \/>\n<meta property=\"og:image\" content=\"https:\/\/www.mpppst.gob.ve\/mpppstweb\/wp-content\/uploads\/2021\/05\/PORTADA-768x427-1.jpg\" \/>\n\t<meta property=\"og:image:width\" content=\"768\" \/>\n\t<meta property=\"og:image:height\" content=\"427\" \/>\n\t<meta property=\"og:image:type\" content=\"image\/jpeg\" \/>\n<meta name=\"author\" content=\"MPPPST Prensa\" \/>\n<meta name=\"twitter:card\" content=\"summary_large_image\" \/>\n<meta name=\"twitter:label1\" content=\"Escrito por\" \/>\n\t<meta name=\"twitter:data1\" content=\"MPPPST Prensa\" \/>\n\t<meta name=\"twitter:label2\" content=\"Tiempo de lectura\" \/>\n\t<meta name=\"twitter:data2\" content=\"2 minutos\" \/>\n<script type=\"application\/ld+json\" class=\"yoast-schema-graph\">{\"@context\":\"https:\/\/schema.org\",\"@graph\":[{\"@type\":\"Article\",\"@id\":\"https:\/\/www.mpppst.gob.ve\/mpppstweb\/index.php\/2021\/05\/27\/dia-437-lucha-contra-la-covid-19-venezuela-registra-1-271-casos-comunitarios-y-la-tasa-de-recuperacion-se-ubica-en-93\/#article\",\"isPartOf\":{\"@id\":\"https:\/\/www.mpppst.gob.ve\/mpppstweb\/index.php\/2021\/05\/27\/dia-437-lucha-contra-la-covid-19-venezuela-registra-1-271-casos-comunitarios-y-la-tasa-de-recuperacion-se-ubica-en-93\/\"},\"author\":{\"name\":\"MPPPST Prensa\",\"@id\":\"https:\/\/www.mpppst.gob.ve\/mpppstweb\/#\/schema\/person\/fc187ee8ead412bd4c9304b62f900ea4\"},\"headline\":\"D\u00eda 437 | Lucha contra la COVID-19: Venezuela registra 1.271 casos comunitarios y la tasa de recuperaci\u00f3n se ubica en 93 %\",\"datePublished\":\"2021-05-27T11:23:13+00:00\",\"dateModified\":\"2021-05-27T11:23:14+00:00\",\"mainEntityOfPage\":{\"@id\":\"https:\/\/www.mpppst.gob.ve\/mpppstweb\/index.php\/2021\/05\/27\/dia-437-lucha-contra-la-covid-19-venezuela-registra-1-271-casos-comunitarios-y-la-tasa-de-recuperacion-se-ubica-en-93\/\"},\"wordCount\":367,\"publisher\":{\"@id\":\"https:\/\/www.mpppst.gob.ve\/mpppstweb\/#organization\"},\"image\":{\"@id\":\"https:\/\/www.mpppst.gob.ve\/mpppstweb\/index.php\/2021\/05\/27\/dia-437-lucha-contra-la-covid-19-venezuela-registra-1-271-casos-comunitarios-y-la-tasa-de-recuperacion-se-ubica-en-93\/#primaryimage\"},\"thumbnailUrl\":\"https:\/\/www.mpppst.gob.ve\/mpppstweb\/wp-content\/uploads\/2021\/05\/PORTADA-768x427-1.jpg\",\"articleSection\":[\"Gobierno Nacional\",\"Noticias\"],\"inLanguage\":\"es\"},{\"@type\":\"WebPage\",\"@id\":\"https:\/\/www.mpppst.gob.ve\/mpppstweb\/index.php\/2021\/05\/27\/dia-437-lucha-contra-la-covid-19-venezuela-registra-1-271-casos-comunitarios-y-la-tasa-de-recuperacion-se-ubica-en-93\/\",\"url\":\"https:\/\/www.mpppst.gob.ve\/mpppstweb\/index.php\/2021\/05\/27\/dia-437-lucha-contra-la-covid-19-venezuela-registra-1-271-casos-comunitarios-y-la-tasa-de-recuperacion-se-ubica-en-93\/\",\"name\":\"D\u00eda 437 | Lucha contra la COVID-19: Venezuela registra 1.271 casos comunitarios y la tasa de recuperaci\u00f3n se ubica en 93 % - MPPPST\",\"isPartOf\":{\"@id\":\"https:\/\/www.mpppst.gob.ve\/mpppstweb\/#website\"},\"primaryImageOfPage\":{\"@id\":\"https:\/\/www.mpppst.gob.ve\/mpppstweb\/index.php\/2021\/05\/27\/dia-437-lucha-contra-la-covid-19-venezuela-registra-1-271-casos-comunitarios-y-la-tasa-de-recuperacion-se-ubica-en-93\/#primaryimage\"},\"image\":{\"@id\":\"https:\/\/www.mpppst.gob.ve\/mpppstweb\/index.php\/2021\/05\/27\/dia-437-lucha-contra-la-covid-19-venezuela-registra-1-271-casos-comunitarios-y-la-tasa-de-recuperacion-se-ubica-en-93\/#primaryimage\"},\"thumbnailUrl\":\"https:\/\/www.mpppst.gob.ve\/mpppstweb\/wp-content\/uploads\/2021\/05\/PORTADA-768x427-1.jpg\",\"datePublished\":\"2021-05-27T11:23:13+00:00\",\"dateModified\":\"2021-05-27T11:23:14+00:00\",\"breadcrumb\":{\"@id\":\"https:\/\/www.mpppst.gob.ve\/mpppstweb\/index.php\/2021\/05\/27\/dia-437-lucha-contra-la-covid-19-venezuela-registra-1-271-casos-comunitarios-y-la-tasa-de-recuperacion-se-ubica-en-93\/#breadcrumb\"},\"inLanguage\":\"es\",\"potentialAction\":[{\"@type\":\"ReadAction\",\"target\":[\"https:\/\/www.mpppst.gob.ve\/mpppstweb\/index.php\/2021\/05\/27\/dia-437-lucha-contra-la-covid-19-venezuela-registra-1-271-casos-comunitarios-y-la-tasa-de-recuperacion-se-ubica-en-93\/\"]}]},{\"@type\":\"ImageObject\",\"inLanguage\":\"es\",\"@id\":\"https:\/\/www.mpppst.gob.ve\/mpppstweb\/index.php\/2021\/05\/27\/dia-437-lucha-contra-la-covid-19-venezuela-registra-1-271-casos-comunitarios-y-la-tasa-de-recuperacion-se-ubica-en-93\/#primaryimage\",\"url\":\"https:\/\/www.mpppst.gob.ve\/mpppstweb\/wp-content\/uploads\/2021\/05\/PORTADA-768x427-1.jpg\",\"contentUrl\":\"https:\/\/www.mpppst.gob.ve\/mpppstweb\/wp-content\/uploads\/2021\/05\/PORTADA-768x427-1.jpg\",\"width\":768,\"height\":427},{\"@type\":\"BreadcrumbList\",\"@id\":\"https:\/\/www.mpppst.gob.ve\/mpppstweb\/index.php\/2021\/05\/27\/dia-437-lucha-contra-la-covid-19-venezuela-registra-1-271-casos-comunitarios-y-la-tasa-de-recuperacion-se-ubica-en-93\/#breadcrumb\",\"itemListElement\":[{\"@type\":\"ListItem\",\"position\":1,\"name\":\"Home\",\"item\":\"https:\/\/www.mpppst.gob.ve\/mpppstweb\/\"},{\"@type\":\"ListItem\",\"position\":2,\"name\":\"D\u00eda 437 | Lucha contra la COVID-19: Venezuela registra 1.271 casos comunitarios y la tasa de recuperaci\u00f3n se ubica en 93 %\"}]},{\"@type\":\"WebSite\",\"@id\":\"https:\/\/www.mpppst.gob.ve\/mpppstweb\/#website\",\"url\":\"https:\/\/www.mpppst.gob.ve\/mpppstweb\/\",\"name\":\"MPPPST\",\"description\":\"Ministerio del Poder Popular para el Proceso Social de Trabajo\",\"publisher\":{\"@id\":\"https:\/\/www.mpppst.gob.ve\/mpppstweb\/#organization\"},\"potentialAction\":[{\"@type\":\"SearchAction\",\"target\":{\"@type\":\"EntryPoint\",\"urlTemplate\":\"https:\/\/www.mpppst.gob.ve\/mpppstweb\/?s={search_term_string}\"},\"query-input\":\"required name=search_term_string\"}],\"inLanguage\":\"es\"},{\"@type\":\"Organization\",\"@id\":\"https:\/\/www.mpppst.gob.ve\/mpppstweb\/#organization\",\"name\":\"mpppst\",\"url\":\"https:\/\/www.mpppst.gob.ve\/mpppstweb\/\",\"logo\":{\"@type\":\"ImageObject\",\"inLanguage\":\"es\",\"@id\":\"https:\/\/www.mpppst.gob.ve\/mpppstweb\/#\/schema\/logo\/image\/\",\"url\":\"https:\/\/www.mpppst.gob.ve\/mpppstweb\/wp-content\/uploads\/2025\/07\/cropped-cropped-g910.png\",\"contentUrl\":\"https:\/\/www.mpppst.gob.ve\/mpppstweb\/wp-content\/uploads\/2025\/07\/cropped-cropped-g910.png\",\"width\":1080,\"height\":241,\"caption\":\"mpppst\"},\"image\":{\"@id\":\"https:\/\/www.mpppst.gob.ve\/mpppstweb\/#\/schema\/logo\/image\/\"}},{\"@type\":\"Person\",\"@id\":\"https:\/\/www.mpppst.gob.ve\/mpppstweb\/#\/schema\/person\/fc187ee8ead412bd4c9304b62f900ea4\",\"name\":\"MPPPST Prensa\",\"url\":\"https:\/\/www.mpppst.gob.ve\/mpppstweb\/index.php\/author\/prensa-mpppst\/\"}]}<\/script>\n<!-- \/ Yoast SEO plugin. -->","yoast_head_json":{"title":"D\u00eda 437 | Lucha contra la COVID-19: Venezuela registra 1.271 casos comunitarios y la tasa de recuperaci\u00f3n se ubica en 93 % - MPPPST","robots":{"index":"index","follow":"follow","max-snippet":"max-snippet:-1","max-image-preview":"max-image-preview:large","max-video-preview":"max-video-preview:-1"},"canonical":"https:\/\/www.mpppst.gob.ve\/mpppstweb\/index.php\/2021\/05\/27\/dia-437-lucha-contra-la-covid-19-venezuela-registra-1-271-casos-comunitarios-y-la-tasa-de-recuperacion-se-ubica-en-93\/","og_locale":"es_ES","og_type":"article","og_title":"D\u00eda 437 | Lucha contra la COVID-19: Venezuela registra 1.271 casos comunitarios y la tasa de recuperaci\u00f3n se ubica en 93 % - MPPPST","og_description":"Un total de&nbsp;1.271&nbsp;casos de transmisi\u00f3n comunitaria de COVID-19 fueron detectados en las \u00faltimas 24 horas por &hellip; D\u00eda 437 | Lucha contra la COVID-19: Venezuela registra 1.271 casos comunitarios y la tasa de recuperaci\u00f3n se ubica en 93 %Read more","og_url":"https:\/\/www.mpppst.gob.ve\/mpppstweb\/index.php\/2021\/05\/27\/dia-437-lucha-contra-la-covid-19-venezuela-registra-1-271-casos-comunitarios-y-la-tasa-de-recuperacion-se-ubica-en-93\/","og_site_name":"MPPPST","article_published_time":"2021-05-27T11:23:13+00:00","article_modified_time":"2021-05-27T11:23:14+00:00","og_image":[{"width":768,"height":427,"url":"https:\/\/www.mpppst.gob.ve\/mpppstweb\/wp-content\/uploads\/2021\/05\/PORTADA-768x427-1.jpg","type":"image\/jpeg"}],"author":"MPPPST Prensa","twitter_card":"summary_large_image","twitter_misc":{"Escrito por":"MPPPST Prensa","Tiempo de lectura":"2 minutos"},"schema":{"@context":"https:\/\/schema.org","@graph":[{"@type":"Article","@id":"https:\/\/www.mpppst.gob.ve\/mpppstweb\/index.php\/2021\/05\/27\/dia-437-lucha-contra-la-covid-19-venezuela-registra-1-271-casos-comunitarios-y-la-tasa-de-recuperacion-se-ubica-en-93\/#article","isPartOf":{"@id":"https:\/\/www.mpppst.gob.ve\/mpppstweb\/index.php\/2021\/05\/27\/dia-437-lucha-contra-la-covid-19-venezuela-registra-1-271-casos-comunitarios-y-la-tasa-de-recuperacion-se-ubica-en-93\/"},"author":{"name":"MPPPST Prensa","@id":"https:\/\/www.mpppst.gob.ve\/mpppstweb\/#\/schema\/person\/fc187ee8ead412bd4c9304b62f900ea4"},"headline":"D\u00eda 437 | Lucha contra la COVID-19: Venezuela registra 1.271 casos comunitarios y la tasa de recuperaci\u00f3n se ubica en 93 %","datePublished":"2021-05-27T11:23:13+00:00","dateModified":"2021-05-27T11:23:14+00:00","mainEntityOfPage":{"@id":"https:\/\/www.mpppst.gob.ve\/mpppstweb\/index.php\/2021\/05\/27\/dia-437-lucha-contra-la-covid-19-venezuela-registra-1-271-casos-comunitarios-y-la-tasa-de-recuperacion-se-ubica-en-93\/"},"wordCount":367,"publisher":{"@id":"https:\/\/www.mpppst.gob.ve\/mpppstweb\/#organization"},"image":{"@id":"https:\/\/www.mpppst.gob.ve\/mpppstweb\/index.php\/2021\/05\/27\/dia-437-lucha-contra-la-covid-19-venezuela-registra-1-271-casos-comunitarios-y-la-tasa-de-recuperacion-se-ubica-en-93\/#primaryimage"},"thumbnailUrl":"https:\/\/www.mpppst.gob.ve\/mpppstweb\/wp-content\/uploads\/2021\/05\/PORTADA-768x427-1.jpg","articleSection":["Gobierno Nacional","Noticias"],"inLanguage":"es"},{"@type":"WebPage","@id":"https:\/\/www.mpppst.gob.ve\/mpppstweb\/index.php\/2021\/05\/27\/dia-437-lucha-contra-la-covid-19-venezuela-registra-1-271-casos-comunitarios-y-la-tasa-de-recuperacion-se-ubica-en-93\/","url":"https:\/\/www.mpppst.gob.ve\/mpppstweb\/index.php\/2021\/05\/27\/dia-437-lucha-contra-la-covid-19-venezuela-registra-1-271-casos-comunitarios-y-la-tasa-de-recuperacion-se-ubica-en-93\/","name":"D\u00eda 437 | Lucha contra la COVID-19: Venezuela registra 1.271 casos comunitarios y la tasa de recuperaci\u00f3n se ubica en 93 % - MPPPST","isPartOf":{"@id":"https:\/\/www.mpppst.gob.ve\/mpppstweb\/#website"},"primaryImageOfPage":{"@id":"https:\/\/www.mpppst.gob.ve\/mpppstweb\/index.php\/2021\/05\/27\/dia-437-lucha-contra-la-covid-19-venezuela-registra-1-271-casos-comunitarios-y-la-tasa-de-recuperacion-se-ubica-en-93\/#primaryimage"},"image":{"@id":"https:\/\/www.mpppst.gob.ve\/mpppstweb\/index.php\/2021\/05\/27\/dia-437-lucha-contra-la-covid-19-venezuela-registra-1-271-casos-comunitarios-y-la-tasa-de-recuperacion-se-ubica-en-93\/#primaryimage"},"thumbnailUrl":"https:\/\/www.mpppst.gob.ve\/mpppstweb\/wp-content\/uploads\/2021\/05\/PORTADA-768x427-1.jpg","datePublished":"2021-05-27T11:23:13+00:00","dateModified":"2021-05-27T11:23:14+00:00","breadcrumb":{"@id":"https:\/\/www.mpppst.gob.ve\/mpppstweb\/index.php\/2021\/05\/27\/dia-437-lucha-contra-la-covid-19-venezuela-registra-1-271-casos-comunitarios-y-la-tasa-de-recuperacion-se-ubica-en-93\/#breadcrumb"},"inLanguage":"es","potentialAction":[{"@type":"ReadAction","target":["https:\/\/www.mpppst.gob.ve\/mpppstweb\/index.php\/2021\/05\/27\/dia-437-lucha-contra-la-covid-19-venezuela-registra-1-271-casos-comunitarios-y-la-tasa-de-recuperacion-se-ubica-en-93\/"]}]},{"@type":"ImageObject","inLanguage":"es","@id":"https:\/\/www.mpppst.gob.ve\/mpppstweb\/index.php\/2021\/05\/27\/dia-437-lucha-contra-la-covid-19-venezuela-registra-1-271-casos-comunitarios-y-la-tasa-de-recuperacion-se-ubica-en-93\/#primaryimage","url":"https:\/\/www.mpppst.gob.ve\/mpppstweb\/wp-content\/uploads\/2021\/05\/PORTADA-768x427-1.jpg","contentUrl":"https:\/\/www.mpppst.gob.ve\/mpppstweb\/wp-content\/uploads\/2021\/05\/PORTADA-768x427-1.jpg","width":768,"height":427},{"@type":"BreadcrumbList","@id":"https:\/\/www.mpppst.gob.ve\/mpppstweb\/index.php\/2021\/05\/27\/dia-437-lucha-contra-la-covid-19-venezuela-registra-1-271-casos-comunitarios-y-la-tasa-de-recuperacion-se-ubica-en-93\/#breadcrumb","itemListElement":[{"@type":"ListItem","position":1,"name":"Home","item":"https:\/\/www.mpppst.gob.ve\/mpppstweb\/"},{"@type":"ListItem","position":2,"name":"D\u00eda 437 | Lucha contra la COVID-19: Venezuela registra 1.271 casos comunitarios y la tasa de recuperaci\u00f3n se ubica en 93 %"}]},{"@type":"WebSite","@id":"https:\/\/www.mpppst.gob.ve\/mpppstweb\/#website","url":"https:\/\/www.mpppst.gob.ve\/mpppstweb\/","name":"MPPPST","description":"Ministerio del Poder Popular para el Proceso Social de Trabajo","publisher":{"@id":"https:\/\/www.mpppst.gob.ve\/mpppstweb\/#organization"},"potentialAction":[{"@type":"SearchAction","target":{"@type":"EntryPoint","urlTemplate":"https:\/\/www.mpppst.gob.ve\/mpppstweb\/?s={search_term_string}"},"query-input":"required name=search_term_string"}],"inLanguage":"es"},{"@type":"Organization","@id":"https:\/\/www.mpppst.gob.ve\/mpppstweb\/#organization","name":"mpppst","url":"https:\/\/www.mpppst.gob.ve\/mpppstweb\/","logo":{"@type":"ImageObject","inLanguage":"es","@id":"https:\/\/www.mpppst.gob.ve\/mpppstweb\/#\/schema\/logo\/image\/","url":"https:\/\/www.mpppst.gob.ve\/mpppstweb\/wp-content\/uploads\/2025\/07\/cropped-cropped-g910.png","contentUrl":"https:\/\/www.mpppst.gob.ve\/mpppstweb\/wp-content\/uploads\/2025\/07\/cropped-cropped-g910.png","width":1080,"height":241,"caption":"mpppst"},"image":{"@id":"https:\/\/www.mpppst.gob.ve\/mpppstweb\/#\/schema\/logo\/image\/"}},{"@type":"Person","@id":"https:\/\/www.mpppst.gob.ve\/mpppstweb\/#\/schema\/person\/fc187ee8ead412bd4c9304b62f900ea4","name":"MPPPST Prensa","url":"https:\/\/www.mpppst.gob.ve\/mpppstweb\/index.php\/author\/prensa-mpppst\/"}]}},"_links":{"self":[{"href":"https:\/\/www.mpppst.gob.ve\/mpppstweb\/index.php\/wp-json\/wp\/v2\/posts\/22420"}],"collection":[{"href":"https:\/\/www.mpppst.gob.ve\/mpppstweb\/index.php\/wp-json\/wp\/v2\/posts"}],"about":[{"href":"https:\/\/www.mpppst.gob.ve\/mpppstweb\/index.php\/wp-json\/wp\/v2\/types\/post"}],"author":[{"embeddable":true,"href":"https:\/\/www.mpppst.gob.ve\/mpppstweb\/index.php\/wp-json\/wp\/v2\/users\/25"}],"replies":[{"embeddable":true,"href":"https:\/\/www.mpppst.gob.ve\/mpppstweb\/index.php\/wp-json\/wp\/v2\/comments?post=22420"}],"version-history":[{"count":1,"href":"https:\/\/www.mpppst.gob.ve\/mpppstweb\/index.php\/wp-json\/wp\/v2\/posts\/22420\/revisions"}],"predecessor-version":[{"id":22422,"href":"https:\/\/www.mpppst.gob.ve\/mpppstweb\/index.php\/wp-json\/wp\/v2\/posts\/22420\/revisions\/22422"}],"wp:featuredmedia":[{"embeddable":true,"href":"https:\/\/www.mpppst.gob.ve\/mpppstweb\/index.php\/wp-json\/wp\/v2\/media\/22421"}],"wp:attachment":[{"href":"https:\/\/www.mpppst.gob.ve\/mpppstweb\/index.php\/wp-json\/wp\/v2\/media?parent=22420"}],"wp:term":[{"taxonomy":"category","embeddable":true,"href":"https:\/\/www.mpppst.gob.ve\/mpppstweb\/index.php\/wp-json\/wp\/v2\/categories?post=22420"},{"taxonomy":"post_tag","embeddable":true,"href":"https:\/\/www.mpppst.gob.ve\/mpppstweb\/index.php\/wp-json\/wp\/v2\/tags?post=22420"}],"curies":[{"name":"wp","href":"https:\/\/api.w.org\/{rel}","templated":true}]}}