{"id":22424,"date":"2021-05-28T06:33:50","date_gmt":"2021-05-28T10:33:50","guid":{"rendered":"http:\/\/www.mpppst.gob.ve\/mpppstweb\/?p=22424"},"modified":"2021-05-28T06:33:51","modified_gmt":"2021-05-28T10:33:51","slug":"evaluan-territorializacion-de-planes-para-blindar-el-sistema-electrico-nacional","status":"publish","type":"post","link":"https:\/\/www.mpppst.gob.ve\/mpppstweb\/index.php\/2021\/05\/28\/evaluan-territorializacion-de-planes-para-blindar-el-sistema-electrico-nacional\/","title":{"rendered":"Eval\u00faan territorializaci\u00f3n de planes para blindar el Sistema El\u00e9ctrico Nacional"},"content":{"rendered":"\n<p>El vicepresidente Sectorial de Obras P\u00fablicas y Servicios, G\/J N\u00e9stor Reverol, durante una videoconferencia con los gerentes generales de las \u00e1reas sustantivas y territoriales de la Corporaci\u00f3n El\u00e9ctrica Nacional (Corpoelec), evalu\u00f3 el desarrollo de los planes de adecuaci\u00f3n de las subestaciones el\u00e9ctricas, pica, poda y tala, as\u00ed como de protecci\u00f3n del Sistema El\u00e9ctrico Nacional (SEN).<\/p>\n\n\n\n<p>Reverol manifest\u00f3 que, por instrucciones del presidente de la Rep\u00fablica, Nicol\u00e1s Maduro, tambi\u00e9n se revisaron las l\u00edneas estrat\u00e9gicas en materia energ\u00e9tica del Plan 200 Carabobo, donde cada gerente territorial, debe realizar el seguimiento correspondiente y supervisar su cumplimiento.<\/p>\n\n\n\n<p>El tambi\u00e9n ministro del Poder Popular para la Energ\u00eda El\u00e9ctrica se\u00f1al\u00f3 que, \u201ccon miras a lograr la m\u00e1xima organizaci\u00f3n de la fuerza trabajadora, en cada regi\u00f3n fortaleceremos los Consejos Productivos de Trabajadores y Trabajadoras, para lograr en conjunto la optimizaci\u00f3n de los planes de bienestar social y de atenci\u00f3n de quienes buscan laborar diariamente por un mejor servicio\u201d.<\/p>\n\n\n\n<p>El General en Jefe, reiter\u00f3 que continuar\u00e1 con el trabajo por la estabilizaci\u00f3n y confiabilidad del servicio el\u00e9ctrico en cada rinc\u00f3n del pa\u00eds, para garantizar el bienestar del pueblo venezolano en este a\u00f1o bicentenario de victorias.<\/p>\n\n\n\n<p>VTV<\/p>\n","protected":false},"excerpt":{"rendered":"<p>El vicepresidente Sectorial de Obras P\u00fablicas y Servicios, G\/J N\u00e9stor Reverol, durante una videoconferencia con los &hellip; <a title=\"Eval\u00faan territorializaci\u00f3n de planes para blindar el Sistema El\u00e9ctrico Nacional\" class=\"hm-read-more\" href=\"https:\/\/www.mpppst.gob.ve\/mpppstweb\/index.php\/2021\/05\/28\/evaluan-territorializacion-de-planes-para-blindar-el-sistema-electrico-nacional\/\"><span class=\"screen-reader-text\">Eval\u00faan territorializaci\u00f3n de planes para blindar el Sistema El\u00e9ctrico Nacional<\/span>Read more<\/a><\/p>\n","protected":false},"author":25,"featured_media":22425,"comment_status":"closed","ping_status":"closed","sticky":false,"template":"","format":"standard","meta":{"footnotes":""},"categories":[82,163],"tags":[],"yoast_head":"<!-- This site is optimized with the Yoast SEO plugin v22.5 - https:\/\/yoast.com\/wordpress\/plugins\/seo\/ -->\n<title>Eval\u00faan territorializaci\u00f3n de planes para blindar el Sistema El\u00e9ctrico Nacional - MPPPST<\/title>\n<meta name=\"robots\" content=\"index, follow, max-snippet:-1, max-image-preview:large, max-video-preview:-1\" \/>\n<link rel=\"canonical\" href=\"https:\/\/www.mpppst.gob.ve\/mpppstweb\/index.php\/2021\/05\/28\/evaluan-territorializacion-de-planes-para-blindar-el-sistema-electrico-nacional\/\" \/>\n<meta property=\"og:locale\" content=\"es_ES\" \/>\n<meta property=\"og:type\" content=\"article\" \/>\n<meta property=\"og:title\" content=\"Eval\u00faan territorializaci\u00f3n de planes para blindar el Sistema El\u00e9ctrico Nacional - MPPPST\" \/>\n<meta property=\"og:description\" content=\"El vicepresidente Sectorial de Obras P\u00fablicas y Servicios, G\/J N\u00e9stor Reverol, durante una videoconferencia con los &hellip; Eval\u00faan territorializaci\u00f3n de planes para blindar el Sistema El\u00e9ctrico NacionalRead more\" \/>\n<meta property=\"og:url\" content=\"https:\/\/www.mpppst.gob.ve\/mpppstweb\/index.php\/2021\/05\/28\/evaluan-territorializacion-de-planes-para-blindar-el-sistema-electrico-nacional\/\" \/>\n<meta property=\"og:site_name\" content=\"MPPPST\" \/>\n<meta property=\"article:published_time\" content=\"2021-05-28T10:33:50+00:00\" \/>\n<meta property=\"article:modified_time\" content=\"2021-05-28T10:33:51+00:00\" \/>\n<meta property=\"og:image\" content=\"https:\/\/www.mpppst.gob.ve\/mpppstweb\/wp-content\/uploads\/2021\/05\/evaluan-territorializacion-planes-blindar-sistema-electrico-nacional-768x427-1.jpg\" \/>\n\t<meta property=\"og:image:width\" content=\"768\" \/>\n\t<meta property=\"og:image:height\" content=\"427\" \/>\n\t<meta property=\"og:image:type\" content=\"image\/jpeg\" \/>\n<meta name=\"author\" content=\"MPPPST Prensa\" \/>\n<meta name=\"twitter:card\" content=\"summary_large_image\" \/>\n<meta name=\"twitter:label1\" content=\"Escrito por\" \/>\n\t<meta name=\"twitter:data1\" content=\"MPPPST Prensa\" \/>\n\t<meta name=\"twitter:label2\" content=\"Tiempo de lectura\" \/>\n\t<meta name=\"twitter:data2\" content=\"1 minuto\" \/>\n<script type=\"application\/ld+json\" class=\"yoast-schema-graph\">{\"@context\":\"https:\/\/schema.org\",\"@graph\":[{\"@type\":\"Article\",\"@id\":\"https:\/\/www.mpppst.gob.ve\/mpppstweb\/index.php\/2021\/05\/28\/evaluan-territorializacion-de-planes-para-blindar-el-sistema-electrico-nacional\/#article\",\"isPartOf\":{\"@id\":\"https:\/\/www.mpppst.gob.ve\/mpppstweb\/index.php\/2021\/05\/28\/evaluan-territorializacion-de-planes-para-blindar-el-sistema-electrico-nacional\/\"},\"author\":{\"name\":\"MPPPST Prensa\",\"@id\":\"https:\/\/www.mpppst.gob.ve\/mpppstweb\/#\/schema\/person\/fc187ee8ead412bd4c9304b62f900ea4\"},\"headline\":\"Eval\u00faan territorializaci\u00f3n de planes para blindar el Sistema El\u00e9ctrico Nacional\",\"datePublished\":\"2021-05-28T10:33:50+00:00\",\"dateModified\":\"2021-05-28T10:33:51+00:00\",\"mainEntityOfPage\":{\"@id\":\"https:\/\/www.mpppst.gob.ve\/mpppstweb\/index.php\/2021\/05\/28\/evaluan-territorializacion-de-planes-para-blindar-el-sistema-electrico-nacional\/\"},\"wordCount\":229,\"publisher\":{\"@id\":\"https:\/\/www.mpppst.gob.ve\/mpppstweb\/#organization\"},\"image\":{\"@id\":\"https:\/\/www.mpppst.gob.ve\/mpppstweb\/index.php\/2021\/05\/28\/evaluan-territorializacion-de-planes-para-blindar-el-sistema-electrico-nacional\/#primaryimage\"},\"thumbnailUrl\":\"https:\/\/www.mpppst.gob.ve\/mpppstweb\/wp-content\/uploads\/2021\/05\/evaluan-territorializacion-planes-blindar-sistema-electrico-nacional-768x427-1.jpg\",\"articleSection\":[\"Gobierno Nacional\",\"Noticias\"],\"inLanguage\":\"es\"},{\"@type\":\"WebPage\",\"@id\":\"https:\/\/www.mpppst.gob.ve\/mpppstweb\/index.php\/2021\/05\/28\/evaluan-territorializacion-de-planes-para-blindar-el-sistema-electrico-nacional\/\",\"url\":\"https:\/\/www.mpppst.gob.ve\/mpppstweb\/index.php\/2021\/05\/28\/evaluan-territorializacion-de-planes-para-blindar-el-sistema-electrico-nacional\/\",\"name\":\"Eval\u00faan territorializaci\u00f3n de planes para blindar el Sistema El\u00e9ctrico Nacional - MPPPST\",\"isPartOf\":{\"@id\":\"https:\/\/www.mpppst.gob.ve\/mpppstweb\/#website\"},\"primaryImageOfPage\":{\"@id\":\"https:\/\/www.mpppst.gob.ve\/mpppstweb\/index.php\/2021\/05\/28\/evaluan-territorializacion-de-planes-para-blindar-el-sistema-electrico-nacional\/#primaryimage\"},\"image\":{\"@id\":\"https:\/\/www.mpppst.gob.ve\/mpppstweb\/index.php\/2021\/05\/28\/evaluan-territorializacion-de-planes-para-blindar-el-sistema-electrico-nacional\/#primaryimage\"},\"thumbnailUrl\":\"https:\/\/www.mpppst.gob.ve\/mpppstweb\/wp-content\/uploads\/2021\/05\/evaluan-territorializacion-planes-blindar-sistema-electrico-nacional-768x427-1.jpg\",\"datePublished\":\"2021-05-28T10:33:50+00:00\",\"dateModified\":\"2021-05-28T10:33:51+00:00\",\"breadcrumb\":{\"@id\":\"https:\/\/www.mpppst.gob.ve\/mpppstweb\/index.php\/2021\/05\/28\/evaluan-territorializacion-de-planes-para-blindar-el-sistema-electrico-nacional\/#breadcrumb\"},\"inLanguage\":\"es\",\"potentialAction\":[{\"@type\":\"ReadAction\",\"target\":[\"https:\/\/www.mpppst.gob.ve\/mpppstweb\/index.php\/2021\/05\/28\/evaluan-territorializacion-de-planes-para-blindar-el-sistema-electrico-nacional\/\"]}]},{\"@type\":\"ImageObject\",\"inLanguage\":\"es\",\"@id\":\"https:\/\/www.mpppst.gob.ve\/mpppstweb\/index.php\/2021\/05\/28\/evaluan-territorializacion-de-planes-para-blindar-el-sistema-electrico-nacional\/#primaryimage\",\"url\":\"https:\/\/www.mpppst.gob.ve\/mpppstweb\/wp-content\/uploads\/2021\/05\/evaluan-territorializacion-planes-blindar-sistema-electrico-nacional-768x427-1.jpg\",\"contentUrl\":\"https:\/\/www.mpppst.gob.ve\/mpppstweb\/wp-content\/uploads\/2021\/05\/evaluan-territorializacion-planes-blindar-sistema-electrico-nacional-768x427-1.jpg\",\"width\":768,\"height\":427},{\"@type\":\"BreadcrumbList\",\"@id\":\"https:\/\/www.mpppst.gob.ve\/mpppstweb\/index.php\/2021\/05\/28\/evaluan-territorializacion-de-planes-para-blindar-el-sistema-electrico-nacional\/#breadcrumb\",\"itemListElement\":[{\"@type\":\"ListItem\",\"position\":1,\"name\":\"Home\",\"item\":\"https:\/\/www.mpppst.gob.ve\/mpppstweb\/\"},{\"@type\":\"ListItem\",\"position\":2,\"name\":\"Eval\u00faan territorializaci\u00f3n de planes para blindar el Sistema El\u00e9ctrico Nacional\"}]},{\"@type\":\"WebSite\",\"@id\":\"https:\/\/www.mpppst.gob.ve\/mpppstweb\/#website\",\"url\":\"https:\/\/www.mpppst.gob.ve\/mpppstweb\/\",\"name\":\"MPPPST\",\"description\":\"Ministerio del Poder Popular para el Proceso Social de Trabajo\",\"publisher\":{\"@id\":\"https:\/\/www.mpppst.gob.ve\/mpppstweb\/#organization\"},\"potentialAction\":[{\"@type\":\"SearchAction\",\"target\":{\"@type\":\"EntryPoint\",\"urlTemplate\":\"https:\/\/www.mpppst.gob.ve\/mpppstweb\/?s={search_term_string}\"},\"query-input\":\"required name=search_term_string\"}],\"inLanguage\":\"es\"},{\"@type\":\"Organization\",\"@id\":\"https:\/\/www.mpppst.gob.ve\/mpppstweb\/#organization\",\"name\":\"mpppst\",\"url\":\"https:\/\/www.mpppst.gob.ve\/mpppstweb\/\",\"logo\":{\"@type\":\"ImageObject\",\"inLanguage\":\"es\",\"@id\":\"https:\/\/www.mpppst.gob.ve\/mpppstweb\/#\/schema\/logo\/image\/\",\"url\":\"https:\/\/www.mpppst.gob.ve\/mpppstweb\/wp-content\/uploads\/2025\/07\/cropped-cropped-g910.png\",\"contentUrl\":\"https:\/\/www.mpppst.gob.ve\/mpppstweb\/wp-content\/uploads\/2025\/07\/cropped-cropped-g910.png\",\"width\":1080,\"height\":241,\"caption\":\"mpppst\"},\"image\":{\"@id\":\"https:\/\/www.mpppst.gob.ve\/mpppstweb\/#\/schema\/logo\/image\/\"}},{\"@type\":\"Person\",\"@id\":\"https:\/\/www.mpppst.gob.ve\/mpppstweb\/#\/schema\/person\/fc187ee8ead412bd4c9304b62f900ea4\",\"name\":\"MPPPST Prensa\",\"url\":\"https:\/\/www.mpppst.gob.ve\/mpppstweb\/index.php\/author\/prensa-mpppst\/\"}]}<\/script>\n<!-- \/ Yoast SEO plugin. -->","yoast_head_json":{"title":"Eval\u00faan territorializaci\u00f3n de planes para blindar el Sistema El\u00e9ctrico Nacional - MPPPST","robots":{"index":"index","follow":"follow","max-snippet":"max-snippet:-1","max-image-preview":"max-image-preview:large","max-video-preview":"max-video-preview:-1"},"canonical":"https:\/\/www.mpppst.gob.ve\/mpppstweb\/index.php\/2021\/05\/28\/evaluan-territorializacion-de-planes-para-blindar-el-sistema-electrico-nacional\/","og_locale":"es_ES","og_type":"article","og_title":"Eval\u00faan territorializaci\u00f3n de planes para blindar el Sistema El\u00e9ctrico Nacional - MPPPST","og_description":"El vicepresidente Sectorial de Obras P\u00fablicas y Servicios, G\/J N\u00e9stor Reverol, durante una videoconferencia con los &hellip; Eval\u00faan territorializaci\u00f3n de planes para blindar el Sistema El\u00e9ctrico NacionalRead more","og_url":"https:\/\/www.mpppst.gob.ve\/mpppstweb\/index.php\/2021\/05\/28\/evaluan-territorializacion-de-planes-para-blindar-el-sistema-electrico-nacional\/","og_site_name":"MPPPST","article_published_time":"2021-05-28T10:33:50+00:00","article_modified_time":"2021-05-28T10:33:51+00:00","og_image":[{"width":768,"height":427,"url":"https:\/\/www.mpppst.gob.ve\/mpppstweb\/wp-content\/uploads\/2021\/05\/evaluan-territorializacion-planes-blindar-sistema-electrico-nacional-768x427-1.jpg","type":"image\/jpeg"}],"author":"MPPPST Prensa","twitter_card":"summary_large_image","twitter_misc":{"Escrito por":"MPPPST Prensa","Tiempo de lectura":"1 minuto"},"schema":{"@context":"https:\/\/schema.org","@graph":[{"@type":"Article","@id":"https:\/\/www.mpppst.gob.ve\/mpppstweb\/index.php\/2021\/05\/28\/evaluan-territorializacion-de-planes-para-blindar-el-sistema-electrico-nacional\/#article","isPartOf":{"@id":"https:\/\/www.mpppst.gob.ve\/mpppstweb\/index.php\/2021\/05\/28\/evaluan-territorializacion-de-planes-para-blindar-el-sistema-electrico-nacional\/"},"author":{"name":"MPPPST Prensa","@id":"https:\/\/www.mpppst.gob.ve\/mpppstweb\/#\/schema\/person\/fc187ee8ead412bd4c9304b62f900ea4"},"headline":"Eval\u00faan territorializaci\u00f3n de planes para blindar el Sistema El\u00e9ctrico Nacional","datePublished":"2021-05-28T10:33:50+00:00","dateModified":"2021-05-28T10:33:51+00:00","mainEntityOfPage":{"@id":"https:\/\/www.mpppst.gob.ve\/mpppstweb\/index.php\/2021\/05\/28\/evaluan-territorializacion-de-planes-para-blindar-el-sistema-electrico-nacional\/"},"wordCount":229,"publisher":{"@id":"https:\/\/www.mpppst.gob.ve\/mpppstweb\/#organization"},"image":{"@id":"https:\/\/www.mpppst.gob.ve\/mpppstweb\/index.php\/2021\/05\/28\/evaluan-territorializacion-de-planes-para-blindar-el-sistema-electrico-nacional\/#primaryimage"},"thumbnailUrl":"https:\/\/www.mpppst.gob.ve\/mpppstweb\/wp-content\/uploads\/2021\/05\/evaluan-territorializacion-planes-blindar-sistema-electrico-nacional-768x427-1.jpg","articleSection":["Gobierno Nacional","Noticias"],"inLanguage":"es"},{"@type":"WebPage","@id":"https:\/\/www.mpppst.gob.ve\/mpppstweb\/index.php\/2021\/05\/28\/evaluan-territorializacion-de-planes-para-blindar-el-sistema-electrico-nacional\/","url":"https:\/\/www.mpppst.gob.ve\/mpppstweb\/index.php\/2021\/05\/28\/evaluan-territorializacion-de-planes-para-blindar-el-sistema-electrico-nacional\/","name":"Eval\u00faan territorializaci\u00f3n de planes para blindar el Sistema El\u00e9ctrico Nacional - MPPPST","isPartOf":{"@id":"https:\/\/www.mpppst.gob.ve\/mpppstweb\/#website"},"primaryImageOfPage":{"@id":"https:\/\/www.mpppst.gob.ve\/mpppstweb\/index.php\/2021\/05\/28\/evaluan-territorializacion-de-planes-para-blindar-el-sistema-electrico-nacional\/#primaryimage"},"image":{"@id":"https:\/\/www.mpppst.gob.ve\/mpppstweb\/index.php\/2021\/05\/28\/evaluan-territorializacion-de-planes-para-blindar-el-sistema-electrico-nacional\/#primaryimage"},"thumbnailUrl":"https:\/\/www.mpppst.gob.ve\/mpppstweb\/wp-content\/uploads\/2021\/05\/evaluan-territorializacion-planes-blindar-sistema-electrico-nacional-768x427-1.jpg","datePublished":"2021-05-28T10:33:50+00:00","dateModified":"2021-05-28T10:33:51+00:00","breadcrumb":{"@id":"https:\/\/www.mpppst.gob.ve\/mpppstweb\/index.php\/2021\/05\/28\/evaluan-territorializacion-de-planes-para-blindar-el-sistema-electrico-nacional\/#breadcrumb"},"inLanguage":"es","potentialAction":[{"@type":"ReadAction","target":["https:\/\/www.mpppst.gob.ve\/mpppstweb\/index.php\/2021\/05\/28\/evaluan-territorializacion-de-planes-para-blindar-el-sistema-electrico-nacional\/"]}]},{"@type":"ImageObject","inLanguage":"es","@id":"https:\/\/www.mpppst.gob.ve\/mpppstweb\/index.php\/2021\/05\/28\/evaluan-territorializacion-de-planes-para-blindar-el-sistema-electrico-nacional\/#primaryimage","url":"https:\/\/www.mpppst.gob.ve\/mpppstweb\/wp-content\/uploads\/2021\/05\/evaluan-territorializacion-planes-blindar-sistema-electrico-nacional-768x427-1.jpg","contentUrl":"https:\/\/www.mpppst.gob.ve\/mpppstweb\/wp-content\/uploads\/2021\/05\/evaluan-territorializacion-planes-blindar-sistema-electrico-nacional-768x427-1.jpg","width":768,"height":427},{"@type":"BreadcrumbList","@id":"https:\/\/www.mpppst.gob.ve\/mpppstweb\/index.php\/2021\/05\/28\/evaluan-territorializacion-de-planes-para-blindar-el-sistema-electrico-nacional\/#breadcrumb","itemListElement":[{"@type":"ListItem","position":1,"name":"Home","item":"https:\/\/www.mpppst.gob.ve\/mpppstweb\/"},{"@type":"ListItem","position":2,"name":"Eval\u00faan territorializaci\u00f3n de planes para blindar el Sistema El\u00e9ctrico Nacional"}]},{"@type":"WebSite","@id":"https:\/\/www.mpppst.gob.ve\/mpppstweb\/#website","url":"https:\/\/www.mpppst.gob.ve\/mpppstweb\/","name":"MPPPST","description":"Ministerio del Poder Popular para el Proceso Social de Trabajo","publisher":{"@id":"https:\/\/www.mpppst.gob.ve\/mpppstweb\/#organization"},"potentialAction":[{"@type":"SearchAction","target":{"@type":"EntryPoint","urlTemplate":"https:\/\/www.mpppst.gob.ve\/mpppstweb\/?s={search_term_string}"},"query-input":"required name=search_term_string"}],"inLanguage":"es"},{"@type":"Organization","@id":"https:\/\/www.mpppst.gob.ve\/mpppstweb\/#organization","name":"mpppst","url":"https:\/\/www.mpppst.gob.ve\/mpppstweb\/","logo":{"@type":"ImageObject","inLanguage":"es","@id":"https:\/\/www.mpppst.gob.ve\/mpppstweb\/#\/schema\/logo\/image\/","url":"https:\/\/www.mpppst.gob.ve\/mpppstweb\/wp-content\/uploads\/2025\/07\/cropped-cropped-g910.png","contentUrl":"https:\/\/www.mpppst.gob.ve\/mpppstweb\/wp-content\/uploads\/2025\/07\/cropped-cropped-g910.png","width":1080,"height":241,"caption":"mpppst"},"image":{"@id":"https:\/\/www.mpppst.gob.ve\/mpppstweb\/#\/schema\/logo\/image\/"}},{"@type":"Person","@id":"https:\/\/www.mpppst.gob.ve\/mpppstweb\/#\/schema\/person\/fc187ee8ead412bd4c9304b62f900ea4","name":"MPPPST Prensa","url":"https:\/\/www.mpppst.gob.ve\/mpppstweb\/index.php\/author\/prensa-mpppst\/"}]}},"_links":{"self":[{"href":"https:\/\/www.mpppst.gob.ve\/mpppstweb\/index.php\/wp-json\/wp\/v2\/posts\/22424"}],"collection":[{"href":"https:\/\/www.mpppst.gob.ve\/mpppstweb\/index.php\/wp-json\/wp\/v2\/posts"}],"about":[{"href":"https:\/\/www.mpppst.gob.ve\/mpppstweb\/index.php\/wp-json\/wp\/v2\/types\/post"}],"author":[{"embeddable":true,"href":"https:\/\/www.mpppst.gob.ve\/mpppstweb\/index.php\/wp-json\/wp\/v2\/users\/25"}],"replies":[{"embeddable":true,"href":"https:\/\/www.mpppst.gob.ve\/mpppstweb\/index.php\/wp-json\/wp\/v2\/comments?post=22424"}],"version-history":[{"count":1,"href":"https:\/\/www.mpppst.gob.ve\/mpppstweb\/index.php\/wp-json\/wp\/v2\/posts\/22424\/revisions"}],"predecessor-version":[{"id":22426,"href":"https:\/\/www.mpppst.gob.ve\/mpppstweb\/index.php\/wp-json\/wp\/v2\/posts\/22424\/revisions\/22426"}],"wp:featuredmedia":[{"embeddable":true,"href":"https:\/\/www.mpppst.gob.ve\/mpppstweb\/index.php\/wp-json\/wp\/v2\/media\/22425"}],"wp:attachment":[{"href":"https:\/\/www.mpppst.gob.ve\/mpppstweb\/index.php\/wp-json\/wp\/v2\/media?parent=22424"}],"wp:term":[{"taxonomy":"category","embeddable":true,"href":"https:\/\/www.mpppst.gob.ve\/mpppstweb\/index.php\/wp-json\/wp\/v2\/categories?post=22424"},{"taxonomy":"post_tag","embeddable":true,"href":"https:\/\/www.mpppst.gob.ve\/mpppstweb\/index.php\/wp-json\/wp\/v2\/tags?post=22424"}],"curies":[{"name":"wp","href":"https:\/\/api.w.org\/{rel}","templated":true}]}}