{"id":22484,"date":"2021-06-03T07:15:02","date_gmt":"2021-06-03T11:15:02","guid":{"rendered":"http:\/\/www.mpppst.gob.ve\/mpppstweb\/?p=22484"},"modified":"2021-06-03T07:15:03","modified_gmt":"2021-06-03T11:15:03","slug":"dia-444-lucha-contra-la-covid-19-venezuela-registra-1-188-casos-comunitarios-y-la-tasa-de-recuperacion-se-ubica-en-92","status":"publish","type":"post","link":"https:\/\/www.mpppst.gob.ve\/mpppstweb\/index.php\/2021\/06\/03\/dia-444-lucha-contra-la-covid-19-venezuela-registra-1-188-casos-comunitarios-y-la-tasa-de-recuperacion-se-ubica-en-92\/","title":{"rendered":"D\u00eda 444 | Lucha contra la COVID-19: Venezuela registra 1.188 casos comunitarios y la tasa de recuperaci\u00f3n se ubica en 92%"},"content":{"rendered":"\n<p><strong>Un total de 1.188 casos de transmisi\u00f3n comunitaria de COVID-19 fueron detectados en las \u00faltimas 24 horas por las autoridades sanitarias venezolanas, mientras que la tasa de recuperaci\u00f3n se ubica en 92 por ciento del total de casos al registrarse 217.798<\/strong>&nbsp;<strong>pacientes recuperados gracias a los tratamientos gratuitos que garantiza el Gobierno Bolivariano.<\/strong><\/p>\n\n\n\n<p>As\u00ed lo dio a conocer el vicepresidente sectorial de Comunicaci\u00f3n, Turismo y Cultura, Freddy \u00d1\u00e1\u00f1ez, a trav\u00e9s de una serie de publicaciones en su cuenta de la red social Twitter @luchaalmada, durante el acostumbrado balance diario que ofrece la Comisi\u00f3n Presidencial para el Control y la Prevenci\u00f3n de la&nbsp;<strong>COVID-19<\/strong>.<\/p>\n\n\n\n<p>En este sentido, detall\u00f3 que los casos de transmisi\u00f3n comunitaria se discriminan de la siguiente manera: Yaracuy (251), Falc\u00f3n (186), Zulia (135), Barinas (99), Apure (91), La Guaira (81),&nbsp;&nbsp; Monagas (61), Caracas (56), Aragua (41), Lara (36), Miranda (30), Bol\u00edvar (29), Nueva Esparta (25), (Sucre 17), Portuguesa (15), Gu\u00e1rico (10), entre otros estados que se mencionan a continuaci\u00f3n:<\/p>\n\n\n\n<div class=\"wp-block-image\"><figure class=\"aligncenter\"><img decoding=\"async\" src=\"https:\/\/www.vtv.gob.ve\/wp-content\/uploads\/2021\/06\/2.1.jpg\" alt=\"\" class=\"wp-image-365290\"\/><\/figure><\/div>\n\n\n\n<p>Asimismo, precis\u00f3 que el estado Yaracuy es la entidad con mayor n\u00famero de contagios en 11 de sus 14 municipios: San Felipe (71), Independencia (48), Cocorote (31), Nirgua (30), Pe\u00f1a (24), Bruzual (13), La Trinidad (8) Aristides Bastidas (7), Jos\u00e9 Antonio P\u00e1ez (7), Manuel Monge (7) y Veroes (4)<\/p>\n\n\n\n<div class=\"wp-block-image\"><figure class=\"aligncenter\"><img decoding=\"async\" src=\"https:\/\/www.vtv.gob.ve\/wp-content\/uploads\/2021\/06\/2.2.jpg\" alt=\"\" class=\"wp-image-365292\"\/><\/figure><\/div>\n\n\n\n<p>De igual manera, inform\u00f3 que a la fecha hay a un total de 236.755 casos confirmados, 217.798 personas recuperadas, lo que representa el 92% de los contagios.&nbsp;<\/p>\n\n\n\n<p>El tambi\u00e9n Ministro del Poder Popular para la Comunicaci\u00f3n y la Informaci\u00f3n, resalt\u00f3 que Venezuela cuenta con 16.283 casos activos, 10.009 est\u00e1n siendo atendidos en Hospitales, 5.776 en Centros de Diagn\u00f3stico Integral y 498 en cl\u00ednicas privadas.<\/p>\n\n\n\n<p>Agreg\u00f3 que hay 9.813 pacientes que se encuentran Asintom\u00e1ticos, 5.220 con Insuficiencia Respiratoria Aguda leve, 2.674 personas fallecidas, 949 con Insuficiencia Respiratoria Aguda Moderada y 301 en Unidades de Cuidados Intensivos.<\/p>\n\n\n\n<div class=\"wp-block-image\"><figure class=\"aligncenter\"><img decoding=\"async\" src=\"https:\/\/www.vtv.gob.ve\/wp-content\/uploads\/2021\/06\/2.3.jpg\" alt=\"\" class=\"wp-image-365294\"\/><\/figure><\/div>\n\n\n\n<p>Asimismo, lament\u00f3 el fallecimiento 13 nuevas v\u00edctimas para llegar a 2.674:<\/p>\n\n\n\n<ul><li>2 hombres de 34 y 67 a\u00f1os y 2 mujeres de 52 y 53 a\u00f1os de Anzo\u00e1tegui<\/li><li>2 mujeres de 58 y 83 a\u00f1os y 1 hombre de 39 a\u00f1os de Sucre<\/li><li>1 hombre de 62 a\u00f1os y 1 mujer de 70 a\u00f1os de Miranda&nbsp;<\/li><li>1 mujer de 77 a\u00f1os de Caracas<\/li><li>1 hombre 72 a\u00f1os de Apure<\/li><li>1 mujer de 58 a\u00f1os de Nva. Esparta<\/li><li>1 hombre de 62 a\u00f1os de La Guaira.<\/li><\/ul>\n\n\n\n<p>\u201cCondolencias a sus familiares y deudos\u201d, escribi\u00f3.<\/p>\n\n\n\n<p>Finalmente, inform\u00f3 que este mi\u00e9rcoles el pa\u00eds lleg\u00f3 a 60 jornadas de desinfecci\u00f3n, abarcando 7.390.000 espacios p\u00fablicos en todo el pa\u00eds, gracias a la Misi\u00f3n Venezuela Bella, con el fin de combatir la&nbsp;<strong>C<\/strong><strong>OVID-19<\/strong>&nbsp;y as\u00ed garantizar la protecci\u00f3n a todo el pueblo venezolano<\/p>\n","protected":false},"excerpt":{"rendered":"<p>Un total de 1.188 casos de transmisi\u00f3n comunitaria de COVID-19 fueron detectados en las \u00faltimas 24 &hellip; <a title=\"D\u00eda 444 | Lucha contra la COVID-19: Venezuela registra 1.188 casos comunitarios y la tasa de recuperaci\u00f3n se ubica en 92%\" class=\"hm-read-more\" href=\"https:\/\/www.mpppst.gob.ve\/mpppstweb\/index.php\/2021\/06\/03\/dia-444-lucha-contra-la-covid-19-venezuela-registra-1-188-casos-comunitarios-y-la-tasa-de-recuperacion-se-ubica-en-92\/\"><span class=\"screen-reader-text\">D\u00eda 444 | Lucha contra la COVID-19: Venezuela registra 1.188 casos comunitarios y la tasa de recuperaci\u00f3n se ubica en 92%<\/span>Read more<\/a><\/p>\n","protected":false},"author":25,"featured_media":22485,"comment_status":"closed","ping_status":"closed","sticky":false,"template":"","format":"standard","meta":{"footnotes":""},"categories":[82,163],"tags":[],"yoast_head":"<!-- This site is optimized with the Yoast SEO plugin v22.5 - https:\/\/yoast.com\/wordpress\/plugins\/seo\/ -->\n<title>D\u00eda 444 | Lucha contra la COVID-19: Venezuela registra 1.188 casos comunitarios y la tasa de recuperaci\u00f3n se ubica en 92% - MPPPST<\/title>\n<meta name=\"robots\" content=\"index, follow, max-snippet:-1, max-image-preview:large, max-video-preview:-1\" \/>\n<link rel=\"canonical\" href=\"https:\/\/www.mpppst.gob.ve\/mpppstweb\/index.php\/2021\/06\/03\/dia-444-lucha-contra-la-covid-19-venezuela-registra-1-188-casos-comunitarios-y-la-tasa-de-recuperacion-se-ubica-en-92\/\" \/>\n<meta property=\"og:locale\" content=\"es_ES\" \/>\n<meta property=\"og:type\" content=\"article\" \/>\n<meta property=\"og:title\" content=\"D\u00eda 444 | Lucha contra la COVID-19: Venezuela registra 1.188 casos comunitarios y la tasa de recuperaci\u00f3n se ubica en 92% - MPPPST\" \/>\n<meta property=\"og:description\" content=\"Un total de 1.188 casos de transmisi\u00f3n comunitaria de COVID-19 fueron detectados en las \u00faltimas 24 &hellip; D\u00eda 444 | Lucha contra la COVID-19: Venezuela registra 1.188 casos comunitarios y la tasa de recuperaci\u00f3n se ubica en 92%Read more\" \/>\n<meta property=\"og:url\" content=\"https:\/\/www.mpppst.gob.ve\/mpppstweb\/index.php\/2021\/06\/03\/dia-444-lucha-contra-la-covid-19-venezuela-registra-1-188-casos-comunitarios-y-la-tasa-de-recuperacion-se-ubica-en-92\/\" \/>\n<meta property=\"og:site_name\" content=\"MPPPST\" \/>\n<meta property=\"article:published_time\" content=\"2021-06-03T11:15:02+00:00\" \/>\n<meta property=\"article:modified_time\" content=\"2021-06-03T11:15:03+00:00\" \/>\n<meta property=\"og:image\" content=\"https:\/\/www.mpppst.gob.ve\/mpppstweb\/wp-content\/uploads\/2021\/06\/2.0-768x427-1.jpg\" \/>\n\t<meta property=\"og:image:width\" content=\"768\" \/>\n\t<meta property=\"og:image:height\" content=\"427\" \/>\n\t<meta property=\"og:image:type\" content=\"image\/jpeg\" \/>\n<meta name=\"author\" content=\"MPPPST Prensa\" \/>\n<meta name=\"twitter:card\" content=\"summary_large_image\" \/>\n<meta name=\"twitter:label1\" content=\"Escrito por\" \/>\n\t<meta name=\"twitter:data1\" content=\"MPPPST Prensa\" \/>\n\t<meta name=\"twitter:label2\" content=\"Tiempo de lectura\" \/>\n\t<meta name=\"twitter:data2\" content=\"2 minutos\" \/>\n<script type=\"application\/ld+json\" class=\"yoast-schema-graph\">{\"@context\":\"https:\/\/schema.org\",\"@graph\":[{\"@type\":\"Article\",\"@id\":\"https:\/\/www.mpppst.gob.ve\/mpppstweb\/index.php\/2021\/06\/03\/dia-444-lucha-contra-la-covid-19-venezuela-registra-1-188-casos-comunitarios-y-la-tasa-de-recuperacion-se-ubica-en-92\/#article\",\"isPartOf\":{\"@id\":\"https:\/\/www.mpppst.gob.ve\/mpppstweb\/index.php\/2021\/06\/03\/dia-444-lucha-contra-la-covid-19-venezuela-registra-1-188-casos-comunitarios-y-la-tasa-de-recuperacion-se-ubica-en-92\/\"},\"author\":{\"name\":\"MPPPST Prensa\",\"@id\":\"https:\/\/www.mpppst.gob.ve\/mpppstweb\/#\/schema\/person\/fc187ee8ead412bd4c9304b62f900ea4\"},\"headline\":\"D\u00eda 444 | Lucha contra la COVID-19: Venezuela registra 1.188 casos comunitarios y la tasa de recuperaci\u00f3n se ubica en 92%\",\"datePublished\":\"2021-06-03T11:15:02+00:00\",\"dateModified\":\"2021-06-03T11:15:03+00:00\",\"mainEntityOfPage\":{\"@id\":\"https:\/\/www.mpppst.gob.ve\/mpppstweb\/index.php\/2021\/06\/03\/dia-444-lucha-contra-la-covid-19-venezuela-registra-1-188-casos-comunitarios-y-la-tasa-de-recuperacion-se-ubica-en-92\/\"},\"wordCount\":437,\"publisher\":{\"@id\":\"https:\/\/www.mpppst.gob.ve\/mpppstweb\/#organization\"},\"image\":{\"@id\":\"https:\/\/www.mpppst.gob.ve\/mpppstweb\/index.php\/2021\/06\/03\/dia-444-lucha-contra-la-covid-19-venezuela-registra-1-188-casos-comunitarios-y-la-tasa-de-recuperacion-se-ubica-en-92\/#primaryimage\"},\"thumbnailUrl\":\"https:\/\/www.mpppst.gob.ve\/mpppstweb\/wp-content\/uploads\/2021\/06\/2.0-768x427-1.jpg\",\"articleSection\":[\"Gobierno Nacional\",\"Noticias\"],\"inLanguage\":\"es\"},{\"@type\":\"WebPage\",\"@id\":\"https:\/\/www.mpppst.gob.ve\/mpppstweb\/index.php\/2021\/06\/03\/dia-444-lucha-contra-la-covid-19-venezuela-registra-1-188-casos-comunitarios-y-la-tasa-de-recuperacion-se-ubica-en-92\/\",\"url\":\"https:\/\/www.mpppst.gob.ve\/mpppstweb\/index.php\/2021\/06\/03\/dia-444-lucha-contra-la-covid-19-venezuela-registra-1-188-casos-comunitarios-y-la-tasa-de-recuperacion-se-ubica-en-92\/\",\"name\":\"D\u00eda 444 | Lucha contra la COVID-19: Venezuela registra 1.188 casos comunitarios y la tasa de recuperaci\u00f3n se ubica en 92% - MPPPST\",\"isPartOf\":{\"@id\":\"https:\/\/www.mpppst.gob.ve\/mpppstweb\/#website\"},\"primaryImageOfPage\":{\"@id\":\"https:\/\/www.mpppst.gob.ve\/mpppstweb\/index.php\/2021\/06\/03\/dia-444-lucha-contra-la-covid-19-venezuela-registra-1-188-casos-comunitarios-y-la-tasa-de-recuperacion-se-ubica-en-92\/#primaryimage\"},\"image\":{\"@id\":\"https:\/\/www.mpppst.gob.ve\/mpppstweb\/index.php\/2021\/06\/03\/dia-444-lucha-contra-la-covid-19-venezuela-registra-1-188-casos-comunitarios-y-la-tasa-de-recuperacion-se-ubica-en-92\/#primaryimage\"},\"thumbnailUrl\":\"https:\/\/www.mpppst.gob.ve\/mpppstweb\/wp-content\/uploads\/2021\/06\/2.0-768x427-1.jpg\",\"datePublished\":\"2021-06-03T11:15:02+00:00\",\"dateModified\":\"2021-06-03T11:15:03+00:00\",\"breadcrumb\":{\"@id\":\"https:\/\/www.mpppst.gob.ve\/mpppstweb\/index.php\/2021\/06\/03\/dia-444-lucha-contra-la-covid-19-venezuela-registra-1-188-casos-comunitarios-y-la-tasa-de-recuperacion-se-ubica-en-92\/#breadcrumb\"},\"inLanguage\":\"es\",\"potentialAction\":[{\"@type\":\"ReadAction\",\"target\":[\"https:\/\/www.mpppst.gob.ve\/mpppstweb\/index.php\/2021\/06\/03\/dia-444-lucha-contra-la-covid-19-venezuela-registra-1-188-casos-comunitarios-y-la-tasa-de-recuperacion-se-ubica-en-92\/\"]}]},{\"@type\":\"ImageObject\",\"inLanguage\":\"es\",\"@id\":\"https:\/\/www.mpppst.gob.ve\/mpppstweb\/index.php\/2021\/06\/03\/dia-444-lucha-contra-la-covid-19-venezuela-registra-1-188-casos-comunitarios-y-la-tasa-de-recuperacion-se-ubica-en-92\/#primaryimage\",\"url\":\"https:\/\/www.mpppst.gob.ve\/mpppstweb\/wp-content\/uploads\/2021\/06\/2.0-768x427-1.jpg\",\"contentUrl\":\"https:\/\/www.mpppst.gob.ve\/mpppstweb\/wp-content\/uploads\/2021\/06\/2.0-768x427-1.jpg\",\"width\":768,\"height\":427},{\"@type\":\"BreadcrumbList\",\"@id\":\"https:\/\/www.mpppst.gob.ve\/mpppstweb\/index.php\/2021\/06\/03\/dia-444-lucha-contra-la-covid-19-venezuela-registra-1-188-casos-comunitarios-y-la-tasa-de-recuperacion-se-ubica-en-92\/#breadcrumb\",\"itemListElement\":[{\"@type\":\"ListItem\",\"position\":1,\"name\":\"Home\",\"item\":\"https:\/\/www.mpppst.gob.ve\/mpppstweb\/\"},{\"@type\":\"ListItem\",\"position\":2,\"name\":\"D\u00eda 444 | Lucha contra la COVID-19: Venezuela registra 1.188 casos comunitarios y la tasa de recuperaci\u00f3n se ubica en 92%\"}]},{\"@type\":\"WebSite\",\"@id\":\"https:\/\/www.mpppst.gob.ve\/mpppstweb\/#website\",\"url\":\"https:\/\/www.mpppst.gob.ve\/mpppstweb\/\",\"name\":\"MPPPST\",\"description\":\"Ministerio del Poder Popular para el Proceso Social de Trabajo\",\"publisher\":{\"@id\":\"https:\/\/www.mpppst.gob.ve\/mpppstweb\/#organization\"},\"potentialAction\":[{\"@type\":\"SearchAction\",\"target\":{\"@type\":\"EntryPoint\",\"urlTemplate\":\"https:\/\/www.mpppst.gob.ve\/mpppstweb\/?s={search_term_string}\"},\"query-input\":\"required name=search_term_string\"}],\"inLanguage\":\"es\"},{\"@type\":\"Organization\",\"@id\":\"https:\/\/www.mpppst.gob.ve\/mpppstweb\/#organization\",\"name\":\"mpppst\",\"url\":\"https:\/\/www.mpppst.gob.ve\/mpppstweb\/\",\"logo\":{\"@type\":\"ImageObject\",\"inLanguage\":\"es\",\"@id\":\"https:\/\/www.mpppst.gob.ve\/mpppstweb\/#\/schema\/logo\/image\/\",\"url\":\"https:\/\/www.mpppst.gob.ve\/mpppstweb\/wp-content\/uploads\/2025\/07\/cropped-cropped-g910.png\",\"contentUrl\":\"https:\/\/www.mpppst.gob.ve\/mpppstweb\/wp-content\/uploads\/2025\/07\/cropped-cropped-g910.png\",\"width\":1080,\"height\":241,\"caption\":\"mpppst\"},\"image\":{\"@id\":\"https:\/\/www.mpppst.gob.ve\/mpppstweb\/#\/schema\/logo\/image\/\"}},{\"@type\":\"Person\",\"@id\":\"https:\/\/www.mpppst.gob.ve\/mpppstweb\/#\/schema\/person\/fc187ee8ead412bd4c9304b62f900ea4\",\"name\":\"MPPPST Prensa\",\"url\":\"https:\/\/www.mpppst.gob.ve\/mpppstweb\/index.php\/author\/prensa-mpppst\/\"}]}<\/script>\n<!-- \/ Yoast SEO plugin. -->","yoast_head_json":{"title":"D\u00eda 444 | Lucha contra la COVID-19: Venezuela registra 1.188 casos comunitarios y la tasa de recuperaci\u00f3n se ubica en 92% - MPPPST","robots":{"index":"index","follow":"follow","max-snippet":"max-snippet:-1","max-image-preview":"max-image-preview:large","max-video-preview":"max-video-preview:-1"},"canonical":"https:\/\/www.mpppst.gob.ve\/mpppstweb\/index.php\/2021\/06\/03\/dia-444-lucha-contra-la-covid-19-venezuela-registra-1-188-casos-comunitarios-y-la-tasa-de-recuperacion-se-ubica-en-92\/","og_locale":"es_ES","og_type":"article","og_title":"D\u00eda 444 | Lucha contra la COVID-19: Venezuela registra 1.188 casos comunitarios y la tasa de recuperaci\u00f3n se ubica en 92% - MPPPST","og_description":"Un total de 1.188 casos de transmisi\u00f3n comunitaria de COVID-19 fueron detectados en las \u00faltimas 24 &hellip; D\u00eda 444 | Lucha contra la COVID-19: Venezuela registra 1.188 casos comunitarios y la tasa de recuperaci\u00f3n se ubica en 92%Read more","og_url":"https:\/\/www.mpppst.gob.ve\/mpppstweb\/index.php\/2021\/06\/03\/dia-444-lucha-contra-la-covid-19-venezuela-registra-1-188-casos-comunitarios-y-la-tasa-de-recuperacion-se-ubica-en-92\/","og_site_name":"MPPPST","article_published_time":"2021-06-03T11:15:02+00:00","article_modified_time":"2021-06-03T11:15:03+00:00","og_image":[{"width":768,"height":427,"url":"https:\/\/www.mpppst.gob.ve\/mpppstweb\/wp-content\/uploads\/2021\/06\/2.0-768x427-1.jpg","type":"image\/jpeg"}],"author":"MPPPST Prensa","twitter_card":"summary_large_image","twitter_misc":{"Escrito por":"MPPPST Prensa","Tiempo de lectura":"2 minutos"},"schema":{"@context":"https:\/\/schema.org","@graph":[{"@type":"Article","@id":"https:\/\/www.mpppst.gob.ve\/mpppstweb\/index.php\/2021\/06\/03\/dia-444-lucha-contra-la-covid-19-venezuela-registra-1-188-casos-comunitarios-y-la-tasa-de-recuperacion-se-ubica-en-92\/#article","isPartOf":{"@id":"https:\/\/www.mpppst.gob.ve\/mpppstweb\/index.php\/2021\/06\/03\/dia-444-lucha-contra-la-covid-19-venezuela-registra-1-188-casos-comunitarios-y-la-tasa-de-recuperacion-se-ubica-en-92\/"},"author":{"name":"MPPPST Prensa","@id":"https:\/\/www.mpppst.gob.ve\/mpppstweb\/#\/schema\/person\/fc187ee8ead412bd4c9304b62f900ea4"},"headline":"D\u00eda 444 | Lucha contra la COVID-19: Venezuela registra 1.188 casos comunitarios y la tasa de recuperaci\u00f3n se ubica en 92%","datePublished":"2021-06-03T11:15:02+00:00","dateModified":"2021-06-03T11:15:03+00:00","mainEntityOfPage":{"@id":"https:\/\/www.mpppst.gob.ve\/mpppstweb\/index.php\/2021\/06\/03\/dia-444-lucha-contra-la-covid-19-venezuela-registra-1-188-casos-comunitarios-y-la-tasa-de-recuperacion-se-ubica-en-92\/"},"wordCount":437,"publisher":{"@id":"https:\/\/www.mpppst.gob.ve\/mpppstweb\/#organization"},"image":{"@id":"https:\/\/www.mpppst.gob.ve\/mpppstweb\/index.php\/2021\/06\/03\/dia-444-lucha-contra-la-covid-19-venezuela-registra-1-188-casos-comunitarios-y-la-tasa-de-recuperacion-se-ubica-en-92\/#primaryimage"},"thumbnailUrl":"https:\/\/www.mpppst.gob.ve\/mpppstweb\/wp-content\/uploads\/2021\/06\/2.0-768x427-1.jpg","articleSection":["Gobierno Nacional","Noticias"],"inLanguage":"es"},{"@type":"WebPage","@id":"https:\/\/www.mpppst.gob.ve\/mpppstweb\/index.php\/2021\/06\/03\/dia-444-lucha-contra-la-covid-19-venezuela-registra-1-188-casos-comunitarios-y-la-tasa-de-recuperacion-se-ubica-en-92\/","url":"https:\/\/www.mpppst.gob.ve\/mpppstweb\/index.php\/2021\/06\/03\/dia-444-lucha-contra-la-covid-19-venezuela-registra-1-188-casos-comunitarios-y-la-tasa-de-recuperacion-se-ubica-en-92\/","name":"D\u00eda 444 | Lucha contra la COVID-19: Venezuela registra 1.188 casos comunitarios y la tasa de recuperaci\u00f3n se ubica en 92% - MPPPST","isPartOf":{"@id":"https:\/\/www.mpppst.gob.ve\/mpppstweb\/#website"},"primaryImageOfPage":{"@id":"https:\/\/www.mpppst.gob.ve\/mpppstweb\/index.php\/2021\/06\/03\/dia-444-lucha-contra-la-covid-19-venezuela-registra-1-188-casos-comunitarios-y-la-tasa-de-recuperacion-se-ubica-en-92\/#primaryimage"},"image":{"@id":"https:\/\/www.mpppst.gob.ve\/mpppstweb\/index.php\/2021\/06\/03\/dia-444-lucha-contra-la-covid-19-venezuela-registra-1-188-casos-comunitarios-y-la-tasa-de-recuperacion-se-ubica-en-92\/#primaryimage"},"thumbnailUrl":"https:\/\/www.mpppst.gob.ve\/mpppstweb\/wp-content\/uploads\/2021\/06\/2.0-768x427-1.jpg","datePublished":"2021-06-03T11:15:02+00:00","dateModified":"2021-06-03T11:15:03+00:00","breadcrumb":{"@id":"https:\/\/www.mpppst.gob.ve\/mpppstweb\/index.php\/2021\/06\/03\/dia-444-lucha-contra-la-covid-19-venezuela-registra-1-188-casos-comunitarios-y-la-tasa-de-recuperacion-se-ubica-en-92\/#breadcrumb"},"inLanguage":"es","potentialAction":[{"@type":"ReadAction","target":["https:\/\/www.mpppst.gob.ve\/mpppstweb\/index.php\/2021\/06\/03\/dia-444-lucha-contra-la-covid-19-venezuela-registra-1-188-casos-comunitarios-y-la-tasa-de-recuperacion-se-ubica-en-92\/"]}]},{"@type":"ImageObject","inLanguage":"es","@id":"https:\/\/www.mpppst.gob.ve\/mpppstweb\/index.php\/2021\/06\/03\/dia-444-lucha-contra-la-covid-19-venezuela-registra-1-188-casos-comunitarios-y-la-tasa-de-recuperacion-se-ubica-en-92\/#primaryimage","url":"https:\/\/www.mpppst.gob.ve\/mpppstweb\/wp-content\/uploads\/2021\/06\/2.0-768x427-1.jpg","contentUrl":"https:\/\/www.mpppst.gob.ve\/mpppstweb\/wp-content\/uploads\/2021\/06\/2.0-768x427-1.jpg","width":768,"height":427},{"@type":"BreadcrumbList","@id":"https:\/\/www.mpppst.gob.ve\/mpppstweb\/index.php\/2021\/06\/03\/dia-444-lucha-contra-la-covid-19-venezuela-registra-1-188-casos-comunitarios-y-la-tasa-de-recuperacion-se-ubica-en-92\/#breadcrumb","itemListElement":[{"@type":"ListItem","position":1,"name":"Home","item":"https:\/\/www.mpppst.gob.ve\/mpppstweb\/"},{"@type":"ListItem","position":2,"name":"D\u00eda 444 | Lucha contra la COVID-19: Venezuela registra 1.188 casos comunitarios y la tasa de recuperaci\u00f3n se ubica en 92%"}]},{"@type":"WebSite","@id":"https:\/\/www.mpppst.gob.ve\/mpppstweb\/#website","url":"https:\/\/www.mpppst.gob.ve\/mpppstweb\/","name":"MPPPST","description":"Ministerio del Poder Popular para el Proceso Social de Trabajo","publisher":{"@id":"https:\/\/www.mpppst.gob.ve\/mpppstweb\/#organization"},"potentialAction":[{"@type":"SearchAction","target":{"@type":"EntryPoint","urlTemplate":"https:\/\/www.mpppst.gob.ve\/mpppstweb\/?s={search_term_string}"},"query-input":"required name=search_term_string"}],"inLanguage":"es"},{"@type":"Organization","@id":"https:\/\/www.mpppst.gob.ve\/mpppstweb\/#organization","name":"mpppst","url":"https:\/\/www.mpppst.gob.ve\/mpppstweb\/","logo":{"@type":"ImageObject","inLanguage":"es","@id":"https:\/\/www.mpppst.gob.ve\/mpppstweb\/#\/schema\/logo\/image\/","url":"https:\/\/www.mpppst.gob.ve\/mpppstweb\/wp-content\/uploads\/2025\/07\/cropped-cropped-g910.png","contentUrl":"https:\/\/www.mpppst.gob.ve\/mpppstweb\/wp-content\/uploads\/2025\/07\/cropped-cropped-g910.png","width":1080,"height":241,"caption":"mpppst"},"image":{"@id":"https:\/\/www.mpppst.gob.ve\/mpppstweb\/#\/schema\/logo\/image\/"}},{"@type":"Person","@id":"https:\/\/www.mpppst.gob.ve\/mpppstweb\/#\/schema\/person\/fc187ee8ead412bd4c9304b62f900ea4","name":"MPPPST Prensa","url":"https:\/\/www.mpppst.gob.ve\/mpppstweb\/index.php\/author\/prensa-mpppst\/"}]}},"_links":{"self":[{"href":"https:\/\/www.mpppst.gob.ve\/mpppstweb\/index.php\/wp-json\/wp\/v2\/posts\/22484"}],"collection":[{"href":"https:\/\/www.mpppst.gob.ve\/mpppstweb\/index.php\/wp-json\/wp\/v2\/posts"}],"about":[{"href":"https:\/\/www.mpppst.gob.ve\/mpppstweb\/index.php\/wp-json\/wp\/v2\/types\/post"}],"author":[{"embeddable":true,"href":"https:\/\/www.mpppst.gob.ve\/mpppstweb\/index.php\/wp-json\/wp\/v2\/users\/25"}],"replies":[{"embeddable":true,"href":"https:\/\/www.mpppst.gob.ve\/mpppstweb\/index.php\/wp-json\/wp\/v2\/comments?post=22484"}],"version-history":[{"count":1,"href":"https:\/\/www.mpppst.gob.ve\/mpppstweb\/index.php\/wp-json\/wp\/v2\/posts\/22484\/revisions"}],"predecessor-version":[{"id":22486,"href":"https:\/\/www.mpppst.gob.ve\/mpppstweb\/index.php\/wp-json\/wp\/v2\/posts\/22484\/revisions\/22486"}],"wp:featuredmedia":[{"embeddable":true,"href":"https:\/\/www.mpppst.gob.ve\/mpppstweb\/index.php\/wp-json\/wp\/v2\/media\/22485"}],"wp:attachment":[{"href":"https:\/\/www.mpppst.gob.ve\/mpppstweb\/index.php\/wp-json\/wp\/v2\/media?parent=22484"}],"wp:term":[{"taxonomy":"category","embeddable":true,"href":"https:\/\/www.mpppst.gob.ve\/mpppstweb\/index.php\/wp-json\/wp\/v2\/categories?post=22484"},{"taxonomy":"post_tag","embeddable":true,"href":"https:\/\/www.mpppst.gob.ve\/mpppstweb\/index.php\/wp-json\/wp\/v2\/tags?post=22484"}],"curies":[{"name":"wp","href":"https:\/\/api.w.org\/{rel}","templated":true}]}}