{"id":22487,"date":"2021-06-03T07:17:20","date_gmt":"2021-06-03T11:17:20","guid":{"rendered":"http:\/\/www.mpppst.gob.ve\/mpppstweb\/?p=22487"},"modified":"2021-06-03T07:17:21","modified_gmt":"2021-06-03T11:17:21","slug":"venezuela-rechaza-decision-del-gobierno-colombiano-de-abrir-unilateralmente-los-pasos-fronterizos-entre-ambos-paises-comunicado","status":"publish","type":"post","link":"https:\/\/www.mpppst.gob.ve\/mpppstweb\/index.php\/2021\/06\/03\/venezuela-rechaza-decision-del-gobierno-colombiano-de-abrir-unilateralmente-los-pasos-fronterizos-entre-ambos-paises-comunicado\/","title":{"rendered":"Venezuela rechaza decisi\u00f3n del gobierno colombiano de abrir unilateralmente los pasos fronterizos entre ambos pa\u00edses (+ Comunicado)"},"content":{"rendered":"\n<p>Este mi\u00e9rcoles la Rep\u00fablica Bolivariana de Venezuela rechaz\u00f3 la decisi\u00f3n del gobierno colombiano de abrir unilateralmente los pasos fronterizos entre ambos pa\u00edses, para distraer a la opini\u00f3n p\u00fablica de los problemas internos de la hermana naci\u00f3n.<\/p>\n\n\n\n<p>Mediante un comunicado publicado por el ministro del Poder Popular para Relaciones Exteriores, Jorge Arreaza, a trav\u00e9s de su cuenta en la red social Twitter @jaarreaza, en la que se\u00f1ala que esta suerte de emboscada fronteriza deja en evidencia que el Gobierno colombiano sigue haciendo uso de tretas pol\u00edticas con el fin de distraer la atenci\u00f3n de la opini\u00f3n p\u00fablica, ante los notorios hechos de violaciones continuadas de los Derechos Humanos que desde hace 36 d\u00edas han estremecido a la sociedad colombiana y al mundo entero.<\/p>\n\n\n\n<p>En este sentido, Venezuela hace un nuevo llamado a las autoridades colombianas para avanzar en la coordinaci\u00f3n bilateral de las medidas de seguridad, comerciales y sanitarias, que eventualmente podr\u00edan conllevar a la reapertura acordada de los pasos fronterizos entre ambos pa\u00edses.&nbsp; &nbsp;\/CP<\/p>\n\n\n\n<figure><iframe allowfullscreen=\"true\" class=\"\" src=\"https:\/\/platform.twitter.com\/embed\/Tweet.html?creatorScreenName=VTVcanal8&amp;dnt=false&amp;embedId=twitter-widget-0&amp;features=eyJ0ZndfZXhwZXJpbWVudHNfY29va2llX2V4cGlyYXRpb24iOnsiYnVja2V0IjoxMjA5NjAwLCJ2ZXJzaW9uIjpudWxsfSwidGZ3X2hvcml6b25fdHdlZXRfZW1iZWRfOTU1NSI6eyJidWNrZXQiOiJodGUiLCJ2ZXJzaW9uIjpudWxsfSwidGZ3X3R3ZWV0X2VtYmVkX2NsaWNrYWJpbGl0eV8xMjEwMiI6eyJidWNrZXQiOiJjb250cm9sIiwidmVyc2lvbiI6bnVsbH19&amp;frame=false&amp;hideCard=false&amp;hideThread=false&amp;id=1400175558424674313&amp;lang=es&amp;origin=https%3A%2F%2Fwww.vtv.gob.ve%2Fvenezuela-rechaza-decision-colombiano-abrir-pasos-fronterizos%2F&amp;sessionId=59510350122896d57707f639ad05651bab9ac685&amp;siteScreenName=VTVcanal8&amp;theme=light&amp;widgetsVersion=82e1070%3A1619632193066&amp;width=550px\"><\/iframe><\/figure>\n\n\n\n<p><strong>A continuaci\u00f3n comunicado:<\/strong><\/p>\n\n\n\n<div class=\"wp-block-image\"><figure class=\"aligncenter\"><img decoding=\"async\" src=\"https:\/\/www.vtv.gob.ve\/wp-content\/uploads\/2021\/06\/1.jpg\" alt=\"\" class=\"wp-image-365165\"\/><\/figure><\/div>\n\n\n\n<div class=\"wp-block-image\"><figure class=\"aligncenter\"><img decoding=\"async\" src=\"https:\/\/www.vtv.gob.ve\/wp-content\/uploads\/2021\/06\/2.jpg\" alt=\"\" class=\"wp-image-365166\"\/><\/figure><\/div>\n","protected":false},"excerpt":{"rendered":"<p>Este mi\u00e9rcoles la Rep\u00fablica Bolivariana de Venezuela rechaz\u00f3 la decisi\u00f3n del gobierno colombiano de abrir unilateralmente &hellip; <a title=\"Venezuela rechaza decisi\u00f3n del gobierno colombiano de abrir unilateralmente los pasos fronterizos entre ambos pa\u00edses (+ Comunicado)\" class=\"hm-read-more\" href=\"https:\/\/www.mpppst.gob.ve\/mpppstweb\/index.php\/2021\/06\/03\/venezuela-rechaza-decision-del-gobierno-colombiano-de-abrir-unilateralmente-los-pasos-fronterizos-entre-ambos-paises-comunicado\/\"><span class=\"screen-reader-text\">Venezuela rechaza decisi\u00f3n del gobierno colombiano de abrir unilateralmente los pasos fronterizos entre ambos pa\u00edses (+ Comunicado)<\/span>Read more<\/a><\/p>\n","protected":false},"author":25,"featured_media":22488,"comment_status":"closed","ping_status":"closed","sticky":false,"template":"","format":"standard","meta":{"footnotes":""},"categories":[82,163],"tags":[],"yoast_head":"<!-- This site is optimized with the Yoast SEO plugin v22.5 - https:\/\/yoast.com\/wordpress\/plugins\/seo\/ -->\n<title>Venezuela rechaza decisi\u00f3n del gobierno colombiano de abrir unilateralmente los pasos fronterizos entre ambos pa\u00edses (+ Comunicado) - MPPPST<\/title>\n<meta name=\"robots\" content=\"index, follow, max-snippet:-1, max-image-preview:large, max-video-preview:-1\" \/>\n<link rel=\"canonical\" href=\"https:\/\/www.mpppst.gob.ve\/mpppstweb\/index.php\/2021\/06\/03\/venezuela-rechaza-decision-del-gobierno-colombiano-de-abrir-unilateralmente-los-pasos-fronterizos-entre-ambos-paises-comunicado\/\" \/>\n<meta property=\"og:locale\" content=\"es_ES\" \/>\n<meta property=\"og:type\" content=\"article\" \/>\n<meta property=\"og:title\" content=\"Venezuela rechaza decisi\u00f3n del gobierno colombiano de abrir unilateralmente los pasos fronterizos entre ambos pa\u00edses (+ Comunicado) - MPPPST\" \/>\n<meta property=\"og:description\" content=\"Este mi\u00e9rcoles la Rep\u00fablica Bolivariana de Venezuela rechaz\u00f3 la decisi\u00f3n del gobierno colombiano de abrir unilateralmente &hellip; Venezuela rechaza decisi\u00f3n del gobierno colombiano de abrir unilateralmente los pasos fronterizos entre ambos pa\u00edses (+ Comunicado)Read more\" \/>\n<meta property=\"og:url\" content=\"https:\/\/www.mpppst.gob.ve\/mpppstweb\/index.php\/2021\/06\/03\/venezuela-rechaza-decision-del-gobierno-colombiano-de-abrir-unilateralmente-los-pasos-fronterizos-entre-ambos-paises-comunicado\/\" \/>\n<meta property=\"og:site_name\" content=\"MPPPST\" \/>\n<meta property=\"article:published_time\" content=\"2021-06-03T11:17:20+00:00\" \/>\n<meta property=\"article:modified_time\" content=\"2021-06-03T11:17:21+00:00\" \/>\n<meta property=\"og:image\" content=\"https:\/\/www.mpppst.gob.ve\/mpppstweb\/wp-content\/uploads\/2021\/06\/COMUNICADO-1200x600-1-768x427-1.jpg\" \/>\n\t<meta property=\"og:image:width\" content=\"768\" \/>\n\t<meta property=\"og:image:height\" content=\"427\" \/>\n\t<meta property=\"og:image:type\" content=\"image\/jpeg\" \/>\n<meta name=\"author\" content=\"MPPPST Prensa\" \/>\n<meta name=\"twitter:card\" content=\"summary_large_image\" \/>\n<meta name=\"twitter:label1\" content=\"Escrito por\" \/>\n\t<meta name=\"twitter:data1\" content=\"MPPPST Prensa\" \/>\n\t<meta name=\"twitter:label2\" content=\"Tiempo de lectura\" \/>\n\t<meta name=\"twitter:data2\" content=\"1 minuto\" \/>\n<script type=\"application\/ld+json\" class=\"yoast-schema-graph\">{\"@context\":\"https:\/\/schema.org\",\"@graph\":[{\"@type\":\"Article\",\"@id\":\"https:\/\/www.mpppst.gob.ve\/mpppstweb\/index.php\/2021\/06\/03\/venezuela-rechaza-decision-del-gobierno-colombiano-de-abrir-unilateralmente-los-pasos-fronterizos-entre-ambos-paises-comunicado\/#article\",\"isPartOf\":{\"@id\":\"https:\/\/www.mpppst.gob.ve\/mpppstweb\/index.php\/2021\/06\/03\/venezuela-rechaza-decision-del-gobierno-colombiano-de-abrir-unilateralmente-los-pasos-fronterizos-entre-ambos-paises-comunicado\/\"},\"author\":{\"name\":\"MPPPST Prensa\",\"@id\":\"https:\/\/www.mpppst.gob.ve\/mpppstweb\/#\/schema\/person\/fc187ee8ead412bd4c9304b62f900ea4\"},\"headline\":\"Venezuela rechaza decisi\u00f3n del gobierno colombiano de abrir unilateralmente los pasos fronterizos entre ambos pa\u00edses (+ Comunicado)\",\"datePublished\":\"2021-06-03T11:17:20+00:00\",\"dateModified\":\"2021-06-03T11:17:21+00:00\",\"mainEntityOfPage\":{\"@id\":\"https:\/\/www.mpppst.gob.ve\/mpppstweb\/index.php\/2021\/06\/03\/venezuela-rechaza-decision-del-gobierno-colombiano-de-abrir-unilateralmente-los-pasos-fronterizos-entre-ambos-paises-comunicado\/\"},\"wordCount\":204,\"publisher\":{\"@id\":\"https:\/\/www.mpppst.gob.ve\/mpppstweb\/#organization\"},\"image\":{\"@id\":\"https:\/\/www.mpppst.gob.ve\/mpppstweb\/index.php\/2021\/06\/03\/venezuela-rechaza-decision-del-gobierno-colombiano-de-abrir-unilateralmente-los-pasos-fronterizos-entre-ambos-paises-comunicado\/#primaryimage\"},\"thumbnailUrl\":\"https:\/\/www.mpppst.gob.ve\/mpppstweb\/wp-content\/uploads\/2021\/06\/COMUNICADO-1200x600-1-768x427-1.jpg\",\"articleSection\":[\"Gobierno Nacional\",\"Noticias\"],\"inLanguage\":\"es\"},{\"@type\":\"WebPage\",\"@id\":\"https:\/\/www.mpppst.gob.ve\/mpppstweb\/index.php\/2021\/06\/03\/venezuela-rechaza-decision-del-gobierno-colombiano-de-abrir-unilateralmente-los-pasos-fronterizos-entre-ambos-paises-comunicado\/\",\"url\":\"https:\/\/www.mpppst.gob.ve\/mpppstweb\/index.php\/2021\/06\/03\/venezuela-rechaza-decision-del-gobierno-colombiano-de-abrir-unilateralmente-los-pasos-fronterizos-entre-ambos-paises-comunicado\/\",\"name\":\"Venezuela rechaza decisi\u00f3n del gobierno colombiano de abrir unilateralmente los pasos fronterizos entre ambos pa\u00edses (+ Comunicado) - MPPPST\",\"isPartOf\":{\"@id\":\"https:\/\/www.mpppst.gob.ve\/mpppstweb\/#website\"},\"primaryImageOfPage\":{\"@id\":\"https:\/\/www.mpppst.gob.ve\/mpppstweb\/index.php\/2021\/06\/03\/venezuela-rechaza-decision-del-gobierno-colombiano-de-abrir-unilateralmente-los-pasos-fronterizos-entre-ambos-paises-comunicado\/#primaryimage\"},\"image\":{\"@id\":\"https:\/\/www.mpppst.gob.ve\/mpppstweb\/index.php\/2021\/06\/03\/venezuela-rechaza-decision-del-gobierno-colombiano-de-abrir-unilateralmente-los-pasos-fronterizos-entre-ambos-paises-comunicado\/#primaryimage\"},\"thumbnailUrl\":\"https:\/\/www.mpppst.gob.ve\/mpppstweb\/wp-content\/uploads\/2021\/06\/COMUNICADO-1200x600-1-768x427-1.jpg\",\"datePublished\":\"2021-06-03T11:17:20+00:00\",\"dateModified\":\"2021-06-03T11:17:21+00:00\",\"breadcrumb\":{\"@id\":\"https:\/\/www.mpppst.gob.ve\/mpppstweb\/index.php\/2021\/06\/03\/venezuela-rechaza-decision-del-gobierno-colombiano-de-abrir-unilateralmente-los-pasos-fronterizos-entre-ambos-paises-comunicado\/#breadcrumb\"},\"inLanguage\":\"es\",\"potentialAction\":[{\"@type\":\"ReadAction\",\"target\":[\"https:\/\/www.mpppst.gob.ve\/mpppstweb\/index.php\/2021\/06\/03\/venezuela-rechaza-decision-del-gobierno-colombiano-de-abrir-unilateralmente-los-pasos-fronterizos-entre-ambos-paises-comunicado\/\"]}]},{\"@type\":\"ImageObject\",\"inLanguage\":\"es\",\"@id\":\"https:\/\/www.mpppst.gob.ve\/mpppstweb\/index.php\/2021\/06\/03\/venezuela-rechaza-decision-del-gobierno-colombiano-de-abrir-unilateralmente-los-pasos-fronterizos-entre-ambos-paises-comunicado\/#primaryimage\",\"url\":\"https:\/\/www.mpppst.gob.ve\/mpppstweb\/wp-content\/uploads\/2021\/06\/COMUNICADO-1200x600-1-768x427-1.jpg\",\"contentUrl\":\"https:\/\/www.mpppst.gob.ve\/mpppstweb\/wp-content\/uploads\/2021\/06\/COMUNICADO-1200x600-1-768x427-1.jpg\",\"width\":768,\"height\":427,\"caption\":\"Print\"},{\"@type\":\"BreadcrumbList\",\"@id\":\"https:\/\/www.mpppst.gob.ve\/mpppstweb\/index.php\/2021\/06\/03\/venezuela-rechaza-decision-del-gobierno-colombiano-de-abrir-unilateralmente-los-pasos-fronterizos-entre-ambos-paises-comunicado\/#breadcrumb\",\"itemListElement\":[{\"@type\":\"ListItem\",\"position\":1,\"name\":\"Home\",\"item\":\"https:\/\/www.mpppst.gob.ve\/mpppstweb\/\"},{\"@type\":\"ListItem\",\"position\":2,\"name\":\"Venezuela rechaza decisi\u00f3n del gobierno colombiano de abrir unilateralmente los pasos fronterizos entre ambos pa\u00edses (+ Comunicado)\"}]},{\"@type\":\"WebSite\",\"@id\":\"https:\/\/www.mpppst.gob.ve\/mpppstweb\/#website\",\"url\":\"https:\/\/www.mpppst.gob.ve\/mpppstweb\/\",\"name\":\"MPPPST\",\"description\":\"Ministerio del Poder Popular para el Proceso Social de Trabajo\",\"publisher\":{\"@id\":\"https:\/\/www.mpppst.gob.ve\/mpppstweb\/#organization\"},\"potentialAction\":[{\"@type\":\"SearchAction\",\"target\":{\"@type\":\"EntryPoint\",\"urlTemplate\":\"https:\/\/www.mpppst.gob.ve\/mpppstweb\/?s={search_term_string}\"},\"query-input\":\"required name=search_term_string\"}],\"inLanguage\":\"es\"},{\"@type\":\"Organization\",\"@id\":\"https:\/\/www.mpppst.gob.ve\/mpppstweb\/#organization\",\"name\":\"mpppst\",\"url\":\"https:\/\/www.mpppst.gob.ve\/mpppstweb\/\",\"logo\":{\"@type\":\"ImageObject\",\"inLanguage\":\"es\",\"@id\":\"https:\/\/www.mpppst.gob.ve\/mpppstweb\/#\/schema\/logo\/image\/\",\"url\":\"https:\/\/www.mpppst.gob.ve\/mpppstweb\/wp-content\/uploads\/2025\/07\/cropped-cropped-g910.png\",\"contentUrl\":\"https:\/\/www.mpppst.gob.ve\/mpppstweb\/wp-content\/uploads\/2025\/07\/cropped-cropped-g910.png\",\"width\":1080,\"height\":241,\"caption\":\"mpppst\"},\"image\":{\"@id\":\"https:\/\/www.mpppst.gob.ve\/mpppstweb\/#\/schema\/logo\/image\/\"}},{\"@type\":\"Person\",\"@id\":\"https:\/\/www.mpppst.gob.ve\/mpppstweb\/#\/schema\/person\/fc187ee8ead412bd4c9304b62f900ea4\",\"name\":\"MPPPST Prensa\",\"url\":\"https:\/\/www.mpppst.gob.ve\/mpppstweb\/index.php\/author\/prensa-mpppst\/\"}]}<\/script>\n<!-- \/ Yoast SEO plugin. -->","yoast_head_json":{"title":"Venezuela rechaza decisi\u00f3n del gobierno colombiano de abrir unilateralmente los pasos fronterizos entre ambos pa\u00edses (+ Comunicado) - MPPPST","robots":{"index":"index","follow":"follow","max-snippet":"max-snippet:-1","max-image-preview":"max-image-preview:large","max-video-preview":"max-video-preview:-1"},"canonical":"https:\/\/www.mpppst.gob.ve\/mpppstweb\/index.php\/2021\/06\/03\/venezuela-rechaza-decision-del-gobierno-colombiano-de-abrir-unilateralmente-los-pasos-fronterizos-entre-ambos-paises-comunicado\/","og_locale":"es_ES","og_type":"article","og_title":"Venezuela rechaza decisi\u00f3n del gobierno colombiano de abrir unilateralmente los pasos fronterizos entre ambos pa\u00edses (+ Comunicado) - MPPPST","og_description":"Este mi\u00e9rcoles la Rep\u00fablica Bolivariana de Venezuela rechaz\u00f3 la decisi\u00f3n del gobierno colombiano de abrir unilateralmente &hellip; Venezuela rechaza decisi\u00f3n del gobierno colombiano de abrir unilateralmente los pasos fronterizos entre ambos pa\u00edses (+ Comunicado)Read more","og_url":"https:\/\/www.mpppst.gob.ve\/mpppstweb\/index.php\/2021\/06\/03\/venezuela-rechaza-decision-del-gobierno-colombiano-de-abrir-unilateralmente-los-pasos-fronterizos-entre-ambos-paises-comunicado\/","og_site_name":"MPPPST","article_published_time":"2021-06-03T11:17:20+00:00","article_modified_time":"2021-06-03T11:17:21+00:00","og_image":[{"width":768,"height":427,"url":"https:\/\/www.mpppst.gob.ve\/mpppstweb\/wp-content\/uploads\/2021\/06\/COMUNICADO-1200x600-1-768x427-1.jpg","type":"image\/jpeg"}],"author":"MPPPST Prensa","twitter_card":"summary_large_image","twitter_misc":{"Escrito por":"MPPPST Prensa","Tiempo de lectura":"1 minuto"},"schema":{"@context":"https:\/\/schema.org","@graph":[{"@type":"Article","@id":"https:\/\/www.mpppst.gob.ve\/mpppstweb\/index.php\/2021\/06\/03\/venezuela-rechaza-decision-del-gobierno-colombiano-de-abrir-unilateralmente-los-pasos-fronterizos-entre-ambos-paises-comunicado\/#article","isPartOf":{"@id":"https:\/\/www.mpppst.gob.ve\/mpppstweb\/index.php\/2021\/06\/03\/venezuela-rechaza-decision-del-gobierno-colombiano-de-abrir-unilateralmente-los-pasos-fronterizos-entre-ambos-paises-comunicado\/"},"author":{"name":"MPPPST Prensa","@id":"https:\/\/www.mpppst.gob.ve\/mpppstweb\/#\/schema\/person\/fc187ee8ead412bd4c9304b62f900ea4"},"headline":"Venezuela rechaza decisi\u00f3n del gobierno colombiano de abrir unilateralmente los pasos fronterizos entre ambos pa\u00edses (+ Comunicado)","datePublished":"2021-06-03T11:17:20+00:00","dateModified":"2021-06-03T11:17:21+00:00","mainEntityOfPage":{"@id":"https:\/\/www.mpppst.gob.ve\/mpppstweb\/index.php\/2021\/06\/03\/venezuela-rechaza-decision-del-gobierno-colombiano-de-abrir-unilateralmente-los-pasos-fronterizos-entre-ambos-paises-comunicado\/"},"wordCount":204,"publisher":{"@id":"https:\/\/www.mpppst.gob.ve\/mpppstweb\/#organization"},"image":{"@id":"https:\/\/www.mpppst.gob.ve\/mpppstweb\/index.php\/2021\/06\/03\/venezuela-rechaza-decision-del-gobierno-colombiano-de-abrir-unilateralmente-los-pasos-fronterizos-entre-ambos-paises-comunicado\/#primaryimage"},"thumbnailUrl":"https:\/\/www.mpppst.gob.ve\/mpppstweb\/wp-content\/uploads\/2021\/06\/COMUNICADO-1200x600-1-768x427-1.jpg","articleSection":["Gobierno Nacional","Noticias"],"inLanguage":"es"},{"@type":"WebPage","@id":"https:\/\/www.mpppst.gob.ve\/mpppstweb\/index.php\/2021\/06\/03\/venezuela-rechaza-decision-del-gobierno-colombiano-de-abrir-unilateralmente-los-pasos-fronterizos-entre-ambos-paises-comunicado\/","url":"https:\/\/www.mpppst.gob.ve\/mpppstweb\/index.php\/2021\/06\/03\/venezuela-rechaza-decision-del-gobierno-colombiano-de-abrir-unilateralmente-los-pasos-fronterizos-entre-ambos-paises-comunicado\/","name":"Venezuela rechaza decisi\u00f3n del gobierno colombiano de abrir unilateralmente los pasos fronterizos entre ambos pa\u00edses (+ Comunicado) - MPPPST","isPartOf":{"@id":"https:\/\/www.mpppst.gob.ve\/mpppstweb\/#website"},"primaryImageOfPage":{"@id":"https:\/\/www.mpppst.gob.ve\/mpppstweb\/index.php\/2021\/06\/03\/venezuela-rechaza-decision-del-gobierno-colombiano-de-abrir-unilateralmente-los-pasos-fronterizos-entre-ambos-paises-comunicado\/#primaryimage"},"image":{"@id":"https:\/\/www.mpppst.gob.ve\/mpppstweb\/index.php\/2021\/06\/03\/venezuela-rechaza-decision-del-gobierno-colombiano-de-abrir-unilateralmente-los-pasos-fronterizos-entre-ambos-paises-comunicado\/#primaryimage"},"thumbnailUrl":"https:\/\/www.mpppst.gob.ve\/mpppstweb\/wp-content\/uploads\/2021\/06\/COMUNICADO-1200x600-1-768x427-1.jpg","datePublished":"2021-06-03T11:17:20+00:00","dateModified":"2021-06-03T11:17:21+00:00","breadcrumb":{"@id":"https:\/\/www.mpppst.gob.ve\/mpppstweb\/index.php\/2021\/06\/03\/venezuela-rechaza-decision-del-gobierno-colombiano-de-abrir-unilateralmente-los-pasos-fronterizos-entre-ambos-paises-comunicado\/#breadcrumb"},"inLanguage":"es","potentialAction":[{"@type":"ReadAction","target":["https:\/\/www.mpppst.gob.ve\/mpppstweb\/index.php\/2021\/06\/03\/venezuela-rechaza-decision-del-gobierno-colombiano-de-abrir-unilateralmente-los-pasos-fronterizos-entre-ambos-paises-comunicado\/"]}]},{"@type":"ImageObject","inLanguage":"es","@id":"https:\/\/www.mpppst.gob.ve\/mpppstweb\/index.php\/2021\/06\/03\/venezuela-rechaza-decision-del-gobierno-colombiano-de-abrir-unilateralmente-los-pasos-fronterizos-entre-ambos-paises-comunicado\/#primaryimage","url":"https:\/\/www.mpppst.gob.ve\/mpppstweb\/wp-content\/uploads\/2021\/06\/COMUNICADO-1200x600-1-768x427-1.jpg","contentUrl":"https:\/\/www.mpppst.gob.ve\/mpppstweb\/wp-content\/uploads\/2021\/06\/COMUNICADO-1200x600-1-768x427-1.jpg","width":768,"height":427,"caption":"Print"},{"@type":"BreadcrumbList","@id":"https:\/\/www.mpppst.gob.ve\/mpppstweb\/index.php\/2021\/06\/03\/venezuela-rechaza-decision-del-gobierno-colombiano-de-abrir-unilateralmente-los-pasos-fronterizos-entre-ambos-paises-comunicado\/#breadcrumb","itemListElement":[{"@type":"ListItem","position":1,"name":"Home","item":"https:\/\/www.mpppst.gob.ve\/mpppstweb\/"},{"@type":"ListItem","position":2,"name":"Venezuela rechaza decisi\u00f3n del gobierno colombiano de abrir unilateralmente los pasos fronterizos entre ambos pa\u00edses (+ Comunicado)"}]},{"@type":"WebSite","@id":"https:\/\/www.mpppst.gob.ve\/mpppstweb\/#website","url":"https:\/\/www.mpppst.gob.ve\/mpppstweb\/","name":"MPPPST","description":"Ministerio del Poder Popular para el Proceso Social de Trabajo","publisher":{"@id":"https:\/\/www.mpppst.gob.ve\/mpppstweb\/#organization"},"potentialAction":[{"@type":"SearchAction","target":{"@type":"EntryPoint","urlTemplate":"https:\/\/www.mpppst.gob.ve\/mpppstweb\/?s={search_term_string}"},"query-input":"required name=search_term_string"}],"inLanguage":"es"},{"@type":"Organization","@id":"https:\/\/www.mpppst.gob.ve\/mpppstweb\/#organization","name":"mpppst","url":"https:\/\/www.mpppst.gob.ve\/mpppstweb\/","logo":{"@type":"ImageObject","inLanguage":"es","@id":"https:\/\/www.mpppst.gob.ve\/mpppstweb\/#\/schema\/logo\/image\/","url":"https:\/\/www.mpppst.gob.ve\/mpppstweb\/wp-content\/uploads\/2025\/07\/cropped-cropped-g910.png","contentUrl":"https:\/\/www.mpppst.gob.ve\/mpppstweb\/wp-content\/uploads\/2025\/07\/cropped-cropped-g910.png","width":1080,"height":241,"caption":"mpppst"},"image":{"@id":"https:\/\/www.mpppst.gob.ve\/mpppstweb\/#\/schema\/logo\/image\/"}},{"@type":"Person","@id":"https:\/\/www.mpppst.gob.ve\/mpppstweb\/#\/schema\/person\/fc187ee8ead412bd4c9304b62f900ea4","name":"MPPPST Prensa","url":"https:\/\/www.mpppst.gob.ve\/mpppstweb\/index.php\/author\/prensa-mpppst\/"}]}},"_links":{"self":[{"href":"https:\/\/www.mpppst.gob.ve\/mpppstweb\/index.php\/wp-json\/wp\/v2\/posts\/22487"}],"collection":[{"href":"https:\/\/www.mpppst.gob.ve\/mpppstweb\/index.php\/wp-json\/wp\/v2\/posts"}],"about":[{"href":"https:\/\/www.mpppst.gob.ve\/mpppstweb\/index.php\/wp-json\/wp\/v2\/types\/post"}],"author":[{"embeddable":true,"href":"https:\/\/www.mpppst.gob.ve\/mpppstweb\/index.php\/wp-json\/wp\/v2\/users\/25"}],"replies":[{"embeddable":true,"href":"https:\/\/www.mpppst.gob.ve\/mpppstweb\/index.php\/wp-json\/wp\/v2\/comments?post=22487"}],"version-history":[{"count":1,"href":"https:\/\/www.mpppst.gob.ve\/mpppstweb\/index.php\/wp-json\/wp\/v2\/posts\/22487\/revisions"}],"predecessor-version":[{"id":22489,"href":"https:\/\/www.mpppst.gob.ve\/mpppstweb\/index.php\/wp-json\/wp\/v2\/posts\/22487\/revisions\/22489"}],"wp:featuredmedia":[{"embeddable":true,"href":"https:\/\/www.mpppst.gob.ve\/mpppstweb\/index.php\/wp-json\/wp\/v2\/media\/22488"}],"wp:attachment":[{"href":"https:\/\/www.mpppst.gob.ve\/mpppstweb\/index.php\/wp-json\/wp\/v2\/media?parent=22487"}],"wp:term":[{"taxonomy":"category","embeddable":true,"href":"https:\/\/www.mpppst.gob.ve\/mpppstweb\/index.php\/wp-json\/wp\/v2\/categories?post=22487"},{"taxonomy":"post_tag","embeddable":true,"href":"https:\/\/www.mpppst.gob.ve\/mpppstweb\/index.php\/wp-json\/wp\/v2\/tags?post=22487"}],"curies":[{"name":"wp","href":"https:\/\/api.w.org\/{rel}","templated":true}]}}