{"id":22578,"date":"2021-06-11T07:54:03","date_gmt":"2021-06-11T11:54:03","guid":{"rendered":"http:\/\/www.mpppst.gob.ve\/mpppstweb\/?p=22578"},"modified":"2021-06-11T07:54:04","modified_gmt":"2021-06-11T11:54:04","slug":"vicepresidente-sectorial-ricardo-menendez-el-plan-de-la-patria-apuntala-al-desarrollo-economico-del-pais","status":"publish","type":"post","link":"https:\/\/www.mpppst.gob.ve\/mpppstweb\/index.php\/2021\/06\/11\/vicepresidente-sectorial-ricardo-menendez-el-plan-de-la-patria-apuntala-al-desarrollo-economico-del-pais\/","title":{"rendered":"Vicepresidente Sectorial Ricardo Men\u00e9ndez: el Plan de la Patria apuntala al desarrollo econ\u00f3mico del pa\u00eds"},"content":{"rendered":"\n<p>El vicepresidente Sectorial de Planificaci\u00f3n y ministro del Poder Popular de Planificaci\u00f3n, Ricardo Men\u00e9ndez, particip\u00f3 en una reuni\u00f3n de trabajo con el presidente de la Comisi\u00f3n Permanente del Poder Popular y Comunicaci\u00f3n de la Asamblea Nacional, Juan Carlos Alem\u00e1n, en la que abordaron diferentes temas, entre ellos, el desarrollo del Plan de la Patria 2019-2025 y sus importantes aportes al desarrollo econ\u00f3mico del pa\u00eds.<\/p>\n\n\n\n<p>En este sentido, Men\u00e9ndez destac\u00f3 que a trav\u00e9s de esta reuni\u00f3n se pudo revisar el cambio que se ha venido aplicando al Plan de la Patria en el marco normativo del pa\u00eds.<\/p>\n\n\n\n<p>Asimismo, destac\u00f3 que este plan de trabajo se basa en dos componentes estructurales, una parte que corresponde al Plan de la Patria del a\u00f1o 2025, que es el plan de desarrollo econ\u00f3mico y social de la naci\u00f3n, pero, al mismo tiempo, la Asamblea Nacional Constituyente hizo un plan que lo refiere como el Plan de la Patria a nivel constitucional, que es la Ley Constitucional del Plan de la Patria, refiere nota de prensa.<\/p>\n\n\n\n<p>De igual manera, detall\u00f3 que en esta Ley Constitucional se refieren una serie de art\u00edculos con mandato constitucional, en los que se ordena \u201cque se ajusten los marcos normativos del pa\u00eds a todo lo que es la adecuaci\u00f3n de la transformaci\u00f3n revolucionaria del Estado\u201d, asegur\u00f3.<\/p>\n\n\n\n<p>Por su parte, el diputado Juan Carlos Alem\u00e1n, inform\u00f3 que fue creada una Comisi\u00f3n mixta entre integrantes de la Asamblea Nacional y viceministros del Ministerio del Poder Popular de Planificaci\u00f3n, con el fin de revisar la agenda legislativa y empezar a adecuar la normativa que sea necesaria para lograr materializar este instrumento, rese\u00f1\u00f3 nota de prensa de \u00daN.&nbsp;<\/p>\n","protected":false},"excerpt":{"rendered":"<p>El vicepresidente Sectorial de Planificaci\u00f3n y ministro del Poder Popular de Planificaci\u00f3n, Ricardo Men\u00e9ndez, particip\u00f3 en &hellip; <a title=\"Vicepresidente Sectorial Ricardo Men\u00e9ndez: el Plan de la Patria apuntala al desarrollo econ\u00f3mico del pa\u00eds\" class=\"hm-read-more\" href=\"https:\/\/www.mpppst.gob.ve\/mpppstweb\/index.php\/2021\/06\/11\/vicepresidente-sectorial-ricardo-menendez-el-plan-de-la-patria-apuntala-al-desarrollo-economico-del-pais\/\"><span class=\"screen-reader-text\">Vicepresidente Sectorial Ricardo Men\u00e9ndez: el Plan de la Patria apuntala al desarrollo econ\u00f3mico del pa\u00eds<\/span>Read more<\/a><\/p>\n","protected":false},"author":25,"featured_media":22579,"comment_status":"closed","ping_status":"closed","sticky":false,"template":"","format":"standard","meta":{"footnotes":""},"categories":[82,163],"tags":[],"yoast_head":"<!-- This site is optimized with the Yoast SEO plugin v22.5 - https:\/\/yoast.com\/wordpress\/plugins\/seo\/ -->\n<title>Vicepresidente Sectorial Ricardo Men\u00e9ndez: el Plan de la Patria apuntala al desarrollo econ\u00f3mico del pa\u00eds - MPPPST<\/title>\n<meta name=\"robots\" content=\"index, follow, max-snippet:-1, max-image-preview:large, max-video-preview:-1\" \/>\n<link rel=\"canonical\" href=\"https:\/\/www.mpppst.gob.ve\/mpppstweb\/index.php\/2021\/06\/11\/vicepresidente-sectorial-ricardo-menendez-el-plan-de-la-patria-apuntala-al-desarrollo-economico-del-pais\/\" \/>\n<meta property=\"og:locale\" content=\"es_ES\" \/>\n<meta property=\"og:type\" content=\"article\" \/>\n<meta property=\"og:title\" content=\"Vicepresidente Sectorial Ricardo Men\u00e9ndez: el Plan de la Patria apuntala al desarrollo econ\u00f3mico del pa\u00eds - MPPPST\" \/>\n<meta property=\"og:description\" content=\"El vicepresidente Sectorial de Planificaci\u00f3n y ministro del Poder Popular de Planificaci\u00f3n, Ricardo Men\u00e9ndez, particip\u00f3 en &hellip; Vicepresidente Sectorial Ricardo Men\u00e9ndez: el Plan de la Patria apuntala al desarrollo econ\u00f3mico del pa\u00edsRead more\" \/>\n<meta property=\"og:url\" content=\"https:\/\/www.mpppst.gob.ve\/mpppstweb\/index.php\/2021\/06\/11\/vicepresidente-sectorial-ricardo-menendez-el-plan-de-la-patria-apuntala-al-desarrollo-economico-del-pais\/\" \/>\n<meta property=\"og:site_name\" content=\"MPPPST\" \/>\n<meta property=\"article:published_time\" content=\"2021-06-11T11:54:03+00:00\" \/>\n<meta property=\"article:modified_time\" content=\"2021-06-11T11:54:04+00:00\" \/>\n<meta property=\"og:image\" content=\"https:\/\/www.mpppst.gob.ve\/mpppstweb\/wp-content\/uploads\/2021\/06\/RICARDO-768x427-1.jpg\" \/>\n\t<meta property=\"og:image:width\" content=\"768\" \/>\n\t<meta property=\"og:image:height\" content=\"427\" \/>\n\t<meta property=\"og:image:type\" content=\"image\/jpeg\" \/>\n<meta name=\"author\" content=\"MPPPST Prensa\" \/>\n<meta name=\"twitter:card\" content=\"summary_large_image\" \/>\n<meta name=\"twitter:label1\" content=\"Escrito por\" \/>\n\t<meta name=\"twitter:data1\" content=\"MPPPST Prensa\" \/>\n\t<meta name=\"twitter:label2\" content=\"Tiempo de lectura\" \/>\n\t<meta name=\"twitter:data2\" content=\"1 minuto\" \/>\n<script type=\"application\/ld+json\" class=\"yoast-schema-graph\">{\"@context\":\"https:\/\/schema.org\",\"@graph\":[{\"@type\":\"Article\",\"@id\":\"https:\/\/www.mpppst.gob.ve\/mpppstweb\/index.php\/2021\/06\/11\/vicepresidente-sectorial-ricardo-menendez-el-plan-de-la-patria-apuntala-al-desarrollo-economico-del-pais\/#article\",\"isPartOf\":{\"@id\":\"https:\/\/www.mpppst.gob.ve\/mpppstweb\/index.php\/2021\/06\/11\/vicepresidente-sectorial-ricardo-menendez-el-plan-de-la-patria-apuntala-al-desarrollo-economico-del-pais\/\"},\"author\":{\"name\":\"MPPPST Prensa\",\"@id\":\"https:\/\/www.mpppst.gob.ve\/mpppstweb\/#\/schema\/person\/fc187ee8ead412bd4c9304b62f900ea4\"},\"headline\":\"Vicepresidente Sectorial Ricardo Men\u00e9ndez: el Plan de la Patria apuntala al desarrollo econ\u00f3mico del pa\u00eds\",\"datePublished\":\"2021-06-11T11:54:03+00:00\",\"dateModified\":\"2021-06-11T11:54:04+00:00\",\"mainEntityOfPage\":{\"@id\":\"https:\/\/www.mpppst.gob.ve\/mpppstweb\/index.php\/2021\/06\/11\/vicepresidente-sectorial-ricardo-menendez-el-plan-de-la-patria-apuntala-al-desarrollo-economico-del-pais\/\"},\"wordCount\":314,\"publisher\":{\"@id\":\"https:\/\/www.mpppst.gob.ve\/mpppstweb\/#organization\"},\"image\":{\"@id\":\"https:\/\/www.mpppst.gob.ve\/mpppstweb\/index.php\/2021\/06\/11\/vicepresidente-sectorial-ricardo-menendez-el-plan-de-la-patria-apuntala-al-desarrollo-economico-del-pais\/#primaryimage\"},\"thumbnailUrl\":\"https:\/\/www.mpppst.gob.ve\/mpppstweb\/wp-content\/uploads\/2021\/06\/RICARDO-768x427-1.jpg\",\"articleSection\":[\"Gobierno Nacional\",\"Noticias\"],\"inLanguage\":\"es\"},{\"@type\":\"WebPage\",\"@id\":\"https:\/\/www.mpppst.gob.ve\/mpppstweb\/index.php\/2021\/06\/11\/vicepresidente-sectorial-ricardo-menendez-el-plan-de-la-patria-apuntala-al-desarrollo-economico-del-pais\/\",\"url\":\"https:\/\/www.mpppst.gob.ve\/mpppstweb\/index.php\/2021\/06\/11\/vicepresidente-sectorial-ricardo-menendez-el-plan-de-la-patria-apuntala-al-desarrollo-economico-del-pais\/\",\"name\":\"Vicepresidente Sectorial Ricardo Men\u00e9ndez: el Plan de la Patria apuntala al desarrollo econ\u00f3mico del pa\u00eds - MPPPST\",\"isPartOf\":{\"@id\":\"https:\/\/www.mpppst.gob.ve\/mpppstweb\/#website\"},\"primaryImageOfPage\":{\"@id\":\"https:\/\/www.mpppst.gob.ve\/mpppstweb\/index.php\/2021\/06\/11\/vicepresidente-sectorial-ricardo-menendez-el-plan-de-la-patria-apuntala-al-desarrollo-economico-del-pais\/#primaryimage\"},\"image\":{\"@id\":\"https:\/\/www.mpppst.gob.ve\/mpppstweb\/index.php\/2021\/06\/11\/vicepresidente-sectorial-ricardo-menendez-el-plan-de-la-patria-apuntala-al-desarrollo-economico-del-pais\/#primaryimage\"},\"thumbnailUrl\":\"https:\/\/www.mpppst.gob.ve\/mpppstweb\/wp-content\/uploads\/2021\/06\/RICARDO-768x427-1.jpg\",\"datePublished\":\"2021-06-11T11:54:03+00:00\",\"dateModified\":\"2021-06-11T11:54:04+00:00\",\"breadcrumb\":{\"@id\":\"https:\/\/www.mpppst.gob.ve\/mpppstweb\/index.php\/2021\/06\/11\/vicepresidente-sectorial-ricardo-menendez-el-plan-de-la-patria-apuntala-al-desarrollo-economico-del-pais\/#breadcrumb\"},\"inLanguage\":\"es\",\"potentialAction\":[{\"@type\":\"ReadAction\",\"target\":[\"https:\/\/www.mpppst.gob.ve\/mpppstweb\/index.php\/2021\/06\/11\/vicepresidente-sectorial-ricardo-menendez-el-plan-de-la-patria-apuntala-al-desarrollo-economico-del-pais\/\"]}]},{\"@type\":\"ImageObject\",\"inLanguage\":\"es\",\"@id\":\"https:\/\/www.mpppst.gob.ve\/mpppstweb\/index.php\/2021\/06\/11\/vicepresidente-sectorial-ricardo-menendez-el-plan-de-la-patria-apuntala-al-desarrollo-economico-del-pais\/#primaryimage\",\"url\":\"https:\/\/www.mpppst.gob.ve\/mpppstweb\/wp-content\/uploads\/2021\/06\/RICARDO-768x427-1.jpg\",\"contentUrl\":\"https:\/\/www.mpppst.gob.ve\/mpppstweb\/wp-content\/uploads\/2021\/06\/RICARDO-768x427-1.jpg\",\"width\":768,\"height\":427},{\"@type\":\"BreadcrumbList\",\"@id\":\"https:\/\/www.mpppst.gob.ve\/mpppstweb\/index.php\/2021\/06\/11\/vicepresidente-sectorial-ricardo-menendez-el-plan-de-la-patria-apuntala-al-desarrollo-economico-del-pais\/#breadcrumb\",\"itemListElement\":[{\"@type\":\"ListItem\",\"position\":1,\"name\":\"Home\",\"item\":\"https:\/\/www.mpppst.gob.ve\/mpppstweb\/\"},{\"@type\":\"ListItem\",\"position\":2,\"name\":\"Vicepresidente Sectorial Ricardo Men\u00e9ndez: el Plan de la Patria apuntala al desarrollo econ\u00f3mico del pa\u00eds\"}]},{\"@type\":\"WebSite\",\"@id\":\"https:\/\/www.mpppst.gob.ve\/mpppstweb\/#website\",\"url\":\"https:\/\/www.mpppst.gob.ve\/mpppstweb\/\",\"name\":\"MPPPST\",\"description\":\"Ministerio del Poder Popular para el Proceso Social de Trabajo\",\"publisher\":{\"@id\":\"https:\/\/www.mpppst.gob.ve\/mpppstweb\/#organization\"},\"potentialAction\":[{\"@type\":\"SearchAction\",\"target\":{\"@type\":\"EntryPoint\",\"urlTemplate\":\"https:\/\/www.mpppst.gob.ve\/mpppstweb\/?s={search_term_string}\"},\"query-input\":\"required name=search_term_string\"}],\"inLanguage\":\"es\"},{\"@type\":\"Organization\",\"@id\":\"https:\/\/www.mpppst.gob.ve\/mpppstweb\/#organization\",\"name\":\"mpppst\",\"url\":\"https:\/\/www.mpppst.gob.ve\/mpppstweb\/\",\"logo\":{\"@type\":\"ImageObject\",\"inLanguage\":\"es\",\"@id\":\"https:\/\/www.mpppst.gob.ve\/mpppstweb\/#\/schema\/logo\/image\/\",\"url\":\"https:\/\/www.mpppst.gob.ve\/mpppstweb\/wp-content\/uploads\/2025\/07\/cropped-cropped-g910.png\",\"contentUrl\":\"https:\/\/www.mpppst.gob.ve\/mpppstweb\/wp-content\/uploads\/2025\/07\/cropped-cropped-g910.png\",\"width\":1080,\"height\":241,\"caption\":\"mpppst\"},\"image\":{\"@id\":\"https:\/\/www.mpppst.gob.ve\/mpppstweb\/#\/schema\/logo\/image\/\"}},{\"@type\":\"Person\",\"@id\":\"https:\/\/www.mpppst.gob.ve\/mpppstweb\/#\/schema\/person\/fc187ee8ead412bd4c9304b62f900ea4\",\"name\":\"MPPPST Prensa\",\"url\":\"https:\/\/www.mpppst.gob.ve\/mpppstweb\/index.php\/author\/prensa-mpppst\/\"}]}<\/script>\n<!-- \/ Yoast SEO plugin. -->","yoast_head_json":{"title":"Vicepresidente Sectorial Ricardo Men\u00e9ndez: el Plan de la Patria apuntala al desarrollo econ\u00f3mico del pa\u00eds - MPPPST","robots":{"index":"index","follow":"follow","max-snippet":"max-snippet:-1","max-image-preview":"max-image-preview:large","max-video-preview":"max-video-preview:-1"},"canonical":"https:\/\/www.mpppst.gob.ve\/mpppstweb\/index.php\/2021\/06\/11\/vicepresidente-sectorial-ricardo-menendez-el-plan-de-la-patria-apuntala-al-desarrollo-economico-del-pais\/","og_locale":"es_ES","og_type":"article","og_title":"Vicepresidente Sectorial Ricardo Men\u00e9ndez: el Plan de la Patria apuntala al desarrollo econ\u00f3mico del pa\u00eds - MPPPST","og_description":"El vicepresidente Sectorial de Planificaci\u00f3n y ministro del Poder Popular de Planificaci\u00f3n, Ricardo Men\u00e9ndez, particip\u00f3 en &hellip; Vicepresidente Sectorial Ricardo Men\u00e9ndez: el Plan de la Patria apuntala al desarrollo econ\u00f3mico del pa\u00edsRead more","og_url":"https:\/\/www.mpppst.gob.ve\/mpppstweb\/index.php\/2021\/06\/11\/vicepresidente-sectorial-ricardo-menendez-el-plan-de-la-patria-apuntala-al-desarrollo-economico-del-pais\/","og_site_name":"MPPPST","article_published_time":"2021-06-11T11:54:03+00:00","article_modified_time":"2021-06-11T11:54:04+00:00","og_image":[{"width":768,"height":427,"url":"https:\/\/www.mpppst.gob.ve\/mpppstweb\/wp-content\/uploads\/2021\/06\/RICARDO-768x427-1.jpg","type":"image\/jpeg"}],"author":"MPPPST Prensa","twitter_card":"summary_large_image","twitter_misc":{"Escrito por":"MPPPST Prensa","Tiempo de lectura":"1 minuto"},"schema":{"@context":"https:\/\/schema.org","@graph":[{"@type":"Article","@id":"https:\/\/www.mpppst.gob.ve\/mpppstweb\/index.php\/2021\/06\/11\/vicepresidente-sectorial-ricardo-menendez-el-plan-de-la-patria-apuntala-al-desarrollo-economico-del-pais\/#article","isPartOf":{"@id":"https:\/\/www.mpppst.gob.ve\/mpppstweb\/index.php\/2021\/06\/11\/vicepresidente-sectorial-ricardo-menendez-el-plan-de-la-patria-apuntala-al-desarrollo-economico-del-pais\/"},"author":{"name":"MPPPST Prensa","@id":"https:\/\/www.mpppst.gob.ve\/mpppstweb\/#\/schema\/person\/fc187ee8ead412bd4c9304b62f900ea4"},"headline":"Vicepresidente Sectorial Ricardo Men\u00e9ndez: el Plan de la Patria apuntala al desarrollo econ\u00f3mico del pa\u00eds","datePublished":"2021-06-11T11:54:03+00:00","dateModified":"2021-06-11T11:54:04+00:00","mainEntityOfPage":{"@id":"https:\/\/www.mpppst.gob.ve\/mpppstweb\/index.php\/2021\/06\/11\/vicepresidente-sectorial-ricardo-menendez-el-plan-de-la-patria-apuntala-al-desarrollo-economico-del-pais\/"},"wordCount":314,"publisher":{"@id":"https:\/\/www.mpppst.gob.ve\/mpppstweb\/#organization"},"image":{"@id":"https:\/\/www.mpppst.gob.ve\/mpppstweb\/index.php\/2021\/06\/11\/vicepresidente-sectorial-ricardo-menendez-el-plan-de-la-patria-apuntala-al-desarrollo-economico-del-pais\/#primaryimage"},"thumbnailUrl":"https:\/\/www.mpppst.gob.ve\/mpppstweb\/wp-content\/uploads\/2021\/06\/RICARDO-768x427-1.jpg","articleSection":["Gobierno Nacional","Noticias"],"inLanguage":"es"},{"@type":"WebPage","@id":"https:\/\/www.mpppst.gob.ve\/mpppstweb\/index.php\/2021\/06\/11\/vicepresidente-sectorial-ricardo-menendez-el-plan-de-la-patria-apuntala-al-desarrollo-economico-del-pais\/","url":"https:\/\/www.mpppst.gob.ve\/mpppstweb\/index.php\/2021\/06\/11\/vicepresidente-sectorial-ricardo-menendez-el-plan-de-la-patria-apuntala-al-desarrollo-economico-del-pais\/","name":"Vicepresidente Sectorial Ricardo Men\u00e9ndez: el Plan de la Patria apuntala al desarrollo econ\u00f3mico del pa\u00eds - MPPPST","isPartOf":{"@id":"https:\/\/www.mpppst.gob.ve\/mpppstweb\/#website"},"primaryImageOfPage":{"@id":"https:\/\/www.mpppst.gob.ve\/mpppstweb\/index.php\/2021\/06\/11\/vicepresidente-sectorial-ricardo-menendez-el-plan-de-la-patria-apuntala-al-desarrollo-economico-del-pais\/#primaryimage"},"image":{"@id":"https:\/\/www.mpppst.gob.ve\/mpppstweb\/index.php\/2021\/06\/11\/vicepresidente-sectorial-ricardo-menendez-el-plan-de-la-patria-apuntala-al-desarrollo-economico-del-pais\/#primaryimage"},"thumbnailUrl":"https:\/\/www.mpppst.gob.ve\/mpppstweb\/wp-content\/uploads\/2021\/06\/RICARDO-768x427-1.jpg","datePublished":"2021-06-11T11:54:03+00:00","dateModified":"2021-06-11T11:54:04+00:00","breadcrumb":{"@id":"https:\/\/www.mpppst.gob.ve\/mpppstweb\/index.php\/2021\/06\/11\/vicepresidente-sectorial-ricardo-menendez-el-plan-de-la-patria-apuntala-al-desarrollo-economico-del-pais\/#breadcrumb"},"inLanguage":"es","potentialAction":[{"@type":"ReadAction","target":["https:\/\/www.mpppst.gob.ve\/mpppstweb\/index.php\/2021\/06\/11\/vicepresidente-sectorial-ricardo-menendez-el-plan-de-la-patria-apuntala-al-desarrollo-economico-del-pais\/"]}]},{"@type":"ImageObject","inLanguage":"es","@id":"https:\/\/www.mpppst.gob.ve\/mpppstweb\/index.php\/2021\/06\/11\/vicepresidente-sectorial-ricardo-menendez-el-plan-de-la-patria-apuntala-al-desarrollo-economico-del-pais\/#primaryimage","url":"https:\/\/www.mpppst.gob.ve\/mpppstweb\/wp-content\/uploads\/2021\/06\/RICARDO-768x427-1.jpg","contentUrl":"https:\/\/www.mpppst.gob.ve\/mpppstweb\/wp-content\/uploads\/2021\/06\/RICARDO-768x427-1.jpg","width":768,"height":427},{"@type":"BreadcrumbList","@id":"https:\/\/www.mpppst.gob.ve\/mpppstweb\/index.php\/2021\/06\/11\/vicepresidente-sectorial-ricardo-menendez-el-plan-de-la-patria-apuntala-al-desarrollo-economico-del-pais\/#breadcrumb","itemListElement":[{"@type":"ListItem","position":1,"name":"Home","item":"https:\/\/www.mpppst.gob.ve\/mpppstweb\/"},{"@type":"ListItem","position":2,"name":"Vicepresidente Sectorial Ricardo Men\u00e9ndez: el Plan de la Patria apuntala al desarrollo econ\u00f3mico del pa\u00eds"}]},{"@type":"WebSite","@id":"https:\/\/www.mpppst.gob.ve\/mpppstweb\/#website","url":"https:\/\/www.mpppst.gob.ve\/mpppstweb\/","name":"MPPPST","description":"Ministerio del Poder Popular para el Proceso Social de Trabajo","publisher":{"@id":"https:\/\/www.mpppst.gob.ve\/mpppstweb\/#organization"},"potentialAction":[{"@type":"SearchAction","target":{"@type":"EntryPoint","urlTemplate":"https:\/\/www.mpppst.gob.ve\/mpppstweb\/?s={search_term_string}"},"query-input":"required name=search_term_string"}],"inLanguage":"es"},{"@type":"Organization","@id":"https:\/\/www.mpppst.gob.ve\/mpppstweb\/#organization","name":"mpppst","url":"https:\/\/www.mpppst.gob.ve\/mpppstweb\/","logo":{"@type":"ImageObject","inLanguage":"es","@id":"https:\/\/www.mpppst.gob.ve\/mpppstweb\/#\/schema\/logo\/image\/","url":"https:\/\/www.mpppst.gob.ve\/mpppstweb\/wp-content\/uploads\/2025\/07\/cropped-cropped-g910.png","contentUrl":"https:\/\/www.mpppst.gob.ve\/mpppstweb\/wp-content\/uploads\/2025\/07\/cropped-cropped-g910.png","width":1080,"height":241,"caption":"mpppst"},"image":{"@id":"https:\/\/www.mpppst.gob.ve\/mpppstweb\/#\/schema\/logo\/image\/"}},{"@type":"Person","@id":"https:\/\/www.mpppst.gob.ve\/mpppstweb\/#\/schema\/person\/fc187ee8ead412bd4c9304b62f900ea4","name":"MPPPST Prensa","url":"https:\/\/www.mpppst.gob.ve\/mpppstweb\/index.php\/author\/prensa-mpppst\/"}]}},"_links":{"self":[{"href":"https:\/\/www.mpppst.gob.ve\/mpppstweb\/index.php\/wp-json\/wp\/v2\/posts\/22578"}],"collection":[{"href":"https:\/\/www.mpppst.gob.ve\/mpppstweb\/index.php\/wp-json\/wp\/v2\/posts"}],"about":[{"href":"https:\/\/www.mpppst.gob.ve\/mpppstweb\/index.php\/wp-json\/wp\/v2\/types\/post"}],"author":[{"embeddable":true,"href":"https:\/\/www.mpppst.gob.ve\/mpppstweb\/index.php\/wp-json\/wp\/v2\/users\/25"}],"replies":[{"embeddable":true,"href":"https:\/\/www.mpppst.gob.ve\/mpppstweb\/index.php\/wp-json\/wp\/v2\/comments?post=22578"}],"version-history":[{"count":1,"href":"https:\/\/www.mpppst.gob.ve\/mpppstweb\/index.php\/wp-json\/wp\/v2\/posts\/22578\/revisions"}],"predecessor-version":[{"id":22580,"href":"https:\/\/www.mpppst.gob.ve\/mpppstweb\/index.php\/wp-json\/wp\/v2\/posts\/22578\/revisions\/22580"}],"wp:featuredmedia":[{"embeddable":true,"href":"https:\/\/www.mpppst.gob.ve\/mpppstweb\/index.php\/wp-json\/wp\/v2\/media\/22579"}],"wp:attachment":[{"href":"https:\/\/www.mpppst.gob.ve\/mpppstweb\/index.php\/wp-json\/wp\/v2\/media?parent=22578"}],"wp:term":[{"taxonomy":"category","embeddable":true,"href":"https:\/\/www.mpppst.gob.ve\/mpppstweb\/index.php\/wp-json\/wp\/v2\/categories?post=22578"},{"taxonomy":"post_tag","embeddable":true,"href":"https:\/\/www.mpppst.gob.ve\/mpppstweb\/index.php\/wp-json\/wp\/v2\/tags?post=22578"}],"curies":[{"name":"wp","href":"https:\/\/api.w.org\/{rel}","templated":true}]}}