{"id":22585,"date":"2021-06-12T20:20:26","date_gmt":"2021-06-13T00:20:26","guid":{"rendered":"http:\/\/www.mpppst.gob.ve\/mpppstweb\/?p=22585"},"modified":"2021-06-12T20:20:29","modified_gmt":"2021-06-13T00:20:29","slug":"jornada-integral-del-plan-amor-en-accion-en-la-base-de-misiones-caronoco","status":"publish","type":"post","link":"https:\/\/www.mpppst.gob.ve\/mpppstweb\/index.php\/2021\/06\/12\/jornada-integral-del-plan-amor-en-accion-en-la-base-de-misiones-caronoco\/","title":{"rendered":"Jornada Integral del Plan Amor en Acci\u00f3n en la Base de Misiones Caronoco"},"content":{"rendered":"\n<p>(Prensa Min Trabajo 12\/06\/21) En el marco del Plan Amor en Acci\u00f3n a las V\u00edctimas de la Guerra Econ\u00f3mica instruido por el Presidente Nicol\u00e1s Maduro, el ministro para el Proceso Social de Trabajo, Jos\u00e9 Ram\u00f3n Rivero, visit\u00f3 este s\u00e1bado, la Base de Misiones Caronoco, ubicada en el sector Villa Bah\u00eda, del municipio Caron\u00ed, en el estado Bol\u00edvar.<br><br>Durante esta jornada fueron atendidas m\u00e1s de 1.000 familias con atenci\u00f3n m\u00e9dico asistencial, entrega de ayudas t\u00e9cnicas y fueron entregadas pensiones a personas que ten\u00edan la edad para optar por el beneficio, independientemente de las semanas de trabajo cotizadas.<br><br>Es importante se\u00f1alar, qu\u00e9 hace siete a\u00f1os nacieron las Bases de Misiones por iniciativa del presidente Nicol\u00e1s Maduro, para internarse en los sitios m\u00e1s vulnerables y que adem\u00e1s son las familias que est\u00e1n siendo m\u00e1s afectadas por el imperialismo norteamericano.<br><br>En este sentido el Rivero enfatiz\u00f3, \u00bb sepa este pueblo que este gobierno no va a doblegarse y este pueblo no est\u00e1 dispuesto a dejarse derrotar\u201d.<br><br><br>Tambien participaron instituciones como el Seguro Social, Inpsasel, Misi\u00f3n Barrio Adentro, Barrio Nuevo Barrio Tricolor y Corpoelec.<br><br><br>*Continua la II Fase de inmunizaci\u00f3n para el pueblo*<br><br>El ministro Rivero, durante su visita a la entidad, tambi\u00e9n recorri\u00f3 el punto de vacunaci\u00f3n dispuesto por el Plan Nacional de Vacunaci\u00f3n para erradicar el covid-19, ubicado en el CTE Cachamay, que atiende a personas desde los 15 hasta los 59 a\u00f1os.<br><br>\u201cHay un ambiente extraordinario de mucha felicidad. Aquellas personas que han recibido su mensaje de texto, que se env\u00eda de manera ordenada y muy serena, son vacunados contra los contagios del covid-19. Es una acci\u00f3n que reivindica la vocaci\u00f3n del gobierno de presidente obrero, Nicol\u00e1s Maduro, para garantizar la protecci\u00f3n del pueblo venezolano\u201d, a\u00f1adi\u00f3.<\/p>\n\n\n\n<figure class=\"wp-block-image size-large\"><img decoding=\"async\" loading=\"lazy\" width=\"827\" height=\"551\" src=\"http:\/\/www.mpppst.gob.ve\/mpppstweb\/wp-content\/uploads\/2021\/06\/IMG-20210612-WA0025.jpg\" alt=\"\" class=\"wp-image-22586\" srcset=\"https:\/\/www.mpppst.gob.ve\/mpppstweb\/wp-content\/uploads\/2021\/06\/IMG-20210612-WA0025.jpg 827w, https:\/\/www.mpppst.gob.ve\/mpppstweb\/wp-content\/uploads\/2021\/06\/IMG-20210612-WA0025-300x200.jpg 300w, https:\/\/www.mpppst.gob.ve\/mpppstweb\/wp-content\/uploads\/2021\/06\/IMG-20210612-WA0025-768x512.jpg 768w\" sizes=\"(max-width: 827px) 100vw, 827px\" \/><\/figure>\n\n\n\n<figure class=\"wp-block-embed-twitter wp-block-embed is-type-rich is-provider-twitter\"><div class=\"wp-block-embed__wrapper\">\nhttps:\/\/twitter.com\/MinTrabajoVE\/status\/1403783323772764163?s=19\n<\/div><\/figure>\n\n\n\n<figure class=\"wp-block-embed-twitter wp-block-embed is-type-rich is-provider-twitter\"><div class=\"wp-block-embed__wrapper\">\nhttps:\/\/twitter.com\/dip_joserivero\/status\/1403796481836998659?s=19\n<\/div><\/figure>\n","protected":false},"excerpt":{"rendered":"<p>(Prensa Min Trabajo 12\/06\/21) En el marco del Plan Amor en Acci\u00f3n a las V\u00edctimas de &hellip; <a title=\"Jornada Integral del Plan Amor en Acci\u00f3n en la Base de Misiones Caronoco\" class=\"hm-read-more\" href=\"https:\/\/www.mpppst.gob.ve\/mpppstweb\/index.php\/2021\/06\/12\/jornada-integral-del-plan-amor-en-accion-en-la-base-de-misiones-caronoco\/\"><span class=\"screen-reader-text\">Jornada Integral del Plan Amor en Acci\u00f3n en la Base de Misiones Caronoco<\/span>Read more<\/a><\/p>\n","protected":false},"author":25,"featured_media":22587,"comment_status":"closed","ping_status":"closed","sticky":false,"template":"","format":"standard","meta":{"footnotes":""},"categories":[82,360,163],"tags":[],"yoast_head":"<!-- This site is optimized with the Yoast SEO plugin v22.5 - https:\/\/yoast.com\/wordpress\/plugins\/seo\/ -->\n<title>Jornada Integral del Plan Amor en Acci\u00f3n en la Base de Misiones Caronoco - MPPPST<\/title>\n<meta name=\"robots\" content=\"index, follow, max-snippet:-1, max-image-preview:large, max-video-preview:-1\" \/>\n<link rel=\"canonical\" href=\"https:\/\/www.mpppst.gob.ve\/mpppstweb\/index.php\/2021\/06\/12\/jornada-integral-del-plan-amor-en-accion-en-la-base-de-misiones-caronoco\/\" \/>\n<meta property=\"og:locale\" content=\"es_ES\" \/>\n<meta property=\"og:type\" content=\"article\" \/>\n<meta property=\"og:title\" content=\"Jornada Integral del Plan Amor en Acci\u00f3n en la Base de Misiones Caronoco - MPPPST\" \/>\n<meta property=\"og:description\" content=\"(Prensa Min Trabajo 12\/06\/21) En el marco del Plan Amor en Acci\u00f3n a las V\u00edctimas de &hellip; Jornada Integral del Plan Amor en Acci\u00f3n en la Base de Misiones CaronocoRead more\" \/>\n<meta property=\"og:url\" content=\"https:\/\/www.mpppst.gob.ve\/mpppstweb\/index.php\/2021\/06\/12\/jornada-integral-del-plan-amor-en-accion-en-la-base-de-misiones-caronoco\/\" \/>\n<meta property=\"og:site_name\" content=\"MPPPST\" \/>\n<meta property=\"article:published_time\" content=\"2021-06-13T00:20:26+00:00\" \/>\n<meta property=\"article:modified_time\" content=\"2021-06-13T00:20:29+00:00\" \/>\n<meta property=\"og:image\" content=\"https:\/\/www.mpppst.gob.ve\/mpppstweb\/wp-content\/uploads\/2021\/06\/IMG-20210612-WA0026.jpg\" \/>\n\t<meta property=\"og:image:width\" content=\"827\" \/>\n\t<meta property=\"og:image:height\" content=\"551\" \/>\n\t<meta property=\"og:image:type\" content=\"image\/jpeg\" \/>\n<meta name=\"author\" content=\"MPPPST Prensa\" \/>\n<meta name=\"twitter:card\" content=\"summary_large_image\" \/>\n<meta name=\"twitter:label1\" content=\"Escrito por\" \/>\n\t<meta name=\"twitter:data1\" content=\"MPPPST Prensa\" \/>\n\t<meta name=\"twitter:label2\" content=\"Tiempo de lectura\" \/>\n\t<meta name=\"twitter:data2\" content=\"2 minutos\" \/>\n<script type=\"application\/ld+json\" class=\"yoast-schema-graph\">{\"@context\":\"https:\/\/schema.org\",\"@graph\":[{\"@type\":\"Article\",\"@id\":\"https:\/\/www.mpppst.gob.ve\/mpppstweb\/index.php\/2021\/06\/12\/jornada-integral-del-plan-amor-en-accion-en-la-base-de-misiones-caronoco\/#article\",\"isPartOf\":{\"@id\":\"https:\/\/www.mpppst.gob.ve\/mpppstweb\/index.php\/2021\/06\/12\/jornada-integral-del-plan-amor-en-accion-en-la-base-de-misiones-caronoco\/\"},\"author\":{\"name\":\"MPPPST Prensa\",\"@id\":\"https:\/\/www.mpppst.gob.ve\/mpppstweb\/#\/schema\/person\/fc187ee8ead412bd4c9304b62f900ea4\"},\"headline\":\"Jornada Integral del Plan Amor en Acci\u00f3n en la Base de Misiones Caronoco\",\"datePublished\":\"2021-06-13T00:20:26+00:00\",\"dateModified\":\"2021-06-13T00:20:29+00:00\",\"mainEntityOfPage\":{\"@id\":\"https:\/\/www.mpppst.gob.ve\/mpppstweb\/index.php\/2021\/06\/12\/jornada-integral-del-plan-amor-en-accion-en-la-base-de-misiones-caronoco\/\"},\"wordCount\":338,\"publisher\":{\"@id\":\"https:\/\/www.mpppst.gob.ve\/mpppstweb\/#organization\"},\"image\":{\"@id\":\"https:\/\/www.mpppst.gob.ve\/mpppstweb\/index.php\/2021\/06\/12\/jornada-integral-del-plan-amor-en-accion-en-la-base-de-misiones-caronoco\/#primaryimage\"},\"thumbnailUrl\":\"https:\/\/www.mpppst.gob.ve\/mpppstweb\/wp-content\/uploads\/2021\/06\/IMG-20210612-WA0026.jpg\",\"articleSection\":[\"Gobierno Nacional\",\"Movimientos Sociales\",\"Noticias\"],\"inLanguage\":\"es\"},{\"@type\":\"WebPage\",\"@id\":\"https:\/\/www.mpppst.gob.ve\/mpppstweb\/index.php\/2021\/06\/12\/jornada-integral-del-plan-amor-en-accion-en-la-base-de-misiones-caronoco\/\",\"url\":\"https:\/\/www.mpppst.gob.ve\/mpppstweb\/index.php\/2021\/06\/12\/jornada-integral-del-plan-amor-en-accion-en-la-base-de-misiones-caronoco\/\",\"name\":\"Jornada Integral del Plan Amor en Acci\u00f3n en la Base de Misiones Caronoco - MPPPST\",\"isPartOf\":{\"@id\":\"https:\/\/www.mpppst.gob.ve\/mpppstweb\/#website\"},\"primaryImageOfPage\":{\"@id\":\"https:\/\/www.mpppst.gob.ve\/mpppstweb\/index.php\/2021\/06\/12\/jornada-integral-del-plan-amor-en-accion-en-la-base-de-misiones-caronoco\/#primaryimage\"},\"image\":{\"@id\":\"https:\/\/www.mpppst.gob.ve\/mpppstweb\/index.php\/2021\/06\/12\/jornada-integral-del-plan-amor-en-accion-en-la-base-de-misiones-caronoco\/#primaryimage\"},\"thumbnailUrl\":\"https:\/\/www.mpppst.gob.ve\/mpppstweb\/wp-content\/uploads\/2021\/06\/IMG-20210612-WA0026.jpg\",\"datePublished\":\"2021-06-13T00:20:26+00:00\",\"dateModified\":\"2021-06-13T00:20:29+00:00\",\"breadcrumb\":{\"@id\":\"https:\/\/www.mpppst.gob.ve\/mpppstweb\/index.php\/2021\/06\/12\/jornada-integral-del-plan-amor-en-accion-en-la-base-de-misiones-caronoco\/#breadcrumb\"},\"inLanguage\":\"es\",\"potentialAction\":[{\"@type\":\"ReadAction\",\"target\":[\"https:\/\/www.mpppst.gob.ve\/mpppstweb\/index.php\/2021\/06\/12\/jornada-integral-del-plan-amor-en-accion-en-la-base-de-misiones-caronoco\/\"]}]},{\"@type\":\"ImageObject\",\"inLanguage\":\"es\",\"@id\":\"https:\/\/www.mpppst.gob.ve\/mpppstweb\/index.php\/2021\/06\/12\/jornada-integral-del-plan-amor-en-accion-en-la-base-de-misiones-caronoco\/#primaryimage\",\"url\":\"https:\/\/www.mpppst.gob.ve\/mpppstweb\/wp-content\/uploads\/2021\/06\/IMG-20210612-WA0026.jpg\",\"contentUrl\":\"https:\/\/www.mpppst.gob.ve\/mpppstweb\/wp-content\/uploads\/2021\/06\/IMG-20210612-WA0026.jpg\",\"width\":827,\"height\":551},{\"@type\":\"BreadcrumbList\",\"@id\":\"https:\/\/www.mpppst.gob.ve\/mpppstweb\/index.php\/2021\/06\/12\/jornada-integral-del-plan-amor-en-accion-en-la-base-de-misiones-caronoco\/#breadcrumb\",\"itemListElement\":[{\"@type\":\"ListItem\",\"position\":1,\"name\":\"Home\",\"item\":\"https:\/\/www.mpppst.gob.ve\/mpppstweb\/\"},{\"@type\":\"ListItem\",\"position\":2,\"name\":\"Jornada Integral del Plan Amor en Acci\u00f3n en la Base de Misiones Caronoco\"}]},{\"@type\":\"WebSite\",\"@id\":\"https:\/\/www.mpppst.gob.ve\/mpppstweb\/#website\",\"url\":\"https:\/\/www.mpppst.gob.ve\/mpppstweb\/\",\"name\":\"MPPPST\",\"description\":\"Ministerio del Poder Popular para el Proceso Social de Trabajo\",\"publisher\":{\"@id\":\"https:\/\/www.mpppst.gob.ve\/mpppstweb\/#organization\"},\"potentialAction\":[{\"@type\":\"SearchAction\",\"target\":{\"@type\":\"EntryPoint\",\"urlTemplate\":\"https:\/\/www.mpppst.gob.ve\/mpppstweb\/?s={search_term_string}\"},\"query-input\":\"required name=search_term_string\"}],\"inLanguage\":\"es\"},{\"@type\":\"Organization\",\"@id\":\"https:\/\/www.mpppst.gob.ve\/mpppstweb\/#organization\",\"name\":\"mpppst\",\"url\":\"https:\/\/www.mpppst.gob.ve\/mpppstweb\/\",\"logo\":{\"@type\":\"ImageObject\",\"inLanguage\":\"es\",\"@id\":\"https:\/\/www.mpppst.gob.ve\/mpppstweb\/#\/schema\/logo\/image\/\",\"url\":\"https:\/\/www.mpppst.gob.ve\/mpppstweb\/wp-content\/uploads\/2025\/07\/cropped-cropped-g910.png\",\"contentUrl\":\"https:\/\/www.mpppst.gob.ve\/mpppstweb\/wp-content\/uploads\/2025\/07\/cropped-cropped-g910.png\",\"width\":1080,\"height\":241,\"caption\":\"mpppst\"},\"image\":{\"@id\":\"https:\/\/www.mpppst.gob.ve\/mpppstweb\/#\/schema\/logo\/image\/\"}},{\"@type\":\"Person\",\"@id\":\"https:\/\/www.mpppst.gob.ve\/mpppstweb\/#\/schema\/person\/fc187ee8ead412bd4c9304b62f900ea4\",\"name\":\"MPPPST Prensa\",\"url\":\"https:\/\/www.mpppst.gob.ve\/mpppstweb\/index.php\/author\/prensa-mpppst\/\"}]}<\/script>\n<!-- \/ Yoast SEO plugin. -->","yoast_head_json":{"title":"Jornada Integral del Plan Amor en Acci\u00f3n en la Base de Misiones Caronoco - MPPPST","robots":{"index":"index","follow":"follow","max-snippet":"max-snippet:-1","max-image-preview":"max-image-preview:large","max-video-preview":"max-video-preview:-1"},"canonical":"https:\/\/www.mpppst.gob.ve\/mpppstweb\/index.php\/2021\/06\/12\/jornada-integral-del-plan-amor-en-accion-en-la-base-de-misiones-caronoco\/","og_locale":"es_ES","og_type":"article","og_title":"Jornada Integral del Plan Amor en Acci\u00f3n en la Base de Misiones Caronoco - MPPPST","og_description":"(Prensa Min Trabajo 12\/06\/21) En el marco del Plan Amor en Acci\u00f3n a las V\u00edctimas de &hellip; Jornada Integral del Plan Amor en Acci\u00f3n en la Base de Misiones CaronocoRead more","og_url":"https:\/\/www.mpppst.gob.ve\/mpppstweb\/index.php\/2021\/06\/12\/jornada-integral-del-plan-amor-en-accion-en-la-base-de-misiones-caronoco\/","og_site_name":"MPPPST","article_published_time":"2021-06-13T00:20:26+00:00","article_modified_time":"2021-06-13T00:20:29+00:00","og_image":[{"width":827,"height":551,"url":"https:\/\/www.mpppst.gob.ve\/mpppstweb\/wp-content\/uploads\/2021\/06\/IMG-20210612-WA0026.jpg","type":"image\/jpeg"}],"author":"MPPPST Prensa","twitter_card":"summary_large_image","twitter_misc":{"Escrito por":"MPPPST Prensa","Tiempo de lectura":"2 minutos"},"schema":{"@context":"https:\/\/schema.org","@graph":[{"@type":"Article","@id":"https:\/\/www.mpppst.gob.ve\/mpppstweb\/index.php\/2021\/06\/12\/jornada-integral-del-plan-amor-en-accion-en-la-base-de-misiones-caronoco\/#article","isPartOf":{"@id":"https:\/\/www.mpppst.gob.ve\/mpppstweb\/index.php\/2021\/06\/12\/jornada-integral-del-plan-amor-en-accion-en-la-base-de-misiones-caronoco\/"},"author":{"name":"MPPPST Prensa","@id":"https:\/\/www.mpppst.gob.ve\/mpppstweb\/#\/schema\/person\/fc187ee8ead412bd4c9304b62f900ea4"},"headline":"Jornada Integral del Plan Amor en Acci\u00f3n en la Base de Misiones Caronoco","datePublished":"2021-06-13T00:20:26+00:00","dateModified":"2021-06-13T00:20:29+00:00","mainEntityOfPage":{"@id":"https:\/\/www.mpppst.gob.ve\/mpppstweb\/index.php\/2021\/06\/12\/jornada-integral-del-plan-amor-en-accion-en-la-base-de-misiones-caronoco\/"},"wordCount":338,"publisher":{"@id":"https:\/\/www.mpppst.gob.ve\/mpppstweb\/#organization"},"image":{"@id":"https:\/\/www.mpppst.gob.ve\/mpppstweb\/index.php\/2021\/06\/12\/jornada-integral-del-plan-amor-en-accion-en-la-base-de-misiones-caronoco\/#primaryimage"},"thumbnailUrl":"https:\/\/www.mpppst.gob.ve\/mpppstweb\/wp-content\/uploads\/2021\/06\/IMG-20210612-WA0026.jpg","articleSection":["Gobierno Nacional","Movimientos Sociales","Noticias"],"inLanguage":"es"},{"@type":"WebPage","@id":"https:\/\/www.mpppst.gob.ve\/mpppstweb\/index.php\/2021\/06\/12\/jornada-integral-del-plan-amor-en-accion-en-la-base-de-misiones-caronoco\/","url":"https:\/\/www.mpppst.gob.ve\/mpppstweb\/index.php\/2021\/06\/12\/jornada-integral-del-plan-amor-en-accion-en-la-base-de-misiones-caronoco\/","name":"Jornada Integral del Plan Amor en Acci\u00f3n en la Base de Misiones Caronoco - MPPPST","isPartOf":{"@id":"https:\/\/www.mpppst.gob.ve\/mpppstweb\/#website"},"primaryImageOfPage":{"@id":"https:\/\/www.mpppst.gob.ve\/mpppstweb\/index.php\/2021\/06\/12\/jornada-integral-del-plan-amor-en-accion-en-la-base-de-misiones-caronoco\/#primaryimage"},"image":{"@id":"https:\/\/www.mpppst.gob.ve\/mpppstweb\/index.php\/2021\/06\/12\/jornada-integral-del-plan-amor-en-accion-en-la-base-de-misiones-caronoco\/#primaryimage"},"thumbnailUrl":"https:\/\/www.mpppst.gob.ve\/mpppstweb\/wp-content\/uploads\/2021\/06\/IMG-20210612-WA0026.jpg","datePublished":"2021-06-13T00:20:26+00:00","dateModified":"2021-06-13T00:20:29+00:00","breadcrumb":{"@id":"https:\/\/www.mpppst.gob.ve\/mpppstweb\/index.php\/2021\/06\/12\/jornada-integral-del-plan-amor-en-accion-en-la-base-de-misiones-caronoco\/#breadcrumb"},"inLanguage":"es","potentialAction":[{"@type":"ReadAction","target":["https:\/\/www.mpppst.gob.ve\/mpppstweb\/index.php\/2021\/06\/12\/jornada-integral-del-plan-amor-en-accion-en-la-base-de-misiones-caronoco\/"]}]},{"@type":"ImageObject","inLanguage":"es","@id":"https:\/\/www.mpppst.gob.ve\/mpppstweb\/index.php\/2021\/06\/12\/jornada-integral-del-plan-amor-en-accion-en-la-base-de-misiones-caronoco\/#primaryimage","url":"https:\/\/www.mpppst.gob.ve\/mpppstweb\/wp-content\/uploads\/2021\/06\/IMG-20210612-WA0026.jpg","contentUrl":"https:\/\/www.mpppst.gob.ve\/mpppstweb\/wp-content\/uploads\/2021\/06\/IMG-20210612-WA0026.jpg","width":827,"height":551},{"@type":"BreadcrumbList","@id":"https:\/\/www.mpppst.gob.ve\/mpppstweb\/index.php\/2021\/06\/12\/jornada-integral-del-plan-amor-en-accion-en-la-base-de-misiones-caronoco\/#breadcrumb","itemListElement":[{"@type":"ListItem","position":1,"name":"Home","item":"https:\/\/www.mpppst.gob.ve\/mpppstweb\/"},{"@type":"ListItem","position":2,"name":"Jornada Integral del Plan Amor en Acci\u00f3n en la Base de Misiones Caronoco"}]},{"@type":"WebSite","@id":"https:\/\/www.mpppst.gob.ve\/mpppstweb\/#website","url":"https:\/\/www.mpppst.gob.ve\/mpppstweb\/","name":"MPPPST","description":"Ministerio del Poder Popular para el Proceso Social de Trabajo","publisher":{"@id":"https:\/\/www.mpppst.gob.ve\/mpppstweb\/#organization"},"potentialAction":[{"@type":"SearchAction","target":{"@type":"EntryPoint","urlTemplate":"https:\/\/www.mpppst.gob.ve\/mpppstweb\/?s={search_term_string}"},"query-input":"required name=search_term_string"}],"inLanguage":"es"},{"@type":"Organization","@id":"https:\/\/www.mpppst.gob.ve\/mpppstweb\/#organization","name":"mpppst","url":"https:\/\/www.mpppst.gob.ve\/mpppstweb\/","logo":{"@type":"ImageObject","inLanguage":"es","@id":"https:\/\/www.mpppst.gob.ve\/mpppstweb\/#\/schema\/logo\/image\/","url":"https:\/\/www.mpppst.gob.ve\/mpppstweb\/wp-content\/uploads\/2025\/07\/cropped-cropped-g910.png","contentUrl":"https:\/\/www.mpppst.gob.ve\/mpppstweb\/wp-content\/uploads\/2025\/07\/cropped-cropped-g910.png","width":1080,"height":241,"caption":"mpppst"},"image":{"@id":"https:\/\/www.mpppst.gob.ve\/mpppstweb\/#\/schema\/logo\/image\/"}},{"@type":"Person","@id":"https:\/\/www.mpppst.gob.ve\/mpppstweb\/#\/schema\/person\/fc187ee8ead412bd4c9304b62f900ea4","name":"MPPPST Prensa","url":"https:\/\/www.mpppst.gob.ve\/mpppstweb\/index.php\/author\/prensa-mpppst\/"}]}},"_links":{"self":[{"href":"https:\/\/www.mpppst.gob.ve\/mpppstweb\/index.php\/wp-json\/wp\/v2\/posts\/22585"}],"collection":[{"href":"https:\/\/www.mpppst.gob.ve\/mpppstweb\/index.php\/wp-json\/wp\/v2\/posts"}],"about":[{"href":"https:\/\/www.mpppst.gob.ve\/mpppstweb\/index.php\/wp-json\/wp\/v2\/types\/post"}],"author":[{"embeddable":true,"href":"https:\/\/www.mpppst.gob.ve\/mpppstweb\/index.php\/wp-json\/wp\/v2\/users\/25"}],"replies":[{"embeddable":true,"href":"https:\/\/www.mpppst.gob.ve\/mpppstweb\/index.php\/wp-json\/wp\/v2\/comments?post=22585"}],"version-history":[{"count":1,"href":"https:\/\/www.mpppst.gob.ve\/mpppstweb\/index.php\/wp-json\/wp\/v2\/posts\/22585\/revisions"}],"predecessor-version":[{"id":22588,"href":"https:\/\/www.mpppst.gob.ve\/mpppstweb\/index.php\/wp-json\/wp\/v2\/posts\/22585\/revisions\/22588"}],"wp:featuredmedia":[{"embeddable":true,"href":"https:\/\/www.mpppst.gob.ve\/mpppstweb\/index.php\/wp-json\/wp\/v2\/media\/22587"}],"wp:attachment":[{"href":"https:\/\/www.mpppst.gob.ve\/mpppstweb\/index.php\/wp-json\/wp\/v2\/media?parent=22585"}],"wp:term":[{"taxonomy":"category","embeddable":true,"href":"https:\/\/www.mpppst.gob.ve\/mpppstweb\/index.php\/wp-json\/wp\/v2\/categories?post=22585"},{"taxonomy":"post_tag","embeddable":true,"href":"https:\/\/www.mpppst.gob.ve\/mpppstweb\/index.php\/wp-json\/wp\/v2\/tags?post=22585"}],"curies":[{"name":"wp","href":"https:\/\/api.w.org\/{rel}","templated":true}]}}