{"id":22592,"date":"2021-06-14T08:07:09","date_gmt":"2021-06-14T12:07:09","guid":{"rendered":"http:\/\/www.mpppst.gob.ve\/mpppstweb\/?p=22592"},"modified":"2021-06-14T08:07:11","modified_gmt":"2021-06-14T12:07:11","slug":"un-total-de-70-trabajadores-de-pdvsa-inician-1er-diplomado-en-seguridad-y-defensa-integral-de-la-nacion","status":"publish","type":"post","link":"https:\/\/www.mpppst.gob.ve\/mpppstweb\/index.php\/2021\/06\/14\/un-total-de-70-trabajadores-de-pdvsa-inician-1er-diplomado-en-seguridad-y-defensa-integral-de-la-nacion\/","title":{"rendered":"Un total de 70 trabajadores de PDVSA inician 1er Diplomado en Seguridad y Defensa Integral de la Naci\u00f3n"},"content":{"rendered":"\n<figure class=\"wp-block-image\"><a href=\"https:\/\/www.vtv.gob.ve\/wp-content\/uploads\/2021\/06\/ZONA-OBRERA.jpg\"><img decoding=\"async\" src=\"https:\/\/www.vtv.gob.ve\/wp-content\/uploads\/2021\/06\/ZONA-OBRERA-800x445.jpg\" alt=\"Un total de 70 trabajadores de Pdvsa inician el 1er Diplomado en Seguridad y Defensa Integral de la Naci\u00f3n\"\/><\/a><\/figure>\n\n\n\n<p><a href=\"https:\/\/www.vtv.gob.ve\/category\/nacionales\/\">Nacionales<\/a><\/p>\n\n\n\n<h1 class=\"wp-block-heading\">Un total de 70 trabajadores de PDVSA inician 1er Diplomado en Seguridad y Defensa Integral de la Naci\u00f3n<\/h1>\n\n\n\n<p><a href=\"https:\/\/www.vtv.gob.ve\/trabajadores-pdvsa-diplomado-seguridad-defensa-integral-nacion\/\">&nbsp;Caracas,&nbsp;<time datetime=\"2021-06-13T19:17:52-04:00\">13 de junio de 2021<\/time><\/a><a href=\"https:\/\/www.vtv.gob.ve\/author\/lontivero\/\">VTV<\/a><a href=\"https:\/\/www.facebook.com\/sharer.php?u=https%3A%2F%2Fwww.vtv.gob.ve%2Ftrabajadores-pdvsa-diplomado-seguridad-defensa-integral-nacion%2F\" target=\"_blank\" rel=\"noreferrer noopener\"><\/a><a href=\"https:\/\/twitter.com\/share?url=https%3A%2F%2Fwww.vtv.gob.ve%2Ftrabajadores-pdvsa-diplomado-seguridad-defensa-integral-nacion%2F&amp;text=Un%20total%20de%2070%20trabajadores%20de%20PDVSA%20inician%201er%20Diplomado%20en%20Seguridad%20y%20Defensa%20Integral%20de%20la%20Naci%C3%B3n&amp;via=vtvcanal8&amp;hashtags=#06Sep\" target=\"_blank\" rel=\"noreferrer noopener\"><\/a><a href=\"\/\/send?text=Un%20total%20de%2070%20trabajadores%20de%20PDVSA%20inician%201er%20Diplomado%20en%20Seguridad%20y%20Defensa%20Integral%20de%20la%20Naci%C3%B3n%20%E2%98%9B%20https%3A%2F%2Fwww.vtv.gob.ve%2Ftrabajadores-pdvsa-diplomado-seguridad-defensa-integral-nacion%2F\" target=\"_blank\" rel=\"noreferrer noopener\"><\/a><a href=\"https:\/\/telegram.me\/share\/url?url=https%3A%2F%2Fwww.vtv.gob.ve%2Ftrabajadores-pdvsa-diplomado-seguridad-defensa-integral-nacion%2F&amp;text=Un%20total%20de%2070%20trabajadores%20de%20PDVSA%20inician%201er%20Diplomado%20en%20Seguridad%20y%20Defensa%20Integral%20de%20la%20Naci%C3%B3n\" target=\"_blank\" rel=\"noreferrer noopener\"><\/a><a href=\"javascript:void(0);\"><\/a><\/p>\n\n\n\n<p>En coordinaci\u00f3n con la Universidad Bolivariana de los Trabajadores \u201cJes\u00fas Rivero\u201d (UBTJR) y la Universidad Militar Bolivariana de Venezuela (UMBV) se dio inicio al I Diplomado en Seguridad y Defensa Integral de la Naci\u00f3n en la industria de los hidrocarburos, con la participaci\u00f3n de 70 trabajadores y trabajadoras pertenecientes a la planta de refinaci\u00f3n oriente en Puerto la Cruz estado Anzo\u00e1tegui, para avanzar en la organizaci\u00f3n de la clase obrera, la Milicia y Cuerpos Combatientes, inform\u00f3 el vocero del Plan de Estrat\u00e9gico Socialista y miembro del Estado Mayor de los CPTT de la industria petrolera (PDVSA), Ricardo Le\u00f3n.<\/p>\n\n\n\n<p>En este sentido, los participantes de este diplomado pertenecen a distintas \u00e1reas y procesos de la industria, el eje central de este ciclo de formaci\u00f3n estar\u00e1 concentrado en que los participantes estudien diversas asignaturas vinculadas a la revisi\u00f3n de los procesos de recuperaci\u00f3n de la producci\u00f3n, estabilizaci\u00f3n, y del Plan de Defensa Integral de la refiner\u00eda, para fortalecer la estructura de los Consejos Productivos de Trabajadores y Trabajadoras CPPT y de la Milicia Obrera, para la defensa de las instalaciones y la continuidad de las operaciones de refinaci\u00f3n ante eventos adversos, detall\u00f3 Le\u00f3n.<\/p>\n\n\n\n<p>Asimismo, este diplomado forma parte de un Plan de Formaci\u00f3n que abarcar\u00e1, en el mediano plazo, todas las sedes a nivel nacional de PDVSA, de la mano de la Universidad Bolivariana de los Trabajadores y la Universidad Militar Bolivariana de Venezuela, dando cumplimiento a la instrucci\u00f3n del presidente Nicol\u00e1s Maduro, para el fortalecimiento de las capacidades productivas y de defensa de la clase obrera petrolera, rese\u00f1\u00f3 nota de prensa de la Zona Obrera.<\/p>\n\n\n\n<p>Prensa Web VTV<\/p>\n","protected":false},"excerpt":{"rendered":"<p>Nacionales Un total de 70 trabajadores de PDVSA inician 1er Diplomado en Seguridad y Defensa Integral &hellip; <a title=\"Un total de 70 trabajadores de PDVSA inician 1er Diplomado en Seguridad y Defensa Integral de la Naci\u00f3n\" class=\"hm-read-more\" href=\"https:\/\/www.mpppst.gob.ve\/mpppstweb\/index.php\/2021\/06\/14\/un-total-de-70-trabajadores-de-pdvsa-inician-1er-diplomado-en-seguridad-y-defensa-integral-de-la-nacion\/\"><span class=\"screen-reader-text\">Un total de 70 trabajadores de PDVSA inician 1er Diplomado en Seguridad y Defensa Integral de la Naci\u00f3n<\/span>Read more<\/a><\/p>\n","protected":false},"author":25,"featured_media":22593,"comment_status":"closed","ping_status":"closed","sticky":false,"template":"","format":"standard","meta":{"footnotes":""},"categories":[406,163],"tags":[],"yoast_head":"<!-- This site is optimized with the Yoast SEO plugin v22.5 - https:\/\/yoast.com\/wordpress\/plugins\/seo\/ -->\n<title>Un total de 70 trabajadores de PDVSA inician 1er Diplomado en Seguridad y Defensa Integral de la Naci\u00f3n - MPPPST<\/title>\n<meta name=\"robots\" content=\"index, follow, max-snippet:-1, max-image-preview:large, max-video-preview:-1\" \/>\n<link rel=\"canonical\" href=\"https:\/\/www.mpppst.gob.ve\/mpppstweb\/index.php\/2021\/06\/14\/un-total-de-70-trabajadores-de-pdvsa-inician-1er-diplomado-en-seguridad-y-defensa-integral-de-la-nacion\/\" \/>\n<meta property=\"og:locale\" content=\"es_ES\" \/>\n<meta property=\"og:type\" content=\"article\" \/>\n<meta property=\"og:title\" content=\"Un total de 70 trabajadores de PDVSA inician 1er Diplomado en Seguridad y Defensa Integral de la Naci\u00f3n - MPPPST\" \/>\n<meta property=\"og:description\" content=\"Nacionales Un total de 70 trabajadores de PDVSA inician 1er Diplomado en Seguridad y Defensa Integral &hellip; Un total de 70 trabajadores de PDVSA inician 1er Diplomado en Seguridad y Defensa Integral de la Naci\u00f3nRead more\" \/>\n<meta property=\"og:url\" content=\"https:\/\/www.mpppst.gob.ve\/mpppstweb\/index.php\/2021\/06\/14\/un-total-de-70-trabajadores-de-pdvsa-inician-1er-diplomado-en-seguridad-y-defensa-integral-de-la-nacion\/\" \/>\n<meta property=\"og:site_name\" content=\"MPPPST\" \/>\n<meta property=\"article:published_time\" content=\"2021-06-14T12:07:09+00:00\" \/>\n<meta property=\"article:modified_time\" content=\"2021-06-14T12:07:11+00:00\" \/>\n<meta property=\"og:image\" content=\"https:\/\/www.mpppst.gob.ve\/mpppstweb\/wp-content\/uploads\/2021\/06\/ZONA-OBRERA-768x427-1.jpg\" \/>\n\t<meta property=\"og:image:width\" content=\"768\" \/>\n\t<meta property=\"og:image:height\" content=\"427\" \/>\n\t<meta property=\"og:image:type\" content=\"image\/jpeg\" \/>\n<meta name=\"author\" content=\"MPPPST Prensa\" \/>\n<meta name=\"twitter:card\" content=\"summary_large_image\" \/>\n<meta name=\"twitter:label1\" content=\"Escrito por\" \/>\n\t<meta name=\"twitter:data1\" content=\"MPPPST Prensa\" \/>\n\t<meta name=\"twitter:label2\" content=\"Tiempo de lectura\" \/>\n\t<meta name=\"twitter:data2\" content=\"2 minutos\" \/>\n<script type=\"application\/ld+json\" class=\"yoast-schema-graph\">{\"@context\":\"https:\/\/schema.org\",\"@graph\":[{\"@type\":\"Article\",\"@id\":\"https:\/\/www.mpppst.gob.ve\/mpppstweb\/index.php\/2021\/06\/14\/un-total-de-70-trabajadores-de-pdvsa-inician-1er-diplomado-en-seguridad-y-defensa-integral-de-la-nacion\/#article\",\"isPartOf\":{\"@id\":\"https:\/\/www.mpppst.gob.ve\/mpppstweb\/index.php\/2021\/06\/14\/un-total-de-70-trabajadores-de-pdvsa-inician-1er-diplomado-en-seguridad-y-defensa-integral-de-la-nacion\/\"},\"author\":{\"name\":\"MPPPST Prensa\",\"@id\":\"https:\/\/www.mpppst.gob.ve\/mpppstweb\/#\/schema\/person\/fc187ee8ead412bd4c9304b62f900ea4\"},\"headline\":\"Un total de 70 trabajadores de PDVSA inician 1er Diplomado en Seguridad y Defensa Integral de la Naci\u00f3n\",\"datePublished\":\"2021-06-14T12:07:09+00:00\",\"dateModified\":\"2021-06-14T12:07:11+00:00\",\"mainEntityOfPage\":{\"@id\":\"https:\/\/www.mpppst.gob.ve\/mpppstweb\/index.php\/2021\/06\/14\/un-total-de-70-trabajadores-de-pdvsa-inician-1er-diplomado-en-seguridad-y-defensa-integral-de-la-nacion\/\"},\"wordCount\":330,\"publisher\":{\"@id\":\"https:\/\/www.mpppst.gob.ve\/mpppstweb\/#organization\"},\"image\":{\"@id\":\"https:\/\/www.mpppst.gob.ve\/mpppstweb\/index.php\/2021\/06\/14\/un-total-de-70-trabajadores-de-pdvsa-inician-1er-diplomado-en-seguridad-y-defensa-integral-de-la-nacion\/#primaryimage\"},\"thumbnailUrl\":\"https:\/\/www.mpppst.gob.ve\/mpppstweb\/wp-content\/uploads\/2021\/06\/ZONA-OBRERA-768x427-1.jpg\",\"articleSection\":[\"CPT\",\"Noticias\"],\"inLanguage\":\"es\"},{\"@type\":\"WebPage\",\"@id\":\"https:\/\/www.mpppst.gob.ve\/mpppstweb\/index.php\/2021\/06\/14\/un-total-de-70-trabajadores-de-pdvsa-inician-1er-diplomado-en-seguridad-y-defensa-integral-de-la-nacion\/\",\"url\":\"https:\/\/www.mpppst.gob.ve\/mpppstweb\/index.php\/2021\/06\/14\/un-total-de-70-trabajadores-de-pdvsa-inician-1er-diplomado-en-seguridad-y-defensa-integral-de-la-nacion\/\",\"name\":\"Un total de 70 trabajadores de PDVSA inician 1er Diplomado en Seguridad y Defensa Integral de la Naci\u00f3n - MPPPST\",\"isPartOf\":{\"@id\":\"https:\/\/www.mpppst.gob.ve\/mpppstweb\/#website\"},\"primaryImageOfPage\":{\"@id\":\"https:\/\/www.mpppst.gob.ve\/mpppstweb\/index.php\/2021\/06\/14\/un-total-de-70-trabajadores-de-pdvsa-inician-1er-diplomado-en-seguridad-y-defensa-integral-de-la-nacion\/#primaryimage\"},\"image\":{\"@id\":\"https:\/\/www.mpppst.gob.ve\/mpppstweb\/index.php\/2021\/06\/14\/un-total-de-70-trabajadores-de-pdvsa-inician-1er-diplomado-en-seguridad-y-defensa-integral-de-la-nacion\/#primaryimage\"},\"thumbnailUrl\":\"https:\/\/www.mpppst.gob.ve\/mpppstweb\/wp-content\/uploads\/2021\/06\/ZONA-OBRERA-768x427-1.jpg\",\"datePublished\":\"2021-06-14T12:07:09+00:00\",\"dateModified\":\"2021-06-14T12:07:11+00:00\",\"breadcrumb\":{\"@id\":\"https:\/\/www.mpppst.gob.ve\/mpppstweb\/index.php\/2021\/06\/14\/un-total-de-70-trabajadores-de-pdvsa-inician-1er-diplomado-en-seguridad-y-defensa-integral-de-la-nacion\/#breadcrumb\"},\"inLanguage\":\"es\",\"potentialAction\":[{\"@type\":\"ReadAction\",\"target\":[\"https:\/\/www.mpppst.gob.ve\/mpppstweb\/index.php\/2021\/06\/14\/un-total-de-70-trabajadores-de-pdvsa-inician-1er-diplomado-en-seguridad-y-defensa-integral-de-la-nacion\/\"]}]},{\"@type\":\"ImageObject\",\"inLanguage\":\"es\",\"@id\":\"https:\/\/www.mpppst.gob.ve\/mpppstweb\/index.php\/2021\/06\/14\/un-total-de-70-trabajadores-de-pdvsa-inician-1er-diplomado-en-seguridad-y-defensa-integral-de-la-nacion\/#primaryimage\",\"url\":\"https:\/\/www.mpppst.gob.ve\/mpppstweb\/wp-content\/uploads\/2021\/06\/ZONA-OBRERA-768x427-1.jpg\",\"contentUrl\":\"https:\/\/www.mpppst.gob.ve\/mpppstweb\/wp-content\/uploads\/2021\/06\/ZONA-OBRERA-768x427-1.jpg\",\"width\":768,\"height\":427},{\"@type\":\"BreadcrumbList\",\"@id\":\"https:\/\/www.mpppst.gob.ve\/mpppstweb\/index.php\/2021\/06\/14\/un-total-de-70-trabajadores-de-pdvsa-inician-1er-diplomado-en-seguridad-y-defensa-integral-de-la-nacion\/#breadcrumb\",\"itemListElement\":[{\"@type\":\"ListItem\",\"position\":1,\"name\":\"Home\",\"item\":\"https:\/\/www.mpppst.gob.ve\/mpppstweb\/\"},{\"@type\":\"ListItem\",\"position\":2,\"name\":\"Un total de 70 trabajadores de PDVSA inician 1er Diplomado en Seguridad y Defensa Integral de la Naci\u00f3n\"}]},{\"@type\":\"WebSite\",\"@id\":\"https:\/\/www.mpppst.gob.ve\/mpppstweb\/#website\",\"url\":\"https:\/\/www.mpppst.gob.ve\/mpppstweb\/\",\"name\":\"MPPPST\",\"description\":\"Ministerio del Poder Popular para el Proceso Social de Trabajo\",\"publisher\":{\"@id\":\"https:\/\/www.mpppst.gob.ve\/mpppstweb\/#organization\"},\"potentialAction\":[{\"@type\":\"SearchAction\",\"target\":{\"@type\":\"EntryPoint\",\"urlTemplate\":\"https:\/\/www.mpppst.gob.ve\/mpppstweb\/?s={search_term_string}\"},\"query-input\":\"required name=search_term_string\"}],\"inLanguage\":\"es\"},{\"@type\":\"Organization\",\"@id\":\"https:\/\/www.mpppst.gob.ve\/mpppstweb\/#organization\",\"name\":\"mpppst\",\"url\":\"https:\/\/www.mpppst.gob.ve\/mpppstweb\/\",\"logo\":{\"@type\":\"ImageObject\",\"inLanguage\":\"es\",\"@id\":\"https:\/\/www.mpppst.gob.ve\/mpppstweb\/#\/schema\/logo\/image\/\",\"url\":\"https:\/\/www.mpppst.gob.ve\/mpppstweb\/wp-content\/uploads\/2025\/07\/cropped-cropped-g910.png\",\"contentUrl\":\"https:\/\/www.mpppst.gob.ve\/mpppstweb\/wp-content\/uploads\/2025\/07\/cropped-cropped-g910.png\",\"width\":1080,\"height\":241,\"caption\":\"mpppst\"},\"image\":{\"@id\":\"https:\/\/www.mpppst.gob.ve\/mpppstweb\/#\/schema\/logo\/image\/\"}},{\"@type\":\"Person\",\"@id\":\"https:\/\/www.mpppst.gob.ve\/mpppstweb\/#\/schema\/person\/fc187ee8ead412bd4c9304b62f900ea4\",\"name\":\"MPPPST Prensa\",\"url\":\"https:\/\/www.mpppst.gob.ve\/mpppstweb\/index.php\/author\/prensa-mpppst\/\"}]}<\/script>\n<!-- \/ Yoast SEO plugin. -->","yoast_head_json":{"title":"Un total de 70 trabajadores de PDVSA inician 1er Diplomado en Seguridad y Defensa Integral de la Naci\u00f3n - MPPPST","robots":{"index":"index","follow":"follow","max-snippet":"max-snippet:-1","max-image-preview":"max-image-preview:large","max-video-preview":"max-video-preview:-1"},"canonical":"https:\/\/www.mpppst.gob.ve\/mpppstweb\/index.php\/2021\/06\/14\/un-total-de-70-trabajadores-de-pdvsa-inician-1er-diplomado-en-seguridad-y-defensa-integral-de-la-nacion\/","og_locale":"es_ES","og_type":"article","og_title":"Un total de 70 trabajadores de PDVSA inician 1er Diplomado en Seguridad y Defensa Integral de la Naci\u00f3n - MPPPST","og_description":"Nacionales Un total de 70 trabajadores de PDVSA inician 1er Diplomado en Seguridad y Defensa Integral &hellip; Un total de 70 trabajadores de PDVSA inician 1er Diplomado en Seguridad y Defensa Integral de la Naci\u00f3nRead more","og_url":"https:\/\/www.mpppst.gob.ve\/mpppstweb\/index.php\/2021\/06\/14\/un-total-de-70-trabajadores-de-pdvsa-inician-1er-diplomado-en-seguridad-y-defensa-integral-de-la-nacion\/","og_site_name":"MPPPST","article_published_time":"2021-06-14T12:07:09+00:00","article_modified_time":"2021-06-14T12:07:11+00:00","og_image":[{"width":768,"height":427,"url":"https:\/\/www.mpppst.gob.ve\/mpppstweb\/wp-content\/uploads\/2021\/06\/ZONA-OBRERA-768x427-1.jpg","type":"image\/jpeg"}],"author":"MPPPST Prensa","twitter_card":"summary_large_image","twitter_misc":{"Escrito por":"MPPPST Prensa","Tiempo de lectura":"2 minutos"},"schema":{"@context":"https:\/\/schema.org","@graph":[{"@type":"Article","@id":"https:\/\/www.mpppst.gob.ve\/mpppstweb\/index.php\/2021\/06\/14\/un-total-de-70-trabajadores-de-pdvsa-inician-1er-diplomado-en-seguridad-y-defensa-integral-de-la-nacion\/#article","isPartOf":{"@id":"https:\/\/www.mpppst.gob.ve\/mpppstweb\/index.php\/2021\/06\/14\/un-total-de-70-trabajadores-de-pdvsa-inician-1er-diplomado-en-seguridad-y-defensa-integral-de-la-nacion\/"},"author":{"name":"MPPPST Prensa","@id":"https:\/\/www.mpppst.gob.ve\/mpppstweb\/#\/schema\/person\/fc187ee8ead412bd4c9304b62f900ea4"},"headline":"Un total de 70 trabajadores de PDVSA inician 1er Diplomado en Seguridad y Defensa Integral de la Naci\u00f3n","datePublished":"2021-06-14T12:07:09+00:00","dateModified":"2021-06-14T12:07:11+00:00","mainEntityOfPage":{"@id":"https:\/\/www.mpppst.gob.ve\/mpppstweb\/index.php\/2021\/06\/14\/un-total-de-70-trabajadores-de-pdvsa-inician-1er-diplomado-en-seguridad-y-defensa-integral-de-la-nacion\/"},"wordCount":330,"publisher":{"@id":"https:\/\/www.mpppst.gob.ve\/mpppstweb\/#organization"},"image":{"@id":"https:\/\/www.mpppst.gob.ve\/mpppstweb\/index.php\/2021\/06\/14\/un-total-de-70-trabajadores-de-pdvsa-inician-1er-diplomado-en-seguridad-y-defensa-integral-de-la-nacion\/#primaryimage"},"thumbnailUrl":"https:\/\/www.mpppst.gob.ve\/mpppstweb\/wp-content\/uploads\/2021\/06\/ZONA-OBRERA-768x427-1.jpg","articleSection":["CPT","Noticias"],"inLanguage":"es"},{"@type":"WebPage","@id":"https:\/\/www.mpppst.gob.ve\/mpppstweb\/index.php\/2021\/06\/14\/un-total-de-70-trabajadores-de-pdvsa-inician-1er-diplomado-en-seguridad-y-defensa-integral-de-la-nacion\/","url":"https:\/\/www.mpppst.gob.ve\/mpppstweb\/index.php\/2021\/06\/14\/un-total-de-70-trabajadores-de-pdvsa-inician-1er-diplomado-en-seguridad-y-defensa-integral-de-la-nacion\/","name":"Un total de 70 trabajadores de PDVSA inician 1er Diplomado en Seguridad y Defensa Integral de la Naci\u00f3n - MPPPST","isPartOf":{"@id":"https:\/\/www.mpppst.gob.ve\/mpppstweb\/#website"},"primaryImageOfPage":{"@id":"https:\/\/www.mpppst.gob.ve\/mpppstweb\/index.php\/2021\/06\/14\/un-total-de-70-trabajadores-de-pdvsa-inician-1er-diplomado-en-seguridad-y-defensa-integral-de-la-nacion\/#primaryimage"},"image":{"@id":"https:\/\/www.mpppst.gob.ve\/mpppstweb\/index.php\/2021\/06\/14\/un-total-de-70-trabajadores-de-pdvsa-inician-1er-diplomado-en-seguridad-y-defensa-integral-de-la-nacion\/#primaryimage"},"thumbnailUrl":"https:\/\/www.mpppst.gob.ve\/mpppstweb\/wp-content\/uploads\/2021\/06\/ZONA-OBRERA-768x427-1.jpg","datePublished":"2021-06-14T12:07:09+00:00","dateModified":"2021-06-14T12:07:11+00:00","breadcrumb":{"@id":"https:\/\/www.mpppst.gob.ve\/mpppstweb\/index.php\/2021\/06\/14\/un-total-de-70-trabajadores-de-pdvsa-inician-1er-diplomado-en-seguridad-y-defensa-integral-de-la-nacion\/#breadcrumb"},"inLanguage":"es","potentialAction":[{"@type":"ReadAction","target":["https:\/\/www.mpppst.gob.ve\/mpppstweb\/index.php\/2021\/06\/14\/un-total-de-70-trabajadores-de-pdvsa-inician-1er-diplomado-en-seguridad-y-defensa-integral-de-la-nacion\/"]}]},{"@type":"ImageObject","inLanguage":"es","@id":"https:\/\/www.mpppst.gob.ve\/mpppstweb\/index.php\/2021\/06\/14\/un-total-de-70-trabajadores-de-pdvsa-inician-1er-diplomado-en-seguridad-y-defensa-integral-de-la-nacion\/#primaryimage","url":"https:\/\/www.mpppst.gob.ve\/mpppstweb\/wp-content\/uploads\/2021\/06\/ZONA-OBRERA-768x427-1.jpg","contentUrl":"https:\/\/www.mpppst.gob.ve\/mpppstweb\/wp-content\/uploads\/2021\/06\/ZONA-OBRERA-768x427-1.jpg","width":768,"height":427},{"@type":"BreadcrumbList","@id":"https:\/\/www.mpppst.gob.ve\/mpppstweb\/index.php\/2021\/06\/14\/un-total-de-70-trabajadores-de-pdvsa-inician-1er-diplomado-en-seguridad-y-defensa-integral-de-la-nacion\/#breadcrumb","itemListElement":[{"@type":"ListItem","position":1,"name":"Home","item":"https:\/\/www.mpppst.gob.ve\/mpppstweb\/"},{"@type":"ListItem","position":2,"name":"Un total de 70 trabajadores de PDVSA inician 1er Diplomado en Seguridad y Defensa Integral de la Naci\u00f3n"}]},{"@type":"WebSite","@id":"https:\/\/www.mpppst.gob.ve\/mpppstweb\/#website","url":"https:\/\/www.mpppst.gob.ve\/mpppstweb\/","name":"MPPPST","description":"Ministerio del Poder Popular para el Proceso Social de Trabajo","publisher":{"@id":"https:\/\/www.mpppst.gob.ve\/mpppstweb\/#organization"},"potentialAction":[{"@type":"SearchAction","target":{"@type":"EntryPoint","urlTemplate":"https:\/\/www.mpppst.gob.ve\/mpppstweb\/?s={search_term_string}"},"query-input":"required name=search_term_string"}],"inLanguage":"es"},{"@type":"Organization","@id":"https:\/\/www.mpppst.gob.ve\/mpppstweb\/#organization","name":"mpppst","url":"https:\/\/www.mpppst.gob.ve\/mpppstweb\/","logo":{"@type":"ImageObject","inLanguage":"es","@id":"https:\/\/www.mpppst.gob.ve\/mpppstweb\/#\/schema\/logo\/image\/","url":"https:\/\/www.mpppst.gob.ve\/mpppstweb\/wp-content\/uploads\/2025\/07\/cropped-cropped-g910.png","contentUrl":"https:\/\/www.mpppst.gob.ve\/mpppstweb\/wp-content\/uploads\/2025\/07\/cropped-cropped-g910.png","width":1080,"height":241,"caption":"mpppst"},"image":{"@id":"https:\/\/www.mpppst.gob.ve\/mpppstweb\/#\/schema\/logo\/image\/"}},{"@type":"Person","@id":"https:\/\/www.mpppst.gob.ve\/mpppstweb\/#\/schema\/person\/fc187ee8ead412bd4c9304b62f900ea4","name":"MPPPST Prensa","url":"https:\/\/www.mpppst.gob.ve\/mpppstweb\/index.php\/author\/prensa-mpppst\/"}]}},"_links":{"self":[{"href":"https:\/\/www.mpppst.gob.ve\/mpppstweb\/index.php\/wp-json\/wp\/v2\/posts\/22592"}],"collection":[{"href":"https:\/\/www.mpppst.gob.ve\/mpppstweb\/index.php\/wp-json\/wp\/v2\/posts"}],"about":[{"href":"https:\/\/www.mpppst.gob.ve\/mpppstweb\/index.php\/wp-json\/wp\/v2\/types\/post"}],"author":[{"embeddable":true,"href":"https:\/\/www.mpppst.gob.ve\/mpppstweb\/index.php\/wp-json\/wp\/v2\/users\/25"}],"replies":[{"embeddable":true,"href":"https:\/\/www.mpppst.gob.ve\/mpppstweb\/index.php\/wp-json\/wp\/v2\/comments?post=22592"}],"version-history":[{"count":1,"href":"https:\/\/www.mpppst.gob.ve\/mpppstweb\/index.php\/wp-json\/wp\/v2\/posts\/22592\/revisions"}],"predecessor-version":[{"id":22594,"href":"https:\/\/www.mpppst.gob.ve\/mpppstweb\/index.php\/wp-json\/wp\/v2\/posts\/22592\/revisions\/22594"}],"wp:featuredmedia":[{"embeddable":true,"href":"https:\/\/www.mpppst.gob.ve\/mpppstweb\/index.php\/wp-json\/wp\/v2\/media\/22593"}],"wp:attachment":[{"href":"https:\/\/www.mpppst.gob.ve\/mpppstweb\/index.php\/wp-json\/wp\/v2\/media?parent=22592"}],"wp:term":[{"taxonomy":"category","embeddable":true,"href":"https:\/\/www.mpppst.gob.ve\/mpppstweb\/index.php\/wp-json\/wp\/v2\/categories?post=22592"},{"taxonomy":"post_tag","embeddable":true,"href":"https:\/\/www.mpppst.gob.ve\/mpppstweb\/index.php\/wp-json\/wp\/v2\/tags?post=22592"}],"curies":[{"name":"wp","href":"https:\/\/api.w.org\/{rel}","templated":true}]}}