{"id":22595,"date":"2021-06-14T08:11:37","date_gmt":"2021-06-14T12:11:37","guid":{"rendered":"http:\/\/www.mpppst.gob.ve\/mpppstweb\/?p=22595"},"modified":"2021-06-14T08:11:38","modified_gmt":"2021-06-14T12:11:38","slug":"dia-455-lucha-contra-la-covid-19-venezuela-registra-1-377-casos-comunitarios-y-la-tasa-de-recuperacion-se-mantiene-en-92","status":"publish","type":"post","link":"https:\/\/www.mpppst.gob.ve\/mpppstweb\/index.php\/2021\/06\/14\/dia-455-lucha-contra-la-covid-19-venezuela-registra-1-377-casos-comunitarios-y-la-tasa-de-recuperacion-se-mantiene-en-92\/","title":{"rendered":"D\u00eda 455 | Lucha contra la COVID-19: Venezuela registra 1.377 casos comunitarios y la tasa de recuperaci\u00f3n se mantiene en 92%"},"content":{"rendered":"\n<p><strong>Un total de 1.377 casos de transmisi\u00f3n comunitaria de COVID-19 fueron detectados en las \u00faltimas 24 horas por las autoridades sanitarias venezolanas, mientras que la tasa de recuperaci\u00f3n se ubica en 92 por ciento del total de casos al registrarse 231.558&nbsp;<\/strong><strong>pacientes recuperados gracias a los tratamientos gratuitos que garantiza el Gobierno Bolivariano.<\/strong><\/p>\n\n\n\n<p>As\u00ed lo dio a conocer la vicepresidenta ejecutiva de la Rep\u00fablica Bolivariana de Venezuela, Delcy Rodr\u00edguez,&nbsp; a trav\u00e9s de una serie de publicaciones en su cuenta de la red social Twitter @delcyrodriguezv, durante el acostumbrado balance diario que ofrece la Comisi\u00f3n Presidencial para el Control y la Prevenci\u00f3n de la&nbsp;<strong>COVID-19<\/strong>.<\/p>\n\n\n\n<p>En este sentido, detall\u00f3 que los casos de transmisi\u00f3n comunitaria se discriminan de la siguiente manera: Yaracuy (350), Lara (206), Falc\u00f3n (89), La Guaira (77), Caracas (68), Miranda (65), Nueva Esparta (64), Anzo\u00e1tegui (63), Bol\u00edvar (56), Cojedes (52), M\u00e9rida (38), Aragua (37), Delta Amacuro (37), Carabobo (33), Monagas (32), entre otros estados que se mencionan a continuaci\u00f3n:<\/p>\n\n\n\n<div class=\"wp-block-image\"><figure class=\"aligncenter\"><img decoding=\"async\" src=\"https:\/\/www.vtv.gob.ve\/wp-content\/uploads\/2021\/06\/1-11.jpg\" alt=\"\" class=\"wp-image-369076\"\/><\/figure><\/div>\n\n\n\n<p>Asimismo, detall\u00f3 que el estado Yaracuy es la entidad con mayor n\u00famero de contagios en 8 de sus 14 municipios con 350 casos: San Felipe (288), Nirgua (25), Bol\u00edvar (15), Pe\u00f1a (7), Cocorote (7), Independencia (5), Veroes (2) y Manuel Monge (1)<\/p>\n\n\n\n<div class=\"wp-block-image\"><figure class=\"aligncenter\"><img decoding=\"async\" src=\"https:\/\/www.vtv.gob.ve\/wp-content\/uploads\/2021\/06\/3-10.jpg\" alt=\"\" class=\"wp-image-369079\"\/><\/figure><\/div>\n\n\n\n<p>De igual manera, inform\u00f3 que a la fecha hay a un total de 251.686 casos confirmados, 231.558 personas recuperadas, lo que representa el 92% de los contagios.&nbsp;<\/p>\n\n\n\n<p>La vicepresidenta resalt\u00f3 que Venezuela cuenta con 17.299 casos activos, 12.487 est\u00e1n siendo atendidos en Hospitales, 4.263 en Centros de Diagn\u00f3stico Integral y 549 en cl\u00ednicas privadas.<\/p>\n\n\n\n<p>Agreg\u00f3 que hay 8.925 pacientes que se encuentran Asintom\u00e1ticos, 7.060 con Insuficiencia Respiratoria Aguda Leve, 2.829 personas fallecidas, 1.027 con Insuficiencia Respiratoria Aguda Moderada y 287 en Unidades de Cuidados Intensivos.<\/p>\n\n\n\n<div class=\"wp-block-image\"><figure class=\"aligncenter\"><img decoding=\"async\" src=\"https:\/\/www.vtv.gob.ve\/wp-content\/uploads\/2021\/06\/2-11.jpg\" alt=\"\" class=\"wp-image-369080\"\/><\/figure><\/div>\n\n\n\n<p>Asimismo, lament\u00f3 el fallecimiento 15 nuevas v\u00edctimas para llegar a 2.829:<\/p>\n\n\n\n<ul><li>2 mujeres de 62 y 67 a\u00f1os y 2 hombres 79 y 72 a\u00f1os de Zulia<\/li><li>3 mujeres de 63, 61 y 58 a\u00f1os y 1 hombre de 69 a\u00f1os de Caracas<\/li><li>3 hombres de 65, 68 y 52 a\u00f1os de Anzo\u00e1tegui<\/li><li>1 hombre de 53 a\u00f1os y 1 mujer de 76 a\u00f1os de Apure<\/li><li>1 mujer de 83 a\u00f1os de Delta Amacuro<\/li><li>1 hombre de 63 a\u00f1os de Portuguesa<\/li><\/ul>\n\n\n\n<p>En un \u00faltimo trino se\u00f1al\u00f3 que: \u201cA partir de ma\u00f1ana lunes&nbsp;<a href=\"https:\/\/twitter.com\/hashtag\/14Jun?src=hashtag_click\">#14Jun<\/a>&nbsp;hasta el domingo&nbsp;<a href=\"https:\/\/twitter.com\/hashtag\/20Jun?src=hashtag_click\">#20Jun<\/a>, Venezuela entra en cuarentena radical y voluntaria, como parte del exitoso m\u00e9todo del 7+7. La prevenci\u00f3n es el ant\u00eddoto que juntos hemos comprobado que funciona para combatir el virus. \u00a1M\u00e1xima conciencia y disciplina!\u201d.<\/p>\n","protected":false},"excerpt":{"rendered":"<p>Un total de 1.377 casos de transmisi\u00f3n comunitaria de COVID-19 fueron detectados en las \u00faltimas 24 &hellip; <a title=\"D\u00eda 455 | Lucha contra la COVID-19: Venezuela registra 1.377 casos comunitarios y la tasa de recuperaci\u00f3n se mantiene en 92%\" class=\"hm-read-more\" href=\"https:\/\/www.mpppst.gob.ve\/mpppstweb\/index.php\/2021\/06\/14\/dia-455-lucha-contra-la-covid-19-venezuela-registra-1-377-casos-comunitarios-y-la-tasa-de-recuperacion-se-mantiene-en-92\/\"><span class=\"screen-reader-text\">D\u00eda 455 | Lucha contra la COVID-19: Venezuela registra 1.377 casos comunitarios y la tasa de recuperaci\u00f3n se mantiene en 92%<\/span>Read more<\/a><\/p>\n","protected":false},"author":25,"featured_media":22596,"comment_status":"closed","ping_status":"closed","sticky":false,"template":"","format":"standard","meta":{"footnotes":""},"categories":[410,82,163],"tags":[],"yoast_head":"<!-- This site is optimized with the Yoast SEO plugin v22.5 - https:\/\/yoast.com\/wordpress\/plugins\/seo\/ -->\n<title>D\u00eda 455 | Lucha contra la COVID-19: Venezuela registra 1.377 casos comunitarios y la tasa de recuperaci\u00f3n se mantiene en 92% - MPPPST<\/title>\n<meta name=\"robots\" content=\"index, follow, max-snippet:-1, max-image-preview:large, max-video-preview:-1\" \/>\n<link rel=\"canonical\" href=\"https:\/\/www.mpppst.gob.ve\/mpppstweb\/index.php\/2021\/06\/14\/dia-455-lucha-contra-la-covid-19-venezuela-registra-1-377-casos-comunitarios-y-la-tasa-de-recuperacion-se-mantiene-en-92\/\" \/>\n<meta property=\"og:locale\" content=\"es_ES\" \/>\n<meta property=\"og:type\" content=\"article\" \/>\n<meta property=\"og:title\" content=\"D\u00eda 455 | Lucha contra la COVID-19: Venezuela registra 1.377 casos comunitarios y la tasa de recuperaci\u00f3n se mantiene en 92% - MPPPST\" \/>\n<meta property=\"og:description\" content=\"Un total de 1.377 casos de transmisi\u00f3n comunitaria de COVID-19 fueron detectados en las \u00faltimas 24 &hellip; D\u00eda 455 | Lucha contra la COVID-19: Venezuela registra 1.377 casos comunitarios y la tasa de recuperaci\u00f3n se mantiene en 92%Read more\" \/>\n<meta property=\"og:url\" content=\"https:\/\/www.mpppst.gob.ve\/mpppstweb\/index.php\/2021\/06\/14\/dia-455-lucha-contra-la-covid-19-venezuela-registra-1-377-casos-comunitarios-y-la-tasa-de-recuperacion-se-mantiene-en-92\/\" \/>\n<meta property=\"og:site_name\" content=\"MPPPST\" \/>\n<meta property=\"article:published_time\" content=\"2021-06-14T12:11:37+00:00\" \/>\n<meta property=\"article:modified_time\" content=\"2021-06-14T12:11:38+00:00\" \/>\n<meta property=\"og:image\" content=\"https:\/\/www.mpppst.gob.ve\/mpppstweb\/wp-content\/uploads\/2021\/06\/0-10-768x427-1.jpg\" \/>\n\t<meta property=\"og:image:width\" content=\"768\" \/>\n\t<meta property=\"og:image:height\" content=\"427\" \/>\n\t<meta property=\"og:image:type\" content=\"image\/jpeg\" \/>\n<meta name=\"author\" content=\"MPPPST Prensa\" \/>\n<meta name=\"twitter:card\" content=\"summary_large_image\" \/>\n<meta name=\"twitter:label1\" content=\"Escrito por\" \/>\n\t<meta name=\"twitter:data1\" content=\"MPPPST Prensa\" \/>\n\t<meta name=\"twitter:label2\" content=\"Tiempo de lectura\" \/>\n\t<meta name=\"twitter:data2\" content=\"2 minutos\" \/>\n<script type=\"application\/ld+json\" class=\"yoast-schema-graph\">{\"@context\":\"https:\/\/schema.org\",\"@graph\":[{\"@type\":\"Article\",\"@id\":\"https:\/\/www.mpppst.gob.ve\/mpppstweb\/index.php\/2021\/06\/14\/dia-455-lucha-contra-la-covid-19-venezuela-registra-1-377-casos-comunitarios-y-la-tasa-de-recuperacion-se-mantiene-en-92\/#article\",\"isPartOf\":{\"@id\":\"https:\/\/www.mpppst.gob.ve\/mpppstweb\/index.php\/2021\/06\/14\/dia-455-lucha-contra-la-covid-19-venezuela-registra-1-377-casos-comunitarios-y-la-tasa-de-recuperacion-se-mantiene-en-92\/\"},\"author\":{\"name\":\"MPPPST Prensa\",\"@id\":\"https:\/\/www.mpppst.gob.ve\/mpppstweb\/#\/schema\/person\/fc187ee8ead412bd4c9304b62f900ea4\"},\"headline\":\"D\u00eda 455 | Lucha contra la COVID-19: Venezuela registra 1.377 casos comunitarios y la tasa de recuperaci\u00f3n se mantiene en 92%\",\"datePublished\":\"2021-06-14T12:11:37+00:00\",\"dateModified\":\"2021-06-14T12:11:38+00:00\",\"mainEntityOfPage\":{\"@id\":\"https:\/\/www.mpppst.gob.ve\/mpppstweb\/index.php\/2021\/06\/14\/dia-455-lucha-contra-la-covid-19-venezuela-registra-1-377-casos-comunitarios-y-la-tasa-de-recuperacion-se-mantiene-en-92\/\"},\"wordCount\":412,\"publisher\":{\"@id\":\"https:\/\/www.mpppst.gob.ve\/mpppstweb\/#organization\"},\"image\":{\"@id\":\"https:\/\/www.mpppst.gob.ve\/mpppstweb\/index.php\/2021\/06\/14\/dia-455-lucha-contra-la-covid-19-venezuela-registra-1-377-casos-comunitarios-y-la-tasa-de-recuperacion-se-mantiene-en-92\/#primaryimage\"},\"thumbnailUrl\":\"https:\/\/www.mpppst.gob.ve\/mpppstweb\/wp-content\/uploads\/2021\/06\/0-10-768x427-1.jpg\",\"articleSection\":[\"Coronavirus\",\"Gobierno Nacional\",\"Noticias\"],\"inLanguage\":\"es\"},{\"@type\":\"WebPage\",\"@id\":\"https:\/\/www.mpppst.gob.ve\/mpppstweb\/index.php\/2021\/06\/14\/dia-455-lucha-contra-la-covid-19-venezuela-registra-1-377-casos-comunitarios-y-la-tasa-de-recuperacion-se-mantiene-en-92\/\",\"url\":\"https:\/\/www.mpppst.gob.ve\/mpppstweb\/index.php\/2021\/06\/14\/dia-455-lucha-contra-la-covid-19-venezuela-registra-1-377-casos-comunitarios-y-la-tasa-de-recuperacion-se-mantiene-en-92\/\",\"name\":\"D\u00eda 455 | Lucha contra la COVID-19: Venezuela registra 1.377 casos comunitarios y la tasa de recuperaci\u00f3n se mantiene en 92% - MPPPST\",\"isPartOf\":{\"@id\":\"https:\/\/www.mpppst.gob.ve\/mpppstweb\/#website\"},\"primaryImageOfPage\":{\"@id\":\"https:\/\/www.mpppst.gob.ve\/mpppstweb\/index.php\/2021\/06\/14\/dia-455-lucha-contra-la-covid-19-venezuela-registra-1-377-casos-comunitarios-y-la-tasa-de-recuperacion-se-mantiene-en-92\/#primaryimage\"},\"image\":{\"@id\":\"https:\/\/www.mpppst.gob.ve\/mpppstweb\/index.php\/2021\/06\/14\/dia-455-lucha-contra-la-covid-19-venezuela-registra-1-377-casos-comunitarios-y-la-tasa-de-recuperacion-se-mantiene-en-92\/#primaryimage\"},\"thumbnailUrl\":\"https:\/\/www.mpppst.gob.ve\/mpppstweb\/wp-content\/uploads\/2021\/06\/0-10-768x427-1.jpg\",\"datePublished\":\"2021-06-14T12:11:37+00:00\",\"dateModified\":\"2021-06-14T12:11:38+00:00\",\"breadcrumb\":{\"@id\":\"https:\/\/www.mpppst.gob.ve\/mpppstweb\/index.php\/2021\/06\/14\/dia-455-lucha-contra-la-covid-19-venezuela-registra-1-377-casos-comunitarios-y-la-tasa-de-recuperacion-se-mantiene-en-92\/#breadcrumb\"},\"inLanguage\":\"es\",\"potentialAction\":[{\"@type\":\"ReadAction\",\"target\":[\"https:\/\/www.mpppst.gob.ve\/mpppstweb\/index.php\/2021\/06\/14\/dia-455-lucha-contra-la-covid-19-venezuela-registra-1-377-casos-comunitarios-y-la-tasa-de-recuperacion-se-mantiene-en-92\/\"]}]},{\"@type\":\"ImageObject\",\"inLanguage\":\"es\",\"@id\":\"https:\/\/www.mpppst.gob.ve\/mpppstweb\/index.php\/2021\/06\/14\/dia-455-lucha-contra-la-covid-19-venezuela-registra-1-377-casos-comunitarios-y-la-tasa-de-recuperacion-se-mantiene-en-92\/#primaryimage\",\"url\":\"https:\/\/www.mpppst.gob.ve\/mpppstweb\/wp-content\/uploads\/2021\/06\/0-10-768x427-1.jpg\",\"contentUrl\":\"https:\/\/www.mpppst.gob.ve\/mpppstweb\/wp-content\/uploads\/2021\/06\/0-10-768x427-1.jpg\",\"width\":768,\"height\":427},{\"@type\":\"BreadcrumbList\",\"@id\":\"https:\/\/www.mpppst.gob.ve\/mpppstweb\/index.php\/2021\/06\/14\/dia-455-lucha-contra-la-covid-19-venezuela-registra-1-377-casos-comunitarios-y-la-tasa-de-recuperacion-se-mantiene-en-92\/#breadcrumb\",\"itemListElement\":[{\"@type\":\"ListItem\",\"position\":1,\"name\":\"Home\",\"item\":\"https:\/\/www.mpppst.gob.ve\/mpppstweb\/\"},{\"@type\":\"ListItem\",\"position\":2,\"name\":\"D\u00eda 455 | Lucha contra la COVID-19: Venezuela registra 1.377 casos comunitarios y la tasa de recuperaci\u00f3n se mantiene en 92%\"}]},{\"@type\":\"WebSite\",\"@id\":\"https:\/\/www.mpppst.gob.ve\/mpppstweb\/#website\",\"url\":\"https:\/\/www.mpppst.gob.ve\/mpppstweb\/\",\"name\":\"MPPPST\",\"description\":\"Ministerio del Poder Popular para el Proceso Social de Trabajo\",\"publisher\":{\"@id\":\"https:\/\/www.mpppst.gob.ve\/mpppstweb\/#organization\"},\"potentialAction\":[{\"@type\":\"SearchAction\",\"target\":{\"@type\":\"EntryPoint\",\"urlTemplate\":\"https:\/\/www.mpppst.gob.ve\/mpppstweb\/?s={search_term_string}\"},\"query-input\":\"required name=search_term_string\"}],\"inLanguage\":\"es\"},{\"@type\":\"Organization\",\"@id\":\"https:\/\/www.mpppst.gob.ve\/mpppstweb\/#organization\",\"name\":\"mpppst\",\"url\":\"https:\/\/www.mpppst.gob.ve\/mpppstweb\/\",\"logo\":{\"@type\":\"ImageObject\",\"inLanguage\":\"es\",\"@id\":\"https:\/\/www.mpppst.gob.ve\/mpppstweb\/#\/schema\/logo\/image\/\",\"url\":\"https:\/\/www.mpppst.gob.ve\/mpppstweb\/wp-content\/uploads\/2025\/07\/cropped-cropped-g910.png\",\"contentUrl\":\"https:\/\/www.mpppst.gob.ve\/mpppstweb\/wp-content\/uploads\/2025\/07\/cropped-cropped-g910.png\",\"width\":1080,\"height\":241,\"caption\":\"mpppst\"},\"image\":{\"@id\":\"https:\/\/www.mpppst.gob.ve\/mpppstweb\/#\/schema\/logo\/image\/\"}},{\"@type\":\"Person\",\"@id\":\"https:\/\/www.mpppst.gob.ve\/mpppstweb\/#\/schema\/person\/fc187ee8ead412bd4c9304b62f900ea4\",\"name\":\"MPPPST Prensa\",\"url\":\"https:\/\/www.mpppst.gob.ve\/mpppstweb\/index.php\/author\/prensa-mpppst\/\"}]}<\/script>\n<!-- \/ Yoast SEO plugin. -->","yoast_head_json":{"title":"D\u00eda 455 | Lucha contra la COVID-19: Venezuela registra 1.377 casos comunitarios y la tasa de recuperaci\u00f3n se mantiene en 92% - MPPPST","robots":{"index":"index","follow":"follow","max-snippet":"max-snippet:-1","max-image-preview":"max-image-preview:large","max-video-preview":"max-video-preview:-1"},"canonical":"https:\/\/www.mpppst.gob.ve\/mpppstweb\/index.php\/2021\/06\/14\/dia-455-lucha-contra-la-covid-19-venezuela-registra-1-377-casos-comunitarios-y-la-tasa-de-recuperacion-se-mantiene-en-92\/","og_locale":"es_ES","og_type":"article","og_title":"D\u00eda 455 | Lucha contra la COVID-19: Venezuela registra 1.377 casos comunitarios y la tasa de recuperaci\u00f3n se mantiene en 92% - MPPPST","og_description":"Un total de 1.377 casos de transmisi\u00f3n comunitaria de COVID-19 fueron detectados en las \u00faltimas 24 &hellip; D\u00eda 455 | Lucha contra la COVID-19: Venezuela registra 1.377 casos comunitarios y la tasa de recuperaci\u00f3n se mantiene en 92%Read more","og_url":"https:\/\/www.mpppst.gob.ve\/mpppstweb\/index.php\/2021\/06\/14\/dia-455-lucha-contra-la-covid-19-venezuela-registra-1-377-casos-comunitarios-y-la-tasa-de-recuperacion-se-mantiene-en-92\/","og_site_name":"MPPPST","article_published_time":"2021-06-14T12:11:37+00:00","article_modified_time":"2021-06-14T12:11:38+00:00","og_image":[{"width":768,"height":427,"url":"https:\/\/www.mpppst.gob.ve\/mpppstweb\/wp-content\/uploads\/2021\/06\/0-10-768x427-1.jpg","type":"image\/jpeg"}],"author":"MPPPST Prensa","twitter_card":"summary_large_image","twitter_misc":{"Escrito por":"MPPPST Prensa","Tiempo de lectura":"2 minutos"},"schema":{"@context":"https:\/\/schema.org","@graph":[{"@type":"Article","@id":"https:\/\/www.mpppst.gob.ve\/mpppstweb\/index.php\/2021\/06\/14\/dia-455-lucha-contra-la-covid-19-venezuela-registra-1-377-casos-comunitarios-y-la-tasa-de-recuperacion-se-mantiene-en-92\/#article","isPartOf":{"@id":"https:\/\/www.mpppst.gob.ve\/mpppstweb\/index.php\/2021\/06\/14\/dia-455-lucha-contra-la-covid-19-venezuela-registra-1-377-casos-comunitarios-y-la-tasa-de-recuperacion-se-mantiene-en-92\/"},"author":{"name":"MPPPST Prensa","@id":"https:\/\/www.mpppst.gob.ve\/mpppstweb\/#\/schema\/person\/fc187ee8ead412bd4c9304b62f900ea4"},"headline":"D\u00eda 455 | Lucha contra la COVID-19: Venezuela registra 1.377 casos comunitarios y la tasa de recuperaci\u00f3n se mantiene en 92%","datePublished":"2021-06-14T12:11:37+00:00","dateModified":"2021-06-14T12:11:38+00:00","mainEntityOfPage":{"@id":"https:\/\/www.mpppst.gob.ve\/mpppstweb\/index.php\/2021\/06\/14\/dia-455-lucha-contra-la-covid-19-venezuela-registra-1-377-casos-comunitarios-y-la-tasa-de-recuperacion-se-mantiene-en-92\/"},"wordCount":412,"publisher":{"@id":"https:\/\/www.mpppst.gob.ve\/mpppstweb\/#organization"},"image":{"@id":"https:\/\/www.mpppst.gob.ve\/mpppstweb\/index.php\/2021\/06\/14\/dia-455-lucha-contra-la-covid-19-venezuela-registra-1-377-casos-comunitarios-y-la-tasa-de-recuperacion-se-mantiene-en-92\/#primaryimage"},"thumbnailUrl":"https:\/\/www.mpppst.gob.ve\/mpppstweb\/wp-content\/uploads\/2021\/06\/0-10-768x427-1.jpg","articleSection":["Coronavirus","Gobierno Nacional","Noticias"],"inLanguage":"es"},{"@type":"WebPage","@id":"https:\/\/www.mpppst.gob.ve\/mpppstweb\/index.php\/2021\/06\/14\/dia-455-lucha-contra-la-covid-19-venezuela-registra-1-377-casos-comunitarios-y-la-tasa-de-recuperacion-se-mantiene-en-92\/","url":"https:\/\/www.mpppst.gob.ve\/mpppstweb\/index.php\/2021\/06\/14\/dia-455-lucha-contra-la-covid-19-venezuela-registra-1-377-casos-comunitarios-y-la-tasa-de-recuperacion-se-mantiene-en-92\/","name":"D\u00eda 455 | Lucha contra la COVID-19: Venezuela registra 1.377 casos comunitarios y la tasa de recuperaci\u00f3n se mantiene en 92% - MPPPST","isPartOf":{"@id":"https:\/\/www.mpppst.gob.ve\/mpppstweb\/#website"},"primaryImageOfPage":{"@id":"https:\/\/www.mpppst.gob.ve\/mpppstweb\/index.php\/2021\/06\/14\/dia-455-lucha-contra-la-covid-19-venezuela-registra-1-377-casos-comunitarios-y-la-tasa-de-recuperacion-se-mantiene-en-92\/#primaryimage"},"image":{"@id":"https:\/\/www.mpppst.gob.ve\/mpppstweb\/index.php\/2021\/06\/14\/dia-455-lucha-contra-la-covid-19-venezuela-registra-1-377-casos-comunitarios-y-la-tasa-de-recuperacion-se-mantiene-en-92\/#primaryimage"},"thumbnailUrl":"https:\/\/www.mpppst.gob.ve\/mpppstweb\/wp-content\/uploads\/2021\/06\/0-10-768x427-1.jpg","datePublished":"2021-06-14T12:11:37+00:00","dateModified":"2021-06-14T12:11:38+00:00","breadcrumb":{"@id":"https:\/\/www.mpppst.gob.ve\/mpppstweb\/index.php\/2021\/06\/14\/dia-455-lucha-contra-la-covid-19-venezuela-registra-1-377-casos-comunitarios-y-la-tasa-de-recuperacion-se-mantiene-en-92\/#breadcrumb"},"inLanguage":"es","potentialAction":[{"@type":"ReadAction","target":["https:\/\/www.mpppst.gob.ve\/mpppstweb\/index.php\/2021\/06\/14\/dia-455-lucha-contra-la-covid-19-venezuela-registra-1-377-casos-comunitarios-y-la-tasa-de-recuperacion-se-mantiene-en-92\/"]}]},{"@type":"ImageObject","inLanguage":"es","@id":"https:\/\/www.mpppst.gob.ve\/mpppstweb\/index.php\/2021\/06\/14\/dia-455-lucha-contra-la-covid-19-venezuela-registra-1-377-casos-comunitarios-y-la-tasa-de-recuperacion-se-mantiene-en-92\/#primaryimage","url":"https:\/\/www.mpppst.gob.ve\/mpppstweb\/wp-content\/uploads\/2021\/06\/0-10-768x427-1.jpg","contentUrl":"https:\/\/www.mpppst.gob.ve\/mpppstweb\/wp-content\/uploads\/2021\/06\/0-10-768x427-1.jpg","width":768,"height":427},{"@type":"BreadcrumbList","@id":"https:\/\/www.mpppst.gob.ve\/mpppstweb\/index.php\/2021\/06\/14\/dia-455-lucha-contra-la-covid-19-venezuela-registra-1-377-casos-comunitarios-y-la-tasa-de-recuperacion-se-mantiene-en-92\/#breadcrumb","itemListElement":[{"@type":"ListItem","position":1,"name":"Home","item":"https:\/\/www.mpppst.gob.ve\/mpppstweb\/"},{"@type":"ListItem","position":2,"name":"D\u00eda 455 | Lucha contra la COVID-19: Venezuela registra 1.377 casos comunitarios y la tasa de recuperaci\u00f3n se mantiene en 92%"}]},{"@type":"WebSite","@id":"https:\/\/www.mpppst.gob.ve\/mpppstweb\/#website","url":"https:\/\/www.mpppst.gob.ve\/mpppstweb\/","name":"MPPPST","description":"Ministerio del Poder Popular para el Proceso Social de Trabajo","publisher":{"@id":"https:\/\/www.mpppst.gob.ve\/mpppstweb\/#organization"},"potentialAction":[{"@type":"SearchAction","target":{"@type":"EntryPoint","urlTemplate":"https:\/\/www.mpppst.gob.ve\/mpppstweb\/?s={search_term_string}"},"query-input":"required name=search_term_string"}],"inLanguage":"es"},{"@type":"Organization","@id":"https:\/\/www.mpppst.gob.ve\/mpppstweb\/#organization","name":"mpppst","url":"https:\/\/www.mpppst.gob.ve\/mpppstweb\/","logo":{"@type":"ImageObject","inLanguage":"es","@id":"https:\/\/www.mpppst.gob.ve\/mpppstweb\/#\/schema\/logo\/image\/","url":"https:\/\/www.mpppst.gob.ve\/mpppstweb\/wp-content\/uploads\/2025\/07\/cropped-cropped-g910.png","contentUrl":"https:\/\/www.mpppst.gob.ve\/mpppstweb\/wp-content\/uploads\/2025\/07\/cropped-cropped-g910.png","width":1080,"height":241,"caption":"mpppst"},"image":{"@id":"https:\/\/www.mpppst.gob.ve\/mpppstweb\/#\/schema\/logo\/image\/"}},{"@type":"Person","@id":"https:\/\/www.mpppst.gob.ve\/mpppstweb\/#\/schema\/person\/fc187ee8ead412bd4c9304b62f900ea4","name":"MPPPST Prensa","url":"https:\/\/www.mpppst.gob.ve\/mpppstweb\/index.php\/author\/prensa-mpppst\/"}]}},"_links":{"self":[{"href":"https:\/\/www.mpppst.gob.ve\/mpppstweb\/index.php\/wp-json\/wp\/v2\/posts\/22595"}],"collection":[{"href":"https:\/\/www.mpppst.gob.ve\/mpppstweb\/index.php\/wp-json\/wp\/v2\/posts"}],"about":[{"href":"https:\/\/www.mpppst.gob.ve\/mpppstweb\/index.php\/wp-json\/wp\/v2\/types\/post"}],"author":[{"embeddable":true,"href":"https:\/\/www.mpppst.gob.ve\/mpppstweb\/index.php\/wp-json\/wp\/v2\/users\/25"}],"replies":[{"embeddable":true,"href":"https:\/\/www.mpppst.gob.ve\/mpppstweb\/index.php\/wp-json\/wp\/v2\/comments?post=22595"}],"version-history":[{"count":1,"href":"https:\/\/www.mpppst.gob.ve\/mpppstweb\/index.php\/wp-json\/wp\/v2\/posts\/22595\/revisions"}],"predecessor-version":[{"id":22597,"href":"https:\/\/www.mpppst.gob.ve\/mpppstweb\/index.php\/wp-json\/wp\/v2\/posts\/22595\/revisions\/22597"}],"wp:featuredmedia":[{"embeddable":true,"href":"https:\/\/www.mpppst.gob.ve\/mpppstweb\/index.php\/wp-json\/wp\/v2\/media\/22596"}],"wp:attachment":[{"href":"https:\/\/www.mpppst.gob.ve\/mpppstweb\/index.php\/wp-json\/wp\/v2\/media?parent=22595"}],"wp:term":[{"taxonomy":"category","embeddable":true,"href":"https:\/\/www.mpppst.gob.ve\/mpppstweb\/index.php\/wp-json\/wp\/v2\/categories?post=22595"},{"taxonomy":"post_tag","embeddable":true,"href":"https:\/\/www.mpppst.gob.ve\/mpppstweb\/index.php\/wp-json\/wp\/v2\/tags?post=22595"}],"curies":[{"name":"wp","href":"https:\/\/api.w.org\/{rel}","templated":true}]}}