{"id":22624,"date":"2021-06-16T08:30:54","date_gmt":"2021-06-16T12:30:54","guid":{"rendered":"http:\/\/www.mpppst.gob.ve\/mpppstweb\/?p=22624"},"modified":"2021-06-16T09:24:38","modified_gmt":"2021-06-16T13:24:38","slug":"dia-457-lucha-contra-la-covid-19-venezuela-registra-1-229-casos-comunitarios-04-importados-y-la-tasa-de-recuperacion-se","status":"publish","type":"post","link":"https:\/\/www.mpppst.gob.ve\/mpppstweb\/index.php\/2021\/06\/16\/dia-457-lucha-contra-la-covid-19-venezuela-registra-1-229-casos-comunitarios-04-importados-y-la-tasa-de-recuperacion-se\/","title":{"rendered":"D\u00eda 457 | Lucha contra la COVID-19: Venezuela registra 1.229 casos comunitarios, 04 importados y la tasa de recuperaci\u00f3n se mantiene en 92%"},"content":{"rendered":"\n<p><strong>Un total de 1.229 casos de transmisi\u00f3n comunitaria y 04 importados de COVID-19 fueron detectados en las \u00faltimas 24 horas por las autoridades sanitarias venezolanas, mientras que la tasa de recuperaci\u00f3n se ubica en 92% del total de casos al registrarse 234.393&nbsp;<\/strong><strong>pacientes recuperados gracias a los tratamientos gratuitos que garantiza el Gobierno Bolivariano.<\/strong><\/p>\n\n\n\n<p>As\u00ed lo dio a conocer la vicepresidenta Ejecutiva de la Rep\u00fablica Bolivariana de Venezuela, Delcy Rodr\u00edguez, a trav\u00e9s de una serie de publicaciones en su cuenta de red social Twitter @delcyrodriguezv, durante el acostumbrado balance diario que ofrece la Comisi\u00f3n Presidencial para el Control y la Prevenci\u00f3n de la&nbsp;<strong>COVID-19<\/strong>.<\/p>\n\n\n\n<p>En este sentido, detall\u00f3 que los casos de transmisi\u00f3n comunitaria se discriminan de la siguiente manera: M\u00e9rida (231), Yaracuy (172), La Guaira (118), Zulia (118), Barinas (81), Aragua (73), Sucre (72), Miranda (61), Delta Amacuro (46), Trujillo (44), Caracas (39), Carabobo (38), Cojedes (37), Apure (35), Nueva Esparta (32), Monagas (19), Bol\u00edvar (5), Lara (2), Falc\u00f3n (2), Amazonas (1),&nbsp; Portuguesa (1), T\u00e1chira (1) y Anzo\u00e1tegui (1).<\/p>\n\n\n\n<figure class=\"wp-block-image\"><img decoding=\"async\" src=\"https:\/\/www.vtv.gob.ve\/wp-content\/uploads\/2021\/06\/CASOS-COMUNITARIOS.jpg\" alt=\"D\u00eda 457 | Lucha contra la COVID-19: Venezuela registra 1.233 casos comunitarios y la tasa de recuperaci\u00f3n se mantiene en 92%\" class=\"wp-image-369872\"\/><figcaption>Foto: Twitter @delcyrodriguezv<\/figcaption><\/figure>\n\n\n\n<p>De los casos importados 03 proceden de Panam\u00e1, dos con entrada por La Guaira y uno por Carabobo, y 01 procede de M\u00e9xico con entrada por Carabobo.<\/p>\n\n\n\n<figure class=\"wp-block-image\"><img decoding=\"async\" src=\"https:\/\/www.vtv.gob.ve\/wp-content\/uploads\/2021\/06\/CASOS-IMPORTADOS.jpg\" alt=\"D\u00eda 457 | Lucha contra la COVID-19: Venezuela registra 1.233 casos comunitarios y la tasa de recuperaci\u00f3n se mantiene en 92%\" class=\"wp-image-369873\"\/><figcaption>Foto: Twitter @delcyrodriguezv<\/figcaption><\/figure>\n\n\n\n<p>El estado donde hoy se registran m\u00e1s nuevos casos comunitarios es M\u00e9rida (231), con casos activos en 15 de sus 23 municipios: Libertador 112, Tovar 25, Rangel 21, Guaraque 20, Campo El\u00edas 15, Sucre 15, Santos Marquina 07, Rivas D\u00e1vila 04, Pueblo Llano 03, Cardenal Quintero 02, Arzobispo Chac\u00f3n 01, Zea 01, Miranda 01, Antonio Pinto Salinas 01, Alberto Adriani 01.&nbsp;<\/p>\n\n\n\n<figure class=\"wp-block-image\"><img decoding=\"async\" src=\"https:\/\/www.vtv.gob.ve\/wp-content\/uploads\/2021\/06\/MERIDA.jpg\" alt=\"D\u00eda 457 | Lucha contra la COVID-19: Venezuela registra 1.233 casos comunitarios y la tasa de recuperaci\u00f3n se mantiene en 92%\" class=\"wp-image-369874\"\/><figcaption>Foto: Twitter @delcyrodriguezv<\/figcaption><\/figure>\n\n\n\n<p>A la fecha estas son las estad\u00edsticas generales:<\/p>\n\n\n\n<ul><li>Total de contagios: 254.116&nbsp;<\/li><li>Pacientes recuperados: 234.393 (92%)<\/li><li>Casos activos actuales: 16.858<\/li><li>12.397 est\u00e1n siendo atendidos en Hospitales, 3.942 en Centros de Diagn\u00f3stico Integral y 519 en cl\u00ednicas privadas<\/li><li>Total de fallecidos: 2.865<\/li><\/ul>\n\n\n\n<p>Asimismo, lament\u00f3 el fallecimiento 20 nuevas v\u00edctimas para llegar a 2.865:<\/p>\n\n\n\n<ul><li>2 hombres de 52 y 76 a\u00f1os y 2 mujeres de 58 y 91 a\u00f1os&nbsp; de Miranda<\/li><li>2 hombres de 71 y 42 a\u00f1os y 1 mujer de 64 a\u00f1os de Anzo\u00e1tegui<\/li><li>1 hombre de 74 y 1 mujer de 75 a\u00f1os de Zulia<\/li><li>2 hombres de 70 y 76 a\u00f1os de Nueva Esparta<\/li><li>2 mujeres de 70 y 37 a\u00f1os de Sucre<\/li><li>2 mujeres de 81 y 50 a\u00f1os de Yaracuy<\/li><li>1 mujer de 66 y 1 hombre de 65 a\u00f1os de Apure<\/li><li>1 mujer de 50 a\u00f1os de Carabobo<\/li><li>1 hombre de 41 a\u00f1os de Trujillo<\/li><li>1 mujer de 54 a\u00f1os de Portuguesa<\/li><\/ul>\n\n\n\n<p>El Gobierno Bolivariano expresa sus condolencias a familiares y amigos.<\/p>\n\n\n\n<p>En un \u00faltimo twitter, Rodr\u00edguez asever\u00f3: \u201cIgualmente, Ratificamos el llamado a nuestro pueblo a la m\u00e1xima conciencia y disciplina tal como lo dice el Pdte. Nicol\u00e1s&nbsp;Maduro:&nbsp;\u201cSi yo me cuido, te cuido, si t\u00fa te cuidas, me cuidas\u201d. Con la prevenci\u00f3n y cuidado \u00a1Damos la batalla al virus!\u201d.<\/p>\n","protected":false},"excerpt":{"rendered":"<p>Un total de 1.229 casos de transmisi\u00f3n comunitaria y 04 importados de COVID-19 fueron detectados en &hellip; <a title=\"D\u00eda 457 | Lucha contra la COVID-19: Venezuela registra 1.229 casos comunitarios, 04 importados y la tasa de recuperaci\u00f3n se mantiene en 92%\" class=\"hm-read-more\" href=\"https:\/\/www.mpppst.gob.ve\/mpppstweb\/index.php\/2021\/06\/16\/dia-457-lucha-contra-la-covid-19-venezuela-registra-1-229-casos-comunitarios-04-importados-y-la-tasa-de-recuperacion-se\/\"><span class=\"screen-reader-text\">D\u00eda 457 | Lucha contra la COVID-19: Venezuela registra 1.229 casos comunitarios, 04 importados y la tasa de recuperaci\u00f3n se mantiene en 92%<\/span>Read more<\/a><\/p>\n","protected":false},"author":25,"featured_media":22625,"comment_status":"closed","ping_status":"closed","sticky":false,"template":"","format":"standard","meta":{"footnotes":""},"categories":[410,82,163],"tags":[],"yoast_head":"<!-- This site is optimized with the Yoast SEO plugin v22.5 - https:\/\/yoast.com\/wordpress\/plugins\/seo\/ -->\n<title>D\u00eda 457 | Lucha contra la COVID-19: Venezuela registra 1.229 casos comunitarios, 04 importados y la tasa de recuperaci\u00f3n se mantiene en 92% - MPPPST<\/title>\n<meta name=\"robots\" content=\"index, follow, max-snippet:-1, max-image-preview:large, max-video-preview:-1\" \/>\n<link rel=\"canonical\" href=\"https:\/\/www.mpppst.gob.ve\/mpppstweb\/index.php\/2021\/06\/16\/dia-457-lucha-contra-la-covid-19-venezuela-registra-1-229-casos-comunitarios-04-importados-y-la-tasa-de-recuperacion-se\/\" \/>\n<meta property=\"og:locale\" content=\"es_ES\" \/>\n<meta property=\"og:type\" content=\"article\" \/>\n<meta property=\"og:title\" content=\"D\u00eda 457 | Lucha contra la COVID-19: Venezuela registra 1.229 casos comunitarios, 04 importados y la tasa de recuperaci\u00f3n se mantiene en 92% - MPPPST\" \/>\n<meta property=\"og:description\" content=\"Un total de 1.229 casos de transmisi\u00f3n comunitaria y 04 importados de COVID-19 fueron detectados en &hellip; D\u00eda 457 | Lucha contra la COVID-19: Venezuela registra 1.229 casos comunitarios, 04 importados y la tasa de recuperaci\u00f3n se mantiene en 92%Read more\" \/>\n<meta property=\"og:url\" content=\"https:\/\/www.mpppst.gob.ve\/mpppstweb\/index.php\/2021\/06\/16\/dia-457-lucha-contra-la-covid-19-venezuela-registra-1-229-casos-comunitarios-04-importados-y-la-tasa-de-recuperacion-se\/\" \/>\n<meta property=\"og:site_name\" content=\"MPPPST\" \/>\n<meta property=\"article:published_time\" content=\"2021-06-16T12:30:54+00:00\" \/>\n<meta property=\"article:modified_time\" content=\"2021-06-16T13:24:38+00:00\" \/>\n<meta property=\"og:image\" content=\"https:\/\/www.mpppst.gob.ve\/mpppstweb\/wp-content\/uploads\/2021\/06\/PORTADA-768x427-1.jpg\" \/>\n\t<meta property=\"og:image:width\" content=\"768\" \/>\n\t<meta property=\"og:image:height\" content=\"427\" \/>\n\t<meta property=\"og:image:type\" content=\"image\/jpeg\" \/>\n<meta name=\"author\" content=\"MPPPST Prensa\" \/>\n<meta name=\"twitter:card\" content=\"summary_large_image\" \/>\n<meta name=\"twitter:label1\" content=\"Escrito por\" \/>\n\t<meta name=\"twitter:data1\" content=\"MPPPST Prensa\" \/>\n\t<meta name=\"twitter:label2\" content=\"Tiempo de lectura\" \/>\n\t<meta name=\"twitter:data2\" content=\"2 minutos\" \/>\n<script type=\"application\/ld+json\" class=\"yoast-schema-graph\">{\"@context\":\"https:\/\/schema.org\",\"@graph\":[{\"@type\":\"Article\",\"@id\":\"https:\/\/www.mpppst.gob.ve\/mpppstweb\/index.php\/2021\/06\/16\/dia-457-lucha-contra-la-covid-19-venezuela-registra-1-229-casos-comunitarios-04-importados-y-la-tasa-de-recuperacion-se\/#article\",\"isPartOf\":{\"@id\":\"https:\/\/www.mpppst.gob.ve\/mpppstweb\/index.php\/2021\/06\/16\/dia-457-lucha-contra-la-covid-19-venezuela-registra-1-229-casos-comunitarios-04-importados-y-la-tasa-de-recuperacion-se\/\"},\"author\":{\"name\":\"MPPPST Prensa\",\"@id\":\"https:\/\/www.mpppst.gob.ve\/mpppstweb\/#\/schema\/person\/fc187ee8ead412bd4c9304b62f900ea4\"},\"headline\":\"D\u00eda 457 | Lucha contra la COVID-19: Venezuela registra 1.229 casos comunitarios, 04 importados y la tasa de recuperaci\u00f3n se mantiene en 92%\",\"datePublished\":\"2021-06-16T12:30:54+00:00\",\"dateModified\":\"2021-06-16T13:24:38+00:00\",\"mainEntityOfPage\":{\"@id\":\"https:\/\/www.mpppst.gob.ve\/mpppstweb\/index.php\/2021\/06\/16\/dia-457-lucha-contra-la-covid-19-venezuela-registra-1-229-casos-comunitarios-04-importados-y-la-tasa-de-recuperacion-se\/\"},\"wordCount\":460,\"publisher\":{\"@id\":\"https:\/\/www.mpppst.gob.ve\/mpppstweb\/#organization\"},\"image\":{\"@id\":\"https:\/\/www.mpppst.gob.ve\/mpppstweb\/index.php\/2021\/06\/16\/dia-457-lucha-contra-la-covid-19-venezuela-registra-1-229-casos-comunitarios-04-importados-y-la-tasa-de-recuperacion-se\/#primaryimage\"},\"thumbnailUrl\":\"https:\/\/www.mpppst.gob.ve\/mpppstweb\/wp-content\/uploads\/2021\/06\/PORTADA-768x427-1.jpg\",\"articleSection\":[\"Coronavirus\",\"Gobierno Nacional\",\"Noticias\"],\"inLanguage\":\"es\"},{\"@type\":\"WebPage\",\"@id\":\"https:\/\/www.mpppst.gob.ve\/mpppstweb\/index.php\/2021\/06\/16\/dia-457-lucha-contra-la-covid-19-venezuela-registra-1-229-casos-comunitarios-04-importados-y-la-tasa-de-recuperacion-se\/\",\"url\":\"https:\/\/www.mpppst.gob.ve\/mpppstweb\/index.php\/2021\/06\/16\/dia-457-lucha-contra-la-covid-19-venezuela-registra-1-229-casos-comunitarios-04-importados-y-la-tasa-de-recuperacion-se\/\",\"name\":\"D\u00eda 457 | Lucha contra la COVID-19: Venezuela registra 1.229 casos comunitarios, 04 importados y la tasa de recuperaci\u00f3n se mantiene en 92% - MPPPST\",\"isPartOf\":{\"@id\":\"https:\/\/www.mpppst.gob.ve\/mpppstweb\/#website\"},\"primaryImageOfPage\":{\"@id\":\"https:\/\/www.mpppst.gob.ve\/mpppstweb\/index.php\/2021\/06\/16\/dia-457-lucha-contra-la-covid-19-venezuela-registra-1-229-casos-comunitarios-04-importados-y-la-tasa-de-recuperacion-se\/#primaryimage\"},\"image\":{\"@id\":\"https:\/\/www.mpppst.gob.ve\/mpppstweb\/index.php\/2021\/06\/16\/dia-457-lucha-contra-la-covid-19-venezuela-registra-1-229-casos-comunitarios-04-importados-y-la-tasa-de-recuperacion-se\/#primaryimage\"},\"thumbnailUrl\":\"https:\/\/www.mpppst.gob.ve\/mpppstweb\/wp-content\/uploads\/2021\/06\/PORTADA-768x427-1.jpg\",\"datePublished\":\"2021-06-16T12:30:54+00:00\",\"dateModified\":\"2021-06-16T13:24:38+00:00\",\"breadcrumb\":{\"@id\":\"https:\/\/www.mpppst.gob.ve\/mpppstweb\/index.php\/2021\/06\/16\/dia-457-lucha-contra-la-covid-19-venezuela-registra-1-229-casos-comunitarios-04-importados-y-la-tasa-de-recuperacion-se\/#breadcrumb\"},\"inLanguage\":\"es\",\"potentialAction\":[{\"@type\":\"ReadAction\",\"target\":[\"https:\/\/www.mpppst.gob.ve\/mpppstweb\/index.php\/2021\/06\/16\/dia-457-lucha-contra-la-covid-19-venezuela-registra-1-229-casos-comunitarios-04-importados-y-la-tasa-de-recuperacion-se\/\"]}]},{\"@type\":\"ImageObject\",\"inLanguage\":\"es\",\"@id\":\"https:\/\/www.mpppst.gob.ve\/mpppstweb\/index.php\/2021\/06\/16\/dia-457-lucha-contra-la-covid-19-venezuela-registra-1-229-casos-comunitarios-04-importados-y-la-tasa-de-recuperacion-se\/#primaryimage\",\"url\":\"https:\/\/www.mpppst.gob.ve\/mpppstweb\/wp-content\/uploads\/2021\/06\/PORTADA-768x427-1.jpg\",\"contentUrl\":\"https:\/\/www.mpppst.gob.ve\/mpppstweb\/wp-content\/uploads\/2021\/06\/PORTADA-768x427-1.jpg\",\"width\":768,\"height\":427},{\"@type\":\"BreadcrumbList\",\"@id\":\"https:\/\/www.mpppst.gob.ve\/mpppstweb\/index.php\/2021\/06\/16\/dia-457-lucha-contra-la-covid-19-venezuela-registra-1-229-casos-comunitarios-04-importados-y-la-tasa-de-recuperacion-se\/#breadcrumb\",\"itemListElement\":[{\"@type\":\"ListItem\",\"position\":1,\"name\":\"Home\",\"item\":\"https:\/\/www.mpppst.gob.ve\/mpppstweb\/\"},{\"@type\":\"ListItem\",\"position\":2,\"name\":\"D\u00eda 457 | Lucha contra la COVID-19: Venezuela registra 1.229 casos comunitarios, 04 importados y la tasa de recuperaci\u00f3n se mantiene en 92%\"}]},{\"@type\":\"WebSite\",\"@id\":\"https:\/\/www.mpppst.gob.ve\/mpppstweb\/#website\",\"url\":\"https:\/\/www.mpppst.gob.ve\/mpppstweb\/\",\"name\":\"MPPPST\",\"description\":\"Ministerio del Poder Popular para el Proceso Social de Trabajo\",\"publisher\":{\"@id\":\"https:\/\/www.mpppst.gob.ve\/mpppstweb\/#organization\"},\"potentialAction\":[{\"@type\":\"SearchAction\",\"target\":{\"@type\":\"EntryPoint\",\"urlTemplate\":\"https:\/\/www.mpppst.gob.ve\/mpppstweb\/?s={search_term_string}\"},\"query-input\":\"required name=search_term_string\"}],\"inLanguage\":\"es\"},{\"@type\":\"Organization\",\"@id\":\"https:\/\/www.mpppst.gob.ve\/mpppstweb\/#organization\",\"name\":\"mpppst\",\"url\":\"https:\/\/www.mpppst.gob.ve\/mpppstweb\/\",\"logo\":{\"@type\":\"ImageObject\",\"inLanguage\":\"es\",\"@id\":\"https:\/\/www.mpppst.gob.ve\/mpppstweb\/#\/schema\/logo\/image\/\",\"url\":\"https:\/\/www.mpppst.gob.ve\/mpppstweb\/wp-content\/uploads\/2025\/07\/cropped-cropped-g910.png\",\"contentUrl\":\"https:\/\/www.mpppst.gob.ve\/mpppstweb\/wp-content\/uploads\/2025\/07\/cropped-cropped-g910.png\",\"width\":1080,\"height\":241,\"caption\":\"mpppst\"},\"image\":{\"@id\":\"https:\/\/www.mpppst.gob.ve\/mpppstweb\/#\/schema\/logo\/image\/\"}},{\"@type\":\"Person\",\"@id\":\"https:\/\/www.mpppst.gob.ve\/mpppstweb\/#\/schema\/person\/fc187ee8ead412bd4c9304b62f900ea4\",\"name\":\"MPPPST Prensa\",\"url\":\"https:\/\/www.mpppst.gob.ve\/mpppstweb\/index.php\/author\/prensa-mpppst\/\"}]}<\/script>\n<!-- \/ Yoast SEO plugin. -->","yoast_head_json":{"title":"D\u00eda 457 | Lucha contra la COVID-19: Venezuela registra 1.229 casos comunitarios, 04 importados y la tasa de recuperaci\u00f3n se mantiene en 92% - MPPPST","robots":{"index":"index","follow":"follow","max-snippet":"max-snippet:-1","max-image-preview":"max-image-preview:large","max-video-preview":"max-video-preview:-1"},"canonical":"https:\/\/www.mpppst.gob.ve\/mpppstweb\/index.php\/2021\/06\/16\/dia-457-lucha-contra-la-covid-19-venezuela-registra-1-229-casos-comunitarios-04-importados-y-la-tasa-de-recuperacion-se\/","og_locale":"es_ES","og_type":"article","og_title":"D\u00eda 457 | Lucha contra la COVID-19: Venezuela registra 1.229 casos comunitarios, 04 importados y la tasa de recuperaci\u00f3n se mantiene en 92% - MPPPST","og_description":"Un total de 1.229 casos de transmisi\u00f3n comunitaria y 04 importados de COVID-19 fueron detectados en &hellip; D\u00eda 457 | Lucha contra la COVID-19: Venezuela registra 1.229 casos comunitarios, 04 importados y la tasa de recuperaci\u00f3n se mantiene en 92%Read more","og_url":"https:\/\/www.mpppst.gob.ve\/mpppstweb\/index.php\/2021\/06\/16\/dia-457-lucha-contra-la-covid-19-venezuela-registra-1-229-casos-comunitarios-04-importados-y-la-tasa-de-recuperacion-se\/","og_site_name":"MPPPST","article_published_time":"2021-06-16T12:30:54+00:00","article_modified_time":"2021-06-16T13:24:38+00:00","og_image":[{"width":768,"height":427,"url":"https:\/\/www.mpppst.gob.ve\/mpppstweb\/wp-content\/uploads\/2021\/06\/PORTADA-768x427-1.jpg","type":"image\/jpeg"}],"author":"MPPPST Prensa","twitter_card":"summary_large_image","twitter_misc":{"Escrito por":"MPPPST Prensa","Tiempo de lectura":"2 minutos"},"schema":{"@context":"https:\/\/schema.org","@graph":[{"@type":"Article","@id":"https:\/\/www.mpppst.gob.ve\/mpppstweb\/index.php\/2021\/06\/16\/dia-457-lucha-contra-la-covid-19-venezuela-registra-1-229-casos-comunitarios-04-importados-y-la-tasa-de-recuperacion-se\/#article","isPartOf":{"@id":"https:\/\/www.mpppst.gob.ve\/mpppstweb\/index.php\/2021\/06\/16\/dia-457-lucha-contra-la-covid-19-venezuela-registra-1-229-casos-comunitarios-04-importados-y-la-tasa-de-recuperacion-se\/"},"author":{"name":"MPPPST Prensa","@id":"https:\/\/www.mpppst.gob.ve\/mpppstweb\/#\/schema\/person\/fc187ee8ead412bd4c9304b62f900ea4"},"headline":"D\u00eda 457 | Lucha contra la COVID-19: Venezuela registra 1.229 casos comunitarios, 04 importados y la tasa de recuperaci\u00f3n se mantiene en 92%","datePublished":"2021-06-16T12:30:54+00:00","dateModified":"2021-06-16T13:24:38+00:00","mainEntityOfPage":{"@id":"https:\/\/www.mpppst.gob.ve\/mpppstweb\/index.php\/2021\/06\/16\/dia-457-lucha-contra-la-covid-19-venezuela-registra-1-229-casos-comunitarios-04-importados-y-la-tasa-de-recuperacion-se\/"},"wordCount":460,"publisher":{"@id":"https:\/\/www.mpppst.gob.ve\/mpppstweb\/#organization"},"image":{"@id":"https:\/\/www.mpppst.gob.ve\/mpppstweb\/index.php\/2021\/06\/16\/dia-457-lucha-contra-la-covid-19-venezuela-registra-1-229-casos-comunitarios-04-importados-y-la-tasa-de-recuperacion-se\/#primaryimage"},"thumbnailUrl":"https:\/\/www.mpppst.gob.ve\/mpppstweb\/wp-content\/uploads\/2021\/06\/PORTADA-768x427-1.jpg","articleSection":["Coronavirus","Gobierno Nacional","Noticias"],"inLanguage":"es"},{"@type":"WebPage","@id":"https:\/\/www.mpppst.gob.ve\/mpppstweb\/index.php\/2021\/06\/16\/dia-457-lucha-contra-la-covid-19-venezuela-registra-1-229-casos-comunitarios-04-importados-y-la-tasa-de-recuperacion-se\/","url":"https:\/\/www.mpppst.gob.ve\/mpppstweb\/index.php\/2021\/06\/16\/dia-457-lucha-contra-la-covid-19-venezuela-registra-1-229-casos-comunitarios-04-importados-y-la-tasa-de-recuperacion-se\/","name":"D\u00eda 457 | Lucha contra la COVID-19: Venezuela registra 1.229 casos comunitarios, 04 importados y la tasa de recuperaci\u00f3n se mantiene en 92% - MPPPST","isPartOf":{"@id":"https:\/\/www.mpppst.gob.ve\/mpppstweb\/#website"},"primaryImageOfPage":{"@id":"https:\/\/www.mpppst.gob.ve\/mpppstweb\/index.php\/2021\/06\/16\/dia-457-lucha-contra-la-covid-19-venezuela-registra-1-229-casos-comunitarios-04-importados-y-la-tasa-de-recuperacion-se\/#primaryimage"},"image":{"@id":"https:\/\/www.mpppst.gob.ve\/mpppstweb\/index.php\/2021\/06\/16\/dia-457-lucha-contra-la-covid-19-venezuela-registra-1-229-casos-comunitarios-04-importados-y-la-tasa-de-recuperacion-se\/#primaryimage"},"thumbnailUrl":"https:\/\/www.mpppst.gob.ve\/mpppstweb\/wp-content\/uploads\/2021\/06\/PORTADA-768x427-1.jpg","datePublished":"2021-06-16T12:30:54+00:00","dateModified":"2021-06-16T13:24:38+00:00","breadcrumb":{"@id":"https:\/\/www.mpppst.gob.ve\/mpppstweb\/index.php\/2021\/06\/16\/dia-457-lucha-contra-la-covid-19-venezuela-registra-1-229-casos-comunitarios-04-importados-y-la-tasa-de-recuperacion-se\/#breadcrumb"},"inLanguage":"es","potentialAction":[{"@type":"ReadAction","target":["https:\/\/www.mpppst.gob.ve\/mpppstweb\/index.php\/2021\/06\/16\/dia-457-lucha-contra-la-covid-19-venezuela-registra-1-229-casos-comunitarios-04-importados-y-la-tasa-de-recuperacion-se\/"]}]},{"@type":"ImageObject","inLanguage":"es","@id":"https:\/\/www.mpppst.gob.ve\/mpppstweb\/index.php\/2021\/06\/16\/dia-457-lucha-contra-la-covid-19-venezuela-registra-1-229-casos-comunitarios-04-importados-y-la-tasa-de-recuperacion-se\/#primaryimage","url":"https:\/\/www.mpppst.gob.ve\/mpppstweb\/wp-content\/uploads\/2021\/06\/PORTADA-768x427-1.jpg","contentUrl":"https:\/\/www.mpppst.gob.ve\/mpppstweb\/wp-content\/uploads\/2021\/06\/PORTADA-768x427-1.jpg","width":768,"height":427},{"@type":"BreadcrumbList","@id":"https:\/\/www.mpppst.gob.ve\/mpppstweb\/index.php\/2021\/06\/16\/dia-457-lucha-contra-la-covid-19-venezuela-registra-1-229-casos-comunitarios-04-importados-y-la-tasa-de-recuperacion-se\/#breadcrumb","itemListElement":[{"@type":"ListItem","position":1,"name":"Home","item":"https:\/\/www.mpppst.gob.ve\/mpppstweb\/"},{"@type":"ListItem","position":2,"name":"D\u00eda 457 | Lucha contra la COVID-19: Venezuela registra 1.229 casos comunitarios, 04 importados y la tasa de recuperaci\u00f3n se mantiene en 92%"}]},{"@type":"WebSite","@id":"https:\/\/www.mpppst.gob.ve\/mpppstweb\/#website","url":"https:\/\/www.mpppst.gob.ve\/mpppstweb\/","name":"MPPPST","description":"Ministerio del Poder Popular para el Proceso Social de Trabajo","publisher":{"@id":"https:\/\/www.mpppst.gob.ve\/mpppstweb\/#organization"},"potentialAction":[{"@type":"SearchAction","target":{"@type":"EntryPoint","urlTemplate":"https:\/\/www.mpppst.gob.ve\/mpppstweb\/?s={search_term_string}"},"query-input":"required name=search_term_string"}],"inLanguage":"es"},{"@type":"Organization","@id":"https:\/\/www.mpppst.gob.ve\/mpppstweb\/#organization","name":"mpppst","url":"https:\/\/www.mpppst.gob.ve\/mpppstweb\/","logo":{"@type":"ImageObject","inLanguage":"es","@id":"https:\/\/www.mpppst.gob.ve\/mpppstweb\/#\/schema\/logo\/image\/","url":"https:\/\/www.mpppst.gob.ve\/mpppstweb\/wp-content\/uploads\/2025\/07\/cropped-cropped-g910.png","contentUrl":"https:\/\/www.mpppst.gob.ve\/mpppstweb\/wp-content\/uploads\/2025\/07\/cropped-cropped-g910.png","width":1080,"height":241,"caption":"mpppst"},"image":{"@id":"https:\/\/www.mpppst.gob.ve\/mpppstweb\/#\/schema\/logo\/image\/"}},{"@type":"Person","@id":"https:\/\/www.mpppst.gob.ve\/mpppstweb\/#\/schema\/person\/fc187ee8ead412bd4c9304b62f900ea4","name":"MPPPST Prensa","url":"https:\/\/www.mpppst.gob.ve\/mpppstweb\/index.php\/author\/prensa-mpppst\/"}]}},"_links":{"self":[{"href":"https:\/\/www.mpppst.gob.ve\/mpppstweb\/index.php\/wp-json\/wp\/v2\/posts\/22624"}],"collection":[{"href":"https:\/\/www.mpppst.gob.ve\/mpppstweb\/index.php\/wp-json\/wp\/v2\/posts"}],"about":[{"href":"https:\/\/www.mpppst.gob.ve\/mpppstweb\/index.php\/wp-json\/wp\/v2\/types\/post"}],"author":[{"embeddable":true,"href":"https:\/\/www.mpppst.gob.ve\/mpppstweb\/index.php\/wp-json\/wp\/v2\/users\/25"}],"replies":[{"embeddable":true,"href":"https:\/\/www.mpppst.gob.ve\/mpppstweb\/index.php\/wp-json\/wp\/v2\/comments?post=22624"}],"version-history":[{"count":2,"href":"https:\/\/www.mpppst.gob.ve\/mpppstweb\/index.php\/wp-json\/wp\/v2\/posts\/22624\/revisions"}],"predecessor-version":[{"id":22637,"href":"https:\/\/www.mpppst.gob.ve\/mpppstweb\/index.php\/wp-json\/wp\/v2\/posts\/22624\/revisions\/22637"}],"wp:featuredmedia":[{"embeddable":true,"href":"https:\/\/www.mpppst.gob.ve\/mpppstweb\/index.php\/wp-json\/wp\/v2\/media\/22625"}],"wp:attachment":[{"href":"https:\/\/www.mpppst.gob.ve\/mpppstweb\/index.php\/wp-json\/wp\/v2\/media?parent=22624"}],"wp:term":[{"taxonomy":"category","embeddable":true,"href":"https:\/\/www.mpppst.gob.ve\/mpppstweb\/index.php\/wp-json\/wp\/v2\/categories?post=22624"},{"taxonomy":"post_tag","embeddable":true,"href":"https:\/\/www.mpppst.gob.ve\/mpppstweb\/index.php\/wp-json\/wp\/v2\/tags?post=22624"}],"curies":[{"name":"wp","href":"https:\/\/api.w.org\/{rel}","templated":true}]}}