{"id":22627,"date":"2021-06-16T08:33:36","date_gmt":"2021-06-16T12:33:36","guid":{"rendered":"http:\/\/www.mpppst.gob.ve\/mpppstweb\/?p=22627"},"modified":"2021-06-16T08:33:37","modified_gmt":"2021-06-16T12:33:37","slug":"corpoelec-fortalece-lineas-y-subestaciones-de-transmision-del-sen","status":"publish","type":"post","link":"https:\/\/www.mpppst.gob.ve\/mpppstweb\/index.php\/2021\/06\/16\/corpoelec-fortalece-lineas-y-subestaciones-de-transmision-del-sen\/","title":{"rendered":"Corpoelec fortalece l\u00edneas y subestaciones de transmisi\u00f3n del SEN"},"content":{"rendered":"\n<p>En videoconferencia, el vicepresidente Sectorial de Obras P\u00fablicas y Servicios,&nbsp;<strong>G\/J N\u00e9stor Reverol<\/strong>, sostuvo una reuni\u00f3n con los responsables nacionales del \u00e1rea de transmisi\u00f3n de la Corporaci\u00f3n El\u00e9ctrica Nacional, S.A (<a href=\"https:\/\/www.vtv.gob.ve\/corpoelec-mantenimiento-linea-miranda\/\">Corpoelec<\/a>), para evaluar las acciones estrat\u00e9gicas que ayuden a fortalecer el Sistema El\u00e9ctrico Nacional (SEN), informaci\u00f3n de Prensa Mppee.<\/p>\n\n\n\n<p>El tambi\u00e9n ministro del Poder Popular para la Energ\u00eda El\u00e9ctrica explic\u00f3 que, \u201cen este encuentro digital, discutimos las acciones contempladas como la supervisi\u00f3n de las infraestructuras de las subestaciones de transmisi\u00f3n y la dotaci\u00f3n de c\u00e1maras termogr\u00e1ficas, para el estudio preventivo de las l\u00edneas del tendido el\u00e9ctrico\u201d<\/p>\n\n\n\n<figure class=\"wp-block-image\"><img decoding=\"async\" src=\"https:\/\/www.vtv.gob.ve\/wp-content\/uploads\/2021\/06\/Corpoelec-2.png\" alt=\"Gobierno Nacional revisa acciones para fortalecer las l\u00edneas y subestaciones de transmisi\u00f3n del SEN\" class=\"wp-image-369909\"\/><figcaption>Corpoelec<\/figcaption><\/figure>\n\n\n\n<p>Reverol record\u00f3 que desde el Gobierno nacional se ejecutan acciones de mantenimiento de las subestaciones el\u00e9ctricas, Plan Pica, Poda y Tala, as\u00ed como el impulso de las pol\u00edticas p\u00fablicas que permitan la estabilizaci\u00f3n y confiabilidad del servicio el\u00e9ctrico en el pa\u00eds.<\/p>\n\n\n\n<p>El pasado lunes 14 de junio, el ministro Reverol sostuvo un encuentro con los gerentes generales de Corpoelec, donde evaluaron los procesos internos de la estatal el\u00e9ctrica, as\u00ed como los diversos planes estrat\u00e9gicos que se desarrollan para el mejoramiento del servicio en el territorio nacional.<\/p>\n","protected":false},"excerpt":{"rendered":"<p>En videoconferencia, el vicepresidente Sectorial de Obras P\u00fablicas y Servicios,&nbsp;G\/J N\u00e9stor Reverol, sostuvo una reuni\u00f3n con &hellip; <a title=\"Corpoelec fortalece l\u00edneas y subestaciones de transmisi\u00f3n del SEN\" class=\"hm-read-more\" href=\"https:\/\/www.mpppst.gob.ve\/mpppstweb\/index.php\/2021\/06\/16\/corpoelec-fortalece-lineas-y-subestaciones-de-transmision-del-sen\/\"><span class=\"screen-reader-text\">Corpoelec fortalece l\u00edneas y subestaciones de transmisi\u00f3n del SEN<\/span>Read more<\/a><\/p>\n","protected":false},"author":25,"featured_media":22628,"comment_status":"closed","ping_status":"closed","sticky":false,"template":"","format":"standard","meta":{"footnotes":""},"categories":[82,163],"tags":[],"yoast_head":"<!-- This site is optimized with the Yoast SEO plugin v22.5 - https:\/\/yoast.com\/wordpress\/plugins\/seo\/ -->\n<title>Corpoelec fortalece l\u00edneas y subestaciones de transmisi\u00f3n del SEN - MPPPST<\/title>\n<meta name=\"robots\" content=\"index, follow, max-snippet:-1, max-image-preview:large, max-video-preview:-1\" \/>\n<link rel=\"canonical\" href=\"https:\/\/www.mpppst.gob.ve\/mpppstweb\/index.php\/2021\/06\/16\/corpoelec-fortalece-lineas-y-subestaciones-de-transmision-del-sen\/\" \/>\n<meta property=\"og:locale\" content=\"es_ES\" \/>\n<meta property=\"og:type\" content=\"article\" \/>\n<meta property=\"og:title\" content=\"Corpoelec fortalece l\u00edneas y subestaciones de transmisi\u00f3n del SEN - MPPPST\" \/>\n<meta property=\"og:description\" content=\"En videoconferencia, el vicepresidente Sectorial de Obras P\u00fablicas y Servicios,&nbsp;G\/J N\u00e9stor Reverol, sostuvo una reuni\u00f3n con &hellip; Corpoelec fortalece l\u00edneas y subestaciones de transmisi\u00f3n del SENRead more\" \/>\n<meta property=\"og:url\" content=\"https:\/\/www.mpppst.gob.ve\/mpppstweb\/index.php\/2021\/06\/16\/corpoelec-fortalece-lineas-y-subestaciones-de-transmision-del-sen\/\" \/>\n<meta property=\"og:site_name\" content=\"MPPPST\" \/>\n<meta property=\"article:published_time\" content=\"2021-06-16T12:33:36+00:00\" \/>\n<meta property=\"article:modified_time\" content=\"2021-06-16T12:33:37+00:00\" \/>\n<meta property=\"og:image\" content=\"https:\/\/www.mpppst.gob.ve\/mpppstweb\/wp-content\/uploads\/2021\/06\/Corpoelec-768x427-1.png\" \/>\n\t<meta property=\"og:image:width\" content=\"768\" \/>\n\t<meta property=\"og:image:height\" content=\"427\" \/>\n\t<meta property=\"og:image:type\" content=\"image\/png\" \/>\n<meta name=\"author\" content=\"MPPPST Prensa\" \/>\n<meta name=\"twitter:card\" content=\"summary_large_image\" \/>\n<meta name=\"twitter:label1\" content=\"Escrito por\" \/>\n\t<meta name=\"twitter:data1\" content=\"MPPPST Prensa\" \/>\n\t<meta name=\"twitter:label2\" content=\"Tiempo de lectura\" \/>\n\t<meta name=\"twitter:data2\" content=\"1 minuto\" \/>\n<script type=\"application\/ld+json\" class=\"yoast-schema-graph\">{\"@context\":\"https:\/\/schema.org\",\"@graph\":[{\"@type\":\"Article\",\"@id\":\"https:\/\/www.mpppst.gob.ve\/mpppstweb\/index.php\/2021\/06\/16\/corpoelec-fortalece-lineas-y-subestaciones-de-transmision-del-sen\/#article\",\"isPartOf\":{\"@id\":\"https:\/\/www.mpppst.gob.ve\/mpppstweb\/index.php\/2021\/06\/16\/corpoelec-fortalece-lineas-y-subestaciones-de-transmision-del-sen\/\"},\"author\":{\"name\":\"MPPPST Prensa\",\"@id\":\"https:\/\/www.mpppst.gob.ve\/mpppstweb\/#\/schema\/person\/fc187ee8ead412bd4c9304b62f900ea4\"},\"headline\":\"Corpoelec fortalece l\u00edneas y subestaciones de transmisi\u00f3n del SEN\",\"datePublished\":\"2021-06-16T12:33:36+00:00\",\"dateModified\":\"2021-06-16T12:33:37+00:00\",\"mainEntityOfPage\":{\"@id\":\"https:\/\/www.mpppst.gob.ve\/mpppstweb\/index.php\/2021\/06\/16\/corpoelec-fortalece-lineas-y-subestaciones-de-transmision-del-sen\/\"},\"wordCount\":223,\"publisher\":{\"@id\":\"https:\/\/www.mpppst.gob.ve\/mpppstweb\/#organization\"},\"image\":{\"@id\":\"https:\/\/www.mpppst.gob.ve\/mpppstweb\/index.php\/2021\/06\/16\/corpoelec-fortalece-lineas-y-subestaciones-de-transmision-del-sen\/#primaryimage\"},\"thumbnailUrl\":\"https:\/\/www.mpppst.gob.ve\/mpppstweb\/wp-content\/uploads\/2021\/06\/Corpoelec-768x427-1.png\",\"articleSection\":[\"Gobierno Nacional\",\"Noticias\"],\"inLanguage\":\"es\"},{\"@type\":\"WebPage\",\"@id\":\"https:\/\/www.mpppst.gob.ve\/mpppstweb\/index.php\/2021\/06\/16\/corpoelec-fortalece-lineas-y-subestaciones-de-transmision-del-sen\/\",\"url\":\"https:\/\/www.mpppst.gob.ve\/mpppstweb\/index.php\/2021\/06\/16\/corpoelec-fortalece-lineas-y-subestaciones-de-transmision-del-sen\/\",\"name\":\"Corpoelec fortalece l\u00edneas y subestaciones de transmisi\u00f3n del SEN - MPPPST\",\"isPartOf\":{\"@id\":\"https:\/\/www.mpppst.gob.ve\/mpppstweb\/#website\"},\"primaryImageOfPage\":{\"@id\":\"https:\/\/www.mpppst.gob.ve\/mpppstweb\/index.php\/2021\/06\/16\/corpoelec-fortalece-lineas-y-subestaciones-de-transmision-del-sen\/#primaryimage\"},\"image\":{\"@id\":\"https:\/\/www.mpppst.gob.ve\/mpppstweb\/index.php\/2021\/06\/16\/corpoelec-fortalece-lineas-y-subestaciones-de-transmision-del-sen\/#primaryimage\"},\"thumbnailUrl\":\"https:\/\/www.mpppst.gob.ve\/mpppstweb\/wp-content\/uploads\/2021\/06\/Corpoelec-768x427-1.png\",\"datePublished\":\"2021-06-16T12:33:36+00:00\",\"dateModified\":\"2021-06-16T12:33:37+00:00\",\"breadcrumb\":{\"@id\":\"https:\/\/www.mpppst.gob.ve\/mpppstweb\/index.php\/2021\/06\/16\/corpoelec-fortalece-lineas-y-subestaciones-de-transmision-del-sen\/#breadcrumb\"},\"inLanguage\":\"es\",\"potentialAction\":[{\"@type\":\"ReadAction\",\"target\":[\"https:\/\/www.mpppst.gob.ve\/mpppstweb\/index.php\/2021\/06\/16\/corpoelec-fortalece-lineas-y-subestaciones-de-transmision-del-sen\/\"]}]},{\"@type\":\"ImageObject\",\"inLanguage\":\"es\",\"@id\":\"https:\/\/www.mpppst.gob.ve\/mpppstweb\/index.php\/2021\/06\/16\/corpoelec-fortalece-lineas-y-subestaciones-de-transmision-del-sen\/#primaryimage\",\"url\":\"https:\/\/www.mpppst.gob.ve\/mpppstweb\/wp-content\/uploads\/2021\/06\/Corpoelec-768x427-1.png\",\"contentUrl\":\"https:\/\/www.mpppst.gob.ve\/mpppstweb\/wp-content\/uploads\/2021\/06\/Corpoelec-768x427-1.png\",\"width\":768,\"height\":427},{\"@type\":\"BreadcrumbList\",\"@id\":\"https:\/\/www.mpppst.gob.ve\/mpppstweb\/index.php\/2021\/06\/16\/corpoelec-fortalece-lineas-y-subestaciones-de-transmision-del-sen\/#breadcrumb\",\"itemListElement\":[{\"@type\":\"ListItem\",\"position\":1,\"name\":\"Home\",\"item\":\"https:\/\/www.mpppst.gob.ve\/mpppstweb\/\"},{\"@type\":\"ListItem\",\"position\":2,\"name\":\"Corpoelec fortalece l\u00edneas y subestaciones de transmisi\u00f3n del SEN\"}]},{\"@type\":\"WebSite\",\"@id\":\"https:\/\/www.mpppst.gob.ve\/mpppstweb\/#website\",\"url\":\"https:\/\/www.mpppst.gob.ve\/mpppstweb\/\",\"name\":\"MPPPST\",\"description\":\"Ministerio del Poder Popular para el Proceso Social de Trabajo\",\"publisher\":{\"@id\":\"https:\/\/www.mpppst.gob.ve\/mpppstweb\/#organization\"},\"potentialAction\":[{\"@type\":\"SearchAction\",\"target\":{\"@type\":\"EntryPoint\",\"urlTemplate\":\"https:\/\/www.mpppst.gob.ve\/mpppstweb\/?s={search_term_string}\"},\"query-input\":\"required name=search_term_string\"}],\"inLanguage\":\"es\"},{\"@type\":\"Organization\",\"@id\":\"https:\/\/www.mpppst.gob.ve\/mpppstweb\/#organization\",\"name\":\"mpppst\",\"url\":\"https:\/\/www.mpppst.gob.ve\/mpppstweb\/\",\"logo\":{\"@type\":\"ImageObject\",\"inLanguage\":\"es\",\"@id\":\"https:\/\/www.mpppst.gob.ve\/mpppstweb\/#\/schema\/logo\/image\/\",\"url\":\"https:\/\/www.mpppst.gob.ve\/mpppstweb\/wp-content\/uploads\/2025\/07\/cropped-cropped-g910.png\",\"contentUrl\":\"https:\/\/www.mpppst.gob.ve\/mpppstweb\/wp-content\/uploads\/2025\/07\/cropped-cropped-g910.png\",\"width\":1080,\"height\":241,\"caption\":\"mpppst\"},\"image\":{\"@id\":\"https:\/\/www.mpppst.gob.ve\/mpppstweb\/#\/schema\/logo\/image\/\"}},{\"@type\":\"Person\",\"@id\":\"https:\/\/www.mpppst.gob.ve\/mpppstweb\/#\/schema\/person\/fc187ee8ead412bd4c9304b62f900ea4\",\"name\":\"MPPPST Prensa\",\"url\":\"https:\/\/www.mpppst.gob.ve\/mpppstweb\/index.php\/author\/prensa-mpppst\/\"}]}<\/script>\n<!-- \/ Yoast SEO plugin. -->","yoast_head_json":{"title":"Corpoelec fortalece l\u00edneas y subestaciones de transmisi\u00f3n del SEN - MPPPST","robots":{"index":"index","follow":"follow","max-snippet":"max-snippet:-1","max-image-preview":"max-image-preview:large","max-video-preview":"max-video-preview:-1"},"canonical":"https:\/\/www.mpppst.gob.ve\/mpppstweb\/index.php\/2021\/06\/16\/corpoelec-fortalece-lineas-y-subestaciones-de-transmision-del-sen\/","og_locale":"es_ES","og_type":"article","og_title":"Corpoelec fortalece l\u00edneas y subestaciones de transmisi\u00f3n del SEN - MPPPST","og_description":"En videoconferencia, el vicepresidente Sectorial de Obras P\u00fablicas y Servicios,&nbsp;G\/J N\u00e9stor Reverol, sostuvo una reuni\u00f3n con &hellip; Corpoelec fortalece l\u00edneas y subestaciones de transmisi\u00f3n del SENRead more","og_url":"https:\/\/www.mpppst.gob.ve\/mpppstweb\/index.php\/2021\/06\/16\/corpoelec-fortalece-lineas-y-subestaciones-de-transmision-del-sen\/","og_site_name":"MPPPST","article_published_time":"2021-06-16T12:33:36+00:00","article_modified_time":"2021-06-16T12:33:37+00:00","og_image":[{"width":768,"height":427,"url":"https:\/\/www.mpppst.gob.ve\/mpppstweb\/wp-content\/uploads\/2021\/06\/Corpoelec-768x427-1.png","type":"image\/png"}],"author":"MPPPST Prensa","twitter_card":"summary_large_image","twitter_misc":{"Escrito por":"MPPPST Prensa","Tiempo de lectura":"1 minuto"},"schema":{"@context":"https:\/\/schema.org","@graph":[{"@type":"Article","@id":"https:\/\/www.mpppst.gob.ve\/mpppstweb\/index.php\/2021\/06\/16\/corpoelec-fortalece-lineas-y-subestaciones-de-transmision-del-sen\/#article","isPartOf":{"@id":"https:\/\/www.mpppst.gob.ve\/mpppstweb\/index.php\/2021\/06\/16\/corpoelec-fortalece-lineas-y-subestaciones-de-transmision-del-sen\/"},"author":{"name":"MPPPST Prensa","@id":"https:\/\/www.mpppst.gob.ve\/mpppstweb\/#\/schema\/person\/fc187ee8ead412bd4c9304b62f900ea4"},"headline":"Corpoelec fortalece l\u00edneas y subestaciones de transmisi\u00f3n del SEN","datePublished":"2021-06-16T12:33:36+00:00","dateModified":"2021-06-16T12:33:37+00:00","mainEntityOfPage":{"@id":"https:\/\/www.mpppst.gob.ve\/mpppstweb\/index.php\/2021\/06\/16\/corpoelec-fortalece-lineas-y-subestaciones-de-transmision-del-sen\/"},"wordCount":223,"publisher":{"@id":"https:\/\/www.mpppst.gob.ve\/mpppstweb\/#organization"},"image":{"@id":"https:\/\/www.mpppst.gob.ve\/mpppstweb\/index.php\/2021\/06\/16\/corpoelec-fortalece-lineas-y-subestaciones-de-transmision-del-sen\/#primaryimage"},"thumbnailUrl":"https:\/\/www.mpppst.gob.ve\/mpppstweb\/wp-content\/uploads\/2021\/06\/Corpoelec-768x427-1.png","articleSection":["Gobierno Nacional","Noticias"],"inLanguage":"es"},{"@type":"WebPage","@id":"https:\/\/www.mpppst.gob.ve\/mpppstweb\/index.php\/2021\/06\/16\/corpoelec-fortalece-lineas-y-subestaciones-de-transmision-del-sen\/","url":"https:\/\/www.mpppst.gob.ve\/mpppstweb\/index.php\/2021\/06\/16\/corpoelec-fortalece-lineas-y-subestaciones-de-transmision-del-sen\/","name":"Corpoelec fortalece l\u00edneas y subestaciones de transmisi\u00f3n del SEN - MPPPST","isPartOf":{"@id":"https:\/\/www.mpppst.gob.ve\/mpppstweb\/#website"},"primaryImageOfPage":{"@id":"https:\/\/www.mpppst.gob.ve\/mpppstweb\/index.php\/2021\/06\/16\/corpoelec-fortalece-lineas-y-subestaciones-de-transmision-del-sen\/#primaryimage"},"image":{"@id":"https:\/\/www.mpppst.gob.ve\/mpppstweb\/index.php\/2021\/06\/16\/corpoelec-fortalece-lineas-y-subestaciones-de-transmision-del-sen\/#primaryimage"},"thumbnailUrl":"https:\/\/www.mpppst.gob.ve\/mpppstweb\/wp-content\/uploads\/2021\/06\/Corpoelec-768x427-1.png","datePublished":"2021-06-16T12:33:36+00:00","dateModified":"2021-06-16T12:33:37+00:00","breadcrumb":{"@id":"https:\/\/www.mpppst.gob.ve\/mpppstweb\/index.php\/2021\/06\/16\/corpoelec-fortalece-lineas-y-subestaciones-de-transmision-del-sen\/#breadcrumb"},"inLanguage":"es","potentialAction":[{"@type":"ReadAction","target":["https:\/\/www.mpppst.gob.ve\/mpppstweb\/index.php\/2021\/06\/16\/corpoelec-fortalece-lineas-y-subestaciones-de-transmision-del-sen\/"]}]},{"@type":"ImageObject","inLanguage":"es","@id":"https:\/\/www.mpppst.gob.ve\/mpppstweb\/index.php\/2021\/06\/16\/corpoelec-fortalece-lineas-y-subestaciones-de-transmision-del-sen\/#primaryimage","url":"https:\/\/www.mpppst.gob.ve\/mpppstweb\/wp-content\/uploads\/2021\/06\/Corpoelec-768x427-1.png","contentUrl":"https:\/\/www.mpppst.gob.ve\/mpppstweb\/wp-content\/uploads\/2021\/06\/Corpoelec-768x427-1.png","width":768,"height":427},{"@type":"BreadcrumbList","@id":"https:\/\/www.mpppst.gob.ve\/mpppstweb\/index.php\/2021\/06\/16\/corpoelec-fortalece-lineas-y-subestaciones-de-transmision-del-sen\/#breadcrumb","itemListElement":[{"@type":"ListItem","position":1,"name":"Home","item":"https:\/\/www.mpppst.gob.ve\/mpppstweb\/"},{"@type":"ListItem","position":2,"name":"Corpoelec fortalece l\u00edneas y subestaciones de transmisi\u00f3n del SEN"}]},{"@type":"WebSite","@id":"https:\/\/www.mpppst.gob.ve\/mpppstweb\/#website","url":"https:\/\/www.mpppst.gob.ve\/mpppstweb\/","name":"MPPPST","description":"Ministerio del Poder Popular para el Proceso Social de Trabajo","publisher":{"@id":"https:\/\/www.mpppst.gob.ve\/mpppstweb\/#organization"},"potentialAction":[{"@type":"SearchAction","target":{"@type":"EntryPoint","urlTemplate":"https:\/\/www.mpppst.gob.ve\/mpppstweb\/?s={search_term_string}"},"query-input":"required name=search_term_string"}],"inLanguage":"es"},{"@type":"Organization","@id":"https:\/\/www.mpppst.gob.ve\/mpppstweb\/#organization","name":"mpppst","url":"https:\/\/www.mpppst.gob.ve\/mpppstweb\/","logo":{"@type":"ImageObject","inLanguage":"es","@id":"https:\/\/www.mpppst.gob.ve\/mpppstweb\/#\/schema\/logo\/image\/","url":"https:\/\/www.mpppst.gob.ve\/mpppstweb\/wp-content\/uploads\/2025\/07\/cropped-cropped-g910.png","contentUrl":"https:\/\/www.mpppst.gob.ve\/mpppstweb\/wp-content\/uploads\/2025\/07\/cropped-cropped-g910.png","width":1080,"height":241,"caption":"mpppst"},"image":{"@id":"https:\/\/www.mpppst.gob.ve\/mpppstweb\/#\/schema\/logo\/image\/"}},{"@type":"Person","@id":"https:\/\/www.mpppst.gob.ve\/mpppstweb\/#\/schema\/person\/fc187ee8ead412bd4c9304b62f900ea4","name":"MPPPST Prensa","url":"https:\/\/www.mpppst.gob.ve\/mpppstweb\/index.php\/author\/prensa-mpppst\/"}]}},"_links":{"self":[{"href":"https:\/\/www.mpppst.gob.ve\/mpppstweb\/index.php\/wp-json\/wp\/v2\/posts\/22627"}],"collection":[{"href":"https:\/\/www.mpppst.gob.ve\/mpppstweb\/index.php\/wp-json\/wp\/v2\/posts"}],"about":[{"href":"https:\/\/www.mpppst.gob.ve\/mpppstweb\/index.php\/wp-json\/wp\/v2\/types\/post"}],"author":[{"embeddable":true,"href":"https:\/\/www.mpppst.gob.ve\/mpppstweb\/index.php\/wp-json\/wp\/v2\/users\/25"}],"replies":[{"embeddable":true,"href":"https:\/\/www.mpppst.gob.ve\/mpppstweb\/index.php\/wp-json\/wp\/v2\/comments?post=22627"}],"version-history":[{"count":1,"href":"https:\/\/www.mpppst.gob.ve\/mpppstweb\/index.php\/wp-json\/wp\/v2\/posts\/22627\/revisions"}],"predecessor-version":[{"id":22629,"href":"https:\/\/www.mpppst.gob.ve\/mpppstweb\/index.php\/wp-json\/wp\/v2\/posts\/22627\/revisions\/22629"}],"wp:featuredmedia":[{"embeddable":true,"href":"https:\/\/www.mpppst.gob.ve\/mpppstweb\/index.php\/wp-json\/wp\/v2\/media\/22628"}],"wp:attachment":[{"href":"https:\/\/www.mpppst.gob.ve\/mpppstweb\/index.php\/wp-json\/wp\/v2\/media?parent=22627"}],"wp:term":[{"taxonomy":"category","embeddable":true,"href":"https:\/\/www.mpppst.gob.ve\/mpppstweb\/index.php\/wp-json\/wp\/v2\/categories?post=22627"},{"taxonomy":"post_tag","embeddable":true,"href":"https:\/\/www.mpppst.gob.ve\/mpppstweb\/index.php\/wp-json\/wp\/v2\/tags?post=22627"}],"curies":[{"name":"wp","href":"https:\/\/api.w.org\/{rel}","templated":true}]}}