{"id":22633,"date":"2021-06-16T08:37:44","date_gmt":"2021-06-16T12:37:44","guid":{"rendered":"http:\/\/www.mpppst.gob.ve\/mpppstweb\/?p=22633"},"modified":"2021-06-16T08:37:45","modified_gmt":"2021-06-16T12:37:45","slug":"jornada-de-cedulacion-electoral-inicio-con-mas-de-30-mil-venezolanos","status":"publish","type":"post","link":"https:\/\/www.mpppst.gob.ve\/mpppstweb\/index.php\/2021\/06\/16\/jornada-de-cedulacion-electoral-inicio-con-mas-de-30-mil-venezolanos\/","title":{"rendered":"Jornada de Cedulaci\u00f3n Electoral inici\u00f3 con m\u00e1s de 30 mil venezolanos"},"content":{"rendered":"\n<p>Un total de 30.556 venezolanos han asistido a las sedes del Servicio Administrativo de Identificaci\u00f3n Migraci\u00f3n y Extranjer\u00eda (Saime), en todo el territorio nacional para la Jornada de Cedulaci\u00f3n Electoral.<\/p>\n\n\n\n<p>El director del ente identificador, Gustavo Vizca\u00edno, inform\u00f3 que el Saime habilit\u00f3 90 oficinas regionales para esta actividad que inici\u00f3 el 14 de junio, a fin de garantizar la identidad a todos los ciudadanos, de cara a los pr\u00f3ximos comicios electorales a realizarse el 21 de noviembre.<\/p>\n\n\n\n<p>Indic\u00f3 que en el Distrito Capital se encuentran activadas ocho oficinas: Coche, Propatria, Catia, San Bernardino, Caricuao, Parque Central, Ipsfa y el Club de la Guardia Nacional en El Para\u00edso.<\/p>\n\n\n\n<p>Vizca\u00edno anunci\u00f3 que los estados con m\u00e1s demanda en la tramitaci\u00f3n de este documento durante el primer d\u00eda de la jornada han sido el Distrito Capital con 2.337 c\u00e9dulas emitidas, le sigue Miranda con 1.902 y el estado Zulia con 2017.<\/p>\n\n\n\n<p>Asimismo, destac\u00f3 que la atenci\u00f3n de los ciudadanos se realiza de acuerdo al terminal de c\u00e9dula: lunes 0-1, martes 2-3, mi\u00e9rcoles 4-5, jueves 6-7 y viernes 8-9, de lunes a viernes, desde las 08:00 de la ma\u00f1ana a 01:00 de la tarde, indica nota de prensa del MPPRIJP.<\/p>\n\n\n\n<p>El Director del Saime exhort\u00f3 a los usuarios a cumplir con las estrictas medidas de bioseguridad para prevenir contagios de la COVID-19. Por \u00faltimo, record\u00f3 que la tramitaci\u00f3n de la c\u00e9dula de identidad es totalmente gratuita.<\/p>\n","protected":false},"excerpt":{"rendered":"<p>Un total de 30.556 venezolanos han asistido a las sedes del Servicio Administrativo de Identificaci\u00f3n Migraci\u00f3n &hellip; <a title=\"Jornada de Cedulaci\u00f3n Electoral inici\u00f3 con m\u00e1s de 30 mil venezolanos\" class=\"hm-read-more\" href=\"https:\/\/www.mpppst.gob.ve\/mpppstweb\/index.php\/2021\/06\/16\/jornada-de-cedulacion-electoral-inicio-con-mas-de-30-mil-venezolanos\/\"><span class=\"screen-reader-text\">Jornada de Cedulaci\u00f3n Electoral inici\u00f3 con m\u00e1s de 30 mil venezolanos<\/span>Read more<\/a><\/p>\n","protected":false},"author":25,"featured_media":22634,"comment_status":"closed","ping_status":"closed","sticky":false,"template":"","format":"standard","meta":{"footnotes":""},"categories":[82,163],"tags":[],"yoast_head":"<!-- This site is optimized with the Yoast SEO plugin v22.5 - https:\/\/yoast.com\/wordpress\/plugins\/seo\/ -->\n<title>Jornada de Cedulaci\u00f3n Electoral inici\u00f3 con m\u00e1s de 30 mil venezolanos - MPPPST<\/title>\n<meta name=\"robots\" content=\"index, follow, max-snippet:-1, max-image-preview:large, max-video-preview:-1\" \/>\n<link rel=\"canonical\" href=\"https:\/\/www.mpppst.gob.ve\/mpppstweb\/index.php\/2021\/06\/16\/jornada-de-cedulacion-electoral-inicio-con-mas-de-30-mil-venezolanos\/\" \/>\n<meta property=\"og:locale\" content=\"es_ES\" \/>\n<meta property=\"og:type\" content=\"article\" \/>\n<meta property=\"og:title\" content=\"Jornada de Cedulaci\u00f3n Electoral inici\u00f3 con m\u00e1s de 30 mil venezolanos - MPPPST\" \/>\n<meta property=\"og:description\" content=\"Un total de 30.556 venezolanos han asistido a las sedes del Servicio Administrativo de Identificaci\u00f3n Migraci\u00f3n &hellip; Jornada de Cedulaci\u00f3n Electoral inici\u00f3 con m\u00e1s de 30 mil venezolanosRead more\" \/>\n<meta property=\"og:url\" content=\"https:\/\/www.mpppst.gob.ve\/mpppstweb\/index.php\/2021\/06\/16\/jornada-de-cedulacion-electoral-inicio-con-mas-de-30-mil-venezolanos\/\" \/>\n<meta property=\"og:site_name\" content=\"MPPPST\" \/>\n<meta property=\"article:published_time\" content=\"2021-06-16T12:37:44+00:00\" \/>\n<meta property=\"article:modified_time\" content=\"2021-06-16T12:37:45+00:00\" \/>\n<meta property=\"og:image\" content=\"https:\/\/www.mpppst.gob.ve\/mpppstweb\/wp-content\/uploads\/2021\/06\/jornada-de-cedulacion-electoral-venezolanos-768x427-1.jpg\" \/>\n\t<meta property=\"og:image:width\" content=\"768\" \/>\n\t<meta property=\"og:image:height\" content=\"427\" \/>\n\t<meta property=\"og:image:type\" content=\"image\/jpeg\" \/>\n<meta name=\"author\" content=\"MPPPST Prensa\" \/>\n<meta name=\"twitter:card\" content=\"summary_large_image\" \/>\n<meta name=\"twitter:label1\" content=\"Escrito por\" \/>\n\t<meta name=\"twitter:data1\" content=\"MPPPST Prensa\" \/>\n\t<meta name=\"twitter:label2\" content=\"Tiempo de lectura\" \/>\n\t<meta name=\"twitter:data2\" content=\"1 minuto\" \/>\n<script type=\"application\/ld+json\" class=\"yoast-schema-graph\">{\"@context\":\"https:\/\/schema.org\",\"@graph\":[{\"@type\":\"Article\",\"@id\":\"https:\/\/www.mpppst.gob.ve\/mpppstweb\/index.php\/2021\/06\/16\/jornada-de-cedulacion-electoral-inicio-con-mas-de-30-mil-venezolanos\/#article\",\"isPartOf\":{\"@id\":\"https:\/\/www.mpppst.gob.ve\/mpppstweb\/index.php\/2021\/06\/16\/jornada-de-cedulacion-electoral-inicio-con-mas-de-30-mil-venezolanos\/\"},\"author\":{\"name\":\"MPPPST Prensa\",\"@id\":\"https:\/\/www.mpppst.gob.ve\/mpppstweb\/#\/schema\/person\/fc187ee8ead412bd4c9304b62f900ea4\"},\"headline\":\"Jornada de Cedulaci\u00f3n Electoral inici\u00f3 con m\u00e1s de 30 mil venezolanos\",\"datePublished\":\"2021-06-16T12:37:44+00:00\",\"dateModified\":\"2021-06-16T12:37:45+00:00\",\"mainEntityOfPage\":{\"@id\":\"https:\/\/www.mpppst.gob.ve\/mpppstweb\/index.php\/2021\/06\/16\/jornada-de-cedulacion-electoral-inicio-con-mas-de-30-mil-venezolanos\/\"},\"wordCount\":253,\"publisher\":{\"@id\":\"https:\/\/www.mpppst.gob.ve\/mpppstweb\/#organization\"},\"image\":{\"@id\":\"https:\/\/www.mpppst.gob.ve\/mpppstweb\/index.php\/2021\/06\/16\/jornada-de-cedulacion-electoral-inicio-con-mas-de-30-mil-venezolanos\/#primaryimage\"},\"thumbnailUrl\":\"https:\/\/www.mpppst.gob.ve\/mpppstweb\/wp-content\/uploads\/2021\/06\/jornada-de-cedulacion-electoral-venezolanos-768x427-1.jpg\",\"articleSection\":[\"Gobierno Nacional\",\"Noticias\"],\"inLanguage\":\"es\"},{\"@type\":\"WebPage\",\"@id\":\"https:\/\/www.mpppst.gob.ve\/mpppstweb\/index.php\/2021\/06\/16\/jornada-de-cedulacion-electoral-inicio-con-mas-de-30-mil-venezolanos\/\",\"url\":\"https:\/\/www.mpppst.gob.ve\/mpppstweb\/index.php\/2021\/06\/16\/jornada-de-cedulacion-electoral-inicio-con-mas-de-30-mil-venezolanos\/\",\"name\":\"Jornada de Cedulaci\u00f3n Electoral inici\u00f3 con m\u00e1s de 30 mil venezolanos - MPPPST\",\"isPartOf\":{\"@id\":\"https:\/\/www.mpppst.gob.ve\/mpppstweb\/#website\"},\"primaryImageOfPage\":{\"@id\":\"https:\/\/www.mpppst.gob.ve\/mpppstweb\/index.php\/2021\/06\/16\/jornada-de-cedulacion-electoral-inicio-con-mas-de-30-mil-venezolanos\/#primaryimage\"},\"image\":{\"@id\":\"https:\/\/www.mpppst.gob.ve\/mpppstweb\/index.php\/2021\/06\/16\/jornada-de-cedulacion-electoral-inicio-con-mas-de-30-mil-venezolanos\/#primaryimage\"},\"thumbnailUrl\":\"https:\/\/www.mpppst.gob.ve\/mpppstweb\/wp-content\/uploads\/2021\/06\/jornada-de-cedulacion-electoral-venezolanos-768x427-1.jpg\",\"datePublished\":\"2021-06-16T12:37:44+00:00\",\"dateModified\":\"2021-06-16T12:37:45+00:00\",\"breadcrumb\":{\"@id\":\"https:\/\/www.mpppst.gob.ve\/mpppstweb\/index.php\/2021\/06\/16\/jornada-de-cedulacion-electoral-inicio-con-mas-de-30-mil-venezolanos\/#breadcrumb\"},\"inLanguage\":\"es\",\"potentialAction\":[{\"@type\":\"ReadAction\",\"target\":[\"https:\/\/www.mpppst.gob.ve\/mpppstweb\/index.php\/2021\/06\/16\/jornada-de-cedulacion-electoral-inicio-con-mas-de-30-mil-venezolanos\/\"]}]},{\"@type\":\"ImageObject\",\"inLanguage\":\"es\",\"@id\":\"https:\/\/www.mpppst.gob.ve\/mpppstweb\/index.php\/2021\/06\/16\/jornada-de-cedulacion-electoral-inicio-con-mas-de-30-mil-venezolanos\/#primaryimage\",\"url\":\"https:\/\/www.mpppst.gob.ve\/mpppstweb\/wp-content\/uploads\/2021\/06\/jornada-de-cedulacion-electoral-venezolanos-768x427-1.jpg\",\"contentUrl\":\"https:\/\/www.mpppst.gob.ve\/mpppstweb\/wp-content\/uploads\/2021\/06\/jornada-de-cedulacion-electoral-venezolanos-768x427-1.jpg\",\"width\":768,\"height\":427},{\"@type\":\"BreadcrumbList\",\"@id\":\"https:\/\/www.mpppst.gob.ve\/mpppstweb\/index.php\/2021\/06\/16\/jornada-de-cedulacion-electoral-inicio-con-mas-de-30-mil-venezolanos\/#breadcrumb\",\"itemListElement\":[{\"@type\":\"ListItem\",\"position\":1,\"name\":\"Home\",\"item\":\"https:\/\/www.mpppst.gob.ve\/mpppstweb\/\"},{\"@type\":\"ListItem\",\"position\":2,\"name\":\"Jornada de Cedulaci\u00f3n Electoral inici\u00f3 con m\u00e1s de 30 mil venezolanos\"}]},{\"@type\":\"WebSite\",\"@id\":\"https:\/\/www.mpppst.gob.ve\/mpppstweb\/#website\",\"url\":\"https:\/\/www.mpppst.gob.ve\/mpppstweb\/\",\"name\":\"MPPPST\",\"description\":\"Ministerio del Poder Popular para el Proceso Social de Trabajo\",\"publisher\":{\"@id\":\"https:\/\/www.mpppst.gob.ve\/mpppstweb\/#organization\"},\"potentialAction\":[{\"@type\":\"SearchAction\",\"target\":{\"@type\":\"EntryPoint\",\"urlTemplate\":\"https:\/\/www.mpppst.gob.ve\/mpppstweb\/?s={search_term_string}\"},\"query-input\":\"required name=search_term_string\"}],\"inLanguage\":\"es\"},{\"@type\":\"Organization\",\"@id\":\"https:\/\/www.mpppst.gob.ve\/mpppstweb\/#organization\",\"name\":\"mpppst\",\"url\":\"https:\/\/www.mpppst.gob.ve\/mpppstweb\/\",\"logo\":{\"@type\":\"ImageObject\",\"inLanguage\":\"es\",\"@id\":\"https:\/\/www.mpppst.gob.ve\/mpppstweb\/#\/schema\/logo\/image\/\",\"url\":\"https:\/\/www.mpppst.gob.ve\/mpppstweb\/wp-content\/uploads\/2025\/07\/cropped-cropped-g910.png\",\"contentUrl\":\"https:\/\/www.mpppst.gob.ve\/mpppstweb\/wp-content\/uploads\/2025\/07\/cropped-cropped-g910.png\",\"width\":1080,\"height\":241,\"caption\":\"mpppst\"},\"image\":{\"@id\":\"https:\/\/www.mpppst.gob.ve\/mpppstweb\/#\/schema\/logo\/image\/\"}},{\"@type\":\"Person\",\"@id\":\"https:\/\/www.mpppst.gob.ve\/mpppstweb\/#\/schema\/person\/fc187ee8ead412bd4c9304b62f900ea4\",\"name\":\"MPPPST Prensa\",\"url\":\"https:\/\/www.mpppst.gob.ve\/mpppstweb\/index.php\/author\/prensa-mpppst\/\"}]}<\/script>\n<!-- \/ Yoast SEO plugin. -->","yoast_head_json":{"title":"Jornada de Cedulaci\u00f3n Electoral inici\u00f3 con m\u00e1s de 30 mil venezolanos - MPPPST","robots":{"index":"index","follow":"follow","max-snippet":"max-snippet:-1","max-image-preview":"max-image-preview:large","max-video-preview":"max-video-preview:-1"},"canonical":"https:\/\/www.mpppst.gob.ve\/mpppstweb\/index.php\/2021\/06\/16\/jornada-de-cedulacion-electoral-inicio-con-mas-de-30-mil-venezolanos\/","og_locale":"es_ES","og_type":"article","og_title":"Jornada de Cedulaci\u00f3n Electoral inici\u00f3 con m\u00e1s de 30 mil venezolanos - MPPPST","og_description":"Un total de 30.556 venezolanos han asistido a las sedes del Servicio Administrativo de Identificaci\u00f3n Migraci\u00f3n &hellip; Jornada de Cedulaci\u00f3n Electoral inici\u00f3 con m\u00e1s de 30 mil venezolanosRead more","og_url":"https:\/\/www.mpppst.gob.ve\/mpppstweb\/index.php\/2021\/06\/16\/jornada-de-cedulacion-electoral-inicio-con-mas-de-30-mil-venezolanos\/","og_site_name":"MPPPST","article_published_time":"2021-06-16T12:37:44+00:00","article_modified_time":"2021-06-16T12:37:45+00:00","og_image":[{"width":768,"height":427,"url":"https:\/\/www.mpppst.gob.ve\/mpppstweb\/wp-content\/uploads\/2021\/06\/jornada-de-cedulacion-electoral-venezolanos-768x427-1.jpg","type":"image\/jpeg"}],"author":"MPPPST Prensa","twitter_card":"summary_large_image","twitter_misc":{"Escrito por":"MPPPST Prensa","Tiempo de lectura":"1 minuto"},"schema":{"@context":"https:\/\/schema.org","@graph":[{"@type":"Article","@id":"https:\/\/www.mpppst.gob.ve\/mpppstweb\/index.php\/2021\/06\/16\/jornada-de-cedulacion-electoral-inicio-con-mas-de-30-mil-venezolanos\/#article","isPartOf":{"@id":"https:\/\/www.mpppst.gob.ve\/mpppstweb\/index.php\/2021\/06\/16\/jornada-de-cedulacion-electoral-inicio-con-mas-de-30-mil-venezolanos\/"},"author":{"name":"MPPPST Prensa","@id":"https:\/\/www.mpppst.gob.ve\/mpppstweb\/#\/schema\/person\/fc187ee8ead412bd4c9304b62f900ea4"},"headline":"Jornada de Cedulaci\u00f3n Electoral inici\u00f3 con m\u00e1s de 30 mil venezolanos","datePublished":"2021-06-16T12:37:44+00:00","dateModified":"2021-06-16T12:37:45+00:00","mainEntityOfPage":{"@id":"https:\/\/www.mpppst.gob.ve\/mpppstweb\/index.php\/2021\/06\/16\/jornada-de-cedulacion-electoral-inicio-con-mas-de-30-mil-venezolanos\/"},"wordCount":253,"publisher":{"@id":"https:\/\/www.mpppst.gob.ve\/mpppstweb\/#organization"},"image":{"@id":"https:\/\/www.mpppst.gob.ve\/mpppstweb\/index.php\/2021\/06\/16\/jornada-de-cedulacion-electoral-inicio-con-mas-de-30-mil-venezolanos\/#primaryimage"},"thumbnailUrl":"https:\/\/www.mpppst.gob.ve\/mpppstweb\/wp-content\/uploads\/2021\/06\/jornada-de-cedulacion-electoral-venezolanos-768x427-1.jpg","articleSection":["Gobierno Nacional","Noticias"],"inLanguage":"es"},{"@type":"WebPage","@id":"https:\/\/www.mpppst.gob.ve\/mpppstweb\/index.php\/2021\/06\/16\/jornada-de-cedulacion-electoral-inicio-con-mas-de-30-mil-venezolanos\/","url":"https:\/\/www.mpppst.gob.ve\/mpppstweb\/index.php\/2021\/06\/16\/jornada-de-cedulacion-electoral-inicio-con-mas-de-30-mil-venezolanos\/","name":"Jornada de Cedulaci\u00f3n Electoral inici\u00f3 con m\u00e1s de 30 mil venezolanos - MPPPST","isPartOf":{"@id":"https:\/\/www.mpppst.gob.ve\/mpppstweb\/#website"},"primaryImageOfPage":{"@id":"https:\/\/www.mpppst.gob.ve\/mpppstweb\/index.php\/2021\/06\/16\/jornada-de-cedulacion-electoral-inicio-con-mas-de-30-mil-venezolanos\/#primaryimage"},"image":{"@id":"https:\/\/www.mpppst.gob.ve\/mpppstweb\/index.php\/2021\/06\/16\/jornada-de-cedulacion-electoral-inicio-con-mas-de-30-mil-venezolanos\/#primaryimage"},"thumbnailUrl":"https:\/\/www.mpppst.gob.ve\/mpppstweb\/wp-content\/uploads\/2021\/06\/jornada-de-cedulacion-electoral-venezolanos-768x427-1.jpg","datePublished":"2021-06-16T12:37:44+00:00","dateModified":"2021-06-16T12:37:45+00:00","breadcrumb":{"@id":"https:\/\/www.mpppst.gob.ve\/mpppstweb\/index.php\/2021\/06\/16\/jornada-de-cedulacion-electoral-inicio-con-mas-de-30-mil-venezolanos\/#breadcrumb"},"inLanguage":"es","potentialAction":[{"@type":"ReadAction","target":["https:\/\/www.mpppst.gob.ve\/mpppstweb\/index.php\/2021\/06\/16\/jornada-de-cedulacion-electoral-inicio-con-mas-de-30-mil-venezolanos\/"]}]},{"@type":"ImageObject","inLanguage":"es","@id":"https:\/\/www.mpppst.gob.ve\/mpppstweb\/index.php\/2021\/06\/16\/jornada-de-cedulacion-electoral-inicio-con-mas-de-30-mil-venezolanos\/#primaryimage","url":"https:\/\/www.mpppst.gob.ve\/mpppstweb\/wp-content\/uploads\/2021\/06\/jornada-de-cedulacion-electoral-venezolanos-768x427-1.jpg","contentUrl":"https:\/\/www.mpppst.gob.ve\/mpppstweb\/wp-content\/uploads\/2021\/06\/jornada-de-cedulacion-electoral-venezolanos-768x427-1.jpg","width":768,"height":427},{"@type":"BreadcrumbList","@id":"https:\/\/www.mpppst.gob.ve\/mpppstweb\/index.php\/2021\/06\/16\/jornada-de-cedulacion-electoral-inicio-con-mas-de-30-mil-venezolanos\/#breadcrumb","itemListElement":[{"@type":"ListItem","position":1,"name":"Home","item":"https:\/\/www.mpppst.gob.ve\/mpppstweb\/"},{"@type":"ListItem","position":2,"name":"Jornada de Cedulaci\u00f3n Electoral inici\u00f3 con m\u00e1s de 30 mil venezolanos"}]},{"@type":"WebSite","@id":"https:\/\/www.mpppst.gob.ve\/mpppstweb\/#website","url":"https:\/\/www.mpppst.gob.ve\/mpppstweb\/","name":"MPPPST","description":"Ministerio del Poder Popular para el Proceso Social de Trabajo","publisher":{"@id":"https:\/\/www.mpppst.gob.ve\/mpppstweb\/#organization"},"potentialAction":[{"@type":"SearchAction","target":{"@type":"EntryPoint","urlTemplate":"https:\/\/www.mpppst.gob.ve\/mpppstweb\/?s={search_term_string}"},"query-input":"required name=search_term_string"}],"inLanguage":"es"},{"@type":"Organization","@id":"https:\/\/www.mpppst.gob.ve\/mpppstweb\/#organization","name":"mpppst","url":"https:\/\/www.mpppst.gob.ve\/mpppstweb\/","logo":{"@type":"ImageObject","inLanguage":"es","@id":"https:\/\/www.mpppst.gob.ve\/mpppstweb\/#\/schema\/logo\/image\/","url":"https:\/\/www.mpppst.gob.ve\/mpppstweb\/wp-content\/uploads\/2025\/07\/cropped-cropped-g910.png","contentUrl":"https:\/\/www.mpppst.gob.ve\/mpppstweb\/wp-content\/uploads\/2025\/07\/cropped-cropped-g910.png","width":1080,"height":241,"caption":"mpppst"},"image":{"@id":"https:\/\/www.mpppst.gob.ve\/mpppstweb\/#\/schema\/logo\/image\/"}},{"@type":"Person","@id":"https:\/\/www.mpppst.gob.ve\/mpppstweb\/#\/schema\/person\/fc187ee8ead412bd4c9304b62f900ea4","name":"MPPPST Prensa","url":"https:\/\/www.mpppst.gob.ve\/mpppstweb\/index.php\/author\/prensa-mpppst\/"}]}},"_links":{"self":[{"href":"https:\/\/www.mpppst.gob.ve\/mpppstweb\/index.php\/wp-json\/wp\/v2\/posts\/22633"}],"collection":[{"href":"https:\/\/www.mpppst.gob.ve\/mpppstweb\/index.php\/wp-json\/wp\/v2\/posts"}],"about":[{"href":"https:\/\/www.mpppst.gob.ve\/mpppstweb\/index.php\/wp-json\/wp\/v2\/types\/post"}],"author":[{"embeddable":true,"href":"https:\/\/www.mpppst.gob.ve\/mpppstweb\/index.php\/wp-json\/wp\/v2\/users\/25"}],"replies":[{"embeddable":true,"href":"https:\/\/www.mpppst.gob.ve\/mpppstweb\/index.php\/wp-json\/wp\/v2\/comments?post=22633"}],"version-history":[{"count":1,"href":"https:\/\/www.mpppst.gob.ve\/mpppstweb\/index.php\/wp-json\/wp\/v2\/posts\/22633\/revisions"}],"predecessor-version":[{"id":22635,"href":"https:\/\/www.mpppst.gob.ve\/mpppstweb\/index.php\/wp-json\/wp\/v2\/posts\/22633\/revisions\/22635"}],"wp:featuredmedia":[{"embeddable":true,"href":"https:\/\/www.mpppst.gob.ve\/mpppstweb\/index.php\/wp-json\/wp\/v2\/media\/22634"}],"wp:attachment":[{"href":"https:\/\/www.mpppst.gob.ve\/mpppstweb\/index.php\/wp-json\/wp\/v2\/media?parent=22633"}],"wp:term":[{"taxonomy":"category","embeddable":true,"href":"https:\/\/www.mpppst.gob.ve\/mpppstweb\/index.php\/wp-json\/wp\/v2\/categories?post=22633"},{"taxonomy":"post_tag","embeddable":true,"href":"https:\/\/www.mpppst.gob.ve\/mpppstweb\/index.php\/wp-json\/wp\/v2\/tags?post=22633"}],"curies":[{"name":"wp","href":"https:\/\/api.w.org\/{rel}","templated":true}]}}