{"id":22645,"date":"2021-06-17T09:40:27","date_gmt":"2021-06-17T13:40:27","guid":{"rendered":"http:\/\/www.mpppst.gob.ve\/mpppstweb\/?p=22645"},"modified":"2021-06-17T09:40:28","modified_gmt":"2021-06-17T13:40:28","slug":"privan-de-libertad-a-8-personas-entre-ellos-3-funcionarios-del-ministerio-de-economia-y-finanzas-por-actos-de-corrupcion","status":"publish","type":"post","link":"https:\/\/www.mpppst.gob.ve\/mpppstweb\/index.php\/2021\/06\/17\/privan-de-libertad-a-8-personas-entre-ellos-3-funcionarios-del-ministerio-de-economia-y-finanzas-por-actos-de-corrupcion\/","title":{"rendered":"Privan de libertad a 8 personas entre ellos 3 funcionarios del Ministerio de Econom\u00eda y Finanzas por actos de corrupci\u00f3n"},"content":{"rendered":"\n<p>Este mi\u00e9rcoles, el fiscal general de la Rep\u00fablica, Tarek William Saab, anunci\u00f3 al pa\u00eds sobre la detenci\u00f3n y privaci\u00f3n de libertad de 8 ciudadanos entre ellos 3 funcionarios del Ministerio del Poder Popular para Econom\u00eda y Finanzas por la sustracci\u00f3n de altas sumas de dinero de este ente.<\/p>\n\n\n\n<p>\u201cHemos ubicado varias tramas de funcionarios p\u00fablicos ajenos al c\u00f3digo de \u00e9tica. Hay que rese\u00f1ar tambi\u00e9n que hemos actuado de forma ejemplar, m\u00e1s all\u00e1 de cualquier error, con el fin de mejorar para beneficio de todos\u201d, destac\u00f3 Saab.<\/p>\n\n\n\n<p>Explic\u00f3 que la investigaci\u00f3n impulsada por el Ministerio P\u00fablico arroj\u00f3 que estas personas tambi\u00e9n incurrieron en la instalaci\u00f3n ilegal de un software en una computadora del Fondo de Desarrollo Nacional, que les permit\u00eda tener acceso a cuentas de usuario y contrase\u00f1as bancarias.<\/p>\n\n\n\n<p>Asimismo se\u00f1al\u00f3 que uno de los implicados Jonathan Jos\u00e9 Flores Estrada, se encuentra actualmente en Espa\u00f1a; trabaj\u00f3 en el Ministerio de Econom\u00eda y Finanzas con Anthony Carre\u00f1o.<\/p>\n\n\n\n<p>\u201cDurante este tiempo instalaron en uno de los ordenadores del referido Ministerio un programa denominado AnyDesk, a trav\u00e9s del cual ten\u00edan un acceso remoto desde cualquier lugar para la manipulaci\u00f3n de los sistemas propios del Ministerio de Econom\u00eda y Finanzas\u201d, indic\u00f3.<\/p>\n\n\n\n<p>Manifest\u00f3 que mediante la informaci\u00f3n obtenida, Flores Estrada realiz\u00f3 transferencias bancarias desde cuentas del Ministerio y del Fondo de Desarrollo Nacional hacia cuentas de personas jur\u00eddicas y\/o naturales que ped\u00edan prestadas, \u201cluego desviaban el dinero recibido a varias cuentas de terceros o compraban d\u00f3lares en el mercado ilegal, para legitimar as\u00ed el dinero sustra\u00eddo ilegalmente\u201d.<\/p>\n\n\n\n<p>Los detenidos son Keberlin Zerpa, Edinson P\u00e9rez, Winxer Su\u00e1rez, Reinaldo Sivira, Abrahan S\u00e1nchez, Anthony Carre\u00f1o (quien instal\u00f3 AnyDesk y laboraba en el \u00e1rea tecnol\u00f3gica del Ministerio del Poder Popular Para la Econom\u00eda y Finanzas).<\/p>\n\n\n\n<p>Adem\u00e1s de Milexi Torres (laboraba en el \u00e1rea de Contadur\u00eda del Ministerio) y Karen Rond\u00f3n (tambi\u00e9n laboraba en el Ministerio del Poder Popular para la Econom\u00eda y Finanzas).<\/p>\n\n\n\n<p>Adicionalmente a Anthony Carre\u00f1o, Milexi Torres y Karen Rond\u00f3n se les imputaron los delitos de peculado doloso propio y uso indebido de la informaci\u00f3n.<\/p>\n\n\n\n<p>Los detenidos han sido presentados por los delitos de legitimaci\u00f3n de capitales, acceso indebido, fraude y asociaci\u00f3n.<\/p>\n\n\n\n<p>\u201cEstas 8 personas quedaron privadas de libertad. Adem\u00e1s, se solicit\u00f3 orden de aprehensi\u00f3n contra Jonathan Flores, a quien se solicitar\u00e1 alerta roja de Interpol y la extradici\u00f3n\u201d, puntualiz\u00f3.<\/p>\n","protected":false},"excerpt":{"rendered":"<p>Este mi\u00e9rcoles, el fiscal general de la Rep\u00fablica, Tarek William Saab, anunci\u00f3 al pa\u00eds sobre la &hellip; <a title=\"Privan de libertad a 8 personas entre ellos 3 funcionarios del Ministerio de Econom\u00eda y Finanzas por actos de corrupci\u00f3n\" class=\"hm-read-more\" href=\"https:\/\/www.mpppst.gob.ve\/mpppstweb\/index.php\/2021\/06\/17\/privan-de-libertad-a-8-personas-entre-ellos-3-funcionarios-del-ministerio-de-economia-y-finanzas-por-actos-de-corrupcion\/\"><span class=\"screen-reader-text\">Privan de libertad a 8 personas entre ellos 3 funcionarios del Ministerio de Econom\u00eda y Finanzas por actos de corrupci\u00f3n<\/span>Read more<\/a><\/p>\n","protected":false},"author":25,"featured_media":22646,"comment_status":"closed","ping_status":"closed","sticky":false,"template":"","format":"standard","meta":{"footnotes":""},"categories":[82,163],"tags":[],"yoast_head":"<!-- This site is optimized with the Yoast SEO plugin v22.5 - https:\/\/yoast.com\/wordpress\/plugins\/seo\/ -->\n<title>Privan de libertad a 8 personas entre ellos 3 funcionarios del Ministerio de Econom\u00eda y Finanzas por actos de corrupci\u00f3n - MPPPST<\/title>\n<meta name=\"robots\" content=\"index, follow, max-snippet:-1, max-image-preview:large, max-video-preview:-1\" \/>\n<link rel=\"canonical\" href=\"https:\/\/www.mpppst.gob.ve\/mpppstweb\/index.php\/2021\/06\/17\/privan-de-libertad-a-8-personas-entre-ellos-3-funcionarios-del-ministerio-de-economia-y-finanzas-por-actos-de-corrupcion\/\" \/>\n<meta property=\"og:locale\" content=\"es_ES\" \/>\n<meta property=\"og:type\" content=\"article\" \/>\n<meta property=\"og:title\" content=\"Privan de libertad a 8 personas entre ellos 3 funcionarios del Ministerio de Econom\u00eda y Finanzas por actos de corrupci\u00f3n - MPPPST\" \/>\n<meta property=\"og:description\" content=\"Este mi\u00e9rcoles, el fiscal general de la Rep\u00fablica, Tarek William Saab, anunci\u00f3 al pa\u00eds sobre la &hellip; Privan de libertad a 8 personas entre ellos 3 funcionarios del Ministerio de Econom\u00eda y Finanzas por actos de corrupci\u00f3nRead more\" \/>\n<meta property=\"og:url\" content=\"https:\/\/www.mpppst.gob.ve\/mpppstweb\/index.php\/2021\/06\/17\/privan-de-libertad-a-8-personas-entre-ellos-3-funcionarios-del-ministerio-de-economia-y-finanzas-por-actos-de-corrupcion\/\" \/>\n<meta property=\"og:site_name\" content=\"MPPPST\" \/>\n<meta property=\"article:published_time\" content=\"2021-06-17T13:40:27+00:00\" \/>\n<meta property=\"article:modified_time\" content=\"2021-06-17T13:40:28+00:00\" \/>\n<meta property=\"og:image\" content=\"https:\/\/www.mpppst.gob.ve\/mpppstweb\/wp-content\/uploads\/2021\/06\/Privadas-libertad-personas-funcionarios-Ministerio-Economia-Finanzas-corrupcion-768x427-1.jpg\" \/>\n\t<meta property=\"og:image:width\" content=\"768\" \/>\n\t<meta property=\"og:image:height\" content=\"427\" \/>\n\t<meta property=\"og:image:type\" content=\"image\/jpeg\" \/>\n<meta name=\"author\" content=\"MPPPST Prensa\" \/>\n<meta name=\"twitter:card\" content=\"summary_large_image\" \/>\n<meta name=\"twitter:label1\" content=\"Escrito por\" \/>\n\t<meta name=\"twitter:data1\" content=\"MPPPST Prensa\" \/>\n\t<meta name=\"twitter:label2\" content=\"Tiempo de lectura\" \/>\n\t<meta name=\"twitter:data2\" content=\"2 minutos\" \/>\n<script type=\"application\/ld+json\" class=\"yoast-schema-graph\">{\"@context\":\"https:\/\/schema.org\",\"@graph\":[{\"@type\":\"Article\",\"@id\":\"https:\/\/www.mpppst.gob.ve\/mpppstweb\/index.php\/2021\/06\/17\/privan-de-libertad-a-8-personas-entre-ellos-3-funcionarios-del-ministerio-de-economia-y-finanzas-por-actos-de-corrupcion\/#article\",\"isPartOf\":{\"@id\":\"https:\/\/www.mpppst.gob.ve\/mpppstweb\/index.php\/2021\/06\/17\/privan-de-libertad-a-8-personas-entre-ellos-3-funcionarios-del-ministerio-de-economia-y-finanzas-por-actos-de-corrupcion\/\"},\"author\":{\"name\":\"MPPPST Prensa\",\"@id\":\"https:\/\/www.mpppst.gob.ve\/mpppstweb\/#\/schema\/person\/fc187ee8ead412bd4c9304b62f900ea4\"},\"headline\":\"Privan de libertad a 8 personas entre ellos 3 funcionarios del Ministerio de Econom\u00eda y Finanzas por actos de corrupci\u00f3n\",\"datePublished\":\"2021-06-17T13:40:27+00:00\",\"dateModified\":\"2021-06-17T13:40:28+00:00\",\"mainEntityOfPage\":{\"@id\":\"https:\/\/www.mpppst.gob.ve\/mpppstweb\/index.php\/2021\/06\/17\/privan-de-libertad-a-8-personas-entre-ellos-3-funcionarios-del-ministerio-de-economia-y-finanzas-por-actos-de-corrupcion\/\"},\"wordCount\":450,\"publisher\":{\"@id\":\"https:\/\/www.mpppst.gob.ve\/mpppstweb\/#organization\"},\"image\":{\"@id\":\"https:\/\/www.mpppst.gob.ve\/mpppstweb\/index.php\/2021\/06\/17\/privan-de-libertad-a-8-personas-entre-ellos-3-funcionarios-del-ministerio-de-economia-y-finanzas-por-actos-de-corrupcion\/#primaryimage\"},\"thumbnailUrl\":\"https:\/\/www.mpppst.gob.ve\/mpppstweb\/wp-content\/uploads\/2021\/06\/Privadas-libertad-personas-funcionarios-Ministerio-Economia-Finanzas-corrupcion-768x427-1.jpg\",\"articleSection\":[\"Gobierno Nacional\",\"Noticias\"],\"inLanguage\":\"es\"},{\"@type\":\"WebPage\",\"@id\":\"https:\/\/www.mpppst.gob.ve\/mpppstweb\/index.php\/2021\/06\/17\/privan-de-libertad-a-8-personas-entre-ellos-3-funcionarios-del-ministerio-de-economia-y-finanzas-por-actos-de-corrupcion\/\",\"url\":\"https:\/\/www.mpppst.gob.ve\/mpppstweb\/index.php\/2021\/06\/17\/privan-de-libertad-a-8-personas-entre-ellos-3-funcionarios-del-ministerio-de-economia-y-finanzas-por-actos-de-corrupcion\/\",\"name\":\"Privan de libertad a 8 personas entre ellos 3 funcionarios del Ministerio de Econom\u00eda y Finanzas por actos de corrupci\u00f3n - MPPPST\",\"isPartOf\":{\"@id\":\"https:\/\/www.mpppst.gob.ve\/mpppstweb\/#website\"},\"primaryImageOfPage\":{\"@id\":\"https:\/\/www.mpppst.gob.ve\/mpppstweb\/index.php\/2021\/06\/17\/privan-de-libertad-a-8-personas-entre-ellos-3-funcionarios-del-ministerio-de-economia-y-finanzas-por-actos-de-corrupcion\/#primaryimage\"},\"image\":{\"@id\":\"https:\/\/www.mpppst.gob.ve\/mpppstweb\/index.php\/2021\/06\/17\/privan-de-libertad-a-8-personas-entre-ellos-3-funcionarios-del-ministerio-de-economia-y-finanzas-por-actos-de-corrupcion\/#primaryimage\"},\"thumbnailUrl\":\"https:\/\/www.mpppst.gob.ve\/mpppstweb\/wp-content\/uploads\/2021\/06\/Privadas-libertad-personas-funcionarios-Ministerio-Economia-Finanzas-corrupcion-768x427-1.jpg\",\"datePublished\":\"2021-06-17T13:40:27+00:00\",\"dateModified\":\"2021-06-17T13:40:28+00:00\",\"breadcrumb\":{\"@id\":\"https:\/\/www.mpppst.gob.ve\/mpppstweb\/index.php\/2021\/06\/17\/privan-de-libertad-a-8-personas-entre-ellos-3-funcionarios-del-ministerio-de-economia-y-finanzas-por-actos-de-corrupcion\/#breadcrumb\"},\"inLanguage\":\"es\",\"potentialAction\":[{\"@type\":\"ReadAction\",\"target\":[\"https:\/\/www.mpppst.gob.ve\/mpppstweb\/index.php\/2021\/06\/17\/privan-de-libertad-a-8-personas-entre-ellos-3-funcionarios-del-ministerio-de-economia-y-finanzas-por-actos-de-corrupcion\/\"]}]},{\"@type\":\"ImageObject\",\"inLanguage\":\"es\",\"@id\":\"https:\/\/www.mpppst.gob.ve\/mpppstweb\/index.php\/2021\/06\/17\/privan-de-libertad-a-8-personas-entre-ellos-3-funcionarios-del-ministerio-de-economia-y-finanzas-por-actos-de-corrupcion\/#primaryimage\",\"url\":\"https:\/\/www.mpppst.gob.ve\/mpppstweb\/wp-content\/uploads\/2021\/06\/Privadas-libertad-personas-funcionarios-Ministerio-Economia-Finanzas-corrupcion-768x427-1.jpg\",\"contentUrl\":\"https:\/\/www.mpppst.gob.ve\/mpppstweb\/wp-content\/uploads\/2021\/06\/Privadas-libertad-personas-funcionarios-Ministerio-Economia-Finanzas-corrupcion-768x427-1.jpg\",\"width\":768,\"height\":427},{\"@type\":\"BreadcrumbList\",\"@id\":\"https:\/\/www.mpppst.gob.ve\/mpppstweb\/index.php\/2021\/06\/17\/privan-de-libertad-a-8-personas-entre-ellos-3-funcionarios-del-ministerio-de-economia-y-finanzas-por-actos-de-corrupcion\/#breadcrumb\",\"itemListElement\":[{\"@type\":\"ListItem\",\"position\":1,\"name\":\"Home\",\"item\":\"https:\/\/www.mpppst.gob.ve\/mpppstweb\/\"},{\"@type\":\"ListItem\",\"position\":2,\"name\":\"Privan de libertad a 8 personas entre ellos 3 funcionarios del Ministerio de Econom\u00eda y Finanzas por actos de corrupci\u00f3n\"}]},{\"@type\":\"WebSite\",\"@id\":\"https:\/\/www.mpppst.gob.ve\/mpppstweb\/#website\",\"url\":\"https:\/\/www.mpppst.gob.ve\/mpppstweb\/\",\"name\":\"MPPPST\",\"description\":\"Ministerio del Poder Popular para el Proceso Social de Trabajo\",\"publisher\":{\"@id\":\"https:\/\/www.mpppst.gob.ve\/mpppstweb\/#organization\"},\"potentialAction\":[{\"@type\":\"SearchAction\",\"target\":{\"@type\":\"EntryPoint\",\"urlTemplate\":\"https:\/\/www.mpppst.gob.ve\/mpppstweb\/?s={search_term_string}\"},\"query-input\":\"required name=search_term_string\"}],\"inLanguage\":\"es\"},{\"@type\":\"Organization\",\"@id\":\"https:\/\/www.mpppst.gob.ve\/mpppstweb\/#organization\",\"name\":\"mpppst\",\"url\":\"https:\/\/www.mpppst.gob.ve\/mpppstweb\/\",\"logo\":{\"@type\":\"ImageObject\",\"inLanguage\":\"es\",\"@id\":\"https:\/\/www.mpppst.gob.ve\/mpppstweb\/#\/schema\/logo\/image\/\",\"url\":\"https:\/\/www.mpppst.gob.ve\/mpppstweb\/wp-content\/uploads\/2025\/07\/cropped-cropped-g910.png\",\"contentUrl\":\"https:\/\/www.mpppst.gob.ve\/mpppstweb\/wp-content\/uploads\/2025\/07\/cropped-cropped-g910.png\",\"width\":1080,\"height\":241,\"caption\":\"mpppst\"},\"image\":{\"@id\":\"https:\/\/www.mpppst.gob.ve\/mpppstweb\/#\/schema\/logo\/image\/\"}},{\"@type\":\"Person\",\"@id\":\"https:\/\/www.mpppst.gob.ve\/mpppstweb\/#\/schema\/person\/fc187ee8ead412bd4c9304b62f900ea4\",\"name\":\"MPPPST Prensa\",\"url\":\"https:\/\/www.mpppst.gob.ve\/mpppstweb\/index.php\/author\/prensa-mpppst\/\"}]}<\/script>\n<!-- \/ Yoast SEO plugin. -->","yoast_head_json":{"title":"Privan de libertad a 8 personas entre ellos 3 funcionarios del Ministerio de Econom\u00eda y Finanzas por actos de corrupci\u00f3n - MPPPST","robots":{"index":"index","follow":"follow","max-snippet":"max-snippet:-1","max-image-preview":"max-image-preview:large","max-video-preview":"max-video-preview:-1"},"canonical":"https:\/\/www.mpppst.gob.ve\/mpppstweb\/index.php\/2021\/06\/17\/privan-de-libertad-a-8-personas-entre-ellos-3-funcionarios-del-ministerio-de-economia-y-finanzas-por-actos-de-corrupcion\/","og_locale":"es_ES","og_type":"article","og_title":"Privan de libertad a 8 personas entre ellos 3 funcionarios del Ministerio de Econom\u00eda y Finanzas por actos de corrupci\u00f3n - MPPPST","og_description":"Este mi\u00e9rcoles, el fiscal general de la Rep\u00fablica, Tarek William Saab, anunci\u00f3 al pa\u00eds sobre la &hellip; Privan de libertad a 8 personas entre ellos 3 funcionarios del Ministerio de Econom\u00eda y Finanzas por actos de corrupci\u00f3nRead more","og_url":"https:\/\/www.mpppst.gob.ve\/mpppstweb\/index.php\/2021\/06\/17\/privan-de-libertad-a-8-personas-entre-ellos-3-funcionarios-del-ministerio-de-economia-y-finanzas-por-actos-de-corrupcion\/","og_site_name":"MPPPST","article_published_time":"2021-06-17T13:40:27+00:00","article_modified_time":"2021-06-17T13:40:28+00:00","og_image":[{"width":768,"height":427,"url":"https:\/\/www.mpppst.gob.ve\/mpppstweb\/wp-content\/uploads\/2021\/06\/Privadas-libertad-personas-funcionarios-Ministerio-Economia-Finanzas-corrupcion-768x427-1.jpg","type":"image\/jpeg"}],"author":"MPPPST Prensa","twitter_card":"summary_large_image","twitter_misc":{"Escrito por":"MPPPST Prensa","Tiempo de lectura":"2 minutos"},"schema":{"@context":"https:\/\/schema.org","@graph":[{"@type":"Article","@id":"https:\/\/www.mpppst.gob.ve\/mpppstweb\/index.php\/2021\/06\/17\/privan-de-libertad-a-8-personas-entre-ellos-3-funcionarios-del-ministerio-de-economia-y-finanzas-por-actos-de-corrupcion\/#article","isPartOf":{"@id":"https:\/\/www.mpppst.gob.ve\/mpppstweb\/index.php\/2021\/06\/17\/privan-de-libertad-a-8-personas-entre-ellos-3-funcionarios-del-ministerio-de-economia-y-finanzas-por-actos-de-corrupcion\/"},"author":{"name":"MPPPST Prensa","@id":"https:\/\/www.mpppst.gob.ve\/mpppstweb\/#\/schema\/person\/fc187ee8ead412bd4c9304b62f900ea4"},"headline":"Privan de libertad a 8 personas entre ellos 3 funcionarios del Ministerio de Econom\u00eda y Finanzas por actos de corrupci\u00f3n","datePublished":"2021-06-17T13:40:27+00:00","dateModified":"2021-06-17T13:40:28+00:00","mainEntityOfPage":{"@id":"https:\/\/www.mpppst.gob.ve\/mpppstweb\/index.php\/2021\/06\/17\/privan-de-libertad-a-8-personas-entre-ellos-3-funcionarios-del-ministerio-de-economia-y-finanzas-por-actos-de-corrupcion\/"},"wordCount":450,"publisher":{"@id":"https:\/\/www.mpppst.gob.ve\/mpppstweb\/#organization"},"image":{"@id":"https:\/\/www.mpppst.gob.ve\/mpppstweb\/index.php\/2021\/06\/17\/privan-de-libertad-a-8-personas-entre-ellos-3-funcionarios-del-ministerio-de-economia-y-finanzas-por-actos-de-corrupcion\/#primaryimage"},"thumbnailUrl":"https:\/\/www.mpppst.gob.ve\/mpppstweb\/wp-content\/uploads\/2021\/06\/Privadas-libertad-personas-funcionarios-Ministerio-Economia-Finanzas-corrupcion-768x427-1.jpg","articleSection":["Gobierno Nacional","Noticias"],"inLanguage":"es"},{"@type":"WebPage","@id":"https:\/\/www.mpppst.gob.ve\/mpppstweb\/index.php\/2021\/06\/17\/privan-de-libertad-a-8-personas-entre-ellos-3-funcionarios-del-ministerio-de-economia-y-finanzas-por-actos-de-corrupcion\/","url":"https:\/\/www.mpppst.gob.ve\/mpppstweb\/index.php\/2021\/06\/17\/privan-de-libertad-a-8-personas-entre-ellos-3-funcionarios-del-ministerio-de-economia-y-finanzas-por-actos-de-corrupcion\/","name":"Privan de libertad a 8 personas entre ellos 3 funcionarios del Ministerio de Econom\u00eda y Finanzas por actos de corrupci\u00f3n - MPPPST","isPartOf":{"@id":"https:\/\/www.mpppst.gob.ve\/mpppstweb\/#website"},"primaryImageOfPage":{"@id":"https:\/\/www.mpppst.gob.ve\/mpppstweb\/index.php\/2021\/06\/17\/privan-de-libertad-a-8-personas-entre-ellos-3-funcionarios-del-ministerio-de-economia-y-finanzas-por-actos-de-corrupcion\/#primaryimage"},"image":{"@id":"https:\/\/www.mpppst.gob.ve\/mpppstweb\/index.php\/2021\/06\/17\/privan-de-libertad-a-8-personas-entre-ellos-3-funcionarios-del-ministerio-de-economia-y-finanzas-por-actos-de-corrupcion\/#primaryimage"},"thumbnailUrl":"https:\/\/www.mpppst.gob.ve\/mpppstweb\/wp-content\/uploads\/2021\/06\/Privadas-libertad-personas-funcionarios-Ministerio-Economia-Finanzas-corrupcion-768x427-1.jpg","datePublished":"2021-06-17T13:40:27+00:00","dateModified":"2021-06-17T13:40:28+00:00","breadcrumb":{"@id":"https:\/\/www.mpppst.gob.ve\/mpppstweb\/index.php\/2021\/06\/17\/privan-de-libertad-a-8-personas-entre-ellos-3-funcionarios-del-ministerio-de-economia-y-finanzas-por-actos-de-corrupcion\/#breadcrumb"},"inLanguage":"es","potentialAction":[{"@type":"ReadAction","target":["https:\/\/www.mpppst.gob.ve\/mpppstweb\/index.php\/2021\/06\/17\/privan-de-libertad-a-8-personas-entre-ellos-3-funcionarios-del-ministerio-de-economia-y-finanzas-por-actos-de-corrupcion\/"]}]},{"@type":"ImageObject","inLanguage":"es","@id":"https:\/\/www.mpppst.gob.ve\/mpppstweb\/index.php\/2021\/06\/17\/privan-de-libertad-a-8-personas-entre-ellos-3-funcionarios-del-ministerio-de-economia-y-finanzas-por-actos-de-corrupcion\/#primaryimage","url":"https:\/\/www.mpppst.gob.ve\/mpppstweb\/wp-content\/uploads\/2021\/06\/Privadas-libertad-personas-funcionarios-Ministerio-Economia-Finanzas-corrupcion-768x427-1.jpg","contentUrl":"https:\/\/www.mpppst.gob.ve\/mpppstweb\/wp-content\/uploads\/2021\/06\/Privadas-libertad-personas-funcionarios-Ministerio-Economia-Finanzas-corrupcion-768x427-1.jpg","width":768,"height":427},{"@type":"BreadcrumbList","@id":"https:\/\/www.mpppst.gob.ve\/mpppstweb\/index.php\/2021\/06\/17\/privan-de-libertad-a-8-personas-entre-ellos-3-funcionarios-del-ministerio-de-economia-y-finanzas-por-actos-de-corrupcion\/#breadcrumb","itemListElement":[{"@type":"ListItem","position":1,"name":"Home","item":"https:\/\/www.mpppst.gob.ve\/mpppstweb\/"},{"@type":"ListItem","position":2,"name":"Privan de libertad a 8 personas entre ellos 3 funcionarios del Ministerio de Econom\u00eda y Finanzas por actos de corrupci\u00f3n"}]},{"@type":"WebSite","@id":"https:\/\/www.mpppst.gob.ve\/mpppstweb\/#website","url":"https:\/\/www.mpppst.gob.ve\/mpppstweb\/","name":"MPPPST","description":"Ministerio del Poder Popular para el Proceso Social de Trabajo","publisher":{"@id":"https:\/\/www.mpppst.gob.ve\/mpppstweb\/#organization"},"potentialAction":[{"@type":"SearchAction","target":{"@type":"EntryPoint","urlTemplate":"https:\/\/www.mpppst.gob.ve\/mpppstweb\/?s={search_term_string}"},"query-input":"required name=search_term_string"}],"inLanguage":"es"},{"@type":"Organization","@id":"https:\/\/www.mpppst.gob.ve\/mpppstweb\/#organization","name":"mpppst","url":"https:\/\/www.mpppst.gob.ve\/mpppstweb\/","logo":{"@type":"ImageObject","inLanguage":"es","@id":"https:\/\/www.mpppst.gob.ve\/mpppstweb\/#\/schema\/logo\/image\/","url":"https:\/\/www.mpppst.gob.ve\/mpppstweb\/wp-content\/uploads\/2025\/07\/cropped-cropped-g910.png","contentUrl":"https:\/\/www.mpppst.gob.ve\/mpppstweb\/wp-content\/uploads\/2025\/07\/cropped-cropped-g910.png","width":1080,"height":241,"caption":"mpppst"},"image":{"@id":"https:\/\/www.mpppst.gob.ve\/mpppstweb\/#\/schema\/logo\/image\/"}},{"@type":"Person","@id":"https:\/\/www.mpppst.gob.ve\/mpppstweb\/#\/schema\/person\/fc187ee8ead412bd4c9304b62f900ea4","name":"MPPPST Prensa","url":"https:\/\/www.mpppst.gob.ve\/mpppstweb\/index.php\/author\/prensa-mpppst\/"}]}},"_links":{"self":[{"href":"https:\/\/www.mpppst.gob.ve\/mpppstweb\/index.php\/wp-json\/wp\/v2\/posts\/22645"}],"collection":[{"href":"https:\/\/www.mpppst.gob.ve\/mpppstweb\/index.php\/wp-json\/wp\/v2\/posts"}],"about":[{"href":"https:\/\/www.mpppst.gob.ve\/mpppstweb\/index.php\/wp-json\/wp\/v2\/types\/post"}],"author":[{"embeddable":true,"href":"https:\/\/www.mpppst.gob.ve\/mpppstweb\/index.php\/wp-json\/wp\/v2\/users\/25"}],"replies":[{"embeddable":true,"href":"https:\/\/www.mpppst.gob.ve\/mpppstweb\/index.php\/wp-json\/wp\/v2\/comments?post=22645"}],"version-history":[{"count":1,"href":"https:\/\/www.mpppst.gob.ve\/mpppstweb\/index.php\/wp-json\/wp\/v2\/posts\/22645\/revisions"}],"predecessor-version":[{"id":22647,"href":"https:\/\/www.mpppst.gob.ve\/mpppstweb\/index.php\/wp-json\/wp\/v2\/posts\/22645\/revisions\/22647"}],"wp:featuredmedia":[{"embeddable":true,"href":"https:\/\/www.mpppst.gob.ve\/mpppstweb\/index.php\/wp-json\/wp\/v2\/media\/22646"}],"wp:attachment":[{"href":"https:\/\/www.mpppst.gob.ve\/mpppstweb\/index.php\/wp-json\/wp\/v2\/media?parent=22645"}],"wp:term":[{"taxonomy":"category","embeddable":true,"href":"https:\/\/www.mpppst.gob.ve\/mpppstweb\/index.php\/wp-json\/wp\/v2\/categories?post=22645"},{"taxonomy":"post_tag","embeddable":true,"href":"https:\/\/www.mpppst.gob.ve\/mpppstweb\/index.php\/wp-json\/wp\/v2\/tags?post=22645"}],"curies":[{"name":"wp","href":"https:\/\/api.w.org\/{rel}","templated":true}]}}