{"id":22652,"date":"2021-06-18T07:52:55","date_gmt":"2021-06-18T11:52:55","guid":{"rendered":"http:\/\/www.mpppst.gob.ve\/mpppstweb\/?p=22652"},"modified":"2021-06-18T07:52:56","modified_gmt":"2021-06-18T11:52:56","slug":"bolipuertos-se-prepara-para-la-certificacion-de-organizacion-de-proteccion-reconocida","status":"publish","type":"post","link":"https:\/\/www.mpppst.gob.ve\/mpppstweb\/index.php\/2021\/06\/18\/bolipuertos-se-prepara-para-la-certificacion-de-organizacion-de-proteccion-reconocida\/","title":{"rendered":"Bolipuertos se prepara para la certificaci\u00f3n de Organizaci\u00f3n de Protecci\u00f3n Reconocida"},"content":{"rendered":"\n<p>Bolivariana de Puertos S.A. alista sus ocho terminales en todo el pa\u00eds, con la adecuaci\u00f3n de su infraestructura y condiciones para obtener la certificaci\u00f3n como Organizaci\u00f3n de Protecci\u00f3n Reconocida (OPR), que promover\u00e1 el desarrollo acu\u00e1tico y multimodal con proyecci\u00f3n internacional.<\/p>\n\n\n\n<p>El proceso inici\u00f3 a partir del desarrollo del proyecto abordaje integral portuario en el marco del Plan de Desarrollo Portuario de Bolipuertos<\/p>\n\n\n\n<p>Explica el director general de Puertos del despacho del Viceministro de Transporte Acu\u00e1tico, Wilfredo Garc\u00eda, que se estableci\u00f3 una estrategia que abarca diagn\u00f3stico, fortalecimiento e intervenci\u00f3n para la certificaci\u00f3n y estandarizaci\u00f3n de los puertos venezolanos.<\/p>\n\n\n\n<p>\u201cEmpezamos por el proceso de auditor\u00eda de nuestros puertos actuales. \u00bfC\u00f3mo est\u00e1n los 475 puertos de Venezuela?, \u00bfEn qu\u00e9 caracter\u00edsticas est\u00e1n y qu\u00e9 necesita cada uno?, para, a partir de all\u00ed, buscar la certificaci\u00f3n operativa en cada uno de esos puertos\u201d, sean marinas, privados o p\u00fablicos, detall\u00f3.<\/p>\n\n\n\n<p>Ahond\u00f3 que uno de los pasos para la certificaci\u00f3n, es conformar un equipo de sistematizadores para el monitoreo y an\u00e1lisis de las actividades que se ejecutan en el sector acu\u00e1tico, con replica en cada una de las zonas portuarias.<\/p>\n\n\n\n<p>Para ello, inform\u00f3 Garc\u00eda que se establecer\u00e1 la formaci\u00f3n en el manejo de herramientas estad\u00edsticas, cuyo an\u00e1lisis permitir\u00e1 dise\u00f1ar indicadores para la toma de decisiones y el dise\u00f1o de pol\u00edticas p\u00fablicas en el \u00e1mbito mar\u00edtimo y portuario.<\/p>\n\n\n\n<div class=\"wp-block-image\"><figure class=\"aligncenter\"><img decoding=\"async\" src=\"https:\/\/www.vtv.gob.ve\/wp-content\/uploads\/2021\/06\/bolipuertos.jpeg\" alt=\"\" class=\"wp-image-370831\"\/><\/figure><\/div>\n\n\n\n<p>Aclar\u00f3 que una Organizaci\u00f3n de Protecci\u00f3n Reconocida es la persona jur\u00eddica inscrita ante la Autoridad Mar\u00edtima Nacional que se podr\u00e1 autorizar para la evaluaci\u00f3n y planes de protecci\u00f3n de los buques, de las instalaciones portuarias, y capacitaci\u00f3n de personal entorno a ello.<\/p>\n\n\n\n<p>Precis\u00f3 Garc\u00eda que a partir de la certificaci\u00f3n operativa en cada uno de esos puertos se podr\u00e1 impulsar \u201cla cooperaci\u00f3n internacional con nuestros aliados y darle el impulso comercial a ese sector\u201d.<\/p>\n\n\n\n<p>Coment\u00f3 que el Complejo Portuario cumple con los est\u00e1ndares necesarios de todas las certificaciones internacionales de la Organizaci\u00f3n Mar\u00edtima Internacional (OMI).<\/p>\n\n\n\n<p>\u201cEstos convenios nos permiten dar el fiel cumplimiento a nivel local y que puedan ser certificadas, es por eso que todas las embarcaciones que llegan a Venezuela tienen la garant\u00eda de operatividad en cada una de esas operaciones\u201d, agreg\u00f3.<\/p>\n\n\n\n<p>Con la certificaci\u00f3n OPR, Bolipuertos aporta en la consolidaci\u00f3n de un Sistema Portuario eficiente, rentable y productivo, que proyectar\u00e1 a Venezuela en el comercio mar\u00edtimo y portuario internacional por sus ventajas competitivas en consonancia con los altos est\u00e1ndares de calidad y servicio, finaliz\u00f3 el especialista.<\/p>\n","protected":false},"excerpt":{"rendered":"<p>Bolivariana de Puertos S.A. alista sus ocho terminales en todo el pa\u00eds, con la adecuaci\u00f3n de &hellip; <a title=\"Bolipuertos se prepara para la certificaci\u00f3n de Organizaci\u00f3n de Protecci\u00f3n Reconocida\" class=\"hm-read-more\" href=\"https:\/\/www.mpppst.gob.ve\/mpppstweb\/index.php\/2021\/06\/18\/bolipuertos-se-prepara-para-la-certificacion-de-organizacion-de-proteccion-reconocida\/\"><span class=\"screen-reader-text\">Bolipuertos se prepara para la certificaci\u00f3n de Organizaci\u00f3n de Protecci\u00f3n Reconocida<\/span>Read more<\/a><\/p>\n","protected":false},"author":25,"featured_media":22653,"comment_status":"closed","ping_status":"closed","sticky":false,"template":"","format":"standard","meta":{"footnotes":""},"categories":[82,163],"tags":[],"yoast_head":"<!-- This site is optimized with the Yoast SEO plugin v22.5 - https:\/\/yoast.com\/wordpress\/plugins\/seo\/ -->\n<title>Bolipuertos se prepara para la certificaci\u00f3n de Organizaci\u00f3n de Protecci\u00f3n Reconocida - MPPPST<\/title>\n<meta name=\"robots\" content=\"index, follow, max-snippet:-1, max-image-preview:large, max-video-preview:-1\" \/>\n<link rel=\"canonical\" href=\"https:\/\/www.mpppst.gob.ve\/mpppstweb\/index.php\/2021\/06\/18\/bolipuertos-se-prepara-para-la-certificacion-de-organizacion-de-proteccion-reconocida\/\" \/>\n<meta property=\"og:locale\" content=\"es_ES\" \/>\n<meta property=\"og:type\" content=\"article\" \/>\n<meta property=\"og:title\" content=\"Bolipuertos se prepara para la certificaci\u00f3n de Organizaci\u00f3n de Protecci\u00f3n Reconocida - MPPPST\" \/>\n<meta property=\"og:description\" content=\"Bolivariana de Puertos S.A. alista sus ocho terminales en todo el pa\u00eds, con la adecuaci\u00f3n de &hellip; Bolipuertos se prepara para la certificaci\u00f3n de Organizaci\u00f3n de Protecci\u00f3n ReconocidaRead more\" \/>\n<meta property=\"og:url\" content=\"https:\/\/www.mpppst.gob.ve\/mpppstweb\/index.php\/2021\/06\/18\/bolipuertos-se-prepara-para-la-certificacion-de-organizacion-de-proteccion-reconocida\/\" \/>\n<meta property=\"og:site_name\" content=\"MPPPST\" \/>\n<meta property=\"article:published_time\" content=\"2021-06-18T11:52:55+00:00\" \/>\n<meta property=\"article:modified_time\" content=\"2021-06-18T11:52:56+00:00\" \/>\n<meta property=\"og:image\" content=\"https:\/\/www.mpppst.gob.ve\/mpppstweb\/wp-content\/uploads\/2021\/06\/WhatsApp-Image-2021-06-17-at-8.02.56-PM-1-768x427-1.jpeg\" \/>\n\t<meta property=\"og:image:width\" content=\"768\" \/>\n\t<meta property=\"og:image:height\" content=\"427\" \/>\n\t<meta property=\"og:image:type\" content=\"image\/jpeg\" \/>\n<meta name=\"author\" content=\"MPPPST Prensa\" \/>\n<meta name=\"twitter:card\" content=\"summary_large_image\" \/>\n<meta name=\"twitter:label1\" content=\"Escrito por\" \/>\n\t<meta name=\"twitter:data1\" content=\"MPPPST Prensa\" \/>\n\t<meta name=\"twitter:label2\" content=\"Tiempo de lectura\" \/>\n\t<meta name=\"twitter:data2\" content=\"2 minutos\" \/>\n<script type=\"application\/ld+json\" class=\"yoast-schema-graph\">{\"@context\":\"https:\/\/schema.org\",\"@graph\":[{\"@type\":\"Article\",\"@id\":\"https:\/\/www.mpppst.gob.ve\/mpppstweb\/index.php\/2021\/06\/18\/bolipuertos-se-prepara-para-la-certificacion-de-organizacion-de-proteccion-reconocida\/#article\",\"isPartOf\":{\"@id\":\"https:\/\/www.mpppst.gob.ve\/mpppstweb\/index.php\/2021\/06\/18\/bolipuertos-se-prepara-para-la-certificacion-de-organizacion-de-proteccion-reconocida\/\"},\"author\":{\"name\":\"MPPPST Prensa\",\"@id\":\"https:\/\/www.mpppst.gob.ve\/mpppstweb\/#\/schema\/person\/fc187ee8ead412bd4c9304b62f900ea4\"},\"headline\":\"Bolipuertos se prepara para la certificaci\u00f3n de Organizaci\u00f3n de Protecci\u00f3n Reconocida\",\"datePublished\":\"2021-06-18T11:52:55+00:00\",\"dateModified\":\"2021-06-18T11:52:56+00:00\",\"mainEntityOfPage\":{\"@id\":\"https:\/\/www.mpppst.gob.ve\/mpppstweb\/index.php\/2021\/06\/18\/bolipuertos-se-prepara-para-la-certificacion-de-organizacion-de-proteccion-reconocida\/\"},\"wordCount\":463,\"publisher\":{\"@id\":\"https:\/\/www.mpppst.gob.ve\/mpppstweb\/#organization\"},\"image\":{\"@id\":\"https:\/\/www.mpppst.gob.ve\/mpppstweb\/index.php\/2021\/06\/18\/bolipuertos-se-prepara-para-la-certificacion-de-organizacion-de-proteccion-reconocida\/#primaryimage\"},\"thumbnailUrl\":\"https:\/\/www.mpppst.gob.ve\/mpppstweb\/wp-content\/uploads\/2021\/06\/WhatsApp-Image-2021-06-17-at-8.02.56-PM-1-768x427-1.jpeg\",\"articleSection\":[\"Gobierno Nacional\",\"Noticias\"],\"inLanguage\":\"es\"},{\"@type\":\"WebPage\",\"@id\":\"https:\/\/www.mpppst.gob.ve\/mpppstweb\/index.php\/2021\/06\/18\/bolipuertos-se-prepara-para-la-certificacion-de-organizacion-de-proteccion-reconocida\/\",\"url\":\"https:\/\/www.mpppst.gob.ve\/mpppstweb\/index.php\/2021\/06\/18\/bolipuertos-se-prepara-para-la-certificacion-de-organizacion-de-proteccion-reconocida\/\",\"name\":\"Bolipuertos se prepara para la certificaci\u00f3n de Organizaci\u00f3n de Protecci\u00f3n Reconocida - MPPPST\",\"isPartOf\":{\"@id\":\"https:\/\/www.mpppst.gob.ve\/mpppstweb\/#website\"},\"primaryImageOfPage\":{\"@id\":\"https:\/\/www.mpppst.gob.ve\/mpppstweb\/index.php\/2021\/06\/18\/bolipuertos-se-prepara-para-la-certificacion-de-organizacion-de-proteccion-reconocida\/#primaryimage\"},\"image\":{\"@id\":\"https:\/\/www.mpppst.gob.ve\/mpppstweb\/index.php\/2021\/06\/18\/bolipuertos-se-prepara-para-la-certificacion-de-organizacion-de-proteccion-reconocida\/#primaryimage\"},\"thumbnailUrl\":\"https:\/\/www.mpppst.gob.ve\/mpppstweb\/wp-content\/uploads\/2021\/06\/WhatsApp-Image-2021-06-17-at-8.02.56-PM-1-768x427-1.jpeg\",\"datePublished\":\"2021-06-18T11:52:55+00:00\",\"dateModified\":\"2021-06-18T11:52:56+00:00\",\"breadcrumb\":{\"@id\":\"https:\/\/www.mpppst.gob.ve\/mpppstweb\/index.php\/2021\/06\/18\/bolipuertos-se-prepara-para-la-certificacion-de-organizacion-de-proteccion-reconocida\/#breadcrumb\"},\"inLanguage\":\"es\",\"potentialAction\":[{\"@type\":\"ReadAction\",\"target\":[\"https:\/\/www.mpppst.gob.ve\/mpppstweb\/index.php\/2021\/06\/18\/bolipuertos-se-prepara-para-la-certificacion-de-organizacion-de-proteccion-reconocida\/\"]}]},{\"@type\":\"ImageObject\",\"inLanguage\":\"es\",\"@id\":\"https:\/\/www.mpppst.gob.ve\/mpppstweb\/index.php\/2021\/06\/18\/bolipuertos-se-prepara-para-la-certificacion-de-organizacion-de-proteccion-reconocida\/#primaryimage\",\"url\":\"https:\/\/www.mpppst.gob.ve\/mpppstweb\/wp-content\/uploads\/2021\/06\/WhatsApp-Image-2021-06-17-at-8.02.56-PM-1-768x427-1.jpeg\",\"contentUrl\":\"https:\/\/www.mpppst.gob.ve\/mpppstweb\/wp-content\/uploads\/2021\/06\/WhatsApp-Image-2021-06-17-at-8.02.56-PM-1-768x427-1.jpeg\",\"width\":768,\"height\":427},{\"@type\":\"BreadcrumbList\",\"@id\":\"https:\/\/www.mpppst.gob.ve\/mpppstweb\/index.php\/2021\/06\/18\/bolipuertos-se-prepara-para-la-certificacion-de-organizacion-de-proteccion-reconocida\/#breadcrumb\",\"itemListElement\":[{\"@type\":\"ListItem\",\"position\":1,\"name\":\"Home\",\"item\":\"https:\/\/www.mpppst.gob.ve\/mpppstweb\/\"},{\"@type\":\"ListItem\",\"position\":2,\"name\":\"Bolipuertos se prepara para la certificaci\u00f3n de Organizaci\u00f3n de Protecci\u00f3n Reconocida\"}]},{\"@type\":\"WebSite\",\"@id\":\"https:\/\/www.mpppst.gob.ve\/mpppstweb\/#website\",\"url\":\"https:\/\/www.mpppst.gob.ve\/mpppstweb\/\",\"name\":\"MPPPST\",\"description\":\"Ministerio del Poder Popular para el Proceso Social de Trabajo\",\"publisher\":{\"@id\":\"https:\/\/www.mpppst.gob.ve\/mpppstweb\/#organization\"},\"potentialAction\":[{\"@type\":\"SearchAction\",\"target\":{\"@type\":\"EntryPoint\",\"urlTemplate\":\"https:\/\/www.mpppst.gob.ve\/mpppstweb\/?s={search_term_string}\"},\"query-input\":\"required name=search_term_string\"}],\"inLanguage\":\"es\"},{\"@type\":\"Organization\",\"@id\":\"https:\/\/www.mpppst.gob.ve\/mpppstweb\/#organization\",\"name\":\"mpppst\",\"url\":\"https:\/\/www.mpppst.gob.ve\/mpppstweb\/\",\"logo\":{\"@type\":\"ImageObject\",\"inLanguage\":\"es\",\"@id\":\"https:\/\/www.mpppst.gob.ve\/mpppstweb\/#\/schema\/logo\/image\/\",\"url\":\"https:\/\/www.mpppst.gob.ve\/mpppstweb\/wp-content\/uploads\/2025\/07\/cropped-cropped-g910.png\",\"contentUrl\":\"https:\/\/www.mpppst.gob.ve\/mpppstweb\/wp-content\/uploads\/2025\/07\/cropped-cropped-g910.png\",\"width\":1080,\"height\":241,\"caption\":\"mpppst\"},\"image\":{\"@id\":\"https:\/\/www.mpppst.gob.ve\/mpppstweb\/#\/schema\/logo\/image\/\"}},{\"@type\":\"Person\",\"@id\":\"https:\/\/www.mpppst.gob.ve\/mpppstweb\/#\/schema\/person\/fc187ee8ead412bd4c9304b62f900ea4\",\"name\":\"MPPPST Prensa\",\"url\":\"https:\/\/www.mpppst.gob.ve\/mpppstweb\/index.php\/author\/prensa-mpppst\/\"}]}<\/script>\n<!-- \/ Yoast SEO plugin. -->","yoast_head_json":{"title":"Bolipuertos se prepara para la certificaci\u00f3n de Organizaci\u00f3n de Protecci\u00f3n Reconocida - MPPPST","robots":{"index":"index","follow":"follow","max-snippet":"max-snippet:-1","max-image-preview":"max-image-preview:large","max-video-preview":"max-video-preview:-1"},"canonical":"https:\/\/www.mpppst.gob.ve\/mpppstweb\/index.php\/2021\/06\/18\/bolipuertos-se-prepara-para-la-certificacion-de-organizacion-de-proteccion-reconocida\/","og_locale":"es_ES","og_type":"article","og_title":"Bolipuertos se prepara para la certificaci\u00f3n de Organizaci\u00f3n de Protecci\u00f3n Reconocida - MPPPST","og_description":"Bolivariana de Puertos S.A. alista sus ocho terminales en todo el pa\u00eds, con la adecuaci\u00f3n de &hellip; Bolipuertos se prepara para la certificaci\u00f3n de Organizaci\u00f3n de Protecci\u00f3n ReconocidaRead more","og_url":"https:\/\/www.mpppst.gob.ve\/mpppstweb\/index.php\/2021\/06\/18\/bolipuertos-se-prepara-para-la-certificacion-de-organizacion-de-proteccion-reconocida\/","og_site_name":"MPPPST","article_published_time":"2021-06-18T11:52:55+00:00","article_modified_time":"2021-06-18T11:52:56+00:00","og_image":[{"width":768,"height":427,"url":"https:\/\/www.mpppst.gob.ve\/mpppstweb\/wp-content\/uploads\/2021\/06\/WhatsApp-Image-2021-06-17-at-8.02.56-PM-1-768x427-1.jpeg","type":"image\/jpeg"}],"author":"MPPPST Prensa","twitter_card":"summary_large_image","twitter_misc":{"Escrito por":"MPPPST Prensa","Tiempo de lectura":"2 minutos"},"schema":{"@context":"https:\/\/schema.org","@graph":[{"@type":"Article","@id":"https:\/\/www.mpppst.gob.ve\/mpppstweb\/index.php\/2021\/06\/18\/bolipuertos-se-prepara-para-la-certificacion-de-organizacion-de-proteccion-reconocida\/#article","isPartOf":{"@id":"https:\/\/www.mpppst.gob.ve\/mpppstweb\/index.php\/2021\/06\/18\/bolipuertos-se-prepara-para-la-certificacion-de-organizacion-de-proteccion-reconocida\/"},"author":{"name":"MPPPST Prensa","@id":"https:\/\/www.mpppst.gob.ve\/mpppstweb\/#\/schema\/person\/fc187ee8ead412bd4c9304b62f900ea4"},"headline":"Bolipuertos se prepara para la certificaci\u00f3n de Organizaci\u00f3n de Protecci\u00f3n Reconocida","datePublished":"2021-06-18T11:52:55+00:00","dateModified":"2021-06-18T11:52:56+00:00","mainEntityOfPage":{"@id":"https:\/\/www.mpppst.gob.ve\/mpppstweb\/index.php\/2021\/06\/18\/bolipuertos-se-prepara-para-la-certificacion-de-organizacion-de-proteccion-reconocida\/"},"wordCount":463,"publisher":{"@id":"https:\/\/www.mpppst.gob.ve\/mpppstweb\/#organization"},"image":{"@id":"https:\/\/www.mpppst.gob.ve\/mpppstweb\/index.php\/2021\/06\/18\/bolipuertos-se-prepara-para-la-certificacion-de-organizacion-de-proteccion-reconocida\/#primaryimage"},"thumbnailUrl":"https:\/\/www.mpppst.gob.ve\/mpppstweb\/wp-content\/uploads\/2021\/06\/WhatsApp-Image-2021-06-17-at-8.02.56-PM-1-768x427-1.jpeg","articleSection":["Gobierno Nacional","Noticias"],"inLanguage":"es"},{"@type":"WebPage","@id":"https:\/\/www.mpppst.gob.ve\/mpppstweb\/index.php\/2021\/06\/18\/bolipuertos-se-prepara-para-la-certificacion-de-organizacion-de-proteccion-reconocida\/","url":"https:\/\/www.mpppst.gob.ve\/mpppstweb\/index.php\/2021\/06\/18\/bolipuertos-se-prepara-para-la-certificacion-de-organizacion-de-proteccion-reconocida\/","name":"Bolipuertos se prepara para la certificaci\u00f3n de Organizaci\u00f3n de Protecci\u00f3n Reconocida - MPPPST","isPartOf":{"@id":"https:\/\/www.mpppst.gob.ve\/mpppstweb\/#website"},"primaryImageOfPage":{"@id":"https:\/\/www.mpppst.gob.ve\/mpppstweb\/index.php\/2021\/06\/18\/bolipuertos-se-prepara-para-la-certificacion-de-organizacion-de-proteccion-reconocida\/#primaryimage"},"image":{"@id":"https:\/\/www.mpppst.gob.ve\/mpppstweb\/index.php\/2021\/06\/18\/bolipuertos-se-prepara-para-la-certificacion-de-organizacion-de-proteccion-reconocida\/#primaryimage"},"thumbnailUrl":"https:\/\/www.mpppst.gob.ve\/mpppstweb\/wp-content\/uploads\/2021\/06\/WhatsApp-Image-2021-06-17-at-8.02.56-PM-1-768x427-1.jpeg","datePublished":"2021-06-18T11:52:55+00:00","dateModified":"2021-06-18T11:52:56+00:00","breadcrumb":{"@id":"https:\/\/www.mpppst.gob.ve\/mpppstweb\/index.php\/2021\/06\/18\/bolipuertos-se-prepara-para-la-certificacion-de-organizacion-de-proteccion-reconocida\/#breadcrumb"},"inLanguage":"es","potentialAction":[{"@type":"ReadAction","target":["https:\/\/www.mpppst.gob.ve\/mpppstweb\/index.php\/2021\/06\/18\/bolipuertos-se-prepara-para-la-certificacion-de-organizacion-de-proteccion-reconocida\/"]}]},{"@type":"ImageObject","inLanguage":"es","@id":"https:\/\/www.mpppst.gob.ve\/mpppstweb\/index.php\/2021\/06\/18\/bolipuertos-se-prepara-para-la-certificacion-de-organizacion-de-proteccion-reconocida\/#primaryimage","url":"https:\/\/www.mpppst.gob.ve\/mpppstweb\/wp-content\/uploads\/2021\/06\/WhatsApp-Image-2021-06-17-at-8.02.56-PM-1-768x427-1.jpeg","contentUrl":"https:\/\/www.mpppst.gob.ve\/mpppstweb\/wp-content\/uploads\/2021\/06\/WhatsApp-Image-2021-06-17-at-8.02.56-PM-1-768x427-1.jpeg","width":768,"height":427},{"@type":"BreadcrumbList","@id":"https:\/\/www.mpppst.gob.ve\/mpppstweb\/index.php\/2021\/06\/18\/bolipuertos-se-prepara-para-la-certificacion-de-organizacion-de-proteccion-reconocida\/#breadcrumb","itemListElement":[{"@type":"ListItem","position":1,"name":"Home","item":"https:\/\/www.mpppst.gob.ve\/mpppstweb\/"},{"@type":"ListItem","position":2,"name":"Bolipuertos se prepara para la certificaci\u00f3n de Organizaci\u00f3n de Protecci\u00f3n Reconocida"}]},{"@type":"WebSite","@id":"https:\/\/www.mpppst.gob.ve\/mpppstweb\/#website","url":"https:\/\/www.mpppst.gob.ve\/mpppstweb\/","name":"MPPPST","description":"Ministerio del Poder Popular para el Proceso Social de Trabajo","publisher":{"@id":"https:\/\/www.mpppst.gob.ve\/mpppstweb\/#organization"},"potentialAction":[{"@type":"SearchAction","target":{"@type":"EntryPoint","urlTemplate":"https:\/\/www.mpppst.gob.ve\/mpppstweb\/?s={search_term_string}"},"query-input":"required name=search_term_string"}],"inLanguage":"es"},{"@type":"Organization","@id":"https:\/\/www.mpppst.gob.ve\/mpppstweb\/#organization","name":"mpppst","url":"https:\/\/www.mpppst.gob.ve\/mpppstweb\/","logo":{"@type":"ImageObject","inLanguage":"es","@id":"https:\/\/www.mpppst.gob.ve\/mpppstweb\/#\/schema\/logo\/image\/","url":"https:\/\/www.mpppst.gob.ve\/mpppstweb\/wp-content\/uploads\/2025\/07\/cropped-cropped-g910.png","contentUrl":"https:\/\/www.mpppst.gob.ve\/mpppstweb\/wp-content\/uploads\/2025\/07\/cropped-cropped-g910.png","width":1080,"height":241,"caption":"mpppst"},"image":{"@id":"https:\/\/www.mpppst.gob.ve\/mpppstweb\/#\/schema\/logo\/image\/"}},{"@type":"Person","@id":"https:\/\/www.mpppst.gob.ve\/mpppstweb\/#\/schema\/person\/fc187ee8ead412bd4c9304b62f900ea4","name":"MPPPST Prensa","url":"https:\/\/www.mpppst.gob.ve\/mpppstweb\/index.php\/author\/prensa-mpppst\/"}]}},"_links":{"self":[{"href":"https:\/\/www.mpppst.gob.ve\/mpppstweb\/index.php\/wp-json\/wp\/v2\/posts\/22652"}],"collection":[{"href":"https:\/\/www.mpppst.gob.ve\/mpppstweb\/index.php\/wp-json\/wp\/v2\/posts"}],"about":[{"href":"https:\/\/www.mpppst.gob.ve\/mpppstweb\/index.php\/wp-json\/wp\/v2\/types\/post"}],"author":[{"embeddable":true,"href":"https:\/\/www.mpppst.gob.ve\/mpppstweb\/index.php\/wp-json\/wp\/v2\/users\/25"}],"replies":[{"embeddable":true,"href":"https:\/\/www.mpppst.gob.ve\/mpppstweb\/index.php\/wp-json\/wp\/v2\/comments?post=22652"}],"version-history":[{"count":1,"href":"https:\/\/www.mpppst.gob.ve\/mpppstweb\/index.php\/wp-json\/wp\/v2\/posts\/22652\/revisions"}],"predecessor-version":[{"id":22654,"href":"https:\/\/www.mpppst.gob.ve\/mpppstweb\/index.php\/wp-json\/wp\/v2\/posts\/22652\/revisions\/22654"}],"wp:featuredmedia":[{"embeddable":true,"href":"https:\/\/www.mpppst.gob.ve\/mpppstweb\/index.php\/wp-json\/wp\/v2\/media\/22653"}],"wp:attachment":[{"href":"https:\/\/www.mpppst.gob.ve\/mpppstweb\/index.php\/wp-json\/wp\/v2\/media?parent=22652"}],"wp:term":[{"taxonomy":"category","embeddable":true,"href":"https:\/\/www.mpppst.gob.ve\/mpppstweb\/index.php\/wp-json\/wp\/v2\/categories?post=22652"},{"taxonomy":"post_tag","embeddable":true,"href":"https:\/\/www.mpppst.gob.ve\/mpppstweb\/index.php\/wp-json\/wp\/v2\/tags?post=22652"}],"curies":[{"name":"wp","href":"https:\/\/api.w.org\/{rel}","templated":true}]}}