{"id":22664,"date":"2021-06-18T08:02:34","date_gmt":"2021-06-18T12:02:34","guid":{"rendered":"http:\/\/www.mpppst.gob.ve\/mpppstweb\/?p=22664"},"modified":"2021-06-18T08:02:35","modified_gmt":"2021-06-18T12:02:35","slug":"presidente-maduro-abandero-delegaciones-de-venezuela-a-juegos-olimpicos-y-paralimpicos-tokio-2020","status":"publish","type":"post","link":"https:\/\/www.mpppst.gob.ve\/mpppstweb\/index.php\/2021\/06\/18\/presidente-maduro-abandero-delegaciones-de-venezuela-a-juegos-olimpicos-y-paralimpicos-tokio-2020\/","title":{"rendered":"Presidente Maduro abander\u00f3 delegaciones de Venezuela a Juegos Ol\u00edmpicos y Paral\u00edmpicos \u201cTokio 2020\u201d"},"content":{"rendered":"\n<p>El presidente de la Rep\u00fablica,&nbsp;<strong>Nicol\u00e1s Maduro Moros,<\/strong>&nbsp;realiz\u00f3 este jueves el acto de Abanderamiento de la delegaci\u00f3n venezolana que participar\u00e1 en los Juegos Ol\u00edmpicos y Paral\u00edmpicos \u201cTokio 2020\u201d.<\/p>\n\n\n\n<p>\u201cLl\u00e9venla a Tokio, con amor y dignidad, y tr\u00e1iganla victoriosa de all\u00e1\u201d, expres\u00f3 el Mandatario Nacional desde el Palacio de Miraflores, donde comparti\u00f3 con los 38 atletas clasificados hasta el momento para la cita ol\u00edmpica en Jap\u00f3n.<\/p>\n\n\n\n<p>El tricolor Nacional fue entregado simb\u00f3licamente a los atletas&nbsp;<strong>Karen Le\u00f3n y Nalej Korbaj,<\/strong>&nbsp;quienes representan a la selecci\u00f3n ol\u00edmpica de Judo, as\u00ed como a los deportistas paral\u00edmpicos<strong>&nbsp;Yisvelis Vera<\/strong>, de la Selecci\u00f3n nacional de atletismo y&nbsp;<strong>Abraham Jes\u00fas Ortega<\/strong>, de Impulso de Bala.<\/p>\n\n\n\n<p>El Mandatario nacional dijo que el karateca&nbsp;<strong>Antonio D\u00edaz<\/strong>&nbsp;y la campeona mundial&nbsp;<strong>Yulimar Rojas<\/strong>&nbsp;ser\u00e1n los atletas que ondear\u00e1n el pabell\u00f3n en la apertura de los juegos.<\/p>\n\n\n\n<p>\u201cEllos dos recibir\u00e1n de la mano de ustedes, la bandera tricolor de Venezuela para llevarla all\u00e1 al Estadio Ol\u00edmpico de Tokio y que el mundo entero vea el amarillo, azul y rojo, esa bandera hermosa pintada por nuestro gran libertador Francisco de Miranda en 1806\u201d.<\/p>\n\n\n\n<p>\u201cNo es cualquier bandera, es un estandarte heroico y de valores. Luego, se transform\u00f3 en el estandarte que llevaron las tropas de nuestro Ej\u00e9rcito Libertador durante la guerra\u201d, destac\u00f3 el Jefe de Estado, al recordar que el tricolor fue llevado por el Libertador Sim\u00f3n Bol\u00edvar junto a los llaneros que cruzaron el P\u00e1ramo de Pisba para librar la Batalla de Boyac\u00e1 y liberar lo que hoy es Colombia, \u201cporque Colombia es libre porque la liber\u00f3 Bol\u00edvar\u201d, puntualiz\u00f3.<\/p>\n\n\n\n<figure><iframe allowfullscreen=\"true\" class=\"\" src=\"https:\/\/platform.twitter.com\/embed\/Tweet.html?creatorScreenName=VTVcanal8&amp;dnt=false&amp;embedId=twitter-widget-0&amp;features=eyJ0ZndfZXhwZXJpbWVudHNfY29va2llX2V4cGlyYXRpb24iOnsiYnVja2V0IjoxMjA5NjAwLCJ2ZXJzaW9uIjpudWxsfSwidGZ3X2hvcml6b25fdHdlZXRfZW1iZWRfOTU1NSI6eyJidWNrZXQiOiJodGUiLCJ2ZXJzaW9uIjpudWxsfSwidGZ3X3R3ZWV0X2VtYmVkX2NsaWNrYWJpbGl0eV8xMjEwMiI6eyJidWNrZXQiOiJjb250cm9sIiwidmVyc2lvbiI6bnVsbH19&amp;frame=false&amp;hideCard=false&amp;hideThread=false&amp;id=1405679701000138757&amp;lang=es&amp;origin=https%3A%2F%2Fwww.vtv.gob.ve%2Fpresidente-maduro-abanderamiento-delegacion-venezolana-juegos-olimpicos-tokio-2020%2F&amp;sessionId=56eec5301066586539c5286c6debd06ca34ba5c6&amp;siteScreenName=VTVcanal8&amp;theme=light&amp;widgetsVersion=82e1070%3A1619632193066&amp;width=550px\"><\/iframe><\/figure>\n\n\n\n<figure><iframe allowfullscreen=\"true\" class=\"\" src=\"https:\/\/platform.twitter.com\/embed\/Tweet.html?creatorScreenName=VTVcanal8&amp;dnt=false&amp;embedId=twitter-widget-1&amp;features=eyJ0ZndfZXhwZXJpbWVudHNfY29va2llX2V4cGlyYXRpb24iOnsiYnVja2V0IjoxMjA5NjAwLCJ2ZXJzaW9uIjpudWxsfSwidGZ3X2hvcml6b25fdHdlZXRfZW1iZWRfOTU1NSI6eyJidWNrZXQiOiJodGUiLCJ2ZXJzaW9uIjpudWxsfSwidGZ3X3R3ZWV0X2VtYmVkX2NsaWNrYWJpbGl0eV8xMjEwMiI6eyJidWNrZXQiOiJjb250cm9sIiwidmVyc2lvbiI6bnVsbH19&amp;frame=false&amp;hideCard=false&amp;hideThread=false&amp;id=1405673738834694154&amp;lang=es&amp;origin=https%3A%2F%2Fwww.vtv.gob.ve%2Fpresidente-maduro-abanderamiento-delegacion-venezolana-juegos-olimpicos-tokio-2020%2F&amp;sessionId=56eec5301066586539c5286c6debd06ca34ba5c6&amp;siteScreenName=VTVcanal8&amp;theme=light&amp;widgetsVersion=82e1070%3A1619632193066&amp;width=550px\"><\/iframe><\/figure>\n\n\n\n<figure class=\"wp-block-image\"><img decoding=\"async\" src=\"https:\/\/www.vtv.gob.ve\/wp-content\/uploads\/2021\/06\/abanderados-maduro.jpg\" alt=\"Presidente Maduro abander\u00f3 delegaciones de Venezuela a Juegos Ol\u00edmpicos y Paral\u00edmpicos \u201cTokio 2020\u201d\" class=\"wp-image-370838\"\/><figcaption>Foto Prensa Presidencial<\/figcaption><\/figure>\n\n\n\n<p>Pidi\u00f3 el Presidente que los deportistas de alto nivel que representar\u00e1n a Venezuela, se concentren en su preparaci\u00f3n f\u00edsica y mental.<\/p>\n\n\n\n<p>Aprovech\u00f3 adem\u00e1s para otorgar la Orden General\u00edsimo Francisco de Miranda, en su Primera Clase, a la boxeadora Eva Guzm\u00e1n, quien se titul\u00f3 campeona del peso Mosca de la Asociaci\u00f3n Mundial de Boxeo (ABM) y logr\u00f3 su clasificaci\u00f3n a Tokio 2020.<\/p>\n\n\n\n<p>\u201cEs un honor condecorarte, a nombre de la Patria, de Venezuela, que es una condecoraci\u00f3n de compromiso para entrenar y prepararse mejor, para entregarte por entero; concentraci\u00f3n, amor y que recuerdes que tienes una Patria que te admira\u201d.<\/p>\n\n\n\n<div class=\"wp-block-image\"><figure class=\"aligncenter\"><img decoding=\"async\" src=\"https:\/\/www.vtv.gob.ve\/wp-content\/uploads\/2021\/06\/13ZC_L1488_W.jpg\" alt=\"\" class=\"wp-image-370785\"\/><\/figure><\/div>\n\n\n\n<p>Inform\u00f3 que la delegaci\u00f3n ol\u00edmpica estar\u00e1 correctamente vacunada para que se dedique a su preparaci\u00f3n de cara a los Juegos Ol\u00edmpicos.<\/p>\n\n\n\n<p>\u201cEstos Juegos Ol\u00edmpicos de Tokio se est\u00e1n haciendo un a\u00f1o despu\u00e9s, cuando correspond\u00edan, la pandemia estaba en su punto m\u00e1s \u00e1lgido, no se contaba con las vacunas para combatir esta enfermedad\u201d, acot\u00f3 el Dignatario.<\/p>\n\n\n\n<p>Inst\u00f3 a los deportistas venezolanos a concientizar el significado de los colores patrios y dar lo mejor en la justa ol\u00edmpica de este a\u00f1o.<\/p>\n\n\n\n<p>\u201cMe siento motivado y feliz de ver a la juventud de oro de Venezuela. Estoy complacido de que est\u00e9n aqu\u00ed presentes\u201d, ratific\u00f3.<\/p>\n","protected":false},"excerpt":{"rendered":"<p>El presidente de la Rep\u00fablica,&nbsp;Nicol\u00e1s Maduro Moros,&nbsp;realiz\u00f3 este jueves el acto de Abanderamiento de la delegaci\u00f3n &hellip; <a title=\"Presidente Maduro abander\u00f3 delegaciones de Venezuela a Juegos Ol\u00edmpicos y Paral\u00edmpicos \u201cTokio 2020\u201d\" class=\"hm-read-more\" href=\"https:\/\/www.mpppst.gob.ve\/mpppstweb\/index.php\/2021\/06\/18\/presidente-maduro-abandero-delegaciones-de-venezuela-a-juegos-olimpicos-y-paralimpicos-tokio-2020\/\"><span class=\"screen-reader-text\">Presidente Maduro abander\u00f3 delegaciones de Venezuela a Juegos Ol\u00edmpicos y Paral\u00edmpicos \u201cTokio 2020\u201d<\/span>Read more<\/a><\/p>\n","protected":false},"author":25,"featured_media":22665,"comment_status":"closed","ping_status":"closed","sticky":false,"template":"","format":"standard","meta":{"footnotes":""},"categories":[82,163],"tags":[],"yoast_head":"<!-- This site is optimized with the Yoast SEO plugin v22.5 - https:\/\/yoast.com\/wordpress\/plugins\/seo\/ -->\n<title>Presidente Maduro abander\u00f3 delegaciones de Venezuela a Juegos Ol\u00edmpicos y Paral\u00edmpicos \u201cTokio 2020\u201d - MPPPST<\/title>\n<meta name=\"robots\" content=\"index, follow, max-snippet:-1, max-image-preview:large, max-video-preview:-1\" \/>\n<link rel=\"canonical\" href=\"https:\/\/www.mpppst.gob.ve\/mpppstweb\/index.php\/2021\/06\/18\/presidente-maduro-abandero-delegaciones-de-venezuela-a-juegos-olimpicos-y-paralimpicos-tokio-2020\/\" \/>\n<meta property=\"og:locale\" content=\"es_ES\" \/>\n<meta property=\"og:type\" content=\"article\" \/>\n<meta property=\"og:title\" content=\"Presidente Maduro abander\u00f3 delegaciones de Venezuela a Juegos Ol\u00edmpicos y Paral\u00edmpicos \u201cTokio 2020\u201d - MPPPST\" \/>\n<meta property=\"og:description\" content=\"El presidente de la Rep\u00fablica,&nbsp;Nicol\u00e1s Maduro Moros,&nbsp;realiz\u00f3 este jueves el acto de Abanderamiento de la delegaci\u00f3n &hellip; Presidente Maduro abander\u00f3 delegaciones de Venezuela a Juegos Ol\u00edmpicos y Paral\u00edmpicos \u201cTokio 2020\u201dRead more\" \/>\n<meta property=\"og:url\" content=\"https:\/\/www.mpppst.gob.ve\/mpppstweb\/index.php\/2021\/06\/18\/presidente-maduro-abandero-delegaciones-de-venezuela-a-juegos-olimpicos-y-paralimpicos-tokio-2020\/\" \/>\n<meta property=\"og:site_name\" content=\"MPPPST\" \/>\n<meta property=\"article:published_time\" content=\"2021-06-18T12:02:34+00:00\" \/>\n<meta property=\"article:modified_time\" content=\"2021-06-18T12:02:35+00:00\" \/>\n<meta property=\"og:image\" content=\"https:\/\/www.mpppst.gob.ve\/mpppstweb\/wp-content\/uploads\/2021\/06\/07ZC_L1617_W-768x427-1.jpg\" \/>\n\t<meta property=\"og:image:width\" content=\"768\" \/>\n\t<meta property=\"og:image:height\" content=\"427\" \/>\n\t<meta property=\"og:image:type\" content=\"image\/jpeg\" \/>\n<meta name=\"author\" content=\"MPPPST Prensa\" \/>\n<meta name=\"twitter:card\" content=\"summary_large_image\" \/>\n<meta name=\"twitter:label1\" content=\"Escrito por\" \/>\n\t<meta name=\"twitter:data1\" content=\"MPPPST Prensa\" \/>\n\t<meta name=\"twitter:label2\" content=\"Tiempo de lectura\" \/>\n\t<meta name=\"twitter:data2\" content=\"3 minutos\" \/>\n<script type=\"application\/ld+json\" class=\"yoast-schema-graph\">{\"@context\":\"https:\/\/schema.org\",\"@graph\":[{\"@type\":\"Article\",\"@id\":\"https:\/\/www.mpppst.gob.ve\/mpppstweb\/index.php\/2021\/06\/18\/presidente-maduro-abandero-delegaciones-de-venezuela-a-juegos-olimpicos-y-paralimpicos-tokio-2020\/#article\",\"isPartOf\":{\"@id\":\"https:\/\/www.mpppst.gob.ve\/mpppstweb\/index.php\/2021\/06\/18\/presidente-maduro-abandero-delegaciones-de-venezuela-a-juegos-olimpicos-y-paralimpicos-tokio-2020\/\"},\"author\":{\"name\":\"MPPPST Prensa\",\"@id\":\"https:\/\/www.mpppst.gob.ve\/mpppstweb\/#\/schema\/person\/fc187ee8ead412bd4c9304b62f900ea4\"},\"headline\":\"Presidente Maduro abander\u00f3 delegaciones de Venezuela a Juegos Ol\u00edmpicos y Paral\u00edmpicos \u201cTokio 2020\u201d\",\"datePublished\":\"2021-06-18T12:02:34+00:00\",\"dateModified\":\"2021-06-18T12:02:35+00:00\",\"mainEntityOfPage\":{\"@id\":\"https:\/\/www.mpppst.gob.ve\/mpppstweb\/index.php\/2021\/06\/18\/presidente-maduro-abandero-delegaciones-de-venezuela-a-juegos-olimpicos-y-paralimpicos-tokio-2020\/\"},\"wordCount\":533,\"publisher\":{\"@id\":\"https:\/\/www.mpppst.gob.ve\/mpppstweb\/#organization\"},\"image\":{\"@id\":\"https:\/\/www.mpppst.gob.ve\/mpppstweb\/index.php\/2021\/06\/18\/presidente-maduro-abandero-delegaciones-de-venezuela-a-juegos-olimpicos-y-paralimpicos-tokio-2020\/#primaryimage\"},\"thumbnailUrl\":\"https:\/\/www.mpppst.gob.ve\/mpppstweb\/wp-content\/uploads\/2021\/06\/07ZC_L1617_W-768x427-1.jpg\",\"articleSection\":[\"Gobierno Nacional\",\"Noticias\"],\"inLanguage\":\"es\"},{\"@type\":\"WebPage\",\"@id\":\"https:\/\/www.mpppst.gob.ve\/mpppstweb\/index.php\/2021\/06\/18\/presidente-maduro-abandero-delegaciones-de-venezuela-a-juegos-olimpicos-y-paralimpicos-tokio-2020\/\",\"url\":\"https:\/\/www.mpppst.gob.ve\/mpppstweb\/index.php\/2021\/06\/18\/presidente-maduro-abandero-delegaciones-de-venezuela-a-juegos-olimpicos-y-paralimpicos-tokio-2020\/\",\"name\":\"Presidente Maduro abander\u00f3 delegaciones de Venezuela a Juegos Ol\u00edmpicos y Paral\u00edmpicos \u201cTokio 2020\u201d - MPPPST\",\"isPartOf\":{\"@id\":\"https:\/\/www.mpppst.gob.ve\/mpppstweb\/#website\"},\"primaryImageOfPage\":{\"@id\":\"https:\/\/www.mpppst.gob.ve\/mpppstweb\/index.php\/2021\/06\/18\/presidente-maduro-abandero-delegaciones-de-venezuela-a-juegos-olimpicos-y-paralimpicos-tokio-2020\/#primaryimage\"},\"image\":{\"@id\":\"https:\/\/www.mpppst.gob.ve\/mpppstweb\/index.php\/2021\/06\/18\/presidente-maduro-abandero-delegaciones-de-venezuela-a-juegos-olimpicos-y-paralimpicos-tokio-2020\/#primaryimage\"},\"thumbnailUrl\":\"https:\/\/www.mpppst.gob.ve\/mpppstweb\/wp-content\/uploads\/2021\/06\/07ZC_L1617_W-768x427-1.jpg\",\"datePublished\":\"2021-06-18T12:02:34+00:00\",\"dateModified\":\"2021-06-18T12:02:35+00:00\",\"breadcrumb\":{\"@id\":\"https:\/\/www.mpppst.gob.ve\/mpppstweb\/index.php\/2021\/06\/18\/presidente-maduro-abandero-delegaciones-de-venezuela-a-juegos-olimpicos-y-paralimpicos-tokio-2020\/#breadcrumb\"},\"inLanguage\":\"es\",\"potentialAction\":[{\"@type\":\"ReadAction\",\"target\":[\"https:\/\/www.mpppst.gob.ve\/mpppstweb\/index.php\/2021\/06\/18\/presidente-maduro-abandero-delegaciones-de-venezuela-a-juegos-olimpicos-y-paralimpicos-tokio-2020\/\"]}]},{\"@type\":\"ImageObject\",\"inLanguage\":\"es\",\"@id\":\"https:\/\/www.mpppst.gob.ve\/mpppstweb\/index.php\/2021\/06\/18\/presidente-maduro-abandero-delegaciones-de-venezuela-a-juegos-olimpicos-y-paralimpicos-tokio-2020\/#primaryimage\",\"url\":\"https:\/\/www.mpppst.gob.ve\/mpppstweb\/wp-content\/uploads\/2021\/06\/07ZC_L1617_W-768x427-1.jpg\",\"contentUrl\":\"https:\/\/www.mpppst.gob.ve\/mpppstweb\/wp-content\/uploads\/2021\/06\/07ZC_L1617_W-768x427-1.jpg\",\"width\":768,\"height\":427},{\"@type\":\"BreadcrumbList\",\"@id\":\"https:\/\/www.mpppst.gob.ve\/mpppstweb\/index.php\/2021\/06\/18\/presidente-maduro-abandero-delegaciones-de-venezuela-a-juegos-olimpicos-y-paralimpicos-tokio-2020\/#breadcrumb\",\"itemListElement\":[{\"@type\":\"ListItem\",\"position\":1,\"name\":\"Home\",\"item\":\"https:\/\/www.mpppst.gob.ve\/mpppstweb\/\"},{\"@type\":\"ListItem\",\"position\":2,\"name\":\"Presidente Maduro abander\u00f3 delegaciones de Venezuela a Juegos Ol\u00edmpicos y Paral\u00edmpicos \u201cTokio 2020\u201d\"}]},{\"@type\":\"WebSite\",\"@id\":\"https:\/\/www.mpppst.gob.ve\/mpppstweb\/#website\",\"url\":\"https:\/\/www.mpppst.gob.ve\/mpppstweb\/\",\"name\":\"MPPPST\",\"description\":\"Ministerio del Poder Popular para el Proceso Social de Trabajo\",\"publisher\":{\"@id\":\"https:\/\/www.mpppst.gob.ve\/mpppstweb\/#organization\"},\"potentialAction\":[{\"@type\":\"SearchAction\",\"target\":{\"@type\":\"EntryPoint\",\"urlTemplate\":\"https:\/\/www.mpppst.gob.ve\/mpppstweb\/?s={search_term_string}\"},\"query-input\":\"required name=search_term_string\"}],\"inLanguage\":\"es\"},{\"@type\":\"Organization\",\"@id\":\"https:\/\/www.mpppst.gob.ve\/mpppstweb\/#organization\",\"name\":\"mpppst\",\"url\":\"https:\/\/www.mpppst.gob.ve\/mpppstweb\/\",\"logo\":{\"@type\":\"ImageObject\",\"inLanguage\":\"es\",\"@id\":\"https:\/\/www.mpppst.gob.ve\/mpppstweb\/#\/schema\/logo\/image\/\",\"url\":\"https:\/\/www.mpppst.gob.ve\/mpppstweb\/wp-content\/uploads\/2025\/07\/cropped-cropped-g910.png\",\"contentUrl\":\"https:\/\/www.mpppst.gob.ve\/mpppstweb\/wp-content\/uploads\/2025\/07\/cropped-cropped-g910.png\",\"width\":1080,\"height\":241,\"caption\":\"mpppst\"},\"image\":{\"@id\":\"https:\/\/www.mpppst.gob.ve\/mpppstweb\/#\/schema\/logo\/image\/\"}},{\"@type\":\"Person\",\"@id\":\"https:\/\/www.mpppst.gob.ve\/mpppstweb\/#\/schema\/person\/fc187ee8ead412bd4c9304b62f900ea4\",\"name\":\"MPPPST Prensa\",\"url\":\"https:\/\/www.mpppst.gob.ve\/mpppstweb\/index.php\/author\/prensa-mpppst\/\"}]}<\/script>\n<!-- \/ Yoast SEO plugin. -->","yoast_head_json":{"title":"Presidente Maduro abander\u00f3 delegaciones de Venezuela a Juegos Ol\u00edmpicos y Paral\u00edmpicos \u201cTokio 2020\u201d - MPPPST","robots":{"index":"index","follow":"follow","max-snippet":"max-snippet:-1","max-image-preview":"max-image-preview:large","max-video-preview":"max-video-preview:-1"},"canonical":"https:\/\/www.mpppst.gob.ve\/mpppstweb\/index.php\/2021\/06\/18\/presidente-maduro-abandero-delegaciones-de-venezuela-a-juegos-olimpicos-y-paralimpicos-tokio-2020\/","og_locale":"es_ES","og_type":"article","og_title":"Presidente Maduro abander\u00f3 delegaciones de Venezuela a Juegos Ol\u00edmpicos y Paral\u00edmpicos \u201cTokio 2020\u201d - MPPPST","og_description":"El presidente de la Rep\u00fablica,&nbsp;Nicol\u00e1s Maduro Moros,&nbsp;realiz\u00f3 este jueves el acto de Abanderamiento de la delegaci\u00f3n &hellip; Presidente Maduro abander\u00f3 delegaciones de Venezuela a Juegos Ol\u00edmpicos y Paral\u00edmpicos \u201cTokio 2020\u201dRead more","og_url":"https:\/\/www.mpppst.gob.ve\/mpppstweb\/index.php\/2021\/06\/18\/presidente-maduro-abandero-delegaciones-de-venezuela-a-juegos-olimpicos-y-paralimpicos-tokio-2020\/","og_site_name":"MPPPST","article_published_time":"2021-06-18T12:02:34+00:00","article_modified_time":"2021-06-18T12:02:35+00:00","og_image":[{"width":768,"height":427,"url":"https:\/\/www.mpppst.gob.ve\/mpppstweb\/wp-content\/uploads\/2021\/06\/07ZC_L1617_W-768x427-1.jpg","type":"image\/jpeg"}],"author":"MPPPST Prensa","twitter_card":"summary_large_image","twitter_misc":{"Escrito por":"MPPPST Prensa","Tiempo de lectura":"3 minutos"},"schema":{"@context":"https:\/\/schema.org","@graph":[{"@type":"Article","@id":"https:\/\/www.mpppst.gob.ve\/mpppstweb\/index.php\/2021\/06\/18\/presidente-maduro-abandero-delegaciones-de-venezuela-a-juegos-olimpicos-y-paralimpicos-tokio-2020\/#article","isPartOf":{"@id":"https:\/\/www.mpppst.gob.ve\/mpppstweb\/index.php\/2021\/06\/18\/presidente-maduro-abandero-delegaciones-de-venezuela-a-juegos-olimpicos-y-paralimpicos-tokio-2020\/"},"author":{"name":"MPPPST Prensa","@id":"https:\/\/www.mpppst.gob.ve\/mpppstweb\/#\/schema\/person\/fc187ee8ead412bd4c9304b62f900ea4"},"headline":"Presidente Maduro abander\u00f3 delegaciones de Venezuela a Juegos Ol\u00edmpicos y Paral\u00edmpicos \u201cTokio 2020\u201d","datePublished":"2021-06-18T12:02:34+00:00","dateModified":"2021-06-18T12:02:35+00:00","mainEntityOfPage":{"@id":"https:\/\/www.mpppst.gob.ve\/mpppstweb\/index.php\/2021\/06\/18\/presidente-maduro-abandero-delegaciones-de-venezuela-a-juegos-olimpicos-y-paralimpicos-tokio-2020\/"},"wordCount":533,"publisher":{"@id":"https:\/\/www.mpppst.gob.ve\/mpppstweb\/#organization"},"image":{"@id":"https:\/\/www.mpppst.gob.ve\/mpppstweb\/index.php\/2021\/06\/18\/presidente-maduro-abandero-delegaciones-de-venezuela-a-juegos-olimpicos-y-paralimpicos-tokio-2020\/#primaryimage"},"thumbnailUrl":"https:\/\/www.mpppst.gob.ve\/mpppstweb\/wp-content\/uploads\/2021\/06\/07ZC_L1617_W-768x427-1.jpg","articleSection":["Gobierno Nacional","Noticias"],"inLanguage":"es"},{"@type":"WebPage","@id":"https:\/\/www.mpppst.gob.ve\/mpppstweb\/index.php\/2021\/06\/18\/presidente-maduro-abandero-delegaciones-de-venezuela-a-juegos-olimpicos-y-paralimpicos-tokio-2020\/","url":"https:\/\/www.mpppst.gob.ve\/mpppstweb\/index.php\/2021\/06\/18\/presidente-maduro-abandero-delegaciones-de-venezuela-a-juegos-olimpicos-y-paralimpicos-tokio-2020\/","name":"Presidente Maduro abander\u00f3 delegaciones de Venezuela a Juegos Ol\u00edmpicos y Paral\u00edmpicos \u201cTokio 2020\u201d - MPPPST","isPartOf":{"@id":"https:\/\/www.mpppst.gob.ve\/mpppstweb\/#website"},"primaryImageOfPage":{"@id":"https:\/\/www.mpppst.gob.ve\/mpppstweb\/index.php\/2021\/06\/18\/presidente-maduro-abandero-delegaciones-de-venezuela-a-juegos-olimpicos-y-paralimpicos-tokio-2020\/#primaryimage"},"image":{"@id":"https:\/\/www.mpppst.gob.ve\/mpppstweb\/index.php\/2021\/06\/18\/presidente-maduro-abandero-delegaciones-de-venezuela-a-juegos-olimpicos-y-paralimpicos-tokio-2020\/#primaryimage"},"thumbnailUrl":"https:\/\/www.mpppst.gob.ve\/mpppstweb\/wp-content\/uploads\/2021\/06\/07ZC_L1617_W-768x427-1.jpg","datePublished":"2021-06-18T12:02:34+00:00","dateModified":"2021-06-18T12:02:35+00:00","breadcrumb":{"@id":"https:\/\/www.mpppst.gob.ve\/mpppstweb\/index.php\/2021\/06\/18\/presidente-maduro-abandero-delegaciones-de-venezuela-a-juegos-olimpicos-y-paralimpicos-tokio-2020\/#breadcrumb"},"inLanguage":"es","potentialAction":[{"@type":"ReadAction","target":["https:\/\/www.mpppst.gob.ve\/mpppstweb\/index.php\/2021\/06\/18\/presidente-maduro-abandero-delegaciones-de-venezuela-a-juegos-olimpicos-y-paralimpicos-tokio-2020\/"]}]},{"@type":"ImageObject","inLanguage":"es","@id":"https:\/\/www.mpppst.gob.ve\/mpppstweb\/index.php\/2021\/06\/18\/presidente-maduro-abandero-delegaciones-de-venezuela-a-juegos-olimpicos-y-paralimpicos-tokio-2020\/#primaryimage","url":"https:\/\/www.mpppst.gob.ve\/mpppstweb\/wp-content\/uploads\/2021\/06\/07ZC_L1617_W-768x427-1.jpg","contentUrl":"https:\/\/www.mpppst.gob.ve\/mpppstweb\/wp-content\/uploads\/2021\/06\/07ZC_L1617_W-768x427-1.jpg","width":768,"height":427},{"@type":"BreadcrumbList","@id":"https:\/\/www.mpppst.gob.ve\/mpppstweb\/index.php\/2021\/06\/18\/presidente-maduro-abandero-delegaciones-de-venezuela-a-juegos-olimpicos-y-paralimpicos-tokio-2020\/#breadcrumb","itemListElement":[{"@type":"ListItem","position":1,"name":"Home","item":"https:\/\/www.mpppst.gob.ve\/mpppstweb\/"},{"@type":"ListItem","position":2,"name":"Presidente Maduro abander\u00f3 delegaciones de Venezuela a Juegos Ol\u00edmpicos y Paral\u00edmpicos \u201cTokio 2020\u201d"}]},{"@type":"WebSite","@id":"https:\/\/www.mpppst.gob.ve\/mpppstweb\/#website","url":"https:\/\/www.mpppst.gob.ve\/mpppstweb\/","name":"MPPPST","description":"Ministerio del Poder Popular para el Proceso Social de Trabajo","publisher":{"@id":"https:\/\/www.mpppst.gob.ve\/mpppstweb\/#organization"},"potentialAction":[{"@type":"SearchAction","target":{"@type":"EntryPoint","urlTemplate":"https:\/\/www.mpppst.gob.ve\/mpppstweb\/?s={search_term_string}"},"query-input":"required name=search_term_string"}],"inLanguage":"es"},{"@type":"Organization","@id":"https:\/\/www.mpppst.gob.ve\/mpppstweb\/#organization","name":"mpppst","url":"https:\/\/www.mpppst.gob.ve\/mpppstweb\/","logo":{"@type":"ImageObject","inLanguage":"es","@id":"https:\/\/www.mpppst.gob.ve\/mpppstweb\/#\/schema\/logo\/image\/","url":"https:\/\/www.mpppst.gob.ve\/mpppstweb\/wp-content\/uploads\/2025\/07\/cropped-cropped-g910.png","contentUrl":"https:\/\/www.mpppst.gob.ve\/mpppstweb\/wp-content\/uploads\/2025\/07\/cropped-cropped-g910.png","width":1080,"height":241,"caption":"mpppst"},"image":{"@id":"https:\/\/www.mpppst.gob.ve\/mpppstweb\/#\/schema\/logo\/image\/"}},{"@type":"Person","@id":"https:\/\/www.mpppst.gob.ve\/mpppstweb\/#\/schema\/person\/fc187ee8ead412bd4c9304b62f900ea4","name":"MPPPST Prensa","url":"https:\/\/www.mpppst.gob.ve\/mpppstweb\/index.php\/author\/prensa-mpppst\/"}]}},"_links":{"self":[{"href":"https:\/\/www.mpppst.gob.ve\/mpppstweb\/index.php\/wp-json\/wp\/v2\/posts\/22664"}],"collection":[{"href":"https:\/\/www.mpppst.gob.ve\/mpppstweb\/index.php\/wp-json\/wp\/v2\/posts"}],"about":[{"href":"https:\/\/www.mpppst.gob.ve\/mpppstweb\/index.php\/wp-json\/wp\/v2\/types\/post"}],"author":[{"embeddable":true,"href":"https:\/\/www.mpppst.gob.ve\/mpppstweb\/index.php\/wp-json\/wp\/v2\/users\/25"}],"replies":[{"embeddable":true,"href":"https:\/\/www.mpppst.gob.ve\/mpppstweb\/index.php\/wp-json\/wp\/v2\/comments?post=22664"}],"version-history":[{"count":1,"href":"https:\/\/www.mpppst.gob.ve\/mpppstweb\/index.php\/wp-json\/wp\/v2\/posts\/22664\/revisions"}],"predecessor-version":[{"id":22666,"href":"https:\/\/www.mpppst.gob.ve\/mpppstweb\/index.php\/wp-json\/wp\/v2\/posts\/22664\/revisions\/22666"}],"wp:featuredmedia":[{"embeddable":true,"href":"https:\/\/www.mpppst.gob.ve\/mpppstweb\/index.php\/wp-json\/wp\/v2\/media\/22665"}],"wp:attachment":[{"href":"https:\/\/www.mpppst.gob.ve\/mpppstweb\/index.php\/wp-json\/wp\/v2\/media?parent=22664"}],"wp:term":[{"taxonomy":"category","embeddable":true,"href":"https:\/\/www.mpppst.gob.ve\/mpppstweb\/index.php\/wp-json\/wp\/v2\/categories?post=22664"},{"taxonomy":"post_tag","embeddable":true,"href":"https:\/\/www.mpppst.gob.ve\/mpppstweb\/index.php\/wp-json\/wp\/v2\/tags?post=22664"}],"curies":[{"name":"wp","href":"https:\/\/api.w.org\/{rel}","templated":true}]}}