{"id":22667,"date":"2021-06-21T06:10:34","date_gmt":"2021-06-21T10:10:34","guid":{"rendered":"http:\/\/www.mpppst.gob.ve\/mpppstweb\/?p=22667"},"modified":"2021-06-21T06:15:01","modified_gmt":"2021-06-21T10:15:01","slug":"presidente-maduro-gran-mision-chamba-juvenil-potencia-la-energia-y-la-capacidad-de-trabajo-de-la-muchachada-de-la-patria","status":"publish","type":"post","link":"https:\/\/www.mpppst.gob.ve\/mpppstweb\/index.php\/2021\/06\/21\/presidente-maduro-gran-mision-chamba-juvenil-potencia-la-energia-y-la-capacidad-de-trabajo-de-la-muchachada-de-la-patria\/","title":{"rendered":"Presidente Maduro: Gran Misi\u00f3n Chamba Juvenil potencia la energ\u00eda y la capacidad de trabajo de la muchachada de la Patria"},"content":{"rendered":"\n<p>El presidente de la Rep\u00fablica Bolivariana de Venezuela, Nicol\u00e1s Maduro, resalt\u00f3 este domingo&nbsp;que producto de&nbsp;la violencia fascista que intent\u00f3 quebrantar la paz, decidi\u00f3 crear la Gran Misi\u00f3n Chamba Juvenil para potenciar la energ\u00eda y la capacidad de trabajo de la muchachada de la Patria, cuentan con su protecci\u00f3n y respaldo para garantizar el futuro.<\/p>\n\n\n\n<p>El mensaje lo dio a conocer el jefe de Estado a trav\u00e9s de sus cuentas en las redes sociales.&nbsp;<\/p>\n\n\n\n<figure><iframe allowfullscreen=\"true\" class=\"\" src=\"https:\/\/platform.twitter.com\/embed\/Tweet.html?creatorScreenName=VTVcanal8&amp;dnt=false&amp;embedId=twitter-widget-0&amp;features=eyJ0ZndfZXhwZXJpbWVudHNfY29va2llX2V4cGlyYXRpb24iOnsiYnVja2V0IjoxMjA5NjAwLCJ2ZXJzaW9uIjpudWxsfSwidGZ3X2hvcml6b25fdHdlZXRfZW1iZWRfOTU1NSI6eyJidWNrZXQiOiJodGUiLCJ2ZXJzaW9uIjpudWxsfSwidGZ3X3R3ZWV0X2VtYmVkX2NsaWNrYWJpbGl0eV8xMjEwMiI6eyJidWNrZXQiOiJjb250cm9sIiwidmVyc2lvbiI6bnVsbH0sInRmd190ZWFtX2hvbGRiYWNrXzExOTI5Ijp7ImJ1Y2tldCI6InByb2R1Y3Rpb24iLCJ2ZXJzaW9uIjo3fX0%3D&amp;frame=false&amp;hideCard=false&amp;hideThread=false&amp;id=1406627999659724801&amp;lang=es&amp;origin=https%3A%2F%2Fwww.vtv.gob.ve%2Fpresidente-maduro-gran-mision-chamba-juvenil-potencia-energia-capacidad-trabajo-muchachada-patria%2F&amp;sessionId=ecd9d657a1a4e67183e33aacbc1a3e43d03ef0e5&amp;siteScreenName=VTVcanal8&amp;theme=light&amp;widgetsVersion=91a128e%3A1623306204510&amp;width=550px\"><\/iframe><\/figure>\n\n\n\n<p>La Gran Misi\u00f3n Chamba Juvenil tiene como objetivo impulsar, con mayor fuerza, el desarrollo productivo de la Patria. Para ello la convocatoria es para que los j\u00f3venes se sumen al esfuerzo nacional y as\u00ed seguir construyendo una Patria econ\u00f3micamente independiente como novedoso programa de inclusi\u00f3n&nbsp; juvenil en el campo laboral.<\/p>\n\n\n\n<p>Adem\u00e1s, la Gran Misi\u00f3n Chamba Juvenil avanza en todos los campos de atenci\u00f3n a la sociedad, educaci\u00f3n, salud, cultura, seguridad, industria y agricultura, con el prop\u00f3sito de que la juventud se convierta en la vanguardia de todos los sectores.<\/p>\n","protected":false},"excerpt":{"rendered":"<p>El presidente de la Rep\u00fablica Bolivariana de Venezuela, Nicol\u00e1s Maduro, resalt\u00f3 este domingo&nbsp;que producto de&nbsp;la violencia &hellip; <a title=\"Presidente Maduro: Gran Misi\u00f3n Chamba Juvenil potencia la energ\u00eda y la capacidad de trabajo de la muchachada de la Patria\" class=\"hm-read-more\" href=\"https:\/\/www.mpppst.gob.ve\/mpppstweb\/index.php\/2021\/06\/21\/presidente-maduro-gran-mision-chamba-juvenil-potencia-la-energia-y-la-capacidad-de-trabajo-de-la-muchachada-de-la-patria\/\"><span class=\"screen-reader-text\">Presidente Maduro: Gran Misi\u00f3n Chamba Juvenil potencia la energ\u00eda y la capacidad de trabajo de la muchachada de la Patria<\/span>Read more<\/a><\/p>\n","protected":false},"author":25,"featured_media":22668,"comment_status":"closed","ping_status":"closed","sticky":false,"template":"","format":"standard","meta":{"footnotes":""},"categories":[82,163],"tags":[],"yoast_head":"<!-- This site is optimized with the Yoast SEO plugin v22.5 - https:\/\/yoast.com\/wordpress\/plugins\/seo\/ -->\n<title>Presidente Maduro: Gran Misi\u00f3n Chamba Juvenil potencia la energ\u00eda y la capacidad de trabajo de la muchachada de la Patria - MPPPST<\/title>\n<meta name=\"robots\" content=\"index, follow, max-snippet:-1, max-image-preview:large, max-video-preview:-1\" \/>\n<link rel=\"canonical\" href=\"https:\/\/www.mpppst.gob.ve\/mpppstweb\/index.php\/2021\/06\/21\/presidente-maduro-gran-mision-chamba-juvenil-potencia-la-energia-y-la-capacidad-de-trabajo-de-la-muchachada-de-la-patria\/\" \/>\n<meta property=\"og:locale\" content=\"es_ES\" \/>\n<meta property=\"og:type\" content=\"article\" \/>\n<meta property=\"og:title\" content=\"Presidente Maduro: Gran Misi\u00f3n Chamba Juvenil potencia la energ\u00eda y la capacidad de trabajo de la muchachada de la Patria - MPPPST\" \/>\n<meta property=\"og:description\" content=\"El presidente de la Rep\u00fablica Bolivariana de Venezuela, Nicol\u00e1s Maduro, resalt\u00f3 este domingo&nbsp;que producto de&nbsp;la violencia &hellip; Presidente Maduro: Gran Misi\u00f3n Chamba Juvenil potencia la energ\u00eda y la capacidad de trabajo de la muchachada de la PatriaRead more\" \/>\n<meta property=\"og:url\" content=\"https:\/\/www.mpppst.gob.ve\/mpppstweb\/index.php\/2021\/06\/21\/presidente-maduro-gran-mision-chamba-juvenil-potencia-la-energia-y-la-capacidad-de-trabajo-de-la-muchachada-de-la-patria\/\" \/>\n<meta property=\"og:site_name\" content=\"MPPPST\" \/>\n<meta property=\"article:published_time\" content=\"2021-06-21T10:10:34+00:00\" \/>\n<meta property=\"article:modified_time\" content=\"2021-06-21T10:15:01+00:00\" \/>\n<meta property=\"og:image\" content=\"https:\/\/www.mpppst.gob.ve\/mpppstweb\/wp-content\/uploads\/2021\/06\/chamba-juvenil-768x373-1.jpg\" \/>\n\t<meta property=\"og:image:width\" content=\"768\" \/>\n\t<meta property=\"og:image:height\" content=\"373\" \/>\n\t<meta property=\"og:image:type\" content=\"image\/jpeg\" \/>\n<meta name=\"author\" content=\"MPPPST Prensa\" \/>\n<meta name=\"twitter:card\" content=\"summary_large_image\" \/>\n<meta name=\"twitter:label1\" content=\"Escrito por\" \/>\n\t<meta name=\"twitter:data1\" content=\"MPPPST Prensa\" \/>\n\t<meta name=\"twitter:label2\" content=\"Tiempo de lectura\" \/>\n\t<meta name=\"twitter:data2\" content=\"1 minuto\" \/>\n<script type=\"application\/ld+json\" class=\"yoast-schema-graph\">{\"@context\":\"https:\/\/schema.org\",\"@graph\":[{\"@type\":\"Article\",\"@id\":\"https:\/\/www.mpppst.gob.ve\/mpppstweb\/index.php\/2021\/06\/21\/presidente-maduro-gran-mision-chamba-juvenil-potencia-la-energia-y-la-capacidad-de-trabajo-de-la-muchachada-de-la-patria\/#article\",\"isPartOf\":{\"@id\":\"https:\/\/www.mpppst.gob.ve\/mpppstweb\/index.php\/2021\/06\/21\/presidente-maduro-gran-mision-chamba-juvenil-potencia-la-energia-y-la-capacidad-de-trabajo-de-la-muchachada-de-la-patria\/\"},\"author\":{\"name\":\"MPPPST Prensa\",\"@id\":\"https:\/\/www.mpppst.gob.ve\/mpppstweb\/#\/schema\/person\/fc187ee8ead412bd4c9304b62f900ea4\"},\"headline\":\"Presidente Maduro: Gran Misi\u00f3n Chamba Juvenil potencia la energ\u00eda y la capacidad de trabajo de la muchachada de la Patria\",\"datePublished\":\"2021-06-21T10:10:34+00:00\",\"dateModified\":\"2021-06-21T10:15:01+00:00\",\"mainEntityOfPage\":{\"@id\":\"https:\/\/www.mpppst.gob.ve\/mpppstweb\/index.php\/2021\/06\/21\/presidente-maduro-gran-mision-chamba-juvenil-potencia-la-energia-y-la-capacidad-de-trabajo-de-la-muchachada-de-la-patria\/\"},\"wordCount\":205,\"publisher\":{\"@id\":\"https:\/\/www.mpppst.gob.ve\/mpppstweb\/#organization\"},\"image\":{\"@id\":\"https:\/\/www.mpppst.gob.ve\/mpppstweb\/index.php\/2021\/06\/21\/presidente-maduro-gran-mision-chamba-juvenil-potencia-la-energia-y-la-capacidad-de-trabajo-de-la-muchachada-de-la-patria\/#primaryimage\"},\"thumbnailUrl\":\"https:\/\/www.mpppst.gob.ve\/mpppstweb\/wp-content\/uploads\/2021\/06\/chamba-juvenil-768x373-1.jpg\",\"articleSection\":[\"Gobierno Nacional\",\"Noticias\"],\"inLanguage\":\"es\"},{\"@type\":\"WebPage\",\"@id\":\"https:\/\/www.mpppst.gob.ve\/mpppstweb\/index.php\/2021\/06\/21\/presidente-maduro-gran-mision-chamba-juvenil-potencia-la-energia-y-la-capacidad-de-trabajo-de-la-muchachada-de-la-patria\/\",\"url\":\"https:\/\/www.mpppst.gob.ve\/mpppstweb\/index.php\/2021\/06\/21\/presidente-maduro-gran-mision-chamba-juvenil-potencia-la-energia-y-la-capacidad-de-trabajo-de-la-muchachada-de-la-patria\/\",\"name\":\"Presidente Maduro: Gran Misi\u00f3n Chamba Juvenil potencia la energ\u00eda y la capacidad de trabajo de la muchachada de la Patria - MPPPST\",\"isPartOf\":{\"@id\":\"https:\/\/www.mpppst.gob.ve\/mpppstweb\/#website\"},\"primaryImageOfPage\":{\"@id\":\"https:\/\/www.mpppst.gob.ve\/mpppstweb\/index.php\/2021\/06\/21\/presidente-maduro-gran-mision-chamba-juvenil-potencia-la-energia-y-la-capacidad-de-trabajo-de-la-muchachada-de-la-patria\/#primaryimage\"},\"image\":{\"@id\":\"https:\/\/www.mpppst.gob.ve\/mpppstweb\/index.php\/2021\/06\/21\/presidente-maduro-gran-mision-chamba-juvenil-potencia-la-energia-y-la-capacidad-de-trabajo-de-la-muchachada-de-la-patria\/#primaryimage\"},\"thumbnailUrl\":\"https:\/\/www.mpppst.gob.ve\/mpppstweb\/wp-content\/uploads\/2021\/06\/chamba-juvenil-768x373-1.jpg\",\"datePublished\":\"2021-06-21T10:10:34+00:00\",\"dateModified\":\"2021-06-21T10:15:01+00:00\",\"breadcrumb\":{\"@id\":\"https:\/\/www.mpppst.gob.ve\/mpppstweb\/index.php\/2021\/06\/21\/presidente-maduro-gran-mision-chamba-juvenil-potencia-la-energia-y-la-capacidad-de-trabajo-de-la-muchachada-de-la-patria\/#breadcrumb\"},\"inLanguage\":\"es\",\"potentialAction\":[{\"@type\":\"ReadAction\",\"target\":[\"https:\/\/www.mpppst.gob.ve\/mpppstweb\/index.php\/2021\/06\/21\/presidente-maduro-gran-mision-chamba-juvenil-potencia-la-energia-y-la-capacidad-de-trabajo-de-la-muchachada-de-la-patria\/\"]}]},{\"@type\":\"ImageObject\",\"inLanguage\":\"es\",\"@id\":\"https:\/\/www.mpppst.gob.ve\/mpppstweb\/index.php\/2021\/06\/21\/presidente-maduro-gran-mision-chamba-juvenil-potencia-la-energia-y-la-capacidad-de-trabajo-de-la-muchachada-de-la-patria\/#primaryimage\",\"url\":\"https:\/\/www.mpppst.gob.ve\/mpppstweb\/wp-content\/uploads\/2021\/06\/chamba-juvenil-768x373-1.jpg\",\"contentUrl\":\"https:\/\/www.mpppst.gob.ve\/mpppstweb\/wp-content\/uploads\/2021\/06\/chamba-juvenil-768x373-1.jpg\",\"width\":768,\"height\":373},{\"@type\":\"BreadcrumbList\",\"@id\":\"https:\/\/www.mpppst.gob.ve\/mpppstweb\/index.php\/2021\/06\/21\/presidente-maduro-gran-mision-chamba-juvenil-potencia-la-energia-y-la-capacidad-de-trabajo-de-la-muchachada-de-la-patria\/#breadcrumb\",\"itemListElement\":[{\"@type\":\"ListItem\",\"position\":1,\"name\":\"Home\",\"item\":\"https:\/\/www.mpppst.gob.ve\/mpppstweb\/\"},{\"@type\":\"ListItem\",\"position\":2,\"name\":\"Presidente Maduro: Gran Misi\u00f3n Chamba Juvenil potencia la energ\u00eda y la capacidad de trabajo de la muchachada de la Patria\"}]},{\"@type\":\"WebSite\",\"@id\":\"https:\/\/www.mpppst.gob.ve\/mpppstweb\/#website\",\"url\":\"https:\/\/www.mpppst.gob.ve\/mpppstweb\/\",\"name\":\"MPPPST\",\"description\":\"Ministerio del Poder Popular para el Proceso Social de Trabajo\",\"publisher\":{\"@id\":\"https:\/\/www.mpppst.gob.ve\/mpppstweb\/#organization\"},\"potentialAction\":[{\"@type\":\"SearchAction\",\"target\":{\"@type\":\"EntryPoint\",\"urlTemplate\":\"https:\/\/www.mpppst.gob.ve\/mpppstweb\/?s={search_term_string}\"},\"query-input\":\"required name=search_term_string\"}],\"inLanguage\":\"es\"},{\"@type\":\"Organization\",\"@id\":\"https:\/\/www.mpppst.gob.ve\/mpppstweb\/#organization\",\"name\":\"mpppst\",\"url\":\"https:\/\/www.mpppst.gob.ve\/mpppstweb\/\",\"logo\":{\"@type\":\"ImageObject\",\"inLanguage\":\"es\",\"@id\":\"https:\/\/www.mpppst.gob.ve\/mpppstweb\/#\/schema\/logo\/image\/\",\"url\":\"https:\/\/www.mpppst.gob.ve\/mpppstweb\/wp-content\/uploads\/2025\/07\/cropped-cropped-g910.png\",\"contentUrl\":\"https:\/\/www.mpppst.gob.ve\/mpppstweb\/wp-content\/uploads\/2025\/07\/cropped-cropped-g910.png\",\"width\":1080,\"height\":241,\"caption\":\"mpppst\"},\"image\":{\"@id\":\"https:\/\/www.mpppst.gob.ve\/mpppstweb\/#\/schema\/logo\/image\/\"}},{\"@type\":\"Person\",\"@id\":\"https:\/\/www.mpppst.gob.ve\/mpppstweb\/#\/schema\/person\/fc187ee8ead412bd4c9304b62f900ea4\",\"name\":\"MPPPST Prensa\",\"url\":\"https:\/\/www.mpppst.gob.ve\/mpppstweb\/index.php\/author\/prensa-mpppst\/\"}]}<\/script>\n<!-- \/ Yoast SEO plugin. -->","yoast_head_json":{"title":"Presidente Maduro: Gran Misi\u00f3n Chamba Juvenil potencia la energ\u00eda y la capacidad de trabajo de la muchachada de la Patria - MPPPST","robots":{"index":"index","follow":"follow","max-snippet":"max-snippet:-1","max-image-preview":"max-image-preview:large","max-video-preview":"max-video-preview:-1"},"canonical":"https:\/\/www.mpppst.gob.ve\/mpppstweb\/index.php\/2021\/06\/21\/presidente-maduro-gran-mision-chamba-juvenil-potencia-la-energia-y-la-capacidad-de-trabajo-de-la-muchachada-de-la-patria\/","og_locale":"es_ES","og_type":"article","og_title":"Presidente Maduro: Gran Misi\u00f3n Chamba Juvenil potencia la energ\u00eda y la capacidad de trabajo de la muchachada de la Patria - MPPPST","og_description":"El presidente de la Rep\u00fablica Bolivariana de Venezuela, Nicol\u00e1s Maduro, resalt\u00f3 este domingo&nbsp;que producto de&nbsp;la violencia &hellip; Presidente Maduro: Gran Misi\u00f3n Chamba Juvenil potencia la energ\u00eda y la capacidad de trabajo de la muchachada de la PatriaRead more","og_url":"https:\/\/www.mpppst.gob.ve\/mpppstweb\/index.php\/2021\/06\/21\/presidente-maduro-gran-mision-chamba-juvenil-potencia-la-energia-y-la-capacidad-de-trabajo-de-la-muchachada-de-la-patria\/","og_site_name":"MPPPST","article_published_time":"2021-06-21T10:10:34+00:00","article_modified_time":"2021-06-21T10:15:01+00:00","og_image":[{"width":768,"height":373,"url":"https:\/\/www.mpppst.gob.ve\/mpppstweb\/wp-content\/uploads\/2021\/06\/chamba-juvenil-768x373-1.jpg","type":"image\/jpeg"}],"author":"MPPPST Prensa","twitter_card":"summary_large_image","twitter_misc":{"Escrito por":"MPPPST Prensa","Tiempo de lectura":"1 minuto"},"schema":{"@context":"https:\/\/schema.org","@graph":[{"@type":"Article","@id":"https:\/\/www.mpppst.gob.ve\/mpppstweb\/index.php\/2021\/06\/21\/presidente-maduro-gran-mision-chamba-juvenil-potencia-la-energia-y-la-capacidad-de-trabajo-de-la-muchachada-de-la-patria\/#article","isPartOf":{"@id":"https:\/\/www.mpppst.gob.ve\/mpppstweb\/index.php\/2021\/06\/21\/presidente-maduro-gran-mision-chamba-juvenil-potencia-la-energia-y-la-capacidad-de-trabajo-de-la-muchachada-de-la-patria\/"},"author":{"name":"MPPPST Prensa","@id":"https:\/\/www.mpppst.gob.ve\/mpppstweb\/#\/schema\/person\/fc187ee8ead412bd4c9304b62f900ea4"},"headline":"Presidente Maduro: Gran Misi\u00f3n Chamba Juvenil potencia la energ\u00eda y la capacidad de trabajo de la muchachada de la Patria","datePublished":"2021-06-21T10:10:34+00:00","dateModified":"2021-06-21T10:15:01+00:00","mainEntityOfPage":{"@id":"https:\/\/www.mpppst.gob.ve\/mpppstweb\/index.php\/2021\/06\/21\/presidente-maduro-gran-mision-chamba-juvenil-potencia-la-energia-y-la-capacidad-de-trabajo-de-la-muchachada-de-la-patria\/"},"wordCount":205,"publisher":{"@id":"https:\/\/www.mpppst.gob.ve\/mpppstweb\/#organization"},"image":{"@id":"https:\/\/www.mpppst.gob.ve\/mpppstweb\/index.php\/2021\/06\/21\/presidente-maduro-gran-mision-chamba-juvenil-potencia-la-energia-y-la-capacidad-de-trabajo-de-la-muchachada-de-la-patria\/#primaryimage"},"thumbnailUrl":"https:\/\/www.mpppst.gob.ve\/mpppstweb\/wp-content\/uploads\/2021\/06\/chamba-juvenil-768x373-1.jpg","articleSection":["Gobierno Nacional","Noticias"],"inLanguage":"es"},{"@type":"WebPage","@id":"https:\/\/www.mpppst.gob.ve\/mpppstweb\/index.php\/2021\/06\/21\/presidente-maduro-gran-mision-chamba-juvenil-potencia-la-energia-y-la-capacidad-de-trabajo-de-la-muchachada-de-la-patria\/","url":"https:\/\/www.mpppst.gob.ve\/mpppstweb\/index.php\/2021\/06\/21\/presidente-maduro-gran-mision-chamba-juvenil-potencia-la-energia-y-la-capacidad-de-trabajo-de-la-muchachada-de-la-patria\/","name":"Presidente Maduro: Gran Misi\u00f3n Chamba Juvenil potencia la energ\u00eda y la capacidad de trabajo de la muchachada de la Patria - MPPPST","isPartOf":{"@id":"https:\/\/www.mpppst.gob.ve\/mpppstweb\/#website"},"primaryImageOfPage":{"@id":"https:\/\/www.mpppst.gob.ve\/mpppstweb\/index.php\/2021\/06\/21\/presidente-maduro-gran-mision-chamba-juvenil-potencia-la-energia-y-la-capacidad-de-trabajo-de-la-muchachada-de-la-patria\/#primaryimage"},"image":{"@id":"https:\/\/www.mpppst.gob.ve\/mpppstweb\/index.php\/2021\/06\/21\/presidente-maduro-gran-mision-chamba-juvenil-potencia-la-energia-y-la-capacidad-de-trabajo-de-la-muchachada-de-la-patria\/#primaryimage"},"thumbnailUrl":"https:\/\/www.mpppst.gob.ve\/mpppstweb\/wp-content\/uploads\/2021\/06\/chamba-juvenil-768x373-1.jpg","datePublished":"2021-06-21T10:10:34+00:00","dateModified":"2021-06-21T10:15:01+00:00","breadcrumb":{"@id":"https:\/\/www.mpppst.gob.ve\/mpppstweb\/index.php\/2021\/06\/21\/presidente-maduro-gran-mision-chamba-juvenil-potencia-la-energia-y-la-capacidad-de-trabajo-de-la-muchachada-de-la-patria\/#breadcrumb"},"inLanguage":"es","potentialAction":[{"@type":"ReadAction","target":["https:\/\/www.mpppst.gob.ve\/mpppstweb\/index.php\/2021\/06\/21\/presidente-maduro-gran-mision-chamba-juvenil-potencia-la-energia-y-la-capacidad-de-trabajo-de-la-muchachada-de-la-patria\/"]}]},{"@type":"ImageObject","inLanguage":"es","@id":"https:\/\/www.mpppst.gob.ve\/mpppstweb\/index.php\/2021\/06\/21\/presidente-maduro-gran-mision-chamba-juvenil-potencia-la-energia-y-la-capacidad-de-trabajo-de-la-muchachada-de-la-patria\/#primaryimage","url":"https:\/\/www.mpppst.gob.ve\/mpppstweb\/wp-content\/uploads\/2021\/06\/chamba-juvenil-768x373-1.jpg","contentUrl":"https:\/\/www.mpppst.gob.ve\/mpppstweb\/wp-content\/uploads\/2021\/06\/chamba-juvenil-768x373-1.jpg","width":768,"height":373},{"@type":"BreadcrumbList","@id":"https:\/\/www.mpppst.gob.ve\/mpppstweb\/index.php\/2021\/06\/21\/presidente-maduro-gran-mision-chamba-juvenil-potencia-la-energia-y-la-capacidad-de-trabajo-de-la-muchachada-de-la-patria\/#breadcrumb","itemListElement":[{"@type":"ListItem","position":1,"name":"Home","item":"https:\/\/www.mpppst.gob.ve\/mpppstweb\/"},{"@type":"ListItem","position":2,"name":"Presidente Maduro: Gran Misi\u00f3n Chamba Juvenil potencia la energ\u00eda y la capacidad de trabajo de la muchachada de la Patria"}]},{"@type":"WebSite","@id":"https:\/\/www.mpppst.gob.ve\/mpppstweb\/#website","url":"https:\/\/www.mpppst.gob.ve\/mpppstweb\/","name":"MPPPST","description":"Ministerio del Poder Popular para el Proceso Social de Trabajo","publisher":{"@id":"https:\/\/www.mpppst.gob.ve\/mpppstweb\/#organization"},"potentialAction":[{"@type":"SearchAction","target":{"@type":"EntryPoint","urlTemplate":"https:\/\/www.mpppst.gob.ve\/mpppstweb\/?s={search_term_string}"},"query-input":"required name=search_term_string"}],"inLanguage":"es"},{"@type":"Organization","@id":"https:\/\/www.mpppst.gob.ve\/mpppstweb\/#organization","name":"mpppst","url":"https:\/\/www.mpppst.gob.ve\/mpppstweb\/","logo":{"@type":"ImageObject","inLanguage":"es","@id":"https:\/\/www.mpppst.gob.ve\/mpppstweb\/#\/schema\/logo\/image\/","url":"https:\/\/www.mpppst.gob.ve\/mpppstweb\/wp-content\/uploads\/2025\/07\/cropped-cropped-g910.png","contentUrl":"https:\/\/www.mpppst.gob.ve\/mpppstweb\/wp-content\/uploads\/2025\/07\/cropped-cropped-g910.png","width":1080,"height":241,"caption":"mpppst"},"image":{"@id":"https:\/\/www.mpppst.gob.ve\/mpppstweb\/#\/schema\/logo\/image\/"}},{"@type":"Person","@id":"https:\/\/www.mpppst.gob.ve\/mpppstweb\/#\/schema\/person\/fc187ee8ead412bd4c9304b62f900ea4","name":"MPPPST Prensa","url":"https:\/\/www.mpppst.gob.ve\/mpppstweb\/index.php\/author\/prensa-mpppst\/"}]}},"_links":{"self":[{"href":"https:\/\/www.mpppst.gob.ve\/mpppstweb\/index.php\/wp-json\/wp\/v2\/posts\/22667"}],"collection":[{"href":"https:\/\/www.mpppst.gob.ve\/mpppstweb\/index.php\/wp-json\/wp\/v2\/posts"}],"about":[{"href":"https:\/\/www.mpppst.gob.ve\/mpppstweb\/index.php\/wp-json\/wp\/v2\/types\/post"}],"author":[{"embeddable":true,"href":"https:\/\/www.mpppst.gob.ve\/mpppstweb\/index.php\/wp-json\/wp\/v2\/users\/25"}],"replies":[{"embeddable":true,"href":"https:\/\/www.mpppst.gob.ve\/mpppstweb\/index.php\/wp-json\/wp\/v2\/comments?post=22667"}],"version-history":[{"count":1,"href":"https:\/\/www.mpppst.gob.ve\/mpppstweb\/index.php\/wp-json\/wp\/v2\/posts\/22667\/revisions"}],"predecessor-version":[{"id":22669,"href":"https:\/\/www.mpppst.gob.ve\/mpppstweb\/index.php\/wp-json\/wp\/v2\/posts\/22667\/revisions\/22669"}],"wp:featuredmedia":[{"embeddable":true,"href":"https:\/\/www.mpppst.gob.ve\/mpppstweb\/index.php\/wp-json\/wp\/v2\/media\/22668"}],"wp:attachment":[{"href":"https:\/\/www.mpppst.gob.ve\/mpppstweb\/index.php\/wp-json\/wp\/v2\/media?parent=22667"}],"wp:term":[{"taxonomy":"category","embeddable":true,"href":"https:\/\/www.mpppst.gob.ve\/mpppstweb\/index.php\/wp-json\/wp\/v2\/categories?post=22667"},{"taxonomy":"post_tag","embeddable":true,"href":"https:\/\/www.mpppst.gob.ve\/mpppstweb\/index.php\/wp-json\/wp\/v2\/tags?post=22667"}],"curies":[{"name":"wp","href":"https:\/\/api.w.org\/{rel}","templated":true}]}}