{"id":23803,"date":"2021-11-10T07:09:11","date_gmt":"2021-11-10T11:09:11","guid":{"rendered":"http:\/\/www.mpppst.gob.ve\/mpppstweb\/?p=23803"},"modified":"2021-11-10T07:09:12","modified_gmt":"2021-11-10T11:09:12","slug":"trabajadores-del-sen-se-capacitan-para-atender-a-personas-con-discapacidad-en-caracas","status":"publish","type":"post","link":"https:\/\/www.mpppst.gob.ve\/mpppstweb\/index.php\/2021\/11\/10\/trabajadores-del-sen-se-capacitan-para-atender-a-personas-con-discapacidad-en-caracas\/","title":{"rendered":"Trabajadores del SEN se capacitan para atender a personas con discapacidad en Caracas"},"content":{"rendered":"\n<p>Los trabajadores del Sistema El\u00e9ctrico Nacional (SEN) de Caracas mediante el Ministerio del Poder Popular para la Energ\u00eda El\u00e9ctrica (MPPEE), conjuntamente con el Consejo Nacional para las Personas con Discapacidad (Conapdis), dan inicio al ciclo de formaci\u00f3n con todas las herramientas necesarias que permitan el trato adecuado a las personas con discapacidad.<\/p>\n\n\n\n<p>De acuerdo a Prensa del MPPEE, el objetivo es consolidar y establecer los acuerdos del programa&nbsp;<strong>Creo en ti,<\/strong>&nbsp;que impulsa la mencionada cartera ministerial.<\/p>\n\n\n\n<p>En tal sentido, la viceministra para la Articulaci\u00f3n y Participaci\u00f3n Social en el Servicio El\u00e9ctrico del MPPEE, Nuris Perozo, sostuvo: \u201cDurante un mes, un equipo de trabajadores de diferentes \u00e1reas sociales se estar\u00e1n formando mediante un contenido integral conformado por siete m\u00f3dulos, el cual fortalecer\u00e1 la cultura de la discapacidad\u201d.<\/p>\n\n\n\n<p>Inform\u00f3 adem\u00e1s que ser\u00e1 el pr\u00f3ximo 3 de diciembre, en el contexto del D\u00eda Internacional de las Personas con Discapacidad, cuando las autoridades del Conapdis otorgar\u00e1n el certificado correspondiente.&nbsp;&nbsp;<\/p>\n\n\n\n<p>El taller de capacitaci\u00f3n y formaci\u00f3n cuenta con la participaci\u00f3n de 50 trabajadores que hacen vida en la sede ministerial, ubicada en Caracas, pero el objetivo es continuar la inducci\u00f3n hasta lograr llegar a todo el personal del MPPEE.<\/p>\n\n\n\n<figure class=\"wp-block-image\"><img decoding=\"async\" src=\"https:\/\/www.vtv.gob.ve\/wp-content\/uploads\/2021\/11\/Mppre2.jpg\" alt=\"\" class=\"wp-image-435510\"\/><figcaption>MPPEE<\/figcaption><\/figure>\n\n\n\n<h5 class=\"wp-block-heading\"><strong>Formaci\u00f3n s\u00f3lida e integral<\/strong><\/h5>\n\n\n\n<p>Con relaci\u00f3n al contenido pragm\u00e1tico del taller, el coordinador nacional del \u00e1rea de formaci\u00f3n social de Conapdis, Israel Pacheco, destac\u00f3 que los integrantes ser\u00e1n instruidos en las \u00e1reas del marco jur\u00eddico, terminolog\u00eda adecuada, derechos humanos, buen trato, prevenci\u00f3n, herramientas pedag\u00f3gicas, entre otros aspectos que garanticen una formaci\u00f3n s\u00f3lida e integral a los participantes.<\/p>\n\n\n\n<p>Por \u00faltimo, Pacheco indic\u00f3 que, como actividad de cierre, \u201clos asistentes podr\u00e1n vivir lo que hemos denominado el reto 5D, donde durante 5 minutos experimentar\u00e1n la vivencia de presentar alguna discapacidad; siendo as\u00ed un crecimiento a nivel espiritual, profesional y humano, convirti\u00e9ndolos en multiplicadores de esta informaci\u00f3n que busca la cultura de la discapacidad desde la sensibilidad\u201d.<\/p>\n","protected":false},"excerpt":{"rendered":"<p>Los trabajadores del Sistema El\u00e9ctrico Nacional (SEN) de Caracas mediante el Ministerio del Poder Popular para &hellip; <a title=\"Trabajadores del SEN se capacitan para atender a personas con discapacidad en Caracas\" class=\"hm-read-more\" href=\"https:\/\/www.mpppst.gob.ve\/mpppstweb\/index.php\/2021\/11\/10\/trabajadores-del-sen-se-capacitan-para-atender-a-personas-con-discapacidad-en-caracas\/\"><span class=\"screen-reader-text\">Trabajadores del SEN se capacitan para atender a personas con discapacidad en Caracas<\/span>Read more<\/a><\/p>\n","protected":false},"author":25,"featured_media":23804,"comment_status":"closed","ping_status":"closed","sticky":false,"template":"","format":"standard","meta":{"footnotes":""},"categories":[411,82,163],"tags":[],"yoast_head":"<!-- This site is optimized with the Yoast SEO plugin v22.5 - https:\/\/yoast.com\/wordpress\/plugins\/seo\/ -->\n<title>Trabajadores del SEN se capacitan para atender a personas con discapacidad en Caracas - MPPPST<\/title>\n<meta name=\"robots\" content=\"index, follow, max-snippet:-1, max-image-preview:large, max-video-preview:-1\" \/>\n<link rel=\"canonical\" href=\"https:\/\/www.mpppst.gob.ve\/mpppstweb\/index.php\/2021\/11\/10\/trabajadores-del-sen-se-capacitan-para-atender-a-personas-con-discapacidad-en-caracas\/\" \/>\n<meta property=\"og:locale\" content=\"es_ES\" \/>\n<meta property=\"og:type\" content=\"article\" \/>\n<meta property=\"og:title\" content=\"Trabajadores del SEN se capacitan para atender a personas con discapacidad en Caracas - MPPPST\" \/>\n<meta property=\"og:description\" content=\"Los trabajadores del Sistema El\u00e9ctrico Nacional (SEN) de Caracas mediante el Ministerio del Poder Popular para &hellip; Trabajadores del SEN se capacitan para atender a personas con discapacidad en CaracasRead more\" \/>\n<meta property=\"og:url\" content=\"https:\/\/www.mpppst.gob.ve\/mpppstweb\/index.php\/2021\/11\/10\/trabajadores-del-sen-se-capacitan-para-atender-a-personas-con-discapacidad-en-caracas\/\" \/>\n<meta property=\"og:site_name\" content=\"MPPPST\" \/>\n<meta property=\"article:published_time\" content=\"2021-11-10T11:09:11+00:00\" \/>\n<meta property=\"article:modified_time\" content=\"2021-11-10T11:09:12+00:00\" \/>\n<meta property=\"og:image\" content=\"https:\/\/www.mpppst.gob.ve\/mpppstweb\/wp-content\/uploads\/2021\/11\/Mppre-768x427-1.jpg\" \/>\n\t<meta property=\"og:image:width\" content=\"768\" \/>\n\t<meta property=\"og:image:height\" content=\"427\" \/>\n\t<meta property=\"og:image:type\" content=\"image\/jpeg\" \/>\n<meta name=\"author\" content=\"MPPPST Prensa\" \/>\n<meta name=\"twitter:card\" content=\"summary_large_image\" \/>\n<meta name=\"twitter:label1\" content=\"Escrito por\" \/>\n\t<meta name=\"twitter:data1\" content=\"MPPPST Prensa\" \/>\n\t<meta name=\"twitter:label2\" content=\"Tiempo de lectura\" \/>\n\t<meta name=\"twitter:data2\" content=\"2 minutos\" \/>\n<script type=\"application\/ld+json\" class=\"yoast-schema-graph\">{\"@context\":\"https:\/\/schema.org\",\"@graph\":[{\"@type\":\"Article\",\"@id\":\"https:\/\/www.mpppst.gob.ve\/mpppstweb\/index.php\/2021\/11\/10\/trabajadores-del-sen-se-capacitan-para-atender-a-personas-con-discapacidad-en-caracas\/#article\",\"isPartOf\":{\"@id\":\"https:\/\/www.mpppst.gob.ve\/mpppstweb\/index.php\/2021\/11\/10\/trabajadores-del-sen-se-capacitan-para-atender-a-personas-con-discapacidad-en-caracas\/\"},\"author\":{\"name\":\"MPPPST Prensa\",\"@id\":\"https:\/\/www.mpppst.gob.ve\/mpppstweb\/#\/schema\/person\/fc187ee8ead412bd4c9304b62f900ea4\"},\"headline\":\"Trabajadores del SEN se capacitan para atender a personas con discapacidad en Caracas\",\"datePublished\":\"2021-11-10T11:09:11+00:00\",\"dateModified\":\"2021-11-10T11:09:12+00:00\",\"mainEntityOfPage\":{\"@id\":\"https:\/\/www.mpppst.gob.ve\/mpppstweb\/index.php\/2021\/11\/10\/trabajadores-del-sen-se-capacitan-para-atender-a-personas-con-discapacidad-en-caracas\/\"},\"wordCount\":357,\"publisher\":{\"@id\":\"https:\/\/www.mpppst.gob.ve\/mpppstweb\/#organization\"},\"image\":{\"@id\":\"https:\/\/www.mpppst.gob.ve\/mpppstweb\/index.php\/2021\/11\/10\/trabajadores-del-sen-se-capacitan-para-atender-a-personas-con-discapacidad-en-caracas\/#primaryimage\"},\"thumbnailUrl\":\"https:\/\/www.mpppst.gob.ve\/mpppstweb\/wp-content\/uploads\/2021\/11\/Mppre-768x427-1.jpg\",\"articleSection\":[\"Formaci\u00f3n\",\"Gobierno Nacional\",\"Noticias\"],\"inLanguage\":\"es\"},{\"@type\":\"WebPage\",\"@id\":\"https:\/\/www.mpppst.gob.ve\/mpppstweb\/index.php\/2021\/11\/10\/trabajadores-del-sen-se-capacitan-para-atender-a-personas-con-discapacidad-en-caracas\/\",\"url\":\"https:\/\/www.mpppst.gob.ve\/mpppstweb\/index.php\/2021\/11\/10\/trabajadores-del-sen-se-capacitan-para-atender-a-personas-con-discapacidad-en-caracas\/\",\"name\":\"Trabajadores del SEN se capacitan para atender a personas con discapacidad en Caracas - MPPPST\",\"isPartOf\":{\"@id\":\"https:\/\/www.mpppst.gob.ve\/mpppstweb\/#website\"},\"primaryImageOfPage\":{\"@id\":\"https:\/\/www.mpppst.gob.ve\/mpppstweb\/index.php\/2021\/11\/10\/trabajadores-del-sen-se-capacitan-para-atender-a-personas-con-discapacidad-en-caracas\/#primaryimage\"},\"image\":{\"@id\":\"https:\/\/www.mpppst.gob.ve\/mpppstweb\/index.php\/2021\/11\/10\/trabajadores-del-sen-se-capacitan-para-atender-a-personas-con-discapacidad-en-caracas\/#primaryimage\"},\"thumbnailUrl\":\"https:\/\/www.mpppst.gob.ve\/mpppstweb\/wp-content\/uploads\/2021\/11\/Mppre-768x427-1.jpg\",\"datePublished\":\"2021-11-10T11:09:11+00:00\",\"dateModified\":\"2021-11-10T11:09:12+00:00\",\"breadcrumb\":{\"@id\":\"https:\/\/www.mpppst.gob.ve\/mpppstweb\/index.php\/2021\/11\/10\/trabajadores-del-sen-se-capacitan-para-atender-a-personas-con-discapacidad-en-caracas\/#breadcrumb\"},\"inLanguage\":\"es\",\"potentialAction\":[{\"@type\":\"ReadAction\",\"target\":[\"https:\/\/www.mpppst.gob.ve\/mpppstweb\/index.php\/2021\/11\/10\/trabajadores-del-sen-se-capacitan-para-atender-a-personas-con-discapacidad-en-caracas\/\"]}]},{\"@type\":\"ImageObject\",\"inLanguage\":\"es\",\"@id\":\"https:\/\/www.mpppst.gob.ve\/mpppstweb\/index.php\/2021\/11\/10\/trabajadores-del-sen-se-capacitan-para-atender-a-personas-con-discapacidad-en-caracas\/#primaryimage\",\"url\":\"https:\/\/www.mpppst.gob.ve\/mpppstweb\/wp-content\/uploads\/2021\/11\/Mppre-768x427-1.jpg\",\"contentUrl\":\"https:\/\/www.mpppst.gob.ve\/mpppstweb\/wp-content\/uploads\/2021\/11\/Mppre-768x427-1.jpg\",\"width\":768,\"height\":427},{\"@type\":\"BreadcrumbList\",\"@id\":\"https:\/\/www.mpppst.gob.ve\/mpppstweb\/index.php\/2021\/11\/10\/trabajadores-del-sen-se-capacitan-para-atender-a-personas-con-discapacidad-en-caracas\/#breadcrumb\",\"itemListElement\":[{\"@type\":\"ListItem\",\"position\":1,\"name\":\"Home\",\"item\":\"https:\/\/www.mpppst.gob.ve\/mpppstweb\/\"},{\"@type\":\"ListItem\",\"position\":2,\"name\":\"Trabajadores del SEN se capacitan para atender a personas con discapacidad en Caracas\"}]},{\"@type\":\"WebSite\",\"@id\":\"https:\/\/www.mpppst.gob.ve\/mpppstweb\/#website\",\"url\":\"https:\/\/www.mpppst.gob.ve\/mpppstweb\/\",\"name\":\"MPPPST\",\"description\":\"Ministerio del Poder Popular para el Proceso Social de Trabajo\",\"publisher\":{\"@id\":\"https:\/\/www.mpppst.gob.ve\/mpppstweb\/#organization\"},\"potentialAction\":[{\"@type\":\"SearchAction\",\"target\":{\"@type\":\"EntryPoint\",\"urlTemplate\":\"https:\/\/www.mpppst.gob.ve\/mpppstweb\/?s={search_term_string}\"},\"query-input\":\"required name=search_term_string\"}],\"inLanguage\":\"es\"},{\"@type\":\"Organization\",\"@id\":\"https:\/\/www.mpppst.gob.ve\/mpppstweb\/#organization\",\"name\":\"mpppst\",\"url\":\"https:\/\/www.mpppst.gob.ve\/mpppstweb\/\",\"logo\":{\"@type\":\"ImageObject\",\"inLanguage\":\"es\",\"@id\":\"https:\/\/www.mpppst.gob.ve\/mpppstweb\/#\/schema\/logo\/image\/\",\"url\":\"https:\/\/www.mpppst.gob.ve\/mpppstweb\/wp-content\/uploads\/2025\/07\/cropped-cropped-g910.png\",\"contentUrl\":\"https:\/\/www.mpppst.gob.ve\/mpppstweb\/wp-content\/uploads\/2025\/07\/cropped-cropped-g910.png\",\"width\":1080,\"height\":241,\"caption\":\"mpppst\"},\"image\":{\"@id\":\"https:\/\/www.mpppst.gob.ve\/mpppstweb\/#\/schema\/logo\/image\/\"}},{\"@type\":\"Person\",\"@id\":\"https:\/\/www.mpppst.gob.ve\/mpppstweb\/#\/schema\/person\/fc187ee8ead412bd4c9304b62f900ea4\",\"name\":\"MPPPST Prensa\",\"url\":\"https:\/\/www.mpppst.gob.ve\/mpppstweb\/index.php\/author\/prensa-mpppst\/\"}]}<\/script>\n<!-- \/ Yoast SEO plugin. -->","yoast_head_json":{"title":"Trabajadores del SEN se capacitan para atender a personas con discapacidad en Caracas - MPPPST","robots":{"index":"index","follow":"follow","max-snippet":"max-snippet:-1","max-image-preview":"max-image-preview:large","max-video-preview":"max-video-preview:-1"},"canonical":"https:\/\/www.mpppst.gob.ve\/mpppstweb\/index.php\/2021\/11\/10\/trabajadores-del-sen-se-capacitan-para-atender-a-personas-con-discapacidad-en-caracas\/","og_locale":"es_ES","og_type":"article","og_title":"Trabajadores del SEN se capacitan para atender a personas con discapacidad en Caracas - MPPPST","og_description":"Los trabajadores del Sistema El\u00e9ctrico Nacional (SEN) de Caracas mediante el Ministerio del Poder Popular para &hellip; Trabajadores del SEN se capacitan para atender a personas con discapacidad en CaracasRead more","og_url":"https:\/\/www.mpppst.gob.ve\/mpppstweb\/index.php\/2021\/11\/10\/trabajadores-del-sen-se-capacitan-para-atender-a-personas-con-discapacidad-en-caracas\/","og_site_name":"MPPPST","article_published_time":"2021-11-10T11:09:11+00:00","article_modified_time":"2021-11-10T11:09:12+00:00","og_image":[{"width":768,"height":427,"url":"https:\/\/www.mpppst.gob.ve\/mpppstweb\/wp-content\/uploads\/2021\/11\/Mppre-768x427-1.jpg","type":"image\/jpeg"}],"author":"MPPPST Prensa","twitter_card":"summary_large_image","twitter_misc":{"Escrito por":"MPPPST Prensa","Tiempo de lectura":"2 minutos"},"schema":{"@context":"https:\/\/schema.org","@graph":[{"@type":"Article","@id":"https:\/\/www.mpppst.gob.ve\/mpppstweb\/index.php\/2021\/11\/10\/trabajadores-del-sen-se-capacitan-para-atender-a-personas-con-discapacidad-en-caracas\/#article","isPartOf":{"@id":"https:\/\/www.mpppst.gob.ve\/mpppstweb\/index.php\/2021\/11\/10\/trabajadores-del-sen-se-capacitan-para-atender-a-personas-con-discapacidad-en-caracas\/"},"author":{"name":"MPPPST Prensa","@id":"https:\/\/www.mpppst.gob.ve\/mpppstweb\/#\/schema\/person\/fc187ee8ead412bd4c9304b62f900ea4"},"headline":"Trabajadores del SEN se capacitan para atender a personas con discapacidad en Caracas","datePublished":"2021-11-10T11:09:11+00:00","dateModified":"2021-11-10T11:09:12+00:00","mainEntityOfPage":{"@id":"https:\/\/www.mpppst.gob.ve\/mpppstweb\/index.php\/2021\/11\/10\/trabajadores-del-sen-se-capacitan-para-atender-a-personas-con-discapacidad-en-caracas\/"},"wordCount":357,"publisher":{"@id":"https:\/\/www.mpppst.gob.ve\/mpppstweb\/#organization"},"image":{"@id":"https:\/\/www.mpppst.gob.ve\/mpppstweb\/index.php\/2021\/11\/10\/trabajadores-del-sen-se-capacitan-para-atender-a-personas-con-discapacidad-en-caracas\/#primaryimage"},"thumbnailUrl":"https:\/\/www.mpppst.gob.ve\/mpppstweb\/wp-content\/uploads\/2021\/11\/Mppre-768x427-1.jpg","articleSection":["Formaci\u00f3n","Gobierno Nacional","Noticias"],"inLanguage":"es"},{"@type":"WebPage","@id":"https:\/\/www.mpppst.gob.ve\/mpppstweb\/index.php\/2021\/11\/10\/trabajadores-del-sen-se-capacitan-para-atender-a-personas-con-discapacidad-en-caracas\/","url":"https:\/\/www.mpppst.gob.ve\/mpppstweb\/index.php\/2021\/11\/10\/trabajadores-del-sen-se-capacitan-para-atender-a-personas-con-discapacidad-en-caracas\/","name":"Trabajadores del SEN se capacitan para atender a personas con discapacidad en Caracas - MPPPST","isPartOf":{"@id":"https:\/\/www.mpppst.gob.ve\/mpppstweb\/#website"},"primaryImageOfPage":{"@id":"https:\/\/www.mpppst.gob.ve\/mpppstweb\/index.php\/2021\/11\/10\/trabajadores-del-sen-se-capacitan-para-atender-a-personas-con-discapacidad-en-caracas\/#primaryimage"},"image":{"@id":"https:\/\/www.mpppst.gob.ve\/mpppstweb\/index.php\/2021\/11\/10\/trabajadores-del-sen-se-capacitan-para-atender-a-personas-con-discapacidad-en-caracas\/#primaryimage"},"thumbnailUrl":"https:\/\/www.mpppst.gob.ve\/mpppstweb\/wp-content\/uploads\/2021\/11\/Mppre-768x427-1.jpg","datePublished":"2021-11-10T11:09:11+00:00","dateModified":"2021-11-10T11:09:12+00:00","breadcrumb":{"@id":"https:\/\/www.mpppst.gob.ve\/mpppstweb\/index.php\/2021\/11\/10\/trabajadores-del-sen-se-capacitan-para-atender-a-personas-con-discapacidad-en-caracas\/#breadcrumb"},"inLanguage":"es","potentialAction":[{"@type":"ReadAction","target":["https:\/\/www.mpppst.gob.ve\/mpppstweb\/index.php\/2021\/11\/10\/trabajadores-del-sen-se-capacitan-para-atender-a-personas-con-discapacidad-en-caracas\/"]}]},{"@type":"ImageObject","inLanguage":"es","@id":"https:\/\/www.mpppst.gob.ve\/mpppstweb\/index.php\/2021\/11\/10\/trabajadores-del-sen-se-capacitan-para-atender-a-personas-con-discapacidad-en-caracas\/#primaryimage","url":"https:\/\/www.mpppst.gob.ve\/mpppstweb\/wp-content\/uploads\/2021\/11\/Mppre-768x427-1.jpg","contentUrl":"https:\/\/www.mpppst.gob.ve\/mpppstweb\/wp-content\/uploads\/2021\/11\/Mppre-768x427-1.jpg","width":768,"height":427},{"@type":"BreadcrumbList","@id":"https:\/\/www.mpppst.gob.ve\/mpppstweb\/index.php\/2021\/11\/10\/trabajadores-del-sen-se-capacitan-para-atender-a-personas-con-discapacidad-en-caracas\/#breadcrumb","itemListElement":[{"@type":"ListItem","position":1,"name":"Home","item":"https:\/\/www.mpppst.gob.ve\/mpppstweb\/"},{"@type":"ListItem","position":2,"name":"Trabajadores del SEN se capacitan para atender a personas con discapacidad en Caracas"}]},{"@type":"WebSite","@id":"https:\/\/www.mpppst.gob.ve\/mpppstweb\/#website","url":"https:\/\/www.mpppst.gob.ve\/mpppstweb\/","name":"MPPPST","description":"Ministerio del Poder Popular para el Proceso Social de Trabajo","publisher":{"@id":"https:\/\/www.mpppst.gob.ve\/mpppstweb\/#organization"},"potentialAction":[{"@type":"SearchAction","target":{"@type":"EntryPoint","urlTemplate":"https:\/\/www.mpppst.gob.ve\/mpppstweb\/?s={search_term_string}"},"query-input":"required name=search_term_string"}],"inLanguage":"es"},{"@type":"Organization","@id":"https:\/\/www.mpppst.gob.ve\/mpppstweb\/#organization","name":"mpppst","url":"https:\/\/www.mpppst.gob.ve\/mpppstweb\/","logo":{"@type":"ImageObject","inLanguage":"es","@id":"https:\/\/www.mpppst.gob.ve\/mpppstweb\/#\/schema\/logo\/image\/","url":"https:\/\/www.mpppst.gob.ve\/mpppstweb\/wp-content\/uploads\/2025\/07\/cropped-cropped-g910.png","contentUrl":"https:\/\/www.mpppst.gob.ve\/mpppstweb\/wp-content\/uploads\/2025\/07\/cropped-cropped-g910.png","width":1080,"height":241,"caption":"mpppst"},"image":{"@id":"https:\/\/www.mpppst.gob.ve\/mpppstweb\/#\/schema\/logo\/image\/"}},{"@type":"Person","@id":"https:\/\/www.mpppst.gob.ve\/mpppstweb\/#\/schema\/person\/fc187ee8ead412bd4c9304b62f900ea4","name":"MPPPST Prensa","url":"https:\/\/www.mpppst.gob.ve\/mpppstweb\/index.php\/author\/prensa-mpppst\/"}]}},"_links":{"self":[{"href":"https:\/\/www.mpppst.gob.ve\/mpppstweb\/index.php\/wp-json\/wp\/v2\/posts\/23803"}],"collection":[{"href":"https:\/\/www.mpppst.gob.ve\/mpppstweb\/index.php\/wp-json\/wp\/v2\/posts"}],"about":[{"href":"https:\/\/www.mpppst.gob.ve\/mpppstweb\/index.php\/wp-json\/wp\/v2\/types\/post"}],"author":[{"embeddable":true,"href":"https:\/\/www.mpppst.gob.ve\/mpppstweb\/index.php\/wp-json\/wp\/v2\/users\/25"}],"replies":[{"embeddable":true,"href":"https:\/\/www.mpppst.gob.ve\/mpppstweb\/index.php\/wp-json\/wp\/v2\/comments?post=23803"}],"version-history":[{"count":1,"href":"https:\/\/www.mpppst.gob.ve\/mpppstweb\/index.php\/wp-json\/wp\/v2\/posts\/23803\/revisions"}],"predecessor-version":[{"id":23805,"href":"https:\/\/www.mpppst.gob.ve\/mpppstweb\/index.php\/wp-json\/wp\/v2\/posts\/23803\/revisions\/23805"}],"wp:featuredmedia":[{"embeddable":true,"href":"https:\/\/www.mpppst.gob.ve\/mpppstweb\/index.php\/wp-json\/wp\/v2\/media\/23804"}],"wp:attachment":[{"href":"https:\/\/www.mpppst.gob.ve\/mpppstweb\/index.php\/wp-json\/wp\/v2\/media?parent=23803"}],"wp:term":[{"taxonomy":"category","embeddable":true,"href":"https:\/\/www.mpppst.gob.ve\/mpppstweb\/index.php\/wp-json\/wp\/v2\/categories?post=23803"},{"taxonomy":"post_tag","embeddable":true,"href":"https:\/\/www.mpppst.gob.ve\/mpppstweb\/index.php\/wp-json\/wp\/v2\/tags?post=23803"}],"curies":[{"name":"wp","href":"https:\/\/api.w.org\/{rel}","templated":true}]}}